{"id":117502,"date":"2024-01-28T15:35:40","date_gmt":"2024-01-28T21:35:40","guid":{"rendered":"https:\/\/lospoliticosveracruz.com.mx\/?p=117502"},"modified":"2024-01-28T15:35:50","modified_gmt":"2024-01-28T21:35:50","slug":"influenza-estacional-y-tipo-sanguineo-relacion-toxica","status":"publish","type":"post","link":"https:\/\/lospoliticosveracruz.com\/?p=117502","title":{"rendered":"INFLUENZA ESTACIONAL Y TIPO SANGU\u00cdNEO\u2026 RELACI\u00d3N T\u00d3XICA?"},"content":{"rendered":"\n<p><strong>Las Infecciones Respiratorias Agudas son un grupo complejo de enfermedades ocasionada por un gran n\u00famero de agentes que atacan las v\u00edas respiratorias, y continuamente se encuentran dentro de las diez primeras causas de defunci\u00f3n en los diferentes grupos de edad, aumentando su\u00a0 presentaci\u00f3n en \u00e9poca invernal.<\/strong><\/p>\n\n\n\n<p><strong>As\u00ed abre en Juvecan Coatepec, su tema el doctor Hugo Erasmo Hern\u00e1ndez en la reuni\u00f3n h\u00edbrida del pasado 27 de enero: \u201cInfluenza Estacional y Tipo Sangu\u00edneo\u2026 relaci\u00f3n t\u00f3xica?\u201d<\/strong><\/p>\n\n\n\n<p><strong>El doctor Hugo Erasmo Hern\u00e1ndez es M\u00e1ster en Diabetes, Tanat\u00f3logo por la UNAM, con diplomado en Sexualidad Humana por la UNAM, al igual que con Maestr\u00eda en Administracipon en Sistemas de Salud y Coordinador del grupo Profesionales de la Salud\u00a0 en Movimiento\u00a0<\/strong><\/p>\n\n\n\n<p><strong>Expone a las presentes la anatom\u00eda del aparato respiratorio desde la cavidad nasal pasando por la <\/strong>laringe que se contin\u00faa superiormente con la faringe e inferiormente con la tr\u00e1quea<strong>, bronquios y pulmones, con las consecuentes infecciones en cada regi\u00f3n.<\/strong><\/p>\n\n\n\n<p><strong>El Doctor Hugo explica que las enfermedades respiratorias agudas ocupan las diez primeras causas de enfermedades por grupos de edad en Veracruz y as\u00ed llega al tema que da lugar a la cita: la Influenza Estacional, enfermedad viral infecciosa, muy contagiosa que se transmite de persona a persona, casi siempre a trav\u00e9s de aerosoles producidos al toser o estornudar y que contienen los virus.<\/strong><\/p>\n\n\n\n<p><strong>Comenta que existen tres tipos de virus de la Influenza: A, B y C. Actualmente, los subtipos de virus que est\u00e1n presentes en Am\u00e9rica son influenza A (H1N1), A (H3N2), Influenza A e Influenza B y de \u00e9stos, solo los virus de influenza tipo A y B ocasionan la influenza estacional.<\/strong><\/p>\n\n\n\n<p><strong>Dentro de sus s\u00edntomas est\u00e1n la fiebre, el dolor de cabeza o cefalea, dolores musculares o mialgias, postraci\u00f3n, dolor de garganta y tos, de acuerdo con el sitio de las v\u00edas respiratorias que ataque; puede llegar a ser grave si llega a las v\u00edas respiratorias bajas (pulmones, bronquiolos).<\/strong><\/p>\n\n\n\n<p><strong>La recuperaci\u00f3n se da en una a dos semanas, siempre y cuando no haya factores de riesgo que compliquen el cuadro.<\/strong><\/p>\n\n\n\n<p><strong>En cuanto a la prevenci\u00f3n, recomienda aplicarnse la vacuna que activa el sistema inmune. Los h\u00e1bitos siguen siendo importantes: cubrirse la boca con la parte interna del codo, tomar abundantes l\u00edquidos, lavado de manos y el uso de cubrebocas.<\/strong><\/p>\n\n\n\n<p><strong>Tras la exposici\u00f3n al virus de la Influenza deber\u00eda ocurrir un proceso inmunol\u00f3gico llamado \u201cseroconversi\u00f3n,\u201d que es cuando el sistema inmunol\u00f3gico empieza a producir anticuerpos. Han descubierto Investigadores que despu\u00e9s de la circulaci\u00f3n de los virus de la influenza A y la B, la respuesta inmune difiere seg\u00fan el tipo de sangre.<\/strong><\/p>\n\n\n\n<p><strong>El Doctor Hugo habla de los ant\u00edgenos que son identificados por el sistema inmunitario. Si lo hace como propio bien, de lo contrario lo destruye a trav\u00e9s de los anticuerpos.&nbsp;<\/strong><\/p>\n\n\n\n<p><strong>Muestra la clasificaci\u00f3n del tipo de ant\u00edgeno que poseen los grupos sangu\u00edneos y muestra un cuadro que conecta el tipo de sangre y la inmunidad, quedando la respuesta inmunol\u00f3gica a la influenza de la siguiente manera:<\/strong><\/p>\n\n\n\n<p><strong>Grupo 0. Pueden generar una respuesta bastante fuerte contra ambas cepas de influenza A. Su respuesta contra la B es menos dram\u00e1tica.<\/strong><\/p>\n\n\n\n<p><strong>Grupo A. Puede crear una respuesta de anticuerpos r\u00e1pida y sustancial contra la influenza A subtipo H1N1 y a\u00fan m\u00e1s contra la influenza&nbsp; subtipo H3N2. Al igual que el tipo 0, no tienen una respuesta particularmente eficaz contra la influenza B.<\/strong><\/p>\n\n\n\n<p><strong>El tipo B. Tiene una respuesta inmune muy fuerte contra la influenza B. Ocurre r\u00e1pidamente y persiste por mucho m\u00e1s tiempo, sin embargo desarrollan una respuesta m\u00e1s d\u00e9bil de las influenzas tipo A (subtipo H3N2). Esta cepa puede tardar 3 y 5 meses en individuos de tipo B para generar una respuesta de anticuerpos adecuada.<\/strong><\/p>\n\n\n\n<p><strong>Grupo AB. Son m\u00e1s sensibles a la infecci\u00f3n por influenza A y B que los otros tipos de sangre. Estos virus los afectan antes y m\u00e1s gravemente que los otros grupos sangu\u00edneos.<\/strong><\/p>\n\n\n\n<p><strong>Termina el Doctor Hugo Erasmo Hern\u00e1ndez su pl\u00e1tica contestando algunas preguntas y se le agradece por su tiempo y nuevos conocimientos. Se le despide con fuertes aplausos y un detalle propio de Coatepec.<\/strong><\/p>\n\n\n\n<p><strong>Enseguida se pasa a la presentaci\u00f3n de una nueva integrante: Dulce, quien habla de su historia de vida, todav\u00eda con el sentimiento de p\u00e9rdida a flor de piel pero con la Fe y la Esperanza puestas en el futuro al conocer a Juvecan. Ella es muy afortunada pues viene acompa\u00f1ada de su esposo y de su hija quienes la apoyan en todo momento. Se le da la bienvenida de manera muy amorosa.<\/strong><\/p>\n","protected":false},"excerpt":{"rendered":"<p>Las Infecciones Respiratorias Agudas son un grupo complejo de enfermedades ocasionada por un gran n\u00famero de agentes que atacan las v\u00edas respiratorias, y continuamente se encuentran dentro de las diez primeras causas de defunci\u00f3n en los diferentes grupos de edad, aumentando su\u00a0 presentaci\u00f3n en \u00e9poca invernal. As\u00ed abre en Juvecan Coatepec, su tema el doctor [&hellip;]<\/p>\n","protected":false},"author":2,"featured_media":0,"comment_status":"closed","ping_status":"closed","sticky":false,"template":"","format":"standard","meta":{"tdm_status":"","tdm_grid_status":"","footnotes":""},"categories":[72],"tags":[16835,40130,23511],"class_list":{"0":"post-117502","1":"post","2":"type-post","3":"status-publish","4":"format-standard","6":"category-palomazos","7":"tag-hugo-erasmo-hernandez","8":"tag-infecciones-respiratorias-agudas","9":"tag-influenza-estacional"},"yoast_head":"<!-- This site is optimized with the Yoast SEO plugin v27.4 - https:\/\/yoast.com\/product\/yoast-seo-wordpress\/ -->\n<title>INFLUENZA ESTACIONAL Y TIPO SANGU\u00cdNEO\u2026 RELACI\u00d3N T\u00d3XICA? - Los pol\u00edticos Veracruz<\/title>\n<meta name=\"robots\" content=\"index, follow, max-snippet:-1, max-image-preview:large, max-video-preview:-1\" \/>\n<link rel=\"canonical\" href=\"https:\/\/lospoliticosveracruz.com\/?p=117502\" \/>\n<meta property=\"og:locale\" content=\"es_ES\" \/>\n<meta property=\"og:type\" content=\"article\" \/>\n<meta property=\"og:title\" content=\"INFLUENZA ESTACIONAL Y TIPO SANGU\u00cdNEO\u2026 RELACI\u00d3N T\u00d3XICA? - Los pol\u00edticos Veracruz\" \/>\n<meta property=\"og:description\" content=\"Las Infecciones Respiratorias Agudas son un grupo complejo de enfermedades ocasionada por un gran n\u00famero de agentes que atacan las v\u00edas respiratorias, y continuamente se encuentran dentro de las diez primeras causas de defunci\u00f3n en los diferentes grupos de edad, aumentando su\u00a0 presentaci\u00f3n en \u00e9poca invernal. As\u00ed abre en Juvecan Coatepec, su tema el doctor [&hellip;]\" \/>\n<meta property=\"og:url\" content=\"https:\/\/lospoliticosveracruz.com\/?p=117502\" \/>\n<meta property=\"og:site_name\" content=\"Los pol\u00edticos Veracruz\" \/>\n<meta property=\"article:publisher\" content=\"https:\/\/www.facebook.com\/people\/Notimemes-de-los-Polticos\/61565672886568\/\" \/>\n<meta property=\"article:published_time\" content=\"2024-01-28T21:35:40+00:00\" \/>\n<meta property=\"article:modified_time\" content=\"2024-01-28T21:35:50+00:00\" \/>\n<meta property=\"og:image\" content=\"https:\/\/lospoliticosveracruz.com\/wp-content\/uploads\/2016\/07\/Logo-Dor.jpg\" \/>\n\t<meta property=\"og:image:width\" content=\"200\" \/>\n\t<meta property=\"og:image:height\" content=\"200\" \/>\n\t<meta property=\"og:image:type\" content=\"image\/jpeg\" \/>\n<meta name=\"author\" content=\"Lo viste en Los Pol\u00edticos\" \/>\n<meta name=\"twitter:card\" content=\"summary_large_image\" \/>\n<meta name=\"twitter:creator\" content=\"@LosPoliticosVer\" \/>\n<meta name=\"twitter:site\" content=\"@LosPoliticosVer\" \/>\n<meta name=\"twitter:label1\" content=\"Escrito por\" \/>\n\t<meta name=\"twitter:data1\" content=\"Lo viste en Los Pol\u00edticos\" \/>\n\t<meta name=\"twitter:label2\" content=\"Tiempo de lectura\" \/>\n\t<meta name=\"twitter:data2\" content=\"4 minutos\" \/>\n<script type=\"application\/ld+json\" class=\"yoast-schema-graph\">{\"@context\":\"https:\\\/\\\/schema.org\",\"@graph\":[{\"@type\":\"Article\",\"@id\":\"https:\\\/\\\/lospoliticosveracruz.com\\\/?p=117502#article\",\"isPartOf\":{\"@id\":\"https:\\\/\\\/lospoliticosveracruz.com\\\/?p=117502\"},\"author\":{\"name\":\"Lo viste en Los Pol\u00edticos\",\"@id\":\"https:\\\/\\\/lospoliticosveracruz.com\\\/#\\\/schema\\\/person\\\/b8702bb0e538456e6efd07080bf2a4a2\"},\"headline\":\"INFLUENZA ESTACIONAL Y TIPO SANGU\u00cdNEO\u2026 RELACI\u00d3N T\u00d3XICA?\",\"datePublished\":\"2024-01-28T21:35:40+00:00\",\"dateModified\":\"2024-01-28T21:35:50+00:00\",\"mainEntityOfPage\":{\"@id\":\"https:\\\/\\\/lospoliticosveracruz.com\\\/?p=117502\"},\"wordCount\":825,\"publisher\":{\"@id\":\"https:\\\/\\\/lospoliticosveracruz.com\\\/#organization\"},\"keywords\":[\"Hugo Erasmo Hern\u00e1ndez\",\"Infecciones Respiratorias Agudas\",\"Influenza estacional\"],\"articleSection\":[\"Palomazos\"],\"inLanguage\":\"es\"},{\"@type\":\"WebPage\",\"@id\":\"https:\\\/\\\/lospoliticosveracruz.com\\\/?p=117502\",\"url\":\"https:\\\/\\\/lospoliticosveracruz.com\\\/?p=117502\",\"name\":\"INFLUENZA ESTACIONAL Y TIPO SANGU\u00cdNEO\u2026 RELACI\u00d3N T\u00d3XICA? - Los pol\u00edticos Veracruz\",\"isPartOf\":{\"@id\":\"https:\\\/\\\/lospoliticosveracruz.com\\\/#website\"},\"datePublished\":\"2024-01-28T21:35:40+00:00\",\"dateModified\":\"2024-01-28T21:35:50+00:00\",\"breadcrumb\":{\"@id\":\"https:\\\/\\\/lospoliticosveracruz.com\\\/?p=117502#breadcrumb\"},\"inLanguage\":\"es\",\"potentialAction\":[{\"@type\":\"ReadAction\",\"target\":[\"https:\\\/\\\/lospoliticosveracruz.com\\\/?p=117502\"]}]},{\"@type\":\"BreadcrumbList\",\"@id\":\"https:\\\/\\\/lospoliticosveracruz.com\\\/?p=117502#breadcrumb\",\"itemListElement\":[{\"@type\":\"ListItem\",\"position\":1,\"name\":\"Portada\",\"item\":\"https:\\\/\\\/lospoliticosveracruz.com\\\/\"},{\"@type\":\"ListItem\",\"position\":2,\"name\":\"INFLUENZA ESTACIONAL Y TIPO SANGU\u00cdNEO\u2026 RELACI\u00d3N T\u00d3XICA?\"}]},{\"@type\":\"WebSite\",\"@id\":\"https:\\\/\\\/lospoliticosveracruz.com\\\/#website\",\"url\":\"https:\\\/\\\/lospoliticosveracruz.com\\\/\",\"name\":\"Los pol\u00edticos Veracruz\",\"description\":\"\",\"publisher\":{\"@id\":\"https:\\\/\\\/lospoliticosveracruz.com\\\/#organization\"},\"potentialAction\":[{\"@type\":\"SearchAction\",\"target\":{\"@type\":\"EntryPoint\",\"urlTemplate\":\"https:\\\/\\\/lospoliticosveracruz.com\\\/?s={search_term_string}\"},\"query-input\":{\"@type\":\"PropertyValueSpecification\",\"valueRequired\":true,\"valueName\":\"search_term_string\"}}],\"inLanguage\":\"es\"},{\"@type\":\"Organization\",\"@id\":\"https:\\\/\\\/lospoliticosveracruz.com\\\/#organization\",\"name\":\"Los pol\u00edticos Veracruz\",\"url\":\"https:\\\/\\\/lospoliticosveracruz.com\\\/\",\"logo\":{\"@type\":\"ImageObject\",\"inLanguage\":\"es\",\"@id\":\"https:\\\/\\\/lospoliticosveracruz.com\\\/#\\\/schema\\\/logo\\\/image\\\/\",\"url\":\"https:\\\/\\\/lospoliticosveracruz.com\\\/wp-content\\\/uploads\\\/2025\\\/12\\\/Logo-Nuevo-LOS-POLITICOS-1.jpg\",\"contentUrl\":\"https:\\\/\\\/lospoliticosveracruz.com\\\/wp-content\\\/uploads\\\/2025\\\/12\\\/Logo-Nuevo-LOS-POLITICOS-1.jpg\",\"width\":260,\"height\":70,\"caption\":\"Los pol\u00edticos Veracruz\"},\"image\":{\"@id\":\"https:\\\/\\\/lospoliticosveracruz.com\\\/#\\\/schema\\\/logo\\\/image\\\/\"},\"sameAs\":[\"https:\\\/\\\/www.facebook.com\\\/people\\\/Notimemes-de-los-Polticos\\\/61565672886568\\\/\",\"https:\\\/\\\/x.com\\\/LosPoliticosVer\"]},{\"@type\":\"Person\",\"@id\":\"https:\\\/\\\/lospoliticosveracruz.com\\\/#\\\/schema\\\/person\\\/b8702bb0e538456e6efd07080bf2a4a2\",\"name\":\"Lo viste en Los Pol\u00edticos\",\"image\":{\"@type\":\"ImageObject\",\"inLanguage\":\"es\",\"@id\":\"https:\\\/\\\/secure.gravatar.com\\\/avatar\\\/3a8de04a2656d44082be478bd6c086daa447c4651605818287b9532d3d0bd435?s=96&d=mm&r=g\",\"url\":\"https:\\\/\\\/secure.gravatar.com\\\/avatar\\\/3a8de04a2656d44082be478bd6c086daa447c4651605818287b9532d3d0bd435?s=96&d=mm&r=g\",\"contentUrl\":\"https:\\\/\\\/secure.gravatar.com\\\/avatar\\\/3a8de04a2656d44082be478bd6c086daa447c4651605818287b9532d3d0bd435?s=96&d=mm&r=g\",\"caption\":\"Lo viste en Los Pol\u00edticos\"},\"url\":\"https:\\\/\\\/lospoliticosveracruz.com\\\/?author=2\"}]}<\/script>\n<!-- \/ Yoast SEO plugin. -->","yoast_head_json":{"title":"INFLUENZA ESTACIONAL Y TIPO SANGU\u00cdNEO\u2026 RELACI\u00d3N T\u00d3XICA? - Los pol\u00edticos Veracruz","robots":{"index":"index","follow":"follow","max-snippet":"max-snippet:-1","max-image-preview":"max-image-preview:large","max-video-preview":"max-video-preview:-1"},"canonical":"https:\/\/lospoliticosveracruz.com\/?p=117502","og_locale":"es_ES","og_type":"article","og_title":"INFLUENZA ESTACIONAL Y TIPO SANGU\u00cdNEO\u2026 RELACI\u00d3N T\u00d3XICA? - Los pol\u00edticos Veracruz","og_description":"Las Infecciones Respiratorias Agudas son un grupo complejo de enfermedades ocasionada por un gran n\u00famero de agentes que atacan las v\u00edas respiratorias, y continuamente se encuentran dentro de las diez primeras causas de defunci\u00f3n en los diferentes grupos de edad, aumentando su\u00a0 presentaci\u00f3n en \u00e9poca invernal. As\u00ed abre en Juvecan Coatepec, su tema el doctor [&hellip;]","og_url":"https:\/\/lospoliticosveracruz.com\/?p=117502","og_site_name":"Los pol\u00edticos Veracruz","article_publisher":"https:\/\/www.facebook.com\/people\/Notimemes-de-los-Polticos\/61565672886568\/","article_published_time":"2024-01-28T21:35:40+00:00","article_modified_time":"2024-01-28T21:35:50+00:00","og_image":[{"width":200,"height":200,"url":"https:\/\/lospoliticosveracruz.com\/wp-content\/uploads\/2016\/07\/Logo-Dor.jpg","type":"image\/jpeg"}],"author":"Lo viste en Los Pol\u00edticos","twitter_card":"summary_large_image","twitter_creator":"@LosPoliticosVer","twitter_site":"@LosPoliticosVer","twitter_misc":{"Escrito por":"Lo viste en Los Pol\u00edticos","Tiempo de lectura":"4 minutos"},"schema":{"@context":"https:\/\/schema.org","@graph":[{"@type":"Article","@id":"https:\/\/lospoliticosveracruz.com\/?p=117502#article","isPartOf":{"@id":"https:\/\/lospoliticosveracruz.com\/?p=117502"},"author":{"name":"Lo viste en Los Pol\u00edticos","@id":"https:\/\/lospoliticosveracruz.com\/#\/schema\/person\/b8702bb0e538456e6efd07080bf2a4a2"},"headline":"INFLUENZA ESTACIONAL Y TIPO SANGU\u00cdNEO\u2026 RELACI\u00d3N T\u00d3XICA?","datePublished":"2024-01-28T21:35:40+00:00","dateModified":"2024-01-28T21:35:50+00:00","mainEntityOfPage":{"@id":"https:\/\/lospoliticosveracruz.com\/?p=117502"},"wordCount":825,"publisher":{"@id":"https:\/\/lospoliticosveracruz.com\/#organization"},"keywords":["Hugo Erasmo Hern\u00e1ndez","Infecciones Respiratorias Agudas","Influenza estacional"],"articleSection":["Palomazos"],"inLanguage":"es"},{"@type":"WebPage","@id":"https:\/\/lospoliticosveracruz.com\/?p=117502","url":"https:\/\/lospoliticosveracruz.com\/?p=117502","name":"INFLUENZA ESTACIONAL Y TIPO SANGU\u00cdNEO\u2026 RELACI\u00d3N T\u00d3XICA? - Los pol\u00edticos Veracruz","isPartOf":{"@id":"https:\/\/lospoliticosveracruz.com\/#website"},"datePublished":"2024-01-28T21:35:40+00:00","dateModified":"2024-01-28T21:35:50+00:00","breadcrumb":{"@id":"https:\/\/lospoliticosveracruz.com\/?p=117502#breadcrumb"},"inLanguage":"es","potentialAction":[{"@type":"ReadAction","target":["https:\/\/lospoliticosveracruz.com\/?p=117502"]}]},{"@type":"BreadcrumbList","@id":"https:\/\/lospoliticosveracruz.com\/?p=117502#breadcrumb","itemListElement":[{"@type":"ListItem","position":1,"name":"Portada","item":"https:\/\/lospoliticosveracruz.com\/"},{"@type":"ListItem","position":2,"name":"INFLUENZA ESTACIONAL Y TIPO SANGU\u00cdNEO\u2026 RELACI\u00d3N T\u00d3XICA?"}]},{"@type":"WebSite","@id":"https:\/\/lospoliticosveracruz.com\/#website","url":"https:\/\/lospoliticosveracruz.com\/","name":"Los pol\u00edticos Veracruz","description":"","publisher":{"@id":"https:\/\/lospoliticosveracruz.com\/#organization"},"potentialAction":[{"@type":"SearchAction","target":{"@type":"EntryPoint","urlTemplate":"https:\/\/lospoliticosveracruz.com\/?s={search_term_string}"},"query-input":{"@type":"PropertyValueSpecification","valueRequired":true,"valueName":"search_term_string"}}],"inLanguage":"es"},{"@type":"Organization","@id":"https:\/\/lospoliticosveracruz.com\/#organization","name":"Los pol\u00edticos Veracruz","url":"https:\/\/lospoliticosveracruz.com\/","logo":{"@type":"ImageObject","inLanguage":"es","@id":"https:\/\/lospoliticosveracruz.com\/#\/schema\/logo\/image\/","url":"https:\/\/lospoliticosveracruz.com\/wp-content\/uploads\/2025\/12\/Logo-Nuevo-LOS-POLITICOS-1.jpg","contentUrl":"https:\/\/lospoliticosveracruz.com\/wp-content\/uploads\/2025\/12\/Logo-Nuevo-LOS-POLITICOS-1.jpg","width":260,"height":70,"caption":"Los pol\u00edticos Veracruz"},"image":{"@id":"https:\/\/lospoliticosveracruz.com\/#\/schema\/logo\/image\/"},"sameAs":["https:\/\/www.facebook.com\/people\/Notimemes-de-los-Polticos\/61565672886568\/","https:\/\/x.com\/LosPoliticosVer"]},{"@type":"Person","@id":"https:\/\/lospoliticosveracruz.com\/#\/schema\/person\/b8702bb0e538456e6efd07080bf2a4a2","name":"Lo viste en Los Pol\u00edticos","image":{"@type":"ImageObject","inLanguage":"es","@id":"https:\/\/secure.gravatar.com\/avatar\/3a8de04a2656d44082be478bd6c086daa447c4651605818287b9532d3d0bd435?s=96&d=mm&r=g","url":"https:\/\/secure.gravatar.com\/avatar\/3a8de04a2656d44082be478bd6c086daa447c4651605818287b9532d3d0bd435?s=96&d=mm&r=g","contentUrl":"https:\/\/secure.gravatar.com\/avatar\/3a8de04a2656d44082be478bd6c086daa447c4651605818287b9532d3d0bd435?s=96&d=mm&r=g","caption":"Lo viste en Los Pol\u00edticos"},"url":"https:\/\/lospoliticosveracruz.com\/?author=2"}]}},"_links":{"self":[{"href":"https:\/\/lospoliticosveracruz.com\/index.php?rest_route=\/wp\/v2\/posts\/117502","targetHints":{"allow":["GET"]}}],"collection":[{"href":"https:\/\/lospoliticosveracruz.com\/index.php?rest_route=\/wp\/v2\/posts"}],"about":[{"href":"https:\/\/lospoliticosveracruz.com\/index.php?rest_route=\/wp\/v2\/types\/post"}],"author":[{"embeddable":true,"href":"https:\/\/lospoliticosveracruz.com\/index.php?rest_route=\/wp\/v2\/users\/2"}],"replies":[{"embeddable":true,"href":"https:\/\/lospoliticosveracruz.com\/index.php?rest_route=%2Fwp%2Fv2%2Fcomments&post=117502"}],"version-history":[{"count":1,"href":"https:\/\/lospoliticosveracruz.com\/index.php?rest_route=\/wp\/v2\/posts\/117502\/revisions"}],"predecessor-version":[{"id":117504,"href":"https:\/\/lospoliticosveracruz.com\/index.php?rest_route=\/wp\/v2\/posts\/117502\/revisions\/117504"}],"wp:attachment":[{"href":"https:\/\/lospoliticosveracruz.com\/index.php?rest_route=%2Fwp%2Fv2%2Fmedia&parent=117502"}],"wp:term":[{"taxonomy":"category","embeddable":true,"href":"https:\/\/lospoliticosveracruz.com\/index.php?rest_route=%2Fwp%2Fv2%2Fcategories&post=117502"},{"taxonomy":"post_tag","embeddable":true,"href":"https:\/\/lospoliticosveracruz.com\/index.php?rest_route=%2Fwp%2Fv2%2Ftags&post=117502"}],"curies":[{"name":"wp","href":"https:\/\/api.w.org\/{rel}","templated":true}]}}