{"id":117750,"date":"2024-02-02T05:24:20","date_gmt":"2024-02-02T11:24:20","guid":{"rendered":"https:\/\/lospoliticosveracruz.com.mx\/?p=117750"},"modified":"2024-02-02T05:24:30","modified_gmt":"2024-02-02T11:24:30","slug":"barrer-las-escaleras-de-arriba-para-abajo","status":"publish","type":"post","link":"https:\/\/lospoliticosveracruz.com\/?p=117750","title":{"rendered":"\u201cBARRER LAS ESCALERAS DE ARRIBA PARA ABAJO\u201d"},"content":{"rendered":"\n<p><strong>Felipe de Jes\u00fas Fern\u00e1ndez Basilio<\/strong><\/p>\n\n\n\n<p><em>Desde a Janela<\/em><\/p>\n\n\n\n<p><\/p>\n\n\n\n<p><em>\u201cYa solo restan&nbsp;<\/em><em>siete<\/em><em>&nbsp;meses y&nbsp;<\/em><em>veintisiete<\/em><em>&nbsp;d\u00edas para que se vaya a &#8230; su rancho\u201d<\/em><\/p>\n\n\n\n<p><em>\u201cVamos a terminar con el bandidaje oficial. Voy a gobernar con el ejemplo. Vamos a limpiar al gobierno de corrupci\u00f3n, como se barren las escaleras, de arriba para abajo\u201d<\/em>&nbsp;lo promet\u00eda un candidato y luego lo pregonaba a los cuatro vientos un exultante presidente electo.<\/p>\n\n\n\n<p>Corr\u00eda el a\u00f1o de 2018,&nbsp;y una muy buena parte de M\u00e9xico jubilosamente pensaba que por fin se iba a combatir frontalmente a la corrupci\u00f3n que de manera muy descarada se notaba en las altas esferas del gobierno federal y los de muchas entidades federativas.<\/p>\n\n\n\n<p>Tan descarada era la corrupci\u00f3n en las administraciones del otrora llamado&nbsp;<em>\u201c<\/em><em>PRI del Siglo XXI\u201d<\/em>&nbsp;que Pe\u00f1a es el presidente mexicano de los \u00faltimos tiempos que tuvo el menor \u00edndice de popularidad y por mucho; cosa que, por cierto, contrast\u00f3 con el alto \u00edndice de votaci\u00f3n con el que gan\u00f3 su elecci\u00f3n, lo que demuestra el desgaste abrumador que sufrieron esas siglas debido al descaro de esa camada de gobernantes.<\/p>\n\n\n\n<p>Sin embargo, parece que a M\u00e9xico no se le da eso de terminar con la corrupci\u00f3n, ya que el que se ostent\u00f3 como barrendero con una t\u00e9cnica de limpieza supuestamente infalible (barrer de arriba para abajo), result\u00f3 que tra\u00eda una escoba&nbsp;mucho m\u00e1s sucia que los mismos escalones que iba a limpiar, \u00a1Vaya desgracia la de nuestro pa\u00eds!<\/p>\n\n\n\n<p>Y sucedi\u00f3 lo que en estos casos tiene que pasar, 2018 se convirti\u00f3 en 2024 y resulta que los pelda\u00f1os m\u00e1s altos de la escalera no solo no se limpiaron, sino que se encuentran m\u00e1s sucios debido a que a la mugre anterior (que nunca fue limpiada y solo se embarr\u00f3) se le a\u00f1adi\u00f3 otra gran cantidad de mugre e incluso el supuesto barrendero termin\u00f3 ba\u00f1ado en polvo.<\/p>\n\n\n\n<p>Y es que el presidente en la noche de su mandato, ya casi se le dan las 12, ya no siente lo duro sino lo tupido en esc\u00e1ndalos de corrupci\u00f3n en los m\u00e1s altos niveles de su administraci\u00f3n,&nbsp;y lo que a\u00fan es peor, esos esc\u00e1ndalos han llegado al escal\u00f3n m\u00e1s alto, o sea, al propio presidente.<\/p>\n\n\n\n<p>Ya se est\u00e1 acabando esa leyenda de que sus altos funcionarios o incluso sus familiares se pod\u00edan embarrar de lodo y el presidente salir impoluto del pantano, ya&nbsp;que las investigaciones y las denuncias cada vez apuntan m\u00e1s hacia su persona, y eso evidentemente lo saca de quicio.<\/p>\n\n\n\n<p>Las investigaciones&nbsp;sobre financiamientos provenientes del crimen organizado a su fallida candidatura de 2006 y al posterior plant\u00f3n, con circo incluido,&nbsp;que han publicado la televisi\u00f3n&nbsp;p\u00fablicaalemana y agencias noticiosas estadounidenses, todas con un gran prestigio a nivel mundial (lo mismo sucede con los periodistas que las llevaron a cabo)&nbsp;y que, adem\u00e1s, nunca hab\u00edan chocado con el gobierno mexicano son un verdadero golpe en la l\u00ednea de flotaci\u00f3n de su movimiento y de su persona.<\/p>\n\n\n\n<p>Tan es as\u00ed, que el presidente no ha atinado a defenderse como debiera de hacerlo, si es que en realidad se tratare de una calumnia; ya que su defensa ha consistido en gritar en su programa matutino exigiendo pruebas y acusando al gobierno estadounidense de estar detr\u00e1s de todo.<\/p>\n\n\n\n<p>Nada m\u00e1s que al exigir pruebas, el presidente en su ofuscaci\u00f3n confunde la frecuencia, ya que no est\u00e1 (al menos de momento) ante los tribunales, sino que se encuentra en un esc\u00e1ndalo medi\u00e1tico en el que los se\u00f1alamientos hechos en su contra aunados a los hechos realizados en su gobierno,&nbsp;con mucha certeza permiten suponer a la opini\u00f3n p\u00fablica que, efectivamente el crimen organizado (\u201csinaloa\u201d) lo ha apoyado con mucho dinero a cambio de impunidad.<\/p>\n\n\n\n<p>E incluso en un proceso de \u00edndole criminal, una acusaci\u00f3n de ese tama\u00f1o obligar\u00eda a su defensa a ser activa y no solo a esperar que la acusaci\u00f3n pruebe el delito, pero eso en este momento no es el tema.<\/p>\n\n\n\n<p>Tambi\u00e9n olvida el presidente,&nbsp;que en Estados Unidos los medios no se alinean al gobierno como aqu\u00ed sucede, debiera de tener presente el&nbsp;<a><\/a><em>\u201cWatergate\u201d<\/em>, los esc\u00e1ndalos de la Oficina Oval de Clinton o como la CNN y otros medios tra\u00edan de encargo a Trump y sus mentiras.<\/p>\n\n\n\n<p>As\u00ed que, si el presidente realmente se sabe inocente de esos se\u00f1alamientos lo m\u00e1s sensato es que demande a las instituciones norteamericanas en su pa\u00eds por difamaci\u00f3n; ya que, a diferencia de M\u00e9xico, en los Estados Unidos los particulares le ganan miles de demandas por difamaci\u00f3n al gobierno y en eso tiene toda la raz\u00f3n X\u00f3chitl G\u00e1lvez.<\/p>\n\n\n\n<p>Y es que tanto los se\u00f1alamientos en su contra, como los hechos son demasiado contundentes y si no toma medidas contundentes para limpiar su nombre, tanto su persona como su legado quedar\u00e1n definitivamente manchados y su mayor n\u00e9mesis Salinas de Gortari es el mejor ejemplo de esto.<\/p>\n\n\n\n<p>As\u00ed que el todav\u00eda presidente realmente tiene dos opciones, si es inocente y ha sido calumniado debe de limpiar su honra en corte estadounidense y&nbsp;si no lo es, nada de eso har\u00e1 y se quedar\u00e1 gritando en lo que le llega el veredicto de la historia y junto con \u00e9l, muy probablemente una solicitud de extradici\u00f3n.<\/p>\n\n\n\n<p>De momento, lo que se percibe es que el barrendero est\u00e1 m\u00e1s sucio que las escaleras que pretendi\u00f3 barrer.<\/p>\n\n\n\n<p><a href=\"mailto:felfebas@gmail.com\">felfebas@gmail.com<\/a><\/p>\n\n\n\n<p>Twitter: @FelipeFBasilio<\/p>\n","protected":false},"excerpt":{"rendered":"<p>Felipe de Jes\u00fas Fern\u00e1ndez Basilio Desde a Janela \u201cYa solo restan&nbsp;siete&nbsp;meses y&nbsp;veintisiete&nbsp;d\u00edas para que se vaya a &#8230; su rancho\u201d \u201cVamos a terminar con el bandidaje oficial. Voy a gobernar con el ejemplo. Vamos a limpiar al gobierno de corrupci\u00f3n, como se barren las escaleras, de arriba para abajo\u201d&nbsp;lo promet\u00eda un candidato y luego lo [&hellip;]<\/p>\n","protected":false},"author":2,"featured_media":0,"comment_status":"closed","ping_status":"closed","sticky":false,"template":"","format":"standard","meta":{"tdm_status":"","tdm_grid_status":"","footnotes":""},"categories":[70],"tags":[618,1026],"class_list":{"0":"post-117750","1":"post","2":"type-post","3":"status-publish","4":"format-standard","6":"category-de-opinion","7":"tag-andres-manuel-lopez-obrador","8":"tag-morena"},"yoast_head":"<!-- This site is optimized with the Yoast SEO plugin v27.4 - https:\/\/yoast.com\/product\/yoast-seo-wordpress\/ -->\n<title>\u201cBARRER LAS ESCALERAS DE ARRIBA PARA ABAJO\u201d - Los pol\u00edticos Veracruz<\/title>\n<meta name=\"robots\" content=\"index, follow, max-snippet:-1, max-image-preview:large, max-video-preview:-1\" \/>\n<link rel=\"canonical\" href=\"https:\/\/lospoliticosveracruz.com\/?p=117750\" \/>\n<meta property=\"og:locale\" content=\"es_ES\" \/>\n<meta property=\"og:type\" content=\"article\" \/>\n<meta property=\"og:title\" content=\"\u201cBARRER LAS ESCALERAS DE ARRIBA PARA ABAJO\u201d - Los pol\u00edticos Veracruz\" \/>\n<meta property=\"og:description\" content=\"Felipe de Jes\u00fas Fern\u00e1ndez Basilio Desde a Janela \u201cYa solo restan&nbsp;siete&nbsp;meses y&nbsp;veintisiete&nbsp;d\u00edas para que se vaya a &#8230; su rancho\u201d \u201cVamos a terminar con el bandidaje oficial. Voy a gobernar con el ejemplo. Vamos a limpiar al gobierno de corrupci\u00f3n, como se barren las escaleras, de arriba para abajo\u201d&nbsp;lo promet\u00eda un candidato y luego lo [&hellip;]\" \/>\n<meta property=\"og:url\" content=\"https:\/\/lospoliticosveracruz.com\/?p=117750\" \/>\n<meta property=\"og:site_name\" content=\"Los pol\u00edticos Veracruz\" \/>\n<meta property=\"article:publisher\" content=\"https:\/\/www.facebook.com\/people\/Notimemes-de-los-Polticos\/61565672886568\/\" \/>\n<meta property=\"article:published_time\" content=\"2024-02-02T11:24:20+00:00\" \/>\n<meta property=\"article:modified_time\" content=\"2024-02-02T11:24:30+00:00\" \/>\n<meta property=\"og:image\" content=\"https:\/\/lospoliticosveracruz.com\/wp-content\/uploads\/2016\/07\/Logo-Dor.jpg\" \/>\n\t<meta property=\"og:image:width\" content=\"200\" \/>\n\t<meta property=\"og:image:height\" content=\"200\" \/>\n\t<meta property=\"og:image:type\" content=\"image\/jpeg\" \/>\n<meta name=\"author\" content=\"Lo viste en Los Pol\u00edticos\" \/>\n<meta name=\"twitter:card\" content=\"summary_large_image\" \/>\n<meta name=\"twitter:creator\" content=\"@LosPoliticosVer\" \/>\n<meta name=\"twitter:site\" content=\"@LosPoliticosVer\" \/>\n<meta name=\"twitter:label1\" content=\"Escrito por\" \/>\n\t<meta name=\"twitter:data1\" content=\"Lo viste en Los Pol\u00edticos\" \/>\n\t<meta name=\"twitter:label2\" content=\"Tiempo de lectura\" \/>\n\t<meta name=\"twitter:data2\" content=\"5 minutos\" \/>\n<script type=\"application\/ld+json\" class=\"yoast-schema-graph\">{\"@context\":\"https:\\\/\\\/schema.org\",\"@graph\":[{\"@type\":\"Article\",\"@id\":\"https:\\\/\\\/lospoliticosveracruz.com\\\/?p=117750#article\",\"isPartOf\":{\"@id\":\"https:\\\/\\\/lospoliticosveracruz.com\\\/?p=117750\"},\"author\":{\"name\":\"Lo viste en Los Pol\u00edticos\",\"@id\":\"https:\\\/\\\/lospoliticosveracruz.com\\\/#\\\/schema\\\/person\\\/b8702bb0e538456e6efd07080bf2a4a2\"},\"headline\":\"\u201cBARRER LAS ESCALERAS DE ARRIBA PARA ABAJO\u201d\",\"datePublished\":\"2024-02-02T11:24:20+00:00\",\"dateModified\":\"2024-02-02T11:24:30+00:00\",\"mainEntityOfPage\":{\"@id\":\"https:\\\/\\\/lospoliticosveracruz.com\\\/?p=117750\"},\"wordCount\":978,\"publisher\":{\"@id\":\"https:\\\/\\\/lospoliticosveracruz.com\\\/#organization\"},\"keywords\":[\"Andr\u00e9s Manuel L\u00f3pez Obrador\",\"Morena\"],\"articleSection\":[\"De Opini\u00f3n\"],\"inLanguage\":\"es\"},{\"@type\":\"WebPage\",\"@id\":\"https:\\\/\\\/lospoliticosveracruz.com\\\/?p=117750\",\"url\":\"https:\\\/\\\/lospoliticosveracruz.com\\\/?p=117750\",\"name\":\"\u201cBARRER LAS ESCALERAS DE ARRIBA PARA ABAJO\u201d - Los pol\u00edticos Veracruz\",\"isPartOf\":{\"@id\":\"https:\\\/\\\/lospoliticosveracruz.com\\\/#website\"},\"datePublished\":\"2024-02-02T11:24:20+00:00\",\"dateModified\":\"2024-02-02T11:24:30+00:00\",\"breadcrumb\":{\"@id\":\"https:\\\/\\\/lospoliticosveracruz.com\\\/?p=117750#breadcrumb\"},\"inLanguage\":\"es\",\"potentialAction\":[{\"@type\":\"ReadAction\",\"target\":[\"https:\\\/\\\/lospoliticosveracruz.com\\\/?p=117750\"]}]},{\"@type\":\"BreadcrumbList\",\"@id\":\"https:\\\/\\\/lospoliticosveracruz.com\\\/?p=117750#breadcrumb\",\"itemListElement\":[{\"@type\":\"ListItem\",\"position\":1,\"name\":\"Portada\",\"item\":\"https:\\\/\\\/lospoliticosveracruz.com\\\/\"},{\"@type\":\"ListItem\",\"position\":2,\"name\":\"\u201cBARRER LAS ESCALERAS DE ARRIBA PARA ABAJO\u201d\"}]},{\"@type\":\"WebSite\",\"@id\":\"https:\\\/\\\/lospoliticosveracruz.com\\\/#website\",\"url\":\"https:\\\/\\\/lospoliticosveracruz.com\\\/\",\"name\":\"Los pol\u00edticos Veracruz\",\"description\":\"\",\"publisher\":{\"@id\":\"https:\\\/\\\/lospoliticosveracruz.com\\\/#organization\"},\"potentialAction\":[{\"@type\":\"SearchAction\",\"target\":{\"@type\":\"EntryPoint\",\"urlTemplate\":\"https:\\\/\\\/lospoliticosveracruz.com\\\/?s={search_term_string}\"},\"query-input\":{\"@type\":\"PropertyValueSpecification\",\"valueRequired\":true,\"valueName\":\"search_term_string\"}}],\"inLanguage\":\"es\"},{\"@type\":\"Organization\",\"@id\":\"https:\\\/\\\/lospoliticosveracruz.com\\\/#organization\",\"name\":\"Los pol\u00edticos Veracruz\",\"url\":\"https:\\\/\\\/lospoliticosveracruz.com\\\/\",\"logo\":{\"@type\":\"ImageObject\",\"inLanguage\":\"es\",\"@id\":\"https:\\\/\\\/lospoliticosveracruz.com\\\/#\\\/schema\\\/logo\\\/image\\\/\",\"url\":\"https:\\\/\\\/lospoliticosveracruz.com\\\/wp-content\\\/uploads\\\/2025\\\/12\\\/Logo-Nuevo-LOS-POLITICOS-1.jpg\",\"contentUrl\":\"https:\\\/\\\/lospoliticosveracruz.com\\\/wp-content\\\/uploads\\\/2025\\\/12\\\/Logo-Nuevo-LOS-POLITICOS-1.jpg\",\"width\":260,\"height\":70,\"caption\":\"Los pol\u00edticos Veracruz\"},\"image\":{\"@id\":\"https:\\\/\\\/lospoliticosveracruz.com\\\/#\\\/schema\\\/logo\\\/image\\\/\"},\"sameAs\":[\"https:\\\/\\\/www.facebook.com\\\/people\\\/Notimemes-de-los-Polticos\\\/61565672886568\\\/\",\"https:\\\/\\\/x.com\\\/LosPoliticosVer\"]},{\"@type\":\"Person\",\"@id\":\"https:\\\/\\\/lospoliticosveracruz.com\\\/#\\\/schema\\\/person\\\/b8702bb0e538456e6efd07080bf2a4a2\",\"name\":\"Lo viste en Los Pol\u00edticos\",\"image\":{\"@type\":\"ImageObject\",\"inLanguage\":\"es\",\"@id\":\"https:\\\/\\\/secure.gravatar.com\\\/avatar\\\/3a8de04a2656d44082be478bd6c086daa447c4651605818287b9532d3d0bd435?s=96&d=mm&r=g\",\"url\":\"https:\\\/\\\/secure.gravatar.com\\\/avatar\\\/3a8de04a2656d44082be478bd6c086daa447c4651605818287b9532d3d0bd435?s=96&d=mm&r=g\",\"contentUrl\":\"https:\\\/\\\/secure.gravatar.com\\\/avatar\\\/3a8de04a2656d44082be478bd6c086daa447c4651605818287b9532d3d0bd435?s=96&d=mm&r=g\",\"caption\":\"Lo viste en Los Pol\u00edticos\"},\"url\":\"https:\\\/\\\/lospoliticosveracruz.com\\\/?author=2\"}]}<\/script>\n<!-- \/ Yoast SEO plugin. -->","yoast_head_json":{"title":"\u201cBARRER LAS ESCALERAS DE ARRIBA PARA ABAJO\u201d - Los pol\u00edticos Veracruz","robots":{"index":"index","follow":"follow","max-snippet":"max-snippet:-1","max-image-preview":"max-image-preview:large","max-video-preview":"max-video-preview:-1"},"canonical":"https:\/\/lospoliticosveracruz.com\/?p=117750","og_locale":"es_ES","og_type":"article","og_title":"\u201cBARRER LAS ESCALERAS DE ARRIBA PARA ABAJO\u201d - Los pol\u00edticos Veracruz","og_description":"Felipe de Jes\u00fas Fern\u00e1ndez Basilio Desde a Janela \u201cYa solo restan&nbsp;siete&nbsp;meses y&nbsp;veintisiete&nbsp;d\u00edas para que se vaya a &#8230; su rancho\u201d \u201cVamos a terminar con el bandidaje oficial. Voy a gobernar con el ejemplo. Vamos a limpiar al gobierno de corrupci\u00f3n, como se barren las escaleras, de arriba para abajo\u201d&nbsp;lo promet\u00eda un candidato y luego lo [&hellip;]","og_url":"https:\/\/lospoliticosveracruz.com\/?p=117750","og_site_name":"Los pol\u00edticos Veracruz","article_publisher":"https:\/\/www.facebook.com\/people\/Notimemes-de-los-Polticos\/61565672886568\/","article_published_time":"2024-02-02T11:24:20+00:00","article_modified_time":"2024-02-02T11:24:30+00:00","og_image":[{"width":200,"height":200,"url":"https:\/\/lospoliticosveracruz.com\/wp-content\/uploads\/2016\/07\/Logo-Dor.jpg","type":"image\/jpeg"}],"author":"Lo viste en Los Pol\u00edticos","twitter_card":"summary_large_image","twitter_creator":"@LosPoliticosVer","twitter_site":"@LosPoliticosVer","twitter_misc":{"Escrito por":"Lo viste en Los Pol\u00edticos","Tiempo de lectura":"5 minutos"},"schema":{"@context":"https:\/\/schema.org","@graph":[{"@type":"Article","@id":"https:\/\/lospoliticosveracruz.com\/?p=117750#article","isPartOf":{"@id":"https:\/\/lospoliticosveracruz.com\/?p=117750"},"author":{"name":"Lo viste en Los Pol\u00edticos","@id":"https:\/\/lospoliticosveracruz.com\/#\/schema\/person\/b8702bb0e538456e6efd07080bf2a4a2"},"headline":"\u201cBARRER LAS ESCALERAS DE ARRIBA PARA ABAJO\u201d","datePublished":"2024-02-02T11:24:20+00:00","dateModified":"2024-02-02T11:24:30+00:00","mainEntityOfPage":{"@id":"https:\/\/lospoliticosveracruz.com\/?p=117750"},"wordCount":978,"publisher":{"@id":"https:\/\/lospoliticosveracruz.com\/#organization"},"keywords":["Andr\u00e9s Manuel L\u00f3pez Obrador","Morena"],"articleSection":["De Opini\u00f3n"],"inLanguage":"es"},{"@type":"WebPage","@id":"https:\/\/lospoliticosveracruz.com\/?p=117750","url":"https:\/\/lospoliticosveracruz.com\/?p=117750","name":"\u201cBARRER LAS ESCALERAS DE ARRIBA PARA ABAJO\u201d - Los pol\u00edticos Veracruz","isPartOf":{"@id":"https:\/\/lospoliticosveracruz.com\/#website"},"datePublished":"2024-02-02T11:24:20+00:00","dateModified":"2024-02-02T11:24:30+00:00","breadcrumb":{"@id":"https:\/\/lospoliticosveracruz.com\/?p=117750#breadcrumb"},"inLanguage":"es","potentialAction":[{"@type":"ReadAction","target":["https:\/\/lospoliticosveracruz.com\/?p=117750"]}]},{"@type":"BreadcrumbList","@id":"https:\/\/lospoliticosveracruz.com\/?p=117750#breadcrumb","itemListElement":[{"@type":"ListItem","position":1,"name":"Portada","item":"https:\/\/lospoliticosveracruz.com\/"},{"@type":"ListItem","position":2,"name":"\u201cBARRER LAS ESCALERAS DE ARRIBA PARA ABAJO\u201d"}]},{"@type":"WebSite","@id":"https:\/\/lospoliticosveracruz.com\/#website","url":"https:\/\/lospoliticosveracruz.com\/","name":"Los pol\u00edticos Veracruz","description":"","publisher":{"@id":"https:\/\/lospoliticosveracruz.com\/#organization"},"potentialAction":[{"@type":"SearchAction","target":{"@type":"EntryPoint","urlTemplate":"https:\/\/lospoliticosveracruz.com\/?s={search_term_string}"},"query-input":{"@type":"PropertyValueSpecification","valueRequired":true,"valueName":"search_term_string"}}],"inLanguage":"es"},{"@type":"Organization","@id":"https:\/\/lospoliticosveracruz.com\/#organization","name":"Los pol\u00edticos Veracruz","url":"https:\/\/lospoliticosveracruz.com\/","logo":{"@type":"ImageObject","inLanguage":"es","@id":"https:\/\/lospoliticosveracruz.com\/#\/schema\/logo\/image\/","url":"https:\/\/lospoliticosveracruz.com\/wp-content\/uploads\/2025\/12\/Logo-Nuevo-LOS-POLITICOS-1.jpg","contentUrl":"https:\/\/lospoliticosveracruz.com\/wp-content\/uploads\/2025\/12\/Logo-Nuevo-LOS-POLITICOS-1.jpg","width":260,"height":70,"caption":"Los pol\u00edticos Veracruz"},"image":{"@id":"https:\/\/lospoliticosveracruz.com\/#\/schema\/logo\/image\/"},"sameAs":["https:\/\/www.facebook.com\/people\/Notimemes-de-los-Polticos\/61565672886568\/","https:\/\/x.com\/LosPoliticosVer"]},{"@type":"Person","@id":"https:\/\/lospoliticosveracruz.com\/#\/schema\/person\/b8702bb0e538456e6efd07080bf2a4a2","name":"Lo viste en Los Pol\u00edticos","image":{"@type":"ImageObject","inLanguage":"es","@id":"https:\/\/secure.gravatar.com\/avatar\/3a8de04a2656d44082be478bd6c086daa447c4651605818287b9532d3d0bd435?s=96&d=mm&r=g","url":"https:\/\/secure.gravatar.com\/avatar\/3a8de04a2656d44082be478bd6c086daa447c4651605818287b9532d3d0bd435?s=96&d=mm&r=g","contentUrl":"https:\/\/secure.gravatar.com\/avatar\/3a8de04a2656d44082be478bd6c086daa447c4651605818287b9532d3d0bd435?s=96&d=mm&r=g","caption":"Lo viste en Los Pol\u00edticos"},"url":"https:\/\/lospoliticosveracruz.com\/?author=2"}]}},"_links":{"self":[{"href":"https:\/\/lospoliticosveracruz.com\/index.php?rest_route=\/wp\/v2\/posts\/117750","targetHints":{"allow":["GET"]}}],"collection":[{"href":"https:\/\/lospoliticosveracruz.com\/index.php?rest_route=\/wp\/v2\/posts"}],"about":[{"href":"https:\/\/lospoliticosveracruz.com\/index.php?rest_route=\/wp\/v2\/types\/post"}],"author":[{"embeddable":true,"href":"https:\/\/lospoliticosveracruz.com\/index.php?rest_route=\/wp\/v2\/users\/2"}],"replies":[{"embeddable":true,"href":"https:\/\/lospoliticosveracruz.com\/index.php?rest_route=%2Fwp%2Fv2%2Fcomments&post=117750"}],"version-history":[{"count":1,"href":"https:\/\/lospoliticosveracruz.com\/index.php?rest_route=\/wp\/v2\/posts\/117750\/revisions"}],"predecessor-version":[{"id":117751,"href":"https:\/\/lospoliticosveracruz.com\/index.php?rest_route=\/wp\/v2\/posts\/117750\/revisions\/117751"}],"wp:attachment":[{"href":"https:\/\/lospoliticosveracruz.com\/index.php?rest_route=%2Fwp%2Fv2%2Fmedia&parent=117750"}],"wp:term":[{"taxonomy":"category","embeddable":true,"href":"https:\/\/lospoliticosveracruz.com\/index.php?rest_route=%2Fwp%2Fv2%2Fcategories&post=117750"},{"taxonomy":"post_tag","embeddable":true,"href":"https:\/\/lospoliticosveracruz.com\/index.php?rest_route=%2Fwp%2Fv2%2Ftags&post=117750"}],"curies":[{"name":"wp","href":"https:\/\/api.w.org\/{rel}","templated":true}]}}