{"id":117754,"date":"2024-02-02T06:07:53","date_gmt":"2024-02-02T12:07:53","guid":{"rendered":"https:\/\/lospoliticosveracruz.com.mx\/?p=117754"},"modified":"2024-02-03T21:31:41","modified_gmt":"2024-02-04T03:31:41","slug":"cuitlahuac-no-para","status":"publish","type":"post","link":"https:\/\/lospoliticosveracruz.com\/?p=117754","title":{"rendered":"CUITL\u00c1HUAC NO PARA!"},"content":{"rendered":"\n<p> <strong>Omar Z\u00fa\u00f1iga<\/strong><\/p>\n\n\n\n<p><em>De Primera Mano<\/em><\/p>\n\n\n\n<p>De los creadores de \u201cEsta vez, el fin de semana cay\u00f3 a media semana\u201d, llega \u201cEncontramos 30 millones en efectivo y no pudimos denunciar\u201d.<\/p>\n\n\n<div class=\"wp-block-image\">\n<figure class=\"alignleft size-medium\"><a href=\"https:\/\/lospoliticosveracruz.com.mx\/wp-content\/uploads\/2021\/10\/Zacauilt.jpg\"><img decoding=\"async\" src=\"https:\/\/lospoliticosveracruz.com.mx\/wp-content\/uploads\/2021\/10\/Zacauilt-150x300.jpg\" alt=\"\" class=\"wp-image-80558\"\/><\/a><\/figure>\n<\/div>\n\n\n<p>As\u00ed es y antes&nbsp;de&nbsp;entrar en materia,&nbsp;una disculpa obligada por la ausencia involuntaria a causa de un bicho.<\/p>\n\n\n\n<p>De vuelta al tema que nos ata\u00f1e, las ingeniosas palabras del inicio&nbsp;fueron espetadas por el sabio&nbsp;xalape\u00f1o&nbsp;que hoy gobierna Veracruz y que cada vez nos sale con este tipo de filosof\u00eda,&nbsp;que realmente pone a pensar hasta al m\u00e1s flojo de los j\u00f3venes destruyendo el futuro.<\/p>\n\n\n\n<p>M\u00e1s all\u00e1 de las estupideces que salen de la boca de&nbsp;<strong>Cuitl\u00e1huac Garc\u00eda<\/strong><strong>,<\/strong><strong>&nbsp;<\/strong>como decir en conferencia de prensa que&nbsp;\u201cel fin de semana cay\u00f3 a media semana\u201d,&nbsp;para tratar de justificar el impago a los maestros veracruzanos, la que nos recet\u00f3 de que encontraron 300 millones de pesos en efectivo escondidos en alg\u00fan lugar de las instalaciones de la Fiscal\u00eda General del Estado, pertenecientes supuestamente al tristemente c\u00e9lebre&nbsp;<strong>Jorge&nbsp;<\/strong><strong>Winckler<\/strong>&nbsp;(hoy con el pijama de rayas, imputado de los delitos de tortura y desaparici\u00f3n forzada de personas), no tiene parang\u00f3n.<\/p>\n\n\n\n<p>\u201cLe comento\u2026 la Fiscal\u00eda en 2019, mi presunci\u00f3n es que le dieron recursos para financiar las campa\u00f1as\u2026&nbsp;ten\u00edaaa&nbsp;300 millones de pesos escondidos Jorge&nbsp;Winckler, hoy lo puedo probar, hay pruebas, no se los pudo llevar, no le dio tiempo, (\u2026) no, por que no es mal uso (sic)&nbsp;-ah\u00ed en la Fiscal\u00eda, lo revelo para que vean&nbsp;queeee, yo ya no puedo hablar de una instituci\u00f3n m\u00e1s&nbsp;allaa\u00e1&nbsp;(sic)\u2026 pero ante la pregunta eso\u2026 vean los resultados que ten\u00eda esa Fiscal\u00eda (la de&nbsp;Winckler), las complicidades de la Fiscal\u00eda (\u2026) no, porque no les dio\u2026, no los ejerci\u00f3, no los rob\u00f3, ah\u00ed estaban en la Fiscal\u00eda, simplemente\u2026, nom\u00e1s les digo, es mi sospecha, no es de la fiscal&nbsp;(Ver\u00f3nica Hern\u00e1ndez&nbsp;Giad\u00e1ns), ella no se mete en esto (sic), me pas\u00f3 el dato, -dije: \u00a1ah caray!- (\u2026)\u201d.<\/p>\n\n\n\n<p>En alg\u00fan punto&nbsp;del anterior p\u00e1rrafo, tan brillantemente estructurado en la prodigios mente y que fue magistralmente llevado a su boca para salir por ah\u00ed&nbsp;vomitado, lo que Cuitl\u00e1huac quiso decir es que como no se los rob\u00f3, no hay delito, por eso no se le denunci\u00f3 a&nbsp;Winckler&nbsp;por tener esa lana escondida, en efectivo.<\/p>\n\n\n\n<p>Sin embargo la responsabilidad existe, tanto para&nbsp;<strong>Cuitl\u00e1huac Garc\u00eda<\/strong>,&nbsp;como para&nbsp;<strong>Ver\u00f3nica Hern\u00e1ndez&nbsp;<\/strong><strong>Giad\u00e1ns<\/strong>, la fiscal general \u201cque no se mete en esto\u201d, seg\u00fan lo dicho por el mismo titular del Poder Ejecutivo del estado.<\/p>\n\n\n\n<p>El ciudadano que prometi\u00f3&nbsp;\u201ccumplir y hacer&nbsp;cumplir la Constituci\u00f3n Pol\u00edtica de los Estados Unidos Mexicanos (cuyo aniversario es el pr\u00f3ximo lunes, de nada&nbsp;Cuit), la del estado Libre y Soberano de Veracruz de Ignacio de la Llave y las leyes que de ambas emanen\u201d, simple y llanamente est\u00e1 faltando a su juramento, nos dijo&nbsp;<strong>Fidel Ord\u00f3\u00f1ez<\/strong>.<\/p>\n\n\n\n<p>Lo que debi\u00f3 hacer do\u00f1a Veros de entrada,&nbsp;es&nbsp;haber denunciado&nbsp;la existencia de ese dinero, pues no sab\u00eda ella (de manera presunta) su origen ni destino y cuando el gobernador lo supo, hacer lo propio.<\/p>\n\n\n\n<p>Pero no, prefirieron guardar ominoso silencio, parafraseando al \u00ednclito, \u201ccallaron como momias\u201d.<\/p>\n\n\n\n<p>Distinguidos expertos consultados al respecto coinciden en la primera apreciaci\u00f3n de quien esto escribe.<\/p>\n\n\n\n<p>La pregunta de los 64 mil ahora es\u2026,&nbsp;\u00bfd\u00f3nde quedaron esos 300 millones que encontraron guardados en alg\u00fan lugar de la FGE en&nbsp;el a\u00f1o&nbsp;2019?<\/p>\n\n\n\n<p>\u201cEs una omisi\u00f3n grave no haber investigado el origen de este recurso, y no informar su paradero.., existe una ley para prevenci\u00f3n e identificaci\u00f3n de operaciones con recursos de procedencia il\u00edcita\u201d.<\/p>\n\n\n\n<p>\u201cEsta opacidad puede generar responsabilidades para las actuales autoridades\u201d, sostiene&nbsp;<strong>Arturo Nicol\u00e1s<\/strong>.<\/p>\n\n\n\n<p>Y m\u00e1s interrogantes,&nbsp;\u00bfbajo qu\u00e9 concepto lo ingresaron a las arcas estatales?;&nbsp;\u00bfcu\u00e1l fue el fin \u00faltimo?;&nbsp;\u00bfqui\u00e9n fue el responsable de haberlo ingresado?, y un largo etc\u00e9tera\u2026<\/p>\n\n\n\n<p>En fin, que lo pendejo \u2013afortunadamente- no se contagia, es requisito&nbsp;<em>sine qua non&nbsp;<\/em>de este gobierno.<\/p>\n\n\n\n<p>***<\/p>\n\n\n\n<p>Y ah\u00ed no terminan los problemas,&nbsp;de entrada para la FGE\u2026<\/p>\n\n\n\n<p>Resulta que a trav\u00e9s de una denuncia ciudadana&nbsp;-en la que la persona que nos la hace llegar est\u00e1 plenamente identificada, pero por temor a represalias pide el anonimato-, una polic\u00eda Ministerial hoy ascendida a polic\u00eda de Investigaci\u00f3n de nombre&nbsp;<strong>Paulina Melgarejo Ibarra<\/strong>, tuvo&nbsp;un \u201cincidente\u201d&nbsp;con un joven all\u00e1 por su domicilio en el vecino municipio de Coatepec, en el que de manera prepotente y por dem\u00e1s violenta, la servidora p\u00fablica se baj\u00f3 de su auto particular para catear&nbsp;-o cachear-a un joven cuyo \u00fanico delito fue cruzarse en el camino de la d\u00e9spota funcionaria, que pistola a la cintura, no dud\u00f3&nbsp;ni un momento en abalanzarse sobre el joven y meterle mano a su ropa para sacar sus pertenencias, sin mediar siquiera palabra alguna, ya no digamos mandamiento judicial de por medio.<\/p>\n\n\n\n<p>Fue una acci\u00f3n digna de los sujetos que antes se denominaban \u201cmadrinas\u201d, que sin embargo, ocasion\u00f3 que se interpusiera una queja en la Unidad de Atenci\u00f3n Temprana&nbsp;(UAT)&nbsp;de la Fiscal\u00eda.<\/p>\n\n\n\n<p>Y se&nbsp;interpuso&nbsp;en la UAT porque los&nbsp;funcionares&nbsp;de la Unidad Integral de Procuraci\u00f3n de Justicia&nbsp;(UIPJ)hicieron todo lo posible porque&nbsp;se&nbsp;fuera solamente&nbsp;a&nbsp;un recurso de mediaci\u00f3n antes que una denuncia.&nbsp;<\/p>\n\n\n\n<p>Sin embargo, los quejosos no parar\u00e1n ah\u00ed; deber\u00e1 abrirse una Carpeta de Investigaci\u00f3n contra esta mala servidora p\u00fablica, que se siente intocable por decirse protegida de un alto mando de la corporaci\u00f3n a la que sirve.&nbsp;<\/p>\n\n\n\n<p>Gracias por la confianza, estaremos pendientes.&nbsp;<\/p>\n\n\n\n<p>*****<\/p>\n\n\n\n<p>Pregunta seria\u2026 a&nbsp;<strong>Benito<\/strong>, la jirafa macho recientemente rescatada e integrada al santuario poblano&nbsp;Africam&nbsp;Safari, \u00bfle molestar\u00e1 que le digan jirafa, o preferir\u00e1 que le digan&nbsp;jirafo, dado que gen\u00e9ricamente es macho; o en un momento dado&nbsp;jirafe, aunque parece que sus preferencias sexuales han sido abiertamente declaradas, ser\u00eda entonces&nbsp;<em>la&nbsp;<\/em><em>giraffe<\/em>?<\/p>\n\n\n\n<p>\u00a1Qu\u00e9 barbaridad!<\/p>\n\n\n\n<p>de<a><\/a>primera.mano2020@gmail.com<\/p>\n","protected":false},"excerpt":{"rendered":"<p>Omar Z\u00fa\u00f1iga De Primera Mano De los creadores de \u201cEsta vez, el fin de semana cay\u00f3 a media semana\u201d, llega \u201cEncontramos 30 millones en efectivo y no pudimos denunciar\u201d. As\u00ed es y antes&nbsp;de&nbsp;entrar en materia,&nbsp;una disculpa obligada por la ausencia involuntaria a causa de un bicho. De vuelta al tema que nos ata\u00f1e, las ingeniosas [&hellip;]<\/p>\n","protected":false},"author":2,"featured_media":0,"comment_status":"closed","ping_status":"closed","sticky":false,"template":"","format":"standard","meta":{"tdm_status":"","tdm_grid_status":"","footnotes":""},"categories":[70],"tags":[1563,6869,1026,195],"class_list":{"0":"post-117754","1":"post","2":"type-post","3":"status-publish","4":"format-standard","6":"category-de-opinion","7":"tag-cuitlahuac-garcia-jimenez","8":"tag-jorge-winckler","9":"tag-morena","10":"tag-veracruz"},"yoast_head":"<!-- This site is optimized with the Yoast SEO plugin v27.4 - https:\/\/yoast.com\/product\/yoast-seo-wordpress\/ -->\n<title>CUITL\u00c1HUAC NO PARA! - Los pol\u00edticos Veracruz<\/title>\n<meta name=\"robots\" content=\"index, follow, max-snippet:-1, max-image-preview:large, max-video-preview:-1\" \/>\n<link rel=\"canonical\" href=\"https:\/\/lospoliticosveracruz.com\/?p=117754\" \/>\n<meta property=\"og:locale\" content=\"es_ES\" \/>\n<meta property=\"og:type\" content=\"article\" \/>\n<meta property=\"og:title\" content=\"CUITL\u00c1HUAC NO PARA! - Los pol\u00edticos Veracruz\" \/>\n<meta property=\"og:description\" content=\"Omar Z\u00fa\u00f1iga De Primera Mano De los creadores de \u201cEsta vez, el fin de semana cay\u00f3 a media semana\u201d, llega \u201cEncontramos 30 millones en efectivo y no pudimos denunciar\u201d. As\u00ed es y antes&nbsp;de&nbsp;entrar en materia,&nbsp;una disculpa obligada por la ausencia involuntaria a causa de un bicho. De vuelta al tema que nos ata\u00f1e, las ingeniosas [&hellip;]\" \/>\n<meta property=\"og:url\" content=\"https:\/\/lospoliticosveracruz.com\/?p=117754\" \/>\n<meta property=\"og:site_name\" content=\"Los pol\u00edticos Veracruz\" \/>\n<meta property=\"article:publisher\" content=\"https:\/\/www.facebook.com\/people\/Notimemes-de-los-Polticos\/61565672886568\/\" \/>\n<meta property=\"article:published_time\" content=\"2024-02-02T12:07:53+00:00\" \/>\n<meta property=\"article:modified_time\" content=\"2024-02-04T03:31:41+00:00\" \/>\n<meta property=\"og:image\" content=\"https:\/\/lospoliticosveracruz.com.mx\/wp-content\/uploads\/2021\/10\/Zacauilt-150x300.jpg\" \/>\n<meta name=\"author\" content=\"Lo viste en Los Pol\u00edticos\" \/>\n<meta name=\"twitter:card\" content=\"summary_large_image\" \/>\n<meta name=\"twitter:creator\" content=\"@LosPoliticosVer\" \/>\n<meta name=\"twitter:site\" content=\"@LosPoliticosVer\" \/>\n<meta name=\"twitter:label1\" content=\"Escrito por\" \/>\n\t<meta name=\"twitter:data1\" content=\"Lo viste en Los Pol\u00edticos\" \/>\n\t<meta name=\"twitter:label2\" content=\"Tiempo de lectura\" \/>\n\t<meta name=\"twitter:data2\" content=\"6 minutos\" \/>\n<script type=\"application\/ld+json\" class=\"yoast-schema-graph\">{\"@context\":\"https:\\\/\\\/schema.org\",\"@graph\":[{\"@type\":\"Article\",\"@id\":\"https:\\\/\\\/lospoliticosveracruz.com\\\/?p=117754#article\",\"isPartOf\":{\"@id\":\"https:\\\/\\\/lospoliticosveracruz.com\\\/?p=117754\"},\"author\":{\"name\":\"Lo viste en Los Pol\u00edticos\",\"@id\":\"https:\\\/\\\/lospoliticosveracruz.com\\\/#\\\/schema\\\/person\\\/b8702bb0e538456e6efd07080bf2a4a2\"},\"headline\":\"CUITL\u00c1HUAC NO PARA!\",\"datePublished\":\"2024-02-02T12:07:53+00:00\",\"dateModified\":\"2024-02-04T03:31:41+00:00\",\"mainEntityOfPage\":{\"@id\":\"https:\\\/\\\/lospoliticosveracruz.com\\\/?p=117754\"},\"wordCount\":1108,\"publisher\":{\"@id\":\"https:\\\/\\\/lospoliticosveracruz.com\\\/#organization\"},\"image\":{\"@id\":\"https:\\\/\\\/lospoliticosveracruz.com\\\/?p=117754#primaryimage\"},\"thumbnailUrl\":\"https:\\\/\\\/lospoliticosveracruz.com.mx\\\/wp-content\\\/uploads\\\/2021\\\/10\\\/Zacauilt-150x300.jpg\",\"keywords\":[\"Cuitl\u00e1huac Garc\u00eda Jim\u00e9nez\",\"Jorge Winckler\",\"Morena\",\"Veracruz\"],\"articleSection\":[\"De Opini\u00f3n\"],\"inLanguage\":\"es\"},{\"@type\":\"WebPage\",\"@id\":\"https:\\\/\\\/lospoliticosveracruz.com\\\/?p=117754\",\"url\":\"https:\\\/\\\/lospoliticosveracruz.com\\\/?p=117754\",\"name\":\"CUITL\u00c1HUAC NO PARA! - Los pol\u00edticos Veracruz\",\"isPartOf\":{\"@id\":\"https:\\\/\\\/lospoliticosveracruz.com\\\/#website\"},\"primaryImageOfPage\":{\"@id\":\"https:\\\/\\\/lospoliticosveracruz.com\\\/?p=117754#primaryimage\"},\"image\":{\"@id\":\"https:\\\/\\\/lospoliticosveracruz.com\\\/?p=117754#primaryimage\"},\"thumbnailUrl\":\"https:\\\/\\\/lospoliticosveracruz.com.mx\\\/wp-content\\\/uploads\\\/2021\\\/10\\\/Zacauilt-150x300.jpg\",\"datePublished\":\"2024-02-02T12:07:53+00:00\",\"dateModified\":\"2024-02-04T03:31:41+00:00\",\"breadcrumb\":{\"@id\":\"https:\\\/\\\/lospoliticosveracruz.com\\\/?p=117754#breadcrumb\"},\"inLanguage\":\"es\",\"potentialAction\":[{\"@type\":\"ReadAction\",\"target\":[\"https:\\\/\\\/lospoliticosveracruz.com\\\/?p=117754\"]}]},{\"@type\":\"ImageObject\",\"inLanguage\":\"es\",\"@id\":\"https:\\\/\\\/lospoliticosveracruz.com\\\/?p=117754#primaryimage\",\"url\":\"https:\\\/\\\/lospoliticosveracruz.com.mx\\\/wp-content\\\/uploads\\\/2021\\\/10\\\/Zacauilt-150x300.jpg\",\"contentUrl\":\"https:\\\/\\\/lospoliticosveracruz.com.mx\\\/wp-content\\\/uploads\\\/2021\\\/10\\\/Zacauilt-150x300.jpg\"},{\"@type\":\"BreadcrumbList\",\"@id\":\"https:\\\/\\\/lospoliticosveracruz.com\\\/?p=117754#breadcrumb\",\"itemListElement\":[{\"@type\":\"ListItem\",\"position\":1,\"name\":\"Portada\",\"item\":\"https:\\\/\\\/lospoliticosveracruz.com\\\/\"},{\"@type\":\"ListItem\",\"position\":2,\"name\":\"CUITL\u00c1HUAC NO PARA!\"}]},{\"@type\":\"WebSite\",\"@id\":\"https:\\\/\\\/lospoliticosveracruz.com\\\/#website\",\"url\":\"https:\\\/\\\/lospoliticosveracruz.com\\\/\",\"name\":\"Los pol\u00edticos Veracruz\",\"description\":\"\",\"publisher\":{\"@id\":\"https:\\\/\\\/lospoliticosveracruz.com\\\/#organization\"},\"potentialAction\":[{\"@type\":\"SearchAction\",\"target\":{\"@type\":\"EntryPoint\",\"urlTemplate\":\"https:\\\/\\\/lospoliticosveracruz.com\\\/?s={search_term_string}\"},\"query-input\":{\"@type\":\"PropertyValueSpecification\",\"valueRequired\":true,\"valueName\":\"search_term_string\"}}],\"inLanguage\":\"es\"},{\"@type\":\"Organization\",\"@id\":\"https:\\\/\\\/lospoliticosveracruz.com\\\/#organization\",\"name\":\"Los pol\u00edticos Veracruz\",\"url\":\"https:\\\/\\\/lospoliticosveracruz.com\\\/\",\"logo\":{\"@type\":\"ImageObject\",\"inLanguage\":\"es\",\"@id\":\"https:\\\/\\\/lospoliticosveracruz.com\\\/#\\\/schema\\\/logo\\\/image\\\/\",\"url\":\"https:\\\/\\\/lospoliticosveracruz.com\\\/wp-content\\\/uploads\\\/2025\\\/12\\\/Logo-Nuevo-LOS-POLITICOS-1.jpg\",\"contentUrl\":\"https:\\\/\\\/lospoliticosveracruz.com\\\/wp-content\\\/uploads\\\/2025\\\/12\\\/Logo-Nuevo-LOS-POLITICOS-1.jpg\",\"width\":260,\"height\":70,\"caption\":\"Los pol\u00edticos Veracruz\"},\"image\":{\"@id\":\"https:\\\/\\\/lospoliticosveracruz.com\\\/#\\\/schema\\\/logo\\\/image\\\/\"},\"sameAs\":[\"https:\\\/\\\/www.facebook.com\\\/people\\\/Notimemes-de-los-Polticos\\\/61565672886568\\\/\",\"https:\\\/\\\/x.com\\\/LosPoliticosVer\"]},{\"@type\":\"Person\",\"@id\":\"https:\\\/\\\/lospoliticosveracruz.com\\\/#\\\/schema\\\/person\\\/b8702bb0e538456e6efd07080bf2a4a2\",\"name\":\"Lo viste en Los Pol\u00edticos\",\"image\":{\"@type\":\"ImageObject\",\"inLanguage\":\"es\",\"@id\":\"https:\\\/\\\/secure.gravatar.com\\\/avatar\\\/3a8de04a2656d44082be478bd6c086daa447c4651605818287b9532d3d0bd435?s=96&d=mm&r=g\",\"url\":\"https:\\\/\\\/secure.gravatar.com\\\/avatar\\\/3a8de04a2656d44082be478bd6c086daa447c4651605818287b9532d3d0bd435?s=96&d=mm&r=g\",\"contentUrl\":\"https:\\\/\\\/secure.gravatar.com\\\/avatar\\\/3a8de04a2656d44082be478bd6c086daa447c4651605818287b9532d3d0bd435?s=96&d=mm&r=g\",\"caption\":\"Lo viste en Los Pol\u00edticos\"},\"url\":\"https:\\\/\\\/lospoliticosveracruz.com\\\/?author=2\"}]}<\/script>\n<!-- \/ Yoast SEO plugin. -->","yoast_head_json":{"title":"CUITL\u00c1HUAC NO PARA! - Los pol\u00edticos Veracruz","robots":{"index":"index","follow":"follow","max-snippet":"max-snippet:-1","max-image-preview":"max-image-preview:large","max-video-preview":"max-video-preview:-1"},"canonical":"https:\/\/lospoliticosveracruz.com\/?p=117754","og_locale":"es_ES","og_type":"article","og_title":"CUITL\u00c1HUAC NO PARA! - Los pol\u00edticos Veracruz","og_description":"Omar Z\u00fa\u00f1iga De Primera Mano De los creadores de \u201cEsta vez, el fin de semana cay\u00f3 a media semana\u201d, llega \u201cEncontramos 30 millones en efectivo y no pudimos denunciar\u201d. As\u00ed es y antes&nbsp;de&nbsp;entrar en materia,&nbsp;una disculpa obligada por la ausencia involuntaria a causa de un bicho. De vuelta al tema que nos ata\u00f1e, las ingeniosas [&hellip;]","og_url":"https:\/\/lospoliticosveracruz.com\/?p=117754","og_site_name":"Los pol\u00edticos Veracruz","article_publisher":"https:\/\/www.facebook.com\/people\/Notimemes-de-los-Polticos\/61565672886568\/","article_published_time":"2024-02-02T12:07:53+00:00","article_modified_time":"2024-02-04T03:31:41+00:00","og_image":[{"url":"https:\/\/lospoliticosveracruz.com.mx\/wp-content\/uploads\/2021\/10\/Zacauilt-150x300.jpg","type":"","width":"","height":""}],"author":"Lo viste en Los Pol\u00edticos","twitter_card":"summary_large_image","twitter_creator":"@LosPoliticosVer","twitter_site":"@LosPoliticosVer","twitter_misc":{"Escrito por":"Lo viste en Los Pol\u00edticos","Tiempo de lectura":"6 minutos"},"schema":{"@context":"https:\/\/schema.org","@graph":[{"@type":"Article","@id":"https:\/\/lospoliticosveracruz.com\/?p=117754#article","isPartOf":{"@id":"https:\/\/lospoliticosveracruz.com\/?p=117754"},"author":{"name":"Lo viste en Los Pol\u00edticos","@id":"https:\/\/lospoliticosveracruz.com\/#\/schema\/person\/b8702bb0e538456e6efd07080bf2a4a2"},"headline":"CUITL\u00c1HUAC NO PARA!","datePublished":"2024-02-02T12:07:53+00:00","dateModified":"2024-02-04T03:31:41+00:00","mainEntityOfPage":{"@id":"https:\/\/lospoliticosveracruz.com\/?p=117754"},"wordCount":1108,"publisher":{"@id":"https:\/\/lospoliticosveracruz.com\/#organization"},"image":{"@id":"https:\/\/lospoliticosveracruz.com\/?p=117754#primaryimage"},"thumbnailUrl":"https:\/\/lospoliticosveracruz.com.mx\/wp-content\/uploads\/2021\/10\/Zacauilt-150x300.jpg","keywords":["Cuitl\u00e1huac Garc\u00eda Jim\u00e9nez","Jorge Winckler","Morena","Veracruz"],"articleSection":["De Opini\u00f3n"],"inLanguage":"es"},{"@type":"WebPage","@id":"https:\/\/lospoliticosveracruz.com\/?p=117754","url":"https:\/\/lospoliticosveracruz.com\/?p=117754","name":"CUITL\u00c1HUAC NO PARA! - Los pol\u00edticos Veracruz","isPartOf":{"@id":"https:\/\/lospoliticosveracruz.com\/#website"},"primaryImageOfPage":{"@id":"https:\/\/lospoliticosveracruz.com\/?p=117754#primaryimage"},"image":{"@id":"https:\/\/lospoliticosveracruz.com\/?p=117754#primaryimage"},"thumbnailUrl":"https:\/\/lospoliticosveracruz.com.mx\/wp-content\/uploads\/2021\/10\/Zacauilt-150x300.jpg","datePublished":"2024-02-02T12:07:53+00:00","dateModified":"2024-02-04T03:31:41+00:00","breadcrumb":{"@id":"https:\/\/lospoliticosveracruz.com\/?p=117754#breadcrumb"},"inLanguage":"es","potentialAction":[{"@type":"ReadAction","target":["https:\/\/lospoliticosveracruz.com\/?p=117754"]}]},{"@type":"ImageObject","inLanguage":"es","@id":"https:\/\/lospoliticosveracruz.com\/?p=117754#primaryimage","url":"https:\/\/lospoliticosveracruz.com.mx\/wp-content\/uploads\/2021\/10\/Zacauilt-150x300.jpg","contentUrl":"https:\/\/lospoliticosveracruz.com.mx\/wp-content\/uploads\/2021\/10\/Zacauilt-150x300.jpg"},{"@type":"BreadcrumbList","@id":"https:\/\/lospoliticosveracruz.com\/?p=117754#breadcrumb","itemListElement":[{"@type":"ListItem","position":1,"name":"Portada","item":"https:\/\/lospoliticosveracruz.com\/"},{"@type":"ListItem","position":2,"name":"CUITL\u00c1HUAC NO PARA!"}]},{"@type":"WebSite","@id":"https:\/\/lospoliticosveracruz.com\/#website","url":"https:\/\/lospoliticosveracruz.com\/","name":"Los pol\u00edticos Veracruz","description":"","publisher":{"@id":"https:\/\/lospoliticosveracruz.com\/#organization"},"potentialAction":[{"@type":"SearchAction","target":{"@type":"EntryPoint","urlTemplate":"https:\/\/lospoliticosveracruz.com\/?s={search_term_string}"},"query-input":{"@type":"PropertyValueSpecification","valueRequired":true,"valueName":"search_term_string"}}],"inLanguage":"es"},{"@type":"Organization","@id":"https:\/\/lospoliticosveracruz.com\/#organization","name":"Los pol\u00edticos Veracruz","url":"https:\/\/lospoliticosveracruz.com\/","logo":{"@type":"ImageObject","inLanguage":"es","@id":"https:\/\/lospoliticosveracruz.com\/#\/schema\/logo\/image\/","url":"https:\/\/lospoliticosveracruz.com\/wp-content\/uploads\/2025\/12\/Logo-Nuevo-LOS-POLITICOS-1.jpg","contentUrl":"https:\/\/lospoliticosveracruz.com\/wp-content\/uploads\/2025\/12\/Logo-Nuevo-LOS-POLITICOS-1.jpg","width":260,"height":70,"caption":"Los pol\u00edticos Veracruz"},"image":{"@id":"https:\/\/lospoliticosveracruz.com\/#\/schema\/logo\/image\/"},"sameAs":["https:\/\/www.facebook.com\/people\/Notimemes-de-los-Polticos\/61565672886568\/","https:\/\/x.com\/LosPoliticosVer"]},{"@type":"Person","@id":"https:\/\/lospoliticosveracruz.com\/#\/schema\/person\/b8702bb0e538456e6efd07080bf2a4a2","name":"Lo viste en Los Pol\u00edticos","image":{"@type":"ImageObject","inLanguage":"es","@id":"https:\/\/secure.gravatar.com\/avatar\/3a8de04a2656d44082be478bd6c086daa447c4651605818287b9532d3d0bd435?s=96&d=mm&r=g","url":"https:\/\/secure.gravatar.com\/avatar\/3a8de04a2656d44082be478bd6c086daa447c4651605818287b9532d3d0bd435?s=96&d=mm&r=g","contentUrl":"https:\/\/secure.gravatar.com\/avatar\/3a8de04a2656d44082be478bd6c086daa447c4651605818287b9532d3d0bd435?s=96&d=mm&r=g","caption":"Lo viste en Los Pol\u00edticos"},"url":"https:\/\/lospoliticosveracruz.com\/?author=2"}]}},"_links":{"self":[{"href":"https:\/\/lospoliticosveracruz.com\/index.php?rest_route=\/wp\/v2\/posts\/117754","targetHints":{"allow":["GET"]}}],"collection":[{"href":"https:\/\/lospoliticosveracruz.com\/index.php?rest_route=\/wp\/v2\/posts"}],"about":[{"href":"https:\/\/lospoliticosveracruz.com\/index.php?rest_route=\/wp\/v2\/types\/post"}],"author":[{"embeddable":true,"href":"https:\/\/lospoliticosveracruz.com\/index.php?rest_route=\/wp\/v2\/users\/2"}],"replies":[{"embeddable":true,"href":"https:\/\/lospoliticosveracruz.com\/index.php?rest_route=%2Fwp%2Fv2%2Fcomments&post=117754"}],"version-history":[{"count":2,"href":"https:\/\/lospoliticosveracruz.com\/index.php?rest_route=\/wp\/v2\/posts\/117754\/revisions"}],"predecessor-version":[{"id":117862,"href":"https:\/\/lospoliticosveracruz.com\/index.php?rest_route=\/wp\/v2\/posts\/117754\/revisions\/117862"}],"wp:attachment":[{"href":"https:\/\/lospoliticosveracruz.com\/index.php?rest_route=%2Fwp%2Fv2%2Fmedia&parent=117754"}],"wp:term":[{"taxonomy":"category","embeddable":true,"href":"https:\/\/lospoliticosveracruz.com\/index.php?rest_route=%2Fwp%2Fv2%2Fcategories&post=117754"},{"taxonomy":"post_tag","embeddable":true,"href":"https:\/\/lospoliticosveracruz.com\/index.php?rest_route=%2Fwp%2Fv2%2Ftags&post=117754"}],"curies":[{"name":"wp","href":"https:\/\/api.w.org\/{rel}","templated":true}]}}