{"id":117891,"date":"2024-02-04T21:02:00","date_gmt":"2024-02-05T03:02:00","guid":{"rendered":"https:\/\/lospoliticosveracruz.com.mx\/?p=117891"},"modified":"2024-02-05T10:28:07","modified_gmt":"2024-02-05T16:28:07","slug":"vigentes-acusaciones-penales-contra-ex-duartistas","status":"publish","type":"post","link":"https:\/\/lospoliticosveracruz.com\/?p=117891","title":{"rendered":"VIGENTES ACUSACIONES PENALES CONTRA EX DUARTISTAS"},"content":{"rendered":"\n<p><strong>Bernardo Guti\u00e9rrez Parra<\/strong><\/p>\n\n\n\n<p><em>Desde el Caf\u00e9<\/em><br>A principios del 2016 el entonces candidato a la gubernatura, Miguel \u00c1ngel Yunes Linares, dijo que meter\u00eda en prisi\u00f3n a los responsables del desfalco a Veracruz y varios sujetos pusieron sus barbas a remojar\u2026 pero no pasaron de la remojada. Casi ocho a\u00f1os despu\u00e9s contin\u00faan en libertad porque Miguel \u00c1ngel encarcel\u00f3 a sus enemigos, pero a ning\u00fan acusado del gran robo.<\/p>\n\n\n<div class=\"wp-block-image\">\n<figure class=\"alignleft size-medium\"><a href=\"https:\/\/lospoliticosveracruz.com.mx\/wp-content\/uploads\/2021\/10\/Zacauilt.jpg\"><img decoding=\"async\" src=\"https:\/\/lospoliticosveracruz.com.mx\/wp-content\/uploads\/2021\/10\/Zacauilt-150x300.jpg\" alt=\"\" class=\"wp-image-80558\"\/><\/a><\/figure>\n<\/div>\n\n\n<p>Tama\u00f1o atraco no ha quedado en el limbo. Al menos una parte del monto que presuntamente desfalcaron Duarte y su banda (aproximadamente 40 mil millones de pesos), ha sido denunciado.<\/p>\n\n\n\n<p>La semana que termin\u00f3 el titular de la Secretar\u00eda de Finanzas y Planeaci\u00f3n, Jos\u00e9 Luis Lima Franco, dio a conocer que la actual administraci\u00f3n ha denunciado la malversaci\u00f3n de recursos de \u201cgobiernos anteriores\u201d.<\/p>\n\n\n\n<p>\u201cDesde el inicio de la actual administraci\u00f3n estatal hemos denunciado cerca de 20 mil millones de pesos de fondos ya sean federales o estatales. Y est\u00e1n denunciados tanto en la Fiscal\u00eda del Estado como en la Fiscal\u00eda General de la Rep\u00fablica\u201d, indic\u00f3 el funcionario. Y a\u00f1adi\u00f3 que en algunos casos ya hay ex servidores p\u00fablicos sancionados, pero respecto a las denuncias, est\u00e1n \u201ca la espera de que haya alg\u00fan avance\u201d.<\/p>\n\n\n\n<p>Agreg\u00f3 que en cuanto haya respuestas, la Sefiplan intervendr\u00e1 como una autoridad de ingresos, es decir, cobrando ese faltante y multando a los defraudadores.<\/p>\n\n\n\n<p>Uno de los ex funcionarios que enfrenta sanciones econ\u00f3micas es el ex tesorero Arnulfo Garc\u00eda Fragoso, quien fue sentenciado a pagar m\u00e1s de 18 mil millones de pesos por un da\u00f1o patrimonial en el ejercicio fiscal 2015.<\/p>\n\n\n\n<p>El doctor Lima Franco manifest\u00f3 que hay al menos tres o cuatro ex servidores p\u00fablicos que est\u00e1n procesados y todos son del gobierno de Javier Duarte.<\/p>\n\n\n\n<p>En resumen lector, las acusaciones est\u00e1n en las Fiscal\u00edas casi desde el inicio de este gobierno. Ahora lo que falta es que ambas instancias se pongan las pilas y act\u00faen en consecuencia porque el bal\u00f3n est\u00e1 en su cancha.<\/p>\n\n\n\n<p>Veremos.<\/p>\n\n\n\n<p>Contin\u00faan en febrero descuentos al predial en Tuxpan<\/p>\n\n\n\n<p>El pasado 31 de enero hubo sesi\u00f3n extraordinaria en el cabildo de Tuxpan, y en esa reuni\u00f3n los integrantes del cuerpo edilicio aprobaron por unanimidad, conceder una pr\u00f3rroga en los descuentos del cobro al impuesto predial como un apoyo a la econom\u00eda de los tuxpe\u00f1os.<\/p>\n\n\n\n<p>Por tal motivo, hasta el 29 de febrero se continuar\u00e1 otorgando el 20 por ciento de descuento en el pago anual -para la poblaci\u00f3n en general- y el 50 por ciento a pensionados, jubilados y personas de la tercera edad.<\/p>\n\n\n\n<p>Lo anterior siempre y cuando se cumpla con los requisitos establecidos en los art\u00edculos 118 y 121 del C\u00f3digo Hacendario Municipal para el Estado de Veracruz.<\/p>\n\n\n\n<p>El cobro se realizar\u00e1 en las ventanillas que est\u00e1n ubicadas en la planta baja de la presidencia municipal. De lunes a viernes, de 8:00 a 16:00 horas, se atender\u00e1 a contribuyentes que est\u00e1n al corriente en sus pagos.<\/p>\n\n\n\n<p>Por otra parte, para quienes presentan adeudos de a\u00f1os anteriores el horario de atenci\u00f3n ser\u00e1 de 9:00 a 15:00 horas, de lunes a viernes.<\/p>\n\n\n\n<p>bernardogup@hotmail.com<\/p>\n","protected":false},"excerpt":{"rendered":"<p>Bernardo Guti\u00e9rrez Parra Desde el Caf\u00e9A principios del 2016 el entonces candidato a la gubernatura, Miguel \u00c1ngel Yunes Linares, dijo que meter\u00eda en prisi\u00f3n a los responsables del desfalco a Veracruz y varios sujetos pusieron sus barbas a remojar\u2026 pero no pasaron de la remojada. Casi ocho a\u00f1os despu\u00e9s contin\u00faan en libertad porque Miguel \u00c1ngel [&hellip;]<\/p>\n","protected":false},"author":2,"featured_media":0,"comment_status":"closed","ping_status":"closed","sticky":false,"template":"","format":"standard","meta":{"tdm_status":"","tdm_grid_status":"","footnotes":""},"categories":[70],"tags":[260,1026,640,195],"class_list":{"0":"post-117891","1":"post","2":"type-post","3":"status-publish","4":"format-standard","6":"category-de-opinion","7":"tag-javier-duarte-de-ochoa","8":"tag-morena","9":"tag-sefiplan","10":"tag-veracruz"},"yoast_head":"<!-- This site is optimized with the Yoast SEO plugin v27.4 - https:\/\/yoast.com\/product\/yoast-seo-wordpress\/ -->\n<title>VIGENTES ACUSACIONES PENALES CONTRA EX DUARTISTAS - Los pol\u00edticos Veracruz<\/title>\n<meta name=\"robots\" content=\"index, follow, max-snippet:-1, max-image-preview:large, max-video-preview:-1\" \/>\n<link rel=\"canonical\" href=\"https:\/\/lospoliticosveracruz.com\/?p=117891\" \/>\n<meta property=\"og:locale\" content=\"es_ES\" \/>\n<meta property=\"og:type\" content=\"article\" \/>\n<meta property=\"og:title\" content=\"VIGENTES ACUSACIONES PENALES CONTRA EX DUARTISTAS - Los pol\u00edticos Veracruz\" \/>\n<meta property=\"og:description\" content=\"Bernardo Guti\u00e9rrez Parra Desde el Caf\u00e9A principios del 2016 el entonces candidato a la gubernatura, Miguel \u00c1ngel Yunes Linares, dijo que meter\u00eda en prisi\u00f3n a los responsables del desfalco a Veracruz y varios sujetos pusieron sus barbas a remojar\u2026 pero no pasaron de la remojada. Casi ocho a\u00f1os despu\u00e9s contin\u00faan en libertad porque Miguel \u00c1ngel [&hellip;]\" \/>\n<meta property=\"og:url\" content=\"https:\/\/lospoliticosveracruz.com\/?p=117891\" \/>\n<meta property=\"og:site_name\" content=\"Los pol\u00edticos Veracruz\" \/>\n<meta property=\"article:publisher\" content=\"https:\/\/www.facebook.com\/people\/Notimemes-de-los-Polticos\/61565672886568\/\" \/>\n<meta property=\"article:published_time\" content=\"2024-02-05T03:02:00+00:00\" \/>\n<meta property=\"article:modified_time\" content=\"2024-02-05T16:28:07+00:00\" \/>\n<meta property=\"og:image\" content=\"https:\/\/lospoliticosveracruz.com.mx\/wp-content\/uploads\/2021\/10\/Zacauilt-150x300.jpg\" \/>\n<meta name=\"author\" content=\"Lo viste en Los Pol\u00edticos\" \/>\n<meta name=\"twitter:card\" content=\"summary_large_image\" \/>\n<meta name=\"twitter:creator\" content=\"@LosPoliticosVer\" \/>\n<meta name=\"twitter:site\" content=\"@LosPoliticosVer\" \/>\n<meta name=\"twitter:label1\" content=\"Escrito por\" \/>\n\t<meta name=\"twitter:data1\" content=\"Lo viste en Los Pol\u00edticos\" \/>\n\t<meta name=\"twitter:label2\" content=\"Tiempo de lectura\" \/>\n\t<meta name=\"twitter:data2\" content=\"3 minutos\" \/>\n<script type=\"application\/ld+json\" class=\"yoast-schema-graph\">{\"@context\":\"https:\\\/\\\/schema.org\",\"@graph\":[{\"@type\":\"Article\",\"@id\":\"https:\\\/\\\/lospoliticosveracruz.com\\\/?p=117891#article\",\"isPartOf\":{\"@id\":\"https:\\\/\\\/lospoliticosveracruz.com\\\/?p=117891\"},\"author\":{\"name\":\"Lo viste en Los Pol\u00edticos\",\"@id\":\"https:\\\/\\\/lospoliticosveracruz.com\\\/#\\\/schema\\\/person\\\/b8702bb0e538456e6efd07080bf2a4a2\"},\"headline\":\"VIGENTES ACUSACIONES PENALES CONTRA EX DUARTISTAS\",\"datePublished\":\"2024-02-05T03:02:00+00:00\",\"dateModified\":\"2024-02-05T16:28:07+00:00\",\"mainEntityOfPage\":{\"@id\":\"https:\\\/\\\/lospoliticosveracruz.com\\\/?p=117891\"},\"wordCount\":546,\"publisher\":{\"@id\":\"https:\\\/\\\/lospoliticosveracruz.com\\\/#organization\"},\"image\":{\"@id\":\"https:\\\/\\\/lospoliticosveracruz.com\\\/?p=117891#primaryimage\"},\"thumbnailUrl\":\"https:\\\/\\\/lospoliticosveracruz.com.mx\\\/wp-content\\\/uploads\\\/2021\\\/10\\\/Zacauilt-150x300.jpg\",\"keywords\":[\"Javier Duarte de Ochoa\",\"Morena\",\"Sefiplan\",\"Veracruz\"],\"articleSection\":[\"De Opini\u00f3n\"],\"inLanguage\":\"es\"},{\"@type\":\"WebPage\",\"@id\":\"https:\\\/\\\/lospoliticosveracruz.com\\\/?p=117891\",\"url\":\"https:\\\/\\\/lospoliticosveracruz.com\\\/?p=117891\",\"name\":\"VIGENTES ACUSACIONES PENALES CONTRA EX DUARTISTAS - Los pol\u00edticos Veracruz\",\"isPartOf\":{\"@id\":\"https:\\\/\\\/lospoliticosveracruz.com\\\/#website\"},\"primaryImageOfPage\":{\"@id\":\"https:\\\/\\\/lospoliticosveracruz.com\\\/?p=117891#primaryimage\"},\"image\":{\"@id\":\"https:\\\/\\\/lospoliticosveracruz.com\\\/?p=117891#primaryimage\"},\"thumbnailUrl\":\"https:\\\/\\\/lospoliticosveracruz.com.mx\\\/wp-content\\\/uploads\\\/2021\\\/10\\\/Zacauilt-150x300.jpg\",\"datePublished\":\"2024-02-05T03:02:00+00:00\",\"dateModified\":\"2024-02-05T16:28:07+00:00\",\"breadcrumb\":{\"@id\":\"https:\\\/\\\/lospoliticosveracruz.com\\\/?p=117891#breadcrumb\"},\"inLanguage\":\"es\",\"potentialAction\":[{\"@type\":\"ReadAction\",\"target\":[\"https:\\\/\\\/lospoliticosveracruz.com\\\/?p=117891\"]}]},{\"@type\":\"ImageObject\",\"inLanguage\":\"es\",\"@id\":\"https:\\\/\\\/lospoliticosveracruz.com\\\/?p=117891#primaryimage\",\"url\":\"https:\\\/\\\/lospoliticosveracruz.com.mx\\\/wp-content\\\/uploads\\\/2021\\\/10\\\/Zacauilt-150x300.jpg\",\"contentUrl\":\"https:\\\/\\\/lospoliticosveracruz.com.mx\\\/wp-content\\\/uploads\\\/2021\\\/10\\\/Zacauilt-150x300.jpg\"},{\"@type\":\"BreadcrumbList\",\"@id\":\"https:\\\/\\\/lospoliticosveracruz.com\\\/?p=117891#breadcrumb\",\"itemListElement\":[{\"@type\":\"ListItem\",\"position\":1,\"name\":\"Portada\",\"item\":\"https:\\\/\\\/lospoliticosveracruz.com\\\/\"},{\"@type\":\"ListItem\",\"position\":2,\"name\":\"VIGENTES ACUSACIONES PENALES CONTRA EX DUARTISTAS\"}]},{\"@type\":\"WebSite\",\"@id\":\"https:\\\/\\\/lospoliticosveracruz.com\\\/#website\",\"url\":\"https:\\\/\\\/lospoliticosveracruz.com\\\/\",\"name\":\"Los pol\u00edticos Veracruz\",\"description\":\"\",\"publisher\":{\"@id\":\"https:\\\/\\\/lospoliticosveracruz.com\\\/#organization\"},\"potentialAction\":[{\"@type\":\"SearchAction\",\"target\":{\"@type\":\"EntryPoint\",\"urlTemplate\":\"https:\\\/\\\/lospoliticosveracruz.com\\\/?s={search_term_string}\"},\"query-input\":{\"@type\":\"PropertyValueSpecification\",\"valueRequired\":true,\"valueName\":\"search_term_string\"}}],\"inLanguage\":\"es\"},{\"@type\":\"Organization\",\"@id\":\"https:\\\/\\\/lospoliticosveracruz.com\\\/#organization\",\"name\":\"Los pol\u00edticos Veracruz\",\"url\":\"https:\\\/\\\/lospoliticosveracruz.com\\\/\",\"logo\":{\"@type\":\"ImageObject\",\"inLanguage\":\"es\",\"@id\":\"https:\\\/\\\/lospoliticosveracruz.com\\\/#\\\/schema\\\/logo\\\/image\\\/\",\"url\":\"https:\\\/\\\/lospoliticosveracruz.com\\\/wp-content\\\/uploads\\\/2025\\\/12\\\/Logo-Nuevo-LOS-POLITICOS-1.jpg\",\"contentUrl\":\"https:\\\/\\\/lospoliticosveracruz.com\\\/wp-content\\\/uploads\\\/2025\\\/12\\\/Logo-Nuevo-LOS-POLITICOS-1.jpg\",\"width\":260,\"height\":70,\"caption\":\"Los pol\u00edticos Veracruz\"},\"image\":{\"@id\":\"https:\\\/\\\/lospoliticosveracruz.com\\\/#\\\/schema\\\/logo\\\/image\\\/\"},\"sameAs\":[\"https:\\\/\\\/www.facebook.com\\\/people\\\/Notimemes-de-los-Polticos\\\/61565672886568\\\/\",\"https:\\\/\\\/x.com\\\/LosPoliticosVer\"]},{\"@type\":\"Person\",\"@id\":\"https:\\\/\\\/lospoliticosveracruz.com\\\/#\\\/schema\\\/person\\\/b8702bb0e538456e6efd07080bf2a4a2\",\"name\":\"Lo viste en Los Pol\u00edticos\",\"image\":{\"@type\":\"ImageObject\",\"inLanguage\":\"es\",\"@id\":\"https:\\\/\\\/secure.gravatar.com\\\/avatar\\\/3a8de04a2656d44082be478bd6c086daa447c4651605818287b9532d3d0bd435?s=96&d=mm&r=g\",\"url\":\"https:\\\/\\\/secure.gravatar.com\\\/avatar\\\/3a8de04a2656d44082be478bd6c086daa447c4651605818287b9532d3d0bd435?s=96&d=mm&r=g\",\"contentUrl\":\"https:\\\/\\\/secure.gravatar.com\\\/avatar\\\/3a8de04a2656d44082be478bd6c086daa447c4651605818287b9532d3d0bd435?s=96&d=mm&r=g\",\"caption\":\"Lo viste en Los Pol\u00edticos\"},\"url\":\"https:\\\/\\\/lospoliticosveracruz.com\\\/?author=2\"}]}<\/script>\n<!-- \/ Yoast SEO plugin. -->","yoast_head_json":{"title":"VIGENTES ACUSACIONES PENALES CONTRA EX DUARTISTAS - Los pol\u00edticos Veracruz","robots":{"index":"index","follow":"follow","max-snippet":"max-snippet:-1","max-image-preview":"max-image-preview:large","max-video-preview":"max-video-preview:-1"},"canonical":"https:\/\/lospoliticosveracruz.com\/?p=117891","og_locale":"es_ES","og_type":"article","og_title":"VIGENTES ACUSACIONES PENALES CONTRA EX DUARTISTAS - Los pol\u00edticos Veracruz","og_description":"Bernardo Guti\u00e9rrez Parra Desde el Caf\u00e9A principios del 2016 el entonces candidato a la gubernatura, Miguel \u00c1ngel Yunes Linares, dijo que meter\u00eda en prisi\u00f3n a los responsables del desfalco a Veracruz y varios sujetos pusieron sus barbas a remojar\u2026 pero no pasaron de la remojada. Casi ocho a\u00f1os despu\u00e9s contin\u00faan en libertad porque Miguel \u00c1ngel [&hellip;]","og_url":"https:\/\/lospoliticosveracruz.com\/?p=117891","og_site_name":"Los pol\u00edticos Veracruz","article_publisher":"https:\/\/www.facebook.com\/people\/Notimemes-de-los-Polticos\/61565672886568\/","article_published_time":"2024-02-05T03:02:00+00:00","article_modified_time":"2024-02-05T16:28:07+00:00","og_image":[{"url":"https:\/\/lospoliticosveracruz.com.mx\/wp-content\/uploads\/2021\/10\/Zacauilt-150x300.jpg","type":"","width":"","height":""}],"author":"Lo viste en Los Pol\u00edticos","twitter_card":"summary_large_image","twitter_creator":"@LosPoliticosVer","twitter_site":"@LosPoliticosVer","twitter_misc":{"Escrito por":"Lo viste en Los Pol\u00edticos","Tiempo de lectura":"3 minutos"},"schema":{"@context":"https:\/\/schema.org","@graph":[{"@type":"Article","@id":"https:\/\/lospoliticosveracruz.com\/?p=117891#article","isPartOf":{"@id":"https:\/\/lospoliticosveracruz.com\/?p=117891"},"author":{"name":"Lo viste en Los Pol\u00edticos","@id":"https:\/\/lospoliticosveracruz.com\/#\/schema\/person\/b8702bb0e538456e6efd07080bf2a4a2"},"headline":"VIGENTES ACUSACIONES PENALES CONTRA EX DUARTISTAS","datePublished":"2024-02-05T03:02:00+00:00","dateModified":"2024-02-05T16:28:07+00:00","mainEntityOfPage":{"@id":"https:\/\/lospoliticosveracruz.com\/?p=117891"},"wordCount":546,"publisher":{"@id":"https:\/\/lospoliticosveracruz.com\/#organization"},"image":{"@id":"https:\/\/lospoliticosveracruz.com\/?p=117891#primaryimage"},"thumbnailUrl":"https:\/\/lospoliticosveracruz.com.mx\/wp-content\/uploads\/2021\/10\/Zacauilt-150x300.jpg","keywords":["Javier Duarte de Ochoa","Morena","Sefiplan","Veracruz"],"articleSection":["De Opini\u00f3n"],"inLanguage":"es"},{"@type":"WebPage","@id":"https:\/\/lospoliticosveracruz.com\/?p=117891","url":"https:\/\/lospoliticosveracruz.com\/?p=117891","name":"VIGENTES ACUSACIONES PENALES CONTRA EX DUARTISTAS - Los pol\u00edticos Veracruz","isPartOf":{"@id":"https:\/\/lospoliticosveracruz.com\/#website"},"primaryImageOfPage":{"@id":"https:\/\/lospoliticosveracruz.com\/?p=117891#primaryimage"},"image":{"@id":"https:\/\/lospoliticosveracruz.com\/?p=117891#primaryimage"},"thumbnailUrl":"https:\/\/lospoliticosveracruz.com.mx\/wp-content\/uploads\/2021\/10\/Zacauilt-150x300.jpg","datePublished":"2024-02-05T03:02:00+00:00","dateModified":"2024-02-05T16:28:07+00:00","breadcrumb":{"@id":"https:\/\/lospoliticosveracruz.com\/?p=117891#breadcrumb"},"inLanguage":"es","potentialAction":[{"@type":"ReadAction","target":["https:\/\/lospoliticosveracruz.com\/?p=117891"]}]},{"@type":"ImageObject","inLanguage":"es","@id":"https:\/\/lospoliticosveracruz.com\/?p=117891#primaryimage","url":"https:\/\/lospoliticosveracruz.com.mx\/wp-content\/uploads\/2021\/10\/Zacauilt-150x300.jpg","contentUrl":"https:\/\/lospoliticosveracruz.com.mx\/wp-content\/uploads\/2021\/10\/Zacauilt-150x300.jpg"},{"@type":"BreadcrumbList","@id":"https:\/\/lospoliticosveracruz.com\/?p=117891#breadcrumb","itemListElement":[{"@type":"ListItem","position":1,"name":"Portada","item":"https:\/\/lospoliticosveracruz.com\/"},{"@type":"ListItem","position":2,"name":"VIGENTES ACUSACIONES PENALES CONTRA EX DUARTISTAS"}]},{"@type":"WebSite","@id":"https:\/\/lospoliticosveracruz.com\/#website","url":"https:\/\/lospoliticosveracruz.com\/","name":"Los pol\u00edticos Veracruz","description":"","publisher":{"@id":"https:\/\/lospoliticosveracruz.com\/#organization"},"potentialAction":[{"@type":"SearchAction","target":{"@type":"EntryPoint","urlTemplate":"https:\/\/lospoliticosveracruz.com\/?s={search_term_string}"},"query-input":{"@type":"PropertyValueSpecification","valueRequired":true,"valueName":"search_term_string"}}],"inLanguage":"es"},{"@type":"Organization","@id":"https:\/\/lospoliticosveracruz.com\/#organization","name":"Los pol\u00edticos Veracruz","url":"https:\/\/lospoliticosveracruz.com\/","logo":{"@type":"ImageObject","inLanguage":"es","@id":"https:\/\/lospoliticosveracruz.com\/#\/schema\/logo\/image\/","url":"https:\/\/lospoliticosveracruz.com\/wp-content\/uploads\/2025\/12\/Logo-Nuevo-LOS-POLITICOS-1.jpg","contentUrl":"https:\/\/lospoliticosveracruz.com\/wp-content\/uploads\/2025\/12\/Logo-Nuevo-LOS-POLITICOS-1.jpg","width":260,"height":70,"caption":"Los pol\u00edticos Veracruz"},"image":{"@id":"https:\/\/lospoliticosveracruz.com\/#\/schema\/logo\/image\/"},"sameAs":["https:\/\/www.facebook.com\/people\/Notimemes-de-los-Polticos\/61565672886568\/","https:\/\/x.com\/LosPoliticosVer"]},{"@type":"Person","@id":"https:\/\/lospoliticosveracruz.com\/#\/schema\/person\/b8702bb0e538456e6efd07080bf2a4a2","name":"Lo viste en Los Pol\u00edticos","image":{"@type":"ImageObject","inLanguage":"es","@id":"https:\/\/secure.gravatar.com\/avatar\/3a8de04a2656d44082be478bd6c086daa447c4651605818287b9532d3d0bd435?s=96&d=mm&r=g","url":"https:\/\/secure.gravatar.com\/avatar\/3a8de04a2656d44082be478bd6c086daa447c4651605818287b9532d3d0bd435?s=96&d=mm&r=g","contentUrl":"https:\/\/secure.gravatar.com\/avatar\/3a8de04a2656d44082be478bd6c086daa447c4651605818287b9532d3d0bd435?s=96&d=mm&r=g","caption":"Lo viste en Los Pol\u00edticos"},"url":"https:\/\/lospoliticosveracruz.com\/?author=2"}]}},"_links":{"self":[{"href":"https:\/\/lospoliticosveracruz.com\/index.php?rest_route=\/wp\/v2\/posts\/117891","targetHints":{"allow":["GET"]}}],"collection":[{"href":"https:\/\/lospoliticosveracruz.com\/index.php?rest_route=\/wp\/v2\/posts"}],"about":[{"href":"https:\/\/lospoliticosveracruz.com\/index.php?rest_route=\/wp\/v2\/types\/post"}],"author":[{"embeddable":true,"href":"https:\/\/lospoliticosveracruz.com\/index.php?rest_route=\/wp\/v2\/users\/2"}],"replies":[{"embeddable":true,"href":"https:\/\/lospoliticosveracruz.com\/index.php?rest_route=%2Fwp%2Fv2%2Fcomments&post=117891"}],"version-history":[{"count":2,"href":"https:\/\/lospoliticosveracruz.com\/index.php?rest_route=\/wp\/v2\/posts\/117891\/revisions"}],"predecessor-version":[{"id":117909,"href":"https:\/\/lospoliticosveracruz.com\/index.php?rest_route=\/wp\/v2\/posts\/117891\/revisions\/117909"}],"wp:attachment":[{"href":"https:\/\/lospoliticosveracruz.com\/index.php?rest_route=%2Fwp%2Fv2%2Fmedia&parent=117891"}],"wp:term":[{"taxonomy":"category","embeddable":true,"href":"https:\/\/lospoliticosveracruz.com\/index.php?rest_route=%2Fwp%2Fv2%2Fcategories&post=117891"},{"taxonomy":"post_tag","embeddable":true,"href":"https:\/\/lospoliticosveracruz.com\/index.php?rest_route=%2Fwp%2Fv2%2Ftags&post=117891"}],"curies":[{"name":"wp","href":"https:\/\/api.w.org\/{rel}","templated":true}]}}