{"id":117896,"date":"2024-02-05T05:24:37","date_gmt":"2024-02-05T11:24:37","guid":{"rendered":"https:\/\/lospoliticosveracruz.com.mx\/?p=117896"},"modified":"2024-02-05T10:24:58","modified_gmt":"2024-02-05T16:24:58","slug":"al-pueblo-de-acayucan","status":"publish","type":"post","link":"https:\/\/lospoliticosveracruz.com\/?p=117896","title":{"rendered":"AL PUEBLO DE ACAYUCAN\u2026"},"content":{"rendered":"\n<p><strong>Jos\u00e9 Luis Ortega Vidal<\/strong><\/p>\n\n\n\n<p><em>Claroscuros<\/em><\/p>\n\n\n\n<p>(1)<br>La alcaldesa de Acayucan, maestra Rosalba Rodr\u00edguez Rodr\u00edguez, hizo p\u00fablico el temor de sufrir un atentado contra su vida.<br>La ma\u00f1ana del viernes pasado, durante una entrevista con reporteros locales, la presidenta municipal asegur\u00f3 que desde un medio de comunicaci\u00f3n -no detall\u00f3 la identidad del medio ni del periodista- se atenta contra ella y su familia al vincularla indebidamente con el crimen organizado, lo que calific\u00f3 de una infamia.<\/p>\n\n\n<div class=\"wp-block-image\">\n<figure class=\"alignleft size-full is-resized\"><a href=\"https:\/\/lospoliticosveracruz.com.mx\/wp-content\/uploads\/2023\/02\/Vinissimo.jpg\"><img decoding=\"async\" src=\"https:\/\/lospoliticosveracruz.com.mx\/wp-content\/uploads\/2023\/02\/Vinissimo.jpg\" alt=\"\" class=\"wp-image-102752\" style=\"width:133px;height:auto\"\/><\/a><\/figure>\n<\/div>\n\n\n<p><br>Voy a denunciar a la persona que me est\u00e1 causando un da\u00f1o moral y afecta psicol\u00f3gicamente a mis hijos, as\u00ed como a mi esposo -el ex alcalde Cuitl\u00e1huac Condado Escamilla-; soy abogada y tambi\u00e9n voy a actuar legalmente contra quien est\u00e9 detr\u00e1s de estos actos, sostuvo Rodr\u00edguez Rodr\u00edguez.<br>La entrevista con la edil acayuque\u00f1a surgi\u00f3 tras la captura, el domingo 28 de enero, de Victoria N\u201d, ex directora de Desarrollo Urbano en el Ayuntamiento de Acayucan, quien fue despedida del cargo en mayo del 2023 por acumulaci\u00f3n de faltas a su trabajo.<br>Victoria \u201cN\u201d se encuentra en el cereso Duport Osti\u00f3n de Coatzacoalcos, por encabezar o formar parte de una banda de secuestradores a quienes hallaron in fraganti en una casa de seguridad del fraccionamiento \u201cGaviotas\u201d de la antigua poblaci\u00f3n de Puerto M\u00e9xico.<br>En el lugar fue rescatado un trabajador de TELMEX por cuya liberaci\u00f3n exig\u00edan tres millones de pesos.<br>El periodista Ignacio Carvajal Garc\u00eda dio a conocer en forma exclusiva la noticia sobre el v\u00ednculo de la hoy acusada de secuestro con la administraci\u00f3n de Rosalba Rodr\u00edguez Rodr\u00edguez.<br>El actual Oficial Mayor, Jos\u00e9 Manuel Mart\u00ednez Mart\u00ednez, aclar\u00f3 al respecto que Ver\u00f3nica \u201cN\u201d dej\u00f3 de prestar sus servicios en la administraci\u00f3n local siete meses antes de su detenci\u00f3n, en mayo pasado.<br>La alcaldesa no emiti\u00f3 declaraci\u00f3n alguna en torno al tema\u2026hasta la ma\u00f1ana del viernes primero de febrero.<br>Conf\u00edo en las instituciones y pienso que todo se determinar\u00e1 con respecto a derecho en el caso de Ver\u00f3nica, a quien se contrat\u00f3 porque cumpl\u00eda con el perfil para el cargo que desempe\u00f1\u00f3 y luego se le despidi\u00f3 al no cumplir con su responsabilidad, dijo la edil.<br>Al paso de los d\u00edas, sin embargo, se generaron una serie de publicaciones que modificaron el entorno al grado de generarle miedo y esto la condujo a ventilar p\u00fablicamente su preocupaci\u00f3n, afirm\u00f3 durante la entrevista realizada en el parque Ju\u00e1rez, frente al palacio municipal.<br>Ninguna fuente del Ayuntamiento ha emitido bolet\u00edn alguno, ni se volvieron a realizar declaraciones sobre el tema; no hay, entonces, una versi\u00f3n oficial sobre la identidad del periodista y el medio de comunicaci\u00f3n aludidos por la alcaldesa Rosalba Rodr\u00edguez Rodr\u00edguez con respecto al temor por un ataque contra su vida o de su familia.<br>El mismo viernes, el periodista Ignacio Carvajal public\u00f3 un texto bajo el t\u00edtulo: \u201cAl pueblo de Acayucan\u201d: en su cuenta personal de Facebook, Nacho Carvajal.<br>Ah\u00ed se lee:<\/p>\n\n\n\n<p>\u201cCuento lo que hace algunos meses lleg\u00f3 a mis o\u00eddos. Los que me lo contaron, no me autorizaron poner sus nombres pero si relatar el contexto\u201d.<\/p>\n\n\n\n<p>Hasta aqu\u00ed, el inicio del texto de Ignacio Carvajal.<br>Aclaro a los lectores de CLAROSCUROS: \u201cAl pueblo de Acayucan\u201d fue publicado poco tiempo despu\u00e9s de la entrevista concedida por la alcaldesa Rosalba Rodr\u00edguez Rodr\u00edguez a periodistas acayuque\u00f1os.<br>Carvajal Garc\u00eda hace p\u00fablicas una serie de aseveraciones que rebasan los l\u00edmites \u00e9ticos del periodismo y se inscriben en el terreno de lo jur\u00eddico: ah\u00ed donde las personas aludidas habr\u00e1n de determinar su accionar en el marco de la ley.<br>Rosalba Rodr\u00edguez Rodr\u00edguez declar\u00f3 en su calidad de servidora p\u00fablica, pero evit\u00f3 dar nombres que -de acuerdo a su argumentaci\u00f3n- se habr\u00edan guardado para presentarlos ante un fiscal o un juez.<br>Ignacio Carvajal, a su vez, evidentemente toma la palabra en calidad de aludido en este contexto, al escribir en el p\u00e1rrafo catorce del escrito dirigido \u201cAl pueblo de Acayucan\u201d:<\/p>\n\n\n\n<p>\u201cY lo sabes bien, Paloma, no te salgas por la tangente acusando violencia pol\u00edtica de g\u00e9nero, ahora resulta que cuestionar a un servidor p\u00fablico, es violencia pol\u00edtica por que eres mujer\u201d. (sic).<\/p>\n\n\n\n<p>(2)<br>Un caso singular el narrado aqu\u00ed.<br>La alcaldesa de Acayucan, Rosalba Rodr\u00edguez Rodr\u00edguez y el periodista Ignacio Carvajal Garc\u00eda, egresado de la Facultad de Ciencias y T\u00e9cnicas de la Comunicaci\u00f3n de la UV, exponen p\u00fablicamente sus afirmaciones:<\/p>\n\n\n\n<ul class=\"wp-block-list\">\n<li>\u00c9l, con respecto a la detenci\u00f3n de Ver\u00f3nica \u201cN\u201d y referentes hacia el asesinato del ex presidente del DIF municipal, Clemente Nagasaki Condado Escamilla, en mayo del 2022.<\/li>\n\n\n\n<li>Ella, con respecto a su victimizaci\u00f3n de la que responsabiliza a un periodista y un medio de comunicaci\u00f3n a los que acusa de infamantes y falsos.<\/li>\n<\/ul>\n\n\n\n<p>La presidenta municipal apunta un punto delicado decantado al \u00e1mbito privado: el miedo por un posible atentado contra ella y su familia, a partir de afirmaciones de un periodista -hoy sabemos que se refiere a Ignacio Carvajal- y su medio de comunicaci\u00f3n -hoy sabemos que se trata de la cuenta de Facebook signada como Nacho Carvajal.<br>M\u00e1s a\u00fan: la presidenta apunta a la existencia de alguien detr\u00e1s de las acciones de Ignacio Carvajal Garc\u00eda.<br>El periodista en su cuenta de Facebook ventil\u00f3 trabajos period\u00edsticos de su autor\u00eda donde alude a la maestra Rosalba Rodr\u00edguez Rodr\u00edguez.<br>Trabajos period\u00edsticos a los que sum\u00f3 la misiva \u201cAl pueblo de Acayucan\u201d.<\/p>\n\n\n\n<p>(3)<br>Entre lo privado -la opci\u00f3n de la edil de presentar una denuncia- y lo p\u00fablico -acuda o no ante la Fiscal\u00eda, al tratarse de una presidenta municipal temerosa por el accionar de un periodista, el tema en autom\u00e1tico est\u00e1 manos de las autoridades responsables de la procuraci\u00f3n de justicia en el estado y de la estructura administrativa y de orden pol\u00edtica en la entidad- nos resta conocer el posicionamiento del gobernador Cuitl\u00e1huac Garc\u00eda Jim\u00e9nez y la Secretar\u00eda de Gobierno en manos de Carlos Ju\u00e1rez Gil.<\/p>\n\n\n\n<p>(4)<br>Hay una presidenta municipal que teme por su vida: \u00bfcu\u00e1l es la postura del Estado?<\/p>\n\n\n\n<p>(5)<br>\u201cAl pueblo de Acayucan\u201d de Ignacio Carvajal constituye un texto elaborado desde lo privado y dirigido a un ente subjetivo: el pueblo de Acayucan, pero objetivo al mismo tiempo: la sociedad de uno de los 212 municipios veracruzanos donde existe un orden, un Ayuntamiento, una ley y una continuidad de lo que los estudiosos de la ciencia pol\u00edtica definen con Contrato Social y estado de Derecho.<\/p>\n\n\n\n<p>(6)<br>Ha circulado profusamente la misiva de Carvajal Garc\u00eda en las redes sociales de Acayucan.<br>El pueblo acayuque\u00f1o est\u00e1 enterado de lo escrito y afirmado por el ciudadano Ignacio Carvajal.<\/p>\n\n\n\n<p>(7)<br>Con el amor que le tengo a mi tierra, Veracruz, y el cari\u00f1o profundo que guardo por Acayucan, comparto una reflexi\u00f3n al observar una sociedad civil m\u00e1s interesada en el morbo que en su participaci\u00f3n responsable en una historia que la incluye.<br>No s\u00f3lo por tratarse de una carta dirigida \u201cAl pueblo de Acayucan\u201d, o por las declaraciones sumamente delicadas de la alcaldesa, sino porque aspiramos a un desarrollo social y democr\u00e1tico donde situaciones como la narrada en este CLAROSCUROS nos exponen crudamente las ventajas y desventajas de la libertad de expresi\u00f3n.<br>Sus l\u00edmites est\u00e1n marcados por la \u00e9tica y los valores -la moral-.<br>Sin ellos, no es posible desarrollo social alguno.<br>Ocurre que los asuntos privados se deben atender en ese \u00e1mbito, incluyendo la secrec\u00eda jur\u00eddica, porque involucran s\u00f3lo a particulares.<br>En cambio, los asuntos p\u00fablicos nos involucran a todos como sociedad y al respecto estamos obligados a ser responsables: ya sea como lectores, como testigos, como ciudadanos, como seres dem\u00f3cratas.<\/p>\n\n\n\n<p>(8)<br>Es importante aguardar por el desarrollo de estos acontecimientos y desear que su destino les permita arribar a buen puerto.<\/p>\n","protected":false},"excerpt":{"rendered":"<p>Jos\u00e9 Luis Ortega Vidal Claroscuros (1)La alcaldesa de Acayucan, maestra Rosalba Rodr\u00edguez Rodr\u00edguez, hizo p\u00fablico el temor de sufrir un atentado contra su vida.La ma\u00f1ana del viernes pasado, durante una entrevista con reporteros locales, la presidenta municipal asegur\u00f3 que desde un medio de comunicaci\u00f3n -no detall\u00f3 la identidad del medio ni del periodista- se atenta [&hellip;]<\/p>\n","protected":false},"author":2,"featured_media":0,"comment_status":"closed","ping_status":"closed","sticky":false,"template":"","format":"standard","meta":{"tdm_status":"","tdm_grid_status":"","footnotes":""},"categories":[1],"tags":[103,1563,40176,30833,195],"class_list":{"0":"post-117896","1":"post","2":"type-post","3":"status-publish","4":"format-standard","6":"category-sin-categoria","7":"tag-acayucan","8":"tag-cuitlahuac-garcia-jimenez","9":"tag-ignacio-carvajal-garcia","10":"tag-rosalba-rodriguez","11":"tag-veracruz"},"yoast_head":"<!-- This site is optimized with the Yoast SEO plugin v27.4 - https:\/\/yoast.com\/product\/yoast-seo-wordpress\/ -->\n<title>AL PUEBLO DE ACAYUCAN\u2026 - Los pol\u00edticos Veracruz<\/title>\n<meta name=\"robots\" content=\"index, follow, max-snippet:-1, max-image-preview:large, max-video-preview:-1\" \/>\n<link rel=\"canonical\" href=\"https:\/\/lospoliticosveracruz.com\/?p=117896\" \/>\n<meta property=\"og:locale\" content=\"es_ES\" \/>\n<meta property=\"og:type\" content=\"article\" \/>\n<meta property=\"og:title\" content=\"AL PUEBLO DE ACAYUCAN\u2026 - Los pol\u00edticos Veracruz\" \/>\n<meta property=\"og:description\" content=\"Jos\u00e9 Luis Ortega Vidal Claroscuros (1)La alcaldesa de Acayucan, maestra Rosalba Rodr\u00edguez Rodr\u00edguez, hizo p\u00fablico el temor de sufrir un atentado contra su vida.La ma\u00f1ana del viernes pasado, durante una entrevista con reporteros locales, la presidenta municipal asegur\u00f3 que desde un medio de comunicaci\u00f3n -no detall\u00f3 la identidad del medio ni del periodista- se atenta [&hellip;]\" \/>\n<meta property=\"og:url\" content=\"https:\/\/lospoliticosveracruz.com\/?p=117896\" \/>\n<meta property=\"og:site_name\" content=\"Los pol\u00edticos Veracruz\" \/>\n<meta property=\"article:publisher\" content=\"https:\/\/www.facebook.com\/people\/Notimemes-de-los-Polticos\/61565672886568\/\" \/>\n<meta property=\"article:published_time\" content=\"2024-02-05T11:24:37+00:00\" \/>\n<meta property=\"article:modified_time\" content=\"2024-02-05T16:24:58+00:00\" \/>\n<meta property=\"og:image\" content=\"https:\/\/lospoliticosveracruz.com.mx\/wp-content\/uploads\/2023\/02\/Vinissimo.jpg\" \/>\n<meta name=\"author\" content=\"Lo viste en Los Pol\u00edticos\" \/>\n<meta name=\"twitter:card\" content=\"summary_large_image\" \/>\n<meta name=\"twitter:creator\" content=\"@LosPoliticosVer\" \/>\n<meta name=\"twitter:site\" content=\"@LosPoliticosVer\" \/>\n<meta name=\"twitter:label1\" content=\"Escrito por\" \/>\n\t<meta name=\"twitter:data1\" content=\"Lo viste en Los Pol\u00edticos\" \/>\n\t<meta name=\"twitter:label2\" content=\"Tiempo de lectura\" \/>\n\t<meta name=\"twitter:data2\" content=\"7 minutos\" \/>\n<script type=\"application\/ld+json\" class=\"yoast-schema-graph\">{\"@context\":\"https:\\\/\\\/schema.org\",\"@graph\":[{\"@type\":\"Article\",\"@id\":\"https:\\\/\\\/lospoliticosveracruz.com\\\/?p=117896#article\",\"isPartOf\":{\"@id\":\"https:\\\/\\\/lospoliticosveracruz.com\\\/?p=117896\"},\"author\":{\"name\":\"Lo viste en Los Pol\u00edticos\",\"@id\":\"https:\\\/\\\/lospoliticosveracruz.com\\\/#\\\/schema\\\/person\\\/b8702bb0e538456e6efd07080bf2a4a2\"},\"headline\":\"AL PUEBLO DE ACAYUCAN\u2026\",\"datePublished\":\"2024-02-05T11:24:37+00:00\",\"dateModified\":\"2024-02-05T16:24:58+00:00\",\"mainEntityOfPage\":{\"@id\":\"https:\\\/\\\/lospoliticosveracruz.com\\\/?p=117896\"},\"wordCount\":1359,\"publisher\":{\"@id\":\"https:\\\/\\\/lospoliticosveracruz.com\\\/#organization\"},\"image\":{\"@id\":\"https:\\\/\\\/lospoliticosveracruz.com\\\/?p=117896#primaryimage\"},\"thumbnailUrl\":\"https:\\\/\\\/lospoliticosveracruz.com.mx\\\/wp-content\\\/uploads\\\/2023\\\/02\\\/Vinissimo.jpg\",\"keywords\":[\"Acayucan\",\"Cuitl\u00e1huac Garc\u00eda Jim\u00e9nez\",\"Ignacio Carvajal Garc\u00eda\",\"Rosalba Rodr\u00edguez\",\"Veracruz\"],\"inLanguage\":\"es\"},{\"@type\":\"WebPage\",\"@id\":\"https:\\\/\\\/lospoliticosveracruz.com\\\/?p=117896\",\"url\":\"https:\\\/\\\/lospoliticosveracruz.com\\\/?p=117896\",\"name\":\"AL PUEBLO DE ACAYUCAN\u2026 - Los pol\u00edticos Veracruz\",\"isPartOf\":{\"@id\":\"https:\\\/\\\/lospoliticosveracruz.com\\\/#website\"},\"primaryImageOfPage\":{\"@id\":\"https:\\\/\\\/lospoliticosveracruz.com\\\/?p=117896#primaryimage\"},\"image\":{\"@id\":\"https:\\\/\\\/lospoliticosveracruz.com\\\/?p=117896#primaryimage\"},\"thumbnailUrl\":\"https:\\\/\\\/lospoliticosveracruz.com.mx\\\/wp-content\\\/uploads\\\/2023\\\/02\\\/Vinissimo.jpg\",\"datePublished\":\"2024-02-05T11:24:37+00:00\",\"dateModified\":\"2024-02-05T16:24:58+00:00\",\"breadcrumb\":{\"@id\":\"https:\\\/\\\/lospoliticosveracruz.com\\\/?p=117896#breadcrumb\"},\"inLanguage\":\"es\",\"potentialAction\":[{\"@type\":\"ReadAction\",\"target\":[\"https:\\\/\\\/lospoliticosveracruz.com\\\/?p=117896\"]}]},{\"@type\":\"ImageObject\",\"inLanguage\":\"es\",\"@id\":\"https:\\\/\\\/lospoliticosveracruz.com\\\/?p=117896#primaryimage\",\"url\":\"https:\\\/\\\/lospoliticosveracruz.com.mx\\\/wp-content\\\/uploads\\\/2023\\\/02\\\/Vinissimo.jpg\",\"contentUrl\":\"https:\\\/\\\/lospoliticosveracruz.com.mx\\\/wp-content\\\/uploads\\\/2023\\\/02\\\/Vinissimo.jpg\"},{\"@type\":\"BreadcrumbList\",\"@id\":\"https:\\\/\\\/lospoliticosveracruz.com\\\/?p=117896#breadcrumb\",\"itemListElement\":[{\"@type\":\"ListItem\",\"position\":1,\"name\":\"Portada\",\"item\":\"https:\\\/\\\/lospoliticosveracruz.com\\\/\"},{\"@type\":\"ListItem\",\"position\":2,\"name\":\"AL PUEBLO DE ACAYUCAN\u2026\"}]},{\"@type\":\"WebSite\",\"@id\":\"https:\\\/\\\/lospoliticosveracruz.com\\\/#website\",\"url\":\"https:\\\/\\\/lospoliticosveracruz.com\\\/\",\"name\":\"Los pol\u00edticos Veracruz\",\"description\":\"\",\"publisher\":{\"@id\":\"https:\\\/\\\/lospoliticosveracruz.com\\\/#organization\"},\"potentialAction\":[{\"@type\":\"SearchAction\",\"target\":{\"@type\":\"EntryPoint\",\"urlTemplate\":\"https:\\\/\\\/lospoliticosveracruz.com\\\/?s={search_term_string}\"},\"query-input\":{\"@type\":\"PropertyValueSpecification\",\"valueRequired\":true,\"valueName\":\"search_term_string\"}}],\"inLanguage\":\"es\"},{\"@type\":\"Organization\",\"@id\":\"https:\\\/\\\/lospoliticosveracruz.com\\\/#organization\",\"name\":\"Los pol\u00edticos Veracruz\",\"url\":\"https:\\\/\\\/lospoliticosveracruz.com\\\/\",\"logo\":{\"@type\":\"ImageObject\",\"inLanguage\":\"es\",\"@id\":\"https:\\\/\\\/lospoliticosveracruz.com\\\/#\\\/schema\\\/logo\\\/image\\\/\",\"url\":\"https:\\\/\\\/lospoliticosveracruz.com\\\/wp-content\\\/uploads\\\/2025\\\/12\\\/Logo-Nuevo-LOS-POLITICOS-1.jpg\",\"contentUrl\":\"https:\\\/\\\/lospoliticosveracruz.com\\\/wp-content\\\/uploads\\\/2025\\\/12\\\/Logo-Nuevo-LOS-POLITICOS-1.jpg\",\"width\":260,\"height\":70,\"caption\":\"Los pol\u00edticos Veracruz\"},\"image\":{\"@id\":\"https:\\\/\\\/lospoliticosveracruz.com\\\/#\\\/schema\\\/logo\\\/image\\\/\"},\"sameAs\":[\"https:\\\/\\\/www.facebook.com\\\/people\\\/Notimemes-de-los-Polticos\\\/61565672886568\\\/\",\"https:\\\/\\\/x.com\\\/LosPoliticosVer\"]},{\"@type\":\"Person\",\"@id\":\"https:\\\/\\\/lospoliticosveracruz.com\\\/#\\\/schema\\\/person\\\/b8702bb0e538456e6efd07080bf2a4a2\",\"name\":\"Lo viste en Los Pol\u00edticos\",\"image\":{\"@type\":\"ImageObject\",\"inLanguage\":\"es\",\"@id\":\"https:\\\/\\\/secure.gravatar.com\\\/avatar\\\/3a8de04a2656d44082be478bd6c086daa447c4651605818287b9532d3d0bd435?s=96&d=mm&r=g\",\"url\":\"https:\\\/\\\/secure.gravatar.com\\\/avatar\\\/3a8de04a2656d44082be478bd6c086daa447c4651605818287b9532d3d0bd435?s=96&d=mm&r=g\",\"contentUrl\":\"https:\\\/\\\/secure.gravatar.com\\\/avatar\\\/3a8de04a2656d44082be478bd6c086daa447c4651605818287b9532d3d0bd435?s=96&d=mm&r=g\",\"caption\":\"Lo viste en Los Pol\u00edticos\"},\"url\":\"https:\\\/\\\/lospoliticosveracruz.com\\\/?author=2\"}]}<\/script>\n<!-- \/ Yoast SEO plugin. -->","yoast_head_json":{"title":"AL PUEBLO DE ACAYUCAN\u2026 - Los pol\u00edticos Veracruz","robots":{"index":"index","follow":"follow","max-snippet":"max-snippet:-1","max-image-preview":"max-image-preview:large","max-video-preview":"max-video-preview:-1"},"canonical":"https:\/\/lospoliticosveracruz.com\/?p=117896","og_locale":"es_ES","og_type":"article","og_title":"AL PUEBLO DE ACAYUCAN\u2026 - Los pol\u00edticos Veracruz","og_description":"Jos\u00e9 Luis Ortega Vidal Claroscuros (1)La alcaldesa de Acayucan, maestra Rosalba Rodr\u00edguez Rodr\u00edguez, hizo p\u00fablico el temor de sufrir un atentado contra su vida.La ma\u00f1ana del viernes pasado, durante una entrevista con reporteros locales, la presidenta municipal asegur\u00f3 que desde un medio de comunicaci\u00f3n -no detall\u00f3 la identidad del medio ni del periodista- se atenta [&hellip;]","og_url":"https:\/\/lospoliticosveracruz.com\/?p=117896","og_site_name":"Los pol\u00edticos Veracruz","article_publisher":"https:\/\/www.facebook.com\/people\/Notimemes-de-los-Polticos\/61565672886568\/","article_published_time":"2024-02-05T11:24:37+00:00","article_modified_time":"2024-02-05T16:24:58+00:00","og_image":[{"url":"https:\/\/lospoliticosveracruz.com.mx\/wp-content\/uploads\/2023\/02\/Vinissimo.jpg","type":"","width":"","height":""}],"author":"Lo viste en Los Pol\u00edticos","twitter_card":"summary_large_image","twitter_creator":"@LosPoliticosVer","twitter_site":"@LosPoliticosVer","twitter_misc":{"Escrito por":"Lo viste en Los Pol\u00edticos","Tiempo de lectura":"7 minutos"},"schema":{"@context":"https:\/\/schema.org","@graph":[{"@type":"Article","@id":"https:\/\/lospoliticosveracruz.com\/?p=117896#article","isPartOf":{"@id":"https:\/\/lospoliticosveracruz.com\/?p=117896"},"author":{"name":"Lo viste en Los Pol\u00edticos","@id":"https:\/\/lospoliticosveracruz.com\/#\/schema\/person\/b8702bb0e538456e6efd07080bf2a4a2"},"headline":"AL PUEBLO DE ACAYUCAN\u2026","datePublished":"2024-02-05T11:24:37+00:00","dateModified":"2024-02-05T16:24:58+00:00","mainEntityOfPage":{"@id":"https:\/\/lospoliticosveracruz.com\/?p=117896"},"wordCount":1359,"publisher":{"@id":"https:\/\/lospoliticosveracruz.com\/#organization"},"image":{"@id":"https:\/\/lospoliticosveracruz.com\/?p=117896#primaryimage"},"thumbnailUrl":"https:\/\/lospoliticosveracruz.com.mx\/wp-content\/uploads\/2023\/02\/Vinissimo.jpg","keywords":["Acayucan","Cuitl\u00e1huac Garc\u00eda Jim\u00e9nez","Ignacio Carvajal Garc\u00eda","Rosalba Rodr\u00edguez","Veracruz"],"inLanguage":"es"},{"@type":"WebPage","@id":"https:\/\/lospoliticosveracruz.com\/?p=117896","url":"https:\/\/lospoliticosveracruz.com\/?p=117896","name":"AL PUEBLO DE ACAYUCAN\u2026 - Los pol\u00edticos Veracruz","isPartOf":{"@id":"https:\/\/lospoliticosveracruz.com\/#website"},"primaryImageOfPage":{"@id":"https:\/\/lospoliticosveracruz.com\/?p=117896#primaryimage"},"image":{"@id":"https:\/\/lospoliticosveracruz.com\/?p=117896#primaryimage"},"thumbnailUrl":"https:\/\/lospoliticosveracruz.com.mx\/wp-content\/uploads\/2023\/02\/Vinissimo.jpg","datePublished":"2024-02-05T11:24:37+00:00","dateModified":"2024-02-05T16:24:58+00:00","breadcrumb":{"@id":"https:\/\/lospoliticosveracruz.com\/?p=117896#breadcrumb"},"inLanguage":"es","potentialAction":[{"@type":"ReadAction","target":["https:\/\/lospoliticosveracruz.com\/?p=117896"]}]},{"@type":"ImageObject","inLanguage":"es","@id":"https:\/\/lospoliticosveracruz.com\/?p=117896#primaryimage","url":"https:\/\/lospoliticosveracruz.com.mx\/wp-content\/uploads\/2023\/02\/Vinissimo.jpg","contentUrl":"https:\/\/lospoliticosveracruz.com.mx\/wp-content\/uploads\/2023\/02\/Vinissimo.jpg"},{"@type":"BreadcrumbList","@id":"https:\/\/lospoliticosveracruz.com\/?p=117896#breadcrumb","itemListElement":[{"@type":"ListItem","position":1,"name":"Portada","item":"https:\/\/lospoliticosveracruz.com\/"},{"@type":"ListItem","position":2,"name":"AL PUEBLO DE ACAYUCAN\u2026"}]},{"@type":"WebSite","@id":"https:\/\/lospoliticosveracruz.com\/#website","url":"https:\/\/lospoliticosveracruz.com\/","name":"Los pol\u00edticos Veracruz","description":"","publisher":{"@id":"https:\/\/lospoliticosveracruz.com\/#organization"},"potentialAction":[{"@type":"SearchAction","target":{"@type":"EntryPoint","urlTemplate":"https:\/\/lospoliticosveracruz.com\/?s={search_term_string}"},"query-input":{"@type":"PropertyValueSpecification","valueRequired":true,"valueName":"search_term_string"}}],"inLanguage":"es"},{"@type":"Organization","@id":"https:\/\/lospoliticosveracruz.com\/#organization","name":"Los pol\u00edticos Veracruz","url":"https:\/\/lospoliticosveracruz.com\/","logo":{"@type":"ImageObject","inLanguage":"es","@id":"https:\/\/lospoliticosveracruz.com\/#\/schema\/logo\/image\/","url":"https:\/\/lospoliticosveracruz.com\/wp-content\/uploads\/2025\/12\/Logo-Nuevo-LOS-POLITICOS-1.jpg","contentUrl":"https:\/\/lospoliticosveracruz.com\/wp-content\/uploads\/2025\/12\/Logo-Nuevo-LOS-POLITICOS-1.jpg","width":260,"height":70,"caption":"Los pol\u00edticos Veracruz"},"image":{"@id":"https:\/\/lospoliticosveracruz.com\/#\/schema\/logo\/image\/"},"sameAs":["https:\/\/www.facebook.com\/people\/Notimemes-de-los-Polticos\/61565672886568\/","https:\/\/x.com\/LosPoliticosVer"]},{"@type":"Person","@id":"https:\/\/lospoliticosveracruz.com\/#\/schema\/person\/b8702bb0e538456e6efd07080bf2a4a2","name":"Lo viste en Los Pol\u00edticos","image":{"@type":"ImageObject","inLanguage":"es","@id":"https:\/\/secure.gravatar.com\/avatar\/3a8de04a2656d44082be478bd6c086daa447c4651605818287b9532d3d0bd435?s=96&d=mm&r=g","url":"https:\/\/secure.gravatar.com\/avatar\/3a8de04a2656d44082be478bd6c086daa447c4651605818287b9532d3d0bd435?s=96&d=mm&r=g","contentUrl":"https:\/\/secure.gravatar.com\/avatar\/3a8de04a2656d44082be478bd6c086daa447c4651605818287b9532d3d0bd435?s=96&d=mm&r=g","caption":"Lo viste en Los Pol\u00edticos"},"url":"https:\/\/lospoliticosveracruz.com\/?author=2"}]}},"_links":{"self":[{"href":"https:\/\/lospoliticosveracruz.com\/index.php?rest_route=\/wp\/v2\/posts\/117896","targetHints":{"allow":["GET"]}}],"collection":[{"href":"https:\/\/lospoliticosveracruz.com\/index.php?rest_route=\/wp\/v2\/posts"}],"about":[{"href":"https:\/\/lospoliticosveracruz.com\/index.php?rest_route=\/wp\/v2\/types\/post"}],"author":[{"embeddable":true,"href":"https:\/\/lospoliticosveracruz.com\/index.php?rest_route=\/wp\/v2\/users\/2"}],"replies":[{"embeddable":true,"href":"https:\/\/lospoliticosveracruz.com\/index.php?rest_route=%2Fwp%2Fv2%2Fcomments&post=117896"}],"version-history":[{"count":2,"href":"https:\/\/lospoliticosveracruz.com\/index.php?rest_route=\/wp\/v2\/posts\/117896\/revisions"}],"predecessor-version":[{"id":117907,"href":"https:\/\/lospoliticosveracruz.com\/index.php?rest_route=\/wp\/v2\/posts\/117896\/revisions\/117907"}],"wp:attachment":[{"href":"https:\/\/lospoliticosveracruz.com\/index.php?rest_route=%2Fwp%2Fv2%2Fmedia&parent=117896"}],"wp:term":[{"taxonomy":"category","embeddable":true,"href":"https:\/\/lospoliticosveracruz.com\/index.php?rest_route=%2Fwp%2Fv2%2Fcategories&post=117896"},{"taxonomy":"post_tag","embeddable":true,"href":"https:\/\/lospoliticosveracruz.com\/index.php?rest_route=%2Fwp%2Fv2%2Ftags&post=117896"}],"curies":[{"name":"wp","href":"https:\/\/api.w.org\/{rel}","templated":true}]}}