{"id":118088,"date":"2024-02-08T13:41:38","date_gmt":"2024-02-08T19:41:38","guid":{"rendered":"https:\/\/lospoliticosveracruz.com.mx\/?p=118088"},"modified":"2024-02-08T13:41:56","modified_gmt":"2024-02-08T19:41:56","slug":"quedo-la-flamer","status":"publish","type":"post","link":"https:\/\/lospoliticosveracruz.com\/?p=118088","title":{"rendered":"QUED\u00d3 LA FLAMER!"},"content":{"rendered":"\n<p><\/p>\n\n\n\n<p><strong>Veracruz<\/strong><br>La alcaldesa Paty Lobeira de Yunes realiz\u00f3 la inauguraci\u00f3n de la obra de rehabilitaci\u00f3n\u00a0integral de la Unidad Deportiva \u00abRoberto Bueno Campos\u00bb, ubicada en el Fraccionamiento Floresta.<\/p>\n\n\n\n<p>Inform\u00f3 que en esta unidad deportiva se hizo la&nbsp;rehabilitaci\u00f3n de la cerca con la colocaci\u00f3n de&nbsp;reja de acero en todo el per\u00edmetro de la Unidad, adem\u00e1s&nbsp;se realiz\u00f3 la rehabilitaci\u00f3n total de las tres canchas&nbsp;deportivas y de la trotapista.<\/p>\n\n\n\n<p>Asimismo&nbsp;se rehabilitaron las oficinas administrativas, los sanitarios, y&nbsp;el arcotecho con la colocaci\u00f3n de l\u00e1minas galvanizadas.<\/p>\n\n\n\n<p>Tambi\u00e9n&nbsp;se instalaron nuevas luminarias en los&nbsp;andadores del parque y las canchas deportivas, se&nbsp;sembr\u00f3 pasto, se colocaron nuevas bancas y botes de basura.<\/p>\n\n\n\n<p>Adem\u00e1s, se instal\u00f3 tambi\u00e9n una zona de ejercitadores y una \u00e1rea de juegos para los peque\u00f1os.<\/p>\n\n\n\n<p>\u201cSe hizo un gran esfuerzo en esta Unidad Deportiva&nbsp;para los vecinos de toda esta zona, quienes seguramente estar\u00e1n viniendo para jugar b\u00e1squetbol, para hacer zumba, para jugar voleibol, para traer a los ni\u00f1os a jugar, y los que quieran correr o caminar tambi\u00e9n van a poder hacerlo y estoy segura que lo van a aprovechar al m\u00e1ximo\u201d, manifest\u00f3.<\/p>\n\n\n\n<p>La alcaldesa Paty Lobeira de Yunes&nbsp;afirm\u00f3 que seguir\u00e1 trabajando en obras que mejoren la calidad de vida de los ciudadanos.<\/p>\n\n\n\n<p>\u201cEs importante que&nbsp;&nbsp;las unidades deportivas est\u00e9n en buen estado para que las familias tengan un punto de reuni\u00f3n y de convivencia, queremos que cada vez Veracruz se sienta m\u00e1s unido, con m\u00e1s comunidad y donde todos nos conozcamos, nos apoyemos y sigamos trabajando juntos\u201d, sostuvo.<\/p>\n\n\n\n<p><em>Devela placa en la cancha de basquetbol<\/em><\/p>\n\n\n\n<p>Durante la inauguraci\u00f3n de la obra de rehabilitaci\u00f3n de la unidad deportiva&nbsp; Roberto Bueno Campos\u201d, la&nbsp;alcaldesa Paty Lobeira de Yunes&nbsp;devel\u00f3 una placa en la cancha de basquetbol en honor a la basquetbolista&nbsp;Silvia Barradas Beltr\u00e1n.<\/p>\n\n\n\n<p>\u00abEsta cancha ahora lleva su nombre porque sabemos que ella fue una amante de este deporte y que dej\u00f3 un legado muy grande\u201d, afirm\u00f3.<\/p>\n","protected":false},"excerpt":{"rendered":"<p>VeracruzLa alcaldesa Paty Lobeira de Yunes realiz\u00f3 la inauguraci\u00f3n de la obra de rehabilitaci\u00f3n\u00a0integral de la Unidad Deportiva \u00abRoberto Bueno Campos\u00bb, ubicada en el Fraccionamiento Floresta. Inform\u00f3 que en esta unidad deportiva se hizo la&nbsp;rehabilitaci\u00f3n de la cerca con la colocaci\u00f3n de&nbsp;reja de acero en todo el per\u00edmetro de la Unidad, adem\u00e1s&nbsp;se realiz\u00f3 la rehabilitaci\u00f3n [&hellip;]<\/p>\n","protected":false},"author":2,"featured_media":0,"comment_status":"closed","ping_status":"closed","sticky":false,"template":"","format":"standard","meta":{"tdm_status":"","tdm_grid_status":"","footnotes":""},"categories":[73],"tags":[],"class_list":{"0":"post-118088","1":"post","2":"type-post","3":"status-publish","4":"format-standard","6":"category-de-boleto"},"yoast_head":"<!-- This site is optimized with the Yoast SEO plugin v27.4 - https:\/\/yoast.com\/product\/yoast-seo-wordpress\/ -->\n<title>QUED\u00d3 LA FLAMER! - Los pol\u00edticos Veracruz<\/title>\n<meta name=\"robots\" content=\"index, follow, max-snippet:-1, max-image-preview:large, max-video-preview:-1\" \/>\n<link rel=\"canonical\" href=\"https:\/\/lospoliticosveracruz.com\/?p=118088\" \/>\n<meta property=\"og:locale\" content=\"es_ES\" \/>\n<meta property=\"og:type\" content=\"article\" \/>\n<meta property=\"og:title\" content=\"QUED\u00d3 LA FLAMER! - Los pol\u00edticos Veracruz\" \/>\n<meta property=\"og:description\" content=\"VeracruzLa alcaldesa Paty Lobeira de Yunes realiz\u00f3 la inauguraci\u00f3n de la obra de rehabilitaci\u00f3n\u00a0integral de la Unidad Deportiva \u00abRoberto Bueno Campos\u00bb, ubicada en el Fraccionamiento Floresta. Inform\u00f3 que en esta unidad deportiva se hizo la&nbsp;rehabilitaci\u00f3n de la cerca con la colocaci\u00f3n de&nbsp;reja de acero en todo el per\u00edmetro de la Unidad, adem\u00e1s&nbsp;se realiz\u00f3 la rehabilitaci\u00f3n [&hellip;]\" \/>\n<meta property=\"og:url\" content=\"https:\/\/lospoliticosveracruz.com\/?p=118088\" \/>\n<meta property=\"og:site_name\" content=\"Los pol\u00edticos Veracruz\" \/>\n<meta property=\"article:publisher\" content=\"https:\/\/www.facebook.com\/people\/Notimemes-de-los-Polticos\/61565672886568\/\" \/>\n<meta property=\"article:published_time\" content=\"2024-02-08T19:41:38+00:00\" \/>\n<meta property=\"article:modified_time\" content=\"2024-02-08T19:41:56+00:00\" \/>\n<meta property=\"og:image\" content=\"https:\/\/lospoliticosveracruz.com\/wp-content\/uploads\/2016\/07\/Logo-Dor.jpg\" \/>\n\t<meta property=\"og:image:width\" content=\"200\" \/>\n\t<meta property=\"og:image:height\" content=\"200\" \/>\n\t<meta property=\"og:image:type\" content=\"image\/jpeg\" \/>\n<meta name=\"author\" content=\"Lo viste en Los Pol\u00edticos\" \/>\n<meta name=\"twitter:card\" content=\"summary_large_image\" \/>\n<meta name=\"twitter:creator\" content=\"@LosPoliticosVer\" \/>\n<meta name=\"twitter:site\" content=\"@LosPoliticosVer\" \/>\n<meta name=\"twitter:label1\" content=\"Escrito por\" \/>\n\t<meta name=\"twitter:data1\" content=\"Lo viste en Los Pol\u00edticos\" \/>\n\t<meta name=\"twitter:label2\" content=\"Tiempo de lectura\" \/>\n\t<meta name=\"twitter:data2\" content=\"2 minutos\" \/>\n<script type=\"application\/ld+json\" class=\"yoast-schema-graph\">{\"@context\":\"https:\\\/\\\/schema.org\",\"@graph\":[{\"@type\":\"Article\",\"@id\":\"https:\\\/\\\/lospoliticosveracruz.com\\\/?p=118088#article\",\"isPartOf\":{\"@id\":\"https:\\\/\\\/lospoliticosveracruz.com\\\/?p=118088\"},\"author\":{\"name\":\"Lo viste en Los Pol\u00edticos\",\"@id\":\"https:\\\/\\\/lospoliticosveracruz.com\\\/#\\\/schema\\\/person\\\/b8702bb0e538456e6efd07080bf2a4a2\"},\"headline\":\"QUED\u00d3 LA FLAMER!\",\"datePublished\":\"2024-02-08T19:41:38+00:00\",\"dateModified\":\"2024-02-08T19:41:56+00:00\",\"mainEntityOfPage\":{\"@id\":\"https:\\\/\\\/lospoliticosveracruz.com\\\/?p=118088\"},\"wordCount\":367,\"publisher\":{\"@id\":\"https:\\\/\\\/lospoliticosveracruz.com\\\/#organization\"},\"articleSection\":[\"De Boleto\"],\"inLanguage\":\"es\"},{\"@type\":\"WebPage\",\"@id\":\"https:\\\/\\\/lospoliticosveracruz.com\\\/?p=118088\",\"url\":\"https:\\\/\\\/lospoliticosveracruz.com\\\/?p=118088\",\"name\":\"QUED\u00d3 LA FLAMER! - Los pol\u00edticos Veracruz\",\"isPartOf\":{\"@id\":\"https:\\\/\\\/lospoliticosveracruz.com\\\/#website\"},\"datePublished\":\"2024-02-08T19:41:38+00:00\",\"dateModified\":\"2024-02-08T19:41:56+00:00\",\"breadcrumb\":{\"@id\":\"https:\\\/\\\/lospoliticosveracruz.com\\\/?p=118088#breadcrumb\"},\"inLanguage\":\"es\",\"potentialAction\":[{\"@type\":\"ReadAction\",\"target\":[\"https:\\\/\\\/lospoliticosveracruz.com\\\/?p=118088\"]}]},{\"@type\":\"BreadcrumbList\",\"@id\":\"https:\\\/\\\/lospoliticosveracruz.com\\\/?p=118088#breadcrumb\",\"itemListElement\":[{\"@type\":\"ListItem\",\"position\":1,\"name\":\"Portada\",\"item\":\"https:\\\/\\\/lospoliticosveracruz.com\\\/\"},{\"@type\":\"ListItem\",\"position\":2,\"name\":\"QUED\u00d3 LA FLAMER!\"}]},{\"@type\":\"WebSite\",\"@id\":\"https:\\\/\\\/lospoliticosveracruz.com\\\/#website\",\"url\":\"https:\\\/\\\/lospoliticosveracruz.com\\\/\",\"name\":\"Los pol\u00edticos Veracruz\",\"description\":\"\",\"publisher\":{\"@id\":\"https:\\\/\\\/lospoliticosveracruz.com\\\/#organization\"},\"potentialAction\":[{\"@type\":\"SearchAction\",\"target\":{\"@type\":\"EntryPoint\",\"urlTemplate\":\"https:\\\/\\\/lospoliticosveracruz.com\\\/?s={search_term_string}\"},\"query-input\":{\"@type\":\"PropertyValueSpecification\",\"valueRequired\":true,\"valueName\":\"search_term_string\"}}],\"inLanguage\":\"es\"},{\"@type\":\"Organization\",\"@id\":\"https:\\\/\\\/lospoliticosveracruz.com\\\/#organization\",\"name\":\"Los pol\u00edticos Veracruz\",\"url\":\"https:\\\/\\\/lospoliticosveracruz.com\\\/\",\"logo\":{\"@type\":\"ImageObject\",\"inLanguage\":\"es\",\"@id\":\"https:\\\/\\\/lospoliticosveracruz.com\\\/#\\\/schema\\\/logo\\\/image\\\/\",\"url\":\"https:\\\/\\\/lospoliticosveracruz.com\\\/wp-content\\\/uploads\\\/2025\\\/12\\\/Logo-Nuevo-LOS-POLITICOS-1.jpg\",\"contentUrl\":\"https:\\\/\\\/lospoliticosveracruz.com\\\/wp-content\\\/uploads\\\/2025\\\/12\\\/Logo-Nuevo-LOS-POLITICOS-1.jpg\",\"width\":260,\"height\":70,\"caption\":\"Los pol\u00edticos Veracruz\"},\"image\":{\"@id\":\"https:\\\/\\\/lospoliticosveracruz.com\\\/#\\\/schema\\\/logo\\\/image\\\/\"},\"sameAs\":[\"https:\\\/\\\/www.facebook.com\\\/people\\\/Notimemes-de-los-Polticos\\\/61565672886568\\\/\",\"https:\\\/\\\/x.com\\\/LosPoliticosVer\"]},{\"@type\":\"Person\",\"@id\":\"https:\\\/\\\/lospoliticosveracruz.com\\\/#\\\/schema\\\/person\\\/b8702bb0e538456e6efd07080bf2a4a2\",\"name\":\"Lo viste en Los Pol\u00edticos\",\"image\":{\"@type\":\"ImageObject\",\"inLanguage\":\"es\",\"@id\":\"https:\\\/\\\/secure.gravatar.com\\\/avatar\\\/3a8de04a2656d44082be478bd6c086daa447c4651605818287b9532d3d0bd435?s=96&d=mm&r=g\",\"url\":\"https:\\\/\\\/secure.gravatar.com\\\/avatar\\\/3a8de04a2656d44082be478bd6c086daa447c4651605818287b9532d3d0bd435?s=96&d=mm&r=g\",\"contentUrl\":\"https:\\\/\\\/secure.gravatar.com\\\/avatar\\\/3a8de04a2656d44082be478bd6c086daa447c4651605818287b9532d3d0bd435?s=96&d=mm&r=g\",\"caption\":\"Lo viste en Los Pol\u00edticos\"},\"url\":\"https:\\\/\\\/lospoliticosveracruz.com\\\/?author=2\"}]}<\/script>\n<!-- \/ Yoast SEO plugin. -->","yoast_head_json":{"title":"QUED\u00d3 LA FLAMER! - Los pol\u00edticos Veracruz","robots":{"index":"index","follow":"follow","max-snippet":"max-snippet:-1","max-image-preview":"max-image-preview:large","max-video-preview":"max-video-preview:-1"},"canonical":"https:\/\/lospoliticosveracruz.com\/?p=118088","og_locale":"es_ES","og_type":"article","og_title":"QUED\u00d3 LA FLAMER! - Los pol\u00edticos Veracruz","og_description":"VeracruzLa alcaldesa Paty Lobeira de Yunes realiz\u00f3 la inauguraci\u00f3n de la obra de rehabilitaci\u00f3n\u00a0integral de la Unidad Deportiva \u00abRoberto Bueno Campos\u00bb, ubicada en el Fraccionamiento Floresta. Inform\u00f3 que en esta unidad deportiva se hizo la&nbsp;rehabilitaci\u00f3n de la cerca con la colocaci\u00f3n de&nbsp;reja de acero en todo el per\u00edmetro de la Unidad, adem\u00e1s&nbsp;se realiz\u00f3 la rehabilitaci\u00f3n [&hellip;]","og_url":"https:\/\/lospoliticosveracruz.com\/?p=118088","og_site_name":"Los pol\u00edticos Veracruz","article_publisher":"https:\/\/www.facebook.com\/people\/Notimemes-de-los-Polticos\/61565672886568\/","article_published_time":"2024-02-08T19:41:38+00:00","article_modified_time":"2024-02-08T19:41:56+00:00","og_image":[{"width":200,"height":200,"url":"https:\/\/lospoliticosveracruz.com\/wp-content\/uploads\/2016\/07\/Logo-Dor.jpg","type":"image\/jpeg"}],"author":"Lo viste en Los Pol\u00edticos","twitter_card":"summary_large_image","twitter_creator":"@LosPoliticosVer","twitter_site":"@LosPoliticosVer","twitter_misc":{"Escrito por":"Lo viste en Los Pol\u00edticos","Tiempo de lectura":"2 minutos"},"schema":{"@context":"https:\/\/schema.org","@graph":[{"@type":"Article","@id":"https:\/\/lospoliticosveracruz.com\/?p=118088#article","isPartOf":{"@id":"https:\/\/lospoliticosveracruz.com\/?p=118088"},"author":{"name":"Lo viste en Los Pol\u00edticos","@id":"https:\/\/lospoliticosveracruz.com\/#\/schema\/person\/b8702bb0e538456e6efd07080bf2a4a2"},"headline":"QUED\u00d3 LA FLAMER!","datePublished":"2024-02-08T19:41:38+00:00","dateModified":"2024-02-08T19:41:56+00:00","mainEntityOfPage":{"@id":"https:\/\/lospoliticosveracruz.com\/?p=118088"},"wordCount":367,"publisher":{"@id":"https:\/\/lospoliticosveracruz.com\/#organization"},"articleSection":["De Boleto"],"inLanguage":"es"},{"@type":"WebPage","@id":"https:\/\/lospoliticosveracruz.com\/?p=118088","url":"https:\/\/lospoliticosveracruz.com\/?p=118088","name":"QUED\u00d3 LA FLAMER! - Los pol\u00edticos Veracruz","isPartOf":{"@id":"https:\/\/lospoliticosveracruz.com\/#website"},"datePublished":"2024-02-08T19:41:38+00:00","dateModified":"2024-02-08T19:41:56+00:00","breadcrumb":{"@id":"https:\/\/lospoliticosveracruz.com\/?p=118088#breadcrumb"},"inLanguage":"es","potentialAction":[{"@type":"ReadAction","target":["https:\/\/lospoliticosveracruz.com\/?p=118088"]}]},{"@type":"BreadcrumbList","@id":"https:\/\/lospoliticosveracruz.com\/?p=118088#breadcrumb","itemListElement":[{"@type":"ListItem","position":1,"name":"Portada","item":"https:\/\/lospoliticosveracruz.com\/"},{"@type":"ListItem","position":2,"name":"QUED\u00d3 LA FLAMER!"}]},{"@type":"WebSite","@id":"https:\/\/lospoliticosveracruz.com\/#website","url":"https:\/\/lospoliticosveracruz.com\/","name":"Los pol\u00edticos Veracruz","description":"","publisher":{"@id":"https:\/\/lospoliticosveracruz.com\/#organization"},"potentialAction":[{"@type":"SearchAction","target":{"@type":"EntryPoint","urlTemplate":"https:\/\/lospoliticosveracruz.com\/?s={search_term_string}"},"query-input":{"@type":"PropertyValueSpecification","valueRequired":true,"valueName":"search_term_string"}}],"inLanguage":"es"},{"@type":"Organization","@id":"https:\/\/lospoliticosveracruz.com\/#organization","name":"Los pol\u00edticos Veracruz","url":"https:\/\/lospoliticosveracruz.com\/","logo":{"@type":"ImageObject","inLanguage":"es","@id":"https:\/\/lospoliticosveracruz.com\/#\/schema\/logo\/image\/","url":"https:\/\/lospoliticosveracruz.com\/wp-content\/uploads\/2025\/12\/Logo-Nuevo-LOS-POLITICOS-1.jpg","contentUrl":"https:\/\/lospoliticosveracruz.com\/wp-content\/uploads\/2025\/12\/Logo-Nuevo-LOS-POLITICOS-1.jpg","width":260,"height":70,"caption":"Los pol\u00edticos Veracruz"},"image":{"@id":"https:\/\/lospoliticosveracruz.com\/#\/schema\/logo\/image\/"},"sameAs":["https:\/\/www.facebook.com\/people\/Notimemes-de-los-Polticos\/61565672886568\/","https:\/\/x.com\/LosPoliticosVer"]},{"@type":"Person","@id":"https:\/\/lospoliticosveracruz.com\/#\/schema\/person\/b8702bb0e538456e6efd07080bf2a4a2","name":"Lo viste en Los Pol\u00edticos","image":{"@type":"ImageObject","inLanguage":"es","@id":"https:\/\/secure.gravatar.com\/avatar\/3a8de04a2656d44082be478bd6c086daa447c4651605818287b9532d3d0bd435?s=96&d=mm&r=g","url":"https:\/\/secure.gravatar.com\/avatar\/3a8de04a2656d44082be478bd6c086daa447c4651605818287b9532d3d0bd435?s=96&d=mm&r=g","contentUrl":"https:\/\/secure.gravatar.com\/avatar\/3a8de04a2656d44082be478bd6c086daa447c4651605818287b9532d3d0bd435?s=96&d=mm&r=g","caption":"Lo viste en Los Pol\u00edticos"},"url":"https:\/\/lospoliticosveracruz.com\/?author=2"}]}},"_links":{"self":[{"href":"https:\/\/lospoliticosveracruz.com\/index.php?rest_route=\/wp\/v2\/posts\/118088","targetHints":{"allow":["GET"]}}],"collection":[{"href":"https:\/\/lospoliticosveracruz.com\/index.php?rest_route=\/wp\/v2\/posts"}],"about":[{"href":"https:\/\/lospoliticosveracruz.com\/index.php?rest_route=\/wp\/v2\/types\/post"}],"author":[{"embeddable":true,"href":"https:\/\/lospoliticosveracruz.com\/index.php?rest_route=\/wp\/v2\/users\/2"}],"replies":[{"embeddable":true,"href":"https:\/\/lospoliticosveracruz.com\/index.php?rest_route=%2Fwp%2Fv2%2Fcomments&post=118088"}],"version-history":[{"count":2,"href":"https:\/\/lospoliticosveracruz.com\/index.php?rest_route=\/wp\/v2\/posts\/118088\/revisions"}],"predecessor-version":[{"id":118091,"href":"https:\/\/lospoliticosveracruz.com\/index.php?rest_route=\/wp\/v2\/posts\/118088\/revisions\/118091"}],"wp:attachment":[{"href":"https:\/\/lospoliticosveracruz.com\/index.php?rest_route=%2Fwp%2Fv2%2Fmedia&parent=118088"}],"wp:term":[{"taxonomy":"category","embeddable":true,"href":"https:\/\/lospoliticosveracruz.com\/index.php?rest_route=%2Fwp%2Fv2%2Fcategories&post=118088"},{"taxonomy":"post_tag","embeddable":true,"href":"https:\/\/lospoliticosveracruz.com\/index.php?rest_route=%2Fwp%2Fv2%2Ftags&post=118088"}],"curies":[{"name":"wp","href":"https:\/\/api.w.org\/{rel}","templated":true}]}}