{"id":118209,"date":"2024-02-11T14:10:58","date_gmt":"2024-02-11T20:10:58","guid":{"rendered":"https:\/\/lospoliticosveracruz.com.mx\/?p=118209"},"modified":"2024-02-11T14:11:02","modified_gmt":"2024-02-11T20:11:02","slug":"nahle-garantia-de-triunfo","status":"publish","type":"post","link":"https:\/\/lospoliticosveracruz.com\/?p=118209","title":{"rendered":"NAHLE, GARANT\u00cdA DE TRIUNFO!"},"content":{"rendered":"\n<p><em>Alvarado<\/em><br>En el c\u00e1lido y multitudinario cierre de precampa\u00f1a de la precandidata a la gubernatura de Veracruz por la coalici\u00f3n \u201cSigamos haciendo historia en Veracruz\u201d, Roc\u00edo Nahle Garc\u00eda, estuvieron presentes Zenyazen Escobar Garc\u00eda y Maestros Con Morena (MCM) para respaldarla y garantizar el triunfo de la 4T.<\/p>\n\n\n\n<p>En el malec\u00f3n de Alvarado esta tarde se concentraron miles de simpatizantes y militantes de las cuatro fuerzas pol\u00edticas que apoyan a Nahle Garc\u00eda: Morena, PT, Partido Verde y Fuerza por M\u00e9xico Veracruz, procedentes de diferentes partes de la entidad.<\/p>\n\n\n\n<p>Y ah\u00ed estuvieron MCM y su l\u00edder, Zenyazen Escobar Garc\u00eda, una vez m\u00e1s, porque son docentes que fueron lastimados en sus derechos laborales en el sexenio pasado con la mal llamada reforma educativa, y hoy tienen nuevamente la esperanza de que mientras gobierne la 4T no sufrir\u00e1n ninguna afrenta.<\/p>\n\n\n\n<p>Por consiguiente, celebraron que Nahle Garc\u00eda tenga siempre presente al gremio magisterial y a los estudiantes, y en su cierre de precampa\u00f1a lo reafirm\u00f3 al hacer eco y respaldar las iniciativas de reforma a la Constituci\u00f3n presentadas por el presidente del pa\u00eds, Andr\u00e9s Manuel L\u00f3pez Obrador, que incluyen otorgar becas a alumnos de bajos recursos en todos los niveles educativos, el salario m\u00ednimo de maestros no sea menor al de trabajadores inscritos al Seguro Social, as\u00ed como garantizar el derecho a la educaci\u00f3n.<\/p>\n\n\n\n<p>Ante las innumerables porras de MCM \u00abRoc\u00edo, amiga, el magisterio est\u00e1 contigo\u00bb, la respuesta de la precandidata no se hizo esperar y les expres\u00f3: \u00abgracias, maestros\u00bb.<\/p>\n\n\n\n<p>Zenyazen Escobar y MCM refrendaron su compromiso de continuar impulsando al movimiento de la 4T, porque es ejemplo mundial, con ideolog\u00eda del bien com\u00fan, tal como lo dijo Roc\u00edo Nahle Garc\u00eda.<\/p>\n","protected":false},"excerpt":{"rendered":"<p>AlvaradoEn el c\u00e1lido y multitudinario cierre de precampa\u00f1a de la precandidata a la gubernatura de Veracruz por la coalici\u00f3n \u201cSigamos haciendo historia en Veracruz\u201d, Roc\u00edo Nahle Garc\u00eda, estuvieron presentes Zenyazen Escobar Garc\u00eda y Maestros Con Morena (MCM) para respaldarla y garantizar el triunfo de la 4T. En el malec\u00f3n de Alvarado esta tarde se concentraron [&hellip;]<\/p>\n","protected":false},"author":2,"featured_media":0,"comment_status":"closed","ping_status":"closed","sticky":false,"template":"","format":"standard","meta":{"tdm_status":"","tdm_grid_status":"","footnotes":""},"categories":[1],"tags":[1026,3578,195],"class_list":{"0":"post-118209","1":"post","2":"type-post","3":"status-publish","4":"format-standard","6":"category-sin-categoria","7":"tag-morena","8":"tag-rocio-nahle","9":"tag-veracruz"},"yoast_head":"<!-- This site is optimized with the Yoast SEO plugin v27.4 - https:\/\/yoast.com\/product\/yoast-seo-wordpress\/ -->\n<title>NAHLE, GARANT\u00cdA DE TRIUNFO! - Los pol\u00edticos Veracruz<\/title>\n<meta name=\"robots\" content=\"index, follow, max-snippet:-1, max-image-preview:large, max-video-preview:-1\" \/>\n<link rel=\"canonical\" href=\"https:\/\/lospoliticosveracruz.com\/?p=118209\" \/>\n<meta property=\"og:locale\" content=\"es_ES\" \/>\n<meta property=\"og:type\" content=\"article\" \/>\n<meta property=\"og:title\" content=\"NAHLE, GARANT\u00cdA DE TRIUNFO! - Los pol\u00edticos Veracruz\" \/>\n<meta property=\"og:description\" content=\"AlvaradoEn el c\u00e1lido y multitudinario cierre de precampa\u00f1a de la precandidata a la gubernatura de Veracruz por la coalici\u00f3n \u201cSigamos haciendo historia en Veracruz\u201d, Roc\u00edo Nahle Garc\u00eda, estuvieron presentes Zenyazen Escobar Garc\u00eda y Maestros Con Morena (MCM) para respaldarla y garantizar el triunfo de la 4T. En el malec\u00f3n de Alvarado esta tarde se concentraron [&hellip;]\" \/>\n<meta property=\"og:url\" content=\"https:\/\/lospoliticosveracruz.com\/?p=118209\" \/>\n<meta property=\"og:site_name\" content=\"Los pol\u00edticos Veracruz\" \/>\n<meta property=\"article:publisher\" content=\"https:\/\/www.facebook.com\/people\/Notimemes-de-los-Polticos\/61565672886568\/\" \/>\n<meta property=\"article:published_time\" content=\"2024-02-11T20:10:58+00:00\" \/>\n<meta property=\"article:modified_time\" content=\"2024-02-11T20:11:02+00:00\" \/>\n<meta property=\"og:image\" content=\"https:\/\/lospoliticosveracruz.com\/wp-content\/uploads\/2016\/07\/Logo-Dor.jpg\" \/>\n\t<meta property=\"og:image:width\" content=\"200\" \/>\n\t<meta property=\"og:image:height\" content=\"200\" \/>\n\t<meta property=\"og:image:type\" content=\"image\/jpeg\" \/>\n<meta name=\"author\" content=\"Lo viste en Los Pol\u00edticos\" \/>\n<meta name=\"twitter:card\" content=\"summary_large_image\" \/>\n<meta name=\"twitter:creator\" content=\"@LosPoliticosVer\" \/>\n<meta name=\"twitter:site\" content=\"@LosPoliticosVer\" \/>\n<meta name=\"twitter:label1\" content=\"Escrito por\" \/>\n\t<meta name=\"twitter:data1\" content=\"Lo viste en Los Pol\u00edticos\" \/>\n\t<meta name=\"twitter:label2\" content=\"Tiempo de lectura\" \/>\n\t<meta name=\"twitter:data2\" content=\"2 minutos\" \/>\n<script type=\"application\/ld+json\" class=\"yoast-schema-graph\">{\"@context\":\"https:\\\/\\\/schema.org\",\"@graph\":[{\"@type\":\"Article\",\"@id\":\"https:\\\/\\\/lospoliticosveracruz.com\\\/?p=118209#article\",\"isPartOf\":{\"@id\":\"https:\\\/\\\/lospoliticosveracruz.com\\\/?p=118209\"},\"author\":{\"name\":\"Lo viste en Los Pol\u00edticos\",\"@id\":\"https:\\\/\\\/lospoliticosveracruz.com\\\/#\\\/schema\\\/person\\\/b8702bb0e538456e6efd07080bf2a4a2\"},\"headline\":\"NAHLE, GARANT\u00cdA DE TRIUNFO!\",\"datePublished\":\"2024-02-11T20:10:58+00:00\",\"dateModified\":\"2024-02-11T20:11:02+00:00\",\"mainEntityOfPage\":{\"@id\":\"https:\\\/\\\/lospoliticosveracruz.com\\\/?p=118209\"},\"wordCount\":308,\"publisher\":{\"@id\":\"https:\\\/\\\/lospoliticosveracruz.com\\\/#organization\"},\"keywords\":[\"Morena\",\"Roc\u00edo Nahle\",\"Veracruz\"],\"inLanguage\":\"es\"},{\"@type\":\"WebPage\",\"@id\":\"https:\\\/\\\/lospoliticosveracruz.com\\\/?p=118209\",\"url\":\"https:\\\/\\\/lospoliticosveracruz.com\\\/?p=118209\",\"name\":\"NAHLE, GARANT\u00cdA DE TRIUNFO! - Los pol\u00edticos Veracruz\",\"isPartOf\":{\"@id\":\"https:\\\/\\\/lospoliticosveracruz.com\\\/#website\"},\"datePublished\":\"2024-02-11T20:10:58+00:00\",\"dateModified\":\"2024-02-11T20:11:02+00:00\",\"breadcrumb\":{\"@id\":\"https:\\\/\\\/lospoliticosveracruz.com\\\/?p=118209#breadcrumb\"},\"inLanguage\":\"es\",\"potentialAction\":[{\"@type\":\"ReadAction\",\"target\":[\"https:\\\/\\\/lospoliticosveracruz.com\\\/?p=118209\"]}]},{\"@type\":\"BreadcrumbList\",\"@id\":\"https:\\\/\\\/lospoliticosveracruz.com\\\/?p=118209#breadcrumb\",\"itemListElement\":[{\"@type\":\"ListItem\",\"position\":1,\"name\":\"Portada\",\"item\":\"https:\\\/\\\/lospoliticosveracruz.com\\\/\"},{\"@type\":\"ListItem\",\"position\":2,\"name\":\"NAHLE, GARANT\u00cdA DE TRIUNFO!\"}]},{\"@type\":\"WebSite\",\"@id\":\"https:\\\/\\\/lospoliticosveracruz.com\\\/#website\",\"url\":\"https:\\\/\\\/lospoliticosveracruz.com\\\/\",\"name\":\"Los pol\u00edticos Veracruz\",\"description\":\"\",\"publisher\":{\"@id\":\"https:\\\/\\\/lospoliticosveracruz.com\\\/#organization\"},\"potentialAction\":[{\"@type\":\"SearchAction\",\"target\":{\"@type\":\"EntryPoint\",\"urlTemplate\":\"https:\\\/\\\/lospoliticosveracruz.com\\\/?s={search_term_string}\"},\"query-input\":{\"@type\":\"PropertyValueSpecification\",\"valueRequired\":true,\"valueName\":\"search_term_string\"}}],\"inLanguage\":\"es\"},{\"@type\":\"Organization\",\"@id\":\"https:\\\/\\\/lospoliticosveracruz.com\\\/#organization\",\"name\":\"Los pol\u00edticos Veracruz\",\"url\":\"https:\\\/\\\/lospoliticosveracruz.com\\\/\",\"logo\":{\"@type\":\"ImageObject\",\"inLanguage\":\"es\",\"@id\":\"https:\\\/\\\/lospoliticosveracruz.com\\\/#\\\/schema\\\/logo\\\/image\\\/\",\"url\":\"https:\\\/\\\/lospoliticosveracruz.com\\\/wp-content\\\/uploads\\\/2025\\\/12\\\/Logo-Nuevo-LOS-POLITICOS-1.jpg\",\"contentUrl\":\"https:\\\/\\\/lospoliticosveracruz.com\\\/wp-content\\\/uploads\\\/2025\\\/12\\\/Logo-Nuevo-LOS-POLITICOS-1.jpg\",\"width\":260,\"height\":70,\"caption\":\"Los pol\u00edticos Veracruz\"},\"image\":{\"@id\":\"https:\\\/\\\/lospoliticosveracruz.com\\\/#\\\/schema\\\/logo\\\/image\\\/\"},\"sameAs\":[\"https:\\\/\\\/www.facebook.com\\\/people\\\/Notimemes-de-los-Polticos\\\/61565672886568\\\/\",\"https:\\\/\\\/x.com\\\/LosPoliticosVer\"]},{\"@type\":\"Person\",\"@id\":\"https:\\\/\\\/lospoliticosveracruz.com\\\/#\\\/schema\\\/person\\\/b8702bb0e538456e6efd07080bf2a4a2\",\"name\":\"Lo viste en Los Pol\u00edticos\",\"image\":{\"@type\":\"ImageObject\",\"inLanguage\":\"es\",\"@id\":\"https:\\\/\\\/secure.gravatar.com\\\/avatar\\\/3a8de04a2656d44082be478bd6c086daa447c4651605818287b9532d3d0bd435?s=96&d=mm&r=g\",\"url\":\"https:\\\/\\\/secure.gravatar.com\\\/avatar\\\/3a8de04a2656d44082be478bd6c086daa447c4651605818287b9532d3d0bd435?s=96&d=mm&r=g\",\"contentUrl\":\"https:\\\/\\\/secure.gravatar.com\\\/avatar\\\/3a8de04a2656d44082be478bd6c086daa447c4651605818287b9532d3d0bd435?s=96&d=mm&r=g\",\"caption\":\"Lo viste en Los Pol\u00edticos\"},\"url\":\"https:\\\/\\\/lospoliticosveracruz.com\\\/?author=2\"}]}<\/script>\n<!-- \/ Yoast SEO plugin. -->","yoast_head_json":{"title":"NAHLE, GARANT\u00cdA DE TRIUNFO! - Los pol\u00edticos Veracruz","robots":{"index":"index","follow":"follow","max-snippet":"max-snippet:-1","max-image-preview":"max-image-preview:large","max-video-preview":"max-video-preview:-1"},"canonical":"https:\/\/lospoliticosveracruz.com\/?p=118209","og_locale":"es_ES","og_type":"article","og_title":"NAHLE, GARANT\u00cdA DE TRIUNFO! - Los pol\u00edticos Veracruz","og_description":"AlvaradoEn el c\u00e1lido y multitudinario cierre de precampa\u00f1a de la precandidata a la gubernatura de Veracruz por la coalici\u00f3n \u201cSigamos haciendo historia en Veracruz\u201d, Roc\u00edo Nahle Garc\u00eda, estuvieron presentes Zenyazen Escobar Garc\u00eda y Maestros Con Morena (MCM) para respaldarla y garantizar el triunfo de la 4T. En el malec\u00f3n de Alvarado esta tarde se concentraron [&hellip;]","og_url":"https:\/\/lospoliticosveracruz.com\/?p=118209","og_site_name":"Los pol\u00edticos Veracruz","article_publisher":"https:\/\/www.facebook.com\/people\/Notimemes-de-los-Polticos\/61565672886568\/","article_published_time":"2024-02-11T20:10:58+00:00","article_modified_time":"2024-02-11T20:11:02+00:00","og_image":[{"width":200,"height":200,"url":"https:\/\/lospoliticosveracruz.com\/wp-content\/uploads\/2016\/07\/Logo-Dor.jpg","type":"image\/jpeg"}],"author":"Lo viste en Los Pol\u00edticos","twitter_card":"summary_large_image","twitter_creator":"@LosPoliticosVer","twitter_site":"@LosPoliticosVer","twitter_misc":{"Escrito por":"Lo viste en Los Pol\u00edticos","Tiempo de lectura":"2 minutos"},"schema":{"@context":"https:\/\/schema.org","@graph":[{"@type":"Article","@id":"https:\/\/lospoliticosveracruz.com\/?p=118209#article","isPartOf":{"@id":"https:\/\/lospoliticosveracruz.com\/?p=118209"},"author":{"name":"Lo viste en Los Pol\u00edticos","@id":"https:\/\/lospoliticosveracruz.com\/#\/schema\/person\/b8702bb0e538456e6efd07080bf2a4a2"},"headline":"NAHLE, GARANT\u00cdA DE TRIUNFO!","datePublished":"2024-02-11T20:10:58+00:00","dateModified":"2024-02-11T20:11:02+00:00","mainEntityOfPage":{"@id":"https:\/\/lospoliticosveracruz.com\/?p=118209"},"wordCount":308,"publisher":{"@id":"https:\/\/lospoliticosveracruz.com\/#organization"},"keywords":["Morena","Roc\u00edo Nahle","Veracruz"],"inLanguage":"es"},{"@type":"WebPage","@id":"https:\/\/lospoliticosveracruz.com\/?p=118209","url":"https:\/\/lospoliticosveracruz.com\/?p=118209","name":"NAHLE, GARANT\u00cdA DE TRIUNFO! - Los pol\u00edticos Veracruz","isPartOf":{"@id":"https:\/\/lospoliticosveracruz.com\/#website"},"datePublished":"2024-02-11T20:10:58+00:00","dateModified":"2024-02-11T20:11:02+00:00","breadcrumb":{"@id":"https:\/\/lospoliticosveracruz.com\/?p=118209#breadcrumb"},"inLanguage":"es","potentialAction":[{"@type":"ReadAction","target":["https:\/\/lospoliticosveracruz.com\/?p=118209"]}]},{"@type":"BreadcrumbList","@id":"https:\/\/lospoliticosveracruz.com\/?p=118209#breadcrumb","itemListElement":[{"@type":"ListItem","position":1,"name":"Portada","item":"https:\/\/lospoliticosveracruz.com\/"},{"@type":"ListItem","position":2,"name":"NAHLE, GARANT\u00cdA DE TRIUNFO!"}]},{"@type":"WebSite","@id":"https:\/\/lospoliticosveracruz.com\/#website","url":"https:\/\/lospoliticosveracruz.com\/","name":"Los pol\u00edticos Veracruz","description":"","publisher":{"@id":"https:\/\/lospoliticosveracruz.com\/#organization"},"potentialAction":[{"@type":"SearchAction","target":{"@type":"EntryPoint","urlTemplate":"https:\/\/lospoliticosveracruz.com\/?s={search_term_string}"},"query-input":{"@type":"PropertyValueSpecification","valueRequired":true,"valueName":"search_term_string"}}],"inLanguage":"es"},{"@type":"Organization","@id":"https:\/\/lospoliticosveracruz.com\/#organization","name":"Los pol\u00edticos Veracruz","url":"https:\/\/lospoliticosveracruz.com\/","logo":{"@type":"ImageObject","inLanguage":"es","@id":"https:\/\/lospoliticosveracruz.com\/#\/schema\/logo\/image\/","url":"https:\/\/lospoliticosveracruz.com\/wp-content\/uploads\/2025\/12\/Logo-Nuevo-LOS-POLITICOS-1.jpg","contentUrl":"https:\/\/lospoliticosveracruz.com\/wp-content\/uploads\/2025\/12\/Logo-Nuevo-LOS-POLITICOS-1.jpg","width":260,"height":70,"caption":"Los pol\u00edticos Veracruz"},"image":{"@id":"https:\/\/lospoliticosveracruz.com\/#\/schema\/logo\/image\/"},"sameAs":["https:\/\/www.facebook.com\/people\/Notimemes-de-los-Polticos\/61565672886568\/","https:\/\/x.com\/LosPoliticosVer"]},{"@type":"Person","@id":"https:\/\/lospoliticosveracruz.com\/#\/schema\/person\/b8702bb0e538456e6efd07080bf2a4a2","name":"Lo viste en Los Pol\u00edticos","image":{"@type":"ImageObject","inLanguage":"es","@id":"https:\/\/secure.gravatar.com\/avatar\/3a8de04a2656d44082be478bd6c086daa447c4651605818287b9532d3d0bd435?s=96&d=mm&r=g","url":"https:\/\/secure.gravatar.com\/avatar\/3a8de04a2656d44082be478bd6c086daa447c4651605818287b9532d3d0bd435?s=96&d=mm&r=g","contentUrl":"https:\/\/secure.gravatar.com\/avatar\/3a8de04a2656d44082be478bd6c086daa447c4651605818287b9532d3d0bd435?s=96&d=mm&r=g","caption":"Lo viste en Los Pol\u00edticos"},"url":"https:\/\/lospoliticosveracruz.com\/?author=2"}]}},"_links":{"self":[{"href":"https:\/\/lospoliticosveracruz.com\/index.php?rest_route=\/wp\/v2\/posts\/118209","targetHints":{"allow":["GET"]}}],"collection":[{"href":"https:\/\/lospoliticosveracruz.com\/index.php?rest_route=\/wp\/v2\/posts"}],"about":[{"href":"https:\/\/lospoliticosveracruz.com\/index.php?rest_route=\/wp\/v2\/types\/post"}],"author":[{"embeddable":true,"href":"https:\/\/lospoliticosveracruz.com\/index.php?rest_route=\/wp\/v2\/users\/2"}],"replies":[{"embeddable":true,"href":"https:\/\/lospoliticosveracruz.com\/index.php?rest_route=%2Fwp%2Fv2%2Fcomments&post=118209"}],"version-history":[{"count":1,"href":"https:\/\/lospoliticosveracruz.com\/index.php?rest_route=\/wp\/v2\/posts\/118209\/revisions"}],"predecessor-version":[{"id":118211,"href":"https:\/\/lospoliticosveracruz.com\/index.php?rest_route=\/wp\/v2\/posts\/118209\/revisions\/118211"}],"wp:attachment":[{"href":"https:\/\/lospoliticosveracruz.com\/index.php?rest_route=%2Fwp%2Fv2%2Fmedia&parent=118209"}],"wp:term":[{"taxonomy":"category","embeddable":true,"href":"https:\/\/lospoliticosveracruz.com\/index.php?rest_route=%2Fwp%2Fv2%2Fcategories&post=118209"},{"taxonomy":"post_tag","embeddable":true,"href":"https:\/\/lospoliticosveracruz.com\/index.php?rest_route=%2Fwp%2Fv2%2Ftags&post=118209"}],"curies":[{"name":"wp","href":"https:\/\/api.w.org\/{rel}","templated":true}]}}