{"id":118233,"date":"2024-02-12T06:42:12","date_gmt":"2024-02-12T12:42:12","guid":{"rendered":"https:\/\/lospoliticosveracruz.com.mx\/?p=118233"},"modified":"2024-02-12T09:29:04","modified_gmt":"2024-02-12T15:29:04","slug":"el-cierre-de-pepe","status":"publish","type":"post","link":"https:\/\/lospoliticosveracruz.com\/?p=118233","title":{"rendered":"EL CIERRE DE PEPE"},"content":{"rendered":"\n<p><strong>Omar Z\u00fa\u00f1iga<\/strong><\/p>\n\n\n\n<p><em>De Primera Mano<\/em><\/p>\n\n\n\n<p>El s\u00e1bado termin\u00f3 el periodo de precampa\u00f1as para quienes buscan la gubernatura de Veracruz.<\/p>\n\n\n\n<p><strong>Roc\u00edo&nbsp;<\/strong><strong>Nahle<\/strong><strong>&nbsp;<\/strong>del&nbsp;partido Morena y&nbsp;<strong>Pepe&nbsp;<\/strong><strong>Yunes<\/strong>, concluyeron de maneras muy distintas.<\/p>\n\n\n\n<p>Nahle\u00a0lo hizo con un mitin al m\u00e1s puro estilo priista de los a\u00f1os setenta\u00a0en Alvarado, que por cierto es un municipio y distrito que muy probablemente perder\u00e1n, pues la alcaldesa, a pesar de que lleg\u00f3 por el PVEM, siempre fue ninguneada por las tribus\u00a0morenistas, sobre todo de\u00a0<strong>Juan Javier G\u00f3mez\u00a0Cazar\u00edn<\/strong>, aunado a candidatos fuertes que contender\u00e1n por MC y la Coalici\u00f3n.<\/p>\n\n\n\n<figure class=\"wp-block-embed is-type-video is-provider-youtube wp-block-embed-youtube wp-embed-aspect-16-9 wp-has-aspect-ratio\"><div class=\"wp-block-embed__wrapper\">\n<iframe loading=\"lazy\" title=\"Cluster Coworking\" width=\"696\" height=\"392\" src=\"https:\/\/www.youtube.com\/embed\/Nxe-vxf8GuY?feature=oembed\" frameborder=\"0\" allow=\"accelerometer; autoplay; clipboard-write; encrypted-media; gyroscope; picture-in-picture; web-share\" referrerpolicy=\"strict-origin-when-cross-origin\" allowfullscreen><\/iframe>\n<\/div><\/figure>\n\n\n\n<p>El otro cierre fue del de&nbsp;<strong>Pepe&nbsp;<\/strong><strong>Yunes<\/strong>, que lo hizo como empez\u00f3 su precampa\u00f1a: informando (as\u00ed, en gerundio).<\/p>\n\n\n\n<p>Una reuni\u00f3n con reporteros, camar\u00f3grafos, caricaturistas, reporteros gr\u00e1ficos, columnistas en el puerto de Veracruz fue el marco de su \u00faltimo acto de precampa\u00f1a.&nbsp;<\/p>\n\n\n\n<p>Nada estridente, s\u00f3lo una reuni\u00f3n con quien informa a la sociedad veracruzana en su conjunto\u2026<\/p>\n\n\n\n<p>Una reuni\u00f3n de esta naturaleza que la oriunda de Zacatecas nunca ha tenido, porque no aguanta los cuestionamientos, cr\u00edticos o no, de gente que sabe.<\/p>\n\n\n\n<p>Y no los aguanta, porque con ellos &nbsp;siente que demuestra su ignorancia supina, adem\u00e1s de que deja en claro su soberbia, su falta de humildad.<\/p>\n\n\n\n<p>Pepe en cambio, se notaba tranquilo, en su elemento, c\u00f3modo, entre profesionales -que salvo un&nbsp;apestado por ah\u00ed que nom\u00e1s no se hallaba-, sin temor al cuestionamiento cr\u00edtico, saludando de mano y por su nombre a cada uno de los que ah\u00ed estaban, abierto al di\u00e1logo siempre, sin temor de entrarle al toro por los cuernos.<\/p>\n\n\n\n<p>Ah\u00ed, Pepe dej\u00f3 en claro lo que significa ser Veracruzano de Verdad, que es&nbsp;algo m\u00e1s all\u00e1 de un accidente biol\u00f3gico; es algo m\u00e1s all\u00e1&nbsp;del lugar donde se&nbsp;nace o donde se&nbsp;quiere vivir.<\/p>\n\n\n\n<p>\u201cEs&nbsp;un movimiento que&nbsp;debe exigir participaci\u00f3n, que tiene que convocar esfuerzos en funci\u00f3n de lo que queremos para nuestro estado,&nbsp;de lo&nbsp;que&nbsp;anhelamos&nbsp;para Veracruz,&nbsp;desde&nbsp;un concepto de identidad y desde un concepto de comunidad\u201d.&nbsp;<\/p>\n\n\n\n<p>\u201cVeracruzano de Verdad es aquel que no&nbsp;deja&nbsp;de&nbsp;indignarse cuando&nbsp;las&nbsp;cosas no funcionan;&nbsp;Veracruz se&nbsp;cae a&nbsp;pedazos&nbsp;y un Veracruzano de Verdad no&nbsp;puede&nbsp;quedarse&nbsp;inm\u00f3vil, arrinconado,&nbsp;atemorizado,cuando estamos viendo que&nbsp;en&nbsp;el estado se vive mal, se vive con miedo, se vive sin oportunidades\u201d.<\/p>\n\n\n\n<p>\u201cVeracruzano de Verdad&nbsp;tiene que ver con conocer la realidad&nbsp;de la entidad;&nbsp;es tener perfectamente bien clara&nbsp;su condici\u00f3n geogr\u00e1fica, pero tambi\u00e9n su mapa humano, el origen&nbsp;de&nbsp;por d\u00f3nde&nbsp;puede surgir la soluci\u00f3n a los problemas sociales, econ\u00f3micos, pol\u00edticos de la entidad, pero tambi\u00e9n tener claro qu\u00e9 es lo que se est\u00e1 demandando en cada parte\u201d.<\/p>\n\n\n\n<p>\u201cVeracruzano de Verdad es aquella&nbsp;persona que&nbsp;tambi\u00e9n se organiza,&nbsp;que trabaja para que la justicia, las&nbsp;libertades&nbsp;en la red institucional funcionen y funcionen bien, en&nbsp;beneficio de nuestras familias y de nuestra poblaci\u00f3n\u201d.&nbsp;<\/p>\n\n\n\n<p>\u201cUn&nbsp;Veracruzano de Verdad&nbsp;no&nbsp;puede&nbsp;acostumbrarse a&nbsp;la mediocridad,&nbsp;no puede normalizar el miedo en cualquiera de sus expresiones:&nbsp;dentro del hogar, dentro del trabajo, en las&nbsp;calles, en las regiones, como algo inamovible y&nbsp;con lo que tenemos que aprender a vivir;&nbsp;un Veracruzano de Verdad&nbsp;rechaza&nbsp;esta idea,&nbsp;se organiza y lucha por transformarla\u201d<\/p>\n\n\n\n<p>\u201cNo puede cerrar los ojos al abandono&nbsp;en&nbsp;el que est\u00e1n mucho de los sectores de nuestra&nbsp;poblaci\u00f3n, las mam\u00e1s buscadoras, nuestros j\u00f3venes buscando trabajo solos&nbsp;y a veces fuera del&nbsp;estado y del&nbsp;pa\u00eds por el abandono a la actividad econ\u00f3mica, por el abandono a los servicios de salud que hace todav\u00eda mucho m\u00e1s dram\u00e1tico&nbsp;el viacrucis de quienes tienen que tocar puertas sin atenci\u00f3n,&nbsp;en busca de&nbsp;medicinas\u201d.<\/p>\n\n\n\n<p>Pepe&nbsp;Yunes&nbsp;busca hacer&nbsp;un&nbsp;movimiento que pueda trascender m\u00e1s all\u00e1 de las barreras de temporalidad,&nbsp;que requiere&nbsp;a todos.<\/p>\n\n\n\n<p>Es entonces que Pepe termin\u00f3 como empez\u00f3, informando a los veracruzanos a trav\u00e9s de los medios de comunicaci\u00f3n, &nbsp;y&nbsp;Nahle, en un mitin pedorro que junto a cientos de paleros y empleados de gobiernos, estatal y municipales, que terminar\u00e1n pas\u00e1ndole la factura.<\/p>\n\n\n\n<p>Termin\u00f3 sin un aparato de seguridad y sin una comitiva de 17 camionetas de &nbsp;lujo, &nbsp;como anduvo Roc\u00edo&nbsp;Nahle, adem\u00e1s que asegura no pedir\u00e1 seguridad extraordinaria en la pr\u00f3xima campa\u00f1a, porque lejos de negar la inseguridad latente y galopante en Veracruz, sostiene que el Estado debe garantizar que todos, TODOS los ciudadanos veracruzanos est\u00e9n seguros en su tierra, no s\u00f3lo unos cuantos y menos por coyunturas pol\u00edticas.<\/p>\n\n\n\n<p>\u00a1Qu\u00e9 barbaridad!<\/p>\n\n\n\n<p>deprimera.mano2020@gmail.com<\/p>\n","protected":false},"excerpt":{"rendered":"<p>Omar Z\u00fa\u00f1iga De Primera Mano El s\u00e1bado termin\u00f3 el periodo de precampa\u00f1as para quienes buscan la gubernatura de Veracruz. Roc\u00edo&nbsp;Nahle&nbsp;del&nbsp;partido Morena y&nbsp;Pepe&nbsp;Yunes, concluyeron de maneras muy distintas. Nahle\u00a0lo hizo con un mitin al m\u00e1s puro estilo priista de los a\u00f1os setenta\u00a0en Alvarado, que por cierto es un municipio y distrito que muy probablemente perder\u00e1n, pues [&hellip;]<\/p>\n","protected":false},"author":2,"featured_media":0,"comment_status":"closed","ping_status":"closed","sticky":false,"template":"","format":"standard","meta":{"tdm_status":"","tdm_grid_status":"","footnotes":""},"categories":[70],"tags":[570,251,195],"class_list":{"0":"post-118233","1":"post","2":"type-post","3":"status-publish","4":"format-standard","6":"category-de-opinion","7":"tag-pepe-yunes","8":"tag-pri","9":"tag-veracruz"},"yoast_head":"<!-- This site is optimized with the Yoast SEO plugin v27.4 - https:\/\/yoast.com\/product\/yoast-seo-wordpress\/ -->\n<title>EL CIERRE DE PEPE - Los pol\u00edticos Veracruz<\/title>\n<meta name=\"robots\" content=\"index, follow, max-snippet:-1, max-image-preview:large, max-video-preview:-1\" \/>\n<link rel=\"canonical\" href=\"https:\/\/lospoliticosveracruz.com\/?p=118233\" \/>\n<meta property=\"og:locale\" content=\"es_ES\" \/>\n<meta property=\"og:type\" content=\"article\" \/>\n<meta property=\"og:title\" content=\"EL CIERRE DE PEPE - Los pol\u00edticos Veracruz\" \/>\n<meta property=\"og:description\" content=\"Omar Z\u00fa\u00f1iga De Primera Mano El s\u00e1bado termin\u00f3 el periodo de precampa\u00f1as para quienes buscan la gubernatura de Veracruz. Roc\u00edo&nbsp;Nahle&nbsp;del&nbsp;partido Morena y&nbsp;Pepe&nbsp;Yunes, concluyeron de maneras muy distintas. Nahle\u00a0lo hizo con un mitin al m\u00e1s puro estilo priista de los a\u00f1os setenta\u00a0en Alvarado, que por cierto es un municipio y distrito que muy probablemente perder\u00e1n, pues [&hellip;]\" \/>\n<meta property=\"og:url\" content=\"https:\/\/lospoliticosveracruz.com\/?p=118233\" \/>\n<meta property=\"og:site_name\" content=\"Los pol\u00edticos Veracruz\" \/>\n<meta property=\"article:publisher\" content=\"https:\/\/www.facebook.com\/people\/Notimemes-de-los-Polticos\/61565672886568\/\" \/>\n<meta property=\"article:published_time\" content=\"2024-02-12T12:42:12+00:00\" \/>\n<meta property=\"article:modified_time\" content=\"2024-02-12T15:29:04+00:00\" \/>\n<meta property=\"og:image\" content=\"https:\/\/lospoliticosveracruz.com\/wp-content\/uploads\/2016\/07\/Logo-Dor.jpg\" \/>\n\t<meta property=\"og:image:width\" content=\"200\" \/>\n\t<meta property=\"og:image:height\" content=\"200\" \/>\n\t<meta property=\"og:image:type\" content=\"image\/jpeg\" \/>\n<meta name=\"author\" content=\"Lo viste en Los Pol\u00edticos\" \/>\n<meta name=\"twitter:card\" content=\"summary_large_image\" \/>\n<meta name=\"twitter:creator\" content=\"@LosPoliticosVer\" \/>\n<meta name=\"twitter:site\" content=\"@LosPoliticosVer\" \/>\n<meta name=\"twitter:label1\" content=\"Escrito por\" \/>\n\t<meta name=\"twitter:data1\" content=\"Lo viste en Los Pol\u00edticos\" \/>\n\t<meta name=\"twitter:label2\" content=\"Tiempo de lectura\" \/>\n\t<meta name=\"twitter:data2\" content=\"4 minutos\" \/>\n<script type=\"application\/ld+json\" class=\"yoast-schema-graph\">{\"@context\":\"https:\\\/\\\/schema.org\",\"@graph\":[{\"@type\":\"Article\",\"@id\":\"https:\\\/\\\/lospoliticosveracruz.com\\\/?p=118233#article\",\"isPartOf\":{\"@id\":\"https:\\\/\\\/lospoliticosveracruz.com\\\/?p=118233\"},\"author\":{\"name\":\"Lo viste en Los Pol\u00edticos\",\"@id\":\"https:\\\/\\\/lospoliticosveracruz.com\\\/#\\\/schema\\\/person\\\/b8702bb0e538456e6efd07080bf2a4a2\"},\"headline\":\"EL CIERRE DE PEPE\",\"datePublished\":\"2024-02-12T12:42:12+00:00\",\"dateModified\":\"2024-02-12T15:29:04+00:00\",\"mainEntityOfPage\":{\"@id\":\"https:\\\/\\\/lospoliticosveracruz.com\\\/?p=118233\"},\"wordCount\":893,\"publisher\":{\"@id\":\"https:\\\/\\\/lospoliticosveracruz.com\\\/#organization\"},\"keywords\":[\"Pepe Yunes\",\"PRI\",\"Veracruz\"],\"articleSection\":[\"De Opini\u00f3n\"],\"inLanguage\":\"es\"},{\"@type\":\"WebPage\",\"@id\":\"https:\\\/\\\/lospoliticosveracruz.com\\\/?p=118233\",\"url\":\"https:\\\/\\\/lospoliticosveracruz.com\\\/?p=118233\",\"name\":\"EL CIERRE DE PEPE - Los pol\u00edticos Veracruz\",\"isPartOf\":{\"@id\":\"https:\\\/\\\/lospoliticosveracruz.com\\\/#website\"},\"datePublished\":\"2024-02-12T12:42:12+00:00\",\"dateModified\":\"2024-02-12T15:29:04+00:00\",\"breadcrumb\":{\"@id\":\"https:\\\/\\\/lospoliticosveracruz.com\\\/?p=118233#breadcrumb\"},\"inLanguage\":\"es\",\"potentialAction\":[{\"@type\":\"ReadAction\",\"target\":[\"https:\\\/\\\/lospoliticosveracruz.com\\\/?p=118233\"]}]},{\"@type\":\"BreadcrumbList\",\"@id\":\"https:\\\/\\\/lospoliticosveracruz.com\\\/?p=118233#breadcrumb\",\"itemListElement\":[{\"@type\":\"ListItem\",\"position\":1,\"name\":\"Portada\",\"item\":\"https:\\\/\\\/lospoliticosveracruz.com\\\/\"},{\"@type\":\"ListItem\",\"position\":2,\"name\":\"EL CIERRE DE PEPE\"}]},{\"@type\":\"WebSite\",\"@id\":\"https:\\\/\\\/lospoliticosveracruz.com\\\/#website\",\"url\":\"https:\\\/\\\/lospoliticosveracruz.com\\\/\",\"name\":\"Los pol\u00edticos Veracruz\",\"description\":\"\",\"publisher\":{\"@id\":\"https:\\\/\\\/lospoliticosveracruz.com\\\/#organization\"},\"potentialAction\":[{\"@type\":\"SearchAction\",\"target\":{\"@type\":\"EntryPoint\",\"urlTemplate\":\"https:\\\/\\\/lospoliticosveracruz.com\\\/?s={search_term_string}\"},\"query-input\":{\"@type\":\"PropertyValueSpecification\",\"valueRequired\":true,\"valueName\":\"search_term_string\"}}],\"inLanguage\":\"es\"},{\"@type\":\"Organization\",\"@id\":\"https:\\\/\\\/lospoliticosveracruz.com\\\/#organization\",\"name\":\"Los pol\u00edticos Veracruz\",\"url\":\"https:\\\/\\\/lospoliticosveracruz.com\\\/\",\"logo\":{\"@type\":\"ImageObject\",\"inLanguage\":\"es\",\"@id\":\"https:\\\/\\\/lospoliticosveracruz.com\\\/#\\\/schema\\\/logo\\\/image\\\/\",\"url\":\"https:\\\/\\\/lospoliticosveracruz.com\\\/wp-content\\\/uploads\\\/2025\\\/12\\\/Logo-Nuevo-LOS-POLITICOS-1.jpg\",\"contentUrl\":\"https:\\\/\\\/lospoliticosveracruz.com\\\/wp-content\\\/uploads\\\/2025\\\/12\\\/Logo-Nuevo-LOS-POLITICOS-1.jpg\",\"width\":260,\"height\":70,\"caption\":\"Los pol\u00edticos Veracruz\"},\"image\":{\"@id\":\"https:\\\/\\\/lospoliticosveracruz.com\\\/#\\\/schema\\\/logo\\\/image\\\/\"},\"sameAs\":[\"https:\\\/\\\/www.facebook.com\\\/people\\\/Notimemes-de-los-Polticos\\\/61565672886568\\\/\",\"https:\\\/\\\/x.com\\\/LosPoliticosVer\"]},{\"@type\":\"Person\",\"@id\":\"https:\\\/\\\/lospoliticosveracruz.com\\\/#\\\/schema\\\/person\\\/b8702bb0e538456e6efd07080bf2a4a2\",\"name\":\"Lo viste en Los Pol\u00edticos\",\"image\":{\"@type\":\"ImageObject\",\"inLanguage\":\"es\",\"@id\":\"https:\\\/\\\/secure.gravatar.com\\\/avatar\\\/3a8de04a2656d44082be478bd6c086daa447c4651605818287b9532d3d0bd435?s=96&d=mm&r=g\",\"url\":\"https:\\\/\\\/secure.gravatar.com\\\/avatar\\\/3a8de04a2656d44082be478bd6c086daa447c4651605818287b9532d3d0bd435?s=96&d=mm&r=g\",\"contentUrl\":\"https:\\\/\\\/secure.gravatar.com\\\/avatar\\\/3a8de04a2656d44082be478bd6c086daa447c4651605818287b9532d3d0bd435?s=96&d=mm&r=g\",\"caption\":\"Lo viste en Los Pol\u00edticos\"},\"url\":\"https:\\\/\\\/lospoliticosveracruz.com\\\/?author=2\"}]}<\/script>\n<!-- \/ Yoast SEO plugin. -->","yoast_head_json":{"title":"EL CIERRE DE PEPE - Los pol\u00edticos Veracruz","robots":{"index":"index","follow":"follow","max-snippet":"max-snippet:-1","max-image-preview":"max-image-preview:large","max-video-preview":"max-video-preview:-1"},"canonical":"https:\/\/lospoliticosveracruz.com\/?p=118233","og_locale":"es_ES","og_type":"article","og_title":"EL CIERRE DE PEPE - Los pol\u00edticos Veracruz","og_description":"Omar Z\u00fa\u00f1iga De Primera Mano El s\u00e1bado termin\u00f3 el periodo de precampa\u00f1as para quienes buscan la gubernatura de Veracruz. Roc\u00edo&nbsp;Nahle&nbsp;del&nbsp;partido Morena y&nbsp;Pepe&nbsp;Yunes, concluyeron de maneras muy distintas. Nahle\u00a0lo hizo con un mitin al m\u00e1s puro estilo priista de los a\u00f1os setenta\u00a0en Alvarado, que por cierto es un municipio y distrito que muy probablemente perder\u00e1n, pues [&hellip;]","og_url":"https:\/\/lospoliticosveracruz.com\/?p=118233","og_site_name":"Los pol\u00edticos Veracruz","article_publisher":"https:\/\/www.facebook.com\/people\/Notimemes-de-los-Polticos\/61565672886568\/","article_published_time":"2024-02-12T12:42:12+00:00","article_modified_time":"2024-02-12T15:29:04+00:00","og_image":[{"width":200,"height":200,"url":"https:\/\/lospoliticosveracruz.com\/wp-content\/uploads\/2016\/07\/Logo-Dor.jpg","type":"image\/jpeg"}],"author":"Lo viste en Los Pol\u00edticos","twitter_card":"summary_large_image","twitter_creator":"@LosPoliticosVer","twitter_site":"@LosPoliticosVer","twitter_misc":{"Escrito por":"Lo viste en Los Pol\u00edticos","Tiempo de lectura":"4 minutos"},"schema":{"@context":"https:\/\/schema.org","@graph":[{"@type":"Article","@id":"https:\/\/lospoliticosveracruz.com\/?p=118233#article","isPartOf":{"@id":"https:\/\/lospoliticosveracruz.com\/?p=118233"},"author":{"name":"Lo viste en Los Pol\u00edticos","@id":"https:\/\/lospoliticosveracruz.com\/#\/schema\/person\/b8702bb0e538456e6efd07080bf2a4a2"},"headline":"EL CIERRE DE PEPE","datePublished":"2024-02-12T12:42:12+00:00","dateModified":"2024-02-12T15:29:04+00:00","mainEntityOfPage":{"@id":"https:\/\/lospoliticosveracruz.com\/?p=118233"},"wordCount":893,"publisher":{"@id":"https:\/\/lospoliticosveracruz.com\/#organization"},"keywords":["Pepe Yunes","PRI","Veracruz"],"articleSection":["De Opini\u00f3n"],"inLanguage":"es"},{"@type":"WebPage","@id":"https:\/\/lospoliticosveracruz.com\/?p=118233","url":"https:\/\/lospoliticosveracruz.com\/?p=118233","name":"EL CIERRE DE PEPE - Los pol\u00edticos Veracruz","isPartOf":{"@id":"https:\/\/lospoliticosveracruz.com\/#website"},"datePublished":"2024-02-12T12:42:12+00:00","dateModified":"2024-02-12T15:29:04+00:00","breadcrumb":{"@id":"https:\/\/lospoliticosveracruz.com\/?p=118233#breadcrumb"},"inLanguage":"es","potentialAction":[{"@type":"ReadAction","target":["https:\/\/lospoliticosveracruz.com\/?p=118233"]}]},{"@type":"BreadcrumbList","@id":"https:\/\/lospoliticosveracruz.com\/?p=118233#breadcrumb","itemListElement":[{"@type":"ListItem","position":1,"name":"Portada","item":"https:\/\/lospoliticosveracruz.com\/"},{"@type":"ListItem","position":2,"name":"EL CIERRE DE PEPE"}]},{"@type":"WebSite","@id":"https:\/\/lospoliticosveracruz.com\/#website","url":"https:\/\/lospoliticosveracruz.com\/","name":"Los pol\u00edticos Veracruz","description":"","publisher":{"@id":"https:\/\/lospoliticosveracruz.com\/#organization"},"potentialAction":[{"@type":"SearchAction","target":{"@type":"EntryPoint","urlTemplate":"https:\/\/lospoliticosveracruz.com\/?s={search_term_string}"},"query-input":{"@type":"PropertyValueSpecification","valueRequired":true,"valueName":"search_term_string"}}],"inLanguage":"es"},{"@type":"Organization","@id":"https:\/\/lospoliticosveracruz.com\/#organization","name":"Los pol\u00edticos Veracruz","url":"https:\/\/lospoliticosveracruz.com\/","logo":{"@type":"ImageObject","inLanguage":"es","@id":"https:\/\/lospoliticosveracruz.com\/#\/schema\/logo\/image\/","url":"https:\/\/lospoliticosveracruz.com\/wp-content\/uploads\/2025\/12\/Logo-Nuevo-LOS-POLITICOS-1.jpg","contentUrl":"https:\/\/lospoliticosveracruz.com\/wp-content\/uploads\/2025\/12\/Logo-Nuevo-LOS-POLITICOS-1.jpg","width":260,"height":70,"caption":"Los pol\u00edticos Veracruz"},"image":{"@id":"https:\/\/lospoliticosveracruz.com\/#\/schema\/logo\/image\/"},"sameAs":["https:\/\/www.facebook.com\/people\/Notimemes-de-los-Polticos\/61565672886568\/","https:\/\/x.com\/LosPoliticosVer"]},{"@type":"Person","@id":"https:\/\/lospoliticosveracruz.com\/#\/schema\/person\/b8702bb0e538456e6efd07080bf2a4a2","name":"Lo viste en Los Pol\u00edticos","image":{"@type":"ImageObject","inLanguage":"es","@id":"https:\/\/secure.gravatar.com\/avatar\/3a8de04a2656d44082be478bd6c086daa447c4651605818287b9532d3d0bd435?s=96&d=mm&r=g","url":"https:\/\/secure.gravatar.com\/avatar\/3a8de04a2656d44082be478bd6c086daa447c4651605818287b9532d3d0bd435?s=96&d=mm&r=g","contentUrl":"https:\/\/secure.gravatar.com\/avatar\/3a8de04a2656d44082be478bd6c086daa447c4651605818287b9532d3d0bd435?s=96&d=mm&r=g","caption":"Lo viste en Los Pol\u00edticos"},"url":"https:\/\/lospoliticosveracruz.com\/?author=2"}]}},"_links":{"self":[{"href":"https:\/\/lospoliticosveracruz.com\/index.php?rest_route=\/wp\/v2\/posts\/118233","targetHints":{"allow":["GET"]}}],"collection":[{"href":"https:\/\/lospoliticosveracruz.com\/index.php?rest_route=\/wp\/v2\/posts"}],"about":[{"href":"https:\/\/lospoliticosveracruz.com\/index.php?rest_route=\/wp\/v2\/types\/post"}],"author":[{"embeddable":true,"href":"https:\/\/lospoliticosveracruz.com\/index.php?rest_route=\/wp\/v2\/users\/2"}],"replies":[{"embeddable":true,"href":"https:\/\/lospoliticosveracruz.com\/index.php?rest_route=%2Fwp%2Fv2%2Fcomments&post=118233"}],"version-history":[{"count":2,"href":"https:\/\/lospoliticosveracruz.com\/index.php?rest_route=\/wp\/v2\/posts\/118233\/revisions"}],"predecessor-version":[{"id":118253,"href":"https:\/\/lospoliticosveracruz.com\/index.php?rest_route=\/wp\/v2\/posts\/118233\/revisions\/118253"}],"wp:attachment":[{"href":"https:\/\/lospoliticosveracruz.com\/index.php?rest_route=%2Fwp%2Fv2%2Fmedia&parent=118233"}],"wp:term":[{"taxonomy":"category","embeddable":true,"href":"https:\/\/lospoliticosveracruz.com\/index.php?rest_route=%2Fwp%2Fv2%2Fcategories&post=118233"},{"taxonomy":"post_tag","embeddable":true,"href":"https:\/\/lospoliticosveracruz.com\/index.php?rest_route=%2Fwp%2Fv2%2Ftags&post=118233"}],"curies":[{"name":"wp","href":"https:\/\/api.w.org\/{rel}","templated":true}]}}