{"id":118421,"date":"2024-02-15T06:45:36","date_gmt":"2024-02-15T12:45:36","guid":{"rendered":"https:\/\/lospoliticosveracruz.com.mx\/?p=118421"},"modified":"2024-02-15T08:19:20","modified_gmt":"2024-02-15T14:19:20","slug":"el-elefante-en-la-habitacion","status":"publish","type":"post","link":"https:\/\/lospoliticosveracruz.com\/?p=118421","title":{"rendered":"EL ELEFANTE EN LA HABITACI\u00d3N"},"content":{"rendered":"\n<p><br><strong>Uriel Flores Aguayo<\/strong><\/p>\n\n\n\n<p>Hablar de que el elefante est\u00e1 en la habitaci\u00f3n es sin\u00f3nimo, en t\u00e9rminos pol\u00edticos actuales, de que una elecci\u00f3n de Estado est\u00e1 pasando, lentamente , ante nuestros ojos. Todos los d\u00edas el Presidente AMLO interviene, en formas grotescas, en el proceso electoral en curso. De \u00e9l para abajo los gobernadores, los ediles y todos los funcionarios de cierto nivel est\u00e1n en campa\u00f1a. Primero son su partido y los votos. De responsabilidades e imparcialidad no hay nada. Est\u00e1n convertidos en una pandilla, sin reglas y dispuestos a todo, solo les falta la violencia. Contra eso \u00fanicamente el voto libre y masivo de los ciudadanos podr\u00e1 vencer el mayor fraude anunciado con absoluta transparencia. Estamos ante la cr\u00f3nica de un fraude electoral anunciado. De escr\u00fapulos ni hablar. El \u00fanico problema es que quienes defrauden o violenten tendr\u00e1n que dar la cara y pagar, ahora o despu\u00e9s, por sus fechor\u00edas. No tendr\u00e1n impunidad.<\/p>\n\n\n\n<figure class=\"wp-block-image size-large\"><a href=\"https:\/\/lospoliticosveracruz.com.mx\/wp-content\/uploads\/2016\/07\/Seguro-Julio-Cerecedo-2.jpg\"><img decoding=\"async\" src=\"https:\/\/lospoliticosveracruz.com.mx\/wp-content\/uploads\/2016\/07\/Seguro-Julio-Cerecedo-2-1024x381.jpg\" alt=\"\" class=\"wp-image-105879\"\/><\/a><\/figure>\n\n\n\n<p><br>Del lado opositor hay lentitud y desorganizaci\u00f3n. El frente va coaligado, mientras que MC va por su lado. Los partidos del frente han disminuido dr\u00e1sticamente su militancia. En Veracruz no se notaron en la pre campa\u00f1a presidencial ni en la de gobernador; estuvieron en algunos actos y colocaron alguna propaganda. Parecieran no ser consientes de los peligros que acechan a nuestras libertades democr\u00e1ticas. Se ven lentos o inactivos. Ojal\u00e1 reaccionen en las campa\u00f1as m\u00e1s all\u00e1 de la carga del trabajo reca\u00edda en las candidaturas a diputados. Tienen recursos y representaci\u00f3n legal, pueden y deben hacer mucho m\u00e1s que hasta ahora. Nada les impide estar en las calles sin mencionar candidaturas.<br>Hay una fuerte expresi\u00f3n ciudadana, en ascenso, que desea alternancias Nacional y Estatal. Es abstracta y poco organizada. Son caracter\u00edsticas que se mantendr\u00e1n hasta la jornada electoral. As\u00ed son las manifestaciones ciudadanas. Nadie debe pretender hacer protagonismo asumi\u00e9ndose como su vocero o representante. Lo \u00fatil es impulsar la m\u00e1xima organizaci\u00f3n ciudadana que permita movilizaciones emblem\u00e1ticas, actividades varias, ingreso a los espacios de campa\u00f1as y estructuras electorales. Apostarle a las figuras y abrir la posibilidad del voto libre e indistinto por los partidos coaligados. Son tiempos de urgencia, dram\u00e1ticos, de graves peligros, que no permiten poses ni protagonismos absurdos. Son momentos de la m\u00e1xima unidad. Ya habr\u00e1 oportunidad de los balances y la mejora de los partidos y las elecciones. Tambi\u00e9n se necesita valent\u00eda, arrojo y firmeza. Sin miedo afrontar este momento, ser radicales en el sentido de ir al origen. Del ejemplo de los valientes vendr\u00e1 la simpat\u00eda de la gente y su involucramiento en las campa\u00f1as. Los personajes del poder, ambiciosos, nutren su estabilidad del miedo y la resignaci\u00f3n de la gente. No lo permitamos.<br>No es ocioso ser exigentes con los partidos pol\u00edticos opositores, que se la jueguen a fondo, m\u00e1s all\u00e1 de sus rutinas burocr\u00e1ticas y confort. Incluso MC deber\u00eda concentrar sus votos en las diputaciones y senadur\u00edas, dejar que fluya el voto \u00fatil por la presidencia. No es correcto pelear con ellos.<br>No nos podemos dar el lujo de permitir una restauraci\u00f3n autoritaria en M\u00e9xico, que puede volverse totalitaria. Nos arrepentiremos para siempre si nos dejamos. Tampoco ser omisos y no meter las manos en la elecci\u00f3n de Veracruz; mucha burla y falta de respeto hemos padecido con un gobierno de caricatura. Hemos soportado mucho a un grup\u00fasculo de ladrones e ineptos. Por dignidad propia y el bien de Veracruz, deben irse del gobierno.<br>Son apenas tres meses los que nos separan del M\u00e9xico que, poco a poco, ha transitado a la democracia, fr\u00e1gil, y el de la presidencia imperial, sin pluralismo y sin Estado de Derecho. En esta etapa no debe haber descanso, se tiene que trabajar las 24 horas del d\u00eda para informar, comparar, convencer y convocar a los millones de mexicanos que van a salvar a M\u00e9xico y rescatar a Veracruz.<br>Recadito: urge hacer algo con el agua en Xalapa.<\/p>\n","protected":false},"excerpt":{"rendered":"<p>Uriel Flores Aguayo Hablar de que el elefante est\u00e1 en la habitaci\u00f3n es sin\u00f3nimo, en t\u00e9rminos pol\u00edticos actuales, de que una elecci\u00f3n de Estado est\u00e1 pasando, lentamente , ante nuestros ojos. Todos los d\u00edas el Presidente AMLO interviene, en formas grotescas, en el proceso electoral en curso. De \u00e9l para abajo los gobernadores, los ediles [&hellip;]<\/p>\n","protected":false},"author":2,"featured_media":0,"comment_status":"closed","ping_status":"closed","sticky":false,"template":"","format":"standard","meta":{"tdm_status":"","tdm_grid_status":"","footnotes":""},"categories":[70],"tags":[618,1026,2327,195],"class_list":{"0":"post-118421","1":"post","2":"type-post","3":"status-publish","4":"format-standard","6":"category-de-opinion","7":"tag-andres-manuel-lopez-obrador","8":"tag-morena","9":"tag-movimiento-ciudadano","10":"tag-veracruz"},"yoast_head":"<!-- This site is optimized with the Yoast SEO plugin v27.4 - https:\/\/yoast.com\/product\/yoast-seo-wordpress\/ -->\n<title>EL ELEFANTE EN LA HABITACI\u00d3N - Los pol\u00edticos Veracruz<\/title>\n<meta name=\"robots\" content=\"index, follow, max-snippet:-1, max-image-preview:large, max-video-preview:-1\" \/>\n<link rel=\"canonical\" href=\"https:\/\/lospoliticosveracruz.com\/?p=118421\" \/>\n<meta property=\"og:locale\" content=\"es_ES\" \/>\n<meta property=\"og:type\" content=\"article\" \/>\n<meta property=\"og:title\" content=\"EL ELEFANTE EN LA HABITACI\u00d3N - Los pol\u00edticos Veracruz\" \/>\n<meta property=\"og:description\" content=\"Uriel Flores Aguayo Hablar de que el elefante est\u00e1 en la habitaci\u00f3n es sin\u00f3nimo, en t\u00e9rminos pol\u00edticos actuales, de que una elecci\u00f3n de Estado est\u00e1 pasando, lentamente , ante nuestros ojos. Todos los d\u00edas el Presidente AMLO interviene, en formas grotescas, en el proceso electoral en curso. De \u00e9l para abajo los gobernadores, los ediles [&hellip;]\" \/>\n<meta property=\"og:url\" content=\"https:\/\/lospoliticosveracruz.com\/?p=118421\" \/>\n<meta property=\"og:site_name\" content=\"Los pol\u00edticos Veracruz\" \/>\n<meta property=\"article:publisher\" content=\"https:\/\/www.facebook.com\/people\/Notimemes-de-los-Polticos\/61565672886568\/\" \/>\n<meta property=\"article:published_time\" content=\"2024-02-15T12:45:36+00:00\" \/>\n<meta property=\"article:modified_time\" content=\"2024-02-15T14:19:20+00:00\" \/>\n<meta property=\"og:image\" content=\"https:\/\/lospoliticosveracruz.com.mx\/wp-content\/uploads\/2016\/07\/Seguro-Julio-Cerecedo-2-1024x381.jpg\" \/>\n<meta name=\"author\" content=\"Lo viste en Los Pol\u00edticos\" \/>\n<meta name=\"twitter:card\" content=\"summary_large_image\" \/>\n<meta name=\"twitter:creator\" content=\"@LosPoliticosVer\" \/>\n<meta name=\"twitter:site\" content=\"@LosPoliticosVer\" \/>\n<meta name=\"twitter:label1\" content=\"Escrito por\" \/>\n\t<meta name=\"twitter:data1\" content=\"Lo viste en Los Pol\u00edticos\" \/>\n\t<meta name=\"twitter:label2\" content=\"Tiempo de lectura\" \/>\n\t<meta name=\"twitter:data2\" content=\"3 minutos\" \/>\n<script type=\"application\/ld+json\" class=\"yoast-schema-graph\">{\"@context\":\"https:\\\/\\\/schema.org\",\"@graph\":[{\"@type\":\"Article\",\"@id\":\"https:\\\/\\\/lospoliticosveracruz.com\\\/?p=118421#article\",\"isPartOf\":{\"@id\":\"https:\\\/\\\/lospoliticosveracruz.com\\\/?p=118421\"},\"author\":{\"name\":\"Lo viste en Los Pol\u00edticos\",\"@id\":\"https:\\\/\\\/lospoliticosveracruz.com\\\/#\\\/schema\\\/person\\\/b8702bb0e538456e6efd07080bf2a4a2\"},\"headline\":\"EL ELEFANTE EN LA HABITACI\u00d3N\",\"datePublished\":\"2024-02-15T12:45:36+00:00\",\"dateModified\":\"2024-02-15T14:19:20+00:00\",\"mainEntityOfPage\":{\"@id\":\"https:\\\/\\\/lospoliticosveracruz.com\\\/?p=118421\"},\"wordCount\":696,\"publisher\":{\"@id\":\"https:\\\/\\\/lospoliticosveracruz.com\\\/#organization\"},\"image\":{\"@id\":\"https:\\\/\\\/lospoliticosveracruz.com\\\/?p=118421#primaryimage\"},\"thumbnailUrl\":\"https:\\\/\\\/lospoliticosveracruz.com.mx\\\/wp-content\\\/uploads\\\/2016\\\/07\\\/Seguro-Julio-Cerecedo-2-1024x381.jpg\",\"keywords\":[\"Andr\u00e9s Manuel L\u00f3pez Obrador\",\"Morena\",\"Movimiento Ciudadano\",\"Veracruz\"],\"articleSection\":[\"De Opini\u00f3n\"],\"inLanguage\":\"es\"},{\"@type\":\"WebPage\",\"@id\":\"https:\\\/\\\/lospoliticosveracruz.com\\\/?p=118421\",\"url\":\"https:\\\/\\\/lospoliticosveracruz.com\\\/?p=118421\",\"name\":\"EL ELEFANTE EN LA HABITACI\u00d3N - Los pol\u00edticos Veracruz\",\"isPartOf\":{\"@id\":\"https:\\\/\\\/lospoliticosveracruz.com\\\/#website\"},\"primaryImageOfPage\":{\"@id\":\"https:\\\/\\\/lospoliticosveracruz.com\\\/?p=118421#primaryimage\"},\"image\":{\"@id\":\"https:\\\/\\\/lospoliticosveracruz.com\\\/?p=118421#primaryimage\"},\"thumbnailUrl\":\"https:\\\/\\\/lospoliticosveracruz.com.mx\\\/wp-content\\\/uploads\\\/2016\\\/07\\\/Seguro-Julio-Cerecedo-2-1024x381.jpg\",\"datePublished\":\"2024-02-15T12:45:36+00:00\",\"dateModified\":\"2024-02-15T14:19:20+00:00\",\"breadcrumb\":{\"@id\":\"https:\\\/\\\/lospoliticosveracruz.com\\\/?p=118421#breadcrumb\"},\"inLanguage\":\"es\",\"potentialAction\":[{\"@type\":\"ReadAction\",\"target\":[\"https:\\\/\\\/lospoliticosveracruz.com\\\/?p=118421\"]}]},{\"@type\":\"ImageObject\",\"inLanguage\":\"es\",\"@id\":\"https:\\\/\\\/lospoliticosveracruz.com\\\/?p=118421#primaryimage\",\"url\":\"https:\\\/\\\/lospoliticosveracruz.com.mx\\\/wp-content\\\/uploads\\\/2016\\\/07\\\/Seguro-Julio-Cerecedo-2-1024x381.jpg\",\"contentUrl\":\"https:\\\/\\\/lospoliticosveracruz.com.mx\\\/wp-content\\\/uploads\\\/2016\\\/07\\\/Seguro-Julio-Cerecedo-2-1024x381.jpg\"},{\"@type\":\"BreadcrumbList\",\"@id\":\"https:\\\/\\\/lospoliticosveracruz.com\\\/?p=118421#breadcrumb\",\"itemListElement\":[{\"@type\":\"ListItem\",\"position\":1,\"name\":\"Portada\",\"item\":\"https:\\\/\\\/lospoliticosveracruz.com\\\/\"},{\"@type\":\"ListItem\",\"position\":2,\"name\":\"EL ELEFANTE EN LA HABITACI\u00d3N\"}]},{\"@type\":\"WebSite\",\"@id\":\"https:\\\/\\\/lospoliticosveracruz.com\\\/#website\",\"url\":\"https:\\\/\\\/lospoliticosveracruz.com\\\/\",\"name\":\"Los pol\u00edticos Veracruz\",\"description\":\"\",\"publisher\":{\"@id\":\"https:\\\/\\\/lospoliticosveracruz.com\\\/#organization\"},\"potentialAction\":[{\"@type\":\"SearchAction\",\"target\":{\"@type\":\"EntryPoint\",\"urlTemplate\":\"https:\\\/\\\/lospoliticosveracruz.com\\\/?s={search_term_string}\"},\"query-input\":{\"@type\":\"PropertyValueSpecification\",\"valueRequired\":true,\"valueName\":\"search_term_string\"}}],\"inLanguage\":\"es\"},{\"@type\":\"Organization\",\"@id\":\"https:\\\/\\\/lospoliticosveracruz.com\\\/#organization\",\"name\":\"Los pol\u00edticos Veracruz\",\"url\":\"https:\\\/\\\/lospoliticosveracruz.com\\\/\",\"logo\":{\"@type\":\"ImageObject\",\"inLanguage\":\"es\",\"@id\":\"https:\\\/\\\/lospoliticosveracruz.com\\\/#\\\/schema\\\/logo\\\/image\\\/\",\"url\":\"https:\\\/\\\/lospoliticosveracruz.com\\\/wp-content\\\/uploads\\\/2025\\\/12\\\/Logo-Nuevo-LOS-POLITICOS-1.jpg\",\"contentUrl\":\"https:\\\/\\\/lospoliticosveracruz.com\\\/wp-content\\\/uploads\\\/2025\\\/12\\\/Logo-Nuevo-LOS-POLITICOS-1.jpg\",\"width\":260,\"height\":70,\"caption\":\"Los pol\u00edticos Veracruz\"},\"image\":{\"@id\":\"https:\\\/\\\/lospoliticosveracruz.com\\\/#\\\/schema\\\/logo\\\/image\\\/\"},\"sameAs\":[\"https:\\\/\\\/www.facebook.com\\\/people\\\/Notimemes-de-los-Polticos\\\/61565672886568\\\/\",\"https:\\\/\\\/x.com\\\/LosPoliticosVer\"]},{\"@type\":\"Person\",\"@id\":\"https:\\\/\\\/lospoliticosveracruz.com\\\/#\\\/schema\\\/person\\\/b8702bb0e538456e6efd07080bf2a4a2\",\"name\":\"Lo viste en Los Pol\u00edticos\",\"image\":{\"@type\":\"ImageObject\",\"inLanguage\":\"es\",\"@id\":\"https:\\\/\\\/secure.gravatar.com\\\/avatar\\\/3a8de04a2656d44082be478bd6c086daa447c4651605818287b9532d3d0bd435?s=96&d=mm&r=g\",\"url\":\"https:\\\/\\\/secure.gravatar.com\\\/avatar\\\/3a8de04a2656d44082be478bd6c086daa447c4651605818287b9532d3d0bd435?s=96&d=mm&r=g\",\"contentUrl\":\"https:\\\/\\\/secure.gravatar.com\\\/avatar\\\/3a8de04a2656d44082be478bd6c086daa447c4651605818287b9532d3d0bd435?s=96&d=mm&r=g\",\"caption\":\"Lo viste en Los Pol\u00edticos\"},\"url\":\"https:\\\/\\\/lospoliticosveracruz.com\\\/?author=2\"}]}<\/script>\n<!-- \/ Yoast SEO plugin. -->","yoast_head_json":{"title":"EL ELEFANTE EN LA HABITACI\u00d3N - Los pol\u00edticos Veracruz","robots":{"index":"index","follow":"follow","max-snippet":"max-snippet:-1","max-image-preview":"max-image-preview:large","max-video-preview":"max-video-preview:-1"},"canonical":"https:\/\/lospoliticosveracruz.com\/?p=118421","og_locale":"es_ES","og_type":"article","og_title":"EL ELEFANTE EN LA HABITACI\u00d3N - Los pol\u00edticos Veracruz","og_description":"Uriel Flores Aguayo Hablar de que el elefante est\u00e1 en la habitaci\u00f3n es sin\u00f3nimo, en t\u00e9rminos pol\u00edticos actuales, de que una elecci\u00f3n de Estado est\u00e1 pasando, lentamente , ante nuestros ojos. Todos los d\u00edas el Presidente AMLO interviene, en formas grotescas, en el proceso electoral en curso. De \u00e9l para abajo los gobernadores, los ediles [&hellip;]","og_url":"https:\/\/lospoliticosveracruz.com\/?p=118421","og_site_name":"Los pol\u00edticos Veracruz","article_publisher":"https:\/\/www.facebook.com\/people\/Notimemes-de-los-Polticos\/61565672886568\/","article_published_time":"2024-02-15T12:45:36+00:00","article_modified_time":"2024-02-15T14:19:20+00:00","og_image":[{"url":"https:\/\/lospoliticosveracruz.com.mx\/wp-content\/uploads\/2016\/07\/Seguro-Julio-Cerecedo-2-1024x381.jpg","type":"","width":"","height":""}],"author":"Lo viste en Los Pol\u00edticos","twitter_card":"summary_large_image","twitter_creator":"@LosPoliticosVer","twitter_site":"@LosPoliticosVer","twitter_misc":{"Escrito por":"Lo viste en Los Pol\u00edticos","Tiempo de lectura":"3 minutos"},"schema":{"@context":"https:\/\/schema.org","@graph":[{"@type":"Article","@id":"https:\/\/lospoliticosveracruz.com\/?p=118421#article","isPartOf":{"@id":"https:\/\/lospoliticosveracruz.com\/?p=118421"},"author":{"name":"Lo viste en Los Pol\u00edticos","@id":"https:\/\/lospoliticosveracruz.com\/#\/schema\/person\/b8702bb0e538456e6efd07080bf2a4a2"},"headline":"EL ELEFANTE EN LA HABITACI\u00d3N","datePublished":"2024-02-15T12:45:36+00:00","dateModified":"2024-02-15T14:19:20+00:00","mainEntityOfPage":{"@id":"https:\/\/lospoliticosveracruz.com\/?p=118421"},"wordCount":696,"publisher":{"@id":"https:\/\/lospoliticosveracruz.com\/#organization"},"image":{"@id":"https:\/\/lospoliticosveracruz.com\/?p=118421#primaryimage"},"thumbnailUrl":"https:\/\/lospoliticosveracruz.com.mx\/wp-content\/uploads\/2016\/07\/Seguro-Julio-Cerecedo-2-1024x381.jpg","keywords":["Andr\u00e9s Manuel L\u00f3pez Obrador","Morena","Movimiento Ciudadano","Veracruz"],"articleSection":["De Opini\u00f3n"],"inLanguage":"es"},{"@type":"WebPage","@id":"https:\/\/lospoliticosveracruz.com\/?p=118421","url":"https:\/\/lospoliticosveracruz.com\/?p=118421","name":"EL ELEFANTE EN LA HABITACI\u00d3N - Los pol\u00edticos Veracruz","isPartOf":{"@id":"https:\/\/lospoliticosveracruz.com\/#website"},"primaryImageOfPage":{"@id":"https:\/\/lospoliticosveracruz.com\/?p=118421#primaryimage"},"image":{"@id":"https:\/\/lospoliticosveracruz.com\/?p=118421#primaryimage"},"thumbnailUrl":"https:\/\/lospoliticosveracruz.com.mx\/wp-content\/uploads\/2016\/07\/Seguro-Julio-Cerecedo-2-1024x381.jpg","datePublished":"2024-02-15T12:45:36+00:00","dateModified":"2024-02-15T14:19:20+00:00","breadcrumb":{"@id":"https:\/\/lospoliticosveracruz.com\/?p=118421#breadcrumb"},"inLanguage":"es","potentialAction":[{"@type":"ReadAction","target":["https:\/\/lospoliticosveracruz.com\/?p=118421"]}]},{"@type":"ImageObject","inLanguage":"es","@id":"https:\/\/lospoliticosveracruz.com\/?p=118421#primaryimage","url":"https:\/\/lospoliticosveracruz.com.mx\/wp-content\/uploads\/2016\/07\/Seguro-Julio-Cerecedo-2-1024x381.jpg","contentUrl":"https:\/\/lospoliticosveracruz.com.mx\/wp-content\/uploads\/2016\/07\/Seguro-Julio-Cerecedo-2-1024x381.jpg"},{"@type":"BreadcrumbList","@id":"https:\/\/lospoliticosveracruz.com\/?p=118421#breadcrumb","itemListElement":[{"@type":"ListItem","position":1,"name":"Portada","item":"https:\/\/lospoliticosveracruz.com\/"},{"@type":"ListItem","position":2,"name":"EL ELEFANTE EN LA HABITACI\u00d3N"}]},{"@type":"WebSite","@id":"https:\/\/lospoliticosveracruz.com\/#website","url":"https:\/\/lospoliticosveracruz.com\/","name":"Los pol\u00edticos Veracruz","description":"","publisher":{"@id":"https:\/\/lospoliticosveracruz.com\/#organization"},"potentialAction":[{"@type":"SearchAction","target":{"@type":"EntryPoint","urlTemplate":"https:\/\/lospoliticosveracruz.com\/?s={search_term_string}"},"query-input":{"@type":"PropertyValueSpecification","valueRequired":true,"valueName":"search_term_string"}}],"inLanguage":"es"},{"@type":"Organization","@id":"https:\/\/lospoliticosveracruz.com\/#organization","name":"Los pol\u00edticos Veracruz","url":"https:\/\/lospoliticosveracruz.com\/","logo":{"@type":"ImageObject","inLanguage":"es","@id":"https:\/\/lospoliticosveracruz.com\/#\/schema\/logo\/image\/","url":"https:\/\/lospoliticosveracruz.com\/wp-content\/uploads\/2025\/12\/Logo-Nuevo-LOS-POLITICOS-1.jpg","contentUrl":"https:\/\/lospoliticosveracruz.com\/wp-content\/uploads\/2025\/12\/Logo-Nuevo-LOS-POLITICOS-1.jpg","width":260,"height":70,"caption":"Los pol\u00edticos Veracruz"},"image":{"@id":"https:\/\/lospoliticosveracruz.com\/#\/schema\/logo\/image\/"},"sameAs":["https:\/\/www.facebook.com\/people\/Notimemes-de-los-Polticos\/61565672886568\/","https:\/\/x.com\/LosPoliticosVer"]},{"@type":"Person","@id":"https:\/\/lospoliticosveracruz.com\/#\/schema\/person\/b8702bb0e538456e6efd07080bf2a4a2","name":"Lo viste en Los Pol\u00edticos","image":{"@type":"ImageObject","inLanguage":"es","@id":"https:\/\/secure.gravatar.com\/avatar\/3a8de04a2656d44082be478bd6c086daa447c4651605818287b9532d3d0bd435?s=96&d=mm&r=g","url":"https:\/\/secure.gravatar.com\/avatar\/3a8de04a2656d44082be478bd6c086daa447c4651605818287b9532d3d0bd435?s=96&d=mm&r=g","contentUrl":"https:\/\/secure.gravatar.com\/avatar\/3a8de04a2656d44082be478bd6c086daa447c4651605818287b9532d3d0bd435?s=96&d=mm&r=g","caption":"Lo viste en Los Pol\u00edticos"},"url":"https:\/\/lospoliticosveracruz.com\/?author=2"}]}},"_links":{"self":[{"href":"https:\/\/lospoliticosveracruz.com\/index.php?rest_route=\/wp\/v2\/posts\/118421","targetHints":{"allow":["GET"]}}],"collection":[{"href":"https:\/\/lospoliticosveracruz.com\/index.php?rest_route=\/wp\/v2\/posts"}],"about":[{"href":"https:\/\/lospoliticosveracruz.com\/index.php?rest_route=\/wp\/v2\/types\/post"}],"author":[{"embeddable":true,"href":"https:\/\/lospoliticosveracruz.com\/index.php?rest_route=\/wp\/v2\/users\/2"}],"replies":[{"embeddable":true,"href":"https:\/\/lospoliticosveracruz.com\/index.php?rest_route=%2Fwp%2Fv2%2Fcomments&post=118421"}],"version-history":[{"count":2,"href":"https:\/\/lospoliticosveracruz.com\/index.php?rest_route=\/wp\/v2\/posts\/118421\/revisions"}],"predecessor-version":[{"id":118430,"href":"https:\/\/lospoliticosveracruz.com\/index.php?rest_route=\/wp\/v2\/posts\/118421\/revisions\/118430"}],"wp:attachment":[{"href":"https:\/\/lospoliticosveracruz.com\/index.php?rest_route=%2Fwp%2Fv2%2Fmedia&parent=118421"}],"wp:term":[{"taxonomy":"category","embeddable":true,"href":"https:\/\/lospoliticosveracruz.com\/index.php?rest_route=%2Fwp%2Fv2%2Fcategories&post=118421"},{"taxonomy":"post_tag","embeddable":true,"href":"https:\/\/lospoliticosveracruz.com\/index.php?rest_route=%2Fwp%2Fv2%2Ftags&post=118421"}],"curies":[{"name":"wp","href":"https:\/\/api.w.org\/{rel}","templated":true}]}}