{"id":118423,"date":"2024-02-15T07:03:46","date_gmt":"2024-02-15T13:03:46","guid":{"rendered":"https:\/\/lospoliticosveracruz.com.mx\/?p=118423"},"modified":"2024-02-15T08:22:44","modified_gmt":"2024-02-15T14:22:44","slug":"regreso-a-veracruz-dante","status":"publish","type":"post","link":"https:\/\/lospoliticosveracruz.com\/?p=118423","title":{"rendered":"REGRESO A VERACRUZ: DANTE"},"content":{"rendered":"\n<p><strong>Omar Z\u00fa\u00f1iga<\/strong><\/p>\n\n\n\n<p><em>De Primera Mano<\/em><\/p>\n\n\n\n<p>Este mi\u00e9rcoles 14 de febrero, d\u00eda del Amor y a Amistad, San Valent\u00edn hizo de las suyas.<\/p>\n\n\n\n<p>Un grupo de periodistas veracruzanos fueron recibidos en el Senado de la Rep\u00fablica y recibieron un reconocimiento a su trabajo y trayectoria period\u00edstica de manos del presidente de la Junta de Coordinaci\u00f3n Pol\u00edtica,&nbsp;<strong>Ricardo Monreal \u00c1vila<\/strong>, en elsal\u00f3n de sesiones de la&nbsp;Jucopo, en medio de una sesi\u00f3n solemne, Monreal se hizo el espacio para charlar brevemente con este grupo.<\/p>\n\n\n<div class=\"wp-block-image\">\n<figure class=\"alignleft size-full is-resized\"><a href=\"https:\/\/lospoliticosveracruz.com.mx\/wp-content\/uploads\/2023\/02\/Vinissimo.jpg\"><img decoding=\"async\" src=\"https:\/\/lospoliticosveracruz.com.mx\/wp-content\/uploads\/2023\/02\/Vinissimo.jpg\" alt=\"\" class=\"wp-image-102752\" style=\"width:199px;height:auto\"\/><\/a><\/figure>\n<\/div>\n\n\n<p>La cosa no termin\u00f3 ah\u00ed. Un viejo conocido nuestro, el senador&nbsp;<strong>Dante Delgado&nbsp;<\/strong><strong>Rannauro<\/strong>, ex gobernador de Veracruz, bien recordado en su tierra, y con fama \u2013bien ganada y dicho por \u00e9l mismo- de no hacer relaciones p\u00fablicas y de tener poco trato y hasta hosco en ocasiones, con los medios de comunicaci\u00f3n.<\/p>\n\n\n\n<p>-Lo m\u00edo es la pol\u00edtica, no las relaciones p\u00fablicas-, dijo Dante.<\/p>\n\n\n\n<p>Pues bien, en esta ocasi\u00f3n, Delgado&nbsp;Rannaurocharl\u00f3 con los periodistas por m\u00e1s de una hora, relajado, dispuesto al di\u00e1logo y contestando todos y cada uno de los cuestionamientos a que fue sometido.<\/p>\n\n\n\n<p>El tono de la pl\u00e1tica siempre fue excelente, incluso con bromas y an\u00e9cdotas personales.<\/p>\n\n\n\n<p>Sin embargo, Dante nunca deja de ser Dante y hay que saber escucharlo.<\/p>\n\n\n\n<p>En esas escuchas, nos dijo que se fue de tiempo completo a Jalisco y Nuevo Le\u00f3n, como parte del proyecto de Movimiento Ciudadano, en esa construcci\u00f3n de un ejercicio de inclusi\u00f3n y apertura que caracteriza al partido naranja, como &nbsp;parte misma de sus estatutos.<\/p>\n\n\n\n<p>Y en ese construir se alej\u00f3&nbsp;de la &nbsp;patria chica, sin embargo, ahora promete, \u00bfo advierte? con regresar a Veracruz.<\/p>\n\n\n\n<p>Hay enfrente una campa\u00f1a que no ser\u00e1 f\u00e1cil, pero asegura, con n\u00fameros, datos duros, que MC har\u00e1 mucho m\u00e1s que un papel digno.<\/p>\n\n\n\n<p>Estos mismos n\u00fameros que fueron mostrados por el mismo Dante a los embajadores de los pa\u00edses de la Comunidad Europea, cuyo an\u00e1lisis est\u00e1 en sus manos, manos de quienes sabemos que en ocasiones deben tomar&nbsp;decisiones \u201cpol\u00edticamente incorrectas\u201d si as\u00ed lo demuestran hechos comprobables.<\/p>\n\n\n\n<p>-(<strong>Jos\u00e9 Manuel) del &nbsp;R\u00edo&nbsp;<\/strong>(\u2026) hace m\u00e1s falta en otro lugar-, dijo Dante a pregunta sobre el porqu\u00e9 decidi\u00f3 MC que fuera&nbsp;<strong>Polo&nbsp;<\/strong><strong>Deschamps<\/strong><strong>&nbsp;<\/strong>el candidato a gobernador&nbsp;fosfo&nbsp;fosfo.<\/p>\n\n\n\n<p>Explica adem\u00e1s que Movimiento Ciudadano tiene la obligaci\u00f3n estatutaria de abrir las candidaturas a&nbsp;la&nbsp;ciudadan\u00eda&nbsp;y en medio de un pa\u00eds en que \u201cel&nbsp;presidente&nbsp;(<strong>L\u00f3pez Obrador<\/strong>)&nbsp;que se mete&nbsp;a todo y le dio un manto protector de impunidad a una persona&nbsp;impresentable como es el actual gobernador de Veracruz&nbsp;(<strong>Cuitl\u00e1huac Garc\u00eda<\/strong>)&nbsp;que en lo \u00fanico que soporta su estabilidad, al igual que&nbsp;pr\u00e1cticamente&nbsp;toda&nbsp;la burocracia federal y estatales,&nbsp;es en el reparto de los apoyos&nbsp;de gobierno, pues en cada familia hay al menos un integrante que recibe un apoyo, que en este sexenio -a diferencia de anteriores-&nbsp;los&nbsp;est\u00e1n entregando a nombre del presidente,&nbsp;como si fueran recursos propios\u201d.<\/p>\n\n\n\n<p>Aunado a los&nbsp;problemas graves de inseguridad,&nbsp;tanto en Veracruz como a nivel nacional, que es el gran Tal\u00f3n de Aquiles de esta administraci\u00f3n,vinculado a problemas muy delicados en materia de salud p\u00fablica,&nbsp;vinculados&nbsp;a temas sustantivos, como ahora&nbsp;el problema del desabasto de agua que ya est\u00e1 incidiendo en la capital del pa\u00eds\u201d, en este contexto, \u201ceste hombre&nbsp;(<strong>Polo&nbsp;<\/strong><strong>Deschamps<\/strong>)&nbsp;ha recorrido el estado,&nbsp;lo conoce y a partir de marzo de que empiece la campa\u00f1a habr\u00e1 una campa\u00f1a disruptiva, que buscar\u00e1 adem\u00e1s sumar a los muchos&nbsp;(miles de ciudadanos)&nbsp;desesperados,&nbsp;con un proyecto&nbsp;con racionalidad.<\/p>\n\n\n\n<p>Dante tiene confianza que tanto Jorge \u00c1lvarez&nbsp;Maynez&nbsp;a la Presidencia como Polo&nbsp;Deschamps&nbsp;a la gubernatura,&nbsp;den la campanada, \u201cno como un acto de fe, como un milagro, sino con base en n\u00fameros y mediciones\u201d.<\/p>\n\n\n\n<p>*****<\/p>\n\n\n\n<p>Vaya pues una felicitaci\u00f3n a mis&nbsp;compa\u00f1er@s<strong>\u00c1ngeles Gonz\u00e1lez,&nbsp;<\/strong><strong>Eirinet<\/strong><strong>&nbsp;G\u00f3mez, Bernardo&nbsp;<\/strong><strong>Bellizzia<\/strong><strong>, Bernardo Guti\u00e9rrez, Santos Sol\u00eds, Sergio Gonz\u00e1lez&nbsp;<\/strong><strong>Levet<\/strong><strong>, Benjam\u00edn Dom\u00ednguez, Arturo Reyes,&nbsp;<\/strong><strong>Raymundo Jim\u00e9nez<\/strong><a><\/a><strong>,&nbsp;<\/strong><strong>Melit\u00f3n Morales, &nbsp;Filiberto Vargas, Miguel Valera, Jair Garc\u00eda, Luis Sig\u00fcenza, Miguel Salazar y Jes\u00fas Ruiz<\/strong>, por haber sido reconocidos.<\/p>\n\n\n\n<p>Sobre todo, mi reconocimiento al secretario t\u00e9cnico de la&nbsp;Jucopo,&nbsp;<strong>Jos\u00e9 Manuel del R\u00edo Virgen<\/strong>, por hacer posible que se reconozca el trabajo del periodismo veracruzano y establecer el v\u00ednculo indisoluble&nbsp;que debe existir&nbsp;con los funcionarios para mantener informada a la sociedad. Lo que no se comunica no existe. \u00a1Gracias!<\/p>\n\n\n\n<p>*****<\/p>\n\n\n\n<p>Para documentar el optimismo, en esta apertura mostrada por un personaje complicado per s\u00e9 como&nbsp;<strong>Dante Delgado<\/strong>, pero que es un gran pol\u00edtico, con unas tablas que las quisiera cualquier&nbsp;<em>machuch\u00f3n<\/em><em><\/em>de la 4T para que aprendiera al &nbsp;menos a amarrarse las agujetas y una experiencia sin igual en la vida pol\u00edtica &nbsp;del pa\u00eds, en esta visita la Senado, hizo su aparici\u00f3n un tal&nbsp;<strong>Ernesto P\u00e9rez Astorga<\/strong>, senador por Veracruz, que casualmente se top\u00f3 con uno de los compa\u00f1eros en la comitiva, que le inform\u00f3, de manera muy comedida,&nbsp;-me consta-, que ah\u00ed, al ladito&nbsp;comiendo igual que \u00e9l, estaba un grupo de reporteros y columnistas veracruzanos.<\/p>\n\n\n\n<p>Con la gran sensibilidad que lo caracteriza,&nbsp;<strong>P\u00e9rez Astorga&nbsp;<\/strong>con la sensibilidad pol\u00edtica de una tortuga lagarto, no fue capaz ni de asomar la cabeza para saludar.<\/p>\n\n\n\n<p>\u00bfTen\u00eda la obligaci\u00f3n de hacerlo?, -no. Pero al final, \u00e9l como senador, era el anfitri\u00f3n y lo que esperas de tu anfitri\u00f3n es al menos, un saludo; educaci\u00f3n, le dicen.<\/p>\n\n\n\n<p>Adem\u00e1s en la casa donde las filias y las fobias deben hacerse a un lado para dar paso al di\u00e1logo y a la conciliaci\u00f3n, como base de una democracia moderna.<\/p>\n\n\n\n<p>Parafraseando a&nbsp;<strong>Bernardo Guti\u00e9rrez&nbsp;<\/strong>\u201cl\u00e1stima de ropita\u201d.<\/p>\n\n\n\n<p>La soberbia&nbsp;es el \u00fanico pecado que Dios no perdona.<\/p>\n\n\n\n<p>\u00a1Qu\u00e9 barbaridad!&nbsp;<\/p>\n\n\n\n<p>deprimera.mano2020@gmail.com<\/p>\n","protected":false},"excerpt":{"rendered":"<p>Omar Z\u00fa\u00f1iga De Primera Mano Este mi\u00e9rcoles 14 de febrero, d\u00eda del Amor y a Amistad, San Valent\u00edn hizo de las suyas. Un grupo de periodistas veracruzanos fueron recibidos en el Senado de la Rep\u00fablica y recibieron un reconocimiento a su trabajo y trayectoria period\u00edstica de manos del presidente de la Junta de Coordinaci\u00f3n Pol\u00edtica,&nbsp;Ricardo [&hellip;]<\/p>\n","protected":false},"author":2,"featured_media":0,"comment_status":"closed","ping_status":"closed","sticky":false,"template":"","format":"standard","meta":{"tdm_status":"","tdm_grid_status":"","footnotes":""},"categories":[70],"tags":[2219,7909,10353,195],"class_list":{"0":"post-118423","1":"post","2":"type-post","3":"status-publish","4":"format-standard","6":"category-de-opinion","7":"tag-dante-delgado","8":"tag-jose-manuel-del-rio-virgen","9":"tag-ricardo-monreal","10":"tag-veracruz"},"yoast_head":"<!-- This site is optimized with the Yoast SEO plugin v27.4 - https:\/\/yoast.com\/product\/yoast-seo-wordpress\/ -->\n<title>REGRESO A VERACRUZ: DANTE - Los pol\u00edticos Veracruz<\/title>\n<meta name=\"robots\" content=\"index, follow, max-snippet:-1, max-image-preview:large, max-video-preview:-1\" \/>\n<link rel=\"canonical\" href=\"https:\/\/lospoliticosveracruz.com\/?p=118423\" \/>\n<meta property=\"og:locale\" content=\"es_ES\" \/>\n<meta property=\"og:type\" content=\"article\" \/>\n<meta property=\"og:title\" content=\"REGRESO A VERACRUZ: DANTE - Los pol\u00edticos Veracruz\" \/>\n<meta property=\"og:description\" content=\"Omar Z\u00fa\u00f1iga De Primera Mano Este mi\u00e9rcoles 14 de febrero, d\u00eda del Amor y a Amistad, San Valent\u00edn hizo de las suyas. Un grupo de periodistas veracruzanos fueron recibidos en el Senado de la Rep\u00fablica y recibieron un reconocimiento a su trabajo y trayectoria period\u00edstica de manos del presidente de la Junta de Coordinaci\u00f3n Pol\u00edtica,&nbsp;Ricardo [&hellip;]\" \/>\n<meta property=\"og:url\" content=\"https:\/\/lospoliticosveracruz.com\/?p=118423\" \/>\n<meta property=\"og:site_name\" content=\"Los pol\u00edticos Veracruz\" \/>\n<meta property=\"article:publisher\" content=\"https:\/\/www.facebook.com\/people\/Notimemes-de-los-Polticos\/61565672886568\/\" \/>\n<meta property=\"article:published_time\" content=\"2024-02-15T13:03:46+00:00\" \/>\n<meta property=\"article:modified_time\" content=\"2024-02-15T14:22:44+00:00\" \/>\n<meta property=\"og:image\" content=\"https:\/\/lospoliticosveracruz.com.mx\/wp-content\/uploads\/2023\/02\/Vinissimo.jpg\" \/>\n<meta name=\"author\" content=\"Lo viste en Los Pol\u00edticos\" \/>\n<meta name=\"twitter:card\" content=\"summary_large_image\" \/>\n<meta name=\"twitter:creator\" content=\"@LosPoliticosVer\" \/>\n<meta name=\"twitter:site\" content=\"@LosPoliticosVer\" \/>\n<meta name=\"twitter:label1\" content=\"Escrito por\" \/>\n\t<meta name=\"twitter:data1\" content=\"Lo viste en Los Pol\u00edticos\" \/>\n\t<meta name=\"twitter:label2\" content=\"Tiempo de lectura\" \/>\n\t<meta name=\"twitter:data2\" content=\"5 minutos\" \/>\n<script type=\"application\/ld+json\" class=\"yoast-schema-graph\">{\"@context\":\"https:\\\/\\\/schema.org\",\"@graph\":[{\"@type\":\"Article\",\"@id\":\"https:\\\/\\\/lospoliticosveracruz.com\\\/?p=118423#article\",\"isPartOf\":{\"@id\":\"https:\\\/\\\/lospoliticosveracruz.com\\\/?p=118423\"},\"author\":{\"name\":\"Lo viste en Los Pol\u00edticos\",\"@id\":\"https:\\\/\\\/lospoliticosveracruz.com\\\/#\\\/schema\\\/person\\\/b8702bb0e538456e6efd07080bf2a4a2\"},\"headline\":\"REGRESO A VERACRUZ: DANTE\",\"datePublished\":\"2024-02-15T13:03:46+00:00\",\"dateModified\":\"2024-02-15T14:22:44+00:00\",\"mainEntityOfPage\":{\"@id\":\"https:\\\/\\\/lospoliticosveracruz.com\\\/?p=118423\"},\"wordCount\":1094,\"publisher\":{\"@id\":\"https:\\\/\\\/lospoliticosveracruz.com\\\/#organization\"},\"image\":{\"@id\":\"https:\\\/\\\/lospoliticosveracruz.com\\\/?p=118423#primaryimage\"},\"thumbnailUrl\":\"https:\\\/\\\/lospoliticosveracruz.com.mx\\\/wp-content\\\/uploads\\\/2023\\\/02\\\/Vinissimo.jpg\",\"keywords\":[\"Dante Delgado\",\"Jos\u00e9 Manuel del R\u00edo Virgen\",\"Ricardo Monreal\",\"Veracruz\"],\"articleSection\":[\"De Opini\u00f3n\"],\"inLanguage\":\"es\"},{\"@type\":\"WebPage\",\"@id\":\"https:\\\/\\\/lospoliticosveracruz.com\\\/?p=118423\",\"url\":\"https:\\\/\\\/lospoliticosveracruz.com\\\/?p=118423\",\"name\":\"REGRESO A VERACRUZ: DANTE - Los pol\u00edticos Veracruz\",\"isPartOf\":{\"@id\":\"https:\\\/\\\/lospoliticosveracruz.com\\\/#website\"},\"primaryImageOfPage\":{\"@id\":\"https:\\\/\\\/lospoliticosveracruz.com\\\/?p=118423#primaryimage\"},\"image\":{\"@id\":\"https:\\\/\\\/lospoliticosveracruz.com\\\/?p=118423#primaryimage\"},\"thumbnailUrl\":\"https:\\\/\\\/lospoliticosveracruz.com.mx\\\/wp-content\\\/uploads\\\/2023\\\/02\\\/Vinissimo.jpg\",\"datePublished\":\"2024-02-15T13:03:46+00:00\",\"dateModified\":\"2024-02-15T14:22:44+00:00\",\"breadcrumb\":{\"@id\":\"https:\\\/\\\/lospoliticosveracruz.com\\\/?p=118423#breadcrumb\"},\"inLanguage\":\"es\",\"potentialAction\":[{\"@type\":\"ReadAction\",\"target\":[\"https:\\\/\\\/lospoliticosveracruz.com\\\/?p=118423\"]}]},{\"@type\":\"ImageObject\",\"inLanguage\":\"es\",\"@id\":\"https:\\\/\\\/lospoliticosveracruz.com\\\/?p=118423#primaryimage\",\"url\":\"https:\\\/\\\/lospoliticosveracruz.com.mx\\\/wp-content\\\/uploads\\\/2023\\\/02\\\/Vinissimo.jpg\",\"contentUrl\":\"https:\\\/\\\/lospoliticosveracruz.com.mx\\\/wp-content\\\/uploads\\\/2023\\\/02\\\/Vinissimo.jpg\"},{\"@type\":\"BreadcrumbList\",\"@id\":\"https:\\\/\\\/lospoliticosveracruz.com\\\/?p=118423#breadcrumb\",\"itemListElement\":[{\"@type\":\"ListItem\",\"position\":1,\"name\":\"Portada\",\"item\":\"https:\\\/\\\/lospoliticosveracruz.com\\\/\"},{\"@type\":\"ListItem\",\"position\":2,\"name\":\"REGRESO A VERACRUZ: DANTE\"}]},{\"@type\":\"WebSite\",\"@id\":\"https:\\\/\\\/lospoliticosveracruz.com\\\/#website\",\"url\":\"https:\\\/\\\/lospoliticosveracruz.com\\\/\",\"name\":\"Los pol\u00edticos Veracruz\",\"description\":\"\",\"publisher\":{\"@id\":\"https:\\\/\\\/lospoliticosveracruz.com\\\/#organization\"},\"potentialAction\":[{\"@type\":\"SearchAction\",\"target\":{\"@type\":\"EntryPoint\",\"urlTemplate\":\"https:\\\/\\\/lospoliticosveracruz.com\\\/?s={search_term_string}\"},\"query-input\":{\"@type\":\"PropertyValueSpecification\",\"valueRequired\":true,\"valueName\":\"search_term_string\"}}],\"inLanguage\":\"es\"},{\"@type\":\"Organization\",\"@id\":\"https:\\\/\\\/lospoliticosveracruz.com\\\/#organization\",\"name\":\"Los pol\u00edticos Veracruz\",\"url\":\"https:\\\/\\\/lospoliticosveracruz.com\\\/\",\"logo\":{\"@type\":\"ImageObject\",\"inLanguage\":\"es\",\"@id\":\"https:\\\/\\\/lospoliticosveracruz.com\\\/#\\\/schema\\\/logo\\\/image\\\/\",\"url\":\"https:\\\/\\\/lospoliticosveracruz.com\\\/wp-content\\\/uploads\\\/2025\\\/12\\\/Logo-Nuevo-LOS-POLITICOS-1.jpg\",\"contentUrl\":\"https:\\\/\\\/lospoliticosveracruz.com\\\/wp-content\\\/uploads\\\/2025\\\/12\\\/Logo-Nuevo-LOS-POLITICOS-1.jpg\",\"width\":260,\"height\":70,\"caption\":\"Los pol\u00edticos Veracruz\"},\"image\":{\"@id\":\"https:\\\/\\\/lospoliticosveracruz.com\\\/#\\\/schema\\\/logo\\\/image\\\/\"},\"sameAs\":[\"https:\\\/\\\/www.facebook.com\\\/people\\\/Notimemes-de-los-Polticos\\\/61565672886568\\\/\",\"https:\\\/\\\/x.com\\\/LosPoliticosVer\"]},{\"@type\":\"Person\",\"@id\":\"https:\\\/\\\/lospoliticosveracruz.com\\\/#\\\/schema\\\/person\\\/b8702bb0e538456e6efd07080bf2a4a2\",\"name\":\"Lo viste en Los Pol\u00edticos\",\"image\":{\"@type\":\"ImageObject\",\"inLanguage\":\"es\",\"@id\":\"https:\\\/\\\/secure.gravatar.com\\\/avatar\\\/3a8de04a2656d44082be478bd6c086daa447c4651605818287b9532d3d0bd435?s=96&d=mm&r=g\",\"url\":\"https:\\\/\\\/secure.gravatar.com\\\/avatar\\\/3a8de04a2656d44082be478bd6c086daa447c4651605818287b9532d3d0bd435?s=96&d=mm&r=g\",\"contentUrl\":\"https:\\\/\\\/secure.gravatar.com\\\/avatar\\\/3a8de04a2656d44082be478bd6c086daa447c4651605818287b9532d3d0bd435?s=96&d=mm&r=g\",\"caption\":\"Lo viste en Los Pol\u00edticos\"},\"url\":\"https:\\\/\\\/lospoliticosveracruz.com\\\/?author=2\"}]}<\/script>\n<!-- \/ Yoast SEO plugin. -->","yoast_head_json":{"title":"REGRESO A VERACRUZ: DANTE - Los pol\u00edticos Veracruz","robots":{"index":"index","follow":"follow","max-snippet":"max-snippet:-1","max-image-preview":"max-image-preview:large","max-video-preview":"max-video-preview:-1"},"canonical":"https:\/\/lospoliticosveracruz.com\/?p=118423","og_locale":"es_ES","og_type":"article","og_title":"REGRESO A VERACRUZ: DANTE - Los pol\u00edticos Veracruz","og_description":"Omar Z\u00fa\u00f1iga De Primera Mano Este mi\u00e9rcoles 14 de febrero, d\u00eda del Amor y a Amistad, San Valent\u00edn hizo de las suyas. Un grupo de periodistas veracruzanos fueron recibidos en el Senado de la Rep\u00fablica y recibieron un reconocimiento a su trabajo y trayectoria period\u00edstica de manos del presidente de la Junta de Coordinaci\u00f3n Pol\u00edtica,&nbsp;Ricardo [&hellip;]","og_url":"https:\/\/lospoliticosveracruz.com\/?p=118423","og_site_name":"Los pol\u00edticos Veracruz","article_publisher":"https:\/\/www.facebook.com\/people\/Notimemes-de-los-Polticos\/61565672886568\/","article_published_time":"2024-02-15T13:03:46+00:00","article_modified_time":"2024-02-15T14:22:44+00:00","og_image":[{"url":"https:\/\/lospoliticosveracruz.com.mx\/wp-content\/uploads\/2023\/02\/Vinissimo.jpg","type":"","width":"","height":""}],"author":"Lo viste en Los Pol\u00edticos","twitter_card":"summary_large_image","twitter_creator":"@LosPoliticosVer","twitter_site":"@LosPoliticosVer","twitter_misc":{"Escrito por":"Lo viste en Los Pol\u00edticos","Tiempo de lectura":"5 minutos"},"schema":{"@context":"https:\/\/schema.org","@graph":[{"@type":"Article","@id":"https:\/\/lospoliticosveracruz.com\/?p=118423#article","isPartOf":{"@id":"https:\/\/lospoliticosveracruz.com\/?p=118423"},"author":{"name":"Lo viste en Los Pol\u00edticos","@id":"https:\/\/lospoliticosveracruz.com\/#\/schema\/person\/b8702bb0e538456e6efd07080bf2a4a2"},"headline":"REGRESO A VERACRUZ: DANTE","datePublished":"2024-02-15T13:03:46+00:00","dateModified":"2024-02-15T14:22:44+00:00","mainEntityOfPage":{"@id":"https:\/\/lospoliticosveracruz.com\/?p=118423"},"wordCount":1094,"publisher":{"@id":"https:\/\/lospoliticosveracruz.com\/#organization"},"image":{"@id":"https:\/\/lospoliticosveracruz.com\/?p=118423#primaryimage"},"thumbnailUrl":"https:\/\/lospoliticosveracruz.com.mx\/wp-content\/uploads\/2023\/02\/Vinissimo.jpg","keywords":["Dante Delgado","Jos\u00e9 Manuel del R\u00edo Virgen","Ricardo Monreal","Veracruz"],"articleSection":["De Opini\u00f3n"],"inLanguage":"es"},{"@type":"WebPage","@id":"https:\/\/lospoliticosveracruz.com\/?p=118423","url":"https:\/\/lospoliticosveracruz.com\/?p=118423","name":"REGRESO A VERACRUZ: DANTE - Los pol\u00edticos Veracruz","isPartOf":{"@id":"https:\/\/lospoliticosveracruz.com\/#website"},"primaryImageOfPage":{"@id":"https:\/\/lospoliticosveracruz.com\/?p=118423#primaryimage"},"image":{"@id":"https:\/\/lospoliticosveracruz.com\/?p=118423#primaryimage"},"thumbnailUrl":"https:\/\/lospoliticosveracruz.com.mx\/wp-content\/uploads\/2023\/02\/Vinissimo.jpg","datePublished":"2024-02-15T13:03:46+00:00","dateModified":"2024-02-15T14:22:44+00:00","breadcrumb":{"@id":"https:\/\/lospoliticosveracruz.com\/?p=118423#breadcrumb"},"inLanguage":"es","potentialAction":[{"@type":"ReadAction","target":["https:\/\/lospoliticosveracruz.com\/?p=118423"]}]},{"@type":"ImageObject","inLanguage":"es","@id":"https:\/\/lospoliticosveracruz.com\/?p=118423#primaryimage","url":"https:\/\/lospoliticosveracruz.com.mx\/wp-content\/uploads\/2023\/02\/Vinissimo.jpg","contentUrl":"https:\/\/lospoliticosveracruz.com.mx\/wp-content\/uploads\/2023\/02\/Vinissimo.jpg"},{"@type":"BreadcrumbList","@id":"https:\/\/lospoliticosveracruz.com\/?p=118423#breadcrumb","itemListElement":[{"@type":"ListItem","position":1,"name":"Portada","item":"https:\/\/lospoliticosveracruz.com\/"},{"@type":"ListItem","position":2,"name":"REGRESO A VERACRUZ: DANTE"}]},{"@type":"WebSite","@id":"https:\/\/lospoliticosveracruz.com\/#website","url":"https:\/\/lospoliticosveracruz.com\/","name":"Los pol\u00edticos Veracruz","description":"","publisher":{"@id":"https:\/\/lospoliticosveracruz.com\/#organization"},"potentialAction":[{"@type":"SearchAction","target":{"@type":"EntryPoint","urlTemplate":"https:\/\/lospoliticosveracruz.com\/?s={search_term_string}"},"query-input":{"@type":"PropertyValueSpecification","valueRequired":true,"valueName":"search_term_string"}}],"inLanguage":"es"},{"@type":"Organization","@id":"https:\/\/lospoliticosveracruz.com\/#organization","name":"Los pol\u00edticos Veracruz","url":"https:\/\/lospoliticosveracruz.com\/","logo":{"@type":"ImageObject","inLanguage":"es","@id":"https:\/\/lospoliticosveracruz.com\/#\/schema\/logo\/image\/","url":"https:\/\/lospoliticosveracruz.com\/wp-content\/uploads\/2025\/12\/Logo-Nuevo-LOS-POLITICOS-1.jpg","contentUrl":"https:\/\/lospoliticosveracruz.com\/wp-content\/uploads\/2025\/12\/Logo-Nuevo-LOS-POLITICOS-1.jpg","width":260,"height":70,"caption":"Los pol\u00edticos Veracruz"},"image":{"@id":"https:\/\/lospoliticosveracruz.com\/#\/schema\/logo\/image\/"},"sameAs":["https:\/\/www.facebook.com\/people\/Notimemes-de-los-Polticos\/61565672886568\/","https:\/\/x.com\/LosPoliticosVer"]},{"@type":"Person","@id":"https:\/\/lospoliticosveracruz.com\/#\/schema\/person\/b8702bb0e538456e6efd07080bf2a4a2","name":"Lo viste en Los Pol\u00edticos","image":{"@type":"ImageObject","inLanguage":"es","@id":"https:\/\/secure.gravatar.com\/avatar\/3a8de04a2656d44082be478bd6c086daa447c4651605818287b9532d3d0bd435?s=96&d=mm&r=g","url":"https:\/\/secure.gravatar.com\/avatar\/3a8de04a2656d44082be478bd6c086daa447c4651605818287b9532d3d0bd435?s=96&d=mm&r=g","contentUrl":"https:\/\/secure.gravatar.com\/avatar\/3a8de04a2656d44082be478bd6c086daa447c4651605818287b9532d3d0bd435?s=96&d=mm&r=g","caption":"Lo viste en Los Pol\u00edticos"},"url":"https:\/\/lospoliticosveracruz.com\/?author=2"}]}},"_links":{"self":[{"href":"https:\/\/lospoliticosveracruz.com\/index.php?rest_route=\/wp\/v2\/posts\/118423","targetHints":{"allow":["GET"]}}],"collection":[{"href":"https:\/\/lospoliticosveracruz.com\/index.php?rest_route=\/wp\/v2\/posts"}],"about":[{"href":"https:\/\/lospoliticosveracruz.com\/index.php?rest_route=\/wp\/v2\/types\/post"}],"author":[{"embeddable":true,"href":"https:\/\/lospoliticosveracruz.com\/index.php?rest_route=\/wp\/v2\/users\/2"}],"replies":[{"embeddable":true,"href":"https:\/\/lospoliticosveracruz.com\/index.php?rest_route=%2Fwp%2Fv2%2Fcomments&post=118423"}],"version-history":[{"count":2,"href":"https:\/\/lospoliticosveracruz.com\/index.php?rest_route=\/wp\/v2\/posts\/118423\/revisions"}],"predecessor-version":[{"id":118432,"href":"https:\/\/lospoliticosveracruz.com\/index.php?rest_route=\/wp\/v2\/posts\/118423\/revisions\/118432"}],"wp:attachment":[{"href":"https:\/\/lospoliticosveracruz.com\/index.php?rest_route=%2Fwp%2Fv2%2Fmedia&parent=118423"}],"wp:term":[{"taxonomy":"category","embeddable":true,"href":"https:\/\/lospoliticosveracruz.com\/index.php?rest_route=%2Fwp%2Fv2%2Fcategories&post=118423"},{"taxonomy":"post_tag","embeddable":true,"href":"https:\/\/lospoliticosveracruz.com\/index.php?rest_route=%2Fwp%2Fv2%2Ftags&post=118423"}],"curies":[{"name":"wp","href":"https:\/\/api.w.org\/{rel}","templated":true}]}}