{"id":118425,"date":"2024-02-15T07:44:54","date_gmt":"2024-02-15T13:44:54","guid":{"rendered":"https:\/\/lospoliticosveracruz.com.mx\/?p=118425"},"modified":"2024-02-15T08:36:29","modified_gmt":"2024-02-15T14:36:29","slug":"los-lastres-de-nahle","status":"publish","type":"post","link":"https:\/\/lospoliticosveracruz.com\/?p=118425","title":{"rendered":"LOS LASTRES DE NAHLE"},"content":{"rendered":"\n<p><strong>Oved Contreras <\/strong><\/p>\n\n\n\n<p><em>Secas Mecas<\/em><\/p>\n\n\n\n<p>Una se\u00f1al de que quien se propone para ocupar un cargo p\u00fablico realizar\u00e1 una gesti\u00f3n exitosa la dan las personas que le rodean, sus estrategas, sus hombres y mujeres de confianza, que le pueden ayudar a ganar o a perder, propulsar o hundir.<\/p>\n\n\n<div class=\"wp-block-image\">\n<figure class=\"alignleft size-medium\"><a href=\"https:\/\/lospoliticosveracruz.com.mx\/wp-content\/uploads\/2021\/10\/WhatsApp-Image-2021-10-02-at-15.20.25.jpeg\"><img loading=\"lazy\" decoding=\"async\" width=\"212\" height=\"300\" src=\"https:\/\/lospoliticosveracruz.com.mx\/wp-content\/uploads\/2021\/10\/WhatsApp-Image-2021-10-02-at-15.20.25-212x300.jpeg\" alt=\"\" class=\"wp-image-80177\" srcset=\"https:\/\/lospoliticosveracruz.com\/wp-content\/uploads\/2021\/10\/WhatsApp-Image-2021-10-02-at-15.20.25-212x300.jpeg 212w, https:\/\/lospoliticosveracruz.com\/wp-content\/uploads\/2021\/10\/WhatsApp-Image-2021-10-02-at-15.20.25-724x1024.jpeg 724w, https:\/\/lospoliticosveracruz.com\/wp-content\/uploads\/2021\/10\/WhatsApp-Image-2021-10-02-at-15.20.25-768x1086.jpeg 768w, https:\/\/lospoliticosveracruz.com\/wp-content\/uploads\/2021\/10\/WhatsApp-Image-2021-10-02-at-15.20.25.jpeg 905w\" sizes=\"auto, (max-width: 212px) 100vw, 212px\" \/><\/a><\/figure>\n<\/div>\n\n\n<p>Con toda la maquinaria y todos los recursos del Estado, independientemente de su capacidad y aptitud para el cargo y de qu\u00e9 tanto conozca el estado, Roc\u00edo Nahle podr\u00eda perder la elecci\u00f3n, entre otras razones porque no puede deshacerse de personajes que le representan un lastre.<\/p>\n\n\n\n<p>\u00bfQui\u00e9n es Manuel Santandreu? En su columna, el connotado periodista Gustavo Renter\u00eda menciona a Manuel Santandreu, amigo cercano del exsecretario de Asentamientos y Obras P\u00fablicas de Tabasco (SAOP), H\u00e9ctor L\u00f3pez Peralta, como parte de la red de corrupci\u00f3n de funcionarios estatales y constructoras en aquella entidad que se benefician con el plan h\u00eddrico integral que es manejado como negocio particular.<\/p>\n\n\n\n<p>Renter\u00eda refiere que, mientras los da\u00f1os a causa de las lluvias en los \u00faltimos cuatro a\u00f1os se calculan en 50 mil millones de pesos, las obras de relleno y compactaci\u00f3n del terreno donde se construye el puerto de Dos Bocas estaban detenidas debido al paro de 300 choferes de camiones de volteo que exig\u00edan el pago de cinco semanas de trabajo de la empresa Huerta Madre, propiedad de Manuel Santandreu.<\/p>\n\n\n\n<p>De acuerdo con el periodista, la relaci\u00f3n entre Nahle y Santandreu se remonta a los tiempos en que la zacatecana fue ejecutiva de Resistol, donde \u201cse le peg\u00f3\u201d el empresario.<\/p>\n\n\n\n<p>A\u00f1ade que en Villahermosa se sabe que Santandreu fue el patrocinador de Ad\u00e1n Augusto L\u00f3pez, excorcholata, exsecretario de Gobernaci\u00f3n y exgobernador de Tabasco, y en Xalapa tambi\u00e9n se sabe que ahora lo es de la extitular de la Sener, situaci\u00f3n que ha prendido focos rojos en el \u00e1rea de fiscalizaci\u00f3n del INE.<\/p>\n\n\n\n<p>Es el tiempo en que casi inevitablemente emerge todo lo que mantiene unidos a quienes hacen hasta lo imposible por conservar el poder pol\u00edtico y quienes lo comparten desde el poder econ\u00f3mico. Todo lo que tiene que ver con dinero es inocultable.<\/p>\n\n\n\n<p>LOS INDESEABLES DE AMLO\u2026el periodista Alejandro Aguirre tambi\u00e9n hace menci\u00f3n en su le\u00edda columna \u201cAl respecto\u201d que el presidente Andr\u00e9s Manuel L\u00f3pez Obrador, en un acto de autocr\u00edtica con su gente de confianza, afirm\u00f3 que algunos se estaban aprovechando del movimiento para lucrar, para enriquecerse, y que no s\u00f3lo ocurr\u00eda dentro de su gabinete cercano o ampliado, sino en los estados de la Rep\u00fablica, donde varios no entend\u00edan \u201clo que la austeridad franciscana\u201d significaba.<\/p>\n\n\n\n<p>Y es as\u00ed como AMLO pidi\u00f3 un listado de quienes podr\u00edan estar abusando de la 4T, para que su equipo revisara los casos, m\u00e1s a\u00fan en tiempos electorales. Alejandro Aguirre asegura que ese listado no lo recibir\u00e1 el presidente, ni se enterar\u00e1 de sus nombres (a menos que fueran casos de mucho abuso), pero en el caso de Veracruz ya ubican en ese concepto al secretario de infraestructura y obras p\u00fablicas, Elio Hern\u00e1ndez, y al actual subsecretario de finanzas, Eleazar Guerrero.<\/p>\n\n\n\n<p>Tambi\u00e9n en esa lista agrega al exsecretario de Gobierno, Patros\u00edsmico Cisneros, incluso al Car\u00f3n Juan Javier G\u00f3mez Cazar\u00edn. La preocupaci\u00f3n del equipo de AMLO radica en que estos personajes de la 4T son vistos como los nuevos ricos de la colonia, con camionetones del a\u00f1o y guarros a su disposici\u00f3n\u2026a lo mejor por eso no los vemos tan cercanos en los eventos de la zacatecana Roc\u00edo Nahle\u2026ya veremos cuando arranque campa\u00f1a quienes s\u00ed est\u00e1n y a quienes los bajaron.<\/p>\n\n\n\n<p>Por cierto, ya tan pronto se le olvidaron sus ra\u00edces afroamericanas a Patros\u00edsmico\u2026Tenemos el carnaval de Coyolillo y Alto T\u00edo Diego y naaaadie se acuerda de la tan llevada y tra\u00edda negritud de hace un a\u00f1o. \u00bfVen como todo es electorero y s\u00f3lo dura para el inter\u00e9s de uno o unos cuantos? Ya ni Patros\u00edsmico se acuerda de ellos\u2026quesque as\u00ed como votaron por la zacatecana en la encuesta que le pidan a ella promoci\u00f3n de sus eventos.<\/p>\n\n\n\n<p>QUIEREN EL AGUA\u2026el presidente Andr\u00e9s Manuel L\u00f3pez Obrador, en su conferencia \u201cma\u00f1anera\u201d, mencion\u00f3 la posibilidad de tomar agua de los r\u00edos veracruzanos para llevarla a la Ciudad de M\u00e9xico y el norte del pa\u00eds, donde hay alerta por la escasez del l\u00edquido\u2026el mandatario manifest\u00f3 que en el sureste de M\u00e9xico est\u00e1 el 70 por ciento del agua del pa\u00eds, y que \u201cas\u00ed como lamentablemente traemos gas de Texas por gasoductos, \u00bfpor qu\u00e9 no en acueductos traemos agua de Tabasco, del Grijalva, del Usumacinta, del Gonz\u00e1lez, en el caso del r\u00edo Coatzacoalcos, del Papaloapan y de todos los r\u00edos de Veracruz hacia la Ciudad de M\u00e9xico o hacia el norte para llevar agua a Nuevo Le\u00f3n y a otros estados?\u201d.<\/p>\n\n\n\n<p>En respuesta, el precandidato de la coalici\u00f3n \u201cFuerza y Coraz\u00f3n por Veracruz\u201d a la gubernatura, Pepe Yunes rechaz\u00f3 la propuesta presidencial y destac\u00f3 que \u201cprimero Veracruz\u201d\u2026que proponen llevarse el agua de los r\u00edos de Veracruz, hacia la Ciudad de M\u00e9xico y al norte del pa\u00eds, pero el perote\u00f1o responde tajante: \u201cAs\u00ed no, presidente. En Veracruz, los veracruzanos sufrimos por la falta de agua. En Veracruz, los veracruzanos todos los d\u00edas tenemos que sortear la escasez de agua comprando pipas, con tandeos o con tinacos, por falta de infraestructura\u201d.<\/p>\n\n\n\n<p>Precis\u00f3 que si bien es cierto que el agua es propiedad de la naci\u00f3n y su uso y disfrute es un derecho fundamental, \u201ctambi\u00e9n es cierto que primero Veracruz. Y el primer lugar donde se debe garantizar el disfrute de ese derecho es en Veracruz, en beneficio de los veracruzanos. Despu\u00e9s, ya veremos\u201d.<\/p>\n","protected":false},"excerpt":{"rendered":"<p>Oved Contreras Secas Mecas Una se\u00f1al de que quien se propone para ocupar un cargo p\u00fablico realizar\u00e1 una gesti\u00f3n exitosa la dan las personas que le rodean, sus estrategas, sus hombres y mujeres de confianza, que le pueden ayudar a ganar o a perder, propulsar o hundir. Con toda la maquinaria y todos los recursos [&hellip;]<\/p>\n","protected":false},"author":2,"featured_media":0,"comment_status":"closed","ping_status":"closed","sticky":false,"template":"","format":"standard","meta":{"tdm_status":"","tdm_grid_status":"","footnotes":""},"categories":[1],"tags":[14643,12695,1026,3578,40269,195],"class_list":{"0":"post-118425","1":"post","2":"type-post","3":"status-publish","4":"format-standard","6":"category-sin-categoria","7":"tag-dos-bocas","8":"tag-juan-javier-gomez-cazarin","9":"tag-morena","10":"tag-rocio-nahle","11":"tag-santandreu","12":"tag-veracruz"},"yoast_head":"<!-- This site is optimized with the Yoast SEO plugin v27.4 - https:\/\/yoast.com\/product\/yoast-seo-wordpress\/ -->\n<title>LOS LASTRES DE NAHLE - Los pol\u00edticos Veracruz<\/title>\n<meta name=\"robots\" content=\"index, follow, max-snippet:-1, max-image-preview:large, max-video-preview:-1\" \/>\n<link rel=\"canonical\" href=\"https:\/\/lospoliticosveracruz.com\/?p=118425\" \/>\n<meta property=\"og:locale\" content=\"es_ES\" \/>\n<meta property=\"og:type\" content=\"article\" \/>\n<meta property=\"og:title\" content=\"LOS LASTRES DE NAHLE - Los pol\u00edticos Veracruz\" \/>\n<meta property=\"og:description\" content=\"Oved Contreras Secas Mecas Una se\u00f1al de que quien se propone para ocupar un cargo p\u00fablico realizar\u00e1 una gesti\u00f3n exitosa la dan las personas que le rodean, sus estrategas, sus hombres y mujeres de confianza, que le pueden ayudar a ganar o a perder, propulsar o hundir. Con toda la maquinaria y todos los recursos [&hellip;]\" \/>\n<meta property=\"og:url\" content=\"https:\/\/lospoliticosveracruz.com\/?p=118425\" \/>\n<meta property=\"og:site_name\" content=\"Los pol\u00edticos Veracruz\" \/>\n<meta property=\"article:publisher\" content=\"https:\/\/www.facebook.com\/people\/Notimemes-de-los-Polticos\/61565672886568\/\" \/>\n<meta property=\"article:published_time\" content=\"2024-02-15T13:44:54+00:00\" \/>\n<meta property=\"article:modified_time\" content=\"2024-02-15T14:36:29+00:00\" \/>\n<meta property=\"og:image\" content=\"https:\/\/lospoliticosveracruz.com.mx\/wp-content\/uploads\/2021\/10\/WhatsApp-Image-2021-10-02-at-15.20.25-212x300.jpeg\" \/>\n<meta name=\"author\" content=\"Lo viste en Los Pol\u00edticos\" \/>\n<meta name=\"twitter:card\" content=\"summary_large_image\" \/>\n<meta name=\"twitter:creator\" content=\"@LosPoliticosVer\" \/>\n<meta name=\"twitter:site\" content=\"@LosPoliticosVer\" \/>\n<meta name=\"twitter:label1\" content=\"Escrito por\" \/>\n\t<meta name=\"twitter:data1\" content=\"Lo viste en Los Pol\u00edticos\" \/>\n\t<meta name=\"twitter:label2\" content=\"Tiempo de lectura\" \/>\n\t<meta name=\"twitter:data2\" content=\"5 minutos\" \/>\n<script type=\"application\/ld+json\" class=\"yoast-schema-graph\">{\"@context\":\"https:\\\/\\\/schema.org\",\"@graph\":[{\"@type\":\"Article\",\"@id\":\"https:\\\/\\\/lospoliticosveracruz.com\\\/?p=118425#article\",\"isPartOf\":{\"@id\":\"https:\\\/\\\/lospoliticosveracruz.com\\\/?p=118425\"},\"author\":{\"name\":\"Lo viste en Los Pol\u00edticos\",\"@id\":\"https:\\\/\\\/lospoliticosveracruz.com\\\/#\\\/schema\\\/person\\\/b8702bb0e538456e6efd07080bf2a4a2\"},\"headline\":\"LOS LASTRES DE NAHLE\",\"datePublished\":\"2024-02-15T13:44:54+00:00\",\"dateModified\":\"2024-02-15T14:36:29+00:00\",\"mainEntityOfPage\":{\"@id\":\"https:\\\/\\\/lospoliticosveracruz.com\\\/?p=118425\"},\"wordCount\":1014,\"publisher\":{\"@id\":\"https:\\\/\\\/lospoliticosveracruz.com\\\/#organization\"},\"image\":{\"@id\":\"https:\\\/\\\/lospoliticosveracruz.com\\\/?p=118425#primaryimage\"},\"thumbnailUrl\":\"https:\\\/\\\/lospoliticosveracruz.com.mx\\\/wp-content\\\/uploads\\\/2021\\\/10\\\/WhatsApp-Image-2021-10-02-at-15.20.25-212x300.jpeg\",\"keywords\":[\"Dos Bocas\",\"Juan Javier G\u00f3mez Cazar\u00edn\",\"Morena\",\"Roc\u00edo Nahle\",\"Santandreu\",\"Veracruz\"],\"inLanguage\":\"es\"},{\"@type\":\"WebPage\",\"@id\":\"https:\\\/\\\/lospoliticosveracruz.com\\\/?p=118425\",\"url\":\"https:\\\/\\\/lospoliticosveracruz.com\\\/?p=118425\",\"name\":\"LOS LASTRES DE NAHLE - Los pol\u00edticos Veracruz\",\"isPartOf\":{\"@id\":\"https:\\\/\\\/lospoliticosveracruz.com\\\/#website\"},\"primaryImageOfPage\":{\"@id\":\"https:\\\/\\\/lospoliticosveracruz.com\\\/?p=118425#primaryimage\"},\"image\":{\"@id\":\"https:\\\/\\\/lospoliticosveracruz.com\\\/?p=118425#primaryimage\"},\"thumbnailUrl\":\"https:\\\/\\\/lospoliticosveracruz.com.mx\\\/wp-content\\\/uploads\\\/2021\\\/10\\\/WhatsApp-Image-2021-10-02-at-15.20.25-212x300.jpeg\",\"datePublished\":\"2024-02-15T13:44:54+00:00\",\"dateModified\":\"2024-02-15T14:36:29+00:00\",\"breadcrumb\":{\"@id\":\"https:\\\/\\\/lospoliticosveracruz.com\\\/?p=118425#breadcrumb\"},\"inLanguage\":\"es\",\"potentialAction\":[{\"@type\":\"ReadAction\",\"target\":[\"https:\\\/\\\/lospoliticosveracruz.com\\\/?p=118425\"]}]},{\"@type\":\"ImageObject\",\"inLanguage\":\"es\",\"@id\":\"https:\\\/\\\/lospoliticosveracruz.com\\\/?p=118425#primaryimage\",\"url\":\"https:\\\/\\\/lospoliticosveracruz.com.mx\\\/wp-content\\\/uploads\\\/2021\\\/10\\\/WhatsApp-Image-2021-10-02-at-15.20.25-212x300.jpeg\",\"contentUrl\":\"https:\\\/\\\/lospoliticosveracruz.com.mx\\\/wp-content\\\/uploads\\\/2021\\\/10\\\/WhatsApp-Image-2021-10-02-at-15.20.25-212x300.jpeg\"},{\"@type\":\"BreadcrumbList\",\"@id\":\"https:\\\/\\\/lospoliticosveracruz.com\\\/?p=118425#breadcrumb\",\"itemListElement\":[{\"@type\":\"ListItem\",\"position\":1,\"name\":\"Portada\",\"item\":\"https:\\\/\\\/lospoliticosveracruz.com\\\/\"},{\"@type\":\"ListItem\",\"position\":2,\"name\":\"LOS LASTRES DE NAHLE\"}]},{\"@type\":\"WebSite\",\"@id\":\"https:\\\/\\\/lospoliticosveracruz.com\\\/#website\",\"url\":\"https:\\\/\\\/lospoliticosveracruz.com\\\/\",\"name\":\"Los pol\u00edticos Veracruz\",\"description\":\"\",\"publisher\":{\"@id\":\"https:\\\/\\\/lospoliticosveracruz.com\\\/#organization\"},\"potentialAction\":[{\"@type\":\"SearchAction\",\"target\":{\"@type\":\"EntryPoint\",\"urlTemplate\":\"https:\\\/\\\/lospoliticosveracruz.com\\\/?s={search_term_string}\"},\"query-input\":{\"@type\":\"PropertyValueSpecification\",\"valueRequired\":true,\"valueName\":\"search_term_string\"}}],\"inLanguage\":\"es\"},{\"@type\":\"Organization\",\"@id\":\"https:\\\/\\\/lospoliticosveracruz.com\\\/#organization\",\"name\":\"Los pol\u00edticos Veracruz\",\"url\":\"https:\\\/\\\/lospoliticosveracruz.com\\\/\",\"logo\":{\"@type\":\"ImageObject\",\"inLanguage\":\"es\",\"@id\":\"https:\\\/\\\/lospoliticosveracruz.com\\\/#\\\/schema\\\/logo\\\/image\\\/\",\"url\":\"https:\\\/\\\/lospoliticosveracruz.com\\\/wp-content\\\/uploads\\\/2025\\\/12\\\/Logo-Nuevo-LOS-POLITICOS-1.jpg\",\"contentUrl\":\"https:\\\/\\\/lospoliticosveracruz.com\\\/wp-content\\\/uploads\\\/2025\\\/12\\\/Logo-Nuevo-LOS-POLITICOS-1.jpg\",\"width\":260,\"height\":70,\"caption\":\"Los pol\u00edticos Veracruz\"},\"image\":{\"@id\":\"https:\\\/\\\/lospoliticosveracruz.com\\\/#\\\/schema\\\/logo\\\/image\\\/\"},\"sameAs\":[\"https:\\\/\\\/www.facebook.com\\\/people\\\/Notimemes-de-los-Polticos\\\/61565672886568\\\/\",\"https:\\\/\\\/x.com\\\/LosPoliticosVer\"]},{\"@type\":\"Person\",\"@id\":\"https:\\\/\\\/lospoliticosveracruz.com\\\/#\\\/schema\\\/person\\\/b8702bb0e538456e6efd07080bf2a4a2\",\"name\":\"Lo viste en Los Pol\u00edticos\",\"image\":{\"@type\":\"ImageObject\",\"inLanguage\":\"es\",\"@id\":\"https:\\\/\\\/secure.gravatar.com\\\/avatar\\\/3a8de04a2656d44082be478bd6c086daa447c4651605818287b9532d3d0bd435?s=96&d=mm&r=g\",\"url\":\"https:\\\/\\\/secure.gravatar.com\\\/avatar\\\/3a8de04a2656d44082be478bd6c086daa447c4651605818287b9532d3d0bd435?s=96&d=mm&r=g\",\"contentUrl\":\"https:\\\/\\\/secure.gravatar.com\\\/avatar\\\/3a8de04a2656d44082be478bd6c086daa447c4651605818287b9532d3d0bd435?s=96&d=mm&r=g\",\"caption\":\"Lo viste en Los Pol\u00edticos\"},\"url\":\"https:\\\/\\\/lospoliticosveracruz.com\\\/?author=2\"}]}<\/script>\n<!-- \/ Yoast SEO plugin. -->","yoast_head_json":{"title":"LOS LASTRES DE NAHLE - Los pol\u00edticos Veracruz","robots":{"index":"index","follow":"follow","max-snippet":"max-snippet:-1","max-image-preview":"max-image-preview:large","max-video-preview":"max-video-preview:-1"},"canonical":"https:\/\/lospoliticosveracruz.com\/?p=118425","og_locale":"es_ES","og_type":"article","og_title":"LOS LASTRES DE NAHLE - Los pol\u00edticos Veracruz","og_description":"Oved Contreras Secas Mecas Una se\u00f1al de que quien se propone para ocupar un cargo p\u00fablico realizar\u00e1 una gesti\u00f3n exitosa la dan las personas que le rodean, sus estrategas, sus hombres y mujeres de confianza, que le pueden ayudar a ganar o a perder, propulsar o hundir. Con toda la maquinaria y todos los recursos [&hellip;]","og_url":"https:\/\/lospoliticosveracruz.com\/?p=118425","og_site_name":"Los pol\u00edticos Veracruz","article_publisher":"https:\/\/www.facebook.com\/people\/Notimemes-de-los-Polticos\/61565672886568\/","article_published_time":"2024-02-15T13:44:54+00:00","article_modified_time":"2024-02-15T14:36:29+00:00","og_image":[{"url":"https:\/\/lospoliticosveracruz.com.mx\/wp-content\/uploads\/2021\/10\/WhatsApp-Image-2021-10-02-at-15.20.25-212x300.jpeg","type":"","width":"","height":""}],"author":"Lo viste en Los Pol\u00edticos","twitter_card":"summary_large_image","twitter_creator":"@LosPoliticosVer","twitter_site":"@LosPoliticosVer","twitter_misc":{"Escrito por":"Lo viste en Los Pol\u00edticos","Tiempo de lectura":"5 minutos"},"schema":{"@context":"https:\/\/schema.org","@graph":[{"@type":"Article","@id":"https:\/\/lospoliticosveracruz.com\/?p=118425#article","isPartOf":{"@id":"https:\/\/lospoliticosveracruz.com\/?p=118425"},"author":{"name":"Lo viste en Los Pol\u00edticos","@id":"https:\/\/lospoliticosveracruz.com\/#\/schema\/person\/b8702bb0e538456e6efd07080bf2a4a2"},"headline":"LOS LASTRES DE NAHLE","datePublished":"2024-02-15T13:44:54+00:00","dateModified":"2024-02-15T14:36:29+00:00","mainEntityOfPage":{"@id":"https:\/\/lospoliticosveracruz.com\/?p=118425"},"wordCount":1014,"publisher":{"@id":"https:\/\/lospoliticosveracruz.com\/#organization"},"image":{"@id":"https:\/\/lospoliticosveracruz.com\/?p=118425#primaryimage"},"thumbnailUrl":"https:\/\/lospoliticosveracruz.com.mx\/wp-content\/uploads\/2021\/10\/WhatsApp-Image-2021-10-02-at-15.20.25-212x300.jpeg","keywords":["Dos Bocas","Juan Javier G\u00f3mez Cazar\u00edn","Morena","Roc\u00edo Nahle","Santandreu","Veracruz"],"inLanguage":"es"},{"@type":"WebPage","@id":"https:\/\/lospoliticosveracruz.com\/?p=118425","url":"https:\/\/lospoliticosveracruz.com\/?p=118425","name":"LOS LASTRES DE NAHLE - Los pol\u00edticos Veracruz","isPartOf":{"@id":"https:\/\/lospoliticosveracruz.com\/#website"},"primaryImageOfPage":{"@id":"https:\/\/lospoliticosveracruz.com\/?p=118425#primaryimage"},"image":{"@id":"https:\/\/lospoliticosveracruz.com\/?p=118425#primaryimage"},"thumbnailUrl":"https:\/\/lospoliticosveracruz.com.mx\/wp-content\/uploads\/2021\/10\/WhatsApp-Image-2021-10-02-at-15.20.25-212x300.jpeg","datePublished":"2024-02-15T13:44:54+00:00","dateModified":"2024-02-15T14:36:29+00:00","breadcrumb":{"@id":"https:\/\/lospoliticosveracruz.com\/?p=118425#breadcrumb"},"inLanguage":"es","potentialAction":[{"@type":"ReadAction","target":["https:\/\/lospoliticosveracruz.com\/?p=118425"]}]},{"@type":"ImageObject","inLanguage":"es","@id":"https:\/\/lospoliticosveracruz.com\/?p=118425#primaryimage","url":"https:\/\/lospoliticosveracruz.com.mx\/wp-content\/uploads\/2021\/10\/WhatsApp-Image-2021-10-02-at-15.20.25-212x300.jpeg","contentUrl":"https:\/\/lospoliticosveracruz.com.mx\/wp-content\/uploads\/2021\/10\/WhatsApp-Image-2021-10-02-at-15.20.25-212x300.jpeg"},{"@type":"BreadcrumbList","@id":"https:\/\/lospoliticosveracruz.com\/?p=118425#breadcrumb","itemListElement":[{"@type":"ListItem","position":1,"name":"Portada","item":"https:\/\/lospoliticosveracruz.com\/"},{"@type":"ListItem","position":2,"name":"LOS LASTRES DE NAHLE"}]},{"@type":"WebSite","@id":"https:\/\/lospoliticosveracruz.com\/#website","url":"https:\/\/lospoliticosveracruz.com\/","name":"Los pol\u00edticos Veracruz","description":"","publisher":{"@id":"https:\/\/lospoliticosveracruz.com\/#organization"},"potentialAction":[{"@type":"SearchAction","target":{"@type":"EntryPoint","urlTemplate":"https:\/\/lospoliticosveracruz.com\/?s={search_term_string}"},"query-input":{"@type":"PropertyValueSpecification","valueRequired":true,"valueName":"search_term_string"}}],"inLanguage":"es"},{"@type":"Organization","@id":"https:\/\/lospoliticosveracruz.com\/#organization","name":"Los pol\u00edticos Veracruz","url":"https:\/\/lospoliticosveracruz.com\/","logo":{"@type":"ImageObject","inLanguage":"es","@id":"https:\/\/lospoliticosveracruz.com\/#\/schema\/logo\/image\/","url":"https:\/\/lospoliticosveracruz.com\/wp-content\/uploads\/2025\/12\/Logo-Nuevo-LOS-POLITICOS-1.jpg","contentUrl":"https:\/\/lospoliticosveracruz.com\/wp-content\/uploads\/2025\/12\/Logo-Nuevo-LOS-POLITICOS-1.jpg","width":260,"height":70,"caption":"Los pol\u00edticos Veracruz"},"image":{"@id":"https:\/\/lospoliticosveracruz.com\/#\/schema\/logo\/image\/"},"sameAs":["https:\/\/www.facebook.com\/people\/Notimemes-de-los-Polticos\/61565672886568\/","https:\/\/x.com\/LosPoliticosVer"]},{"@type":"Person","@id":"https:\/\/lospoliticosveracruz.com\/#\/schema\/person\/b8702bb0e538456e6efd07080bf2a4a2","name":"Lo viste en Los Pol\u00edticos","image":{"@type":"ImageObject","inLanguage":"es","@id":"https:\/\/secure.gravatar.com\/avatar\/3a8de04a2656d44082be478bd6c086daa447c4651605818287b9532d3d0bd435?s=96&d=mm&r=g","url":"https:\/\/secure.gravatar.com\/avatar\/3a8de04a2656d44082be478bd6c086daa447c4651605818287b9532d3d0bd435?s=96&d=mm&r=g","contentUrl":"https:\/\/secure.gravatar.com\/avatar\/3a8de04a2656d44082be478bd6c086daa447c4651605818287b9532d3d0bd435?s=96&d=mm&r=g","caption":"Lo viste en Los Pol\u00edticos"},"url":"https:\/\/lospoliticosveracruz.com\/?author=2"}]}},"_links":{"self":[{"href":"https:\/\/lospoliticosveracruz.com\/index.php?rest_route=\/wp\/v2\/posts\/118425","targetHints":{"allow":["GET"]}}],"collection":[{"href":"https:\/\/lospoliticosveracruz.com\/index.php?rest_route=\/wp\/v2\/posts"}],"about":[{"href":"https:\/\/lospoliticosveracruz.com\/index.php?rest_route=\/wp\/v2\/types\/post"}],"author":[{"embeddable":true,"href":"https:\/\/lospoliticosveracruz.com\/index.php?rest_route=\/wp\/v2\/users\/2"}],"replies":[{"embeddable":true,"href":"https:\/\/lospoliticosveracruz.com\/index.php?rest_route=%2Fwp%2Fv2%2Fcomments&post=118425"}],"version-history":[{"count":2,"href":"https:\/\/lospoliticosveracruz.com\/index.php?rest_route=\/wp\/v2\/posts\/118425\/revisions"}],"predecessor-version":[{"id":118434,"href":"https:\/\/lospoliticosveracruz.com\/index.php?rest_route=\/wp\/v2\/posts\/118425\/revisions\/118434"}],"wp:attachment":[{"href":"https:\/\/lospoliticosveracruz.com\/index.php?rest_route=%2Fwp%2Fv2%2Fmedia&parent=118425"}],"wp:term":[{"taxonomy":"category","embeddable":true,"href":"https:\/\/lospoliticosveracruz.com\/index.php?rest_route=%2Fwp%2Fv2%2Fcategories&post=118425"},{"taxonomy":"post_tag","embeddable":true,"href":"https:\/\/lospoliticosveracruz.com\/index.php?rest_route=%2Fwp%2Fv2%2Ftags&post=118425"}],"curies":[{"name":"wp","href":"https:\/\/api.w.org\/{rel}","templated":true}]}}