{"id":118495,"date":"2024-02-15T23:52:27","date_gmt":"2024-02-16T05:52:27","guid":{"rendered":"https:\/\/lospoliticosveracruz.com.mx\/?p=118495"},"modified":"2024-02-16T08:17:12","modified_gmt":"2024-02-16T14:17:12","slug":"morena-en-alerta","status":"publish","type":"post","link":"https:\/\/lospoliticosveracruz.com\/?p=118495","title":{"rendered":"MORENA EN ALERTA"},"content":{"rendered":"\n<p><strong>Ricardo Chua<\/strong><\/p>\n\n\n\n<p><em>Sale y Vale<\/em><\/p>\n\n\n\n<p>EXCLUSIVA.. El \u00abGarganta Profunda\u00bb m\u00e1s poderoso e informado al interior de MORENA.. Llam\u00f3 y dijo: \u00abDe los 19 distritos federales en Veracruz, te puedo adelantar, con estos candidatos postulados por MORENA solo podr\u00edan ganar 12 diputaciones, 7 est\u00e1n perdidas.. Xalapa hay mucho riesgo, Am\u00e9rico le ganar\u00eda a Villalpando, MORENA se quedar\u00eda con 11 demarcaciones y algunas muy cerradas\u00bb.. Se le pregunt\u00f3: \u00ab\u00bfEstas seguro?\u00bb.. \u00c9l respondi\u00f3: \u00abSi, viendo las candidaturas, es la informaci\u00f3n que tengo\u00bb.. Colg\u00f3.. EL QUE ENTENDI\u00d3, ENTENDI\u00d3.. AMEN<\/p>\n\n\n\n<figure class=\"wp-block-image size-large\"><a href=\"https:\/\/lospoliticosveracruz.com.mx\/wp-content\/uploads\/2016\/07\/Seguro-Julio-Cerecedo-2.jpg\"><img decoding=\"async\" src=\"https:\/\/lospoliticosveracruz.com.mx\/wp-content\/uploads\/2016\/07\/Seguro-Julio-Cerecedo-2-1024x381.jpg\" alt=\"\" class=\"wp-image-105879\"\/><\/a><\/figure>\n\n\n\n<p>EXCLUSIVA ll.. MORENA EN ALERTA, AMLO EN VERACRUZ.. Pareciera que sonaran las \u00abalertas s\u00edsmicas\u00bb pero electorales dentro del partido MORENA en Veracruz, luego que se anunciara que el Presidente, Andr\u00e9s Manuel L\u00f3pez Obrador vendr\u00e1 a la entidad, por lo menos, 8 veces en \u00abgira de trabajo\u00bb, antes de llevarse a cabo el proceso electoral local a gobernador el pr\u00f3ximo 2 de junio.. Tan obligado se vio a salir de Palacio Nacional, que en los c\u00edrculos pol\u00edticos del Estado, dicen que AMLO viene a \u00abRESCATAR\u00bb la campa\u00f1a de Roc\u00edo Nahle Garc\u00eda..<\/p>\n\n\n\n<p>Las versiones que se comentan en el \u00abC\u00edrculo Rojo\u00bb de Veracruz se\u00f1alan que los n\u00fameros no le est\u00e1n favoreciendo a la candidata de MORENA.. Que ha PERDIDO 12 puntos de noviembre a la fecha que le llevaba de ventaja a Pepe Yunes.. Y que esto ya puso en \u00abfoco rojo\u00bb a la entidad y que hay seria preocupaci\u00f3n en el equipo de campa\u00f1a de Claudia Sheinbaum y del propio Palacio Nacional.. Que hacen que el principal activo pol\u00edtico que tiene MORENA en el pa\u00eds: Andr\u00e9s Manuel L\u00f3pez Obrador venga 8 veces de visita a Veracruz..<\/p>\n\n\n\n<p>Lo que se ha detectado en Palacio Nacional.. Se\u00f1ala \u00abGarganta Profunda\u00bb que les hizo da\u00f1o mandar a Nahle muy tarde a la contienda en Veracruz.. Junto con la serie de errores en sus decisiones como candidata y las disputas que ha tenido con el equipo de Cuitl\u00e1huac Garc\u00eda al interior de MORENA, la han debilitado.. Adem\u00e1s de que NO CONOCE totalmente todo el territorio veracruzano.. Adem\u00e1s de que ha perdido puntos porque la sociedad NO APRUEBA las acciones de la actual administraci\u00f3n estatal.. Eso para ella ha sido y es un LASTRE..<\/p>\n\n\n\n<p>Por ello, es que las giras de AMLO, dice \u00abGarganta Profunda\u00bb ser\u00e1 para poder RETENER para MORENA a Veracruz y \u00absalvar\u00bb a Roc\u00edo Nahle antes de iniciar las campa\u00f1as porque sabe el Presidente que va a impactar a la campa\u00f1a de Claudia Sheinbaum.. Si es que se pierde Veracruz.. Ya que perjudica tambi\u00e9n las diputaciones federales, el Senado, da\u00f1a al Plan \u00abC\u00bb y habr\u00e1 una \u00abCacer\u00eda de Brujas\u00bb entre los funcionarios del gobierno estatal y los del equipo de Roc\u00edo Nahle.. En pocas palabras\u2026 UN CAOS.. Por eso, AMLO al rescate.. AMEN..<\/p>\n\n\n\n<p>CANDIDATOS DE MORENA.. CUITL\u00c1HUAC Y NAHLE, LOS PERDEDORES.. Al interior de MORENA se habla de fuertes discusiones entre el equipo de campa\u00f1a de Roc\u00edo Nahle, la dirigencia estatal del partido y Palacio de Gobierno, despu\u00e9s de que se conocieron las listas de candidatos de los 19 distritos federales en Veracruz por este organismo.. Donde los ganadores son: Mario Delgado, Manuel Huerta y Sergio Guti\u00e9rrez Luna.. Pero los grandes perdedores fueron Cuitl\u00e1huac Garc\u00eda y Roc\u00edo Nahle, el gobernador y la candidata a gobernador.. ABROOON<\/p>\n\n\n\n<p>El asunto es que de los 13 distritos donde postula MORENA candidatos a diputados federales en Veracruz.. 6 de ellos son incondicionales a Mario Delgado, dirigente nacional de MORENA.. Les pag\u00f3 el favor de haberlo apoyado cuando buscaba la dirigencia nacional en 2021 y seguir siendo su aliado aun en contra del gobernador, Cuitl\u00e1huac Garc\u00eda.. 4 m\u00e1s son aliados hasta los \u00abtuetanos\u00bb del candidato al Senado, Manuel Huerta.. El personaje que ve\u00edan como el principal contricante de Roc\u00edo Nahle y Cuitl\u00e1huac Garc\u00eda ante L\u00f3pez Obrador.. Los camino..<\/p>\n\n\n\n<p>De esa lista de 13 candidatos, 2 de ellos son gente cercana a Sergio Guti\u00e9rrez Luna, ex aspirante a gobernador, diputado federal y representante de MORENA en el INE.. No import\u00f3 que al minatitleco lo vieran como un \u00abapestado\u00bb en Palacio de Gobierno de Veracruz.. Desde el INE aliado con Mario Delgado, les dej\u00f3 ir dos \u00abpu\u00f1aladas\u00bb a Cuitl\u00e1huac Garc\u00eda.. Y ah\u00ed tiene sus aspirantes en Minatitlan y Mart\u00ednez de la Torre.. Cuitl\u00e1huac s\u00f3lo logr\u00f3 meter a uno, el candidato en C\u00f3rdoba, Zenyazen Escobar.. Mientras que Nahle, pues, todos son sus aliados pero no de su grupo..<\/p>\n\n\n\n<p>As\u00ed que el GRAN GANADOR de las candidaturas a diputados federales fue Mario Delgado.. Que se volvi\u00f3 un \u00abGran Comerciante\u00bb tanto que lastim\u00f3 a gobernadores, al no dejar poner a los suyos (Michoac\u00e1n, Tamaulipas, Guerrero, Veracruz, etc).. Ya que \u00e9l impuso a su modo en otros estados y aqu\u00ed, donde se presume que lo que \u00abno suena l\u00f3gico, suena met\u00e1lico\u00bb.. Derivado que es su \u00abA\u00f1o de Hidalgo\u00bb porque sabe que despu\u00e9s de la elecci\u00f3n Presidencial, \u00e9l se va.. Y eso ser\u00e1 un lastre para Claudia y Roc\u00edo en Veracruz.. SE COMI\u00d6 TODO..<\/p>\n\n\n\n<p>REFLEXI\u00d3N.. Los que antes eran \u00abapestados\u00bb de MORENA en Veracruz (Mario Delgado, Manuel Huerta y Sergio Guti\u00e9rrez) le dieron una muestra a Palacio de Gobierno.. Que s\u00f3lo sus \u00abchicharrones truenan\u00bb.. Que tienen alianzas y alcances con Claudia Shienbaum para operar lo necesario para ganar la Presidencia.. Para imponer a los suyos encima de gobernadores y ganar distritos.. Se los advertimos en este espacio.. Que MORENA tendr\u00eda su \u00abnoche de los cuchillos largos\u00bb y su \u00abcena de negros\u00bb.. LOS JUGADORES CAMBIAN, EL JUEGO NO..<\/p>\n","protected":false},"excerpt":{"rendered":"<p>Ricardo Chua Sale y Vale EXCLUSIVA.. El \u00abGarganta Profunda\u00bb m\u00e1s poderoso e informado al interior de MORENA.. Llam\u00f3 y dijo: \u00abDe los 19 distritos federales en Veracruz, te puedo adelantar, con estos candidatos postulados por MORENA solo podr\u00edan ganar 12 diputaciones, 7 est\u00e1n perdidas.. Xalapa hay mucho riesgo, Am\u00e9rico le ganar\u00eda a Villalpando, MORENA se [&hellip;]<\/p>\n","protected":false},"author":2,"featured_media":0,"comment_status":"closed","ping_status":"closed","sticky":false,"template":"","format":"standard","meta":{"tdm_status":"","tdm_grid_status":"","footnotes":""},"categories":[70],"tags":[618,1563,1026,3578,28349,195],"class_list":{"0":"post-118495","1":"post","2":"type-post","3":"status-publish","4":"format-standard","6":"category-de-opinion","7":"tag-andres-manuel-lopez-obrador","8":"tag-cuitlahuac-garcia-jimenez","9":"tag-morena","10":"tag-rocio-nahle","11":"tag-sergio-gutierrez","12":"tag-veracruz"},"yoast_head":"<!-- This site is optimized with the Yoast SEO plugin v27.4 - https:\/\/yoast.com\/product\/yoast-seo-wordpress\/ -->\n<title>MORENA EN ALERTA - Los pol\u00edticos Veracruz<\/title>\n<meta name=\"robots\" content=\"index, follow, max-snippet:-1, max-image-preview:large, max-video-preview:-1\" \/>\n<link rel=\"canonical\" href=\"https:\/\/lospoliticosveracruz.com\/?p=118495\" \/>\n<meta property=\"og:locale\" content=\"es_ES\" \/>\n<meta property=\"og:type\" content=\"article\" \/>\n<meta property=\"og:title\" content=\"MORENA EN ALERTA - Los pol\u00edticos Veracruz\" \/>\n<meta property=\"og:description\" content=\"Ricardo Chua Sale y Vale EXCLUSIVA.. El \u00abGarganta Profunda\u00bb m\u00e1s poderoso e informado al interior de MORENA.. Llam\u00f3 y dijo: \u00abDe los 19 distritos federales en Veracruz, te puedo adelantar, con estos candidatos postulados por MORENA solo podr\u00edan ganar 12 diputaciones, 7 est\u00e1n perdidas.. Xalapa hay mucho riesgo, Am\u00e9rico le ganar\u00eda a Villalpando, MORENA se [&hellip;]\" \/>\n<meta property=\"og:url\" content=\"https:\/\/lospoliticosveracruz.com\/?p=118495\" \/>\n<meta property=\"og:site_name\" content=\"Los pol\u00edticos Veracruz\" \/>\n<meta property=\"article:publisher\" content=\"https:\/\/www.facebook.com\/people\/Notimemes-de-los-Polticos\/61565672886568\/\" \/>\n<meta property=\"article:published_time\" content=\"2024-02-16T05:52:27+00:00\" \/>\n<meta property=\"article:modified_time\" content=\"2024-02-16T14:17:12+00:00\" \/>\n<meta property=\"og:image\" content=\"https:\/\/lospoliticosveracruz.com.mx\/wp-content\/uploads\/2016\/07\/Seguro-Julio-Cerecedo-2-1024x381.jpg\" \/>\n<meta name=\"author\" content=\"Lo viste en Los Pol\u00edticos\" \/>\n<meta name=\"twitter:card\" content=\"summary_large_image\" \/>\n<meta name=\"twitter:creator\" content=\"@LosPoliticosVer\" \/>\n<meta name=\"twitter:site\" content=\"@LosPoliticosVer\" \/>\n<meta name=\"twitter:label1\" content=\"Escrito por\" \/>\n\t<meta name=\"twitter:data1\" content=\"Lo viste en Los Pol\u00edticos\" \/>\n\t<meta name=\"twitter:label2\" content=\"Tiempo de lectura\" \/>\n\t<meta name=\"twitter:data2\" content=\"5 minutos\" \/>\n<script type=\"application\/ld+json\" class=\"yoast-schema-graph\">{\"@context\":\"https:\\\/\\\/schema.org\",\"@graph\":[{\"@type\":\"Article\",\"@id\":\"https:\\\/\\\/lospoliticosveracruz.com\\\/?p=118495#article\",\"isPartOf\":{\"@id\":\"https:\\\/\\\/lospoliticosveracruz.com\\\/?p=118495\"},\"author\":{\"name\":\"Lo viste en Los Pol\u00edticos\",\"@id\":\"https:\\\/\\\/lospoliticosveracruz.com\\\/#\\\/schema\\\/person\\\/b8702bb0e538456e6efd07080bf2a4a2\"},\"headline\":\"MORENA EN ALERTA\",\"datePublished\":\"2024-02-16T05:52:27+00:00\",\"dateModified\":\"2024-02-16T14:17:12+00:00\",\"mainEntityOfPage\":{\"@id\":\"https:\\\/\\\/lospoliticosveracruz.com\\\/?p=118495\"},\"wordCount\":959,\"publisher\":{\"@id\":\"https:\\\/\\\/lospoliticosveracruz.com\\\/#organization\"},\"image\":{\"@id\":\"https:\\\/\\\/lospoliticosveracruz.com\\\/?p=118495#primaryimage\"},\"thumbnailUrl\":\"https:\\\/\\\/lospoliticosveracruz.com.mx\\\/wp-content\\\/uploads\\\/2016\\\/07\\\/Seguro-Julio-Cerecedo-2-1024x381.jpg\",\"keywords\":[\"Andr\u00e9s Manuel L\u00f3pez Obrador\",\"Cuitl\u00e1huac Garc\u00eda Jim\u00e9nez\",\"Morena\",\"Roc\u00edo Nahle\",\"Sergio Guti\u00e9rrez\",\"Veracruz\"],\"articleSection\":[\"De Opini\u00f3n\"],\"inLanguage\":\"es\"},{\"@type\":\"WebPage\",\"@id\":\"https:\\\/\\\/lospoliticosveracruz.com\\\/?p=118495\",\"url\":\"https:\\\/\\\/lospoliticosveracruz.com\\\/?p=118495\",\"name\":\"MORENA EN ALERTA - Los pol\u00edticos Veracruz\",\"isPartOf\":{\"@id\":\"https:\\\/\\\/lospoliticosveracruz.com\\\/#website\"},\"primaryImageOfPage\":{\"@id\":\"https:\\\/\\\/lospoliticosveracruz.com\\\/?p=118495#primaryimage\"},\"image\":{\"@id\":\"https:\\\/\\\/lospoliticosveracruz.com\\\/?p=118495#primaryimage\"},\"thumbnailUrl\":\"https:\\\/\\\/lospoliticosveracruz.com.mx\\\/wp-content\\\/uploads\\\/2016\\\/07\\\/Seguro-Julio-Cerecedo-2-1024x381.jpg\",\"datePublished\":\"2024-02-16T05:52:27+00:00\",\"dateModified\":\"2024-02-16T14:17:12+00:00\",\"breadcrumb\":{\"@id\":\"https:\\\/\\\/lospoliticosveracruz.com\\\/?p=118495#breadcrumb\"},\"inLanguage\":\"es\",\"potentialAction\":[{\"@type\":\"ReadAction\",\"target\":[\"https:\\\/\\\/lospoliticosveracruz.com\\\/?p=118495\"]}]},{\"@type\":\"ImageObject\",\"inLanguage\":\"es\",\"@id\":\"https:\\\/\\\/lospoliticosveracruz.com\\\/?p=118495#primaryimage\",\"url\":\"https:\\\/\\\/lospoliticosveracruz.com.mx\\\/wp-content\\\/uploads\\\/2016\\\/07\\\/Seguro-Julio-Cerecedo-2-1024x381.jpg\",\"contentUrl\":\"https:\\\/\\\/lospoliticosveracruz.com.mx\\\/wp-content\\\/uploads\\\/2016\\\/07\\\/Seguro-Julio-Cerecedo-2-1024x381.jpg\"},{\"@type\":\"BreadcrumbList\",\"@id\":\"https:\\\/\\\/lospoliticosveracruz.com\\\/?p=118495#breadcrumb\",\"itemListElement\":[{\"@type\":\"ListItem\",\"position\":1,\"name\":\"Portada\",\"item\":\"https:\\\/\\\/lospoliticosveracruz.com\\\/\"},{\"@type\":\"ListItem\",\"position\":2,\"name\":\"MORENA EN ALERTA\"}]},{\"@type\":\"WebSite\",\"@id\":\"https:\\\/\\\/lospoliticosveracruz.com\\\/#website\",\"url\":\"https:\\\/\\\/lospoliticosveracruz.com\\\/\",\"name\":\"Los pol\u00edticos Veracruz\",\"description\":\"\",\"publisher\":{\"@id\":\"https:\\\/\\\/lospoliticosveracruz.com\\\/#organization\"},\"potentialAction\":[{\"@type\":\"SearchAction\",\"target\":{\"@type\":\"EntryPoint\",\"urlTemplate\":\"https:\\\/\\\/lospoliticosveracruz.com\\\/?s={search_term_string}\"},\"query-input\":{\"@type\":\"PropertyValueSpecification\",\"valueRequired\":true,\"valueName\":\"search_term_string\"}}],\"inLanguage\":\"es\"},{\"@type\":\"Organization\",\"@id\":\"https:\\\/\\\/lospoliticosveracruz.com\\\/#organization\",\"name\":\"Los pol\u00edticos Veracruz\",\"url\":\"https:\\\/\\\/lospoliticosveracruz.com\\\/\",\"logo\":{\"@type\":\"ImageObject\",\"inLanguage\":\"es\",\"@id\":\"https:\\\/\\\/lospoliticosveracruz.com\\\/#\\\/schema\\\/logo\\\/image\\\/\",\"url\":\"https:\\\/\\\/lospoliticosveracruz.com\\\/wp-content\\\/uploads\\\/2025\\\/12\\\/Logo-Nuevo-LOS-POLITICOS-1.jpg\",\"contentUrl\":\"https:\\\/\\\/lospoliticosveracruz.com\\\/wp-content\\\/uploads\\\/2025\\\/12\\\/Logo-Nuevo-LOS-POLITICOS-1.jpg\",\"width\":260,\"height\":70,\"caption\":\"Los pol\u00edticos Veracruz\"},\"image\":{\"@id\":\"https:\\\/\\\/lospoliticosveracruz.com\\\/#\\\/schema\\\/logo\\\/image\\\/\"},\"sameAs\":[\"https:\\\/\\\/www.facebook.com\\\/people\\\/Notimemes-de-los-Polticos\\\/61565672886568\\\/\",\"https:\\\/\\\/x.com\\\/LosPoliticosVer\"]},{\"@type\":\"Person\",\"@id\":\"https:\\\/\\\/lospoliticosveracruz.com\\\/#\\\/schema\\\/person\\\/b8702bb0e538456e6efd07080bf2a4a2\",\"name\":\"Lo viste en Los Pol\u00edticos\",\"image\":{\"@type\":\"ImageObject\",\"inLanguage\":\"es\",\"@id\":\"https:\\\/\\\/secure.gravatar.com\\\/avatar\\\/3a8de04a2656d44082be478bd6c086daa447c4651605818287b9532d3d0bd435?s=96&d=mm&r=g\",\"url\":\"https:\\\/\\\/secure.gravatar.com\\\/avatar\\\/3a8de04a2656d44082be478bd6c086daa447c4651605818287b9532d3d0bd435?s=96&d=mm&r=g\",\"contentUrl\":\"https:\\\/\\\/secure.gravatar.com\\\/avatar\\\/3a8de04a2656d44082be478bd6c086daa447c4651605818287b9532d3d0bd435?s=96&d=mm&r=g\",\"caption\":\"Lo viste en Los Pol\u00edticos\"},\"url\":\"https:\\\/\\\/lospoliticosveracruz.com\\\/?author=2\"}]}<\/script>\n<!-- \/ Yoast SEO plugin. -->","yoast_head_json":{"title":"MORENA EN ALERTA - Los pol\u00edticos Veracruz","robots":{"index":"index","follow":"follow","max-snippet":"max-snippet:-1","max-image-preview":"max-image-preview:large","max-video-preview":"max-video-preview:-1"},"canonical":"https:\/\/lospoliticosveracruz.com\/?p=118495","og_locale":"es_ES","og_type":"article","og_title":"MORENA EN ALERTA - Los pol\u00edticos Veracruz","og_description":"Ricardo Chua Sale y Vale EXCLUSIVA.. El \u00abGarganta Profunda\u00bb m\u00e1s poderoso e informado al interior de MORENA.. Llam\u00f3 y dijo: \u00abDe los 19 distritos federales en Veracruz, te puedo adelantar, con estos candidatos postulados por MORENA solo podr\u00edan ganar 12 diputaciones, 7 est\u00e1n perdidas.. Xalapa hay mucho riesgo, Am\u00e9rico le ganar\u00eda a Villalpando, MORENA se [&hellip;]","og_url":"https:\/\/lospoliticosveracruz.com\/?p=118495","og_site_name":"Los pol\u00edticos Veracruz","article_publisher":"https:\/\/www.facebook.com\/people\/Notimemes-de-los-Polticos\/61565672886568\/","article_published_time":"2024-02-16T05:52:27+00:00","article_modified_time":"2024-02-16T14:17:12+00:00","og_image":[{"url":"https:\/\/lospoliticosveracruz.com.mx\/wp-content\/uploads\/2016\/07\/Seguro-Julio-Cerecedo-2-1024x381.jpg","type":"","width":"","height":""}],"author":"Lo viste en Los Pol\u00edticos","twitter_card":"summary_large_image","twitter_creator":"@LosPoliticosVer","twitter_site":"@LosPoliticosVer","twitter_misc":{"Escrito por":"Lo viste en Los Pol\u00edticos","Tiempo de lectura":"5 minutos"},"schema":{"@context":"https:\/\/schema.org","@graph":[{"@type":"Article","@id":"https:\/\/lospoliticosveracruz.com\/?p=118495#article","isPartOf":{"@id":"https:\/\/lospoliticosveracruz.com\/?p=118495"},"author":{"name":"Lo viste en Los Pol\u00edticos","@id":"https:\/\/lospoliticosveracruz.com\/#\/schema\/person\/b8702bb0e538456e6efd07080bf2a4a2"},"headline":"MORENA EN ALERTA","datePublished":"2024-02-16T05:52:27+00:00","dateModified":"2024-02-16T14:17:12+00:00","mainEntityOfPage":{"@id":"https:\/\/lospoliticosveracruz.com\/?p=118495"},"wordCount":959,"publisher":{"@id":"https:\/\/lospoliticosveracruz.com\/#organization"},"image":{"@id":"https:\/\/lospoliticosveracruz.com\/?p=118495#primaryimage"},"thumbnailUrl":"https:\/\/lospoliticosveracruz.com.mx\/wp-content\/uploads\/2016\/07\/Seguro-Julio-Cerecedo-2-1024x381.jpg","keywords":["Andr\u00e9s Manuel L\u00f3pez Obrador","Cuitl\u00e1huac Garc\u00eda Jim\u00e9nez","Morena","Roc\u00edo Nahle","Sergio Guti\u00e9rrez","Veracruz"],"articleSection":["De Opini\u00f3n"],"inLanguage":"es"},{"@type":"WebPage","@id":"https:\/\/lospoliticosveracruz.com\/?p=118495","url":"https:\/\/lospoliticosveracruz.com\/?p=118495","name":"MORENA EN ALERTA - Los pol\u00edticos Veracruz","isPartOf":{"@id":"https:\/\/lospoliticosveracruz.com\/#website"},"primaryImageOfPage":{"@id":"https:\/\/lospoliticosveracruz.com\/?p=118495#primaryimage"},"image":{"@id":"https:\/\/lospoliticosveracruz.com\/?p=118495#primaryimage"},"thumbnailUrl":"https:\/\/lospoliticosveracruz.com.mx\/wp-content\/uploads\/2016\/07\/Seguro-Julio-Cerecedo-2-1024x381.jpg","datePublished":"2024-02-16T05:52:27+00:00","dateModified":"2024-02-16T14:17:12+00:00","breadcrumb":{"@id":"https:\/\/lospoliticosveracruz.com\/?p=118495#breadcrumb"},"inLanguage":"es","potentialAction":[{"@type":"ReadAction","target":["https:\/\/lospoliticosveracruz.com\/?p=118495"]}]},{"@type":"ImageObject","inLanguage":"es","@id":"https:\/\/lospoliticosveracruz.com\/?p=118495#primaryimage","url":"https:\/\/lospoliticosveracruz.com.mx\/wp-content\/uploads\/2016\/07\/Seguro-Julio-Cerecedo-2-1024x381.jpg","contentUrl":"https:\/\/lospoliticosveracruz.com.mx\/wp-content\/uploads\/2016\/07\/Seguro-Julio-Cerecedo-2-1024x381.jpg"},{"@type":"BreadcrumbList","@id":"https:\/\/lospoliticosveracruz.com\/?p=118495#breadcrumb","itemListElement":[{"@type":"ListItem","position":1,"name":"Portada","item":"https:\/\/lospoliticosveracruz.com\/"},{"@type":"ListItem","position":2,"name":"MORENA EN ALERTA"}]},{"@type":"WebSite","@id":"https:\/\/lospoliticosveracruz.com\/#website","url":"https:\/\/lospoliticosveracruz.com\/","name":"Los pol\u00edticos Veracruz","description":"","publisher":{"@id":"https:\/\/lospoliticosveracruz.com\/#organization"},"potentialAction":[{"@type":"SearchAction","target":{"@type":"EntryPoint","urlTemplate":"https:\/\/lospoliticosveracruz.com\/?s={search_term_string}"},"query-input":{"@type":"PropertyValueSpecification","valueRequired":true,"valueName":"search_term_string"}}],"inLanguage":"es"},{"@type":"Organization","@id":"https:\/\/lospoliticosveracruz.com\/#organization","name":"Los pol\u00edticos Veracruz","url":"https:\/\/lospoliticosveracruz.com\/","logo":{"@type":"ImageObject","inLanguage":"es","@id":"https:\/\/lospoliticosveracruz.com\/#\/schema\/logo\/image\/","url":"https:\/\/lospoliticosveracruz.com\/wp-content\/uploads\/2025\/12\/Logo-Nuevo-LOS-POLITICOS-1.jpg","contentUrl":"https:\/\/lospoliticosveracruz.com\/wp-content\/uploads\/2025\/12\/Logo-Nuevo-LOS-POLITICOS-1.jpg","width":260,"height":70,"caption":"Los pol\u00edticos Veracruz"},"image":{"@id":"https:\/\/lospoliticosveracruz.com\/#\/schema\/logo\/image\/"},"sameAs":["https:\/\/www.facebook.com\/people\/Notimemes-de-los-Polticos\/61565672886568\/","https:\/\/x.com\/LosPoliticosVer"]},{"@type":"Person","@id":"https:\/\/lospoliticosveracruz.com\/#\/schema\/person\/b8702bb0e538456e6efd07080bf2a4a2","name":"Lo viste en Los Pol\u00edticos","image":{"@type":"ImageObject","inLanguage":"es","@id":"https:\/\/secure.gravatar.com\/avatar\/3a8de04a2656d44082be478bd6c086daa447c4651605818287b9532d3d0bd435?s=96&d=mm&r=g","url":"https:\/\/secure.gravatar.com\/avatar\/3a8de04a2656d44082be478bd6c086daa447c4651605818287b9532d3d0bd435?s=96&d=mm&r=g","contentUrl":"https:\/\/secure.gravatar.com\/avatar\/3a8de04a2656d44082be478bd6c086daa447c4651605818287b9532d3d0bd435?s=96&d=mm&r=g","caption":"Lo viste en Los Pol\u00edticos"},"url":"https:\/\/lospoliticosveracruz.com\/?author=2"}]}},"_links":{"self":[{"href":"https:\/\/lospoliticosveracruz.com\/index.php?rest_route=\/wp\/v2\/posts\/118495","targetHints":{"allow":["GET"]}}],"collection":[{"href":"https:\/\/lospoliticosveracruz.com\/index.php?rest_route=\/wp\/v2\/posts"}],"about":[{"href":"https:\/\/lospoliticosveracruz.com\/index.php?rest_route=\/wp\/v2\/types\/post"}],"author":[{"embeddable":true,"href":"https:\/\/lospoliticosveracruz.com\/index.php?rest_route=\/wp\/v2\/users\/2"}],"replies":[{"embeddable":true,"href":"https:\/\/lospoliticosveracruz.com\/index.php?rest_route=%2Fwp%2Fv2%2Fcomments&post=118495"}],"version-history":[{"count":2,"href":"https:\/\/lospoliticosveracruz.com\/index.php?rest_route=\/wp\/v2\/posts\/118495\/revisions"}],"predecessor-version":[{"id":118508,"href":"https:\/\/lospoliticosveracruz.com\/index.php?rest_route=\/wp\/v2\/posts\/118495\/revisions\/118508"}],"wp:attachment":[{"href":"https:\/\/lospoliticosveracruz.com\/index.php?rest_route=%2Fwp%2Fv2%2Fmedia&parent=118495"}],"wp:term":[{"taxonomy":"category","embeddable":true,"href":"https:\/\/lospoliticosveracruz.com\/index.php?rest_route=%2Fwp%2Fv2%2Fcategories&post=118495"},{"taxonomy":"post_tag","embeddable":true,"href":"https:\/\/lospoliticosveracruz.com\/index.php?rest_route=%2Fwp%2Fv2%2Ftags&post=118495"}],"curies":[{"name":"wp","href":"https:\/\/api.w.org\/{rel}","templated":true}]}}