{"id":118553,"date":"2024-02-17T07:05:32","date_gmt":"2024-02-17T13:05:32","guid":{"rendered":"https:\/\/lospoliticosveracruz.com.mx\/?p=118553"},"modified":"2024-02-17T07:05:41","modified_gmt":"2024-02-17T13:05:41","slug":"el-regreso-de-cheko","status":"publish","type":"post","link":"https:\/\/lospoliticosveracruz.com\/?p=118553","title":{"rendered":"EL REGRESO DE CHEKO!"},"content":{"rendered":"\n<p><strong>Ricardo Chua<\/strong><\/p>\n\n\n\n<p><em>Sale y Vale<\/em><\/p>\n\n\n\n<p>EXCLUSIVA, LOS VOTOS DE NAHLE.. \u00abGarganta Profunda\u00bb revel\u00f3 que al interior de MORENA nacional y el Senado Mexicano, hicieron una estimaci\u00f3n de votos que tendr\u00e1n los partidos aliados a los \u00abMorenos\u00bb en las 9 elecciones a gobernador que habr\u00e1 en el pa\u00eds, el pr\u00f3ximo 2 de junio.. Y, al menos, los n\u00fameros que arrojaron en Veracruz son los siguientes: PVEM tendr\u00eda una votaci\u00f3n aproximada de 120 mil votos.. PT un estimado de 80 mil votos.. Mientras que Fuerza Por M\u00e9xico alcanzar\u00eda los 160 mil votos.. SON ESTIMACIONES..<\/p>\n\n\n\n<p>Estos n\u00fameros andan circulando al interior de \u00abchats\u00bb de \u00abWhatsapp\u00bb de MORENA en Veracruz y por lo que se ve.. No son NADA ALENTADORES para la candidata a gobernador, Roc\u00edo Nahle y de pas\u00f3 para el candidato al Senado, Manuel Huerta.. Queda claro que los Morenos como partidos tendr\u00e1n una votaci\u00f3n muy amplia.. Pero con estos aliados, la ayuda es casi nula.. Es m\u00e1s, PVEM y PT con esa votaci\u00f3n PERDER\u00cdAN su registro como partido pol\u00edtico estatal.. S\u00f3lo se podr\u00eda salvar Fuerza por M\u00e9xico de Eduardo Vega Yunes.. QUI\u00c9N LO DIR\u00cdA..<\/p>\n\n\n\n<p>Esa votaci\u00f3n pone en peligro la continuidad de la 4T en Veracruz en manos de Roc\u00edo Nahle.. Dejar\u00eda mal parado a Javier Herrera y Marcelo Ruiz, que se quedar\u00edan sin partido.. El PT, ni hablar de ellos, ser\u00eda un chiste.. S\u00f3lo \u00abEl Tato\u00bb Vega con un partido de menor alcance, con ascendencia estatal podr\u00eda sostener su registro.. Pero est\u00e1 situaci\u00f3n provocar\u00eda una sola cosa: El triunfo de Pepe Yunes a gobernador y de Miguel \u00c1ngel Yunes al Senado.. De confirmarse ser\u00eda una \u00abHECATOMBE\u00bb.. Valientes aliados de MORENA.. REQUIEM..<\/p>\n\n\n\n<p>EL REGRESO \u00abCHEKO\u00bb GUTI\u00c9RREZ A VERACRUZ.. Despu\u00e9s de que fue llamado \u00abvulgar payaso\u00bb por Eric Cisneros.. Que el gobernador, Cuitl\u00e1huac Garc\u00eda lo escup\u00eda pol\u00edticamente.. Que lo acus\u00f3 de ser aliado de criminales.. Que Roc\u00edo Nahle no lo tomaba en cuenta porque seg\u00fan no era nada en Veracruz.. Que en MORENA lo llamaron \u00abADVENEDIZO\u00bb.. El minatitleco, Sergio Gut\u00ederrez Luna dir\u00eda Paco Ignacio Taibo II: \u00abSe las meti\u00f3 doblada\u00bb en MORENA y les puso dos candidatas a diputadas federales en Veracruz.. Uno m\u00e1s que Cuitl\u00e1huac..<\/p>\n\n\n\n<p>Jesica Ram\u00edrez Cisneros, por el distrito de Minatitlan y M\u00f3nica Herrera, por Mart\u00ednez de la Torre.. Las dos miembros de su equipo de precampa\u00f1a a Gobernador.. Las dos LEALES a Guti\u00e9rrez Luna.. El mismo personaje que tendr\u00e1 que defender a Claudia Sheinbaum, a 300 candidatos a diputados federales y 64 senadores en el INE donde es el representante de MORENA.. \u00abEl Cheko\u00bb s\u00f3lo tuvo que esperar los tiempos, impulsar a sus \u00abalfiles\u00bb con Mario Delgado y dar una \u00abcachetada con guante blanco\u00bb a Cuitl\u00e1huac y Patrocinio..<\/p>\n\n\n\n<p>El equipo de \u00abCheko\u00bb fue muy maltratado en Veracruz.. Por apoyar la candidatura Presidencial de Ad\u00e1n Augusto L\u00f3pez fue ignorado por Cuitl\u00e1huac Garc\u00eda.. Hay que recordar que Jesica Ram\u00edrez Cisneros en la votaci\u00f3n de consejeros de MORENA fue hasta encarcelada por polic\u00edas municipales de MInatitl\u00e1n, bajo la orden de la alcaldesa, Carmen Medel (una de los 4 personajes m\u00e1s cercanos a Roc\u00edo Nahle en Veracruz), no importando su fuero.. La llevaron a la c\u00e1rcel, la jalaron, la denigraron.. Y ahora es candidata a diputada federal\u2026<\/p>\n\n\n\n<p>La \u00abvenganza\u00bb de Jessica debe ser terrible.. Despu\u00e9s de como la trataron en MORENA.. P\u00f6r ser cercana a Guti\u00e9rrez Luna.. Ella har\u00e1 campa\u00f1a en la tierra de Carmen Medel.. Que no tuvo el poder pol\u00edtico junto a Roc\u00edo Nahle para hacerla a un lado.. \u00abEl Cheko\u00bb se las IMPUSO aun en contra de las dos.. Minatitl\u00e1n ya dej\u00f3 de ser un \u00abbasti\u00f3n\u00bb de Roc\u00edo Nahle ahora es de Sergio Guti\u00e9rrez y a Carmen Medel le van a cobrar todas las que debe a ese grupo.. Dicen que ah\u00ed puede ganar Jessica y perder Roc\u00edo.. En esta vida.. NO ES INDIO EL QUE NO SE VENGA..<\/p>\n\n\n\n<p>EL \u00abTEATRO\u00bb DE BAYRON.. Bayron Barranco, afamado cantante en Veracruz por servir a los intereses del ex gobernador priista, Fidel Herrera, al que compuso una canci\u00f3n \u00abMi amigo Fidel\u00bb, luego aliado del PAN Yunes y hoy al servicio de MORENA y Cuitl\u00e1huac Garc\u00eda.. Compositor donde se\u00f1alan a periodistas de \u00abchayoteros\u00bb por criticar a Andr\u00e9s Manuel L\u00f3pez Obrador.. Ser\u00e1 candidato a diputado federal por este partido en el distrito de Boca del R\u00edo.. Se la pusieron \u00abpapita\u00bb a Marijose Gamboa por el PAN..<\/p>\n\n\n\n<p>A este cantante y candidato lo recuerdan s\u00f3lo las generaciones universitarias de finales de los 90 y en los primeros a\u00f1os del 2000.. Y la mayor\u00eda de esas generaciones eran for\u00e1neas.. Ya que la gente de Boca del R\u00edo de colonias como la Carranza, Manantial, Villa Rica, Las Vegas, Casas Tamsa.. No iban a \u00abLa Casona\u00bb , iban a \u00abJaque\u00bb o \u00abCapezzio\u00bb y sus \u00eddolos eran Juan Santiago y el \u00abTopper\u00bb.. Los que iban a La Casona en esos tiempos.. Son ahora los \u00abRicos y Sabrosos\u00bb que viven en La Riviera de Alvarado.. No en Boca del R\u00edo..<\/p>\n\n\n\n<p>Adem\u00e1s los \u00abRicos y Sabrosos\u00bb de La Riviera, que van a La Casona, comentan que hasta el propio Daniel Noriega (Sobrino del bien recordado y querido Don Paco Noriega) le ped\u00eda a Bayron que no se extendiera en sus actuaciones.. Ya que la \u00abflota\u00bb simplemente no lo ten\u00eda como su cantante de moda.. Y eso que Bayron es socio del bar.. Los mejores a\u00f1os han pasado y ahora como candidato a Roc\u00edo Nahle y Cuitl\u00e1huac se los impusieron.. SIN TU LATIDO.. Hay algunos que dicen.. Que todos los caminos conducen a Boca.. Y es verdad por que el mio.. Me lleva cada noche al hueco de la DERROTA.. Hay amor m\u00edo.. HEEEEE<\/p>\n","protected":false},"excerpt":{"rendered":"<p>Ricardo Chua Sale y Vale EXCLUSIVA, LOS VOTOS DE NAHLE.. \u00abGarganta Profunda\u00bb revel\u00f3 que al interior de MORENA nacional y el Senado Mexicano, hicieron una estimaci\u00f3n de votos que tendr\u00e1n los partidos aliados a los \u00abMorenos\u00bb en las 9 elecciones a gobernador que habr\u00e1 en el pa\u00eds, el pr\u00f3ximo 2 de junio.. Y, al menos, [&hellip;]<\/p>\n","protected":false},"author":2,"featured_media":0,"comment_status":"closed","ping_status":"closed","sticky":false,"template":"","format":"standard","meta":{"tdm_status":"","tdm_grid_status":"","footnotes":""},"categories":[1],"tags":[757,1563,13448,1026,3578,16147,249,195],"class_list":{"0":"post-118553","1":"post","2":"type-post","3":"status-publish","4":"format-standard","6":"category-sin-categoria","7":"tag-byron-barranco","8":"tag-cuitlahuac-garcia-jimenez","9":"tag-jessica-ramirez-cisneros","10":"tag-morena","11":"tag-rocio-nahle","12":"tag-sergio-gutierrez-luna","13":"tag-tato-vega-yunes","14":"tag-veracruz"},"yoast_head":"<!-- This site is optimized with the Yoast SEO plugin v27.4 - https:\/\/yoast.com\/product\/yoast-seo-wordpress\/ -->\n<title>EL REGRESO DE CHEKO! - Los pol\u00edticos Veracruz<\/title>\n<meta name=\"robots\" content=\"index, follow, max-snippet:-1, max-image-preview:large, max-video-preview:-1\" \/>\n<link rel=\"canonical\" href=\"https:\/\/lospoliticosveracruz.com\/?p=118553\" \/>\n<meta property=\"og:locale\" content=\"es_ES\" \/>\n<meta property=\"og:type\" content=\"article\" \/>\n<meta property=\"og:title\" content=\"EL REGRESO DE CHEKO! - Los pol\u00edticos Veracruz\" \/>\n<meta property=\"og:description\" content=\"Ricardo Chua Sale y Vale EXCLUSIVA, LOS VOTOS DE NAHLE.. \u00abGarganta Profunda\u00bb revel\u00f3 que al interior de MORENA nacional y el Senado Mexicano, hicieron una estimaci\u00f3n de votos que tendr\u00e1n los partidos aliados a los \u00abMorenos\u00bb en las 9 elecciones a gobernador que habr\u00e1 en el pa\u00eds, el pr\u00f3ximo 2 de junio.. Y, al menos, [&hellip;]\" \/>\n<meta property=\"og:url\" content=\"https:\/\/lospoliticosveracruz.com\/?p=118553\" \/>\n<meta property=\"og:site_name\" content=\"Los pol\u00edticos Veracruz\" \/>\n<meta property=\"article:publisher\" content=\"https:\/\/www.facebook.com\/people\/Notimemes-de-los-Polticos\/61565672886568\/\" \/>\n<meta property=\"article:published_time\" content=\"2024-02-17T13:05:32+00:00\" \/>\n<meta property=\"article:modified_time\" content=\"2024-02-17T13:05:41+00:00\" \/>\n<meta property=\"og:image\" content=\"https:\/\/lospoliticosveracruz.com\/wp-content\/uploads\/2016\/07\/Logo-Dor.jpg\" \/>\n\t<meta property=\"og:image:width\" content=\"200\" \/>\n\t<meta property=\"og:image:height\" content=\"200\" \/>\n\t<meta property=\"og:image:type\" content=\"image\/jpeg\" \/>\n<meta name=\"author\" content=\"Lo viste en Los Pol\u00edticos\" \/>\n<meta name=\"twitter:card\" content=\"summary_large_image\" \/>\n<meta name=\"twitter:creator\" content=\"@LosPoliticosVer\" \/>\n<meta name=\"twitter:site\" content=\"@LosPoliticosVer\" \/>\n<meta name=\"twitter:label1\" content=\"Escrito por\" \/>\n\t<meta name=\"twitter:data1\" content=\"Lo viste en Los Pol\u00edticos\" \/>\n\t<meta name=\"twitter:label2\" content=\"Tiempo de lectura\" \/>\n\t<meta name=\"twitter:data2\" content=\"5 minutos\" \/>\n<script type=\"application\/ld+json\" class=\"yoast-schema-graph\">{\"@context\":\"https:\\\/\\\/schema.org\",\"@graph\":[{\"@type\":\"Article\",\"@id\":\"https:\\\/\\\/lospoliticosveracruz.com\\\/?p=118553#article\",\"isPartOf\":{\"@id\":\"https:\\\/\\\/lospoliticosveracruz.com\\\/?p=118553\"},\"author\":{\"name\":\"Lo viste en Los Pol\u00edticos\",\"@id\":\"https:\\\/\\\/lospoliticosveracruz.com\\\/#\\\/schema\\\/person\\\/b8702bb0e538456e6efd07080bf2a4a2\"},\"headline\":\"EL REGRESO DE CHEKO!\",\"datePublished\":\"2024-02-17T13:05:32+00:00\",\"dateModified\":\"2024-02-17T13:05:41+00:00\",\"mainEntityOfPage\":{\"@id\":\"https:\\\/\\\/lospoliticosveracruz.com\\\/?p=118553\"},\"wordCount\":1008,\"publisher\":{\"@id\":\"https:\\\/\\\/lospoliticosveracruz.com\\\/#organization\"},\"keywords\":[\"Byron Barranco\",\"Cuitl\u00e1huac Garc\u00eda Jim\u00e9nez\",\"Jessica Ram\u00edrez Cisneros\",\"Morena\",\"Roc\u00edo Nahle\",\"Sergio Guti\u00e9rrez Luna\",\"Tato Vega Yunes\",\"Veracruz\"],\"inLanguage\":\"es\"},{\"@type\":\"WebPage\",\"@id\":\"https:\\\/\\\/lospoliticosveracruz.com\\\/?p=118553\",\"url\":\"https:\\\/\\\/lospoliticosveracruz.com\\\/?p=118553\",\"name\":\"EL REGRESO DE CHEKO! - Los pol\u00edticos Veracruz\",\"isPartOf\":{\"@id\":\"https:\\\/\\\/lospoliticosveracruz.com\\\/#website\"},\"datePublished\":\"2024-02-17T13:05:32+00:00\",\"dateModified\":\"2024-02-17T13:05:41+00:00\",\"breadcrumb\":{\"@id\":\"https:\\\/\\\/lospoliticosveracruz.com\\\/?p=118553#breadcrumb\"},\"inLanguage\":\"es\",\"potentialAction\":[{\"@type\":\"ReadAction\",\"target\":[\"https:\\\/\\\/lospoliticosveracruz.com\\\/?p=118553\"]}]},{\"@type\":\"BreadcrumbList\",\"@id\":\"https:\\\/\\\/lospoliticosveracruz.com\\\/?p=118553#breadcrumb\",\"itemListElement\":[{\"@type\":\"ListItem\",\"position\":1,\"name\":\"Portada\",\"item\":\"https:\\\/\\\/lospoliticosveracruz.com\\\/\"},{\"@type\":\"ListItem\",\"position\":2,\"name\":\"EL REGRESO DE CHEKO!\"}]},{\"@type\":\"WebSite\",\"@id\":\"https:\\\/\\\/lospoliticosveracruz.com\\\/#website\",\"url\":\"https:\\\/\\\/lospoliticosveracruz.com\\\/\",\"name\":\"Los pol\u00edticos Veracruz\",\"description\":\"\",\"publisher\":{\"@id\":\"https:\\\/\\\/lospoliticosveracruz.com\\\/#organization\"},\"potentialAction\":[{\"@type\":\"SearchAction\",\"target\":{\"@type\":\"EntryPoint\",\"urlTemplate\":\"https:\\\/\\\/lospoliticosveracruz.com\\\/?s={search_term_string}\"},\"query-input\":{\"@type\":\"PropertyValueSpecification\",\"valueRequired\":true,\"valueName\":\"search_term_string\"}}],\"inLanguage\":\"es\"},{\"@type\":\"Organization\",\"@id\":\"https:\\\/\\\/lospoliticosveracruz.com\\\/#organization\",\"name\":\"Los pol\u00edticos Veracruz\",\"url\":\"https:\\\/\\\/lospoliticosveracruz.com\\\/\",\"logo\":{\"@type\":\"ImageObject\",\"inLanguage\":\"es\",\"@id\":\"https:\\\/\\\/lospoliticosveracruz.com\\\/#\\\/schema\\\/logo\\\/image\\\/\",\"url\":\"https:\\\/\\\/lospoliticosveracruz.com\\\/wp-content\\\/uploads\\\/2025\\\/12\\\/Logo-Nuevo-LOS-POLITICOS-1.jpg\",\"contentUrl\":\"https:\\\/\\\/lospoliticosveracruz.com\\\/wp-content\\\/uploads\\\/2025\\\/12\\\/Logo-Nuevo-LOS-POLITICOS-1.jpg\",\"width\":260,\"height\":70,\"caption\":\"Los pol\u00edticos Veracruz\"},\"image\":{\"@id\":\"https:\\\/\\\/lospoliticosveracruz.com\\\/#\\\/schema\\\/logo\\\/image\\\/\"},\"sameAs\":[\"https:\\\/\\\/www.facebook.com\\\/people\\\/Notimemes-de-los-Polticos\\\/61565672886568\\\/\",\"https:\\\/\\\/x.com\\\/LosPoliticosVer\"]},{\"@type\":\"Person\",\"@id\":\"https:\\\/\\\/lospoliticosveracruz.com\\\/#\\\/schema\\\/person\\\/b8702bb0e538456e6efd07080bf2a4a2\",\"name\":\"Lo viste en Los Pol\u00edticos\",\"image\":{\"@type\":\"ImageObject\",\"inLanguage\":\"es\",\"@id\":\"https:\\\/\\\/secure.gravatar.com\\\/avatar\\\/3a8de04a2656d44082be478bd6c086daa447c4651605818287b9532d3d0bd435?s=96&d=mm&r=g\",\"url\":\"https:\\\/\\\/secure.gravatar.com\\\/avatar\\\/3a8de04a2656d44082be478bd6c086daa447c4651605818287b9532d3d0bd435?s=96&d=mm&r=g\",\"contentUrl\":\"https:\\\/\\\/secure.gravatar.com\\\/avatar\\\/3a8de04a2656d44082be478bd6c086daa447c4651605818287b9532d3d0bd435?s=96&d=mm&r=g\",\"caption\":\"Lo viste en Los Pol\u00edticos\"},\"url\":\"https:\\\/\\\/lospoliticosveracruz.com\\\/?author=2\"}]}<\/script>\n<!-- \/ Yoast SEO plugin. -->","yoast_head_json":{"title":"EL REGRESO DE CHEKO! - Los pol\u00edticos Veracruz","robots":{"index":"index","follow":"follow","max-snippet":"max-snippet:-1","max-image-preview":"max-image-preview:large","max-video-preview":"max-video-preview:-1"},"canonical":"https:\/\/lospoliticosveracruz.com\/?p=118553","og_locale":"es_ES","og_type":"article","og_title":"EL REGRESO DE CHEKO! - Los pol\u00edticos Veracruz","og_description":"Ricardo Chua Sale y Vale EXCLUSIVA, LOS VOTOS DE NAHLE.. \u00abGarganta Profunda\u00bb revel\u00f3 que al interior de MORENA nacional y el Senado Mexicano, hicieron una estimaci\u00f3n de votos que tendr\u00e1n los partidos aliados a los \u00abMorenos\u00bb en las 9 elecciones a gobernador que habr\u00e1 en el pa\u00eds, el pr\u00f3ximo 2 de junio.. Y, al menos, [&hellip;]","og_url":"https:\/\/lospoliticosveracruz.com\/?p=118553","og_site_name":"Los pol\u00edticos Veracruz","article_publisher":"https:\/\/www.facebook.com\/people\/Notimemes-de-los-Polticos\/61565672886568\/","article_published_time":"2024-02-17T13:05:32+00:00","article_modified_time":"2024-02-17T13:05:41+00:00","og_image":[{"width":200,"height":200,"url":"https:\/\/lospoliticosveracruz.com\/wp-content\/uploads\/2016\/07\/Logo-Dor.jpg","type":"image\/jpeg"}],"author":"Lo viste en Los Pol\u00edticos","twitter_card":"summary_large_image","twitter_creator":"@LosPoliticosVer","twitter_site":"@LosPoliticosVer","twitter_misc":{"Escrito por":"Lo viste en Los Pol\u00edticos","Tiempo de lectura":"5 minutos"},"schema":{"@context":"https:\/\/schema.org","@graph":[{"@type":"Article","@id":"https:\/\/lospoliticosveracruz.com\/?p=118553#article","isPartOf":{"@id":"https:\/\/lospoliticosveracruz.com\/?p=118553"},"author":{"name":"Lo viste en Los Pol\u00edticos","@id":"https:\/\/lospoliticosveracruz.com\/#\/schema\/person\/b8702bb0e538456e6efd07080bf2a4a2"},"headline":"EL REGRESO DE CHEKO!","datePublished":"2024-02-17T13:05:32+00:00","dateModified":"2024-02-17T13:05:41+00:00","mainEntityOfPage":{"@id":"https:\/\/lospoliticosveracruz.com\/?p=118553"},"wordCount":1008,"publisher":{"@id":"https:\/\/lospoliticosveracruz.com\/#organization"},"keywords":["Byron Barranco","Cuitl\u00e1huac Garc\u00eda Jim\u00e9nez","Jessica Ram\u00edrez Cisneros","Morena","Roc\u00edo Nahle","Sergio Guti\u00e9rrez Luna","Tato Vega Yunes","Veracruz"],"inLanguage":"es"},{"@type":"WebPage","@id":"https:\/\/lospoliticosveracruz.com\/?p=118553","url":"https:\/\/lospoliticosveracruz.com\/?p=118553","name":"EL REGRESO DE CHEKO! - Los pol\u00edticos Veracruz","isPartOf":{"@id":"https:\/\/lospoliticosveracruz.com\/#website"},"datePublished":"2024-02-17T13:05:32+00:00","dateModified":"2024-02-17T13:05:41+00:00","breadcrumb":{"@id":"https:\/\/lospoliticosveracruz.com\/?p=118553#breadcrumb"},"inLanguage":"es","potentialAction":[{"@type":"ReadAction","target":["https:\/\/lospoliticosveracruz.com\/?p=118553"]}]},{"@type":"BreadcrumbList","@id":"https:\/\/lospoliticosveracruz.com\/?p=118553#breadcrumb","itemListElement":[{"@type":"ListItem","position":1,"name":"Portada","item":"https:\/\/lospoliticosveracruz.com\/"},{"@type":"ListItem","position":2,"name":"EL REGRESO DE CHEKO!"}]},{"@type":"WebSite","@id":"https:\/\/lospoliticosveracruz.com\/#website","url":"https:\/\/lospoliticosveracruz.com\/","name":"Los pol\u00edticos Veracruz","description":"","publisher":{"@id":"https:\/\/lospoliticosveracruz.com\/#organization"},"potentialAction":[{"@type":"SearchAction","target":{"@type":"EntryPoint","urlTemplate":"https:\/\/lospoliticosveracruz.com\/?s={search_term_string}"},"query-input":{"@type":"PropertyValueSpecification","valueRequired":true,"valueName":"search_term_string"}}],"inLanguage":"es"},{"@type":"Organization","@id":"https:\/\/lospoliticosveracruz.com\/#organization","name":"Los pol\u00edticos Veracruz","url":"https:\/\/lospoliticosveracruz.com\/","logo":{"@type":"ImageObject","inLanguage":"es","@id":"https:\/\/lospoliticosveracruz.com\/#\/schema\/logo\/image\/","url":"https:\/\/lospoliticosveracruz.com\/wp-content\/uploads\/2025\/12\/Logo-Nuevo-LOS-POLITICOS-1.jpg","contentUrl":"https:\/\/lospoliticosveracruz.com\/wp-content\/uploads\/2025\/12\/Logo-Nuevo-LOS-POLITICOS-1.jpg","width":260,"height":70,"caption":"Los pol\u00edticos Veracruz"},"image":{"@id":"https:\/\/lospoliticosveracruz.com\/#\/schema\/logo\/image\/"},"sameAs":["https:\/\/www.facebook.com\/people\/Notimemes-de-los-Polticos\/61565672886568\/","https:\/\/x.com\/LosPoliticosVer"]},{"@type":"Person","@id":"https:\/\/lospoliticosveracruz.com\/#\/schema\/person\/b8702bb0e538456e6efd07080bf2a4a2","name":"Lo viste en Los Pol\u00edticos","image":{"@type":"ImageObject","inLanguage":"es","@id":"https:\/\/secure.gravatar.com\/avatar\/3a8de04a2656d44082be478bd6c086daa447c4651605818287b9532d3d0bd435?s=96&d=mm&r=g","url":"https:\/\/secure.gravatar.com\/avatar\/3a8de04a2656d44082be478bd6c086daa447c4651605818287b9532d3d0bd435?s=96&d=mm&r=g","contentUrl":"https:\/\/secure.gravatar.com\/avatar\/3a8de04a2656d44082be478bd6c086daa447c4651605818287b9532d3d0bd435?s=96&d=mm&r=g","caption":"Lo viste en Los Pol\u00edticos"},"url":"https:\/\/lospoliticosveracruz.com\/?author=2"}]}},"_links":{"self":[{"href":"https:\/\/lospoliticosveracruz.com\/index.php?rest_route=\/wp\/v2\/posts\/118553","targetHints":{"allow":["GET"]}}],"collection":[{"href":"https:\/\/lospoliticosveracruz.com\/index.php?rest_route=\/wp\/v2\/posts"}],"about":[{"href":"https:\/\/lospoliticosveracruz.com\/index.php?rest_route=\/wp\/v2\/types\/post"}],"author":[{"embeddable":true,"href":"https:\/\/lospoliticosveracruz.com\/index.php?rest_route=\/wp\/v2\/users\/2"}],"replies":[{"embeddable":true,"href":"https:\/\/lospoliticosveracruz.com\/index.php?rest_route=%2Fwp%2Fv2%2Fcomments&post=118553"}],"version-history":[{"count":1,"href":"https:\/\/lospoliticosveracruz.com\/index.php?rest_route=\/wp\/v2\/posts\/118553\/revisions"}],"predecessor-version":[{"id":118555,"href":"https:\/\/lospoliticosveracruz.com\/index.php?rest_route=\/wp\/v2\/posts\/118553\/revisions\/118555"}],"wp:attachment":[{"href":"https:\/\/lospoliticosveracruz.com\/index.php?rest_route=%2Fwp%2Fv2%2Fmedia&parent=118553"}],"wp:term":[{"taxonomy":"category","embeddable":true,"href":"https:\/\/lospoliticosveracruz.com\/index.php?rest_route=%2Fwp%2Fv2%2Fcategories&post=118553"},{"taxonomy":"post_tag","embeddable":true,"href":"https:\/\/lospoliticosveracruz.com\/index.php?rest_route=%2Fwp%2Fv2%2Ftags&post=118553"}],"curies":[{"name":"wp","href":"https:\/\/api.w.org\/{rel}","templated":true}]}}