{"id":118604,"date":"2024-02-18T17:08:47","date_gmt":"2024-02-18T23:08:47","guid":{"rendered":"https:\/\/lospoliticosveracruz.com.mx\/?p=118604"},"modified":"2024-02-18T17:08:55","modified_gmt":"2024-02-18T23:08:55","slug":"se-apunta-rosa-maria","status":"publish","type":"post","link":"https:\/\/lospoliticosveracruz.com\/?p=118604","title":{"rendered":"SE APUNTA ROSA MAR\u00cdA!"},"content":{"rendered":"\n<p><\/p>\n\n\n\n<p><em>Ciudad de M\u00e9xico<\/em><\/p>\n\n\n\n<p>Al acompa\u00f1ar a Claudia Sheinbaum a su registro ante el INE como candidata a la Presidencia de la Rep\u00fablica, Rosa Mar\u00eda Hern\u00e1ndez Espejo inform\u00f3 a los medios de comunicaci\u00f3n que este fin de semana acudi\u00f3 ante el pleno del Comit\u00e9 Ejecutivo Nacional de Morena para concretar su registro como aspirante a la diputaci\u00f3n federal por el Distrito 12 del municipio<br>de Veracruz, llevando como compa\u00f1era de f\u00f3rmula (suplente) a la profesora Zoraya Villacis Palacios.<\/p>\n\n\n\n<p>Hern\u00e1ndez Espejo present\u00f3 toda la documentaci\u00f3n que marca la convocatoria, la cual fue avalada por la Secretar\u00eda T\u00e9cnica del CEN de Morena a cargo del Mtro. Rafael Estrada Cano.<\/p>\n\n\n\n<p>Explic\u00f3 que ser\u00e1 el pr\u00f3ximo martes 20 de febrero cuando el Consejo General del Instituto Nacional Electoral (INE) apruebe las candidaturas de los 300 distritos federales electorales del pa\u00eds.<\/p>\n\n\n\n<p>A trav\u00e9s de sus redes sociales, la aspirante morenista agradeci\u00f3 el respaldo de la gente al proyecto de Naci\u00f3n que inici\u00f3 el presidente Andr\u00e9s Manuel L\u00f3pez Obrador, al que sin duda dar\u00e1 continuidad y fortaleza Claudia Sheinbaum a nivel nacional, contando con una excelente aliada en Veracruz en la personal de la ingeniera Roc\u00edo Nahle Garc\u00eda.<\/p>\n\n\n\n<p>\u201cEs el tiempo de las mujeres transformadoras. Vamos todas juntas por el segundo piso de la Cuarta Transformaci\u00f3n. Con Roc\u00edo en Veracruz y Claudia en todo M\u00e9xico, sin duda lo lograremos\u201d, dijo Hern\u00e1ndez Espejo<\/p>\n\n\n\n<p><em>Trayectoria profesional y pol\u00edtica<\/em><\/p>\n\n\n\n<p>La trayectoria profesional y pol\u00edtica de Rosa Mar\u00eda Hern\u00e1ndez Espejo la respalda ampliamente para buscar una curul en la C\u00e1mara Baja del Congreso de la Uni\u00f3n, esto luego de 35 a\u00f1os de ejercer la noble labor del periodismo en importantes medios de comunicaci\u00f3n del estado de Veracruz.<\/p>\n\n\n\n<pre class=\"wp-block-code\"><code>\u2043   Es Licenciatura en Ciencias de la Comunicaci\u00f3n por la Universidad Veracruzana. \n\u2043   Cuenta con una Maestr\u00eda en Comunicaci\u00f3n Organizacional por la Universidad Veracruzana. \n\u2043   Doctora en Ciencias Jur\u00eddicas Administrativas y de la Educaci\u00f3n.\n\u2043   Docente en la Facultad de Ciencias y T\u00e9cnicas de la Comunicaci\u00f3n de la Universidad Veracruzana desde 2010 a la fecha.\n\u2043   Regidora en el Ayuntamiento de Veracruz, Veracruz.\n\u2043   Consejera Electoral en el Consejo Distrital 12 del Instituto Federal Electoral en Veracruz.\n\u2043   Coordinadora operativa de Centros de Integraci\u00f3n del Bienestar de la Secretar\u00eda de Bienestar en Veracruz.\n\u2043   Coordinadora de comunicaci\u00f3n en tres campa\u00f1as pol\u00edticas del PRD. Candidata a diputada local en Veracruz (Coalici\u00f3n PT-MORENA). Particip\u00f3 en la formaci\u00f3n de comit\u00e9s seccionales de Morena.\n\u2043   Actualmente es diputada federal, miembro de la Comisi\u00f3n de Marina y Secretaria en la comisi\u00f3n de Radio y Televisi\u00f3n en la C\u00e1mara de Diputados.<\/code><\/pre>\n","protected":false},"excerpt":{"rendered":"<p>Ciudad de M\u00e9xico Al acompa\u00f1ar a Claudia Sheinbaum a su registro ante el INE como candidata a la Presidencia de la Rep\u00fablica, Rosa Mar\u00eda Hern\u00e1ndez Espejo inform\u00f3 a los medios de comunicaci\u00f3n que este fin de semana acudi\u00f3 ante el pleno del Comit\u00e9 Ejecutivo Nacional de Morena para concretar su registro como aspirante a la [&hellip;]<\/p>\n","protected":false},"author":2,"featured_media":0,"comment_status":"closed","ping_status":"closed","sticky":false,"template":"","format":"standard","meta":{"tdm_status":"","tdm_grid_status":"","footnotes":""},"categories":[73],"tags":[9627,1026,11900,195],"class_list":{"0":"post-118604","1":"post","2":"type-post","3":"status-publish","4":"format-standard","6":"category-de-boleto","7":"tag-claudia-sheinbaum","8":"tag-morena","9":"tag-rosa-maria-hernandez-espejo","10":"tag-veracruz"},"yoast_head":"<!-- This site is optimized with the Yoast SEO plugin v27.4 - https:\/\/yoast.com\/product\/yoast-seo-wordpress\/ -->\n<title>SE APUNTA ROSA MAR\u00cdA! - Los pol\u00edticos Veracruz<\/title>\n<meta name=\"robots\" content=\"index, follow, max-snippet:-1, max-image-preview:large, max-video-preview:-1\" \/>\n<link rel=\"canonical\" href=\"https:\/\/lospoliticosveracruz.com\/?p=118604\" \/>\n<meta property=\"og:locale\" content=\"es_ES\" \/>\n<meta property=\"og:type\" content=\"article\" \/>\n<meta property=\"og:title\" content=\"SE APUNTA ROSA MAR\u00cdA! - Los pol\u00edticos Veracruz\" \/>\n<meta property=\"og:description\" content=\"Ciudad de M\u00e9xico Al acompa\u00f1ar a Claudia Sheinbaum a su registro ante el INE como candidata a la Presidencia de la Rep\u00fablica, Rosa Mar\u00eda Hern\u00e1ndez Espejo inform\u00f3 a los medios de comunicaci\u00f3n que este fin de semana acudi\u00f3 ante el pleno del Comit\u00e9 Ejecutivo Nacional de Morena para concretar su registro como aspirante a la [&hellip;]\" \/>\n<meta property=\"og:url\" content=\"https:\/\/lospoliticosveracruz.com\/?p=118604\" \/>\n<meta property=\"og:site_name\" content=\"Los pol\u00edticos Veracruz\" \/>\n<meta property=\"article:publisher\" content=\"https:\/\/www.facebook.com\/people\/Notimemes-de-los-Polticos\/61565672886568\/\" \/>\n<meta property=\"article:published_time\" content=\"2024-02-18T23:08:47+00:00\" \/>\n<meta property=\"article:modified_time\" content=\"2024-02-18T23:08:55+00:00\" \/>\n<meta property=\"og:image\" content=\"https:\/\/lospoliticosveracruz.com\/wp-content\/uploads\/2016\/07\/Logo-Dor.jpg\" \/>\n\t<meta property=\"og:image:width\" content=\"200\" \/>\n\t<meta property=\"og:image:height\" content=\"200\" \/>\n\t<meta property=\"og:image:type\" content=\"image\/jpeg\" \/>\n<meta name=\"author\" content=\"Lo viste en Los Pol\u00edticos\" \/>\n<meta name=\"twitter:card\" content=\"summary_large_image\" \/>\n<meta name=\"twitter:creator\" content=\"@LosPoliticosVer\" \/>\n<meta name=\"twitter:site\" content=\"@LosPoliticosVer\" \/>\n<meta name=\"twitter:label1\" content=\"Escrito por\" \/>\n\t<meta name=\"twitter:data1\" content=\"Lo viste en Los Pol\u00edticos\" \/>\n\t<meta name=\"twitter:label2\" content=\"Tiempo de lectura\" \/>\n\t<meta name=\"twitter:data2\" content=\"2 minutos\" \/>\n<script type=\"application\/ld+json\" class=\"yoast-schema-graph\">{\"@context\":\"https:\\\/\\\/schema.org\",\"@graph\":[{\"@type\":\"Article\",\"@id\":\"https:\\\/\\\/lospoliticosveracruz.com\\\/?p=118604#article\",\"isPartOf\":{\"@id\":\"https:\\\/\\\/lospoliticosveracruz.com\\\/?p=118604\"},\"author\":{\"name\":\"Lo viste en Los Pol\u00edticos\",\"@id\":\"https:\\\/\\\/lospoliticosveracruz.com\\\/#\\\/schema\\\/person\\\/b8702bb0e538456e6efd07080bf2a4a2\"},\"headline\":\"SE APUNTA ROSA MAR\u00cdA!\",\"datePublished\":\"2024-02-18T23:08:47+00:00\",\"dateModified\":\"2024-02-18T23:08:55+00:00\",\"mainEntityOfPage\":{\"@id\":\"https:\\\/\\\/lospoliticosveracruz.com\\\/?p=118604\"},\"wordCount\":309,\"publisher\":{\"@id\":\"https:\\\/\\\/lospoliticosveracruz.com\\\/#organization\"},\"keywords\":[\"Claudia Sheinbaum\",\"Morena\",\"Rosa Mar\u00eda Hern\u00e1ndez Espejo\",\"Veracruz\"],\"articleSection\":[\"De Boleto\"],\"inLanguage\":\"es\"},{\"@type\":\"WebPage\",\"@id\":\"https:\\\/\\\/lospoliticosveracruz.com\\\/?p=118604\",\"url\":\"https:\\\/\\\/lospoliticosveracruz.com\\\/?p=118604\",\"name\":\"SE APUNTA ROSA MAR\u00cdA! - Los pol\u00edticos Veracruz\",\"isPartOf\":{\"@id\":\"https:\\\/\\\/lospoliticosveracruz.com\\\/#website\"},\"datePublished\":\"2024-02-18T23:08:47+00:00\",\"dateModified\":\"2024-02-18T23:08:55+00:00\",\"breadcrumb\":{\"@id\":\"https:\\\/\\\/lospoliticosveracruz.com\\\/?p=118604#breadcrumb\"},\"inLanguage\":\"es\",\"potentialAction\":[{\"@type\":\"ReadAction\",\"target\":[\"https:\\\/\\\/lospoliticosveracruz.com\\\/?p=118604\"]}]},{\"@type\":\"BreadcrumbList\",\"@id\":\"https:\\\/\\\/lospoliticosveracruz.com\\\/?p=118604#breadcrumb\",\"itemListElement\":[{\"@type\":\"ListItem\",\"position\":1,\"name\":\"Portada\",\"item\":\"https:\\\/\\\/lospoliticosveracruz.com\\\/\"},{\"@type\":\"ListItem\",\"position\":2,\"name\":\"SE APUNTA ROSA MAR\u00cdA!\"}]},{\"@type\":\"WebSite\",\"@id\":\"https:\\\/\\\/lospoliticosveracruz.com\\\/#website\",\"url\":\"https:\\\/\\\/lospoliticosveracruz.com\\\/\",\"name\":\"Los pol\u00edticos Veracruz\",\"description\":\"\",\"publisher\":{\"@id\":\"https:\\\/\\\/lospoliticosveracruz.com\\\/#organization\"},\"potentialAction\":[{\"@type\":\"SearchAction\",\"target\":{\"@type\":\"EntryPoint\",\"urlTemplate\":\"https:\\\/\\\/lospoliticosveracruz.com\\\/?s={search_term_string}\"},\"query-input\":{\"@type\":\"PropertyValueSpecification\",\"valueRequired\":true,\"valueName\":\"search_term_string\"}}],\"inLanguage\":\"es\"},{\"@type\":\"Organization\",\"@id\":\"https:\\\/\\\/lospoliticosveracruz.com\\\/#organization\",\"name\":\"Los pol\u00edticos Veracruz\",\"url\":\"https:\\\/\\\/lospoliticosveracruz.com\\\/\",\"logo\":{\"@type\":\"ImageObject\",\"inLanguage\":\"es\",\"@id\":\"https:\\\/\\\/lospoliticosveracruz.com\\\/#\\\/schema\\\/logo\\\/image\\\/\",\"url\":\"https:\\\/\\\/lospoliticosveracruz.com\\\/wp-content\\\/uploads\\\/2025\\\/12\\\/Logo-Nuevo-LOS-POLITICOS-1.jpg\",\"contentUrl\":\"https:\\\/\\\/lospoliticosveracruz.com\\\/wp-content\\\/uploads\\\/2025\\\/12\\\/Logo-Nuevo-LOS-POLITICOS-1.jpg\",\"width\":260,\"height\":70,\"caption\":\"Los pol\u00edticos Veracruz\"},\"image\":{\"@id\":\"https:\\\/\\\/lospoliticosveracruz.com\\\/#\\\/schema\\\/logo\\\/image\\\/\"},\"sameAs\":[\"https:\\\/\\\/www.facebook.com\\\/people\\\/Notimemes-de-los-Polticos\\\/61565672886568\\\/\",\"https:\\\/\\\/x.com\\\/LosPoliticosVer\"]},{\"@type\":\"Person\",\"@id\":\"https:\\\/\\\/lospoliticosveracruz.com\\\/#\\\/schema\\\/person\\\/b8702bb0e538456e6efd07080bf2a4a2\",\"name\":\"Lo viste en Los Pol\u00edticos\",\"image\":{\"@type\":\"ImageObject\",\"inLanguage\":\"es\",\"@id\":\"https:\\\/\\\/secure.gravatar.com\\\/avatar\\\/3a8de04a2656d44082be478bd6c086daa447c4651605818287b9532d3d0bd435?s=96&d=mm&r=g\",\"url\":\"https:\\\/\\\/secure.gravatar.com\\\/avatar\\\/3a8de04a2656d44082be478bd6c086daa447c4651605818287b9532d3d0bd435?s=96&d=mm&r=g\",\"contentUrl\":\"https:\\\/\\\/secure.gravatar.com\\\/avatar\\\/3a8de04a2656d44082be478bd6c086daa447c4651605818287b9532d3d0bd435?s=96&d=mm&r=g\",\"caption\":\"Lo viste en Los Pol\u00edticos\"},\"url\":\"https:\\\/\\\/lospoliticosveracruz.com\\\/?author=2\"}]}<\/script>\n<!-- \/ Yoast SEO plugin. -->","yoast_head_json":{"title":"SE APUNTA ROSA MAR\u00cdA! - Los pol\u00edticos Veracruz","robots":{"index":"index","follow":"follow","max-snippet":"max-snippet:-1","max-image-preview":"max-image-preview:large","max-video-preview":"max-video-preview:-1"},"canonical":"https:\/\/lospoliticosveracruz.com\/?p=118604","og_locale":"es_ES","og_type":"article","og_title":"SE APUNTA ROSA MAR\u00cdA! - Los pol\u00edticos Veracruz","og_description":"Ciudad de M\u00e9xico Al acompa\u00f1ar a Claudia Sheinbaum a su registro ante el INE como candidata a la Presidencia de la Rep\u00fablica, Rosa Mar\u00eda Hern\u00e1ndez Espejo inform\u00f3 a los medios de comunicaci\u00f3n que este fin de semana acudi\u00f3 ante el pleno del Comit\u00e9 Ejecutivo Nacional de Morena para concretar su registro como aspirante a la [&hellip;]","og_url":"https:\/\/lospoliticosveracruz.com\/?p=118604","og_site_name":"Los pol\u00edticos Veracruz","article_publisher":"https:\/\/www.facebook.com\/people\/Notimemes-de-los-Polticos\/61565672886568\/","article_published_time":"2024-02-18T23:08:47+00:00","article_modified_time":"2024-02-18T23:08:55+00:00","og_image":[{"width":200,"height":200,"url":"https:\/\/lospoliticosveracruz.com\/wp-content\/uploads\/2016\/07\/Logo-Dor.jpg","type":"image\/jpeg"}],"author":"Lo viste en Los Pol\u00edticos","twitter_card":"summary_large_image","twitter_creator":"@LosPoliticosVer","twitter_site":"@LosPoliticosVer","twitter_misc":{"Escrito por":"Lo viste en Los Pol\u00edticos","Tiempo de lectura":"2 minutos"},"schema":{"@context":"https:\/\/schema.org","@graph":[{"@type":"Article","@id":"https:\/\/lospoliticosveracruz.com\/?p=118604#article","isPartOf":{"@id":"https:\/\/lospoliticosveracruz.com\/?p=118604"},"author":{"name":"Lo viste en Los Pol\u00edticos","@id":"https:\/\/lospoliticosveracruz.com\/#\/schema\/person\/b8702bb0e538456e6efd07080bf2a4a2"},"headline":"SE APUNTA ROSA MAR\u00cdA!","datePublished":"2024-02-18T23:08:47+00:00","dateModified":"2024-02-18T23:08:55+00:00","mainEntityOfPage":{"@id":"https:\/\/lospoliticosveracruz.com\/?p=118604"},"wordCount":309,"publisher":{"@id":"https:\/\/lospoliticosveracruz.com\/#organization"},"keywords":["Claudia Sheinbaum","Morena","Rosa Mar\u00eda Hern\u00e1ndez Espejo","Veracruz"],"articleSection":["De Boleto"],"inLanguage":"es"},{"@type":"WebPage","@id":"https:\/\/lospoliticosveracruz.com\/?p=118604","url":"https:\/\/lospoliticosveracruz.com\/?p=118604","name":"SE APUNTA ROSA MAR\u00cdA! - Los pol\u00edticos Veracruz","isPartOf":{"@id":"https:\/\/lospoliticosveracruz.com\/#website"},"datePublished":"2024-02-18T23:08:47+00:00","dateModified":"2024-02-18T23:08:55+00:00","breadcrumb":{"@id":"https:\/\/lospoliticosveracruz.com\/?p=118604#breadcrumb"},"inLanguage":"es","potentialAction":[{"@type":"ReadAction","target":["https:\/\/lospoliticosveracruz.com\/?p=118604"]}]},{"@type":"BreadcrumbList","@id":"https:\/\/lospoliticosveracruz.com\/?p=118604#breadcrumb","itemListElement":[{"@type":"ListItem","position":1,"name":"Portada","item":"https:\/\/lospoliticosveracruz.com\/"},{"@type":"ListItem","position":2,"name":"SE APUNTA ROSA MAR\u00cdA!"}]},{"@type":"WebSite","@id":"https:\/\/lospoliticosveracruz.com\/#website","url":"https:\/\/lospoliticosveracruz.com\/","name":"Los pol\u00edticos Veracruz","description":"","publisher":{"@id":"https:\/\/lospoliticosveracruz.com\/#organization"},"potentialAction":[{"@type":"SearchAction","target":{"@type":"EntryPoint","urlTemplate":"https:\/\/lospoliticosveracruz.com\/?s={search_term_string}"},"query-input":{"@type":"PropertyValueSpecification","valueRequired":true,"valueName":"search_term_string"}}],"inLanguage":"es"},{"@type":"Organization","@id":"https:\/\/lospoliticosveracruz.com\/#organization","name":"Los pol\u00edticos Veracruz","url":"https:\/\/lospoliticosveracruz.com\/","logo":{"@type":"ImageObject","inLanguage":"es","@id":"https:\/\/lospoliticosveracruz.com\/#\/schema\/logo\/image\/","url":"https:\/\/lospoliticosveracruz.com\/wp-content\/uploads\/2025\/12\/Logo-Nuevo-LOS-POLITICOS-1.jpg","contentUrl":"https:\/\/lospoliticosveracruz.com\/wp-content\/uploads\/2025\/12\/Logo-Nuevo-LOS-POLITICOS-1.jpg","width":260,"height":70,"caption":"Los pol\u00edticos Veracruz"},"image":{"@id":"https:\/\/lospoliticosveracruz.com\/#\/schema\/logo\/image\/"},"sameAs":["https:\/\/www.facebook.com\/people\/Notimemes-de-los-Polticos\/61565672886568\/","https:\/\/x.com\/LosPoliticosVer"]},{"@type":"Person","@id":"https:\/\/lospoliticosveracruz.com\/#\/schema\/person\/b8702bb0e538456e6efd07080bf2a4a2","name":"Lo viste en Los Pol\u00edticos","image":{"@type":"ImageObject","inLanguage":"es","@id":"https:\/\/secure.gravatar.com\/avatar\/3a8de04a2656d44082be478bd6c086daa447c4651605818287b9532d3d0bd435?s=96&d=mm&r=g","url":"https:\/\/secure.gravatar.com\/avatar\/3a8de04a2656d44082be478bd6c086daa447c4651605818287b9532d3d0bd435?s=96&d=mm&r=g","contentUrl":"https:\/\/secure.gravatar.com\/avatar\/3a8de04a2656d44082be478bd6c086daa447c4651605818287b9532d3d0bd435?s=96&d=mm&r=g","caption":"Lo viste en Los Pol\u00edticos"},"url":"https:\/\/lospoliticosveracruz.com\/?author=2"}]}},"_links":{"self":[{"href":"https:\/\/lospoliticosveracruz.com\/index.php?rest_route=\/wp\/v2\/posts\/118604","targetHints":{"allow":["GET"]}}],"collection":[{"href":"https:\/\/lospoliticosveracruz.com\/index.php?rest_route=\/wp\/v2\/posts"}],"about":[{"href":"https:\/\/lospoliticosveracruz.com\/index.php?rest_route=\/wp\/v2\/types\/post"}],"author":[{"embeddable":true,"href":"https:\/\/lospoliticosveracruz.com\/index.php?rest_route=\/wp\/v2\/users\/2"}],"replies":[{"embeddable":true,"href":"https:\/\/lospoliticosveracruz.com\/index.php?rest_route=%2Fwp%2Fv2%2Fcomments&post=118604"}],"version-history":[{"count":1,"href":"https:\/\/lospoliticosveracruz.com\/index.php?rest_route=\/wp\/v2\/posts\/118604\/revisions"}],"predecessor-version":[{"id":118606,"href":"https:\/\/lospoliticosveracruz.com\/index.php?rest_route=\/wp\/v2\/posts\/118604\/revisions\/118606"}],"wp:attachment":[{"href":"https:\/\/lospoliticosveracruz.com\/index.php?rest_route=%2Fwp%2Fv2%2Fmedia&parent=118604"}],"wp:term":[{"taxonomy":"category","embeddable":true,"href":"https:\/\/lospoliticosveracruz.com\/index.php?rest_route=%2Fwp%2Fv2%2Fcategories&post=118604"},{"taxonomy":"post_tag","embeddable":true,"href":"https:\/\/lospoliticosveracruz.com\/index.php?rest_route=%2Fwp%2Fv2%2Ftags&post=118604"}],"curies":[{"name":"wp","href":"https:\/\/api.w.org\/{rel}","templated":true}]}}