{"id":118680,"date":"2024-02-20T05:06:35","date_gmt":"2024-02-20T11:06:35","guid":{"rendered":"https:\/\/lospoliticosveracruz.com.mx\/?p=118680"},"modified":"2024-02-20T08:51:52","modified_gmt":"2024-02-20T14:51:52","slug":"milagros-por-encima-de-encuestas","status":"publish","type":"post","link":"https:\/\/lospoliticosveracruz.com\/?p=118680","title":{"rendered":"MILAGROS POR ENCIMA DE ENCUESTAS"},"content":{"rendered":"\n<p><strong>Bernardo Guti\u00e9rrez Parra<\/strong><\/p>\n\n\n\n<p><em>Desde el Caf\u00e9<\/em><br>La Marcha por la Democracia de este domingo (la tercera en lo que va del obradorato) fue un \u00e9xito. Los manifestantes desbordaron el Z\u00f3calo y las calles adyacentes y aguantaron candela como por ejemplo, cuando las autoridades de la CDMX ordenaron a las patrullas encender sus sirenas para evitar que se escuchara el discurso de Lorenzo C\u00f3rdova.<\/p>\n\n\n<div class=\"wp-block-image\">\n<figure class=\"alignleft size-medium\"><a href=\"https:\/\/lospoliticosveracruz.com.mx\/wp-content\/uploads\/2021\/10\/WhatsApp-Image-2021-10-02-at-15.20.25.jpeg\"><img loading=\"lazy\" decoding=\"async\" width=\"212\" height=\"300\" src=\"https:\/\/lospoliticosveracruz.com.mx\/wp-content\/uploads\/2021\/10\/WhatsApp-Image-2021-10-02-at-15.20.25-212x300.jpeg\" alt=\"\" class=\"wp-image-80177\" srcset=\"https:\/\/lospoliticosveracruz.com\/wp-content\/uploads\/2021\/10\/WhatsApp-Image-2021-10-02-at-15.20.25-212x300.jpeg 212w, https:\/\/lospoliticosveracruz.com\/wp-content\/uploads\/2021\/10\/WhatsApp-Image-2021-10-02-at-15.20.25-724x1024.jpeg 724w, https:\/\/lospoliticosveracruz.com\/wp-content\/uploads\/2021\/10\/WhatsApp-Image-2021-10-02-at-15.20.25-768x1086.jpeg 768w, https:\/\/lospoliticosveracruz.com\/wp-content\/uploads\/2021\/10\/WhatsApp-Image-2021-10-02-at-15.20.25.jpeg 905w\" sizes=\"auto, (max-width: 212px) 100vw, 212px\" \/><\/a><\/figure>\n<\/div>\n\n\n<p>Temeroso de que las hordas de la derecha y los conservadores reaccionarios y corruptos fueran a atacar el Palacio Nacional, L\u00f3pez Obrador orden\u00f3 que lo rodearan con planchas met\u00e1licas.<\/p>\n\n\n\n<p>Pero no hubo ning\u00fan atisbo de violencia. Los cientos de miles que colmaron el Z\u00f3calo estuvieron bien portados pero su voz se dej\u00f3 escuchar con dos palabras: \u201c\u00a1Democracia y libertad!\u201d.<\/p>\n\n\n\n<p>No pidieron votar por X\u00f3chitl, sino que se paren las reformas de Andr\u00e9s Manuel porque las consideran una amenaza para la democracia. No quieren que desaparezcan los contrapesos; no desean que se toque al INE, al TRIFE a la SCJN y dem\u00e1s \u00f3rganos aut\u00f3nomos. Aunque algunos ya pasaron a mejor vida.<\/p>\n\n\n\n<p>En contestaci\u00f3n, L\u00f3pez Obrador les vomit\u00f3 su autoritarismo sectario. \u201cQuienes fueron a esa marcha defienden la democracia de los oligarcas, ricos y corruptos. Y nosotros lo que queremos es que haya la democracia del pueblo\u201d.<\/p>\n\n\n\n<p>Y como siempre se fue de la lengua al manifestar que la marcha fue como el mundo al rev\u00e9s, porque sus adversarios lo tachan de dictador, autoritario y vinculado al narcotr\u00e1fico.<\/p>\n\n\n\n<p>Con sorna agreg\u00f3: \u201cEllos son los dem\u00f3cratas, nosotros la dictadura. Ellos no tienen nada que ver con los narcotraficantes, nosotros somos los narcotraficantes. Cuando ellos estaban se padeci\u00f3 un narco-Estado. Hay pruebas, no calumnias. Ah\u00ed est\u00e1 Garc\u00eda Luna que fue secretario de Seguridad de Calder\u00f3n y protegido de los que fueron ayer a la marcha\u201d.<\/p>\n\n\n\n<p>Pero calumnia sin pruebas porque ni con Calder\u00f3n ni con Pe\u00f1a, se vivi\u00f3 la violencia que se vive en la actualidad, donde varios municipios del pa\u00eds est\u00e1n en manos de la delincuencia que pone desde el presidente municipal hasta al personal de intendencia.<\/p>\n\n\n\n<p>Y desde la altura de su soberbia ret\u00f3: \u201cAhora resulta que yo soy el que est\u00e1 relacionado con el narcotr\u00e1fico; \u00a1pruebas!\u201d exigi\u00f3.<\/p>\n\n\n\n<p>\u00bfPruebas ahorita? No hombre, jam\u00e1s. Y menos contra un presidente que se ha portado muy bien con Estados Unidos y est\u00e1 bailando al son que le toca Biden. Pero a ver qu\u00e9 dice la DEA cuando entregue la banda a su sucesora.<\/p>\n\n\n\n<p>Lo que pidieron los manifestantes es que ya no siga transformando al pa\u00eds porque lo est\u00e1 dejando del asco. Y es que lo est\u00e1 transformando de un pa\u00eds que mal que bien ten\u00eda sus \u00f3rganos aut\u00f3nomos, a un pa\u00eds sin contrapesos. De un pa\u00eds que ten\u00eda uno de los mejores sistemas de abasto de medicamentos del mundo, a un pa\u00eds sin medicinas. De un pa\u00eds donde se persegu\u00eda a los criminales a uno donde se les apapacha.<\/p>\n\n\n\n<p>Y eso nom\u00e1s por poner tres ejemplos.<\/p>\n\n\n\n<p>Pero L\u00f3pez Obrador dice que esas transformaciones son las que est\u00e1 pidiendo el pueblo y el pueblo manda. Y a ver qui\u00e9n es el guapo que le lleva la contraria.<\/p>\n\n\n\n<p>A pesar de que la marcha le hizo mella a Claudia Sheinbaum, no veo c\u00f3mo X\u00f3chitl G\u00e1lvez le pueda ganar por la abismal delantera que le lleva en las encuestas la candidata de Morena.<\/p>\n\n\n\n<p>Pero todo es cuesti\u00f3n de esperar a que llegue el 2 de junio y salir a votar, porque en pol\u00edtica tambi\u00e9n hay milagros y est\u00e1n por encima de las encuestas.<\/p>\n\n\n\n<p>.<br>Portazo a periodista<\/p>\n\n\n\n<p>Walter Ram\u00edrez es un profesional del periodismo que estudi\u00f3 en la escuela Carlos Septi\u00e9n Garc\u00eda y trabaj\u00f3 en varios medios impresos de la Ciudad de M\u00e9xico antes de radicar en Xalapa.<\/p>\n\n\n\n<p>Tambi\u00e9n desde hace a\u00f1os cubre la fuente del Congreso local y se ha convertido en un dolor de muelas para los diputados porque les hace preguntas inc\u00f3modas, que es lo que debe hacer todo buen periodista.<\/p>\n\n\n\n<p>Esto le cost\u00f3 que por varias semanas le prohibieran la entrada al recinto legislativo, a donde regres\u00f3 para hacer lo que sabe: preguntas inc\u00f3modas a los legisladores.<\/p>\n\n\n\n<p>Ayer por la ma\u00f1ana se aprestaba a cubrir la conferencia de prensa del gobernador Cuitl\u00e1huac Garc\u00eda, cuando le dieron con la puerta en las narices.<\/p>\n\n\n\n<p>Personal de seguridad de Palacio de Gobierno le dijo que por \u00f3rdenes de Jonatan Garc\u00eda, un sujeto que trabaja como Jefe de Log\u00edstica y Eventos de la Coordinaci\u00f3n de Comunicaci\u00f3n Social, no pod\u00eda entrar a la conferencia.<\/p>\n\n\n\n<p>Pero hay que poner las cosas en su justa dimensi\u00f3n, Jonatan es un empleado de medio pelo que obedece \u00f3rdenes. Y si el gobernador le dijo que ya no quiere ver a Walter en sus conferencias, pues tuvo que acatar.<\/p>\n\n\n\n<p>Y es que Walter Ram\u00edrez tiene la peculiaridad de irritar a Cuitl\u00e1huac y sacarlo de sus casillas, de ah\u00ed que la orden haya sido terminante.<\/p>\n\n\n\n<p>L\u00e1stima de sujetos como el gobernador, que llegaron enarbolando la bandera del respeto a la libertad de expresi\u00f3n de los periodistas y los persiguen, amordazan o les dan con la puerta en las narices.<\/p>\n\n\n\n<p>Y dicen que la que viene es peor que el que se va.<\/p>\n\n\n\n<p>Futa\u2026<\/p>\n\n\n\n<p>bernardogup@hotmail.com<\/p>\n","protected":false},"excerpt":{"rendered":"<p>Bernardo Guti\u00e9rrez Parra Desde el Caf\u00e9La Marcha por la Democracia de este domingo (la tercera en lo que va del obradorato) fue un \u00e9xito. Los manifestantes desbordaron el Z\u00f3calo y las calles adyacentes y aguantaron candela como por ejemplo, cuando las autoridades de la CDMX ordenaron a las patrullas encender sus sirenas para evitar que [&hellip;]<\/p>\n","protected":false},"author":2,"featured_media":0,"comment_status":"closed","ping_status":"closed","sticky":false,"template":"","format":"standard","meta":{"tdm_status":"","tdm_grid_status":"","footnotes":""},"categories":[70],"tags":[618,9627,1563,5613,37196,17531],"class_list":{"0":"post-118680","1":"post","2":"type-post","3":"status-publish","4":"format-standard","6":"category-de-opinion","7":"tag-andres-manuel-lopez-obrador","8":"tag-claudia-sheinbaum","9":"tag-cuitlahuac-garcia-jimenez","10":"tag-lorenzo-cordova","11":"tag-marcha-por-la-democracia","12":"tag-xochitl-galvez"},"yoast_head":"<!-- This site is optimized with the Yoast SEO plugin v27.4 - https:\/\/yoast.com\/product\/yoast-seo-wordpress\/ -->\n<title>MILAGROS POR ENCIMA DE ENCUESTAS - Los pol\u00edticos Veracruz<\/title>\n<meta name=\"robots\" content=\"index, follow, max-snippet:-1, max-image-preview:large, max-video-preview:-1\" \/>\n<link rel=\"canonical\" href=\"https:\/\/lospoliticosveracruz.com\/?p=118680\" \/>\n<meta property=\"og:locale\" content=\"es_ES\" \/>\n<meta property=\"og:type\" content=\"article\" \/>\n<meta property=\"og:title\" content=\"MILAGROS POR ENCIMA DE ENCUESTAS - Los pol\u00edticos Veracruz\" \/>\n<meta property=\"og:description\" content=\"Bernardo Guti\u00e9rrez Parra Desde el Caf\u00e9La Marcha por la Democracia de este domingo (la tercera en lo que va del obradorato) fue un \u00e9xito. Los manifestantes desbordaron el Z\u00f3calo y las calles adyacentes y aguantaron candela como por ejemplo, cuando las autoridades de la CDMX ordenaron a las patrullas encender sus sirenas para evitar que [&hellip;]\" \/>\n<meta property=\"og:url\" content=\"https:\/\/lospoliticosveracruz.com\/?p=118680\" \/>\n<meta property=\"og:site_name\" content=\"Los pol\u00edticos Veracruz\" \/>\n<meta property=\"article:publisher\" content=\"https:\/\/www.facebook.com\/people\/Notimemes-de-los-Polticos\/61565672886568\/\" \/>\n<meta property=\"article:published_time\" content=\"2024-02-20T11:06:35+00:00\" \/>\n<meta property=\"article:modified_time\" content=\"2024-02-20T14:51:52+00:00\" \/>\n<meta property=\"og:image\" content=\"https:\/\/lospoliticosveracruz.com.mx\/wp-content\/uploads\/2021\/10\/WhatsApp-Image-2021-10-02-at-15.20.25-212x300.jpeg\" \/>\n<meta name=\"author\" content=\"Lo viste en Los Pol\u00edticos\" \/>\n<meta name=\"twitter:card\" content=\"summary_large_image\" \/>\n<meta name=\"twitter:creator\" content=\"@LosPoliticosVer\" \/>\n<meta name=\"twitter:site\" content=\"@LosPoliticosVer\" \/>\n<meta name=\"twitter:label1\" content=\"Escrito por\" \/>\n\t<meta name=\"twitter:data1\" content=\"Lo viste en Los Pol\u00edticos\" \/>\n\t<meta name=\"twitter:label2\" content=\"Tiempo de lectura\" \/>\n\t<meta name=\"twitter:data2\" content=\"5 minutos\" \/>\n<script type=\"application\/ld+json\" class=\"yoast-schema-graph\">{\"@context\":\"https:\\\/\\\/schema.org\",\"@graph\":[{\"@type\":\"Article\",\"@id\":\"https:\\\/\\\/lospoliticosveracruz.com\\\/?p=118680#article\",\"isPartOf\":{\"@id\":\"https:\\\/\\\/lospoliticosveracruz.com\\\/?p=118680\"},\"author\":{\"name\":\"Lo viste en Los Pol\u00edticos\",\"@id\":\"https:\\\/\\\/lospoliticosveracruz.com\\\/#\\\/schema\\\/person\\\/b8702bb0e538456e6efd07080bf2a4a2\"},\"headline\":\"MILAGROS POR ENCIMA DE ENCUESTAS\",\"datePublished\":\"2024-02-20T11:06:35+00:00\",\"dateModified\":\"2024-02-20T14:51:52+00:00\",\"mainEntityOfPage\":{\"@id\":\"https:\\\/\\\/lospoliticosveracruz.com\\\/?p=118680\"},\"wordCount\":923,\"publisher\":{\"@id\":\"https:\\\/\\\/lospoliticosveracruz.com\\\/#organization\"},\"image\":{\"@id\":\"https:\\\/\\\/lospoliticosveracruz.com\\\/?p=118680#primaryimage\"},\"thumbnailUrl\":\"https:\\\/\\\/lospoliticosveracruz.com.mx\\\/wp-content\\\/uploads\\\/2021\\\/10\\\/WhatsApp-Image-2021-10-02-at-15.20.25-212x300.jpeg\",\"keywords\":[\"Andr\u00e9s Manuel L\u00f3pez Obrador\",\"Claudia Sheinbaum\",\"Cuitl\u00e1huac Garc\u00eda Jim\u00e9nez\",\"Lorenzo C\u00f3rdova\",\"marcha por la democracia\",\"X\u00f3chitl G\u00e1lvez\"],\"articleSection\":[\"De Opini\u00f3n\"],\"inLanguage\":\"es\"},{\"@type\":\"WebPage\",\"@id\":\"https:\\\/\\\/lospoliticosveracruz.com\\\/?p=118680\",\"url\":\"https:\\\/\\\/lospoliticosveracruz.com\\\/?p=118680\",\"name\":\"MILAGROS POR ENCIMA DE ENCUESTAS - Los pol\u00edticos Veracruz\",\"isPartOf\":{\"@id\":\"https:\\\/\\\/lospoliticosveracruz.com\\\/#website\"},\"primaryImageOfPage\":{\"@id\":\"https:\\\/\\\/lospoliticosveracruz.com\\\/?p=118680#primaryimage\"},\"image\":{\"@id\":\"https:\\\/\\\/lospoliticosveracruz.com\\\/?p=118680#primaryimage\"},\"thumbnailUrl\":\"https:\\\/\\\/lospoliticosveracruz.com.mx\\\/wp-content\\\/uploads\\\/2021\\\/10\\\/WhatsApp-Image-2021-10-02-at-15.20.25-212x300.jpeg\",\"datePublished\":\"2024-02-20T11:06:35+00:00\",\"dateModified\":\"2024-02-20T14:51:52+00:00\",\"breadcrumb\":{\"@id\":\"https:\\\/\\\/lospoliticosveracruz.com\\\/?p=118680#breadcrumb\"},\"inLanguage\":\"es\",\"potentialAction\":[{\"@type\":\"ReadAction\",\"target\":[\"https:\\\/\\\/lospoliticosveracruz.com\\\/?p=118680\"]}]},{\"@type\":\"ImageObject\",\"inLanguage\":\"es\",\"@id\":\"https:\\\/\\\/lospoliticosveracruz.com\\\/?p=118680#primaryimage\",\"url\":\"https:\\\/\\\/lospoliticosveracruz.com.mx\\\/wp-content\\\/uploads\\\/2021\\\/10\\\/WhatsApp-Image-2021-10-02-at-15.20.25-212x300.jpeg\",\"contentUrl\":\"https:\\\/\\\/lospoliticosveracruz.com.mx\\\/wp-content\\\/uploads\\\/2021\\\/10\\\/WhatsApp-Image-2021-10-02-at-15.20.25-212x300.jpeg\"},{\"@type\":\"BreadcrumbList\",\"@id\":\"https:\\\/\\\/lospoliticosveracruz.com\\\/?p=118680#breadcrumb\",\"itemListElement\":[{\"@type\":\"ListItem\",\"position\":1,\"name\":\"Portada\",\"item\":\"https:\\\/\\\/lospoliticosveracruz.com\\\/\"},{\"@type\":\"ListItem\",\"position\":2,\"name\":\"MILAGROS POR ENCIMA DE ENCUESTAS\"}]},{\"@type\":\"WebSite\",\"@id\":\"https:\\\/\\\/lospoliticosveracruz.com\\\/#website\",\"url\":\"https:\\\/\\\/lospoliticosveracruz.com\\\/\",\"name\":\"Los pol\u00edticos Veracruz\",\"description\":\"\",\"publisher\":{\"@id\":\"https:\\\/\\\/lospoliticosveracruz.com\\\/#organization\"},\"potentialAction\":[{\"@type\":\"SearchAction\",\"target\":{\"@type\":\"EntryPoint\",\"urlTemplate\":\"https:\\\/\\\/lospoliticosveracruz.com\\\/?s={search_term_string}\"},\"query-input\":{\"@type\":\"PropertyValueSpecification\",\"valueRequired\":true,\"valueName\":\"search_term_string\"}}],\"inLanguage\":\"es\"},{\"@type\":\"Organization\",\"@id\":\"https:\\\/\\\/lospoliticosveracruz.com\\\/#organization\",\"name\":\"Los pol\u00edticos Veracruz\",\"url\":\"https:\\\/\\\/lospoliticosveracruz.com\\\/\",\"logo\":{\"@type\":\"ImageObject\",\"inLanguage\":\"es\",\"@id\":\"https:\\\/\\\/lospoliticosveracruz.com\\\/#\\\/schema\\\/logo\\\/image\\\/\",\"url\":\"https:\\\/\\\/lospoliticosveracruz.com\\\/wp-content\\\/uploads\\\/2025\\\/12\\\/Logo-Nuevo-LOS-POLITICOS-1.jpg\",\"contentUrl\":\"https:\\\/\\\/lospoliticosveracruz.com\\\/wp-content\\\/uploads\\\/2025\\\/12\\\/Logo-Nuevo-LOS-POLITICOS-1.jpg\",\"width\":260,\"height\":70,\"caption\":\"Los pol\u00edticos Veracruz\"},\"image\":{\"@id\":\"https:\\\/\\\/lospoliticosveracruz.com\\\/#\\\/schema\\\/logo\\\/image\\\/\"},\"sameAs\":[\"https:\\\/\\\/www.facebook.com\\\/people\\\/Notimemes-de-los-Polticos\\\/61565672886568\\\/\",\"https:\\\/\\\/x.com\\\/LosPoliticosVer\"]},{\"@type\":\"Person\",\"@id\":\"https:\\\/\\\/lospoliticosveracruz.com\\\/#\\\/schema\\\/person\\\/b8702bb0e538456e6efd07080bf2a4a2\",\"name\":\"Lo viste en Los Pol\u00edticos\",\"image\":{\"@type\":\"ImageObject\",\"inLanguage\":\"es\",\"@id\":\"https:\\\/\\\/secure.gravatar.com\\\/avatar\\\/3a8de04a2656d44082be478bd6c086daa447c4651605818287b9532d3d0bd435?s=96&d=mm&r=g\",\"url\":\"https:\\\/\\\/secure.gravatar.com\\\/avatar\\\/3a8de04a2656d44082be478bd6c086daa447c4651605818287b9532d3d0bd435?s=96&d=mm&r=g\",\"contentUrl\":\"https:\\\/\\\/secure.gravatar.com\\\/avatar\\\/3a8de04a2656d44082be478bd6c086daa447c4651605818287b9532d3d0bd435?s=96&d=mm&r=g\",\"caption\":\"Lo viste en Los Pol\u00edticos\"},\"url\":\"https:\\\/\\\/lospoliticosveracruz.com\\\/?author=2\"}]}<\/script>\n<!-- \/ Yoast SEO plugin. -->","yoast_head_json":{"title":"MILAGROS POR ENCIMA DE ENCUESTAS - Los pol\u00edticos Veracruz","robots":{"index":"index","follow":"follow","max-snippet":"max-snippet:-1","max-image-preview":"max-image-preview:large","max-video-preview":"max-video-preview:-1"},"canonical":"https:\/\/lospoliticosveracruz.com\/?p=118680","og_locale":"es_ES","og_type":"article","og_title":"MILAGROS POR ENCIMA DE ENCUESTAS - Los pol\u00edticos Veracruz","og_description":"Bernardo Guti\u00e9rrez Parra Desde el Caf\u00e9La Marcha por la Democracia de este domingo (la tercera en lo que va del obradorato) fue un \u00e9xito. Los manifestantes desbordaron el Z\u00f3calo y las calles adyacentes y aguantaron candela como por ejemplo, cuando las autoridades de la CDMX ordenaron a las patrullas encender sus sirenas para evitar que [&hellip;]","og_url":"https:\/\/lospoliticosveracruz.com\/?p=118680","og_site_name":"Los pol\u00edticos Veracruz","article_publisher":"https:\/\/www.facebook.com\/people\/Notimemes-de-los-Polticos\/61565672886568\/","article_published_time":"2024-02-20T11:06:35+00:00","article_modified_time":"2024-02-20T14:51:52+00:00","og_image":[{"url":"https:\/\/lospoliticosveracruz.com.mx\/wp-content\/uploads\/2021\/10\/WhatsApp-Image-2021-10-02-at-15.20.25-212x300.jpeg","type":"","width":"","height":""}],"author":"Lo viste en Los Pol\u00edticos","twitter_card":"summary_large_image","twitter_creator":"@LosPoliticosVer","twitter_site":"@LosPoliticosVer","twitter_misc":{"Escrito por":"Lo viste en Los Pol\u00edticos","Tiempo de lectura":"5 minutos"},"schema":{"@context":"https:\/\/schema.org","@graph":[{"@type":"Article","@id":"https:\/\/lospoliticosveracruz.com\/?p=118680#article","isPartOf":{"@id":"https:\/\/lospoliticosveracruz.com\/?p=118680"},"author":{"name":"Lo viste en Los Pol\u00edticos","@id":"https:\/\/lospoliticosveracruz.com\/#\/schema\/person\/b8702bb0e538456e6efd07080bf2a4a2"},"headline":"MILAGROS POR ENCIMA DE ENCUESTAS","datePublished":"2024-02-20T11:06:35+00:00","dateModified":"2024-02-20T14:51:52+00:00","mainEntityOfPage":{"@id":"https:\/\/lospoliticosveracruz.com\/?p=118680"},"wordCount":923,"publisher":{"@id":"https:\/\/lospoliticosveracruz.com\/#organization"},"image":{"@id":"https:\/\/lospoliticosveracruz.com\/?p=118680#primaryimage"},"thumbnailUrl":"https:\/\/lospoliticosveracruz.com.mx\/wp-content\/uploads\/2021\/10\/WhatsApp-Image-2021-10-02-at-15.20.25-212x300.jpeg","keywords":["Andr\u00e9s Manuel L\u00f3pez Obrador","Claudia Sheinbaum","Cuitl\u00e1huac Garc\u00eda Jim\u00e9nez","Lorenzo C\u00f3rdova","marcha por la democracia","X\u00f3chitl G\u00e1lvez"],"articleSection":["De Opini\u00f3n"],"inLanguage":"es"},{"@type":"WebPage","@id":"https:\/\/lospoliticosveracruz.com\/?p=118680","url":"https:\/\/lospoliticosveracruz.com\/?p=118680","name":"MILAGROS POR ENCIMA DE ENCUESTAS - Los pol\u00edticos Veracruz","isPartOf":{"@id":"https:\/\/lospoliticosveracruz.com\/#website"},"primaryImageOfPage":{"@id":"https:\/\/lospoliticosveracruz.com\/?p=118680#primaryimage"},"image":{"@id":"https:\/\/lospoliticosveracruz.com\/?p=118680#primaryimage"},"thumbnailUrl":"https:\/\/lospoliticosveracruz.com.mx\/wp-content\/uploads\/2021\/10\/WhatsApp-Image-2021-10-02-at-15.20.25-212x300.jpeg","datePublished":"2024-02-20T11:06:35+00:00","dateModified":"2024-02-20T14:51:52+00:00","breadcrumb":{"@id":"https:\/\/lospoliticosveracruz.com\/?p=118680#breadcrumb"},"inLanguage":"es","potentialAction":[{"@type":"ReadAction","target":["https:\/\/lospoliticosveracruz.com\/?p=118680"]}]},{"@type":"ImageObject","inLanguage":"es","@id":"https:\/\/lospoliticosveracruz.com\/?p=118680#primaryimage","url":"https:\/\/lospoliticosveracruz.com.mx\/wp-content\/uploads\/2021\/10\/WhatsApp-Image-2021-10-02-at-15.20.25-212x300.jpeg","contentUrl":"https:\/\/lospoliticosveracruz.com.mx\/wp-content\/uploads\/2021\/10\/WhatsApp-Image-2021-10-02-at-15.20.25-212x300.jpeg"},{"@type":"BreadcrumbList","@id":"https:\/\/lospoliticosveracruz.com\/?p=118680#breadcrumb","itemListElement":[{"@type":"ListItem","position":1,"name":"Portada","item":"https:\/\/lospoliticosveracruz.com\/"},{"@type":"ListItem","position":2,"name":"MILAGROS POR ENCIMA DE ENCUESTAS"}]},{"@type":"WebSite","@id":"https:\/\/lospoliticosveracruz.com\/#website","url":"https:\/\/lospoliticosveracruz.com\/","name":"Los pol\u00edticos Veracruz","description":"","publisher":{"@id":"https:\/\/lospoliticosveracruz.com\/#organization"},"potentialAction":[{"@type":"SearchAction","target":{"@type":"EntryPoint","urlTemplate":"https:\/\/lospoliticosveracruz.com\/?s={search_term_string}"},"query-input":{"@type":"PropertyValueSpecification","valueRequired":true,"valueName":"search_term_string"}}],"inLanguage":"es"},{"@type":"Organization","@id":"https:\/\/lospoliticosveracruz.com\/#organization","name":"Los pol\u00edticos Veracruz","url":"https:\/\/lospoliticosveracruz.com\/","logo":{"@type":"ImageObject","inLanguage":"es","@id":"https:\/\/lospoliticosveracruz.com\/#\/schema\/logo\/image\/","url":"https:\/\/lospoliticosveracruz.com\/wp-content\/uploads\/2025\/12\/Logo-Nuevo-LOS-POLITICOS-1.jpg","contentUrl":"https:\/\/lospoliticosveracruz.com\/wp-content\/uploads\/2025\/12\/Logo-Nuevo-LOS-POLITICOS-1.jpg","width":260,"height":70,"caption":"Los pol\u00edticos Veracruz"},"image":{"@id":"https:\/\/lospoliticosveracruz.com\/#\/schema\/logo\/image\/"},"sameAs":["https:\/\/www.facebook.com\/people\/Notimemes-de-los-Polticos\/61565672886568\/","https:\/\/x.com\/LosPoliticosVer"]},{"@type":"Person","@id":"https:\/\/lospoliticosveracruz.com\/#\/schema\/person\/b8702bb0e538456e6efd07080bf2a4a2","name":"Lo viste en Los Pol\u00edticos","image":{"@type":"ImageObject","inLanguage":"es","@id":"https:\/\/secure.gravatar.com\/avatar\/3a8de04a2656d44082be478bd6c086daa447c4651605818287b9532d3d0bd435?s=96&d=mm&r=g","url":"https:\/\/secure.gravatar.com\/avatar\/3a8de04a2656d44082be478bd6c086daa447c4651605818287b9532d3d0bd435?s=96&d=mm&r=g","contentUrl":"https:\/\/secure.gravatar.com\/avatar\/3a8de04a2656d44082be478bd6c086daa447c4651605818287b9532d3d0bd435?s=96&d=mm&r=g","caption":"Lo viste en Los Pol\u00edticos"},"url":"https:\/\/lospoliticosveracruz.com\/?author=2"}]}},"_links":{"self":[{"href":"https:\/\/lospoliticosveracruz.com\/index.php?rest_route=\/wp\/v2\/posts\/118680","targetHints":{"allow":["GET"]}}],"collection":[{"href":"https:\/\/lospoliticosveracruz.com\/index.php?rest_route=\/wp\/v2\/posts"}],"about":[{"href":"https:\/\/lospoliticosveracruz.com\/index.php?rest_route=\/wp\/v2\/types\/post"}],"author":[{"embeddable":true,"href":"https:\/\/lospoliticosveracruz.com\/index.php?rest_route=\/wp\/v2\/users\/2"}],"replies":[{"embeddable":true,"href":"https:\/\/lospoliticosveracruz.com\/index.php?rest_route=%2Fwp%2Fv2%2Fcomments&post=118680"}],"version-history":[{"count":2,"href":"https:\/\/lospoliticosveracruz.com\/index.php?rest_route=\/wp\/v2\/posts\/118680\/revisions"}],"predecessor-version":[{"id":118693,"href":"https:\/\/lospoliticosveracruz.com\/index.php?rest_route=\/wp\/v2\/posts\/118680\/revisions\/118693"}],"wp:attachment":[{"href":"https:\/\/lospoliticosveracruz.com\/index.php?rest_route=%2Fwp%2Fv2%2Fmedia&parent=118680"}],"wp:term":[{"taxonomy":"category","embeddable":true,"href":"https:\/\/lospoliticosveracruz.com\/index.php?rest_route=%2Fwp%2Fv2%2Fcategories&post=118680"},{"taxonomy":"post_tag","embeddable":true,"href":"https:\/\/lospoliticosveracruz.com\/index.php?rest_route=%2Fwp%2Fv2%2Ftags&post=118680"}],"curies":[{"name":"wp","href":"https:\/\/api.w.org\/{rel}","templated":true}]}}