{"id":118992,"date":"2024-02-24T20:39:33","date_gmt":"2024-02-25T02:39:33","guid":{"rendered":"https:\/\/lospoliticosveracruz.com.mx\/?p=118992"},"modified":"2024-02-24T20:39:43","modified_gmt":"2024-02-25T02:39:43","slug":"carnaval-ecologico","status":"publish","type":"post","link":"https:\/\/lospoliticosveracruz.com\/?p=118992","title":{"rendered":"CARNAVAL ECOL\u00d3GICO!"},"content":{"rendered":"\n<p><\/p>\n\n\n\n<p><strong>Veracruz<\/strong><\/p>\n\n\n\n<p>Un aut\u00e9ntico carnaval ecol\u00f3gico se vivi\u00f3 la tarde de este s\u00e1bado en el bulevar costero con la realizaci\u00f3n del papaqui ambiental que organiza la Procuradur\u00eda Estatal de Protecci\u00f3n al Medio Ambiente (PMA) y el Aquarium del Puerto de Veracruz como parte de las actividades del Sexto Ambient\u00f3n Festival Ecol\u00f3gico.<\/p>\n\n\n<div class=\"wp-block-image\">\n<figure class=\"alignleft size-large is-resized\"><a href=\"https:\/\/lospoliticosveracruz.com.mx\/wp-content\/uploads\/2023\/08\/Alex.jpg\"><img decoding=\"async\" src=\"https:\/\/lospoliticosveracruz.com.mx\/wp-content\/uploads\/2023\/08\/Alex-1024x791.jpg\" alt=\"\" class=\"wp-image-110522\" style=\"width:137px;height:auto\"\/><\/a><\/figure>\n<\/div>\n\n\n<p>Encabezados por el procurador estatal de Protecci\u00f3n al Medio Ambiente, Sergio Rodr\u00edguez Cort\u00e9s, la enorme caravana recorri\u00f3 todo el bulevar Manuel \u00c1vila Camacho, participando con gran entusiasmo y al ritmo de la m\u00fasica batucadas, bastoneras, comparsas, botargas, luchadores profesionales, bandas de guerra, bandas musicales de instituciones educativas y cientos de personas que presenciaron el gran desfile de vistosos carros aleg\u00f3ricos.<\/p>\n\n\n\n<p>Al contingente, en el que particip\u00f3 todo el equipo de la PMA y Aquarium, se sumaron influencers, artistas y famosos, como Vale Queen, Juan Santiago, El Topper, Oskar Lobo y decenas de motociclistas.<\/p>\n\n\n\n<p>Todos ellos, durante el recorrido, repartieron playeras, sombrillas, bolsas ecol\u00f3gicas, plantas, arbolitos y muchos m\u00e1s souvenirs.<\/p>\n\n\n\n<p>Adem\u00e1s, personal de la PMA regal\u00f3 boletos electr\u00f3nicos para poder asistir al concierto de Junior Klan y Chiquito Team Band el pr\u00f3ximo 29 de febrero en el Auditorio Benito Ju\u00e1rez.<\/p>\n\n\n\n<p>El titular de la PMA, Sergio Rodr\u00edguez Cort\u00e9s, se dijo satisfecho por la gran fiesta que vivieron todos los veracruzanos con la realizaci\u00f3n del papaqui ambiental.<\/p>\n\n\n\n<p>Explic\u00f3 que el prop\u00f3sito principal es lanzar el mensaje para generar conciencia ecol\u00f3gica y conectar con la gente.<\/p>\n\n\n\n<p>El funcionario estatal explic\u00f3 que se estima recaudar m\u00e1s de 150 toneladas de residuos en los m\u00f3dulos instalados en la conurbaci\u00f3n Veracruz-Boca del R\u00edo, agradeciendo la gran respuesta y participaci\u00f3n de la poblaci\u00f3n.<\/p>\n\n\n\n<p><strong>Centros de acopio<\/strong><\/p>\n\n\n\n<p>En los m\u00f3dulos de acopio instalados en el Parque Reino M\u00e1gico -en el municipio de Veracruz-, as\u00ed como en los ubicados en el WTC y el centro comercial Soriana de Boca del R\u00edo, se contin\u00faa recibiendo los residuos de manejo especial para canjearlos por boletos para el concierto del gran cierre del Ambient\u00f3n Festival Ecol\u00f3gico.<\/p>\n\n\n\n<p>Ah\u00ed, de 9:00 a 17:00 horas, las personas pueden entregar, hasta el 28 de febrero, llantas, pilas, residuos electr\u00f3nicos como celulares, pantallas, cables, bater\u00edas, computadoras, etc\u00e9tera; as\u00ed como aceite vegetal usado,<\/p>\n\n\n\n<p>Rodr\u00edguez Cort\u00e9s destac\u00f3 que la finalidad de esta recaudaci\u00f3n de residuos es limpiar a Veracruz y promover acciones enfocadas al cuidado ambiental, por lo que reiter\u00f3 a los veracruzanos la invitaci\u00f3n a sumarse a esta causa acudiendo a los otros m\u00f3dulos de acopio instalados en:<\/p>\n\n\n\n<p>\u2022 Estacionamiento Leyes de Reforma<\/p>\n\n\n\n<p>\u2022 Aquarium del Puerto de Veracruz<\/p>\n\n\n\n<p>\u2022 Reino M\u00e1gico<\/p>\n\n\n\n<p>\u2022 Oficinas de la PMA&nbsp;<\/p>\n\n\n\n<p>Con estas acciones la PMA refrenda su compromiso de proteger lo que es de todos: el medio ambiente.<\/p>\n","protected":false},"excerpt":{"rendered":"<p>Veracruz Un aut\u00e9ntico carnaval ecol\u00f3gico se vivi\u00f3 la tarde de este s\u00e1bado en el bulevar costero con la realizaci\u00f3n del papaqui ambiental que organiza la Procuradur\u00eda Estatal de Protecci\u00f3n al Medio Ambiente (PMA) y el Aquarium del Puerto de Veracruz como parte de las actividades del Sexto Ambient\u00f3n Festival Ecol\u00f3gico. Encabezados por el procurador estatal [&hellip;]<\/p>\n","protected":false},"author":2,"featured_media":0,"comment_status":"closed","ping_status":"closed","sticky":false,"template":"","format":"standard","meta":{"tdm_status":"","tdm_grid_status":"","footnotes":""},"categories":[73],"tags":[19602],"class_list":{"0":"post-118992","1":"post","2":"type-post","3":"status-publish","4":"format-standard","6":"category-de-boleto","7":"tag-procuraduria-estatal-de-proteccion-al-medio-ambiente"},"yoast_head":"<!-- This site is optimized with the Yoast SEO plugin v27.4 - https:\/\/yoast.com\/product\/yoast-seo-wordpress\/ -->\n<title>CARNAVAL ECOL\u00d3GICO! - Los pol\u00edticos Veracruz<\/title>\n<meta name=\"robots\" content=\"index, follow, max-snippet:-1, max-image-preview:large, max-video-preview:-1\" \/>\n<link rel=\"canonical\" href=\"https:\/\/lospoliticosveracruz.com\/?p=118992\" \/>\n<meta property=\"og:locale\" content=\"es_ES\" \/>\n<meta property=\"og:type\" content=\"article\" \/>\n<meta property=\"og:title\" content=\"CARNAVAL ECOL\u00d3GICO! - Los pol\u00edticos Veracruz\" \/>\n<meta property=\"og:description\" content=\"Veracruz Un aut\u00e9ntico carnaval ecol\u00f3gico se vivi\u00f3 la tarde de este s\u00e1bado en el bulevar costero con la realizaci\u00f3n del papaqui ambiental que organiza la Procuradur\u00eda Estatal de Protecci\u00f3n al Medio Ambiente (PMA) y el Aquarium del Puerto de Veracruz como parte de las actividades del Sexto Ambient\u00f3n Festival Ecol\u00f3gico. Encabezados por el procurador estatal [&hellip;]\" \/>\n<meta property=\"og:url\" content=\"https:\/\/lospoliticosveracruz.com\/?p=118992\" \/>\n<meta property=\"og:site_name\" content=\"Los pol\u00edticos Veracruz\" \/>\n<meta property=\"article:publisher\" content=\"https:\/\/www.facebook.com\/people\/Notimemes-de-los-Polticos\/61565672886568\/\" \/>\n<meta property=\"article:published_time\" content=\"2024-02-25T02:39:33+00:00\" \/>\n<meta property=\"article:modified_time\" content=\"2024-02-25T02:39:43+00:00\" \/>\n<meta property=\"og:image\" content=\"https:\/\/lospoliticosveracruz.com.mx\/wp-content\/uploads\/2023\/08\/Alex-1024x791.jpg\" \/>\n<meta name=\"author\" content=\"Lo viste en Los Pol\u00edticos\" \/>\n<meta name=\"twitter:card\" content=\"summary_large_image\" \/>\n<meta name=\"twitter:creator\" content=\"@LosPoliticosVer\" \/>\n<meta name=\"twitter:site\" content=\"@LosPoliticosVer\" \/>\n<meta name=\"twitter:label1\" content=\"Escrito por\" \/>\n\t<meta name=\"twitter:data1\" content=\"Lo viste en Los Pol\u00edticos\" \/>\n\t<meta name=\"twitter:label2\" content=\"Tiempo de lectura\" \/>\n\t<meta name=\"twitter:data2\" content=\"2 minutos\" \/>\n<script type=\"application\/ld+json\" class=\"yoast-schema-graph\">{\"@context\":\"https:\\\/\\\/schema.org\",\"@graph\":[{\"@type\":\"Article\",\"@id\":\"https:\\\/\\\/lospoliticosveracruz.com\\\/?p=118992#article\",\"isPartOf\":{\"@id\":\"https:\\\/\\\/lospoliticosveracruz.com\\\/?p=118992\"},\"author\":{\"name\":\"Lo viste en Los Pol\u00edticos\",\"@id\":\"https:\\\/\\\/lospoliticosveracruz.com\\\/#\\\/schema\\\/person\\\/b8702bb0e538456e6efd07080bf2a4a2\"},\"headline\":\"CARNAVAL ECOL\u00d3GICO!\",\"datePublished\":\"2024-02-25T02:39:33+00:00\",\"dateModified\":\"2024-02-25T02:39:43+00:00\",\"mainEntityOfPage\":{\"@id\":\"https:\\\/\\\/lospoliticosveracruz.com\\\/?p=118992\"},\"wordCount\":477,\"publisher\":{\"@id\":\"https:\\\/\\\/lospoliticosveracruz.com\\\/#organization\"},\"image\":{\"@id\":\"https:\\\/\\\/lospoliticosveracruz.com\\\/?p=118992#primaryimage\"},\"thumbnailUrl\":\"https:\\\/\\\/lospoliticosveracruz.com.mx\\\/wp-content\\\/uploads\\\/2023\\\/08\\\/Alex-1024x791.jpg\",\"keywords\":[\"Procuradur\u00eda Estatal de Protecci\u00f3n al Medio Ambiente\"],\"articleSection\":[\"De Boleto\"],\"inLanguage\":\"es\"},{\"@type\":\"WebPage\",\"@id\":\"https:\\\/\\\/lospoliticosveracruz.com\\\/?p=118992\",\"url\":\"https:\\\/\\\/lospoliticosveracruz.com\\\/?p=118992\",\"name\":\"CARNAVAL ECOL\u00d3GICO! - Los pol\u00edticos Veracruz\",\"isPartOf\":{\"@id\":\"https:\\\/\\\/lospoliticosveracruz.com\\\/#website\"},\"primaryImageOfPage\":{\"@id\":\"https:\\\/\\\/lospoliticosveracruz.com\\\/?p=118992#primaryimage\"},\"image\":{\"@id\":\"https:\\\/\\\/lospoliticosveracruz.com\\\/?p=118992#primaryimage\"},\"thumbnailUrl\":\"https:\\\/\\\/lospoliticosveracruz.com.mx\\\/wp-content\\\/uploads\\\/2023\\\/08\\\/Alex-1024x791.jpg\",\"datePublished\":\"2024-02-25T02:39:33+00:00\",\"dateModified\":\"2024-02-25T02:39:43+00:00\",\"breadcrumb\":{\"@id\":\"https:\\\/\\\/lospoliticosveracruz.com\\\/?p=118992#breadcrumb\"},\"inLanguage\":\"es\",\"potentialAction\":[{\"@type\":\"ReadAction\",\"target\":[\"https:\\\/\\\/lospoliticosveracruz.com\\\/?p=118992\"]}]},{\"@type\":\"ImageObject\",\"inLanguage\":\"es\",\"@id\":\"https:\\\/\\\/lospoliticosveracruz.com\\\/?p=118992#primaryimage\",\"url\":\"https:\\\/\\\/lospoliticosveracruz.com.mx\\\/wp-content\\\/uploads\\\/2023\\\/08\\\/Alex-1024x791.jpg\",\"contentUrl\":\"https:\\\/\\\/lospoliticosveracruz.com.mx\\\/wp-content\\\/uploads\\\/2023\\\/08\\\/Alex-1024x791.jpg\"},{\"@type\":\"BreadcrumbList\",\"@id\":\"https:\\\/\\\/lospoliticosveracruz.com\\\/?p=118992#breadcrumb\",\"itemListElement\":[{\"@type\":\"ListItem\",\"position\":1,\"name\":\"Portada\",\"item\":\"https:\\\/\\\/lospoliticosveracruz.com\\\/\"},{\"@type\":\"ListItem\",\"position\":2,\"name\":\"CARNAVAL ECOL\u00d3GICO!\"}]},{\"@type\":\"WebSite\",\"@id\":\"https:\\\/\\\/lospoliticosveracruz.com\\\/#website\",\"url\":\"https:\\\/\\\/lospoliticosveracruz.com\\\/\",\"name\":\"Los pol\u00edticos Veracruz\",\"description\":\"\",\"publisher\":{\"@id\":\"https:\\\/\\\/lospoliticosveracruz.com\\\/#organization\"},\"potentialAction\":[{\"@type\":\"SearchAction\",\"target\":{\"@type\":\"EntryPoint\",\"urlTemplate\":\"https:\\\/\\\/lospoliticosveracruz.com\\\/?s={search_term_string}\"},\"query-input\":{\"@type\":\"PropertyValueSpecification\",\"valueRequired\":true,\"valueName\":\"search_term_string\"}}],\"inLanguage\":\"es\"},{\"@type\":\"Organization\",\"@id\":\"https:\\\/\\\/lospoliticosveracruz.com\\\/#organization\",\"name\":\"Los pol\u00edticos Veracruz\",\"url\":\"https:\\\/\\\/lospoliticosveracruz.com\\\/\",\"logo\":{\"@type\":\"ImageObject\",\"inLanguage\":\"es\",\"@id\":\"https:\\\/\\\/lospoliticosveracruz.com\\\/#\\\/schema\\\/logo\\\/image\\\/\",\"url\":\"https:\\\/\\\/lospoliticosveracruz.com\\\/wp-content\\\/uploads\\\/2025\\\/12\\\/Logo-Nuevo-LOS-POLITICOS-1.jpg\",\"contentUrl\":\"https:\\\/\\\/lospoliticosveracruz.com\\\/wp-content\\\/uploads\\\/2025\\\/12\\\/Logo-Nuevo-LOS-POLITICOS-1.jpg\",\"width\":260,\"height\":70,\"caption\":\"Los pol\u00edticos Veracruz\"},\"image\":{\"@id\":\"https:\\\/\\\/lospoliticosveracruz.com\\\/#\\\/schema\\\/logo\\\/image\\\/\"},\"sameAs\":[\"https:\\\/\\\/www.facebook.com\\\/people\\\/Notimemes-de-los-Polticos\\\/61565672886568\\\/\",\"https:\\\/\\\/x.com\\\/LosPoliticosVer\"]},{\"@type\":\"Person\",\"@id\":\"https:\\\/\\\/lospoliticosveracruz.com\\\/#\\\/schema\\\/person\\\/b8702bb0e538456e6efd07080bf2a4a2\",\"name\":\"Lo viste en Los Pol\u00edticos\",\"image\":{\"@type\":\"ImageObject\",\"inLanguage\":\"es\",\"@id\":\"https:\\\/\\\/secure.gravatar.com\\\/avatar\\\/3a8de04a2656d44082be478bd6c086daa447c4651605818287b9532d3d0bd435?s=96&d=mm&r=g\",\"url\":\"https:\\\/\\\/secure.gravatar.com\\\/avatar\\\/3a8de04a2656d44082be478bd6c086daa447c4651605818287b9532d3d0bd435?s=96&d=mm&r=g\",\"contentUrl\":\"https:\\\/\\\/secure.gravatar.com\\\/avatar\\\/3a8de04a2656d44082be478bd6c086daa447c4651605818287b9532d3d0bd435?s=96&d=mm&r=g\",\"caption\":\"Lo viste en Los Pol\u00edticos\"},\"url\":\"https:\\\/\\\/lospoliticosveracruz.com\\\/?author=2\"}]}<\/script>\n<!-- \/ Yoast SEO plugin. -->","yoast_head_json":{"title":"CARNAVAL ECOL\u00d3GICO! - Los pol\u00edticos Veracruz","robots":{"index":"index","follow":"follow","max-snippet":"max-snippet:-1","max-image-preview":"max-image-preview:large","max-video-preview":"max-video-preview:-1"},"canonical":"https:\/\/lospoliticosveracruz.com\/?p=118992","og_locale":"es_ES","og_type":"article","og_title":"CARNAVAL ECOL\u00d3GICO! - Los pol\u00edticos Veracruz","og_description":"Veracruz Un aut\u00e9ntico carnaval ecol\u00f3gico se vivi\u00f3 la tarde de este s\u00e1bado en el bulevar costero con la realizaci\u00f3n del papaqui ambiental que organiza la Procuradur\u00eda Estatal de Protecci\u00f3n al Medio Ambiente (PMA) y el Aquarium del Puerto de Veracruz como parte de las actividades del Sexto Ambient\u00f3n Festival Ecol\u00f3gico. Encabezados por el procurador estatal [&hellip;]","og_url":"https:\/\/lospoliticosveracruz.com\/?p=118992","og_site_name":"Los pol\u00edticos Veracruz","article_publisher":"https:\/\/www.facebook.com\/people\/Notimemes-de-los-Polticos\/61565672886568\/","article_published_time":"2024-02-25T02:39:33+00:00","article_modified_time":"2024-02-25T02:39:43+00:00","og_image":[{"url":"https:\/\/lospoliticosveracruz.com.mx\/wp-content\/uploads\/2023\/08\/Alex-1024x791.jpg","type":"","width":"","height":""}],"author":"Lo viste en Los Pol\u00edticos","twitter_card":"summary_large_image","twitter_creator":"@LosPoliticosVer","twitter_site":"@LosPoliticosVer","twitter_misc":{"Escrito por":"Lo viste en Los Pol\u00edticos","Tiempo de lectura":"2 minutos"},"schema":{"@context":"https:\/\/schema.org","@graph":[{"@type":"Article","@id":"https:\/\/lospoliticosveracruz.com\/?p=118992#article","isPartOf":{"@id":"https:\/\/lospoliticosveracruz.com\/?p=118992"},"author":{"name":"Lo viste en Los Pol\u00edticos","@id":"https:\/\/lospoliticosveracruz.com\/#\/schema\/person\/b8702bb0e538456e6efd07080bf2a4a2"},"headline":"CARNAVAL ECOL\u00d3GICO!","datePublished":"2024-02-25T02:39:33+00:00","dateModified":"2024-02-25T02:39:43+00:00","mainEntityOfPage":{"@id":"https:\/\/lospoliticosveracruz.com\/?p=118992"},"wordCount":477,"publisher":{"@id":"https:\/\/lospoliticosveracruz.com\/#organization"},"image":{"@id":"https:\/\/lospoliticosveracruz.com\/?p=118992#primaryimage"},"thumbnailUrl":"https:\/\/lospoliticosveracruz.com.mx\/wp-content\/uploads\/2023\/08\/Alex-1024x791.jpg","keywords":["Procuradur\u00eda Estatal de Protecci\u00f3n al Medio Ambiente"],"articleSection":["De Boleto"],"inLanguage":"es"},{"@type":"WebPage","@id":"https:\/\/lospoliticosveracruz.com\/?p=118992","url":"https:\/\/lospoliticosveracruz.com\/?p=118992","name":"CARNAVAL ECOL\u00d3GICO! - Los pol\u00edticos Veracruz","isPartOf":{"@id":"https:\/\/lospoliticosveracruz.com\/#website"},"primaryImageOfPage":{"@id":"https:\/\/lospoliticosveracruz.com\/?p=118992#primaryimage"},"image":{"@id":"https:\/\/lospoliticosveracruz.com\/?p=118992#primaryimage"},"thumbnailUrl":"https:\/\/lospoliticosveracruz.com.mx\/wp-content\/uploads\/2023\/08\/Alex-1024x791.jpg","datePublished":"2024-02-25T02:39:33+00:00","dateModified":"2024-02-25T02:39:43+00:00","breadcrumb":{"@id":"https:\/\/lospoliticosveracruz.com\/?p=118992#breadcrumb"},"inLanguage":"es","potentialAction":[{"@type":"ReadAction","target":["https:\/\/lospoliticosveracruz.com\/?p=118992"]}]},{"@type":"ImageObject","inLanguage":"es","@id":"https:\/\/lospoliticosveracruz.com\/?p=118992#primaryimage","url":"https:\/\/lospoliticosveracruz.com.mx\/wp-content\/uploads\/2023\/08\/Alex-1024x791.jpg","contentUrl":"https:\/\/lospoliticosveracruz.com.mx\/wp-content\/uploads\/2023\/08\/Alex-1024x791.jpg"},{"@type":"BreadcrumbList","@id":"https:\/\/lospoliticosveracruz.com\/?p=118992#breadcrumb","itemListElement":[{"@type":"ListItem","position":1,"name":"Portada","item":"https:\/\/lospoliticosveracruz.com\/"},{"@type":"ListItem","position":2,"name":"CARNAVAL ECOL\u00d3GICO!"}]},{"@type":"WebSite","@id":"https:\/\/lospoliticosveracruz.com\/#website","url":"https:\/\/lospoliticosveracruz.com\/","name":"Los pol\u00edticos Veracruz","description":"","publisher":{"@id":"https:\/\/lospoliticosveracruz.com\/#organization"},"potentialAction":[{"@type":"SearchAction","target":{"@type":"EntryPoint","urlTemplate":"https:\/\/lospoliticosveracruz.com\/?s={search_term_string}"},"query-input":{"@type":"PropertyValueSpecification","valueRequired":true,"valueName":"search_term_string"}}],"inLanguage":"es"},{"@type":"Organization","@id":"https:\/\/lospoliticosveracruz.com\/#organization","name":"Los pol\u00edticos Veracruz","url":"https:\/\/lospoliticosveracruz.com\/","logo":{"@type":"ImageObject","inLanguage":"es","@id":"https:\/\/lospoliticosveracruz.com\/#\/schema\/logo\/image\/","url":"https:\/\/lospoliticosveracruz.com\/wp-content\/uploads\/2025\/12\/Logo-Nuevo-LOS-POLITICOS-1.jpg","contentUrl":"https:\/\/lospoliticosveracruz.com\/wp-content\/uploads\/2025\/12\/Logo-Nuevo-LOS-POLITICOS-1.jpg","width":260,"height":70,"caption":"Los pol\u00edticos Veracruz"},"image":{"@id":"https:\/\/lospoliticosveracruz.com\/#\/schema\/logo\/image\/"},"sameAs":["https:\/\/www.facebook.com\/people\/Notimemes-de-los-Polticos\/61565672886568\/","https:\/\/x.com\/LosPoliticosVer"]},{"@type":"Person","@id":"https:\/\/lospoliticosveracruz.com\/#\/schema\/person\/b8702bb0e538456e6efd07080bf2a4a2","name":"Lo viste en Los Pol\u00edticos","image":{"@type":"ImageObject","inLanguage":"es","@id":"https:\/\/secure.gravatar.com\/avatar\/3a8de04a2656d44082be478bd6c086daa447c4651605818287b9532d3d0bd435?s=96&d=mm&r=g","url":"https:\/\/secure.gravatar.com\/avatar\/3a8de04a2656d44082be478bd6c086daa447c4651605818287b9532d3d0bd435?s=96&d=mm&r=g","contentUrl":"https:\/\/secure.gravatar.com\/avatar\/3a8de04a2656d44082be478bd6c086daa447c4651605818287b9532d3d0bd435?s=96&d=mm&r=g","caption":"Lo viste en Los Pol\u00edticos"},"url":"https:\/\/lospoliticosveracruz.com\/?author=2"}]}},"_links":{"self":[{"href":"https:\/\/lospoliticosveracruz.com\/index.php?rest_route=\/wp\/v2\/posts\/118992","targetHints":{"allow":["GET"]}}],"collection":[{"href":"https:\/\/lospoliticosveracruz.com\/index.php?rest_route=\/wp\/v2\/posts"}],"about":[{"href":"https:\/\/lospoliticosveracruz.com\/index.php?rest_route=\/wp\/v2\/types\/post"}],"author":[{"embeddable":true,"href":"https:\/\/lospoliticosveracruz.com\/index.php?rest_route=\/wp\/v2\/users\/2"}],"replies":[{"embeddable":true,"href":"https:\/\/lospoliticosveracruz.com\/index.php?rest_route=%2Fwp%2Fv2%2Fcomments&post=118992"}],"version-history":[{"count":1,"href":"https:\/\/lospoliticosveracruz.com\/index.php?rest_route=\/wp\/v2\/posts\/118992\/revisions"}],"predecessor-version":[{"id":118994,"href":"https:\/\/lospoliticosveracruz.com\/index.php?rest_route=\/wp\/v2\/posts\/118992\/revisions\/118994"}],"wp:attachment":[{"href":"https:\/\/lospoliticosveracruz.com\/index.php?rest_route=%2Fwp%2Fv2%2Fmedia&parent=118992"}],"wp:term":[{"taxonomy":"category","embeddable":true,"href":"https:\/\/lospoliticosveracruz.com\/index.php?rest_route=%2Fwp%2Fv2%2Fcategories&post=118992"},{"taxonomy":"post_tag","embeddable":true,"href":"https:\/\/lospoliticosveracruz.com\/index.php?rest_route=%2Fwp%2Fv2%2Ftags&post=118992"}],"curies":[{"name":"wp","href":"https:\/\/api.w.org\/{rel}","templated":true}]}}