{"id":119021,"date":"2024-02-26T07:53:47","date_gmt":"2024-02-26T13:53:47","guid":{"rendered":"https:\/\/lospoliticosveracruz.com.mx\/?p=119021"},"modified":"2024-02-26T23:28:03","modified_gmt":"2024-02-27T05:28:03","slug":"les-gana-winckler","status":"publish","type":"post","link":"https:\/\/lospoliticosveracruz.com\/?p=119021","title":{"rendered":"LES GANA WINCKLER"},"content":{"rendered":"\n<p>El ex fiscal Jorge Winckler le sigue quitando el sue\u00f1o a Cuitl\u00e1huac Garc\u00eda que ya no sabe qu\u00e9 m\u00e1s hacer para mantenerlo en prisi\u00f3n\u2026le ha ganado en todos los procesos y de manera ilegal le siguen abriendo carpetas para retrasar su liberaci\u00f3n\u2026el Ku\u00edkaras ya va de salida pero su sello de represor se lo llevar\u00e1 a donde vaya\u2026ning\u00fan gobernador de Veracruz tuvo tantos presos pol\u00edticos como el gobernante morenista.<\/p>\n\n\n\n<figure class=\"wp-block-embed is-type-video is-provider-youtube wp-block-embed-youtube wp-embed-aspect-16-9 wp-has-aspect-ratio\"><div class=\"wp-block-embed__wrapper\">\n<iframe loading=\"lazy\" title=\"Cluster Coworking\" width=\"696\" height=\"392\" src=\"https:\/\/www.youtube.com\/embed\/Nxe-vxf8GuY?feature=oembed\" frameborder=\"0\" allow=\"accelerometer; autoplay; clipboard-write; encrypted-media; gyroscope; picture-in-picture; web-share\" referrerpolicy=\"strict-origin-when-cross-origin\" allowfullscreen><\/iframe>\n<\/div><\/figure>\n\n\n\n<p>El s\u00e1bado por la noche, Jorge Winckler, fue trasladado del penal Pacho Viejo en Coatepec al&nbsp;Centro Federal Penitenciario n\u00famero 12, ubicado en Guanajuato, c\u00f3mo una supuesta medida de seguridad aunque en el fondo, la estrategia del gobierno estatal con dicho traslado es que ning\u00fan juez tenga competencia y atrasar el proceso porque ha ganado todos los amparos importantes.<\/p>\n\n\n\n<p>El pasado jueves fue vinculado a proceso como probable responsable del delito de tortura, por lo que se le dict\u00f3 la medida cautelar de un a\u00f1o de prisi\u00f3n preventiva, la cual deb\u00eda cubrir en el penal Pacho Viejo pero de manera arbitraria, Cuitl\u00e1huac Garc\u00eda<br>orden\u00f3 que por seguridad del exfiscal deb\u00eda ser trasladado a un penal federal.<\/p>\n\n\n\n<p>La medida cautelar que le hab\u00edan impuesto anteriormente era por arraigo domiciliario, pero fue el pasado 16 del presente mes que elementos de la Polic\u00eda Ministerial y de la Unidad Especializada en Combate al Secuestro, en coordinaci\u00f3n con sus similares del Estado de M\u00e9xico le realizaron una orden de aprehensi\u00f3n; ahora como probable responsable del delito de tortura\u2026a Winckler lo mantienen en prisi\u00f3n mientras Arturo Berm\u00fadez y el fiscul\u00edn, acusados por desaparici\u00f3n forzada, andan libres\u2026son las facturas que paga la Cuarta Transformaci\u00f3n en Veracruz.<\/p>\n\n\n\n<p>EL CHEKO CAMINA\u2026Vaya que Sergio Rodr\u00edguez Cort\u00e9s ha resultado en \u00faltimas fechas un personaje con pol\u00e9mica a su alrededor. El procurador de Protecci\u00f3n al Medio Ambiente en el estado de Veracruz ha acallado con su trabajo las voces cr\u00edticas que tanto resonaban meses atr\u00e1s.<\/p>\n\n\n\n<p>Y es que cuando se trata de aplicar la Ley y alinearse siempre hay inc\u00f3modos; y aquellas acusaciones de supuestas amenazas de clausura y de multas millonarias a empresas en eso han quedado: en supuestos. Con el tiempo, Rodr\u00edguez Cort\u00e9s ha demostrado que su gesti\u00f3n al frente de la PMA es de apertura y cercan\u00eda con el sector empresarial en favor de un bien com\u00fan como lo es la preservaci\u00f3n del medio ambiente.<\/p>\n\n\n\n<p>Prueba de ello son las m\u00e1s de 50 empresas que ya cuentan con su Certificado Verde a las que muy seguramente este a\u00f1o se le sumar\u00e1n otra buena cantidad de organizaciones, pues este mecanismo les brinda la oportunidad de corregir las pr\u00e1cticas de producci\u00f3n y operatividad que da\u00f1an al medio ambiente sin tener que caer en engorrosos procesos que deriven en sanciones.<\/p>\n\n\n\n<p>Rodr\u00edguez Cort\u00e9s ha sabido mantener la sinergia entre la dependencia que representa y la iniciativa privada brind\u00e1ndoles instrumentos que no solo sirven para demostrar el compromiso de sostenibilidad de las empresas sino que tambi\u00e9n mejoran su competitividad\u2026con Cheko Rodr\u00edguez aplica la frase que reza: \u201cLadran, &nbsp;Sancho, se\u00f1al que cabalgamos\u201d.<\/p>\n\n\n\n<p>VA BESUC\u00d3N\u2026ante las presiones de grupos morenistas del sur de Veracruz, Morena \u201cbaj\u00f3\u201d a Tania Cruz de la candidatura a la diputaci\u00f3n federal por Coatzacoalcos\u2026Tania buscaba un tercer periodo en San L\u00e1zaro, y acept\u00f3 el registro del ex secretario de Salud estatal Roberto Ramos Alor.<\/p>\n\n\n\n<p>Ramos Alor acudi\u00f3 personalmente a registrarse como pre candidato al distrito de Coatzacoalcos, donde tiene su residencia la zacatecana, Roc\u00edo Nahle, a cuyo grupo pol\u00edtico pertenece el doctor Besuc\u00f3n, y por lo cual, fue el primer secretario de Salud del gobierno de Cuitl\u00e1huac Garc\u00eda Jim\u00e9nez.<\/p>\n\n\n\n<p>A su paso por la Secretar\u00eda de Salud, Ramos Alor fue cuestionado por otorgar millonarios contratos a empresas \u201cfantasma\u201d, aunque dice el chambero que lo que provoc\u00f3 su salida de la dependencia fue el descubrimiento en mayo de 2022 de casi 900 mil piezas de medicamentos oncol\u00f3gicos a punto de caducar, mientras las madres de ni\u00f1os con C\u00e1ncer suplicaban por medicinas.<\/p>\n\n\n\n<p>En sus comparecencias al Congreso local no solo llevaba a \u201cyerberos\u201d para que le hicieran \u201climpias\u201d antes de comparecer con los diputados, sino que descalific\u00f3 a diputadas a quienes atac\u00f3 sin importarle que fueran mujeres\u2026fue denunciado por violencia pol\u00edtica pero fue protegido desde la fiscal\u00eda por \u00f3rdenes de Cuitl\u00e1huac Garc\u00eda.<\/p>\n\n\n\n<p>Asimismo, la postulaci\u00f3n por tercera ocasi\u00f3n consecutiva de Tania Cruz Santos a la diputaci\u00f3n federal por Coatzacoalcos provoc\u00f3 malestar y protestas en las bases morenistas en el sur de Veracruz\u2026incluso la diputada local Eusebia Cort\u00e9s se refiri\u00f3 a ella como \u201cuna vulgar ambiciosa\u201d por buscar por tercera ocasi\u00f3n el mismo puesto.<\/p>\n","protected":false},"excerpt":{"rendered":"<p>El ex fiscal Jorge Winckler le sigue quitando el sue\u00f1o a Cuitl\u00e1huac Garc\u00eda que ya no sabe qu\u00e9 m\u00e1s hacer para mantenerlo en prisi\u00f3n\u2026le ha ganado en todos los procesos y de manera ilegal le siguen abriendo carpetas para retrasar su liberaci\u00f3n\u2026el Ku\u00edkaras ya va de salida pero su sello de represor se lo llevar\u00e1 [&hellip;]<\/p>\n","protected":false},"author":2,"featured_media":0,"comment_status":"closed","ping_status":"closed","sticky":false,"template":"","format":"standard","meta":{"tdm_status":"","tdm_grid_status":"","footnotes":""},"categories":[70],"tags":[1563,6869,1026,12606,195],"class_list":{"0":"post-119021","1":"post","2":"type-post","3":"status-publish","4":"format-standard","6":"category-de-opinion","7":"tag-cuitlahuac-garcia-jimenez","8":"tag-jorge-winckler","9":"tag-morena","10":"tag-roberto-ramos-alor","11":"tag-veracruz"},"yoast_head":"<!-- This site is optimized with the Yoast SEO plugin v27.4 - https:\/\/yoast.com\/product\/yoast-seo-wordpress\/ -->\n<title>LES GANA WINCKLER - Los pol\u00edticos Veracruz<\/title>\n<meta name=\"robots\" content=\"index, follow, max-snippet:-1, max-image-preview:large, max-video-preview:-1\" \/>\n<link rel=\"canonical\" href=\"https:\/\/lospoliticosveracruz.com\/?p=119021\" \/>\n<meta property=\"og:locale\" content=\"es_ES\" \/>\n<meta property=\"og:type\" content=\"article\" \/>\n<meta property=\"og:title\" content=\"LES GANA WINCKLER - Los pol\u00edticos Veracruz\" \/>\n<meta property=\"og:description\" content=\"El ex fiscal Jorge Winckler le sigue quitando el sue\u00f1o a Cuitl\u00e1huac Garc\u00eda que ya no sabe qu\u00e9 m\u00e1s hacer para mantenerlo en prisi\u00f3n\u2026le ha ganado en todos los procesos y de manera ilegal le siguen abriendo carpetas para retrasar su liberaci\u00f3n\u2026el Ku\u00edkaras ya va de salida pero su sello de represor se lo llevar\u00e1 [&hellip;]\" \/>\n<meta property=\"og:url\" content=\"https:\/\/lospoliticosveracruz.com\/?p=119021\" \/>\n<meta property=\"og:site_name\" content=\"Los pol\u00edticos Veracruz\" \/>\n<meta property=\"article:publisher\" content=\"https:\/\/www.facebook.com\/people\/Notimemes-de-los-Polticos\/61565672886568\/\" \/>\n<meta property=\"article:published_time\" content=\"2024-02-26T13:53:47+00:00\" \/>\n<meta property=\"article:modified_time\" content=\"2024-02-27T05:28:03+00:00\" \/>\n<meta property=\"og:image\" content=\"https:\/\/lospoliticosveracruz.com\/wp-content\/uploads\/2016\/07\/Logo-Dor.jpg\" \/>\n\t<meta property=\"og:image:width\" content=\"200\" \/>\n\t<meta property=\"og:image:height\" content=\"200\" \/>\n\t<meta property=\"og:image:type\" content=\"image\/jpeg\" \/>\n<meta name=\"author\" content=\"Lo viste en Los Pol\u00edticos\" \/>\n<meta name=\"twitter:card\" content=\"summary_large_image\" \/>\n<meta name=\"twitter:creator\" content=\"@LosPoliticosVer\" \/>\n<meta name=\"twitter:site\" content=\"@LosPoliticosVer\" \/>\n<meta name=\"twitter:label1\" content=\"Escrito por\" \/>\n\t<meta name=\"twitter:data1\" content=\"Lo viste en Los Pol\u00edticos\" \/>\n\t<meta name=\"twitter:label2\" content=\"Tiempo de lectura\" \/>\n\t<meta name=\"twitter:data2\" content=\"4 minutos\" \/>\n<script type=\"application\/ld+json\" class=\"yoast-schema-graph\">{\"@context\":\"https:\\\/\\\/schema.org\",\"@graph\":[{\"@type\":\"Article\",\"@id\":\"https:\\\/\\\/lospoliticosveracruz.com\\\/?p=119021#article\",\"isPartOf\":{\"@id\":\"https:\\\/\\\/lospoliticosveracruz.com\\\/?p=119021\"},\"author\":{\"name\":\"Lo viste en Los Pol\u00edticos\",\"@id\":\"https:\\\/\\\/lospoliticosveracruz.com\\\/#\\\/schema\\\/person\\\/b8702bb0e538456e6efd07080bf2a4a2\"},\"headline\":\"LES GANA WINCKLER\",\"datePublished\":\"2024-02-26T13:53:47+00:00\",\"dateModified\":\"2024-02-27T05:28:03+00:00\",\"mainEntityOfPage\":{\"@id\":\"https:\\\/\\\/lospoliticosveracruz.com\\\/?p=119021\"},\"wordCount\":840,\"publisher\":{\"@id\":\"https:\\\/\\\/lospoliticosveracruz.com\\\/#organization\"},\"keywords\":[\"Cuitl\u00e1huac Garc\u00eda Jim\u00e9nez\",\"Jorge Winckler\",\"Morena\",\"Roberto Ramos Alor\",\"Veracruz\"],\"articleSection\":[\"De Opini\u00f3n\"],\"inLanguage\":\"es\"},{\"@type\":\"WebPage\",\"@id\":\"https:\\\/\\\/lospoliticosveracruz.com\\\/?p=119021\",\"url\":\"https:\\\/\\\/lospoliticosveracruz.com\\\/?p=119021\",\"name\":\"LES GANA WINCKLER - Los pol\u00edticos Veracruz\",\"isPartOf\":{\"@id\":\"https:\\\/\\\/lospoliticosveracruz.com\\\/#website\"},\"datePublished\":\"2024-02-26T13:53:47+00:00\",\"dateModified\":\"2024-02-27T05:28:03+00:00\",\"breadcrumb\":{\"@id\":\"https:\\\/\\\/lospoliticosveracruz.com\\\/?p=119021#breadcrumb\"},\"inLanguage\":\"es\",\"potentialAction\":[{\"@type\":\"ReadAction\",\"target\":[\"https:\\\/\\\/lospoliticosveracruz.com\\\/?p=119021\"]}]},{\"@type\":\"BreadcrumbList\",\"@id\":\"https:\\\/\\\/lospoliticosveracruz.com\\\/?p=119021#breadcrumb\",\"itemListElement\":[{\"@type\":\"ListItem\",\"position\":1,\"name\":\"Portada\",\"item\":\"https:\\\/\\\/lospoliticosveracruz.com\\\/\"},{\"@type\":\"ListItem\",\"position\":2,\"name\":\"LES GANA WINCKLER\"}]},{\"@type\":\"WebSite\",\"@id\":\"https:\\\/\\\/lospoliticosveracruz.com\\\/#website\",\"url\":\"https:\\\/\\\/lospoliticosveracruz.com\\\/\",\"name\":\"Los pol\u00edticos Veracruz\",\"description\":\"\",\"publisher\":{\"@id\":\"https:\\\/\\\/lospoliticosveracruz.com\\\/#organization\"},\"potentialAction\":[{\"@type\":\"SearchAction\",\"target\":{\"@type\":\"EntryPoint\",\"urlTemplate\":\"https:\\\/\\\/lospoliticosveracruz.com\\\/?s={search_term_string}\"},\"query-input\":{\"@type\":\"PropertyValueSpecification\",\"valueRequired\":true,\"valueName\":\"search_term_string\"}}],\"inLanguage\":\"es\"},{\"@type\":\"Organization\",\"@id\":\"https:\\\/\\\/lospoliticosveracruz.com\\\/#organization\",\"name\":\"Los pol\u00edticos Veracruz\",\"url\":\"https:\\\/\\\/lospoliticosveracruz.com\\\/\",\"logo\":{\"@type\":\"ImageObject\",\"inLanguage\":\"es\",\"@id\":\"https:\\\/\\\/lospoliticosveracruz.com\\\/#\\\/schema\\\/logo\\\/image\\\/\",\"url\":\"https:\\\/\\\/lospoliticosveracruz.com\\\/wp-content\\\/uploads\\\/2025\\\/12\\\/Logo-Nuevo-LOS-POLITICOS-1.jpg\",\"contentUrl\":\"https:\\\/\\\/lospoliticosveracruz.com\\\/wp-content\\\/uploads\\\/2025\\\/12\\\/Logo-Nuevo-LOS-POLITICOS-1.jpg\",\"width\":260,\"height\":70,\"caption\":\"Los pol\u00edticos Veracruz\"},\"image\":{\"@id\":\"https:\\\/\\\/lospoliticosveracruz.com\\\/#\\\/schema\\\/logo\\\/image\\\/\"},\"sameAs\":[\"https:\\\/\\\/www.facebook.com\\\/people\\\/Notimemes-de-los-Polticos\\\/61565672886568\\\/\",\"https:\\\/\\\/x.com\\\/LosPoliticosVer\"]},{\"@type\":\"Person\",\"@id\":\"https:\\\/\\\/lospoliticosveracruz.com\\\/#\\\/schema\\\/person\\\/b8702bb0e538456e6efd07080bf2a4a2\",\"name\":\"Lo viste en Los Pol\u00edticos\",\"image\":{\"@type\":\"ImageObject\",\"inLanguage\":\"es\",\"@id\":\"https:\\\/\\\/secure.gravatar.com\\\/avatar\\\/3a8de04a2656d44082be478bd6c086daa447c4651605818287b9532d3d0bd435?s=96&d=mm&r=g\",\"url\":\"https:\\\/\\\/secure.gravatar.com\\\/avatar\\\/3a8de04a2656d44082be478bd6c086daa447c4651605818287b9532d3d0bd435?s=96&d=mm&r=g\",\"contentUrl\":\"https:\\\/\\\/secure.gravatar.com\\\/avatar\\\/3a8de04a2656d44082be478bd6c086daa447c4651605818287b9532d3d0bd435?s=96&d=mm&r=g\",\"caption\":\"Lo viste en Los Pol\u00edticos\"},\"url\":\"https:\\\/\\\/lospoliticosveracruz.com\\\/?author=2\"}]}<\/script>\n<!-- \/ Yoast SEO plugin. -->","yoast_head_json":{"title":"LES GANA WINCKLER - Los pol\u00edticos Veracruz","robots":{"index":"index","follow":"follow","max-snippet":"max-snippet:-1","max-image-preview":"max-image-preview:large","max-video-preview":"max-video-preview:-1"},"canonical":"https:\/\/lospoliticosveracruz.com\/?p=119021","og_locale":"es_ES","og_type":"article","og_title":"LES GANA WINCKLER - Los pol\u00edticos Veracruz","og_description":"El ex fiscal Jorge Winckler le sigue quitando el sue\u00f1o a Cuitl\u00e1huac Garc\u00eda que ya no sabe qu\u00e9 m\u00e1s hacer para mantenerlo en prisi\u00f3n\u2026le ha ganado en todos los procesos y de manera ilegal le siguen abriendo carpetas para retrasar su liberaci\u00f3n\u2026el Ku\u00edkaras ya va de salida pero su sello de represor se lo llevar\u00e1 [&hellip;]","og_url":"https:\/\/lospoliticosveracruz.com\/?p=119021","og_site_name":"Los pol\u00edticos Veracruz","article_publisher":"https:\/\/www.facebook.com\/people\/Notimemes-de-los-Polticos\/61565672886568\/","article_published_time":"2024-02-26T13:53:47+00:00","article_modified_time":"2024-02-27T05:28:03+00:00","og_image":[{"width":200,"height":200,"url":"https:\/\/lospoliticosveracruz.com\/wp-content\/uploads\/2016\/07\/Logo-Dor.jpg","type":"image\/jpeg"}],"author":"Lo viste en Los Pol\u00edticos","twitter_card":"summary_large_image","twitter_creator":"@LosPoliticosVer","twitter_site":"@LosPoliticosVer","twitter_misc":{"Escrito por":"Lo viste en Los Pol\u00edticos","Tiempo de lectura":"4 minutos"},"schema":{"@context":"https:\/\/schema.org","@graph":[{"@type":"Article","@id":"https:\/\/lospoliticosveracruz.com\/?p=119021#article","isPartOf":{"@id":"https:\/\/lospoliticosveracruz.com\/?p=119021"},"author":{"name":"Lo viste en Los Pol\u00edticos","@id":"https:\/\/lospoliticosveracruz.com\/#\/schema\/person\/b8702bb0e538456e6efd07080bf2a4a2"},"headline":"LES GANA WINCKLER","datePublished":"2024-02-26T13:53:47+00:00","dateModified":"2024-02-27T05:28:03+00:00","mainEntityOfPage":{"@id":"https:\/\/lospoliticosveracruz.com\/?p=119021"},"wordCount":840,"publisher":{"@id":"https:\/\/lospoliticosveracruz.com\/#organization"},"keywords":["Cuitl\u00e1huac Garc\u00eda Jim\u00e9nez","Jorge Winckler","Morena","Roberto Ramos Alor","Veracruz"],"articleSection":["De Opini\u00f3n"],"inLanguage":"es"},{"@type":"WebPage","@id":"https:\/\/lospoliticosveracruz.com\/?p=119021","url":"https:\/\/lospoliticosveracruz.com\/?p=119021","name":"LES GANA WINCKLER - Los pol\u00edticos Veracruz","isPartOf":{"@id":"https:\/\/lospoliticosveracruz.com\/#website"},"datePublished":"2024-02-26T13:53:47+00:00","dateModified":"2024-02-27T05:28:03+00:00","breadcrumb":{"@id":"https:\/\/lospoliticosveracruz.com\/?p=119021#breadcrumb"},"inLanguage":"es","potentialAction":[{"@type":"ReadAction","target":["https:\/\/lospoliticosveracruz.com\/?p=119021"]}]},{"@type":"BreadcrumbList","@id":"https:\/\/lospoliticosveracruz.com\/?p=119021#breadcrumb","itemListElement":[{"@type":"ListItem","position":1,"name":"Portada","item":"https:\/\/lospoliticosveracruz.com\/"},{"@type":"ListItem","position":2,"name":"LES GANA WINCKLER"}]},{"@type":"WebSite","@id":"https:\/\/lospoliticosveracruz.com\/#website","url":"https:\/\/lospoliticosveracruz.com\/","name":"Los pol\u00edticos Veracruz","description":"","publisher":{"@id":"https:\/\/lospoliticosveracruz.com\/#organization"},"potentialAction":[{"@type":"SearchAction","target":{"@type":"EntryPoint","urlTemplate":"https:\/\/lospoliticosveracruz.com\/?s={search_term_string}"},"query-input":{"@type":"PropertyValueSpecification","valueRequired":true,"valueName":"search_term_string"}}],"inLanguage":"es"},{"@type":"Organization","@id":"https:\/\/lospoliticosveracruz.com\/#organization","name":"Los pol\u00edticos Veracruz","url":"https:\/\/lospoliticosveracruz.com\/","logo":{"@type":"ImageObject","inLanguage":"es","@id":"https:\/\/lospoliticosveracruz.com\/#\/schema\/logo\/image\/","url":"https:\/\/lospoliticosveracruz.com\/wp-content\/uploads\/2025\/12\/Logo-Nuevo-LOS-POLITICOS-1.jpg","contentUrl":"https:\/\/lospoliticosveracruz.com\/wp-content\/uploads\/2025\/12\/Logo-Nuevo-LOS-POLITICOS-1.jpg","width":260,"height":70,"caption":"Los pol\u00edticos Veracruz"},"image":{"@id":"https:\/\/lospoliticosveracruz.com\/#\/schema\/logo\/image\/"},"sameAs":["https:\/\/www.facebook.com\/people\/Notimemes-de-los-Polticos\/61565672886568\/","https:\/\/x.com\/LosPoliticosVer"]},{"@type":"Person","@id":"https:\/\/lospoliticosveracruz.com\/#\/schema\/person\/b8702bb0e538456e6efd07080bf2a4a2","name":"Lo viste en Los Pol\u00edticos","image":{"@type":"ImageObject","inLanguage":"es","@id":"https:\/\/secure.gravatar.com\/avatar\/3a8de04a2656d44082be478bd6c086daa447c4651605818287b9532d3d0bd435?s=96&d=mm&r=g","url":"https:\/\/secure.gravatar.com\/avatar\/3a8de04a2656d44082be478bd6c086daa447c4651605818287b9532d3d0bd435?s=96&d=mm&r=g","contentUrl":"https:\/\/secure.gravatar.com\/avatar\/3a8de04a2656d44082be478bd6c086daa447c4651605818287b9532d3d0bd435?s=96&d=mm&r=g","caption":"Lo viste en Los Pol\u00edticos"},"url":"https:\/\/lospoliticosveracruz.com\/?author=2"}]}},"_links":{"self":[{"href":"https:\/\/lospoliticosveracruz.com\/index.php?rest_route=\/wp\/v2\/posts\/119021","targetHints":{"allow":["GET"]}}],"collection":[{"href":"https:\/\/lospoliticosveracruz.com\/index.php?rest_route=\/wp\/v2\/posts"}],"about":[{"href":"https:\/\/lospoliticosveracruz.com\/index.php?rest_route=\/wp\/v2\/types\/post"}],"author":[{"embeddable":true,"href":"https:\/\/lospoliticosveracruz.com\/index.php?rest_route=\/wp\/v2\/users\/2"}],"replies":[{"embeddable":true,"href":"https:\/\/lospoliticosveracruz.com\/index.php?rest_route=%2Fwp%2Fv2%2Fcomments&post=119021"}],"version-history":[{"count":2,"href":"https:\/\/lospoliticosveracruz.com\/index.php?rest_route=\/wp\/v2\/posts\/119021\/revisions"}],"predecessor-version":[{"id":119077,"href":"https:\/\/lospoliticosveracruz.com\/index.php?rest_route=\/wp\/v2\/posts\/119021\/revisions\/119077"}],"wp:attachment":[{"href":"https:\/\/lospoliticosveracruz.com\/index.php?rest_route=%2Fwp%2Fv2%2Fmedia&parent=119021"}],"wp:term":[{"taxonomy":"category","embeddable":true,"href":"https:\/\/lospoliticosveracruz.com\/index.php?rest_route=%2Fwp%2Fv2%2Fcategories&post=119021"},{"taxonomy":"post_tag","embeddable":true,"href":"https:\/\/lospoliticosveracruz.com\/index.php?rest_route=%2Fwp%2Fv2%2Ftags&post=119021"}],"curies":[{"name":"wp","href":"https:\/\/api.w.org\/{rel}","templated":true}]}}