{"id":119080,"date":"2024-02-27T05:00:14","date_gmt":"2024-02-27T11:00:14","guid":{"rendered":"https:\/\/lospoliticosveracruz.com.mx\/?p=119080"},"modified":"2024-02-27T08:40:56","modified_gmt":"2024-02-27T14:40:56","slug":"la-distancia-entre-rocio-y-pepe","status":"publish","type":"post","link":"https:\/\/lospoliticosveracruz.com\/?p=119080","title":{"rendered":"LA DISTANCIA ENTRE ROC\u00cdO Y PEPE"},"content":{"rendered":"\n<p><strong>Ricardo Chua<\/strong><\/p>\n\n\n\n<p><em>Sale y Vale<\/em><\/p>\n\n\n\n<p>EXCLUSIVA&#8230; Nos informan, personajes que tienen que ver con la elecci\u00f3n a gobernador de Veracruz, que el d\u00eda de hoy (finales del mes de febrero), la REAL DISTANCIA entre los candidatos a este cargo de elecci\u00f3n popular: Roc\u00edo Nahle (MORENA, PVEM-PT) y Pepe Yunes (PRI-PAN-PRD) RONDA entre los 9 a 12 puntos.. Ya medidos candidato con coalici\u00f3n de partidos.. A menos de 90 d\u00edas de la elecci\u00f3n, se espera que se cierre m\u00e1s.. ABROOOOOOONNN<\/p>\n\n\n\n<figure class=\"wp-block-embed is-type-video is-provider-youtube wp-block-embed-youtube wp-embed-aspect-16-9 wp-has-aspect-ratio\"><div class=\"wp-block-embed__wrapper\">\n<iframe loading=\"lazy\" title=\"Cluster Coworking\" width=\"696\" height=\"392\" src=\"https:\/\/www.youtube.com\/embed\/Nxe-vxf8GuY?feature=oembed\" frameborder=\"0\" allow=\"accelerometer; autoplay; clipboard-write; encrypted-media; gyroscope; picture-in-picture; web-share\" referrerpolicy=\"strict-origin-when-cross-origin\" allowfullscreen><\/iframe>\n<\/div><\/figure>\n\n\n\n<p>Seg\u00fan los datos otorgados a este espacio.. Se\u00f1alan que a principios del mes de enero, la distancia entre Roc\u00edo y Pepe era de 22 puntos.. Pero ah\u00ed se \u00abestanc\u00f3\u00bb todo para la candidata de MORENA.. Y viene el declive, que a principios de febrero, la distancia era s\u00f3lo de 15 puntos porcentuales.. Y que a finales de mes, el Yunes de Perote si creci\u00f3 un poco m\u00e1s y la aspirante morenista, se qued\u00f3 todav\u00eda m\u00e1s estancada.. Algo tendr\u00e1 que hacer para conservar la ventaja que tiene.. AMEN Y SIN PALABRAS..<\/p>\n\n\n\n<p>EXCLUSIVA.. EL RETORNO DE PATROCINIO.. \u00abGarganta Profunda\u00bb coment\u00f3 que al interior de MORENA en Veracruz suena cada vez m\u00e1s fuerte, de que antes de iniciar campa\u00f1as a gobernador (31 de marzo).. Ser\u00e1 anunciado que en la lista de candidatos a diputados locales por este partido.. Se incluir\u00e1 el nombre del ex secretario de Gobierno, Eric Patrocinio Cisneros Burgos.. Lo que significa la vuelta (porque regresar nunca) de este personaje a la pol\u00edtica en la entidad.. Despu\u00e9s de que supuestamente estaba \u00abvetado\u00bb..<\/p>\n\n\n\n<p>PERO porque todo en esta vida tiene un \u00abpinche\u00bb pero\u2026 Patrocinio no ser\u00e1 devuelto a la pol\u00edtica en Veracruz.. De manera sencilla para \u00e9l.. Ya que si pensaban que el ex tesorero de Muleg\u00e9, ser\u00eda candidato a diputado local plurinominal.. Est\u00e1n en un error.. Fue \u00abperdonado\u00bb pero no \u00ababsuelto\u00bb.. As\u00ed que lo har\u00e1n \u00abjugar\u00bb para que se gane esa diputaci\u00f3n. Y lo har\u00e1n participar, no por el distrito de Cosamaloapan.. NOOOO.. Lo mandar\u00e1n de candidato por la demarcaci\u00f3n de Coatepec.. El distrito de Pepe Yunes.. El m\u00e1s dif\u00edcil para MORENA..<\/p>\n\n\n\n<p>Seg\u00fan se dice al interior de MORENA.. Mandar a Patrocinio por Coatepec tiene dos \u00ablecturas\u00bb.. La primera de ellas que gane esa diputaci\u00f3n local, que est\u00e1 complicada, que le meta pesos $ y esfuerzo para que Roc\u00edo Nahle tenga tambi\u00e9n votos ah\u00ed de manera copiosa.. Y la segunda es para que se acaben las \u00abdifamaciones\u00bb en contra de Patrocinio, de que \u00e9l est\u00e1 \u00abjugando\u00bb un doble \u00abjuego\u00bb, por un lado dice apoyar a MORENA pero por \u00abdebajo del agua\u00bb hace la operaci\u00f3n \u00abtobog\u00e1n\u00bb a favor de todos Los Yunes en Veracruz..<\/p>\n\n\n\n<p>De esa manera, se\u00f1ala \u00abGarganta Profunda\u00bb, Eric Cisneros tendr\u00e1 que ir por todas las \u00abcanicas\u00bb en Coatepec.. Y nadie podr\u00e1 decir, que \u00abenojao\u00bb porque no gan\u00f3 la candidatura a gobernador, porque fue \u00abgrillado\u00bb en el gobierno de Cuitl\u00e1huac.. Porque fue \u00abgrillado\u00bb en el equipo de campa\u00f1a de Roc\u00edo Nahle.. Porque fue \u00abdesterrado\u00bb por un tiempo de Veracruz cuando sali\u00f3 de SEGOB estatal.. Lo dieron por \u00abmuerto\u00bb.. De esa manera, le dan parte de la \u00abrebanada del pastel\u00bb pero tendr\u00e1 que ganarsela.. NO TIENE DE OTRA..<\/p>\n\n\n\n<p>REFLEXI\u00d3N.. Si en MORENA de Veracruz permitieron el RETORNO de Patrocinio y le dar\u00e1n una candidatura a diputado local.. La percepci\u00f3n que levanta esta acci\u00f3n, es que \u00abLa T\u00eda Chio\u00bb (Como le dice Javier Duarte a Roc\u00edo Nahle) tiene muchos conflictos para hacer crecer su campa\u00f1a.. Y por ello, tiene que poner a \u00abjugar\u00bb a los personajes que tuvieron en su momento el control de MORENA en la entidad.. Habr\u00e1 que ver que dice Manuel Huerta, el otro \u00abVirrey\u00bb de MORENA en el Estado\u2026 Parece \u00abJuegos de Tronos\u00bb.. ALIANZAS Y TRAICIONES..<\/p>\n\n\n\n<p>EL 2 DE CUITL\u00c1HUAC.. Dicen que los chismes son para contarlos y este se lo ganamos a La Melchi y La Forbach.. Cuenta el \u00abJet Set\u00bb de Xalapa.. Que el actual secretario de Gobierno en Veracruz, el tabasque\u00f1o, Carlos Ju\u00e1rez, que vive en reconocidos departamentos de \u00ablux\u00bb o \u00abfifis\u00bb en la avenida Araucarias de la capital veracruzana.. Sus vecinos \u00abRicos y Sabrosos\u00bb ya no lo aguantan porque est\u00e1n cansados de las continuas fiestas que este funcionario ofrece en este edificio.. Al estilo nuevo rico y es de MORENA.. TA CA\u00d1\u00d3N..<\/p>\n\n\n\n<p>Se dice que durante estas fiestas, se ve a funcionarios de Palacio de Gobierno, que entran y salen para disfrutar de veladas y la alberca porque son \u00abdepas\u00bb \u00abfifis\u00bb.. Qui\u00e9n dir\u00eda que Carlos Ju\u00e1rez, que lleg\u00f3 a intentar imponer su ley, tratando de imitar a Patrocinio, pero al final no result\u00f3 y mejor se dedic\u00f3 a \u00abgozarla\u00bb.. Finalmente, su llegada a SEGOB fue por circunstancias y su \u00fanica labor era \u00abcerrar la puerta\u00bb a la llamada transformaci\u00f3n de Cuitl\u00e1huac Garc\u00eda.. Pero le gust\u00f3 m\u00e1s la pachanga y esta es hasta amanecer y al que se duerma lo castigamos..<\/p>\n\n\n\n<p>Adem\u00e1s sus \u00abbi\u00f3grafos no autorizados\u00bb en Xalapa.. Que son bastantes.. Que Carlos Ju\u00e1rez, que de subsecretario llegaba a la hora que se le antojaba.. \u00c9l no aplica el tema de la AUSTERIDAD REPUBLICANA.. Como lo hac\u00eda su antecesor, Patrocinio.. Ya que el tabasque\u00f1o a diferencia del cuenque\u00f1o.. Se le ha visto con Rolex en su mu\u00f1eca, tiene coches de reconocidas marcas de lujo.. Y que ha agarrado el h\u00e1bito de regalar uno que otro carro, si se distancia de un cercano.. DE NUEVO.. ABROOOOOONNN<\/p>\n","protected":false},"excerpt":{"rendered":"<p>Ricardo Chua Sale y Vale EXCLUSIVA&#8230; Nos informan, personajes que tienen que ver con la elecci\u00f3n a gobernador de Veracruz, que el d\u00eda de hoy (finales del mes de febrero), la REAL DISTANCIA entre los candidatos a este cargo de elecci\u00f3n popular: Roc\u00edo Nahle (MORENA, PVEM-PT) y Pepe Yunes (PRI-PAN-PRD) RONDA entre los 9 a [&hellip;]<\/p>\n","protected":false},"author":2,"featured_media":0,"comment_status":"closed","ping_status":"closed","sticky":false,"template":"","format":"standard","meta":{"tdm_status":"","tdm_grid_status":"","footnotes":""},"categories":[70],"tags":[16345,1563,12299,570,3578,195],"class_list":{"0":"post-119080","1":"post","2":"type-post","3":"status-publish","4":"format-standard","6":"category-de-opinion","7":"tag-carlos-juarez-gil","8":"tag-cuitlahuac-garcia-jimenez","9":"tag-eric-cisneros-burgos","10":"tag-pepe-yunes","11":"tag-rocio-nahle","12":"tag-veracruz"},"yoast_head":"<!-- This site is optimized with the Yoast SEO plugin v27.4 - https:\/\/yoast.com\/product\/yoast-seo-wordpress\/ -->\n<title>LA DISTANCIA ENTRE ROC\u00cdO Y PEPE - Los pol\u00edticos Veracruz<\/title>\n<meta name=\"robots\" content=\"index, follow, max-snippet:-1, max-image-preview:large, max-video-preview:-1\" \/>\n<link rel=\"canonical\" href=\"https:\/\/lospoliticosveracruz.com\/?p=119080\" \/>\n<meta property=\"og:locale\" content=\"es_ES\" \/>\n<meta property=\"og:type\" content=\"article\" \/>\n<meta property=\"og:title\" content=\"LA DISTANCIA ENTRE ROC\u00cdO Y PEPE - Los pol\u00edticos Veracruz\" \/>\n<meta property=\"og:description\" content=\"Ricardo Chua Sale y Vale EXCLUSIVA&#8230; Nos informan, personajes que tienen que ver con la elecci\u00f3n a gobernador de Veracruz, que el d\u00eda de hoy (finales del mes de febrero), la REAL DISTANCIA entre los candidatos a este cargo de elecci\u00f3n popular: Roc\u00edo Nahle (MORENA, PVEM-PT) y Pepe Yunes (PRI-PAN-PRD) RONDA entre los 9 a [&hellip;]\" \/>\n<meta property=\"og:url\" content=\"https:\/\/lospoliticosveracruz.com\/?p=119080\" \/>\n<meta property=\"og:site_name\" content=\"Los pol\u00edticos Veracruz\" \/>\n<meta property=\"article:publisher\" content=\"https:\/\/www.facebook.com\/people\/Notimemes-de-los-Polticos\/61565672886568\/\" \/>\n<meta property=\"article:published_time\" content=\"2024-02-27T11:00:14+00:00\" \/>\n<meta property=\"article:modified_time\" content=\"2024-02-27T14:40:56+00:00\" \/>\n<meta property=\"og:image\" content=\"https:\/\/lospoliticosveracruz.com\/wp-content\/uploads\/2016\/07\/Logo-Dor.jpg\" \/>\n\t<meta property=\"og:image:width\" content=\"200\" \/>\n\t<meta property=\"og:image:height\" content=\"200\" \/>\n\t<meta property=\"og:image:type\" content=\"image\/jpeg\" \/>\n<meta name=\"author\" content=\"Lo viste en Los Pol\u00edticos\" \/>\n<meta name=\"twitter:card\" content=\"summary_large_image\" \/>\n<meta name=\"twitter:creator\" content=\"@LosPoliticosVer\" \/>\n<meta name=\"twitter:site\" content=\"@LosPoliticosVer\" \/>\n<meta name=\"twitter:label1\" content=\"Escrito por\" \/>\n\t<meta name=\"twitter:data1\" content=\"Lo viste en Los Pol\u00edticos\" \/>\n\t<meta name=\"twitter:label2\" content=\"Tiempo de lectura\" \/>\n\t<meta name=\"twitter:data2\" content=\"5 minutos\" \/>\n<script type=\"application\/ld+json\" class=\"yoast-schema-graph\">{\"@context\":\"https:\\\/\\\/schema.org\",\"@graph\":[{\"@type\":\"Article\",\"@id\":\"https:\\\/\\\/lospoliticosveracruz.com\\\/?p=119080#article\",\"isPartOf\":{\"@id\":\"https:\\\/\\\/lospoliticosveracruz.com\\\/?p=119080\"},\"author\":{\"name\":\"Lo viste en Los Pol\u00edticos\",\"@id\":\"https:\\\/\\\/lospoliticosveracruz.com\\\/#\\\/schema\\\/person\\\/b8702bb0e538456e6efd07080bf2a4a2\"},\"headline\":\"LA DISTANCIA ENTRE ROC\u00cdO Y PEPE\",\"datePublished\":\"2024-02-27T11:00:14+00:00\",\"dateModified\":\"2024-02-27T14:40:56+00:00\",\"mainEntityOfPage\":{\"@id\":\"https:\\\/\\\/lospoliticosveracruz.com\\\/?p=119080\"},\"wordCount\":949,\"publisher\":{\"@id\":\"https:\\\/\\\/lospoliticosveracruz.com\\\/#organization\"},\"keywords\":[\"Carlos Ju\u00e1rez Gil\",\"Cuitl\u00e1huac Garc\u00eda Jim\u00e9nez\",\"Eric Cisneros Burgos\",\"Pepe Yunes\",\"Roc\u00edo Nahle\",\"Veracruz\"],\"articleSection\":[\"De Opini\u00f3n\"],\"inLanguage\":\"es\"},{\"@type\":\"WebPage\",\"@id\":\"https:\\\/\\\/lospoliticosveracruz.com\\\/?p=119080\",\"url\":\"https:\\\/\\\/lospoliticosveracruz.com\\\/?p=119080\",\"name\":\"LA DISTANCIA ENTRE ROC\u00cdO Y PEPE - Los pol\u00edticos Veracruz\",\"isPartOf\":{\"@id\":\"https:\\\/\\\/lospoliticosveracruz.com\\\/#website\"},\"datePublished\":\"2024-02-27T11:00:14+00:00\",\"dateModified\":\"2024-02-27T14:40:56+00:00\",\"breadcrumb\":{\"@id\":\"https:\\\/\\\/lospoliticosveracruz.com\\\/?p=119080#breadcrumb\"},\"inLanguage\":\"es\",\"potentialAction\":[{\"@type\":\"ReadAction\",\"target\":[\"https:\\\/\\\/lospoliticosveracruz.com\\\/?p=119080\"]}]},{\"@type\":\"BreadcrumbList\",\"@id\":\"https:\\\/\\\/lospoliticosveracruz.com\\\/?p=119080#breadcrumb\",\"itemListElement\":[{\"@type\":\"ListItem\",\"position\":1,\"name\":\"Portada\",\"item\":\"https:\\\/\\\/lospoliticosveracruz.com\\\/\"},{\"@type\":\"ListItem\",\"position\":2,\"name\":\"LA DISTANCIA ENTRE ROC\u00cdO Y PEPE\"}]},{\"@type\":\"WebSite\",\"@id\":\"https:\\\/\\\/lospoliticosveracruz.com\\\/#website\",\"url\":\"https:\\\/\\\/lospoliticosveracruz.com\\\/\",\"name\":\"Los pol\u00edticos Veracruz\",\"description\":\"\",\"publisher\":{\"@id\":\"https:\\\/\\\/lospoliticosveracruz.com\\\/#organization\"},\"potentialAction\":[{\"@type\":\"SearchAction\",\"target\":{\"@type\":\"EntryPoint\",\"urlTemplate\":\"https:\\\/\\\/lospoliticosveracruz.com\\\/?s={search_term_string}\"},\"query-input\":{\"@type\":\"PropertyValueSpecification\",\"valueRequired\":true,\"valueName\":\"search_term_string\"}}],\"inLanguage\":\"es\"},{\"@type\":\"Organization\",\"@id\":\"https:\\\/\\\/lospoliticosveracruz.com\\\/#organization\",\"name\":\"Los pol\u00edticos Veracruz\",\"url\":\"https:\\\/\\\/lospoliticosveracruz.com\\\/\",\"logo\":{\"@type\":\"ImageObject\",\"inLanguage\":\"es\",\"@id\":\"https:\\\/\\\/lospoliticosveracruz.com\\\/#\\\/schema\\\/logo\\\/image\\\/\",\"url\":\"https:\\\/\\\/lospoliticosveracruz.com\\\/wp-content\\\/uploads\\\/2025\\\/12\\\/Logo-Nuevo-LOS-POLITICOS-1.jpg\",\"contentUrl\":\"https:\\\/\\\/lospoliticosveracruz.com\\\/wp-content\\\/uploads\\\/2025\\\/12\\\/Logo-Nuevo-LOS-POLITICOS-1.jpg\",\"width\":260,\"height\":70,\"caption\":\"Los pol\u00edticos Veracruz\"},\"image\":{\"@id\":\"https:\\\/\\\/lospoliticosveracruz.com\\\/#\\\/schema\\\/logo\\\/image\\\/\"},\"sameAs\":[\"https:\\\/\\\/www.facebook.com\\\/people\\\/Notimemes-de-los-Polticos\\\/61565672886568\\\/\",\"https:\\\/\\\/x.com\\\/LosPoliticosVer\"]},{\"@type\":\"Person\",\"@id\":\"https:\\\/\\\/lospoliticosveracruz.com\\\/#\\\/schema\\\/person\\\/b8702bb0e538456e6efd07080bf2a4a2\",\"name\":\"Lo viste en Los Pol\u00edticos\",\"image\":{\"@type\":\"ImageObject\",\"inLanguage\":\"es\",\"@id\":\"https:\\\/\\\/secure.gravatar.com\\\/avatar\\\/3a8de04a2656d44082be478bd6c086daa447c4651605818287b9532d3d0bd435?s=96&d=mm&r=g\",\"url\":\"https:\\\/\\\/secure.gravatar.com\\\/avatar\\\/3a8de04a2656d44082be478bd6c086daa447c4651605818287b9532d3d0bd435?s=96&d=mm&r=g\",\"contentUrl\":\"https:\\\/\\\/secure.gravatar.com\\\/avatar\\\/3a8de04a2656d44082be478bd6c086daa447c4651605818287b9532d3d0bd435?s=96&d=mm&r=g\",\"caption\":\"Lo viste en Los Pol\u00edticos\"},\"url\":\"https:\\\/\\\/lospoliticosveracruz.com\\\/?author=2\"}]}<\/script>\n<!-- \/ Yoast SEO plugin. -->","yoast_head_json":{"title":"LA DISTANCIA ENTRE ROC\u00cdO Y PEPE - Los pol\u00edticos Veracruz","robots":{"index":"index","follow":"follow","max-snippet":"max-snippet:-1","max-image-preview":"max-image-preview:large","max-video-preview":"max-video-preview:-1"},"canonical":"https:\/\/lospoliticosveracruz.com\/?p=119080","og_locale":"es_ES","og_type":"article","og_title":"LA DISTANCIA ENTRE ROC\u00cdO Y PEPE - Los pol\u00edticos Veracruz","og_description":"Ricardo Chua Sale y Vale EXCLUSIVA&#8230; Nos informan, personajes que tienen que ver con la elecci\u00f3n a gobernador de Veracruz, que el d\u00eda de hoy (finales del mes de febrero), la REAL DISTANCIA entre los candidatos a este cargo de elecci\u00f3n popular: Roc\u00edo Nahle (MORENA, PVEM-PT) y Pepe Yunes (PRI-PAN-PRD) RONDA entre los 9 a [&hellip;]","og_url":"https:\/\/lospoliticosveracruz.com\/?p=119080","og_site_name":"Los pol\u00edticos Veracruz","article_publisher":"https:\/\/www.facebook.com\/people\/Notimemes-de-los-Polticos\/61565672886568\/","article_published_time":"2024-02-27T11:00:14+00:00","article_modified_time":"2024-02-27T14:40:56+00:00","og_image":[{"width":200,"height":200,"url":"https:\/\/lospoliticosveracruz.com\/wp-content\/uploads\/2016\/07\/Logo-Dor.jpg","type":"image\/jpeg"}],"author":"Lo viste en Los Pol\u00edticos","twitter_card":"summary_large_image","twitter_creator":"@LosPoliticosVer","twitter_site":"@LosPoliticosVer","twitter_misc":{"Escrito por":"Lo viste en Los Pol\u00edticos","Tiempo de lectura":"5 minutos"},"schema":{"@context":"https:\/\/schema.org","@graph":[{"@type":"Article","@id":"https:\/\/lospoliticosveracruz.com\/?p=119080#article","isPartOf":{"@id":"https:\/\/lospoliticosveracruz.com\/?p=119080"},"author":{"name":"Lo viste en Los Pol\u00edticos","@id":"https:\/\/lospoliticosveracruz.com\/#\/schema\/person\/b8702bb0e538456e6efd07080bf2a4a2"},"headline":"LA DISTANCIA ENTRE ROC\u00cdO Y PEPE","datePublished":"2024-02-27T11:00:14+00:00","dateModified":"2024-02-27T14:40:56+00:00","mainEntityOfPage":{"@id":"https:\/\/lospoliticosveracruz.com\/?p=119080"},"wordCount":949,"publisher":{"@id":"https:\/\/lospoliticosveracruz.com\/#organization"},"keywords":["Carlos Ju\u00e1rez Gil","Cuitl\u00e1huac Garc\u00eda Jim\u00e9nez","Eric Cisneros Burgos","Pepe Yunes","Roc\u00edo Nahle","Veracruz"],"articleSection":["De Opini\u00f3n"],"inLanguage":"es"},{"@type":"WebPage","@id":"https:\/\/lospoliticosveracruz.com\/?p=119080","url":"https:\/\/lospoliticosveracruz.com\/?p=119080","name":"LA DISTANCIA ENTRE ROC\u00cdO Y PEPE - Los pol\u00edticos Veracruz","isPartOf":{"@id":"https:\/\/lospoliticosveracruz.com\/#website"},"datePublished":"2024-02-27T11:00:14+00:00","dateModified":"2024-02-27T14:40:56+00:00","breadcrumb":{"@id":"https:\/\/lospoliticosveracruz.com\/?p=119080#breadcrumb"},"inLanguage":"es","potentialAction":[{"@type":"ReadAction","target":["https:\/\/lospoliticosveracruz.com\/?p=119080"]}]},{"@type":"BreadcrumbList","@id":"https:\/\/lospoliticosveracruz.com\/?p=119080#breadcrumb","itemListElement":[{"@type":"ListItem","position":1,"name":"Portada","item":"https:\/\/lospoliticosveracruz.com\/"},{"@type":"ListItem","position":2,"name":"LA DISTANCIA ENTRE ROC\u00cdO Y PEPE"}]},{"@type":"WebSite","@id":"https:\/\/lospoliticosveracruz.com\/#website","url":"https:\/\/lospoliticosveracruz.com\/","name":"Los pol\u00edticos Veracruz","description":"","publisher":{"@id":"https:\/\/lospoliticosveracruz.com\/#organization"},"potentialAction":[{"@type":"SearchAction","target":{"@type":"EntryPoint","urlTemplate":"https:\/\/lospoliticosveracruz.com\/?s={search_term_string}"},"query-input":{"@type":"PropertyValueSpecification","valueRequired":true,"valueName":"search_term_string"}}],"inLanguage":"es"},{"@type":"Organization","@id":"https:\/\/lospoliticosveracruz.com\/#organization","name":"Los pol\u00edticos Veracruz","url":"https:\/\/lospoliticosveracruz.com\/","logo":{"@type":"ImageObject","inLanguage":"es","@id":"https:\/\/lospoliticosveracruz.com\/#\/schema\/logo\/image\/","url":"https:\/\/lospoliticosveracruz.com\/wp-content\/uploads\/2025\/12\/Logo-Nuevo-LOS-POLITICOS-1.jpg","contentUrl":"https:\/\/lospoliticosveracruz.com\/wp-content\/uploads\/2025\/12\/Logo-Nuevo-LOS-POLITICOS-1.jpg","width":260,"height":70,"caption":"Los pol\u00edticos Veracruz"},"image":{"@id":"https:\/\/lospoliticosveracruz.com\/#\/schema\/logo\/image\/"},"sameAs":["https:\/\/www.facebook.com\/people\/Notimemes-de-los-Polticos\/61565672886568\/","https:\/\/x.com\/LosPoliticosVer"]},{"@type":"Person","@id":"https:\/\/lospoliticosveracruz.com\/#\/schema\/person\/b8702bb0e538456e6efd07080bf2a4a2","name":"Lo viste en Los Pol\u00edticos","image":{"@type":"ImageObject","inLanguage":"es","@id":"https:\/\/secure.gravatar.com\/avatar\/3a8de04a2656d44082be478bd6c086daa447c4651605818287b9532d3d0bd435?s=96&d=mm&r=g","url":"https:\/\/secure.gravatar.com\/avatar\/3a8de04a2656d44082be478bd6c086daa447c4651605818287b9532d3d0bd435?s=96&d=mm&r=g","contentUrl":"https:\/\/secure.gravatar.com\/avatar\/3a8de04a2656d44082be478bd6c086daa447c4651605818287b9532d3d0bd435?s=96&d=mm&r=g","caption":"Lo viste en Los Pol\u00edticos"},"url":"https:\/\/lospoliticosveracruz.com\/?author=2"}]}},"_links":{"self":[{"href":"https:\/\/lospoliticosveracruz.com\/index.php?rest_route=\/wp\/v2\/posts\/119080","targetHints":{"allow":["GET"]}}],"collection":[{"href":"https:\/\/lospoliticosveracruz.com\/index.php?rest_route=\/wp\/v2\/posts"}],"about":[{"href":"https:\/\/lospoliticosveracruz.com\/index.php?rest_route=\/wp\/v2\/types\/post"}],"author":[{"embeddable":true,"href":"https:\/\/lospoliticosveracruz.com\/index.php?rest_route=\/wp\/v2\/users\/2"}],"replies":[{"embeddable":true,"href":"https:\/\/lospoliticosveracruz.com\/index.php?rest_route=%2Fwp%2Fv2%2Fcomments&post=119080"}],"version-history":[{"count":2,"href":"https:\/\/lospoliticosveracruz.com\/index.php?rest_route=\/wp\/v2\/posts\/119080\/revisions"}],"predecessor-version":[{"id":119103,"href":"https:\/\/lospoliticosveracruz.com\/index.php?rest_route=\/wp\/v2\/posts\/119080\/revisions\/119103"}],"wp:attachment":[{"href":"https:\/\/lospoliticosveracruz.com\/index.php?rest_route=%2Fwp%2Fv2%2Fmedia&parent=119080"}],"wp:term":[{"taxonomy":"category","embeddable":true,"href":"https:\/\/lospoliticosveracruz.com\/index.php?rest_route=%2Fwp%2Fv2%2Fcategories&post=119080"},{"taxonomy":"post_tag","embeddable":true,"href":"https:\/\/lospoliticosveracruz.com\/index.php?rest_route=%2Fwp%2Fv2%2Ftags&post=119080"}],"curies":[{"name":"wp","href":"https:\/\/api.w.org\/{rel}","templated":true}]}}