{"id":119083,"date":"2024-02-27T05:07:06","date_gmt":"2024-02-27T11:07:06","guid":{"rendered":"https:\/\/lospoliticosveracruz.com.mx\/?p=119083"},"modified":"2024-02-27T08:52:22","modified_gmt":"2024-02-27T14:52:22","slug":"el-colchon-de-cuitlahuac","status":"publish","type":"post","link":"https:\/\/lospoliticosveracruz.com\/?p=119083","title":{"rendered":"EL COLCH\u00d3N DE CUITL\u00c1HUAC"},"content":{"rendered":"\n<p><strong>Bernardo Guti\u00e9rrez Parra<\/strong><\/p>\n\n\n\n<p><em>Desde el Caf\u00e9<\/em><br>El c\u00edrculo vicioso en el que entr\u00f3 Veracruz despu\u00e9s de que Miguel Alem\u00e1n se fuera de la gubernatura dejando las arcas vac\u00edas, podr\u00eda romperse dentro de unos meses si Cuitl\u00e1huac Garc\u00eda deja a su sucesor o sucesora el remanente suficiente que le permita sufragar los gastos de fin de a\u00f1o (n\u00f3mina y aguinaldos), sin recurrir a cr\u00e9ditos a corto plazo. Y ese \u201ccolch\u00f3n\u201d podr\u00eda ser superior a los 7 mil millones de pesos, expres\u00f3 el titular de Finanzas, Jos\u00e9 Luis Lima Franco.<\/p>\n\n\n\n<figure class=\"wp-block-embed is-type-video is-provider-youtube wp-block-embed-youtube wp-embed-aspect-16-9 wp-has-aspect-ratio\"><div class=\"wp-block-embed__wrapper\">\n<iframe loading=\"lazy\" title=\"Cluster Coworking\" width=\"696\" height=\"392\" src=\"https:\/\/www.youtube.com\/embed\/Nxe-vxf8GuY?feature=oembed\" frameborder=\"0\" allow=\"accelerometer; autoplay; clipboard-write; encrypted-media; gyroscope; picture-in-picture; web-share\" referrerpolicy=\"strict-origin-when-cross-origin\" allowfullscreen><\/iframe>\n<\/div><\/figure>\n\n\n\n<p>Al presentar el Informe Trimestral del Estado de la Deuda correspondiente al ejercicio 2023, el funcionario estatal dijo que durante la administraci\u00f3n de Cuitl\u00e1huac Garc\u00eda Jim\u00e9nez, la deuda p\u00fablica baj\u00f3 de 87 mil 200 millones de pesos a 66 mil 900 millones. Es decir, lo que ha pagado el gobierno estatal ha sido del orden de los 20 mil 300 millones de pesos.<\/p>\n\n\n\n<p>El doctor Lima Franco agreg\u00f3 que la deuda bancaria o de largo plazo se increment\u00f3 de 41 mil millones a poco m\u00e1s de 47 mil millones de pesos, pero esto se debe a la reestructuraci\u00f3n de Bonos Cup\u00f3n Cero que equivalen a 5 mil 900 millones de pesos aproximadamente.<\/p>\n\n\n\n<p>Dicha deuda pas\u00f3 a una cuenta normal durante el gobierno de Cuitl\u00e1huac Garc\u00eda y actualmente se paga capital cada mes, al ser incluida en el monto de deuda a largo plazo.<\/p>\n\n\n\n<p>El funcionario indic\u00f3 que no se pudieron reestructurar todas las Cuentas de Orden debido a que una parte eran cr\u00e9ditos para reconstrucci\u00f3n, tramitados en el gobierno de Fidel Herrera Beltr\u00e1n por casi 2 mil millones de pesos, los cuales no se comprobaron.<\/p>\n\n\n\n<p>Textual dijo: \u201cAnte BANOBRAS no se comprob\u00f3 que se hayan ejercido los recursos para la reconstrucci\u00f3n, por lo cual BANOBRAS no dej\u00f3 reestructurar este cr\u00e9dito porque no se comprob\u00f3\u201d.<\/p>\n\n\n\n<p>Lima Franco indic\u00f3 que para evitar el aumento de la deuda pasaron las Cuentas de Orden a largo plazo lo que gener\u00f3 una mejor tasa de inter\u00e9s y ha dado m\u00e1s transparencia y claridad sobre lo que se debe.<\/p>\n\n\n\n<p>En s\u00edntesis lector; tras poco m\u00e1s de cinco a\u00f1os en que Jos\u00e9 Luis Lima Franco tom\u00f3 las riendas de la Secretar\u00eda de Finanzas y Planeaci\u00f3n, hay finanzas sanas y hay confianza de las calificadoras internacionales en Veracruz; entidad que ha vuelto a ser buen sujeto de cr\u00e9dito.<\/p>\n\n\n\n<p>Pero sin duda, la cereza del pastel ser\u00e1 el remanente por m\u00e1s de 7 mil millones de pesos que la actual administraci\u00f3n dejar\u00e1 en las arcas estatales para que el pr\u00f3ximo gobernador o gobernadora no pase sustos ni sofocones como los pas\u00f3 el propio Cuitl\u00e1huac cuando tom\u00f3 posesi\u00f3n de su cargo.<\/p>\n\n\n\n<p>En diciembre del 2018 no hab\u00eda para pagar los sueldos y aguinaldos de los bur\u00f3cratas, como tampoco exist\u00eda la menor intenci\u00f3n de los bancos por otorgar m\u00e1s pr\u00e9stamos a Veracruz.<\/p>\n\n\n\n<p>La prueba de fuego del joven titular de Finanzas, fue cabildear aqu\u00ed y all\u00e1 hasta obtener 2 mil millones de pesos para cubrir emolumentos y aguinaldos. Y de ah\u00ed pal real\u2026<\/p>\n\n\n\n<p>A ra\u00edz del anuncio hecho ayer por Lima Franco, la perspectiva cambi\u00f3 y hoy la esperanza de quien suceda a Cuitl\u00e1huac Garc\u00eda, ser\u00e1 encontrarse con liquidez suficiente para comenzar a trabajar con cierta holgura. Si en efecto ese \u201ccolch\u00f3n\u201d de 7 mil millones de pesos est\u00e1 en las arcas estatales a finales de octubre, ser\u00e1 la noticia financiera de las \u00faltimas dos d\u00e9cadas.<\/p>\n\n\n\n<p>Veremos.<\/p>\n\n\n\n<p>Pozos Castro entrega dos calles pavimentadas<\/p>\n\n\n\n<p>El pasado domingo y como parte del compromiso de acercar bienestar y progreso a donde m\u00e1s se necesita, el gobierno de Tuxpan inaugur\u00f3 la construcci\u00f3n de pavimentaci\u00f3n con concreto hidr\u00e1ulico de la calle Miguel Hidalgo, de la colonia Insurgentes.<\/p>\n\n\n\n<p>El alcalde Jos\u00e9 Manuel Pozos Castro; la s\u00edndica \u00fanica Beatriz Pi\u00f1a Vergara y dem\u00e1s miembros del cabildo, encabezaron la entrega de la obra para la que se destinaron 2 millones 991 mil 732 pesos del Fondo de Aportaciones para la Infraestructura Social Municipal, para aplicar concreto hidr\u00e1ulico a 283 metros, entre las calles Leona Vicario e Ignacio Allende.<\/p>\n\n\n\n<p>En su mensaje el alcalde Pozos mencion\u00f3 quienes integran el cabildo se sienten orgullosos cada vez que inauguran una calle, porque son obras que benefician a la poblaci\u00f3n. \u201cPor eso les expreso mi reconocimiento, porque cada proyecto que se hace lleva el respaldo y la aprobaci\u00f3n de todos\u2026 porque desde el inicio de esta administraci\u00f3n nos hicimos el compromiso de que la justicia social y las obras lleguen a donde m\u00e1s se necesitan\u201d, dijo.<\/p>\n\n\n\n<p>Y ayer lunes, la calle Naciones Unidas, de la colonia el Esfuerzo, fue transformada con obras de pavimentaci\u00f3n, guarniciones y banquetas. La obra fue entregada por el acalde Jos\u00e9 Manuel Pozos Castro y su cuerpo edilicio. Y en su construcci\u00f3n se invirtieron 1 mill\u00f3n 497 mil 379 pesos del Fondo de Aportaciones para la Infraestructura Social Municipal.<\/p>\n\n\n\n<p>\u201cEstamos seguros de que cuando se invierte en calles modernas y seguras, se genera un ambiente propicio para el crecimiento y la prosperidad de las familias\u201d, se\u00f1al\u00f3 el alcalde en un mensaje.<\/p>\n\n\n\n<p>El mandatario detall\u00f3 que con esta pavimentaci\u00f3n ahora se tendr\u00e1 una salida directa a la Av. Las Am\u00e9ricas, y que a trav\u00e9s de las calles Guillermo Prieto y Francisco Zarco se podr\u00e1 acceder al Libramiento L\u00f3pez Mateos.<\/p>\n\n\n\n<p>Pozos Castro reconoci\u00f3 una vez m\u00e1s a sus compa\u00f1eros del cabildo: \u201cTodos juntos nos hemos dedicado a trabajar y a participar analizando las obras que son m\u00e1s necesarias, por lo que este a\u00f1o hemos tenido muy buenos resultados apoyando a varias colonias y comunidades rurales\u201d.<\/p>\n\n\n\n<p>\u201cEst\u00e1 claro que podemos lograr esto y mucho m\u00e1s, si continuamos haciendo un trabajo en equipo podemos hacer muchas cosas en favor de nuestro municipio, porque el compromiso que tenemos es transformar Tuxpan\u201d, destac\u00f3.<\/p>\n\n\n\n<p>bernardogup@hotmail.com<\/p>\n","protected":false},"excerpt":{"rendered":"<p>Bernardo Guti\u00e9rrez Parra Desde el Caf\u00e9El c\u00edrculo vicioso en el que entr\u00f3 Veracruz despu\u00e9s de que Miguel Alem\u00e1n se fuera de la gubernatura dejando las arcas vac\u00edas, podr\u00eda romperse dentro de unos meses si Cuitl\u00e1huac Garc\u00eda deja a su sucesor o sucesora el remanente suficiente que le permita sufragar los gastos de fin de a\u00f1o [&hellip;]<\/p>\n","protected":false},"author":2,"featured_media":0,"comment_status":"closed","ping_status":"closed","sticky":false,"template":"","format":"standard","meta":{"tdm_status":"","tdm_grid_status":"","footnotes":""},"categories":[70],"tags":[1563,13713,1026,195],"class_list":{"0":"post-119083","1":"post","2":"type-post","3":"status-publish","4":"format-standard","6":"category-de-opinion","7":"tag-cuitlahuac-garcia-jimenez","8":"tag-jose-luis-lima-franco","9":"tag-morena","10":"tag-veracruz"},"yoast_head":"<!-- This site is optimized with the Yoast SEO plugin v27.4 - https:\/\/yoast.com\/product\/yoast-seo-wordpress\/ -->\n<title>EL COLCH\u00d3N DE CUITL\u00c1HUAC - Los pol\u00edticos Veracruz<\/title>\n<meta name=\"robots\" content=\"index, follow, max-snippet:-1, max-image-preview:large, max-video-preview:-1\" \/>\n<link rel=\"canonical\" href=\"https:\/\/lospoliticosveracruz.com\/?p=119083\" \/>\n<meta property=\"og:locale\" content=\"es_ES\" \/>\n<meta property=\"og:type\" content=\"article\" \/>\n<meta property=\"og:title\" content=\"EL COLCH\u00d3N DE CUITL\u00c1HUAC - Los pol\u00edticos Veracruz\" \/>\n<meta property=\"og:description\" content=\"Bernardo Guti\u00e9rrez Parra Desde el Caf\u00e9El c\u00edrculo vicioso en el que entr\u00f3 Veracruz despu\u00e9s de que Miguel Alem\u00e1n se fuera de la gubernatura dejando las arcas vac\u00edas, podr\u00eda romperse dentro de unos meses si Cuitl\u00e1huac Garc\u00eda deja a su sucesor o sucesora el remanente suficiente que le permita sufragar los gastos de fin de a\u00f1o [&hellip;]\" \/>\n<meta property=\"og:url\" content=\"https:\/\/lospoliticosveracruz.com\/?p=119083\" \/>\n<meta property=\"og:site_name\" content=\"Los pol\u00edticos Veracruz\" \/>\n<meta property=\"article:publisher\" content=\"https:\/\/www.facebook.com\/people\/Notimemes-de-los-Polticos\/61565672886568\/\" \/>\n<meta property=\"article:published_time\" content=\"2024-02-27T11:07:06+00:00\" \/>\n<meta property=\"article:modified_time\" content=\"2024-02-27T14:52:22+00:00\" \/>\n<meta property=\"og:image\" content=\"https:\/\/lospoliticosveracruz.com\/wp-content\/uploads\/2016\/07\/Logo-Dor.jpg\" \/>\n\t<meta property=\"og:image:width\" content=\"200\" \/>\n\t<meta property=\"og:image:height\" content=\"200\" \/>\n\t<meta property=\"og:image:type\" content=\"image\/jpeg\" \/>\n<meta name=\"author\" content=\"Lo viste en Los Pol\u00edticos\" \/>\n<meta name=\"twitter:card\" content=\"summary_large_image\" \/>\n<meta name=\"twitter:creator\" content=\"@LosPoliticosVer\" \/>\n<meta name=\"twitter:site\" content=\"@LosPoliticosVer\" \/>\n<meta name=\"twitter:label1\" content=\"Escrito por\" \/>\n\t<meta name=\"twitter:data1\" content=\"Lo viste en Los Pol\u00edticos\" \/>\n\t<meta name=\"twitter:label2\" content=\"Tiempo de lectura\" \/>\n\t<meta name=\"twitter:data2\" content=\"5 minutos\" \/>\n<script type=\"application\/ld+json\" class=\"yoast-schema-graph\">{\"@context\":\"https:\\\/\\\/schema.org\",\"@graph\":[{\"@type\":\"Article\",\"@id\":\"https:\\\/\\\/lospoliticosveracruz.com\\\/?p=119083#article\",\"isPartOf\":{\"@id\":\"https:\\\/\\\/lospoliticosveracruz.com\\\/?p=119083\"},\"author\":{\"name\":\"Lo viste en Los Pol\u00edticos\",\"@id\":\"https:\\\/\\\/lospoliticosveracruz.com\\\/#\\\/schema\\\/person\\\/b8702bb0e538456e6efd07080bf2a4a2\"},\"headline\":\"EL COLCH\u00d3N DE CUITL\u00c1HUAC\",\"datePublished\":\"2024-02-27T11:07:06+00:00\",\"dateModified\":\"2024-02-27T14:52:22+00:00\",\"mainEntityOfPage\":{\"@id\":\"https:\\\/\\\/lospoliticosveracruz.com\\\/?p=119083\"},\"wordCount\":1013,\"publisher\":{\"@id\":\"https:\\\/\\\/lospoliticosveracruz.com\\\/#organization\"},\"keywords\":[\"Cuitl\u00e1huac Garc\u00eda Jim\u00e9nez\",\"Jos\u00e9 Luis Lima Franco\",\"Morena\",\"Veracruz\"],\"articleSection\":[\"De Opini\u00f3n\"],\"inLanguage\":\"es\"},{\"@type\":\"WebPage\",\"@id\":\"https:\\\/\\\/lospoliticosveracruz.com\\\/?p=119083\",\"url\":\"https:\\\/\\\/lospoliticosveracruz.com\\\/?p=119083\",\"name\":\"EL COLCH\u00d3N DE CUITL\u00c1HUAC - Los pol\u00edticos Veracruz\",\"isPartOf\":{\"@id\":\"https:\\\/\\\/lospoliticosveracruz.com\\\/#website\"},\"datePublished\":\"2024-02-27T11:07:06+00:00\",\"dateModified\":\"2024-02-27T14:52:22+00:00\",\"breadcrumb\":{\"@id\":\"https:\\\/\\\/lospoliticosveracruz.com\\\/?p=119083#breadcrumb\"},\"inLanguage\":\"es\",\"potentialAction\":[{\"@type\":\"ReadAction\",\"target\":[\"https:\\\/\\\/lospoliticosveracruz.com\\\/?p=119083\"]}]},{\"@type\":\"BreadcrumbList\",\"@id\":\"https:\\\/\\\/lospoliticosveracruz.com\\\/?p=119083#breadcrumb\",\"itemListElement\":[{\"@type\":\"ListItem\",\"position\":1,\"name\":\"Portada\",\"item\":\"https:\\\/\\\/lospoliticosveracruz.com\\\/\"},{\"@type\":\"ListItem\",\"position\":2,\"name\":\"EL COLCH\u00d3N DE CUITL\u00c1HUAC\"}]},{\"@type\":\"WebSite\",\"@id\":\"https:\\\/\\\/lospoliticosveracruz.com\\\/#website\",\"url\":\"https:\\\/\\\/lospoliticosveracruz.com\\\/\",\"name\":\"Los pol\u00edticos Veracruz\",\"description\":\"\",\"publisher\":{\"@id\":\"https:\\\/\\\/lospoliticosveracruz.com\\\/#organization\"},\"potentialAction\":[{\"@type\":\"SearchAction\",\"target\":{\"@type\":\"EntryPoint\",\"urlTemplate\":\"https:\\\/\\\/lospoliticosveracruz.com\\\/?s={search_term_string}\"},\"query-input\":{\"@type\":\"PropertyValueSpecification\",\"valueRequired\":true,\"valueName\":\"search_term_string\"}}],\"inLanguage\":\"es\"},{\"@type\":\"Organization\",\"@id\":\"https:\\\/\\\/lospoliticosveracruz.com\\\/#organization\",\"name\":\"Los pol\u00edticos Veracruz\",\"url\":\"https:\\\/\\\/lospoliticosveracruz.com\\\/\",\"logo\":{\"@type\":\"ImageObject\",\"inLanguage\":\"es\",\"@id\":\"https:\\\/\\\/lospoliticosveracruz.com\\\/#\\\/schema\\\/logo\\\/image\\\/\",\"url\":\"https:\\\/\\\/lospoliticosveracruz.com\\\/wp-content\\\/uploads\\\/2025\\\/12\\\/Logo-Nuevo-LOS-POLITICOS-1.jpg\",\"contentUrl\":\"https:\\\/\\\/lospoliticosveracruz.com\\\/wp-content\\\/uploads\\\/2025\\\/12\\\/Logo-Nuevo-LOS-POLITICOS-1.jpg\",\"width\":260,\"height\":70,\"caption\":\"Los pol\u00edticos Veracruz\"},\"image\":{\"@id\":\"https:\\\/\\\/lospoliticosveracruz.com\\\/#\\\/schema\\\/logo\\\/image\\\/\"},\"sameAs\":[\"https:\\\/\\\/www.facebook.com\\\/people\\\/Notimemes-de-los-Polticos\\\/61565672886568\\\/\",\"https:\\\/\\\/x.com\\\/LosPoliticosVer\"]},{\"@type\":\"Person\",\"@id\":\"https:\\\/\\\/lospoliticosveracruz.com\\\/#\\\/schema\\\/person\\\/b8702bb0e538456e6efd07080bf2a4a2\",\"name\":\"Lo viste en Los Pol\u00edticos\",\"image\":{\"@type\":\"ImageObject\",\"inLanguage\":\"es\",\"@id\":\"https:\\\/\\\/secure.gravatar.com\\\/avatar\\\/3a8de04a2656d44082be478bd6c086daa447c4651605818287b9532d3d0bd435?s=96&d=mm&r=g\",\"url\":\"https:\\\/\\\/secure.gravatar.com\\\/avatar\\\/3a8de04a2656d44082be478bd6c086daa447c4651605818287b9532d3d0bd435?s=96&d=mm&r=g\",\"contentUrl\":\"https:\\\/\\\/secure.gravatar.com\\\/avatar\\\/3a8de04a2656d44082be478bd6c086daa447c4651605818287b9532d3d0bd435?s=96&d=mm&r=g\",\"caption\":\"Lo viste en Los Pol\u00edticos\"},\"url\":\"https:\\\/\\\/lospoliticosveracruz.com\\\/?author=2\"}]}<\/script>\n<!-- \/ Yoast SEO plugin. -->","yoast_head_json":{"title":"EL COLCH\u00d3N DE CUITL\u00c1HUAC - Los pol\u00edticos Veracruz","robots":{"index":"index","follow":"follow","max-snippet":"max-snippet:-1","max-image-preview":"max-image-preview:large","max-video-preview":"max-video-preview:-1"},"canonical":"https:\/\/lospoliticosveracruz.com\/?p=119083","og_locale":"es_ES","og_type":"article","og_title":"EL COLCH\u00d3N DE CUITL\u00c1HUAC - Los pol\u00edticos Veracruz","og_description":"Bernardo Guti\u00e9rrez Parra Desde el Caf\u00e9El c\u00edrculo vicioso en el que entr\u00f3 Veracruz despu\u00e9s de que Miguel Alem\u00e1n se fuera de la gubernatura dejando las arcas vac\u00edas, podr\u00eda romperse dentro de unos meses si Cuitl\u00e1huac Garc\u00eda deja a su sucesor o sucesora el remanente suficiente que le permita sufragar los gastos de fin de a\u00f1o [&hellip;]","og_url":"https:\/\/lospoliticosveracruz.com\/?p=119083","og_site_name":"Los pol\u00edticos Veracruz","article_publisher":"https:\/\/www.facebook.com\/people\/Notimemes-de-los-Polticos\/61565672886568\/","article_published_time":"2024-02-27T11:07:06+00:00","article_modified_time":"2024-02-27T14:52:22+00:00","og_image":[{"width":200,"height":200,"url":"https:\/\/lospoliticosveracruz.com\/wp-content\/uploads\/2016\/07\/Logo-Dor.jpg","type":"image\/jpeg"}],"author":"Lo viste en Los Pol\u00edticos","twitter_card":"summary_large_image","twitter_creator":"@LosPoliticosVer","twitter_site":"@LosPoliticosVer","twitter_misc":{"Escrito por":"Lo viste en Los Pol\u00edticos","Tiempo de lectura":"5 minutos"},"schema":{"@context":"https:\/\/schema.org","@graph":[{"@type":"Article","@id":"https:\/\/lospoliticosveracruz.com\/?p=119083#article","isPartOf":{"@id":"https:\/\/lospoliticosveracruz.com\/?p=119083"},"author":{"name":"Lo viste en Los Pol\u00edticos","@id":"https:\/\/lospoliticosveracruz.com\/#\/schema\/person\/b8702bb0e538456e6efd07080bf2a4a2"},"headline":"EL COLCH\u00d3N DE CUITL\u00c1HUAC","datePublished":"2024-02-27T11:07:06+00:00","dateModified":"2024-02-27T14:52:22+00:00","mainEntityOfPage":{"@id":"https:\/\/lospoliticosveracruz.com\/?p=119083"},"wordCount":1013,"publisher":{"@id":"https:\/\/lospoliticosveracruz.com\/#organization"},"keywords":["Cuitl\u00e1huac Garc\u00eda Jim\u00e9nez","Jos\u00e9 Luis Lima Franco","Morena","Veracruz"],"articleSection":["De Opini\u00f3n"],"inLanguage":"es"},{"@type":"WebPage","@id":"https:\/\/lospoliticosveracruz.com\/?p=119083","url":"https:\/\/lospoliticosveracruz.com\/?p=119083","name":"EL COLCH\u00d3N DE CUITL\u00c1HUAC - Los pol\u00edticos Veracruz","isPartOf":{"@id":"https:\/\/lospoliticosveracruz.com\/#website"},"datePublished":"2024-02-27T11:07:06+00:00","dateModified":"2024-02-27T14:52:22+00:00","breadcrumb":{"@id":"https:\/\/lospoliticosveracruz.com\/?p=119083#breadcrumb"},"inLanguage":"es","potentialAction":[{"@type":"ReadAction","target":["https:\/\/lospoliticosveracruz.com\/?p=119083"]}]},{"@type":"BreadcrumbList","@id":"https:\/\/lospoliticosveracruz.com\/?p=119083#breadcrumb","itemListElement":[{"@type":"ListItem","position":1,"name":"Portada","item":"https:\/\/lospoliticosveracruz.com\/"},{"@type":"ListItem","position":2,"name":"EL COLCH\u00d3N DE CUITL\u00c1HUAC"}]},{"@type":"WebSite","@id":"https:\/\/lospoliticosveracruz.com\/#website","url":"https:\/\/lospoliticosveracruz.com\/","name":"Los pol\u00edticos Veracruz","description":"","publisher":{"@id":"https:\/\/lospoliticosveracruz.com\/#organization"},"potentialAction":[{"@type":"SearchAction","target":{"@type":"EntryPoint","urlTemplate":"https:\/\/lospoliticosveracruz.com\/?s={search_term_string}"},"query-input":{"@type":"PropertyValueSpecification","valueRequired":true,"valueName":"search_term_string"}}],"inLanguage":"es"},{"@type":"Organization","@id":"https:\/\/lospoliticosveracruz.com\/#organization","name":"Los pol\u00edticos Veracruz","url":"https:\/\/lospoliticosveracruz.com\/","logo":{"@type":"ImageObject","inLanguage":"es","@id":"https:\/\/lospoliticosveracruz.com\/#\/schema\/logo\/image\/","url":"https:\/\/lospoliticosveracruz.com\/wp-content\/uploads\/2025\/12\/Logo-Nuevo-LOS-POLITICOS-1.jpg","contentUrl":"https:\/\/lospoliticosveracruz.com\/wp-content\/uploads\/2025\/12\/Logo-Nuevo-LOS-POLITICOS-1.jpg","width":260,"height":70,"caption":"Los pol\u00edticos Veracruz"},"image":{"@id":"https:\/\/lospoliticosveracruz.com\/#\/schema\/logo\/image\/"},"sameAs":["https:\/\/www.facebook.com\/people\/Notimemes-de-los-Polticos\/61565672886568\/","https:\/\/x.com\/LosPoliticosVer"]},{"@type":"Person","@id":"https:\/\/lospoliticosveracruz.com\/#\/schema\/person\/b8702bb0e538456e6efd07080bf2a4a2","name":"Lo viste en Los Pol\u00edticos","image":{"@type":"ImageObject","inLanguage":"es","@id":"https:\/\/secure.gravatar.com\/avatar\/3a8de04a2656d44082be478bd6c086daa447c4651605818287b9532d3d0bd435?s=96&d=mm&r=g","url":"https:\/\/secure.gravatar.com\/avatar\/3a8de04a2656d44082be478bd6c086daa447c4651605818287b9532d3d0bd435?s=96&d=mm&r=g","contentUrl":"https:\/\/secure.gravatar.com\/avatar\/3a8de04a2656d44082be478bd6c086daa447c4651605818287b9532d3d0bd435?s=96&d=mm&r=g","caption":"Lo viste en Los Pol\u00edticos"},"url":"https:\/\/lospoliticosveracruz.com\/?author=2"}]}},"_links":{"self":[{"href":"https:\/\/lospoliticosveracruz.com\/index.php?rest_route=\/wp\/v2\/posts\/119083","targetHints":{"allow":["GET"]}}],"collection":[{"href":"https:\/\/lospoliticosveracruz.com\/index.php?rest_route=\/wp\/v2\/posts"}],"about":[{"href":"https:\/\/lospoliticosveracruz.com\/index.php?rest_route=\/wp\/v2\/types\/post"}],"author":[{"embeddable":true,"href":"https:\/\/lospoliticosveracruz.com\/index.php?rest_route=\/wp\/v2\/users\/2"}],"replies":[{"embeddable":true,"href":"https:\/\/lospoliticosveracruz.com\/index.php?rest_route=%2Fwp%2Fv2%2Fcomments&post=119083"}],"version-history":[{"count":2,"href":"https:\/\/lospoliticosveracruz.com\/index.php?rest_route=\/wp\/v2\/posts\/119083\/revisions"}],"predecessor-version":[{"id":119107,"href":"https:\/\/lospoliticosveracruz.com\/index.php?rest_route=\/wp\/v2\/posts\/119083\/revisions\/119107"}],"wp:attachment":[{"href":"https:\/\/lospoliticosveracruz.com\/index.php?rest_route=%2Fwp%2Fv2%2Fmedia&parent=119083"}],"wp:term":[{"taxonomy":"category","embeddable":true,"href":"https:\/\/lospoliticosveracruz.com\/index.php?rest_route=%2Fwp%2Fv2%2Fcategories&post=119083"},{"taxonomy":"post_tag","embeddable":true,"href":"https:\/\/lospoliticosveracruz.com\/index.php?rest_route=%2Fwp%2Fv2%2Ftags&post=119083"}],"curies":[{"name":"wp","href":"https:\/\/api.w.org\/{rel}","templated":true}]}}