{"id":119085,"date":"2024-02-27T05:11:48","date_gmt":"2024-02-27T11:11:48","guid":{"rendered":"https:\/\/lospoliticosveracruz.com.mx\/?p=119085"},"modified":"2024-02-27T08:48:56","modified_gmt":"2024-02-27T14:48:56","slug":"el-rompeolas-de-amlo","status":"publish","type":"post","link":"https:\/\/lospoliticosveracruz.com\/?p=119085","title":{"rendered":"EL ROMPEOLAS DE AMLO"},"content":{"rendered":"\n<p><strong>Jos\u00e9 Luis Ortega Vidal<\/strong><\/p>\n\n\n\n<p><em>Claroscuros<\/em><\/p>\n\n\n\n<p>(1)<br>El presidente Andr\u00e9s Manuel L\u00f3pez Obrador inaugur\u00f3 ayer el rompeolas de Salina Cruz, en Oaxaca; obra clave en el mega proyecto del Corredor Interoce\u00e1nico del Istmo de Tehuantepec.<br>Ma\u00f1ana, el conjunto de empresas identificado como PROISTMO, colocar\u00e1 la primera piedra del Polo de Desarrollo de Bienestar en Texistepec, Veracruz.<br>La escollera en el puerto de Salina Cruz se debi\u00f3 inaugurar en el a\u00f1o 2022, conforme al plan original, pero finalmente la Marina de M\u00e9xico -responsable de la obra- la entreg\u00f3 este lunes, luego de invertir 4 mil 147 millones de pesos de presupuesto federal.<\/p>\n\n\n\n<figure class=\"wp-block-image size-large\"><a href=\"https:\/\/lospoliticosveracruz.com.mx\/wp-content\/uploads\/2016\/07\/Seguro-Julio-Cerecedo-2.jpg\"><img decoding=\"async\" src=\"https:\/\/lospoliticosveracruz.com.mx\/wp-content\/uploads\/2016\/07\/Seguro-Julio-Cerecedo-2-1024x381.jpg\" alt=\"\" class=\"wp-image-105879\"\/><\/a><\/figure>\n\n\n\n<p><br>En Texistepec, el sector privado anunci\u00f3 la inversi\u00f3n de 1 mil 860 millones de pesos durante los pr\u00f3ximos dos a\u00f1os.<br>PROISTMO dar\u00e1 inicio a la construcci\u00f3n de un parque industrial en lo que fue terreno de la Compa\u00f1\u00eda Exploradora del Istmo (CEDI), una de las dos azufreras ubicadas en la regi\u00f3n del istmo veracruzano durante la segunda mitad del siglo XX.<br>Desde ayer, en Acayucan, se ofertan 300 empleos en el ramo de la construcci\u00f3n en Texistepec, para empezar pues est\u00e1 prevista la generaci\u00f3n de miles de plazas laborales durante los pr\u00f3ximos meses y a\u00f1os.<br>Ser\u00e1n doce los Polos de Desarrollo o Parques Industriales en el Corredor Interoce\u00e1nico del Istmo de Tehuantepec (CIIT).<br>La Secretar\u00eda de Econom\u00eda ha licitado los primeros cinco: Coatzacoalcos I, Coatzacoalcos II, Texistepec, San Juan Evangelista -todos en territorio veracruzano- y uno m\u00e1s en Salina Cruz, Oaxaca.<br>Otros cinco Polos de Desarrollo estar\u00e1n en Oaxaca y dos m\u00e1s entre Oaxaca y Chiapas, pues el CIIT impulsa conexiones ferrocarrileras e inversiones en Puerto Chiapas, en el pacifico.<\/p>\n\n\n\n<p>(2)<br>En Coatzacoalcos Braskem\/Idesa invierte ya 400 millones de d\u00f3lares en la construcci\u00f3n de una terminal de gas etano junto al puerto de Pajaritos.<br>Braskem\/Idesa posee el \u00fanico complejo petroqu\u00edmico privado en M\u00e9xico, ubicado en Nanchital, Veracruz.<br>Antes de la construcci\u00f3n de los Polos de Desarrollo del CIIT, este grupo empresarial ha iniciado la creaci\u00f3n de infraestructura propia para importar etano -principal materia prima de su empresa- desde Estados Unidos.<br>Los beneficios fiscales del CIIT ser\u00edan aprovechados por Braskem\/Idesa, pero son pragm\u00e1ticos y para garantizar su materia prima invierten lo necesario. Punto.<br>Hoy, el tema a destacar es la colocaci\u00f3n de la primera piedra de un Polo de Desarrollo de Bienestar, a realizarse este mi\u00e9rcoles 28 de febrero en Texistepec.<br>Otro aspecto esencial estriba en diferenciar el destino de los recursos p\u00fablicos y privados en el Corredor Interoce\u00e1nico del Istmo de Tehuantepec.<br>El gobierno invierte en mejorar una infraestructura ya existente desde el siglo XIX: el tren trans\u00edstmico -ahora denominado tren interoce\u00e1nico- as\u00ed como los puertos de Salina Cruz y Coatzacoalcos.<br>Por su parte, el capital privado -nacional e internacional- invierte en la creaci\u00f3n de Parques Industriales denominados Polos de Desarrollo de Bienestar, para recibir f\u00e1bricas, maquiladoras, empresas privadas mexicanas y extranjeras, interesadas en aprovechar las ventajas del CIIT en el contexto del comercio mundial.<\/p>\n\n\n\n<p>(3)<br>Estamos ante un megaproyecto con antecedentes hist\u00f3ricos que nos remiten a 1492 y el descubrimiento de Am\u00e9rica por Cristobal Col\u00f3n.<br>Tambi\u00e9n a Hern\u00e1n Cort\u00e9s, la conquista de Tenochtitlan, la fundaci\u00f3n de La Nueva Espa\u00f1a -hoy M\u00e9xico- y la orden del Rey Carlos V de Espa\u00f1a de explorar las posibles conexiones terrestres -istmos- entre los oc\u00e9anos Atl\u00e1ntico y Pacifico.<br>En el continente americano hay tres istmos, el de Panam\u00e1, el de Nicaragua y el de Tehuantepec.<\/p>\n\n\n\n<p>(4)<br>Somos testigos de los primeros avances del Corredor Interoce\u00e1nico del Istmo de Tehuantepec, impulsado desde el inicio del gobierno de Andr\u00e9s Manuel L\u00f3pez Obrador y la 4T o cuarta transformaci\u00f3n.<\/p>\n\n\n\n<p>(5)<br>Y bueno, al presidente L\u00f3pez Obrador le encanta tirar el rollo del combate al neoliberalismo, pero la inversi\u00f3n multimillonaria del sector privado mexicano y extranjero en el CIIT, as\u00ed como las facilidades fiscales para atraerlo, animarlo, impulsarlo, son pr\u00e1cticas neoliberales.<br>As\u00ed de simple: lo admita o no lo admita AMLO en sus discursos; porque en la pr\u00e1ctica desde luego que lo acepta, al grado de haber firmado el TMEC, continuidad del Tratado de Libre Comercio (TLC) signado en 1992 por su archienemigo, el innombrable Carlos Salinas de Gortari.<\/p>\n\n\n\n<p>(6)<br>En fin, as\u00ed es nuestro presidente tabasque\u00f1o, pero el caso es que habemus primeras obras p\u00fablicas entregadas; primeras inversiones privadas y primeros empleos producto del Corredor Interoce\u00e1nico del Istmo de Tehuantepec.<\/p>\n\n\n\n<p>(7)<br>Este mi\u00e9rcoles, en Texistepec estar\u00e1n las m\u00e1s importantes figuras del sector empresarial ligado al CIIT, el gobernador Cuitl\u00e1huac Garc\u00eda Jim\u00e9nez, funcionarios del gabinete federal y se ha mencionado la posible presencia de AMLO\u2026<\/p>\n","protected":false},"excerpt":{"rendered":"<p>Jos\u00e9 Luis Ortega Vidal Claroscuros (1)El presidente Andr\u00e9s Manuel L\u00f3pez Obrador inaugur\u00f3 ayer el rompeolas de Salina Cruz, en Oaxaca; obra clave en el mega proyecto del Corredor Interoce\u00e1nico del Istmo de Tehuantepec.Ma\u00f1ana, el conjunto de empresas identificado como PROISTMO, colocar\u00e1 la primera piedra del Polo de Desarrollo de Bienestar en Texistepec, Veracruz.La escollera en [&hellip;]<\/p>\n","protected":false},"author":2,"featured_media":0,"comment_status":"closed","ping_status":"closed","sticky":false,"template":"","format":"standard","meta":{"tdm_status":"","tdm_grid_status":"","footnotes":""},"categories":[70],"tags":[618,1026,1215,195],"class_list":{"0":"post-119085","1":"post","2":"type-post","3":"status-publish","4":"format-standard","6":"category-de-opinion","7":"tag-andres-manuel-lopez-obrador","8":"tag-morena","9":"tag-oaxaca","10":"tag-veracruz"},"yoast_head":"<!-- This site is optimized with the Yoast SEO plugin v27.4 - https:\/\/yoast.com\/product\/yoast-seo-wordpress\/ -->\n<title>EL ROMPEOLAS DE AMLO - Los pol\u00edticos Veracruz<\/title>\n<meta name=\"robots\" content=\"index, follow, max-snippet:-1, max-image-preview:large, max-video-preview:-1\" \/>\n<link rel=\"canonical\" href=\"https:\/\/lospoliticosveracruz.com\/?p=119085\" \/>\n<meta property=\"og:locale\" content=\"es_ES\" \/>\n<meta property=\"og:type\" content=\"article\" \/>\n<meta property=\"og:title\" content=\"EL ROMPEOLAS DE AMLO - Los pol\u00edticos Veracruz\" \/>\n<meta property=\"og:description\" content=\"Jos\u00e9 Luis Ortega Vidal Claroscuros (1)El presidente Andr\u00e9s Manuel L\u00f3pez Obrador inaugur\u00f3 ayer el rompeolas de Salina Cruz, en Oaxaca; obra clave en el mega proyecto del Corredor Interoce\u00e1nico del Istmo de Tehuantepec.Ma\u00f1ana, el conjunto de empresas identificado como PROISTMO, colocar\u00e1 la primera piedra del Polo de Desarrollo de Bienestar en Texistepec, Veracruz.La escollera en [&hellip;]\" \/>\n<meta property=\"og:url\" content=\"https:\/\/lospoliticosveracruz.com\/?p=119085\" \/>\n<meta property=\"og:site_name\" content=\"Los pol\u00edticos Veracruz\" \/>\n<meta property=\"article:publisher\" content=\"https:\/\/www.facebook.com\/people\/Notimemes-de-los-Polticos\/61565672886568\/\" \/>\n<meta property=\"article:published_time\" content=\"2024-02-27T11:11:48+00:00\" \/>\n<meta property=\"article:modified_time\" content=\"2024-02-27T14:48:56+00:00\" \/>\n<meta property=\"og:image\" content=\"https:\/\/lospoliticosveracruz.com.mx\/wp-content\/uploads\/2016\/07\/Seguro-Julio-Cerecedo-2-1024x381.jpg\" \/>\n<meta name=\"author\" content=\"Lo viste en Los Pol\u00edticos\" \/>\n<meta name=\"twitter:card\" content=\"summary_large_image\" \/>\n<meta name=\"twitter:creator\" content=\"@LosPoliticosVer\" \/>\n<meta name=\"twitter:site\" content=\"@LosPoliticosVer\" \/>\n<meta name=\"twitter:label1\" content=\"Escrito por\" \/>\n\t<meta name=\"twitter:data1\" content=\"Lo viste en Los Pol\u00edticos\" \/>\n\t<meta name=\"twitter:label2\" content=\"Tiempo de lectura\" \/>\n\t<meta name=\"twitter:data2\" content=\"4 minutos\" \/>\n<script type=\"application\/ld+json\" class=\"yoast-schema-graph\">{\"@context\":\"https:\\\/\\\/schema.org\",\"@graph\":[{\"@type\":\"Article\",\"@id\":\"https:\\\/\\\/lospoliticosveracruz.com\\\/?p=119085#article\",\"isPartOf\":{\"@id\":\"https:\\\/\\\/lospoliticosveracruz.com\\\/?p=119085\"},\"author\":{\"name\":\"Lo viste en Los Pol\u00edticos\",\"@id\":\"https:\\\/\\\/lospoliticosveracruz.com\\\/#\\\/schema\\\/person\\\/b8702bb0e538456e6efd07080bf2a4a2\"},\"headline\":\"EL ROMPEOLAS DE AMLO\",\"datePublished\":\"2024-02-27T11:11:48+00:00\",\"dateModified\":\"2024-02-27T14:48:56+00:00\",\"mainEntityOfPage\":{\"@id\":\"https:\\\/\\\/lospoliticosveracruz.com\\\/?p=119085\"},\"wordCount\":805,\"publisher\":{\"@id\":\"https:\\\/\\\/lospoliticosveracruz.com\\\/#organization\"},\"image\":{\"@id\":\"https:\\\/\\\/lospoliticosveracruz.com\\\/?p=119085#primaryimage\"},\"thumbnailUrl\":\"https:\\\/\\\/lospoliticosveracruz.com.mx\\\/wp-content\\\/uploads\\\/2016\\\/07\\\/Seguro-Julio-Cerecedo-2-1024x381.jpg\",\"keywords\":[\"Andr\u00e9s Manuel L\u00f3pez Obrador\",\"Morena\",\"Oaxaca\",\"Veracruz\"],\"articleSection\":[\"De Opini\u00f3n\"],\"inLanguage\":\"es\"},{\"@type\":\"WebPage\",\"@id\":\"https:\\\/\\\/lospoliticosveracruz.com\\\/?p=119085\",\"url\":\"https:\\\/\\\/lospoliticosveracruz.com\\\/?p=119085\",\"name\":\"EL ROMPEOLAS DE AMLO - Los pol\u00edticos Veracruz\",\"isPartOf\":{\"@id\":\"https:\\\/\\\/lospoliticosveracruz.com\\\/#website\"},\"primaryImageOfPage\":{\"@id\":\"https:\\\/\\\/lospoliticosveracruz.com\\\/?p=119085#primaryimage\"},\"image\":{\"@id\":\"https:\\\/\\\/lospoliticosveracruz.com\\\/?p=119085#primaryimage\"},\"thumbnailUrl\":\"https:\\\/\\\/lospoliticosveracruz.com.mx\\\/wp-content\\\/uploads\\\/2016\\\/07\\\/Seguro-Julio-Cerecedo-2-1024x381.jpg\",\"datePublished\":\"2024-02-27T11:11:48+00:00\",\"dateModified\":\"2024-02-27T14:48:56+00:00\",\"breadcrumb\":{\"@id\":\"https:\\\/\\\/lospoliticosveracruz.com\\\/?p=119085#breadcrumb\"},\"inLanguage\":\"es\",\"potentialAction\":[{\"@type\":\"ReadAction\",\"target\":[\"https:\\\/\\\/lospoliticosveracruz.com\\\/?p=119085\"]}]},{\"@type\":\"ImageObject\",\"inLanguage\":\"es\",\"@id\":\"https:\\\/\\\/lospoliticosveracruz.com\\\/?p=119085#primaryimage\",\"url\":\"https:\\\/\\\/lospoliticosveracruz.com.mx\\\/wp-content\\\/uploads\\\/2016\\\/07\\\/Seguro-Julio-Cerecedo-2-1024x381.jpg\",\"contentUrl\":\"https:\\\/\\\/lospoliticosveracruz.com.mx\\\/wp-content\\\/uploads\\\/2016\\\/07\\\/Seguro-Julio-Cerecedo-2-1024x381.jpg\"},{\"@type\":\"BreadcrumbList\",\"@id\":\"https:\\\/\\\/lospoliticosveracruz.com\\\/?p=119085#breadcrumb\",\"itemListElement\":[{\"@type\":\"ListItem\",\"position\":1,\"name\":\"Portada\",\"item\":\"https:\\\/\\\/lospoliticosveracruz.com\\\/\"},{\"@type\":\"ListItem\",\"position\":2,\"name\":\"EL ROMPEOLAS DE AMLO\"}]},{\"@type\":\"WebSite\",\"@id\":\"https:\\\/\\\/lospoliticosveracruz.com\\\/#website\",\"url\":\"https:\\\/\\\/lospoliticosveracruz.com\\\/\",\"name\":\"Los pol\u00edticos Veracruz\",\"description\":\"\",\"publisher\":{\"@id\":\"https:\\\/\\\/lospoliticosveracruz.com\\\/#organization\"},\"potentialAction\":[{\"@type\":\"SearchAction\",\"target\":{\"@type\":\"EntryPoint\",\"urlTemplate\":\"https:\\\/\\\/lospoliticosveracruz.com\\\/?s={search_term_string}\"},\"query-input\":{\"@type\":\"PropertyValueSpecification\",\"valueRequired\":true,\"valueName\":\"search_term_string\"}}],\"inLanguage\":\"es\"},{\"@type\":\"Organization\",\"@id\":\"https:\\\/\\\/lospoliticosveracruz.com\\\/#organization\",\"name\":\"Los pol\u00edticos Veracruz\",\"url\":\"https:\\\/\\\/lospoliticosveracruz.com\\\/\",\"logo\":{\"@type\":\"ImageObject\",\"inLanguage\":\"es\",\"@id\":\"https:\\\/\\\/lospoliticosveracruz.com\\\/#\\\/schema\\\/logo\\\/image\\\/\",\"url\":\"https:\\\/\\\/lospoliticosveracruz.com\\\/wp-content\\\/uploads\\\/2025\\\/12\\\/Logo-Nuevo-LOS-POLITICOS-1.jpg\",\"contentUrl\":\"https:\\\/\\\/lospoliticosveracruz.com\\\/wp-content\\\/uploads\\\/2025\\\/12\\\/Logo-Nuevo-LOS-POLITICOS-1.jpg\",\"width\":260,\"height\":70,\"caption\":\"Los pol\u00edticos Veracruz\"},\"image\":{\"@id\":\"https:\\\/\\\/lospoliticosveracruz.com\\\/#\\\/schema\\\/logo\\\/image\\\/\"},\"sameAs\":[\"https:\\\/\\\/www.facebook.com\\\/people\\\/Notimemes-de-los-Polticos\\\/61565672886568\\\/\",\"https:\\\/\\\/x.com\\\/LosPoliticosVer\"]},{\"@type\":\"Person\",\"@id\":\"https:\\\/\\\/lospoliticosveracruz.com\\\/#\\\/schema\\\/person\\\/b8702bb0e538456e6efd07080bf2a4a2\",\"name\":\"Lo viste en Los Pol\u00edticos\",\"image\":{\"@type\":\"ImageObject\",\"inLanguage\":\"es\",\"@id\":\"https:\\\/\\\/secure.gravatar.com\\\/avatar\\\/3a8de04a2656d44082be478bd6c086daa447c4651605818287b9532d3d0bd435?s=96&d=mm&r=g\",\"url\":\"https:\\\/\\\/secure.gravatar.com\\\/avatar\\\/3a8de04a2656d44082be478bd6c086daa447c4651605818287b9532d3d0bd435?s=96&d=mm&r=g\",\"contentUrl\":\"https:\\\/\\\/secure.gravatar.com\\\/avatar\\\/3a8de04a2656d44082be478bd6c086daa447c4651605818287b9532d3d0bd435?s=96&d=mm&r=g\",\"caption\":\"Lo viste en Los Pol\u00edticos\"},\"url\":\"https:\\\/\\\/lospoliticosveracruz.com\\\/?author=2\"}]}<\/script>\n<!-- \/ Yoast SEO plugin. -->","yoast_head_json":{"title":"EL ROMPEOLAS DE AMLO - Los pol\u00edticos Veracruz","robots":{"index":"index","follow":"follow","max-snippet":"max-snippet:-1","max-image-preview":"max-image-preview:large","max-video-preview":"max-video-preview:-1"},"canonical":"https:\/\/lospoliticosveracruz.com\/?p=119085","og_locale":"es_ES","og_type":"article","og_title":"EL ROMPEOLAS DE AMLO - Los pol\u00edticos Veracruz","og_description":"Jos\u00e9 Luis Ortega Vidal Claroscuros (1)El presidente Andr\u00e9s Manuel L\u00f3pez Obrador inaugur\u00f3 ayer el rompeolas de Salina Cruz, en Oaxaca; obra clave en el mega proyecto del Corredor Interoce\u00e1nico del Istmo de Tehuantepec.Ma\u00f1ana, el conjunto de empresas identificado como PROISTMO, colocar\u00e1 la primera piedra del Polo de Desarrollo de Bienestar en Texistepec, Veracruz.La escollera en [&hellip;]","og_url":"https:\/\/lospoliticosveracruz.com\/?p=119085","og_site_name":"Los pol\u00edticos Veracruz","article_publisher":"https:\/\/www.facebook.com\/people\/Notimemes-de-los-Polticos\/61565672886568\/","article_published_time":"2024-02-27T11:11:48+00:00","article_modified_time":"2024-02-27T14:48:56+00:00","og_image":[{"url":"https:\/\/lospoliticosveracruz.com.mx\/wp-content\/uploads\/2016\/07\/Seguro-Julio-Cerecedo-2-1024x381.jpg","type":"","width":"","height":""}],"author":"Lo viste en Los Pol\u00edticos","twitter_card":"summary_large_image","twitter_creator":"@LosPoliticosVer","twitter_site":"@LosPoliticosVer","twitter_misc":{"Escrito por":"Lo viste en Los Pol\u00edticos","Tiempo de lectura":"4 minutos"},"schema":{"@context":"https:\/\/schema.org","@graph":[{"@type":"Article","@id":"https:\/\/lospoliticosveracruz.com\/?p=119085#article","isPartOf":{"@id":"https:\/\/lospoliticosveracruz.com\/?p=119085"},"author":{"name":"Lo viste en Los Pol\u00edticos","@id":"https:\/\/lospoliticosveracruz.com\/#\/schema\/person\/b8702bb0e538456e6efd07080bf2a4a2"},"headline":"EL ROMPEOLAS DE AMLO","datePublished":"2024-02-27T11:11:48+00:00","dateModified":"2024-02-27T14:48:56+00:00","mainEntityOfPage":{"@id":"https:\/\/lospoliticosveracruz.com\/?p=119085"},"wordCount":805,"publisher":{"@id":"https:\/\/lospoliticosveracruz.com\/#organization"},"image":{"@id":"https:\/\/lospoliticosveracruz.com\/?p=119085#primaryimage"},"thumbnailUrl":"https:\/\/lospoliticosveracruz.com.mx\/wp-content\/uploads\/2016\/07\/Seguro-Julio-Cerecedo-2-1024x381.jpg","keywords":["Andr\u00e9s Manuel L\u00f3pez Obrador","Morena","Oaxaca","Veracruz"],"articleSection":["De Opini\u00f3n"],"inLanguage":"es"},{"@type":"WebPage","@id":"https:\/\/lospoliticosveracruz.com\/?p=119085","url":"https:\/\/lospoliticosveracruz.com\/?p=119085","name":"EL ROMPEOLAS DE AMLO - Los pol\u00edticos Veracruz","isPartOf":{"@id":"https:\/\/lospoliticosveracruz.com\/#website"},"primaryImageOfPage":{"@id":"https:\/\/lospoliticosveracruz.com\/?p=119085#primaryimage"},"image":{"@id":"https:\/\/lospoliticosveracruz.com\/?p=119085#primaryimage"},"thumbnailUrl":"https:\/\/lospoliticosveracruz.com.mx\/wp-content\/uploads\/2016\/07\/Seguro-Julio-Cerecedo-2-1024x381.jpg","datePublished":"2024-02-27T11:11:48+00:00","dateModified":"2024-02-27T14:48:56+00:00","breadcrumb":{"@id":"https:\/\/lospoliticosveracruz.com\/?p=119085#breadcrumb"},"inLanguage":"es","potentialAction":[{"@type":"ReadAction","target":["https:\/\/lospoliticosveracruz.com\/?p=119085"]}]},{"@type":"ImageObject","inLanguage":"es","@id":"https:\/\/lospoliticosveracruz.com\/?p=119085#primaryimage","url":"https:\/\/lospoliticosveracruz.com.mx\/wp-content\/uploads\/2016\/07\/Seguro-Julio-Cerecedo-2-1024x381.jpg","contentUrl":"https:\/\/lospoliticosveracruz.com.mx\/wp-content\/uploads\/2016\/07\/Seguro-Julio-Cerecedo-2-1024x381.jpg"},{"@type":"BreadcrumbList","@id":"https:\/\/lospoliticosveracruz.com\/?p=119085#breadcrumb","itemListElement":[{"@type":"ListItem","position":1,"name":"Portada","item":"https:\/\/lospoliticosveracruz.com\/"},{"@type":"ListItem","position":2,"name":"EL ROMPEOLAS DE AMLO"}]},{"@type":"WebSite","@id":"https:\/\/lospoliticosveracruz.com\/#website","url":"https:\/\/lospoliticosveracruz.com\/","name":"Los pol\u00edticos Veracruz","description":"","publisher":{"@id":"https:\/\/lospoliticosveracruz.com\/#organization"},"potentialAction":[{"@type":"SearchAction","target":{"@type":"EntryPoint","urlTemplate":"https:\/\/lospoliticosveracruz.com\/?s={search_term_string}"},"query-input":{"@type":"PropertyValueSpecification","valueRequired":true,"valueName":"search_term_string"}}],"inLanguage":"es"},{"@type":"Organization","@id":"https:\/\/lospoliticosveracruz.com\/#organization","name":"Los pol\u00edticos Veracruz","url":"https:\/\/lospoliticosveracruz.com\/","logo":{"@type":"ImageObject","inLanguage":"es","@id":"https:\/\/lospoliticosveracruz.com\/#\/schema\/logo\/image\/","url":"https:\/\/lospoliticosveracruz.com\/wp-content\/uploads\/2025\/12\/Logo-Nuevo-LOS-POLITICOS-1.jpg","contentUrl":"https:\/\/lospoliticosveracruz.com\/wp-content\/uploads\/2025\/12\/Logo-Nuevo-LOS-POLITICOS-1.jpg","width":260,"height":70,"caption":"Los pol\u00edticos Veracruz"},"image":{"@id":"https:\/\/lospoliticosveracruz.com\/#\/schema\/logo\/image\/"},"sameAs":["https:\/\/www.facebook.com\/people\/Notimemes-de-los-Polticos\/61565672886568\/","https:\/\/x.com\/LosPoliticosVer"]},{"@type":"Person","@id":"https:\/\/lospoliticosveracruz.com\/#\/schema\/person\/b8702bb0e538456e6efd07080bf2a4a2","name":"Lo viste en Los Pol\u00edticos","image":{"@type":"ImageObject","inLanguage":"es","@id":"https:\/\/secure.gravatar.com\/avatar\/3a8de04a2656d44082be478bd6c086daa447c4651605818287b9532d3d0bd435?s=96&d=mm&r=g","url":"https:\/\/secure.gravatar.com\/avatar\/3a8de04a2656d44082be478bd6c086daa447c4651605818287b9532d3d0bd435?s=96&d=mm&r=g","contentUrl":"https:\/\/secure.gravatar.com\/avatar\/3a8de04a2656d44082be478bd6c086daa447c4651605818287b9532d3d0bd435?s=96&d=mm&r=g","caption":"Lo viste en Los Pol\u00edticos"},"url":"https:\/\/lospoliticosveracruz.com\/?author=2"}]}},"_links":{"self":[{"href":"https:\/\/lospoliticosveracruz.com\/index.php?rest_route=\/wp\/v2\/posts\/119085","targetHints":{"allow":["GET"]}}],"collection":[{"href":"https:\/\/lospoliticosveracruz.com\/index.php?rest_route=\/wp\/v2\/posts"}],"about":[{"href":"https:\/\/lospoliticosveracruz.com\/index.php?rest_route=\/wp\/v2\/types\/post"}],"author":[{"embeddable":true,"href":"https:\/\/lospoliticosveracruz.com\/index.php?rest_route=\/wp\/v2\/users\/2"}],"replies":[{"embeddable":true,"href":"https:\/\/lospoliticosveracruz.com\/index.php?rest_route=%2Fwp%2Fv2%2Fcomments&post=119085"}],"version-history":[{"count":2,"href":"https:\/\/lospoliticosveracruz.com\/index.php?rest_route=\/wp\/v2\/posts\/119085\/revisions"}],"predecessor-version":[{"id":119106,"href":"https:\/\/lospoliticosveracruz.com\/index.php?rest_route=\/wp\/v2\/posts\/119085\/revisions\/119106"}],"wp:attachment":[{"href":"https:\/\/lospoliticosveracruz.com\/index.php?rest_route=%2Fwp%2Fv2%2Fmedia&parent=119085"}],"wp:term":[{"taxonomy":"category","embeddable":true,"href":"https:\/\/lospoliticosveracruz.com\/index.php?rest_route=%2Fwp%2Fv2%2Fcategories&post=119085"},{"taxonomy":"post_tag","embeddable":true,"href":"https:\/\/lospoliticosveracruz.com\/index.php?rest_route=%2Fwp%2Fv2%2Ftags&post=119085"}],"curies":[{"name":"wp","href":"https:\/\/api.w.org\/{rel}","templated":true}]}}