{"id":119088,"date":"2024-02-27T06:37:53","date_gmt":"2024-02-27T12:37:53","guid":{"rendered":"https:\/\/lospoliticosveracruz.com.mx\/?p=119088"},"modified":"2024-02-27T08:55:09","modified_gmt":"2024-02-27T14:55:09","slug":"el-estado-soy-yo","status":"publish","type":"post","link":"https:\/\/lospoliticosveracruz.com\/?p=119088","title":{"rendered":"EL ESTADO SOY YO"},"content":{"rendered":"\n<p><strong>Omar Z\u00fa\u00f1iga<\/strong><\/p>\n\n\n\n<p><em>De Primera Mano <\/em><\/p>\n\n\n\n<p>-\u00bfVolver\u00eda a presentar un tel\u00e9fono privado de alguno de nosotros?, pregunt\u00f3 la corresponsal de la cadena de noticias&nbsp;<strong>Univisi\u00f3n&nbsp;<\/strong>en Palacio Nacional, el viernes pasado, luego de que la v\u00edspera, el presidente de M\u00e9xico&nbsp;<strong>Andr\u00e9s Manuel L\u00f3pez Obrador<\/strong>, revelara el n\u00famero celular personal de la jefa de la corresponsal\u00eda del diario&nbsp;<strong>The<\/strong><strong>&nbsp;New York Times<\/strong>.<\/p>\n\n\n<div class=\"wp-block-image\">\n<figure class=\"alignleft size-medium\"><a href=\"https:\/\/lospoliticosveracruz.com.mx\/wp-content\/uploads\/2021\/10\/Zacauilt.jpg\"><img decoding=\"async\" src=\"https:\/\/lospoliticosveracruz.com.mx\/wp-content\/uploads\/2021\/10\/Zacauilt-150x300.jpg\" alt=\"\" class=\"wp-image-80558\"\/><\/a><\/figure>\n<\/div>\n\n\n<p>-\u00a1Claro!, cuando se trata de un asunto en donde est\u00e1 de por medio la dignidad del presidente de M\u00e9xico-, respondi\u00f3 sin pensarlo&nbsp;<strong>L\u00f3pez Obrador<\/strong>.&nbsp;<\/p>\n\n\n\n<p>-\u00bfY qu\u00e9 hacemos con la ley de transparencia?<\/p>\n\n\n\n<p>-Por encima de esa ley, \u00bfs\u00ed?, est\u00e1 la autoridad moral, la autoridad pol\u00edtica y yo represento a un pa\u00eds, \u00bfs\u00ed? &nbsp;represento a un pueblo que merece respeto.<\/p>\n\n\n\n<p>-Usted me est\u00e1 diciendo que no importa lo que diga la ley de Protecci\u00f3n de Datos Personales\u2026&nbsp;<\/p>\n\n\n\n<p>-\u00a1No! Por encima de eso est\u00e1 la libertad (\u2026) no puede haber ninguna ley por encima de un principio sublime que es la libertad.<\/p>\n\n\n\n<p>-Por supuesto, tiene todo el derecho a defenderse de los cuestionamientos period\u00edsticos, pero que lo presente as\u00ed. D\u00f3nde est\u00e1 el derecho de esa persona a mantener en privado su tel\u00e9fono celular personal, revir\u00f3 la reportera<\/p>\n\n\n\n<p>-\u00bfY mi y mi, derecho para evitar agresiones y mi derecho\u2026.<\/p>\n\n\n\n<p>-Pero entonces vamos a dar a conocer su tel\u00e9fono celular.<\/p>\n\n\n\n<p>-No, no, no, no. Y el derecho de la calumnia, Y ella tiene derecho a calumniar a mi, a mi familia, a mis hijos. Adem\u00e1s, sin una prueba\u2026<\/p>\n\n\n\n<p>-En Estados Unidos, si esto hubiera ocurrido, hay sanciones para esto, se\u00f1or presidente.<\/p>\n\n\n\n<p><strong>-No, no, no, no, no, no, no, No pasa nada. No pasa nada\u2026.&nbsp;<\/strong><\/p>\n\n\n\n<p>-Si le pasa algo aqu\u00ed (a la corresponsal del NYT), \u00bflo hacemos responsable?<\/p>\n\n\n\n<p><strong>-No, no, no, no, no exagere. Mire, si la este compa\u00f1era&nbsp;<\/strong><strong>esteee<\/strong><strong>, est\u00e1 preocupada porque se dio a conocer su tel\u00e9fono, \u00a1que cambie su tel\u00e9fono! \u00a1Otro n\u00famero y ya! Pero adem\u00e1s, es la representante del New York Time\u2026 (sic).<\/strong><\/p>\n\n\n\n<p>Este di\u00e1logo bizarro que pareciera sacado de una clase de primaria rural, entre un p\u00e1rvulo necio y la profesora, sale de la boca de&nbsp;quien se supone es&nbsp;un Jefe de Estado, del que se supone debe ser un l\u00edder nacional, atacando a una corresponsal extranjera, porque un reportaje publicado simple y llanamente no le gust\u00f3.<\/p>\n\n\n\n<p>Pero adem\u00e1s, jefa de la corresponsal\u00eda de uno de los diarios m\u00e1s influyentes del planeta donde vivimos, \u00e9l incluido.<\/p>\n\n\n\n<p>Este mismo diario que ha dado cuenta del juicio del villano preferido de su Gobierno,&nbsp;<strong>Genaro Garc\u00eda Luna<\/strong>, que lo pone un d\u00eda s\u00ed y otro tambi\u00e9n, como ejemplo de la corrupci\u00f3n en M\u00e9xico, as\u00ed como de los males pasados, presentes y futuros de la patria.<\/p>\n\n\n\n<p>Ese diario que en el mismo texto que hizo enfurecer a L\u00f3pez Obrador dice en su \u00faltimo p\u00e1rrafo: \u201cLos fiscales federales en Nueva York tambi\u00e9n obtuvieron una condena por corrupci\u00f3n el a\u00f1o pasado contra Genaro Garc\u00eda Luna, ex secretario de Seguridad P\u00fablica de M\u00e9xico, persuadiendo a un jurado de que hab\u00eda aceptado millones de d\u00f3lares en sobornos de c\u00e1rteles violentos que se supon\u00eda que estaba persiguiendo\u201d.<\/p>\n\n\n\n<p>Y no hay que olvidar que esta sentencia se bas\u00f3 en la declaraci\u00f3n&nbsp;de&nbsp;uno solo de los testigos protegidos de la DEA, uno solo\u2026, en el caso de L\u00f3pez Obrador, son tres personas las que hablan.<\/p>\n\n\n\n<p>Esa es la libertad de expresi\u00f3n que defiende el aprendiz de tirano, en la que nos&nbsp;receta&nbsp;la m\u00e1xima de los luises: \u201cel Estado soy yo\u201d.<\/p>\n\n\n\n<p>***<\/p>\n\n\n\n<p><strong>PollsMX<\/strong>, una de las casas encuestadoras favoritas de la 4T y Morena, que da supuestamente m\u00e1s de 30 puntos de ventaja de&nbsp;<strong>Claudia&nbsp;<\/strong><strong>Sheinbaum<\/strong><strong>&nbsp;<\/strong>sobre&nbsp;<strong>X\u00f3chitl G\u00e1lvez<\/strong>, public\u00f3 este lunes 26 de febrero una medici\u00f3n sobre las preferencias electorales en Veracruz.<\/p>\n\n\n\n<p>Resulta que la zacatecana&nbsp;<strong>Roc\u00edo&nbsp;<\/strong><strong>Nahle<\/strong><strong>&nbsp;<\/strong>empez\u00f3 la precampa\u00f1a&nbsp;con supuestos 30 puntos de ventaja seg\u00fan la misma&nbsp;PollsMX,&nbsp;y&nbsp;en la recientementepublicada&nbsp;encuesta,&nbsp;<strong>Pepe&nbsp;<\/strong><strong>Yunes<\/strong><strong>&nbsp;<\/strong>remont\u00f3 de manera superlativa&nbsp;a 35 puntos de preferencia,&nbsp;y se ubica a s\u00f3lo 5 puntos de la oriunda de Zacatecas.<\/p>\n\n\n\n<p>Eso en s\u00f3lo mes y medio de precampa\u00f1a y con todo el aparato gubernamental detr\u00e1s de&nbsp;Nahle.<\/p>\n\n\n\n<p>Las campa\u00f1as a\u00fan no empiezan y el marcador se ha cerrado a lo que los mismos encuestadores consideran un empate t\u00e9cnico, dado el margen de error de las encuestas.<\/p>\n\n\n\n<p>Hago propia una reflexi\u00f3n del doctor&nbsp;<strong>Jacobo Dom\u00ednguez&nbsp;<\/strong><strong>Gudini<\/strong>:<\/p>\n\n\n\n<p>\u201cLa pol\u00edtica es percepci\u00f3n y la principal batalla se da en la mente del Elector.&nbsp;<\/p>\n\n\n\n<p>La mente del elector es un laberinto, no sabemos con certeza que vamos a encontrarnos, no sabes qu\u00e9 desea, pero podemos intentar alumbrar un poco y descubrir datos:&nbsp;<\/p>\n\n\n\n<p>1. Al elector veracruzano no le gust\u00f3 una candidata originaria de Zacatecas.&nbsp;<\/p>\n\n\n\n<p>2. La marca PAN ha tomado bien la entrada del&nbsp;pri\u00edsta&nbsp;Pepe&nbsp;Yunes, interiorizando su intenci\u00f3n de voto.&nbsp;<\/p>\n\n\n\n<p>3. Las rupturas internas en Morena, se leen como debilidades de la candidata, que no ha podido evitarlas, a\u00fan en su propio grupo Coatzacoalcos.&nbsp;<\/p>\n\n\n\n<p>Una encuesta s\u00f3lo es una fotograf\u00eda de un momento, lejano en el tiempo y el espacio del momento de la votaci\u00f3n. Pero crea percepci\u00f3n. Pone banderas en la mente del votante. Es, finalmente el campo de batalla\u201d.<\/p>\n\n\n\n<p>*****<\/p>\n\n\n\n<p>Por cierto, hoy martes 27 de febrero a las 9:00 horas en el&nbsp;casi legendario edificio de Ruiz Cortines en Xalapa,&nbsp;<strong>Pepe&nbsp;<\/strong><strong>Yunes<\/strong><strong>&nbsp;<\/strong>recibir\u00e1 la constancia que lo acredita oficialmente como candidato a gobernador por el tricolor.<\/p>\n\n\n\n<p>\u00a1Qu\u00e9 barbaridad!<\/p>\n\n\n\n<p>deprimera.mano2020@gmail.com<\/p>\n","protected":false},"excerpt":{"rendered":"<p>Omar Z\u00fa\u00f1iga De Primera Mano -\u00bfVolver\u00eda a presentar un tel\u00e9fono privado de alguno de nosotros?, pregunt\u00f3 la corresponsal de la cadena de noticias&nbsp;Univisi\u00f3n&nbsp;en Palacio Nacional, el viernes pasado, luego de que la v\u00edspera, el presidente de M\u00e9xico&nbsp;Andr\u00e9s Manuel L\u00f3pez Obrador, revelara el n\u00famero celular personal de la jefa de la corresponsal\u00eda del diario&nbsp;The&nbsp;New York Times. [&hellip;]<\/p>\n","protected":false},"author":2,"featured_media":0,"comment_status":"closed","ping_status":"closed","sticky":false,"template":"","format":"standard","meta":{"tdm_status":"","tdm_grid_status":"","footnotes":""},"categories":[70],"tags":[618,570,3578,474,195],"class_list":{"0":"post-119088","1":"post","2":"type-post","3":"status-publish","4":"format-standard","6":"category-de-opinion","7":"tag-andres-manuel-lopez-obrador","8":"tag-pepe-yunes","9":"tag-rocio-nahle","10":"tag-the-new-york-times","11":"tag-veracruz"},"yoast_head":"<!-- This site is optimized with the Yoast SEO plugin v27.4 - https:\/\/yoast.com\/product\/yoast-seo-wordpress\/ -->\n<title>EL ESTADO SOY YO - Los pol\u00edticos Veracruz<\/title>\n<meta name=\"robots\" content=\"index, follow, max-snippet:-1, max-image-preview:large, max-video-preview:-1\" \/>\n<link rel=\"canonical\" href=\"https:\/\/lospoliticosveracruz.com\/?p=119088\" \/>\n<meta property=\"og:locale\" content=\"es_ES\" \/>\n<meta property=\"og:type\" content=\"article\" \/>\n<meta property=\"og:title\" content=\"EL ESTADO SOY YO - Los pol\u00edticos Veracruz\" \/>\n<meta property=\"og:description\" content=\"Omar Z\u00fa\u00f1iga De Primera Mano -\u00bfVolver\u00eda a presentar un tel\u00e9fono privado de alguno de nosotros?, pregunt\u00f3 la corresponsal de la cadena de noticias&nbsp;Univisi\u00f3n&nbsp;en Palacio Nacional, el viernes pasado, luego de que la v\u00edspera, el presidente de M\u00e9xico&nbsp;Andr\u00e9s Manuel L\u00f3pez Obrador, revelara el n\u00famero celular personal de la jefa de la corresponsal\u00eda del diario&nbsp;The&nbsp;New York Times. [&hellip;]\" \/>\n<meta property=\"og:url\" content=\"https:\/\/lospoliticosveracruz.com\/?p=119088\" \/>\n<meta property=\"og:site_name\" content=\"Los pol\u00edticos Veracruz\" \/>\n<meta property=\"article:publisher\" content=\"https:\/\/www.facebook.com\/people\/Notimemes-de-los-Polticos\/61565672886568\/\" \/>\n<meta property=\"article:published_time\" content=\"2024-02-27T12:37:53+00:00\" \/>\n<meta property=\"article:modified_time\" content=\"2024-02-27T14:55:09+00:00\" \/>\n<meta property=\"og:image\" content=\"https:\/\/lospoliticosveracruz.com.mx\/wp-content\/uploads\/2021\/10\/Zacauilt-150x300.jpg\" \/>\n<meta name=\"author\" content=\"Lo viste en Los Pol\u00edticos\" \/>\n<meta name=\"twitter:card\" content=\"summary_large_image\" \/>\n<meta name=\"twitter:creator\" content=\"@LosPoliticosVer\" \/>\n<meta name=\"twitter:site\" content=\"@LosPoliticosVer\" \/>\n<meta name=\"twitter:label1\" content=\"Escrito por\" \/>\n\t<meta name=\"twitter:data1\" content=\"Lo viste en Los Pol\u00edticos\" \/>\n\t<meta name=\"twitter:label2\" content=\"Tiempo de lectura\" \/>\n\t<meta name=\"twitter:data2\" content=\"5 minutos\" \/>\n<script type=\"application\/ld+json\" class=\"yoast-schema-graph\">{\"@context\":\"https:\\\/\\\/schema.org\",\"@graph\":[{\"@type\":\"Article\",\"@id\":\"https:\\\/\\\/lospoliticosveracruz.com\\\/?p=119088#article\",\"isPartOf\":{\"@id\":\"https:\\\/\\\/lospoliticosveracruz.com\\\/?p=119088\"},\"author\":{\"name\":\"Lo viste en Los Pol\u00edticos\",\"@id\":\"https:\\\/\\\/lospoliticosveracruz.com\\\/#\\\/schema\\\/person\\\/b8702bb0e538456e6efd07080bf2a4a2\"},\"headline\":\"EL ESTADO SOY YO\",\"datePublished\":\"2024-02-27T12:37:53+00:00\",\"dateModified\":\"2024-02-27T14:55:09+00:00\",\"mainEntityOfPage\":{\"@id\":\"https:\\\/\\\/lospoliticosveracruz.com\\\/?p=119088\"},\"wordCount\":1018,\"publisher\":{\"@id\":\"https:\\\/\\\/lospoliticosveracruz.com\\\/#organization\"},\"image\":{\"@id\":\"https:\\\/\\\/lospoliticosveracruz.com\\\/?p=119088#primaryimage\"},\"thumbnailUrl\":\"https:\\\/\\\/lospoliticosveracruz.com.mx\\\/wp-content\\\/uploads\\\/2021\\\/10\\\/Zacauilt-150x300.jpg\",\"keywords\":[\"Andr\u00e9s Manuel L\u00f3pez Obrador\",\"Pepe Yunes\",\"Roc\u00edo Nahle\",\"The New York Times\",\"Veracruz\"],\"articleSection\":[\"De Opini\u00f3n\"],\"inLanguage\":\"es\"},{\"@type\":\"WebPage\",\"@id\":\"https:\\\/\\\/lospoliticosveracruz.com\\\/?p=119088\",\"url\":\"https:\\\/\\\/lospoliticosveracruz.com\\\/?p=119088\",\"name\":\"EL ESTADO SOY YO - Los pol\u00edticos Veracruz\",\"isPartOf\":{\"@id\":\"https:\\\/\\\/lospoliticosveracruz.com\\\/#website\"},\"primaryImageOfPage\":{\"@id\":\"https:\\\/\\\/lospoliticosveracruz.com\\\/?p=119088#primaryimage\"},\"image\":{\"@id\":\"https:\\\/\\\/lospoliticosveracruz.com\\\/?p=119088#primaryimage\"},\"thumbnailUrl\":\"https:\\\/\\\/lospoliticosveracruz.com.mx\\\/wp-content\\\/uploads\\\/2021\\\/10\\\/Zacauilt-150x300.jpg\",\"datePublished\":\"2024-02-27T12:37:53+00:00\",\"dateModified\":\"2024-02-27T14:55:09+00:00\",\"breadcrumb\":{\"@id\":\"https:\\\/\\\/lospoliticosveracruz.com\\\/?p=119088#breadcrumb\"},\"inLanguage\":\"es\",\"potentialAction\":[{\"@type\":\"ReadAction\",\"target\":[\"https:\\\/\\\/lospoliticosveracruz.com\\\/?p=119088\"]}]},{\"@type\":\"ImageObject\",\"inLanguage\":\"es\",\"@id\":\"https:\\\/\\\/lospoliticosveracruz.com\\\/?p=119088#primaryimage\",\"url\":\"https:\\\/\\\/lospoliticosveracruz.com.mx\\\/wp-content\\\/uploads\\\/2021\\\/10\\\/Zacauilt-150x300.jpg\",\"contentUrl\":\"https:\\\/\\\/lospoliticosveracruz.com.mx\\\/wp-content\\\/uploads\\\/2021\\\/10\\\/Zacauilt-150x300.jpg\"},{\"@type\":\"BreadcrumbList\",\"@id\":\"https:\\\/\\\/lospoliticosveracruz.com\\\/?p=119088#breadcrumb\",\"itemListElement\":[{\"@type\":\"ListItem\",\"position\":1,\"name\":\"Portada\",\"item\":\"https:\\\/\\\/lospoliticosveracruz.com\\\/\"},{\"@type\":\"ListItem\",\"position\":2,\"name\":\"EL ESTADO SOY YO\"}]},{\"@type\":\"WebSite\",\"@id\":\"https:\\\/\\\/lospoliticosveracruz.com\\\/#website\",\"url\":\"https:\\\/\\\/lospoliticosveracruz.com\\\/\",\"name\":\"Los pol\u00edticos Veracruz\",\"description\":\"\",\"publisher\":{\"@id\":\"https:\\\/\\\/lospoliticosveracruz.com\\\/#organization\"},\"potentialAction\":[{\"@type\":\"SearchAction\",\"target\":{\"@type\":\"EntryPoint\",\"urlTemplate\":\"https:\\\/\\\/lospoliticosveracruz.com\\\/?s={search_term_string}\"},\"query-input\":{\"@type\":\"PropertyValueSpecification\",\"valueRequired\":true,\"valueName\":\"search_term_string\"}}],\"inLanguage\":\"es\"},{\"@type\":\"Organization\",\"@id\":\"https:\\\/\\\/lospoliticosveracruz.com\\\/#organization\",\"name\":\"Los pol\u00edticos Veracruz\",\"url\":\"https:\\\/\\\/lospoliticosveracruz.com\\\/\",\"logo\":{\"@type\":\"ImageObject\",\"inLanguage\":\"es\",\"@id\":\"https:\\\/\\\/lospoliticosveracruz.com\\\/#\\\/schema\\\/logo\\\/image\\\/\",\"url\":\"https:\\\/\\\/lospoliticosveracruz.com\\\/wp-content\\\/uploads\\\/2025\\\/12\\\/Logo-Nuevo-LOS-POLITICOS-1.jpg\",\"contentUrl\":\"https:\\\/\\\/lospoliticosveracruz.com\\\/wp-content\\\/uploads\\\/2025\\\/12\\\/Logo-Nuevo-LOS-POLITICOS-1.jpg\",\"width\":260,\"height\":70,\"caption\":\"Los pol\u00edticos Veracruz\"},\"image\":{\"@id\":\"https:\\\/\\\/lospoliticosveracruz.com\\\/#\\\/schema\\\/logo\\\/image\\\/\"},\"sameAs\":[\"https:\\\/\\\/www.facebook.com\\\/people\\\/Notimemes-de-los-Polticos\\\/61565672886568\\\/\",\"https:\\\/\\\/x.com\\\/LosPoliticosVer\"]},{\"@type\":\"Person\",\"@id\":\"https:\\\/\\\/lospoliticosveracruz.com\\\/#\\\/schema\\\/person\\\/b8702bb0e538456e6efd07080bf2a4a2\",\"name\":\"Lo viste en Los Pol\u00edticos\",\"image\":{\"@type\":\"ImageObject\",\"inLanguage\":\"es\",\"@id\":\"https:\\\/\\\/secure.gravatar.com\\\/avatar\\\/3a8de04a2656d44082be478bd6c086daa447c4651605818287b9532d3d0bd435?s=96&d=mm&r=g\",\"url\":\"https:\\\/\\\/secure.gravatar.com\\\/avatar\\\/3a8de04a2656d44082be478bd6c086daa447c4651605818287b9532d3d0bd435?s=96&d=mm&r=g\",\"contentUrl\":\"https:\\\/\\\/secure.gravatar.com\\\/avatar\\\/3a8de04a2656d44082be478bd6c086daa447c4651605818287b9532d3d0bd435?s=96&d=mm&r=g\",\"caption\":\"Lo viste en Los Pol\u00edticos\"},\"url\":\"https:\\\/\\\/lospoliticosveracruz.com\\\/?author=2\"}]}<\/script>\n<!-- \/ Yoast SEO plugin. -->","yoast_head_json":{"title":"EL ESTADO SOY YO - Los pol\u00edticos Veracruz","robots":{"index":"index","follow":"follow","max-snippet":"max-snippet:-1","max-image-preview":"max-image-preview:large","max-video-preview":"max-video-preview:-1"},"canonical":"https:\/\/lospoliticosveracruz.com\/?p=119088","og_locale":"es_ES","og_type":"article","og_title":"EL ESTADO SOY YO - Los pol\u00edticos Veracruz","og_description":"Omar Z\u00fa\u00f1iga De Primera Mano -\u00bfVolver\u00eda a presentar un tel\u00e9fono privado de alguno de nosotros?, pregunt\u00f3 la corresponsal de la cadena de noticias&nbsp;Univisi\u00f3n&nbsp;en Palacio Nacional, el viernes pasado, luego de que la v\u00edspera, el presidente de M\u00e9xico&nbsp;Andr\u00e9s Manuel L\u00f3pez Obrador, revelara el n\u00famero celular personal de la jefa de la corresponsal\u00eda del diario&nbsp;The&nbsp;New York Times. [&hellip;]","og_url":"https:\/\/lospoliticosveracruz.com\/?p=119088","og_site_name":"Los pol\u00edticos Veracruz","article_publisher":"https:\/\/www.facebook.com\/people\/Notimemes-de-los-Polticos\/61565672886568\/","article_published_time":"2024-02-27T12:37:53+00:00","article_modified_time":"2024-02-27T14:55:09+00:00","og_image":[{"url":"https:\/\/lospoliticosveracruz.com.mx\/wp-content\/uploads\/2021\/10\/Zacauilt-150x300.jpg","type":"","width":"","height":""}],"author":"Lo viste en Los Pol\u00edticos","twitter_card":"summary_large_image","twitter_creator":"@LosPoliticosVer","twitter_site":"@LosPoliticosVer","twitter_misc":{"Escrito por":"Lo viste en Los Pol\u00edticos","Tiempo de lectura":"5 minutos"},"schema":{"@context":"https:\/\/schema.org","@graph":[{"@type":"Article","@id":"https:\/\/lospoliticosveracruz.com\/?p=119088#article","isPartOf":{"@id":"https:\/\/lospoliticosveracruz.com\/?p=119088"},"author":{"name":"Lo viste en Los Pol\u00edticos","@id":"https:\/\/lospoliticosveracruz.com\/#\/schema\/person\/b8702bb0e538456e6efd07080bf2a4a2"},"headline":"EL ESTADO SOY YO","datePublished":"2024-02-27T12:37:53+00:00","dateModified":"2024-02-27T14:55:09+00:00","mainEntityOfPage":{"@id":"https:\/\/lospoliticosveracruz.com\/?p=119088"},"wordCount":1018,"publisher":{"@id":"https:\/\/lospoliticosveracruz.com\/#organization"},"image":{"@id":"https:\/\/lospoliticosveracruz.com\/?p=119088#primaryimage"},"thumbnailUrl":"https:\/\/lospoliticosveracruz.com.mx\/wp-content\/uploads\/2021\/10\/Zacauilt-150x300.jpg","keywords":["Andr\u00e9s Manuel L\u00f3pez Obrador","Pepe Yunes","Roc\u00edo Nahle","The New York Times","Veracruz"],"articleSection":["De Opini\u00f3n"],"inLanguage":"es"},{"@type":"WebPage","@id":"https:\/\/lospoliticosveracruz.com\/?p=119088","url":"https:\/\/lospoliticosveracruz.com\/?p=119088","name":"EL ESTADO SOY YO - Los pol\u00edticos Veracruz","isPartOf":{"@id":"https:\/\/lospoliticosveracruz.com\/#website"},"primaryImageOfPage":{"@id":"https:\/\/lospoliticosveracruz.com\/?p=119088#primaryimage"},"image":{"@id":"https:\/\/lospoliticosveracruz.com\/?p=119088#primaryimage"},"thumbnailUrl":"https:\/\/lospoliticosveracruz.com.mx\/wp-content\/uploads\/2021\/10\/Zacauilt-150x300.jpg","datePublished":"2024-02-27T12:37:53+00:00","dateModified":"2024-02-27T14:55:09+00:00","breadcrumb":{"@id":"https:\/\/lospoliticosveracruz.com\/?p=119088#breadcrumb"},"inLanguage":"es","potentialAction":[{"@type":"ReadAction","target":["https:\/\/lospoliticosveracruz.com\/?p=119088"]}]},{"@type":"ImageObject","inLanguage":"es","@id":"https:\/\/lospoliticosveracruz.com\/?p=119088#primaryimage","url":"https:\/\/lospoliticosveracruz.com.mx\/wp-content\/uploads\/2021\/10\/Zacauilt-150x300.jpg","contentUrl":"https:\/\/lospoliticosveracruz.com.mx\/wp-content\/uploads\/2021\/10\/Zacauilt-150x300.jpg"},{"@type":"BreadcrumbList","@id":"https:\/\/lospoliticosveracruz.com\/?p=119088#breadcrumb","itemListElement":[{"@type":"ListItem","position":1,"name":"Portada","item":"https:\/\/lospoliticosveracruz.com\/"},{"@type":"ListItem","position":2,"name":"EL ESTADO SOY YO"}]},{"@type":"WebSite","@id":"https:\/\/lospoliticosveracruz.com\/#website","url":"https:\/\/lospoliticosveracruz.com\/","name":"Los pol\u00edticos Veracruz","description":"","publisher":{"@id":"https:\/\/lospoliticosveracruz.com\/#organization"},"potentialAction":[{"@type":"SearchAction","target":{"@type":"EntryPoint","urlTemplate":"https:\/\/lospoliticosveracruz.com\/?s={search_term_string}"},"query-input":{"@type":"PropertyValueSpecification","valueRequired":true,"valueName":"search_term_string"}}],"inLanguage":"es"},{"@type":"Organization","@id":"https:\/\/lospoliticosveracruz.com\/#organization","name":"Los pol\u00edticos Veracruz","url":"https:\/\/lospoliticosveracruz.com\/","logo":{"@type":"ImageObject","inLanguage":"es","@id":"https:\/\/lospoliticosveracruz.com\/#\/schema\/logo\/image\/","url":"https:\/\/lospoliticosveracruz.com\/wp-content\/uploads\/2025\/12\/Logo-Nuevo-LOS-POLITICOS-1.jpg","contentUrl":"https:\/\/lospoliticosveracruz.com\/wp-content\/uploads\/2025\/12\/Logo-Nuevo-LOS-POLITICOS-1.jpg","width":260,"height":70,"caption":"Los pol\u00edticos Veracruz"},"image":{"@id":"https:\/\/lospoliticosveracruz.com\/#\/schema\/logo\/image\/"},"sameAs":["https:\/\/www.facebook.com\/people\/Notimemes-de-los-Polticos\/61565672886568\/","https:\/\/x.com\/LosPoliticosVer"]},{"@type":"Person","@id":"https:\/\/lospoliticosveracruz.com\/#\/schema\/person\/b8702bb0e538456e6efd07080bf2a4a2","name":"Lo viste en Los Pol\u00edticos","image":{"@type":"ImageObject","inLanguage":"es","@id":"https:\/\/secure.gravatar.com\/avatar\/3a8de04a2656d44082be478bd6c086daa447c4651605818287b9532d3d0bd435?s=96&d=mm&r=g","url":"https:\/\/secure.gravatar.com\/avatar\/3a8de04a2656d44082be478bd6c086daa447c4651605818287b9532d3d0bd435?s=96&d=mm&r=g","contentUrl":"https:\/\/secure.gravatar.com\/avatar\/3a8de04a2656d44082be478bd6c086daa447c4651605818287b9532d3d0bd435?s=96&d=mm&r=g","caption":"Lo viste en Los Pol\u00edticos"},"url":"https:\/\/lospoliticosveracruz.com\/?author=2"}]}},"_links":{"self":[{"href":"https:\/\/lospoliticosveracruz.com\/index.php?rest_route=\/wp\/v2\/posts\/119088","targetHints":{"allow":["GET"]}}],"collection":[{"href":"https:\/\/lospoliticosveracruz.com\/index.php?rest_route=\/wp\/v2\/posts"}],"about":[{"href":"https:\/\/lospoliticosveracruz.com\/index.php?rest_route=\/wp\/v2\/types\/post"}],"author":[{"embeddable":true,"href":"https:\/\/lospoliticosveracruz.com\/index.php?rest_route=\/wp\/v2\/users\/2"}],"replies":[{"embeddable":true,"href":"https:\/\/lospoliticosveracruz.com\/index.php?rest_route=%2Fwp%2Fv2%2Fcomments&post=119088"}],"version-history":[{"count":2,"href":"https:\/\/lospoliticosveracruz.com\/index.php?rest_route=\/wp\/v2\/posts\/119088\/revisions"}],"predecessor-version":[{"id":119108,"href":"https:\/\/lospoliticosveracruz.com\/index.php?rest_route=\/wp\/v2\/posts\/119088\/revisions\/119108"}],"wp:attachment":[{"href":"https:\/\/lospoliticosveracruz.com\/index.php?rest_route=%2Fwp%2Fv2%2Fmedia&parent=119088"}],"wp:term":[{"taxonomy":"category","embeddable":true,"href":"https:\/\/lospoliticosveracruz.com\/index.php?rest_route=%2Fwp%2Fv2%2Fcategories&post=119088"},{"taxonomy":"post_tag","embeddable":true,"href":"https:\/\/lospoliticosveracruz.com\/index.php?rest_route=%2Fwp%2Fv2%2Ftags&post=119088"}],"curies":[{"name":"wp","href":"https:\/\/api.w.org\/{rel}","templated":true}]}}