{"id":119128,"date":"2024-02-27T13:58:34","date_gmt":"2024-02-27T19:58:34","guid":{"rendered":"https:\/\/lospoliticosveracruz.com.mx\/?p=119128"},"modified":"2024-02-27T13:58:52","modified_gmt":"2024-02-27T19:58:52","slug":"dengue-3","status":"publish","type":"post","link":"https:\/\/lospoliticosveracruz.com\/?p=119128","title":{"rendered":"DENGUE"},"content":{"rendered":"\n<p><strong>Guadalupe H. Mar<\/strong><\/p>\n\n\n\n<p><em>Mira Pol\u00edtica<\/em><\/p>\n\n\n\n<p>OCULTO CON OCURRENCIAS \u2026 Andamos tan ensimismados en temas pol\u00edtico electorales y las distracciones de ya saben qui\u00e9n, asunto que resolveremos el pr\u00f3ximo domingo dos de junio, que nos olvidamos de temas que est\u00e1n afectando a la poblaci\u00f3n como es el notable incremento de casos de dengue.<\/p>\n\n\n\n<p><a href=\"https:\/\/youtu.be\/Nxe-vxf8GuY\"><\/a><\/p>\n\n\n\n<figure class=\"wp-block-embed is-type-video is-provider-youtube wp-block-embed-youtube wp-embed-aspect-16-9 wp-has-aspect-ratio\"><div class=\"wp-block-embed__wrapper\">\n<iframe loading=\"lazy\" title=\"Cluster Coworking\" width=\"696\" height=\"392\" src=\"https:\/\/www.youtube.com\/embed\/Nxe-vxf8GuY?feature=oembed\" frameborder=\"0\" allow=\"accelerometer; autoplay; clipboard-write; encrypted-media; gyroscope; picture-in-picture; web-share\" referrerpolicy=\"strict-origin-when-cross-origin\" allowfullscreen><\/iframe>\n<\/div><\/figure>\n\n\n\n<p>Hasta la semana pasada, en la rep\u00fablica mexicana se registraban cinco mil 439 casos de dengue, un aumento de 468 por ciento respecto del mismo periodo de 2023, cuando se ten\u00edan registrados 958 casos.<\/p>\n\n\n\n<p>As\u00f3mbrense amables lectoras y lectores, seg\u00fan datos de la Secretar\u00eda de Salud del gobierno federal, el 74 por ciento de los casos confirmados de Dengue en el pa\u00eds los concentra el estado de Guerrero, con dos mil siete, lo cual indica que tras el paso del hurac\u00e1n \u00abOtis\u00bb, no se ha atendido ni oportuna ni eficazmente, la prevenci\u00f3n contra esta enfermedad provocada por el mosquito Aedes aegypti.<\/p>\n\n\n\n<p>Los otros cinco estados de la rep\u00fablica con m\u00e1s casos de dengue a la pen\u00faltima semana de este mes de febrero son Tabasco con 961 casos; Quintana Roo, con 428; Veracruz, con 299 y Colima con 289, seg\u00fan cifras oficiales. Que conste.<\/p>\n\n\n\n<p>El tema del dengue es de suyo preocupante, pues est\u00e1 evidenciando la desidia del sector salud en sus tres niveles de gobierno, ya que los casos se han incrementado en los \u00faltimos a\u00f1os al pasar de 12 mil 335 casos a nivel nacional en el 2022, a 52 mil 443 en 2023, lo cual indica que, entre un a\u00f1o y otro, hubo un aumento del 325 por ciento.<\/p>\n\n\n\n<p>Obviamente, al incrementarse los casos, se elevan tambi\u00e9n las defunciones y de ello dio cuenta tambi\u00e9n la Secretar\u00eda de Salud del gobierno federal quien dio a conocer que en el 2022 fallecieron a causa del Dengue 53 personas, mientras que, en 2023, el n\u00famero se elev\u00f3 a 203.<\/p>\n\n\n\n<p><strong>SI, PERO NO <\/strong>\u2026 Con el mismo ocurrente y distractor discurso de ya saben qui\u00e9n, el inventor e ingeniero Cuitl\u00e1huac Garc\u00eda Jim\u00e9nez, gobernador del estado de Veracruz asegur\u00f3 tras la matanza en Acultizingo, en la zona centro de la entidad veracruzana, que el \u00abhomicidio m\u00faltiple\u00bb se debi\u00f3 a una pelea entre bandas criminales que se disputan el robo de unidades al transporte, tr\u00e1fico de migrantes y cobro de piso.<\/p>\n\n\n\n<p>Dio a entender que aun cuando se trata de un conflicto entre criminales, se envi\u00f3 a esa zona a 300 elementos de la Guardia Nacional, a los que se sumaron uniformados de Seguridad P\u00fablica del estado y otros m\u00e1s, para devolverle la tranquilidad a la ciudadan\u00eda.<\/p>\n\n\n\n<p>Sin embargo, la gente que radica en Acultzingo tiene otros datos respecto a la seguridad y tranquilidad, pues los directores de una docena de escuelas de educaci\u00f3n primaria suspendieron clases lunes y martes 26 y 27 de febrero.<\/p>\n\n\n\n<p>El mensaje a los padres de familia es reflejo del temor y la inseguridad en esa zona, pues explican para justificar la suspensi\u00f3n de clases que \u00abcon la finalidad de salvaguardar la integridad de los alumnos y a la espera de que tengamos mayor informaci\u00f3n sobre la situaci\u00f3n real de la comunidad de Acultzingo, les comunicamos que los d\u00edas lunes 26 y martes 27 de febrero se suspenden las clases\u00bb.<\/p>\n\n\n\n<p>Nadie mejor que la cuchara conoce el fondo de la olla y en este caso son los maestros de las escuelas de educaci\u00f3n b\u00e1sica quienes saben que en Acultzingo no hay la tranquilidad que se afirma, por ello y como responsables de la integridad de sus estudiantes, decidieron suspender las clases.<\/p>\n\n\n\n<p><strong>BUEN GOBERNADOR<\/strong> \u2026 El de Tamaulipas, Am\u00e9rico Villarreal Anaya, quien inform\u00f3 gustoso a sus gobernados que es un hecho la construcci\u00f3n del acueducto que llevar\u00e1 a esa entidad federativa 20 metros c\u00fabicos por segundo de agua que se tomar\u00e1 del R\u00edo P\u00e1nuco en el estado de Veracruz, obra que realizar\u00e1 la Comisi\u00f3n Nacional del Agua del gobierno federal (Conagua).<\/p>\n\n\n\n<p>\u00abEsta obra tiene la aprobaci\u00f3n para su ejecuci\u00f3n y est\u00e1 contemplada en el Mecanismo de Planeaci\u00f3n de la Conagua (Mecaplan)\u00bb, inform\u00f3 a sus gobernados el mandatario estatal de Tamaulipas.<\/p>\n\n\n\n<p>Aqu\u00ed en Veracruz, por cierto, solo nos han informado y a medias de festivales y rumba, porque de inversiones nada, menos de que se llevar\u00e1n nuestra agua al estado vecino.&nbsp;&nbsp;<\/p>\n\n\n\n<p>D\u00cdGALO SIN MIEDO \u2026 Al correo electr\u00f3nico guadalupehmar@gmail.com<\/p>\n","protected":false},"excerpt":{"rendered":"<p>Guadalupe H. Mar Mira Pol\u00edtica OCULTO CON OCURRENCIAS \u2026 Andamos tan ensimismados en temas pol\u00edtico electorales y las distracciones de ya saben qui\u00e9n, asunto que resolveremos el pr\u00f3ximo domingo dos de junio, que nos olvidamos de temas que est\u00e1n afectando a la poblaci\u00f3n como es el notable incremento de casos de dengue. Hasta la semana [&hellip;]<\/p>\n","protected":false},"author":2,"featured_media":0,"comment_status":"closed","ping_status":"closed","sticky":false,"template":"","format":"standard","meta":{"tdm_status":"","tdm_grid_status":"","footnotes":""},"categories":[70],"tags":[1563,2937,1026,195],"class_list":{"0":"post-119128","1":"post","2":"type-post","3":"status-publish","4":"format-standard","6":"category-de-opinion","7":"tag-cuitlahuac-garcia-jimenez","8":"tag-dengue","9":"tag-morena","10":"tag-veracruz"},"yoast_head":"<!-- This site is optimized with the Yoast SEO plugin v27.4 - https:\/\/yoast.com\/product\/yoast-seo-wordpress\/ -->\n<title>DENGUE - Los pol\u00edticos Veracruz<\/title>\n<meta name=\"robots\" content=\"index, follow, max-snippet:-1, max-image-preview:large, max-video-preview:-1\" \/>\n<link rel=\"canonical\" href=\"https:\/\/lospoliticosveracruz.com\/?p=119128\" \/>\n<meta property=\"og:locale\" content=\"es_ES\" \/>\n<meta property=\"og:type\" content=\"article\" \/>\n<meta property=\"og:title\" content=\"DENGUE - Los pol\u00edticos Veracruz\" \/>\n<meta property=\"og:description\" content=\"Guadalupe H. Mar Mira Pol\u00edtica OCULTO CON OCURRENCIAS \u2026 Andamos tan ensimismados en temas pol\u00edtico electorales y las distracciones de ya saben qui\u00e9n, asunto que resolveremos el pr\u00f3ximo domingo dos de junio, que nos olvidamos de temas que est\u00e1n afectando a la poblaci\u00f3n como es el notable incremento de casos de dengue. Hasta la semana [&hellip;]\" \/>\n<meta property=\"og:url\" content=\"https:\/\/lospoliticosveracruz.com\/?p=119128\" \/>\n<meta property=\"og:site_name\" content=\"Los pol\u00edticos Veracruz\" \/>\n<meta property=\"article:publisher\" content=\"https:\/\/www.facebook.com\/people\/Notimemes-de-los-Polticos\/61565672886568\/\" \/>\n<meta property=\"article:published_time\" content=\"2024-02-27T19:58:34+00:00\" \/>\n<meta property=\"article:modified_time\" content=\"2024-02-27T19:58:52+00:00\" \/>\n<meta property=\"og:image\" content=\"https:\/\/lospoliticosveracruz.com\/wp-content\/uploads\/2016\/07\/Logo-Dor.jpg\" \/>\n\t<meta property=\"og:image:width\" content=\"200\" \/>\n\t<meta property=\"og:image:height\" content=\"200\" \/>\n\t<meta property=\"og:image:type\" content=\"image\/jpeg\" \/>\n<meta name=\"author\" content=\"Lo viste en Los Pol\u00edticos\" \/>\n<meta name=\"twitter:card\" content=\"summary_large_image\" \/>\n<meta name=\"twitter:creator\" content=\"@LosPoliticosVer\" \/>\n<meta name=\"twitter:site\" content=\"@LosPoliticosVer\" \/>\n<meta name=\"twitter:label1\" content=\"Escrito por\" \/>\n\t<meta name=\"twitter:data1\" content=\"Lo viste en Los Pol\u00edticos\" \/>\n\t<meta name=\"twitter:label2\" content=\"Tiempo de lectura\" \/>\n\t<meta name=\"twitter:data2\" content=\"4 minutos\" \/>\n<script type=\"application\/ld+json\" class=\"yoast-schema-graph\">{\"@context\":\"https:\\\/\\\/schema.org\",\"@graph\":[{\"@type\":\"Article\",\"@id\":\"https:\\\/\\\/lospoliticosveracruz.com\\\/?p=119128#article\",\"isPartOf\":{\"@id\":\"https:\\\/\\\/lospoliticosveracruz.com\\\/?p=119128\"},\"author\":{\"name\":\"Lo viste en Los Pol\u00edticos\",\"@id\":\"https:\\\/\\\/lospoliticosveracruz.com\\\/#\\\/schema\\\/person\\\/b8702bb0e538456e6efd07080bf2a4a2\"},\"headline\":\"DENGUE\",\"datePublished\":\"2024-02-27T19:58:34+00:00\",\"dateModified\":\"2024-02-27T19:58:52+00:00\",\"mainEntityOfPage\":{\"@id\":\"https:\\\/\\\/lospoliticosveracruz.com\\\/?p=119128\"},\"wordCount\":743,\"publisher\":{\"@id\":\"https:\\\/\\\/lospoliticosveracruz.com\\\/#organization\"},\"keywords\":[\"Cuitl\u00e1huac Garc\u00eda Jim\u00e9nez\",\"dengue\",\"Morena\",\"Veracruz\"],\"articleSection\":[\"De Opini\u00f3n\"],\"inLanguage\":\"es\"},{\"@type\":\"WebPage\",\"@id\":\"https:\\\/\\\/lospoliticosveracruz.com\\\/?p=119128\",\"url\":\"https:\\\/\\\/lospoliticosveracruz.com\\\/?p=119128\",\"name\":\"DENGUE - Los pol\u00edticos Veracruz\",\"isPartOf\":{\"@id\":\"https:\\\/\\\/lospoliticosveracruz.com\\\/#website\"},\"datePublished\":\"2024-02-27T19:58:34+00:00\",\"dateModified\":\"2024-02-27T19:58:52+00:00\",\"breadcrumb\":{\"@id\":\"https:\\\/\\\/lospoliticosveracruz.com\\\/?p=119128#breadcrumb\"},\"inLanguage\":\"es\",\"potentialAction\":[{\"@type\":\"ReadAction\",\"target\":[\"https:\\\/\\\/lospoliticosveracruz.com\\\/?p=119128\"]}]},{\"@type\":\"BreadcrumbList\",\"@id\":\"https:\\\/\\\/lospoliticosveracruz.com\\\/?p=119128#breadcrumb\",\"itemListElement\":[{\"@type\":\"ListItem\",\"position\":1,\"name\":\"Portada\",\"item\":\"https:\\\/\\\/lospoliticosveracruz.com\\\/\"},{\"@type\":\"ListItem\",\"position\":2,\"name\":\"DENGUE\"}]},{\"@type\":\"WebSite\",\"@id\":\"https:\\\/\\\/lospoliticosveracruz.com\\\/#website\",\"url\":\"https:\\\/\\\/lospoliticosveracruz.com\\\/\",\"name\":\"Los pol\u00edticos Veracruz\",\"description\":\"\",\"publisher\":{\"@id\":\"https:\\\/\\\/lospoliticosveracruz.com\\\/#organization\"},\"potentialAction\":[{\"@type\":\"SearchAction\",\"target\":{\"@type\":\"EntryPoint\",\"urlTemplate\":\"https:\\\/\\\/lospoliticosveracruz.com\\\/?s={search_term_string}\"},\"query-input\":{\"@type\":\"PropertyValueSpecification\",\"valueRequired\":true,\"valueName\":\"search_term_string\"}}],\"inLanguage\":\"es\"},{\"@type\":\"Organization\",\"@id\":\"https:\\\/\\\/lospoliticosveracruz.com\\\/#organization\",\"name\":\"Los pol\u00edticos Veracruz\",\"url\":\"https:\\\/\\\/lospoliticosveracruz.com\\\/\",\"logo\":{\"@type\":\"ImageObject\",\"inLanguage\":\"es\",\"@id\":\"https:\\\/\\\/lospoliticosveracruz.com\\\/#\\\/schema\\\/logo\\\/image\\\/\",\"url\":\"https:\\\/\\\/lospoliticosveracruz.com\\\/wp-content\\\/uploads\\\/2025\\\/12\\\/Logo-Nuevo-LOS-POLITICOS-1.jpg\",\"contentUrl\":\"https:\\\/\\\/lospoliticosveracruz.com\\\/wp-content\\\/uploads\\\/2025\\\/12\\\/Logo-Nuevo-LOS-POLITICOS-1.jpg\",\"width\":260,\"height\":70,\"caption\":\"Los pol\u00edticos Veracruz\"},\"image\":{\"@id\":\"https:\\\/\\\/lospoliticosveracruz.com\\\/#\\\/schema\\\/logo\\\/image\\\/\"},\"sameAs\":[\"https:\\\/\\\/www.facebook.com\\\/people\\\/Notimemes-de-los-Polticos\\\/61565672886568\\\/\",\"https:\\\/\\\/x.com\\\/LosPoliticosVer\"]},{\"@type\":\"Person\",\"@id\":\"https:\\\/\\\/lospoliticosveracruz.com\\\/#\\\/schema\\\/person\\\/b8702bb0e538456e6efd07080bf2a4a2\",\"name\":\"Lo viste en Los Pol\u00edticos\",\"image\":{\"@type\":\"ImageObject\",\"inLanguage\":\"es\",\"@id\":\"https:\\\/\\\/secure.gravatar.com\\\/avatar\\\/3a8de04a2656d44082be478bd6c086daa447c4651605818287b9532d3d0bd435?s=96&d=mm&r=g\",\"url\":\"https:\\\/\\\/secure.gravatar.com\\\/avatar\\\/3a8de04a2656d44082be478bd6c086daa447c4651605818287b9532d3d0bd435?s=96&d=mm&r=g\",\"contentUrl\":\"https:\\\/\\\/secure.gravatar.com\\\/avatar\\\/3a8de04a2656d44082be478bd6c086daa447c4651605818287b9532d3d0bd435?s=96&d=mm&r=g\",\"caption\":\"Lo viste en Los Pol\u00edticos\"},\"url\":\"https:\\\/\\\/lospoliticosveracruz.com\\\/?author=2\"}]}<\/script>\n<!-- \/ Yoast SEO plugin. -->","yoast_head_json":{"title":"DENGUE - Los pol\u00edticos Veracruz","robots":{"index":"index","follow":"follow","max-snippet":"max-snippet:-1","max-image-preview":"max-image-preview:large","max-video-preview":"max-video-preview:-1"},"canonical":"https:\/\/lospoliticosveracruz.com\/?p=119128","og_locale":"es_ES","og_type":"article","og_title":"DENGUE - Los pol\u00edticos Veracruz","og_description":"Guadalupe H. Mar Mira Pol\u00edtica OCULTO CON OCURRENCIAS \u2026 Andamos tan ensimismados en temas pol\u00edtico electorales y las distracciones de ya saben qui\u00e9n, asunto que resolveremos el pr\u00f3ximo domingo dos de junio, que nos olvidamos de temas que est\u00e1n afectando a la poblaci\u00f3n como es el notable incremento de casos de dengue. Hasta la semana [&hellip;]","og_url":"https:\/\/lospoliticosveracruz.com\/?p=119128","og_site_name":"Los pol\u00edticos Veracruz","article_publisher":"https:\/\/www.facebook.com\/people\/Notimemes-de-los-Polticos\/61565672886568\/","article_published_time":"2024-02-27T19:58:34+00:00","article_modified_time":"2024-02-27T19:58:52+00:00","og_image":[{"width":200,"height":200,"url":"https:\/\/lospoliticosveracruz.com\/wp-content\/uploads\/2016\/07\/Logo-Dor.jpg","type":"image\/jpeg"}],"author":"Lo viste en Los Pol\u00edticos","twitter_card":"summary_large_image","twitter_creator":"@LosPoliticosVer","twitter_site":"@LosPoliticosVer","twitter_misc":{"Escrito por":"Lo viste en Los Pol\u00edticos","Tiempo de lectura":"4 minutos"},"schema":{"@context":"https:\/\/schema.org","@graph":[{"@type":"Article","@id":"https:\/\/lospoliticosveracruz.com\/?p=119128#article","isPartOf":{"@id":"https:\/\/lospoliticosveracruz.com\/?p=119128"},"author":{"name":"Lo viste en Los Pol\u00edticos","@id":"https:\/\/lospoliticosveracruz.com\/#\/schema\/person\/b8702bb0e538456e6efd07080bf2a4a2"},"headline":"DENGUE","datePublished":"2024-02-27T19:58:34+00:00","dateModified":"2024-02-27T19:58:52+00:00","mainEntityOfPage":{"@id":"https:\/\/lospoliticosveracruz.com\/?p=119128"},"wordCount":743,"publisher":{"@id":"https:\/\/lospoliticosveracruz.com\/#organization"},"keywords":["Cuitl\u00e1huac Garc\u00eda Jim\u00e9nez","dengue","Morena","Veracruz"],"articleSection":["De Opini\u00f3n"],"inLanguage":"es"},{"@type":"WebPage","@id":"https:\/\/lospoliticosveracruz.com\/?p=119128","url":"https:\/\/lospoliticosveracruz.com\/?p=119128","name":"DENGUE - Los pol\u00edticos Veracruz","isPartOf":{"@id":"https:\/\/lospoliticosveracruz.com\/#website"},"datePublished":"2024-02-27T19:58:34+00:00","dateModified":"2024-02-27T19:58:52+00:00","breadcrumb":{"@id":"https:\/\/lospoliticosveracruz.com\/?p=119128#breadcrumb"},"inLanguage":"es","potentialAction":[{"@type":"ReadAction","target":["https:\/\/lospoliticosveracruz.com\/?p=119128"]}]},{"@type":"BreadcrumbList","@id":"https:\/\/lospoliticosveracruz.com\/?p=119128#breadcrumb","itemListElement":[{"@type":"ListItem","position":1,"name":"Portada","item":"https:\/\/lospoliticosveracruz.com\/"},{"@type":"ListItem","position":2,"name":"DENGUE"}]},{"@type":"WebSite","@id":"https:\/\/lospoliticosveracruz.com\/#website","url":"https:\/\/lospoliticosveracruz.com\/","name":"Los pol\u00edticos Veracruz","description":"","publisher":{"@id":"https:\/\/lospoliticosveracruz.com\/#organization"},"potentialAction":[{"@type":"SearchAction","target":{"@type":"EntryPoint","urlTemplate":"https:\/\/lospoliticosveracruz.com\/?s={search_term_string}"},"query-input":{"@type":"PropertyValueSpecification","valueRequired":true,"valueName":"search_term_string"}}],"inLanguage":"es"},{"@type":"Organization","@id":"https:\/\/lospoliticosveracruz.com\/#organization","name":"Los pol\u00edticos Veracruz","url":"https:\/\/lospoliticosveracruz.com\/","logo":{"@type":"ImageObject","inLanguage":"es","@id":"https:\/\/lospoliticosveracruz.com\/#\/schema\/logo\/image\/","url":"https:\/\/lospoliticosveracruz.com\/wp-content\/uploads\/2025\/12\/Logo-Nuevo-LOS-POLITICOS-1.jpg","contentUrl":"https:\/\/lospoliticosveracruz.com\/wp-content\/uploads\/2025\/12\/Logo-Nuevo-LOS-POLITICOS-1.jpg","width":260,"height":70,"caption":"Los pol\u00edticos Veracruz"},"image":{"@id":"https:\/\/lospoliticosveracruz.com\/#\/schema\/logo\/image\/"},"sameAs":["https:\/\/www.facebook.com\/people\/Notimemes-de-los-Polticos\/61565672886568\/","https:\/\/x.com\/LosPoliticosVer"]},{"@type":"Person","@id":"https:\/\/lospoliticosveracruz.com\/#\/schema\/person\/b8702bb0e538456e6efd07080bf2a4a2","name":"Lo viste en Los Pol\u00edticos","image":{"@type":"ImageObject","inLanguage":"es","@id":"https:\/\/secure.gravatar.com\/avatar\/3a8de04a2656d44082be478bd6c086daa447c4651605818287b9532d3d0bd435?s=96&d=mm&r=g","url":"https:\/\/secure.gravatar.com\/avatar\/3a8de04a2656d44082be478bd6c086daa447c4651605818287b9532d3d0bd435?s=96&d=mm&r=g","contentUrl":"https:\/\/secure.gravatar.com\/avatar\/3a8de04a2656d44082be478bd6c086daa447c4651605818287b9532d3d0bd435?s=96&d=mm&r=g","caption":"Lo viste en Los Pol\u00edticos"},"url":"https:\/\/lospoliticosveracruz.com\/?author=2"}]}},"_links":{"self":[{"href":"https:\/\/lospoliticosveracruz.com\/index.php?rest_route=\/wp\/v2\/posts\/119128","targetHints":{"allow":["GET"]}}],"collection":[{"href":"https:\/\/lospoliticosveracruz.com\/index.php?rest_route=\/wp\/v2\/posts"}],"about":[{"href":"https:\/\/lospoliticosveracruz.com\/index.php?rest_route=\/wp\/v2\/types\/post"}],"author":[{"embeddable":true,"href":"https:\/\/lospoliticosveracruz.com\/index.php?rest_route=\/wp\/v2\/users\/2"}],"replies":[{"embeddable":true,"href":"https:\/\/lospoliticosveracruz.com\/index.php?rest_route=%2Fwp%2Fv2%2Fcomments&post=119128"}],"version-history":[{"count":1,"href":"https:\/\/lospoliticosveracruz.com\/index.php?rest_route=\/wp\/v2\/posts\/119128\/revisions"}],"predecessor-version":[{"id":119129,"href":"https:\/\/lospoliticosveracruz.com\/index.php?rest_route=\/wp\/v2\/posts\/119128\/revisions\/119129"}],"wp:attachment":[{"href":"https:\/\/lospoliticosveracruz.com\/index.php?rest_route=%2Fwp%2Fv2%2Fmedia&parent=119128"}],"wp:term":[{"taxonomy":"category","embeddable":true,"href":"https:\/\/lospoliticosveracruz.com\/index.php?rest_route=%2Fwp%2Fv2%2Fcategories&post=119128"},{"taxonomy":"post_tag","embeddable":true,"href":"https:\/\/lospoliticosveracruz.com\/index.php?rest_route=%2Fwp%2Fv2%2Ftags&post=119128"}],"curies":[{"name":"wp","href":"https:\/\/api.w.org\/{rel}","templated":true}]}}