{"id":119400,"date":"2024-03-02T08:08:53","date_gmt":"2024-03-02T14:08:53","guid":{"rendered":"https:\/\/lospoliticosveracruz.com.mx\/?p=119400"},"modified":"2024-03-02T08:09:02","modified_gmt":"2024-03-02T14:09:02","slug":"bajan-a-huerta","status":"publish","type":"post","link":"https:\/\/lospoliticosveracruz.com\/?p=119400","title":{"rendered":"BAJAN A HUERTA"},"content":{"rendered":"\n<p><strong>Oved Contreras <\/strong><\/p>\n\n\n\n<p><em>Secas Mecas<\/em><\/p>\n\n\n\n<p>Sin que hasta el momento exista un pronunciamiento oficial por parte de Morena, ayer viernes por la noche se confirm\u00f3 que Manuel Huerta Ladr\u00f3n de Guevara fue bajado a la segunda f\u00f3rmula de la candidatura al Senado por la alianza Morena-PT-PVEM, mientras que la comadre de la zacatecana, Claudia Tello, que estaba en segunda posici\u00f3n, subi\u00f3 a la primera\u2026ante una eventual derrota de Morena en las elecciones para senador solo entrar\u00eda Claudia Tello como primera minor\u00eda y dejar\u00edan fuera a Huerta.<\/p>\n\n\n\n<p>Con base en el Sistema de Informaci\u00f3n del Registro de Candidaturas Federales del INE, se pudo confirmar que&nbsp;Manuel Huerta fue cambiado y ahora ya no va en primera f\u00f3rmula, sino en la segunda para el Senado. En el anexo tres del \u00f3rgano electoral, de la Senadur\u00eda, se define que&nbsp;Claudia Tello Espinosa va en la posici\u00f3n uno&nbsp;y Huerta en la dos.<\/p>\n\n\n\n<p>No hay ning\u00fan comunicado oficial que expliquen los cambios pero trasciende que la decisi\u00f3n de \u201cbajar\u201d a Manuel Huerta habr\u00eda correspondido al equipo pol\u00edtico que lidera Roc\u00edo Nahle Garc\u00eda\u2026que la zacatecana fue a M\u00e9xico para armar un berrinche con el presidente Andr\u00e9s Manuel L\u00f3pez Obrador con quien se quej\u00f3 que el partido y en concreto Mario Delgado, no la deja operar su campa\u00f1a en Veracruz y que por eso se ha reducido la ventaja que tra\u00eda con el pri\u00edsta Pepe Yunes.<\/p>\n\n\n\n<p>El chambero cuenta que la zacatecana se quej\u00f3 que Manuel Huerta estaba \u201ctirado en la hamaca\u201d, que solo hac\u00eda campa\u00f1a para \u00e9l porque se sent\u00eda seguro ya con la curul del Senado, todo eso lo confirmaron las plumas al servicio de Roc\u00edo Nahle, y como resultado del berrinche finalmente logr\u00f3 que el presidente ordenara el cambio de posiciones entre Huerta y Claudia Tello.<\/p>\n\n\n\n<p>Apenas este jueves, a las 00:00 horas, el exdelegado de los programas del Bienestar&nbsp;arranc\u00f3 su campa\u00f1a en el municipio de Catemaco&nbsp;con un ritual del \u201cPrimer viernes de marzo\u201d, para atraer las buenas vibras. Entre brujos, incienso y m\u00fasica de rito, Manuel Huerta Ladr\u00f3n de Guevara, dio inicio a sus actividades proselitistas<\/p>\n\n\n\n<p>\u00abAlejo de este hombre todo enemigo, todo despojo, todo mal, toda envidia, toda salaci\u00f3n, toda mala energ\u00eda, en esta hora y este momento elimino cada una de sus malas energ\u00edas\u00bb, proclam\u00f3 una mujer que en su capa llevaba el nombre de \u00abLa Loba Negra\u00bb y que estaba a cargo del ritual a las orillas de la laguna de Catemaco.<\/p>\n\n\n\n<p>Huerta de Guevara fue rodeado de humo de incienso al interior de una estrella de seis picos y limpiado con un huevo de gallina prieta mientras abr\u00eda los brazos; en tanto, otro de los brujos, \u00abEl Jaguar Negro\u00bb proclamaba oraciones para agradecer por toda la energ\u00eda colectiva\u2026ahora se sabe que les falt\u00f3 echarle mas incienso y mas yerbas del Cerro del Mono Blanco, porque no pudieron con los chamanes de la zacatecana que lanzaron sus hechizos para despojarlo de la primera posici\u00f3n rumbo al senado para d\u00e1rselo a la comadre Claudia Tello.<\/p>\n\n\n\n<p>Manuel Huerta ofrece conferencia de prensa este s\u00e1bado por la ma\u00f1ana en Veracruz\u2026pero debe estar que trina con la zacatecana que primero lo despoj\u00f3 de la candidatura al gobierno estatal donde el ex delegado de Bienestar gan\u00f3 la encuesta pero se la dieron a Roc\u00edo Nahle por un tema de g\u00e9nero\u2026ahora le quitan la primera posici\u00f3n al Senado y as\u00ed cerrarle el paso a su proyecto pol\u00edtico.<\/p>\n\n\n\n<p>Lo cierto es que el registro de Papayunes puso a los morenos muy nerviosos\u2026DonYu es un tibur\u00f3n de aguas profundas que oli\u00f3 sangre si no no se hubiera metido a la campa\u00f1a\u2026eso trae f\u00farica a la zacatecana que quiere a todos haciendo campa\u00f1a y convenciendo a la gente para que vote parejo en sus boletas y vayan por el carro completo\u2026pero Dios no concede antojos ni endereza jorobados.<\/p>\n\n\n\n<p>ARRANCA CHIKIYUNES\u2026Miguel \u00c1ngel Yunes M\u00e1rquez, candidato al Senado por la coalici\u00f3n PAN-PRI-PRD, inici\u00f3 campa\u00f1a ayer por la ma\u00f1ana desde el popular mercado \u201cHidalgo\u201d de esta ciudad, y estuvo acompa\u00f1ado por Sara Ladr\u00f3n de Guevara, candidata al Senado por el PRD, y las candidatas a diputadas federales, Ver\u00f3nica Pulido y Maryjose<\/p>\n\n\n\n<p>El Chikiyunes afirm\u00f3 que buscar\u00e1 llegar a la C\u00e1mara Alta a defender a Veracruz para lograr un trato justo y equitativo para el Estado y para los veracruzanos, porque actualmente en Veracruz la inversi\u00f3n p\u00fablica federal es inexistente, no hay una sola obra en Veracruz del Gobierno Federal que merezca resaltarse, adem\u00e1s manifest\u00f3 que los programas de salud han fracasado, hay m\u00e1s de 5 millones de veracruzanas y veracruzanos que perdieron la posibilidad de tener una atenci\u00f3n de salud de calidad.<\/p>\n\n\n\n<p>Otro ejemplo, dijo Yunes M\u00e1rquez, es el reciente anuncio de la desaparici\u00f3n del programa de mantenimiento de infraestructura carretera, lo cual para Veracruz es grav\u00edsimo, ya que son m\u00e1s de 28 mil kil\u00f3metros de carreteras federales que cruzan el Estado, que se ver\u00e1n perjudicadas por esta decisi\u00f3n.<\/p>\n\n\n\n<p>En materia de seguridad, acus\u00f3 que el gobierno federal desapareci\u00f3 los programas y los recursos que le serv\u00edan a los estados y a los municipios para equipar, capacitar y pagarle a polic\u00edas, y adelant\u00f3 que desde el Senado se tiene que impulsar que regresen este tipo de fondos para poder ayudar a municipios y al Estado a tener una seguridad eficiente para los veracruzanos.<\/p>\n\n\n\n<p>Chikiyunes dijo sentirse orgulloso de llevar como compa\u00f1era de f\u00f3rmula a Sara Ladr\u00f3n de Guevara quien como rectora de la Universidad Veracruzana, encabez\u00f3 marchas para exigir mayor presupuesto al gobierno estatal y pleno respeto a la autonom\u00eda de la M\u00e1xima Casa de Estudios del estado.<\/p>\n\n\n\n<p>JUEGA A DOBLE BANDA\u2026el alcalde pri\u00edsta de Orizaba, Juan Manuel D\u00edaz anda cabeceando para los dos lados, y la empezar mand\u00f3 a la Banda de M\u00fasica Municipal a entrenarse a la tierra de la Ch\u00edo Nahle pa que aprendan a tocar buen \u201cLa marcha de Zacatecas\u201d por s\u00ed desbanca a La Bamba y se convierte en el<br>Nuevo himno de Veracruz.<\/p>\n\n\n\n<p>YA PA QUE VAYAN ENSAYANDO\u2026..Y DE PASO, \u00bfA POCO LO HAN VISTO EN ALGUN MITIN O D\u00c1NDOLE SU APOYO AL PEPEYU?\u2026.NO SI QUE LA TAMBORA TOCA PA OTRO LADO EN ORIZABA<\/p>\n","protected":false},"excerpt":{"rendered":"<p>Oved Contreras Secas Mecas Sin que hasta el momento exista un pronunciamiento oficial por parte de Morena, ayer viernes por la noche se confirm\u00f3 que Manuel Huerta Ladr\u00f3n de Guevara fue bajado a la segunda f\u00f3rmula de la candidatura al Senado por la alianza Morena-PT-PVEM, mientras que la comadre de la zacatecana, Claudia Tello, que [&hellip;]<\/p>\n","protected":false},"author":2,"featured_media":0,"comment_status":"closed","ping_status":"closed","sticky":false,"template":"","format":"standard","meta":{"tdm_status":"","tdm_grid_status":"","footnotes":""},"categories":[70],"tags":[618,1850,536,3578,755,195],"class_list":{"0":"post-119400","1":"post","2":"type-post","3":"status-publish","4":"format-standard","6":"category-de-opinion","7":"tag-andres-manuel-lopez-obrador","8":"tag-manuel-huerta-ladron-de-guevara","9":"tag-miguel-angel-yunes-marquez","10":"tag-rocio-nahle","11":"tag-sara-ladron-de-guevara","12":"tag-veracruz"},"yoast_head":"<!-- This site is optimized with the Yoast SEO plugin v27.4 - https:\/\/yoast.com\/product\/yoast-seo-wordpress\/ -->\n<title>BAJAN A HUERTA - Los pol\u00edticos Veracruz<\/title>\n<meta name=\"robots\" content=\"index, follow, max-snippet:-1, max-image-preview:large, max-video-preview:-1\" \/>\n<link rel=\"canonical\" href=\"https:\/\/lospoliticosveracruz.com\/?p=119400\" \/>\n<meta property=\"og:locale\" content=\"es_ES\" \/>\n<meta property=\"og:type\" content=\"article\" \/>\n<meta property=\"og:title\" content=\"BAJAN A HUERTA - Los pol\u00edticos Veracruz\" \/>\n<meta property=\"og:description\" content=\"Oved Contreras Secas Mecas Sin que hasta el momento exista un pronunciamiento oficial por parte de Morena, ayer viernes por la noche se confirm\u00f3 que Manuel Huerta Ladr\u00f3n de Guevara fue bajado a la segunda f\u00f3rmula de la candidatura al Senado por la alianza Morena-PT-PVEM, mientras que la comadre de la zacatecana, Claudia Tello, que [&hellip;]\" \/>\n<meta property=\"og:url\" content=\"https:\/\/lospoliticosveracruz.com\/?p=119400\" \/>\n<meta property=\"og:site_name\" content=\"Los pol\u00edticos Veracruz\" \/>\n<meta property=\"article:publisher\" content=\"https:\/\/www.facebook.com\/people\/Notimemes-de-los-Polticos\/61565672886568\/\" \/>\n<meta property=\"article:published_time\" content=\"2024-03-02T14:08:53+00:00\" \/>\n<meta property=\"article:modified_time\" content=\"2024-03-02T14:09:02+00:00\" \/>\n<meta property=\"og:image\" content=\"https:\/\/lospoliticosveracruz.com\/wp-content\/uploads\/2016\/07\/Logo-Dor.jpg\" \/>\n\t<meta property=\"og:image:width\" content=\"200\" \/>\n\t<meta property=\"og:image:height\" content=\"200\" \/>\n\t<meta property=\"og:image:type\" content=\"image\/jpeg\" \/>\n<meta name=\"author\" content=\"Lo viste en Los Pol\u00edticos\" \/>\n<meta name=\"twitter:card\" content=\"summary_large_image\" \/>\n<meta name=\"twitter:creator\" content=\"@LosPoliticosVer\" \/>\n<meta name=\"twitter:site\" content=\"@LosPoliticosVer\" \/>\n<meta name=\"twitter:label1\" content=\"Escrito por\" \/>\n\t<meta name=\"twitter:data1\" content=\"Lo viste en Los Pol\u00edticos\" \/>\n\t<meta name=\"twitter:label2\" content=\"Tiempo de lectura\" \/>\n\t<meta name=\"twitter:data2\" content=\"6 minutos\" \/>\n<script type=\"application\/ld+json\" class=\"yoast-schema-graph\">{\"@context\":\"https:\\\/\\\/schema.org\",\"@graph\":[{\"@type\":\"Article\",\"@id\":\"https:\\\/\\\/lospoliticosveracruz.com\\\/?p=119400#article\",\"isPartOf\":{\"@id\":\"https:\\\/\\\/lospoliticosveracruz.com\\\/?p=119400\"},\"author\":{\"name\":\"Lo viste en Los Pol\u00edticos\",\"@id\":\"https:\\\/\\\/lospoliticosveracruz.com\\\/#\\\/schema\\\/person\\\/b8702bb0e538456e6efd07080bf2a4a2\"},\"headline\":\"BAJAN A HUERTA\",\"datePublished\":\"2024-03-02T14:08:53+00:00\",\"dateModified\":\"2024-03-02T14:09:02+00:00\",\"mainEntityOfPage\":{\"@id\":\"https:\\\/\\\/lospoliticosveracruz.com\\\/?p=119400\"},\"wordCount\":1104,\"publisher\":{\"@id\":\"https:\\\/\\\/lospoliticosveracruz.com\\\/#organization\"},\"keywords\":[\"Andr\u00e9s Manuel L\u00f3pez Obrador\",\"Manuel Huerta Ladr\u00f3n de Guevara\",\"Miguel \u00c1ngel Yunes M\u00e1rquez\",\"Roc\u00edo Nahle\",\"Sara Ladr\u00f3n de Guevara\",\"Veracruz\"],\"articleSection\":[\"De Opini\u00f3n\"],\"inLanguage\":\"es\"},{\"@type\":\"WebPage\",\"@id\":\"https:\\\/\\\/lospoliticosveracruz.com\\\/?p=119400\",\"url\":\"https:\\\/\\\/lospoliticosveracruz.com\\\/?p=119400\",\"name\":\"BAJAN A HUERTA - Los pol\u00edticos Veracruz\",\"isPartOf\":{\"@id\":\"https:\\\/\\\/lospoliticosveracruz.com\\\/#website\"},\"datePublished\":\"2024-03-02T14:08:53+00:00\",\"dateModified\":\"2024-03-02T14:09:02+00:00\",\"breadcrumb\":{\"@id\":\"https:\\\/\\\/lospoliticosveracruz.com\\\/?p=119400#breadcrumb\"},\"inLanguage\":\"es\",\"potentialAction\":[{\"@type\":\"ReadAction\",\"target\":[\"https:\\\/\\\/lospoliticosveracruz.com\\\/?p=119400\"]}]},{\"@type\":\"BreadcrumbList\",\"@id\":\"https:\\\/\\\/lospoliticosveracruz.com\\\/?p=119400#breadcrumb\",\"itemListElement\":[{\"@type\":\"ListItem\",\"position\":1,\"name\":\"Portada\",\"item\":\"https:\\\/\\\/lospoliticosveracruz.com\\\/\"},{\"@type\":\"ListItem\",\"position\":2,\"name\":\"BAJAN A HUERTA\"}]},{\"@type\":\"WebSite\",\"@id\":\"https:\\\/\\\/lospoliticosveracruz.com\\\/#website\",\"url\":\"https:\\\/\\\/lospoliticosveracruz.com\\\/\",\"name\":\"Los pol\u00edticos Veracruz\",\"description\":\"\",\"publisher\":{\"@id\":\"https:\\\/\\\/lospoliticosveracruz.com\\\/#organization\"},\"potentialAction\":[{\"@type\":\"SearchAction\",\"target\":{\"@type\":\"EntryPoint\",\"urlTemplate\":\"https:\\\/\\\/lospoliticosveracruz.com\\\/?s={search_term_string}\"},\"query-input\":{\"@type\":\"PropertyValueSpecification\",\"valueRequired\":true,\"valueName\":\"search_term_string\"}}],\"inLanguage\":\"es\"},{\"@type\":\"Organization\",\"@id\":\"https:\\\/\\\/lospoliticosveracruz.com\\\/#organization\",\"name\":\"Los pol\u00edticos Veracruz\",\"url\":\"https:\\\/\\\/lospoliticosveracruz.com\\\/\",\"logo\":{\"@type\":\"ImageObject\",\"inLanguage\":\"es\",\"@id\":\"https:\\\/\\\/lospoliticosveracruz.com\\\/#\\\/schema\\\/logo\\\/image\\\/\",\"url\":\"https:\\\/\\\/lospoliticosveracruz.com\\\/wp-content\\\/uploads\\\/2025\\\/12\\\/Logo-Nuevo-LOS-POLITICOS-1.jpg\",\"contentUrl\":\"https:\\\/\\\/lospoliticosveracruz.com\\\/wp-content\\\/uploads\\\/2025\\\/12\\\/Logo-Nuevo-LOS-POLITICOS-1.jpg\",\"width\":260,\"height\":70,\"caption\":\"Los pol\u00edticos Veracruz\"},\"image\":{\"@id\":\"https:\\\/\\\/lospoliticosveracruz.com\\\/#\\\/schema\\\/logo\\\/image\\\/\"},\"sameAs\":[\"https:\\\/\\\/www.facebook.com\\\/people\\\/Notimemes-de-los-Polticos\\\/61565672886568\\\/\",\"https:\\\/\\\/x.com\\\/LosPoliticosVer\"]},{\"@type\":\"Person\",\"@id\":\"https:\\\/\\\/lospoliticosveracruz.com\\\/#\\\/schema\\\/person\\\/b8702bb0e538456e6efd07080bf2a4a2\",\"name\":\"Lo viste en Los Pol\u00edticos\",\"image\":{\"@type\":\"ImageObject\",\"inLanguage\":\"es\",\"@id\":\"https:\\\/\\\/secure.gravatar.com\\\/avatar\\\/3a8de04a2656d44082be478bd6c086daa447c4651605818287b9532d3d0bd435?s=96&d=mm&r=g\",\"url\":\"https:\\\/\\\/secure.gravatar.com\\\/avatar\\\/3a8de04a2656d44082be478bd6c086daa447c4651605818287b9532d3d0bd435?s=96&d=mm&r=g\",\"contentUrl\":\"https:\\\/\\\/secure.gravatar.com\\\/avatar\\\/3a8de04a2656d44082be478bd6c086daa447c4651605818287b9532d3d0bd435?s=96&d=mm&r=g\",\"caption\":\"Lo viste en Los Pol\u00edticos\"},\"url\":\"https:\\\/\\\/lospoliticosveracruz.com\\\/?author=2\"}]}<\/script>\n<!-- \/ Yoast SEO plugin. -->","yoast_head_json":{"title":"BAJAN A HUERTA - Los pol\u00edticos Veracruz","robots":{"index":"index","follow":"follow","max-snippet":"max-snippet:-1","max-image-preview":"max-image-preview:large","max-video-preview":"max-video-preview:-1"},"canonical":"https:\/\/lospoliticosveracruz.com\/?p=119400","og_locale":"es_ES","og_type":"article","og_title":"BAJAN A HUERTA - Los pol\u00edticos Veracruz","og_description":"Oved Contreras Secas Mecas Sin que hasta el momento exista un pronunciamiento oficial por parte de Morena, ayer viernes por la noche se confirm\u00f3 que Manuel Huerta Ladr\u00f3n de Guevara fue bajado a la segunda f\u00f3rmula de la candidatura al Senado por la alianza Morena-PT-PVEM, mientras que la comadre de la zacatecana, Claudia Tello, que [&hellip;]","og_url":"https:\/\/lospoliticosveracruz.com\/?p=119400","og_site_name":"Los pol\u00edticos Veracruz","article_publisher":"https:\/\/www.facebook.com\/people\/Notimemes-de-los-Polticos\/61565672886568\/","article_published_time":"2024-03-02T14:08:53+00:00","article_modified_time":"2024-03-02T14:09:02+00:00","og_image":[{"width":200,"height":200,"url":"https:\/\/lospoliticosveracruz.com\/wp-content\/uploads\/2016\/07\/Logo-Dor.jpg","type":"image\/jpeg"}],"author":"Lo viste en Los Pol\u00edticos","twitter_card":"summary_large_image","twitter_creator":"@LosPoliticosVer","twitter_site":"@LosPoliticosVer","twitter_misc":{"Escrito por":"Lo viste en Los Pol\u00edticos","Tiempo de lectura":"6 minutos"},"schema":{"@context":"https:\/\/schema.org","@graph":[{"@type":"Article","@id":"https:\/\/lospoliticosveracruz.com\/?p=119400#article","isPartOf":{"@id":"https:\/\/lospoliticosveracruz.com\/?p=119400"},"author":{"name":"Lo viste en Los Pol\u00edticos","@id":"https:\/\/lospoliticosveracruz.com\/#\/schema\/person\/b8702bb0e538456e6efd07080bf2a4a2"},"headline":"BAJAN A HUERTA","datePublished":"2024-03-02T14:08:53+00:00","dateModified":"2024-03-02T14:09:02+00:00","mainEntityOfPage":{"@id":"https:\/\/lospoliticosveracruz.com\/?p=119400"},"wordCount":1104,"publisher":{"@id":"https:\/\/lospoliticosveracruz.com\/#organization"},"keywords":["Andr\u00e9s Manuel L\u00f3pez Obrador","Manuel Huerta Ladr\u00f3n de Guevara","Miguel \u00c1ngel Yunes M\u00e1rquez","Roc\u00edo Nahle","Sara Ladr\u00f3n de Guevara","Veracruz"],"articleSection":["De Opini\u00f3n"],"inLanguage":"es"},{"@type":"WebPage","@id":"https:\/\/lospoliticosveracruz.com\/?p=119400","url":"https:\/\/lospoliticosveracruz.com\/?p=119400","name":"BAJAN A HUERTA - Los pol\u00edticos Veracruz","isPartOf":{"@id":"https:\/\/lospoliticosveracruz.com\/#website"},"datePublished":"2024-03-02T14:08:53+00:00","dateModified":"2024-03-02T14:09:02+00:00","breadcrumb":{"@id":"https:\/\/lospoliticosveracruz.com\/?p=119400#breadcrumb"},"inLanguage":"es","potentialAction":[{"@type":"ReadAction","target":["https:\/\/lospoliticosveracruz.com\/?p=119400"]}]},{"@type":"BreadcrumbList","@id":"https:\/\/lospoliticosveracruz.com\/?p=119400#breadcrumb","itemListElement":[{"@type":"ListItem","position":1,"name":"Portada","item":"https:\/\/lospoliticosveracruz.com\/"},{"@type":"ListItem","position":2,"name":"BAJAN A HUERTA"}]},{"@type":"WebSite","@id":"https:\/\/lospoliticosveracruz.com\/#website","url":"https:\/\/lospoliticosveracruz.com\/","name":"Los pol\u00edticos Veracruz","description":"","publisher":{"@id":"https:\/\/lospoliticosveracruz.com\/#organization"},"potentialAction":[{"@type":"SearchAction","target":{"@type":"EntryPoint","urlTemplate":"https:\/\/lospoliticosveracruz.com\/?s={search_term_string}"},"query-input":{"@type":"PropertyValueSpecification","valueRequired":true,"valueName":"search_term_string"}}],"inLanguage":"es"},{"@type":"Organization","@id":"https:\/\/lospoliticosveracruz.com\/#organization","name":"Los pol\u00edticos Veracruz","url":"https:\/\/lospoliticosveracruz.com\/","logo":{"@type":"ImageObject","inLanguage":"es","@id":"https:\/\/lospoliticosveracruz.com\/#\/schema\/logo\/image\/","url":"https:\/\/lospoliticosveracruz.com\/wp-content\/uploads\/2025\/12\/Logo-Nuevo-LOS-POLITICOS-1.jpg","contentUrl":"https:\/\/lospoliticosveracruz.com\/wp-content\/uploads\/2025\/12\/Logo-Nuevo-LOS-POLITICOS-1.jpg","width":260,"height":70,"caption":"Los pol\u00edticos Veracruz"},"image":{"@id":"https:\/\/lospoliticosveracruz.com\/#\/schema\/logo\/image\/"},"sameAs":["https:\/\/www.facebook.com\/people\/Notimemes-de-los-Polticos\/61565672886568\/","https:\/\/x.com\/LosPoliticosVer"]},{"@type":"Person","@id":"https:\/\/lospoliticosveracruz.com\/#\/schema\/person\/b8702bb0e538456e6efd07080bf2a4a2","name":"Lo viste en Los Pol\u00edticos","image":{"@type":"ImageObject","inLanguage":"es","@id":"https:\/\/secure.gravatar.com\/avatar\/3a8de04a2656d44082be478bd6c086daa447c4651605818287b9532d3d0bd435?s=96&d=mm&r=g","url":"https:\/\/secure.gravatar.com\/avatar\/3a8de04a2656d44082be478bd6c086daa447c4651605818287b9532d3d0bd435?s=96&d=mm&r=g","contentUrl":"https:\/\/secure.gravatar.com\/avatar\/3a8de04a2656d44082be478bd6c086daa447c4651605818287b9532d3d0bd435?s=96&d=mm&r=g","caption":"Lo viste en Los Pol\u00edticos"},"url":"https:\/\/lospoliticosveracruz.com\/?author=2"}]}},"_links":{"self":[{"href":"https:\/\/lospoliticosveracruz.com\/index.php?rest_route=\/wp\/v2\/posts\/119400","targetHints":{"allow":["GET"]}}],"collection":[{"href":"https:\/\/lospoliticosveracruz.com\/index.php?rest_route=\/wp\/v2\/posts"}],"about":[{"href":"https:\/\/lospoliticosveracruz.com\/index.php?rest_route=\/wp\/v2\/types\/post"}],"author":[{"embeddable":true,"href":"https:\/\/lospoliticosveracruz.com\/index.php?rest_route=\/wp\/v2\/users\/2"}],"replies":[{"embeddable":true,"href":"https:\/\/lospoliticosveracruz.com\/index.php?rest_route=%2Fwp%2Fv2%2Fcomments&post=119400"}],"version-history":[{"count":1,"href":"https:\/\/lospoliticosveracruz.com\/index.php?rest_route=\/wp\/v2\/posts\/119400\/revisions"}],"predecessor-version":[{"id":119401,"href":"https:\/\/lospoliticosveracruz.com\/index.php?rest_route=\/wp\/v2\/posts\/119400\/revisions\/119401"}],"wp:attachment":[{"href":"https:\/\/lospoliticosveracruz.com\/index.php?rest_route=%2Fwp%2Fv2%2Fmedia&parent=119400"}],"wp:term":[{"taxonomy":"category","embeddable":true,"href":"https:\/\/lospoliticosveracruz.com\/index.php?rest_route=%2Fwp%2Fv2%2Fcategories&post=119400"},{"taxonomy":"post_tag","embeddable":true,"href":"https:\/\/lospoliticosveracruz.com\/index.php?rest_route=%2Fwp%2Fv2%2Ftags&post=119400"}],"curies":[{"name":"wp","href":"https:\/\/api.w.org\/{rel}","templated":true}]}}