{"id":119432,"date":"2024-03-02T17:11:37","date_gmt":"2024-03-02T23:11:37","guid":{"rendered":"https:\/\/lospoliticosveracruz.com.mx\/?p=119432"},"modified":"2024-03-02T17:11:48","modified_gmt":"2024-03-02T23:11:48","slug":"no-al-abuso-policiaco","status":"publish","type":"post","link":"https:\/\/lospoliticosveracruz.com\/?p=119432","title":{"rendered":"NO AL ABUSO POLICIACO!"},"content":{"rendered":"\n<p>Tras una denuncia ciudadana por presunto abuso de autoridad de la Polic\u00eda Municipal, el alcalde Ricardo Ahued Bardahuil asegur\u00f3 que no habr\u00e1 tolerancia ante este tipo de actos, por lo que los oficiales que intervinieron en los hechos se encuentran suspendidos y en caso de encontrarse elementos que confirmen el abuso policiaco, ser\u00e1n despedidos.<\/p>\n\n\n\n<p>El Edil detall\u00f3 que el Director de Seguridad Ciudadana dio acompa\u00f1amiento a la familia del agraviado para presentar una denuncia de hechos en la Fiscal\u00eda General del Estado y, en su caso, fincar responsabilidades penales.<\/p>\n\n\n\n<p>En Xalapa, reiter\u00f3, no se tolerar\u00e1n excesos en la actuaci\u00f3n policial, y quien incurra en abusos, incumpla los protocolos de detenci\u00f3n o viole los derechos humanos de los ciudadanos ser\u00e1 cesado. As\u00ed pues, el mensaje del Alcalde es claro: En Xalapa hay cero tolerancia para el abuso policiaco y quien no lo entienda as\u00ed, desde ya se puede ir de la corporaci\u00f3n.<\/p>\n","protected":false},"excerpt":{"rendered":"<p>Tras una denuncia ciudadana por presunto abuso de autoridad de la Polic\u00eda Municipal, el alcalde Ricardo Ahued Bardahuil asegur\u00f3 que no habr\u00e1 tolerancia ante este tipo de actos, por lo que los oficiales que intervinieron en los hechos se encuentran suspendidos y en caso de encontrarse elementos que confirmen el abuso policiaco, ser\u00e1n despedidos. El [&hellip;]<\/p>\n","protected":false},"author":2,"featured_media":0,"comment_status":"closed","ping_status":"closed","sticky":false,"template":"","format":"standard","meta":{"tdm_status":"","tdm_grid_status":"","footnotes":""},"categories":[73],"tags":[2812,96],"class_list":{"0":"post-119432","1":"post","2":"type-post","3":"status-publish","4":"format-standard","6":"category-de-boleto","7":"tag-ricardo-ahued-bardahuil","8":"tag-xalapa"},"yoast_head":"<!-- This site is optimized with the Yoast SEO plugin v27.4 - https:\/\/yoast.com\/product\/yoast-seo-wordpress\/ -->\n<title>NO AL ABUSO POLICIACO! - Los pol\u00edticos Veracruz<\/title>\n<meta name=\"robots\" content=\"index, follow, max-snippet:-1, max-image-preview:large, max-video-preview:-1\" \/>\n<link rel=\"canonical\" href=\"https:\/\/lospoliticosveracruz.com\/?p=119432\" \/>\n<meta property=\"og:locale\" content=\"es_ES\" \/>\n<meta property=\"og:type\" content=\"article\" \/>\n<meta property=\"og:title\" content=\"NO AL ABUSO POLICIACO! - Los pol\u00edticos Veracruz\" \/>\n<meta property=\"og:description\" content=\"Tras una denuncia ciudadana por presunto abuso de autoridad de la Polic\u00eda Municipal, el alcalde Ricardo Ahued Bardahuil asegur\u00f3 que no habr\u00e1 tolerancia ante este tipo de actos, por lo que los oficiales que intervinieron en los hechos se encuentran suspendidos y en caso de encontrarse elementos que confirmen el abuso policiaco, ser\u00e1n despedidos. El [&hellip;]\" \/>\n<meta property=\"og:url\" content=\"https:\/\/lospoliticosveracruz.com\/?p=119432\" \/>\n<meta property=\"og:site_name\" content=\"Los pol\u00edticos Veracruz\" \/>\n<meta property=\"article:publisher\" content=\"https:\/\/www.facebook.com\/people\/Notimemes-de-los-Polticos\/61565672886568\/\" \/>\n<meta property=\"article:published_time\" content=\"2024-03-02T23:11:37+00:00\" \/>\n<meta property=\"article:modified_time\" content=\"2024-03-02T23:11:48+00:00\" \/>\n<meta property=\"og:image\" content=\"https:\/\/lospoliticosveracruz.com\/wp-content\/uploads\/2016\/07\/Logo-Dor.jpg\" \/>\n\t<meta property=\"og:image:width\" content=\"200\" \/>\n\t<meta property=\"og:image:height\" content=\"200\" \/>\n\t<meta property=\"og:image:type\" content=\"image\/jpeg\" \/>\n<meta name=\"author\" content=\"Lo viste en Los Pol\u00edticos\" \/>\n<meta name=\"twitter:card\" content=\"summary_large_image\" \/>\n<meta name=\"twitter:creator\" content=\"@LosPoliticosVer\" \/>\n<meta name=\"twitter:site\" content=\"@LosPoliticosVer\" \/>\n<meta name=\"twitter:label1\" content=\"Escrito por\" \/>\n\t<meta name=\"twitter:data1\" content=\"Lo viste en Los Pol\u00edticos\" \/>\n\t<meta name=\"twitter:label2\" content=\"Tiempo de lectura\" \/>\n\t<meta name=\"twitter:data2\" content=\"1 minuto\" \/>\n<script type=\"application\/ld+json\" class=\"yoast-schema-graph\">{\"@context\":\"https:\\\/\\\/schema.org\",\"@graph\":[{\"@type\":\"Article\",\"@id\":\"https:\\\/\\\/lospoliticosveracruz.com\\\/?p=119432#article\",\"isPartOf\":{\"@id\":\"https:\\\/\\\/lospoliticosveracruz.com\\\/?p=119432\"},\"author\":{\"name\":\"Lo viste en Los Pol\u00edticos\",\"@id\":\"https:\\\/\\\/lospoliticosveracruz.com\\\/#\\\/schema\\\/person\\\/b8702bb0e538456e6efd07080bf2a4a2\"},\"headline\":\"NO AL ABUSO POLICIACO!\",\"datePublished\":\"2024-03-02T23:11:37+00:00\",\"dateModified\":\"2024-03-02T23:11:48+00:00\",\"mainEntityOfPage\":{\"@id\":\"https:\\\/\\\/lospoliticosveracruz.com\\\/?p=119432\"},\"wordCount\":163,\"publisher\":{\"@id\":\"https:\\\/\\\/lospoliticosveracruz.com\\\/#organization\"},\"keywords\":[\"Ricardo Ahued Bardahuil\",\"Xalapa\"],\"articleSection\":[\"De Boleto\"],\"inLanguage\":\"es\"},{\"@type\":\"WebPage\",\"@id\":\"https:\\\/\\\/lospoliticosveracruz.com\\\/?p=119432\",\"url\":\"https:\\\/\\\/lospoliticosveracruz.com\\\/?p=119432\",\"name\":\"NO AL ABUSO POLICIACO! - Los pol\u00edticos Veracruz\",\"isPartOf\":{\"@id\":\"https:\\\/\\\/lospoliticosveracruz.com\\\/#website\"},\"datePublished\":\"2024-03-02T23:11:37+00:00\",\"dateModified\":\"2024-03-02T23:11:48+00:00\",\"breadcrumb\":{\"@id\":\"https:\\\/\\\/lospoliticosveracruz.com\\\/?p=119432#breadcrumb\"},\"inLanguage\":\"es\",\"potentialAction\":[{\"@type\":\"ReadAction\",\"target\":[\"https:\\\/\\\/lospoliticosveracruz.com\\\/?p=119432\"]}]},{\"@type\":\"BreadcrumbList\",\"@id\":\"https:\\\/\\\/lospoliticosveracruz.com\\\/?p=119432#breadcrumb\",\"itemListElement\":[{\"@type\":\"ListItem\",\"position\":1,\"name\":\"Portada\",\"item\":\"https:\\\/\\\/lospoliticosveracruz.com\\\/\"},{\"@type\":\"ListItem\",\"position\":2,\"name\":\"NO AL ABUSO POLICIACO!\"}]},{\"@type\":\"WebSite\",\"@id\":\"https:\\\/\\\/lospoliticosveracruz.com\\\/#website\",\"url\":\"https:\\\/\\\/lospoliticosveracruz.com\\\/\",\"name\":\"Los pol\u00edticos Veracruz\",\"description\":\"\",\"publisher\":{\"@id\":\"https:\\\/\\\/lospoliticosveracruz.com\\\/#organization\"},\"potentialAction\":[{\"@type\":\"SearchAction\",\"target\":{\"@type\":\"EntryPoint\",\"urlTemplate\":\"https:\\\/\\\/lospoliticosveracruz.com\\\/?s={search_term_string}\"},\"query-input\":{\"@type\":\"PropertyValueSpecification\",\"valueRequired\":true,\"valueName\":\"search_term_string\"}}],\"inLanguage\":\"es\"},{\"@type\":\"Organization\",\"@id\":\"https:\\\/\\\/lospoliticosveracruz.com\\\/#organization\",\"name\":\"Los pol\u00edticos Veracruz\",\"url\":\"https:\\\/\\\/lospoliticosveracruz.com\\\/\",\"logo\":{\"@type\":\"ImageObject\",\"inLanguage\":\"es\",\"@id\":\"https:\\\/\\\/lospoliticosveracruz.com\\\/#\\\/schema\\\/logo\\\/image\\\/\",\"url\":\"https:\\\/\\\/lospoliticosveracruz.com\\\/wp-content\\\/uploads\\\/2025\\\/12\\\/Logo-Nuevo-LOS-POLITICOS-1.jpg\",\"contentUrl\":\"https:\\\/\\\/lospoliticosveracruz.com\\\/wp-content\\\/uploads\\\/2025\\\/12\\\/Logo-Nuevo-LOS-POLITICOS-1.jpg\",\"width\":260,\"height\":70,\"caption\":\"Los pol\u00edticos Veracruz\"},\"image\":{\"@id\":\"https:\\\/\\\/lospoliticosveracruz.com\\\/#\\\/schema\\\/logo\\\/image\\\/\"},\"sameAs\":[\"https:\\\/\\\/www.facebook.com\\\/people\\\/Notimemes-de-los-Polticos\\\/61565672886568\\\/\",\"https:\\\/\\\/x.com\\\/LosPoliticosVer\"]},{\"@type\":\"Person\",\"@id\":\"https:\\\/\\\/lospoliticosveracruz.com\\\/#\\\/schema\\\/person\\\/b8702bb0e538456e6efd07080bf2a4a2\",\"name\":\"Lo viste en Los Pol\u00edticos\",\"image\":{\"@type\":\"ImageObject\",\"inLanguage\":\"es\",\"@id\":\"https:\\\/\\\/secure.gravatar.com\\\/avatar\\\/3a8de04a2656d44082be478bd6c086daa447c4651605818287b9532d3d0bd435?s=96&d=mm&r=g\",\"url\":\"https:\\\/\\\/secure.gravatar.com\\\/avatar\\\/3a8de04a2656d44082be478bd6c086daa447c4651605818287b9532d3d0bd435?s=96&d=mm&r=g\",\"contentUrl\":\"https:\\\/\\\/secure.gravatar.com\\\/avatar\\\/3a8de04a2656d44082be478bd6c086daa447c4651605818287b9532d3d0bd435?s=96&d=mm&r=g\",\"caption\":\"Lo viste en Los Pol\u00edticos\"},\"url\":\"https:\\\/\\\/lospoliticosveracruz.com\\\/?author=2\"}]}<\/script>\n<!-- \/ Yoast SEO plugin. -->","yoast_head_json":{"title":"NO AL ABUSO POLICIACO! - Los pol\u00edticos Veracruz","robots":{"index":"index","follow":"follow","max-snippet":"max-snippet:-1","max-image-preview":"max-image-preview:large","max-video-preview":"max-video-preview:-1"},"canonical":"https:\/\/lospoliticosveracruz.com\/?p=119432","og_locale":"es_ES","og_type":"article","og_title":"NO AL ABUSO POLICIACO! - Los pol\u00edticos Veracruz","og_description":"Tras una denuncia ciudadana por presunto abuso de autoridad de la Polic\u00eda Municipal, el alcalde Ricardo Ahued Bardahuil asegur\u00f3 que no habr\u00e1 tolerancia ante este tipo de actos, por lo que los oficiales que intervinieron en los hechos se encuentran suspendidos y en caso de encontrarse elementos que confirmen el abuso policiaco, ser\u00e1n despedidos. El [&hellip;]","og_url":"https:\/\/lospoliticosveracruz.com\/?p=119432","og_site_name":"Los pol\u00edticos Veracruz","article_publisher":"https:\/\/www.facebook.com\/people\/Notimemes-de-los-Polticos\/61565672886568\/","article_published_time":"2024-03-02T23:11:37+00:00","article_modified_time":"2024-03-02T23:11:48+00:00","og_image":[{"width":200,"height":200,"url":"https:\/\/lospoliticosveracruz.com\/wp-content\/uploads\/2016\/07\/Logo-Dor.jpg","type":"image\/jpeg"}],"author":"Lo viste en Los Pol\u00edticos","twitter_card":"summary_large_image","twitter_creator":"@LosPoliticosVer","twitter_site":"@LosPoliticosVer","twitter_misc":{"Escrito por":"Lo viste en Los Pol\u00edticos","Tiempo de lectura":"1 minuto"},"schema":{"@context":"https:\/\/schema.org","@graph":[{"@type":"Article","@id":"https:\/\/lospoliticosveracruz.com\/?p=119432#article","isPartOf":{"@id":"https:\/\/lospoliticosveracruz.com\/?p=119432"},"author":{"name":"Lo viste en Los Pol\u00edticos","@id":"https:\/\/lospoliticosveracruz.com\/#\/schema\/person\/b8702bb0e538456e6efd07080bf2a4a2"},"headline":"NO AL ABUSO POLICIACO!","datePublished":"2024-03-02T23:11:37+00:00","dateModified":"2024-03-02T23:11:48+00:00","mainEntityOfPage":{"@id":"https:\/\/lospoliticosveracruz.com\/?p=119432"},"wordCount":163,"publisher":{"@id":"https:\/\/lospoliticosveracruz.com\/#organization"},"keywords":["Ricardo Ahued Bardahuil","Xalapa"],"articleSection":["De Boleto"],"inLanguage":"es"},{"@type":"WebPage","@id":"https:\/\/lospoliticosveracruz.com\/?p=119432","url":"https:\/\/lospoliticosveracruz.com\/?p=119432","name":"NO AL ABUSO POLICIACO! - Los pol\u00edticos Veracruz","isPartOf":{"@id":"https:\/\/lospoliticosveracruz.com\/#website"},"datePublished":"2024-03-02T23:11:37+00:00","dateModified":"2024-03-02T23:11:48+00:00","breadcrumb":{"@id":"https:\/\/lospoliticosveracruz.com\/?p=119432#breadcrumb"},"inLanguage":"es","potentialAction":[{"@type":"ReadAction","target":["https:\/\/lospoliticosveracruz.com\/?p=119432"]}]},{"@type":"BreadcrumbList","@id":"https:\/\/lospoliticosveracruz.com\/?p=119432#breadcrumb","itemListElement":[{"@type":"ListItem","position":1,"name":"Portada","item":"https:\/\/lospoliticosveracruz.com\/"},{"@type":"ListItem","position":2,"name":"NO AL ABUSO POLICIACO!"}]},{"@type":"WebSite","@id":"https:\/\/lospoliticosveracruz.com\/#website","url":"https:\/\/lospoliticosveracruz.com\/","name":"Los pol\u00edticos Veracruz","description":"","publisher":{"@id":"https:\/\/lospoliticosveracruz.com\/#organization"},"potentialAction":[{"@type":"SearchAction","target":{"@type":"EntryPoint","urlTemplate":"https:\/\/lospoliticosveracruz.com\/?s={search_term_string}"},"query-input":{"@type":"PropertyValueSpecification","valueRequired":true,"valueName":"search_term_string"}}],"inLanguage":"es"},{"@type":"Organization","@id":"https:\/\/lospoliticosveracruz.com\/#organization","name":"Los pol\u00edticos Veracruz","url":"https:\/\/lospoliticosveracruz.com\/","logo":{"@type":"ImageObject","inLanguage":"es","@id":"https:\/\/lospoliticosveracruz.com\/#\/schema\/logo\/image\/","url":"https:\/\/lospoliticosveracruz.com\/wp-content\/uploads\/2025\/12\/Logo-Nuevo-LOS-POLITICOS-1.jpg","contentUrl":"https:\/\/lospoliticosveracruz.com\/wp-content\/uploads\/2025\/12\/Logo-Nuevo-LOS-POLITICOS-1.jpg","width":260,"height":70,"caption":"Los pol\u00edticos Veracruz"},"image":{"@id":"https:\/\/lospoliticosveracruz.com\/#\/schema\/logo\/image\/"},"sameAs":["https:\/\/www.facebook.com\/people\/Notimemes-de-los-Polticos\/61565672886568\/","https:\/\/x.com\/LosPoliticosVer"]},{"@type":"Person","@id":"https:\/\/lospoliticosveracruz.com\/#\/schema\/person\/b8702bb0e538456e6efd07080bf2a4a2","name":"Lo viste en Los Pol\u00edticos","image":{"@type":"ImageObject","inLanguage":"es","@id":"https:\/\/secure.gravatar.com\/avatar\/3a8de04a2656d44082be478bd6c086daa447c4651605818287b9532d3d0bd435?s=96&d=mm&r=g","url":"https:\/\/secure.gravatar.com\/avatar\/3a8de04a2656d44082be478bd6c086daa447c4651605818287b9532d3d0bd435?s=96&d=mm&r=g","contentUrl":"https:\/\/secure.gravatar.com\/avatar\/3a8de04a2656d44082be478bd6c086daa447c4651605818287b9532d3d0bd435?s=96&d=mm&r=g","caption":"Lo viste en Los Pol\u00edticos"},"url":"https:\/\/lospoliticosveracruz.com\/?author=2"}]}},"_links":{"self":[{"href":"https:\/\/lospoliticosveracruz.com\/index.php?rest_route=\/wp\/v2\/posts\/119432","targetHints":{"allow":["GET"]}}],"collection":[{"href":"https:\/\/lospoliticosveracruz.com\/index.php?rest_route=\/wp\/v2\/posts"}],"about":[{"href":"https:\/\/lospoliticosveracruz.com\/index.php?rest_route=\/wp\/v2\/types\/post"}],"author":[{"embeddable":true,"href":"https:\/\/lospoliticosveracruz.com\/index.php?rest_route=\/wp\/v2\/users\/2"}],"replies":[{"embeddable":true,"href":"https:\/\/lospoliticosveracruz.com\/index.php?rest_route=%2Fwp%2Fv2%2Fcomments&post=119432"}],"version-history":[{"count":1,"href":"https:\/\/lospoliticosveracruz.com\/index.php?rest_route=\/wp\/v2\/posts\/119432\/revisions"}],"predecessor-version":[{"id":119434,"href":"https:\/\/lospoliticosveracruz.com\/index.php?rest_route=\/wp\/v2\/posts\/119432\/revisions\/119434"}],"wp:attachment":[{"href":"https:\/\/lospoliticosveracruz.com\/index.php?rest_route=%2Fwp%2Fv2%2Fmedia&parent=119432"}],"wp:term":[{"taxonomy":"category","embeddable":true,"href":"https:\/\/lospoliticosveracruz.com\/index.php?rest_route=%2Fwp%2Fv2%2Fcategories&post=119432"},{"taxonomy":"post_tag","embeddable":true,"href":"https:\/\/lospoliticosveracruz.com\/index.php?rest_route=%2Fwp%2Fv2%2Ftags&post=119432"}],"curies":[{"name":"wp","href":"https:\/\/api.w.org\/{rel}","templated":true}]}}