{"id":119435,"date":"2024-03-03T00:22:47","date_gmt":"2024-03-03T06:22:47","guid":{"rendered":"https:\/\/lospoliticosveracruz.com.mx\/?p=119435"},"modified":"2024-03-03T00:22:56","modified_gmt":"2024-03-03T06:22:56","slug":"la-ii-formula-de-manuel-huerta","status":"publish","type":"post","link":"https:\/\/lospoliticosveracruz.com\/?p=119435","title":{"rendered":"LA II F\u00d3RMULA DE MANUEL HUERTA"},"content":{"rendered":"\n<p><strong>Ricardo Chua<\/strong><\/p>\n\n\n\n<p><em>Sale y Vale<\/em><\/p>\n\n\n\n<p>EXCLUSIVA&#8230; Al conocerse que Manuel Huerta Ladr\u00f3n de Guevara fue \u00abbajado\u00bb como candidato a la segunda f\u00f3rmula al Senado por MORENA en Veracruz y subir a Claudia Tello a la primera posici\u00f3n, pese a que gan\u00f3 la encuesta interna a la candidatura a gobernador.. Cedida por raz\u00f3n de g\u00e9nero a Roc\u00edo Nahle.. Muchas especulaciones se hicieron al respecto.. Pero \u00abGarganta Profunda\u00bb dice que son dos las m\u00e1s trascendentes.. Una porque pierden y la otra por \u00abcastigo\u00bb sumado a fuertes interese$..<\/p>\n\n\n\n<p>La primera versi\u00f3n que tiene \u00abGarganta Profunda\u00bb de Palacio de Gobierno.. Es que en MORENA, luego que midieron en encuestas, como empezar\u00eda la campa\u00f1a al Senado, luego de incluir al ex gobernador, Miguel \u00c1ngel Yunes Linares, a la lista al Senado por el PAN, y los n\u00fameros que arroj\u00f3 el sondeo.. NO FUERON FAVORABLES porque \u00abPapaYunes\u00bb puso esta competencia a 4 puntos de diferencia entre MORENA y la alianza opositora.. Y en el \u00abb\u00fanker\u00bb de los Morenos no quisieron arriesgar porque TIENEN la idea de que van a PERDER.. Y a Huerta lo bajan..<\/p>\n\n\n\n<p>El motivo es sencillo de esta decisi\u00f3n de \u00abbajar\u00bb a Huerta, seg\u00fan \u00abGarganta Profunda\u00bb, ya que existe la posibilidad de perder, porque los Yunes \u00abAzules\u00bb pueden alcanzar las f\u00f3rmulas del Senado de MORENA en la primera semana de abril y de ah\u00ed rebasarlos.. Y como ser\u00eda dif\u00edcil darles la vuelta.. Mejor aseguraban que uno de ellos (Claudia Tello) entrara como primera minor\u00eda al Senado y no Manuel Huerta.. Ya que ganando o perdiendo la elecci\u00f3n la primera f\u00f3rmula de MORENA o PAN al Senado tienen su espacio asegurado.. Entonces \u00bfPa qu\u00e9 arriesgarse?\u2026<\/p>\n\n\n\n<p>Claudia Tello es miembro del equipo pol\u00edtico de Roc\u00edo Nahle y Claudia Shienbaum.. Tello depende de ellas y le es leal a ellas.. En cambio Huerta, que es el activo pol\u00edtico m\u00e1s importante en MORENA Veracruz, s\u00f3lo le es leal a s\u00ed mismo y sus convicciones.. Tiene su propia estructura pol\u00edtica y es la que mejor camina en MORENA, por eso, dice \u00abGarganta Profunda\u00bb que Manuel Huerta entre al Senado y Roc\u00edo Nahle gane la gubernatura.. Huerta se le \u00abmonta\u00bb para el 2030.. Y el grupo Nahle-Cuitl\u00e1huac Garc\u00eda los rebasa y les dice BYE.. \u00bfL\u00f3gico que lo bajen, no?..<\/p>\n\n\n\n<p>Ya que tambi\u00e9n si MORENA pierde la gubernatura de Veracruz y Manuel Huerta entrar\u00e1 al Senado.. No habr\u00eda problema para que \u00e9ste transite con Pepe Yunes y no tenga ning\u00fan problema que se quede como el \u00abl\u00edder moral\u00bb de los Morenos en la entidad, a partir del 2024.. Ya que Claudia Tello no tiene esa capacidad de operaci\u00f3n pol\u00edtica que tiene el hoy aspirante al Senado por la segunda f\u00f3rmula.. Por eso, el \u00abbajarlo\u00bb es una estrategia pol\u00edtica de los que manejan MORENA en Veracruz, por si se pierde, no se encumbre.. Ya que la \u00abmarca\u00bb seguir\u00eda fuerte..<\/p>\n\n\n\n<p>La seg\u00fan versi\u00f3n que cuenta \u00abGarganta Profunda\u00bb es que Manuel Huerta fue \u00abcastigado\u00bb por MORENA, debido a la \u00abpresi\u00f3n\u00bb que metieron al comit\u00e9 nacional de este partido, tanto de Palacio de Gobierno como del equipo de campa\u00f1a de Roc\u00edo Nahle.. Ya que PRESUNTAMENTE el aspirante a senador s\u00f3lo trabaja para \u00e9l con su estructura que form\u00f3 cuando era el delegado federal de Bienestar en Veracruz.. Y que no la \u00abpresta\u00bb a ninguno de los operadores de Nahle para apuntalar su campa\u00f1a.. Ya que se la pueden \u00abcontaminar\u00bb o corromper..<\/p>\n\n\n\n<p>Fue tanta la presi\u00f3n, comenta \u00abGarganta Profunda\u00bb, que lo \u00abdoblaron\u00bb de esa manera.. Ya que las quejas de Palacio de Gobierno por esa situaci\u00f3n eran muy fuertes de que Huerta estaba -jugando- s\u00f3lo y no le met\u00eda \u00abganas\u00bb al tema de la gubernatura.. Ya que al ir en Primera F\u00f3rmula, le daba la seguridad que perdiera o ganara el Senado, \u00e9l entraba.. Y que si ganaba o perd\u00eda Roc\u00edo Nahle, \u00e9l de todos modos ser\u00eda senador.. Ahora con ese \u00abcambio\u00bb le obligan a trabajar para ganar el Senado y as\u00ed poder entrar.. Si gana Miguel Yunes, Huerta queda fuera..<\/p>\n\n\n\n<p>Ya que al ir en la segunda f\u00f3rmula.. Huerta tendr\u00e1 que meterle a la \u00abtalacha\u00bb electoral en todo Veracruz y echarse a Roc\u00edo Nahle a las \u00abespaldas\u00bb para ayudarla a subir en las preferencias electorales en el Estado.. Y no poner en riesgo que se pierda la gubernatura y que \u00e9l tambi\u00e9n saque el Senado a favor de MORENA, ahora que los Yunes \u00abAzules\u00bb se han acercado a 4 puntos.. Esto debido a que la lista nominal al Senado en Veracruz es la misma que la gubernatura.. Mismas casillas.. Todo es igual.. Gana Huerta, crece Nahle.. Es lo real..<\/p>\n\n\n\n<p>A pesar de que Mario Delgado estaba renuente a hacerlo por no meterse en conflictos en Veracruz.. Las presiones llegaron al CEN desde Palacio Nacional cuando les ense\u00f1aron las encuestas del \u00abempate t\u00e9cnico\u00bb de los Yunes \u00abAzules\u00bb al Senado y la cercan\u00eda de Pepe Yunes con Roc\u00edo Nahle a la gubernatura.. No qued\u00f3 de otra y como sucede con Mario Delgado, presuntamente lo que no suena l\u00f3gico, suena \u00abmet\u00e1lico\u00bb.. Por eso, cedi\u00f3.. Huerta sabe porque lo bajaron y en esta vida, \u00abno es indio, el que no se venga\u00bb.. AMEN..<\/p>\n","protected":false},"excerpt":{"rendered":"<p>Ricardo Chua Sale y Vale EXCLUSIVA&#8230; Al conocerse que Manuel Huerta Ladr\u00f3n de Guevara fue \u00abbajado\u00bb como candidato a la segunda f\u00f3rmula al Senado por MORENA en Veracruz y subir a Claudia Tello a la primera posici\u00f3n, pese a que gan\u00f3 la encuesta interna a la candidatura a gobernador.. Cedida por raz\u00f3n de g\u00e9nero a [&hellip;]<\/p>\n","protected":false},"author":2,"featured_media":0,"comment_status":"closed","ping_status":"closed","sticky":false,"template":"","format":"standard","meta":{"tdm_status":"","tdm_grid_status":"","footnotes":""},"categories":[70],"tags":[9627,19961,10317,1026,3578,195],"class_list":{"0":"post-119435","1":"post","2":"type-post","3":"status-publish","4":"format-standard","6":"category-de-opinion","7":"tag-claudia-sheinbaum","8":"tag-claudia-tello","9":"tag-manuel-huerta","10":"tag-morena","11":"tag-rocio-nahle","12":"tag-veracruz"},"yoast_head":"<!-- This site is optimized with the Yoast SEO plugin v27.4 - https:\/\/yoast.com\/product\/yoast-seo-wordpress\/ -->\n<title>LA II F\u00d3RMULA DE MANUEL HUERTA - Los pol\u00edticos Veracruz<\/title>\n<meta name=\"robots\" content=\"index, follow, max-snippet:-1, max-image-preview:large, max-video-preview:-1\" \/>\n<link rel=\"canonical\" href=\"https:\/\/lospoliticosveracruz.com\/?p=119435\" \/>\n<meta property=\"og:locale\" content=\"es_ES\" \/>\n<meta property=\"og:type\" content=\"article\" \/>\n<meta property=\"og:title\" content=\"LA II F\u00d3RMULA DE MANUEL HUERTA - Los pol\u00edticos Veracruz\" \/>\n<meta property=\"og:description\" content=\"Ricardo Chua Sale y Vale EXCLUSIVA&#8230; Al conocerse que Manuel Huerta Ladr\u00f3n de Guevara fue \u00abbajado\u00bb como candidato a la segunda f\u00f3rmula al Senado por MORENA en Veracruz y subir a Claudia Tello a la primera posici\u00f3n, pese a que gan\u00f3 la encuesta interna a la candidatura a gobernador.. Cedida por raz\u00f3n de g\u00e9nero a [&hellip;]\" \/>\n<meta property=\"og:url\" content=\"https:\/\/lospoliticosveracruz.com\/?p=119435\" \/>\n<meta property=\"og:site_name\" content=\"Los pol\u00edticos Veracruz\" \/>\n<meta property=\"article:publisher\" content=\"https:\/\/www.facebook.com\/people\/Notimemes-de-los-Polticos\/61565672886568\/\" \/>\n<meta property=\"article:published_time\" content=\"2024-03-03T06:22:47+00:00\" \/>\n<meta property=\"article:modified_time\" content=\"2024-03-03T06:22:56+00:00\" \/>\n<meta property=\"og:image\" content=\"https:\/\/lospoliticosveracruz.com\/wp-content\/uploads\/2016\/07\/Logo-Dor.jpg\" \/>\n\t<meta property=\"og:image:width\" content=\"200\" \/>\n\t<meta property=\"og:image:height\" content=\"200\" \/>\n\t<meta property=\"og:image:type\" content=\"image\/jpeg\" \/>\n<meta name=\"author\" content=\"Lo viste en Los Pol\u00edticos\" \/>\n<meta name=\"twitter:card\" content=\"summary_large_image\" \/>\n<meta name=\"twitter:creator\" content=\"@LosPoliticosVer\" \/>\n<meta name=\"twitter:site\" content=\"@LosPoliticosVer\" \/>\n<meta name=\"twitter:label1\" content=\"Escrito por\" \/>\n\t<meta name=\"twitter:data1\" content=\"Lo viste en Los Pol\u00edticos\" \/>\n\t<meta name=\"twitter:label2\" content=\"Tiempo de lectura\" \/>\n\t<meta name=\"twitter:data2\" content=\"5 minutos\" \/>\n<script type=\"application\/ld+json\" class=\"yoast-schema-graph\">{\"@context\":\"https:\\\/\\\/schema.org\",\"@graph\":[{\"@type\":\"Article\",\"@id\":\"https:\\\/\\\/lospoliticosveracruz.com\\\/?p=119435#article\",\"isPartOf\":{\"@id\":\"https:\\\/\\\/lospoliticosveracruz.com\\\/?p=119435\"},\"author\":{\"name\":\"Lo viste en Los Pol\u00edticos\",\"@id\":\"https:\\\/\\\/lospoliticosveracruz.com\\\/#\\\/schema\\\/person\\\/b8702bb0e538456e6efd07080bf2a4a2\"},\"headline\":\"LA II F\u00d3RMULA DE MANUEL HUERTA\",\"datePublished\":\"2024-03-03T06:22:47+00:00\",\"dateModified\":\"2024-03-03T06:22:56+00:00\",\"mainEntityOfPage\":{\"@id\":\"https:\\\/\\\/lospoliticosveracruz.com\\\/?p=119435\"},\"wordCount\":911,\"publisher\":{\"@id\":\"https:\\\/\\\/lospoliticosveracruz.com\\\/#organization\"},\"keywords\":[\"Claudia Sheinbaum\",\"Claudia Tello\",\"Manuel Huerta\",\"Morena\",\"Roc\u00edo Nahle\",\"Veracruz\"],\"articleSection\":[\"De Opini\u00f3n\"],\"inLanguage\":\"es\"},{\"@type\":\"WebPage\",\"@id\":\"https:\\\/\\\/lospoliticosveracruz.com\\\/?p=119435\",\"url\":\"https:\\\/\\\/lospoliticosveracruz.com\\\/?p=119435\",\"name\":\"LA II F\u00d3RMULA DE MANUEL HUERTA - Los pol\u00edticos Veracruz\",\"isPartOf\":{\"@id\":\"https:\\\/\\\/lospoliticosveracruz.com\\\/#website\"},\"datePublished\":\"2024-03-03T06:22:47+00:00\",\"dateModified\":\"2024-03-03T06:22:56+00:00\",\"breadcrumb\":{\"@id\":\"https:\\\/\\\/lospoliticosveracruz.com\\\/?p=119435#breadcrumb\"},\"inLanguage\":\"es\",\"potentialAction\":[{\"@type\":\"ReadAction\",\"target\":[\"https:\\\/\\\/lospoliticosveracruz.com\\\/?p=119435\"]}]},{\"@type\":\"BreadcrumbList\",\"@id\":\"https:\\\/\\\/lospoliticosveracruz.com\\\/?p=119435#breadcrumb\",\"itemListElement\":[{\"@type\":\"ListItem\",\"position\":1,\"name\":\"Portada\",\"item\":\"https:\\\/\\\/lospoliticosveracruz.com\\\/\"},{\"@type\":\"ListItem\",\"position\":2,\"name\":\"LA II F\u00d3RMULA DE MANUEL HUERTA\"}]},{\"@type\":\"WebSite\",\"@id\":\"https:\\\/\\\/lospoliticosveracruz.com\\\/#website\",\"url\":\"https:\\\/\\\/lospoliticosveracruz.com\\\/\",\"name\":\"Los pol\u00edticos Veracruz\",\"description\":\"\",\"publisher\":{\"@id\":\"https:\\\/\\\/lospoliticosveracruz.com\\\/#organization\"},\"potentialAction\":[{\"@type\":\"SearchAction\",\"target\":{\"@type\":\"EntryPoint\",\"urlTemplate\":\"https:\\\/\\\/lospoliticosveracruz.com\\\/?s={search_term_string}\"},\"query-input\":{\"@type\":\"PropertyValueSpecification\",\"valueRequired\":true,\"valueName\":\"search_term_string\"}}],\"inLanguage\":\"es\"},{\"@type\":\"Organization\",\"@id\":\"https:\\\/\\\/lospoliticosveracruz.com\\\/#organization\",\"name\":\"Los pol\u00edticos Veracruz\",\"url\":\"https:\\\/\\\/lospoliticosveracruz.com\\\/\",\"logo\":{\"@type\":\"ImageObject\",\"inLanguage\":\"es\",\"@id\":\"https:\\\/\\\/lospoliticosveracruz.com\\\/#\\\/schema\\\/logo\\\/image\\\/\",\"url\":\"https:\\\/\\\/lospoliticosveracruz.com\\\/wp-content\\\/uploads\\\/2025\\\/12\\\/Logo-Nuevo-LOS-POLITICOS-1.jpg\",\"contentUrl\":\"https:\\\/\\\/lospoliticosveracruz.com\\\/wp-content\\\/uploads\\\/2025\\\/12\\\/Logo-Nuevo-LOS-POLITICOS-1.jpg\",\"width\":260,\"height\":70,\"caption\":\"Los pol\u00edticos Veracruz\"},\"image\":{\"@id\":\"https:\\\/\\\/lospoliticosveracruz.com\\\/#\\\/schema\\\/logo\\\/image\\\/\"},\"sameAs\":[\"https:\\\/\\\/www.facebook.com\\\/people\\\/Notimemes-de-los-Polticos\\\/61565672886568\\\/\",\"https:\\\/\\\/x.com\\\/LosPoliticosVer\"]},{\"@type\":\"Person\",\"@id\":\"https:\\\/\\\/lospoliticosveracruz.com\\\/#\\\/schema\\\/person\\\/b8702bb0e538456e6efd07080bf2a4a2\",\"name\":\"Lo viste en Los Pol\u00edticos\",\"image\":{\"@type\":\"ImageObject\",\"inLanguage\":\"es\",\"@id\":\"https:\\\/\\\/secure.gravatar.com\\\/avatar\\\/3a8de04a2656d44082be478bd6c086daa447c4651605818287b9532d3d0bd435?s=96&d=mm&r=g\",\"url\":\"https:\\\/\\\/secure.gravatar.com\\\/avatar\\\/3a8de04a2656d44082be478bd6c086daa447c4651605818287b9532d3d0bd435?s=96&d=mm&r=g\",\"contentUrl\":\"https:\\\/\\\/secure.gravatar.com\\\/avatar\\\/3a8de04a2656d44082be478bd6c086daa447c4651605818287b9532d3d0bd435?s=96&d=mm&r=g\",\"caption\":\"Lo viste en Los Pol\u00edticos\"},\"url\":\"https:\\\/\\\/lospoliticosveracruz.com\\\/?author=2\"}]}<\/script>\n<!-- \/ Yoast SEO plugin. -->","yoast_head_json":{"title":"LA II F\u00d3RMULA DE MANUEL HUERTA - Los pol\u00edticos Veracruz","robots":{"index":"index","follow":"follow","max-snippet":"max-snippet:-1","max-image-preview":"max-image-preview:large","max-video-preview":"max-video-preview:-1"},"canonical":"https:\/\/lospoliticosveracruz.com\/?p=119435","og_locale":"es_ES","og_type":"article","og_title":"LA II F\u00d3RMULA DE MANUEL HUERTA - Los pol\u00edticos Veracruz","og_description":"Ricardo Chua Sale y Vale EXCLUSIVA&#8230; Al conocerse que Manuel Huerta Ladr\u00f3n de Guevara fue \u00abbajado\u00bb como candidato a la segunda f\u00f3rmula al Senado por MORENA en Veracruz y subir a Claudia Tello a la primera posici\u00f3n, pese a que gan\u00f3 la encuesta interna a la candidatura a gobernador.. Cedida por raz\u00f3n de g\u00e9nero a [&hellip;]","og_url":"https:\/\/lospoliticosveracruz.com\/?p=119435","og_site_name":"Los pol\u00edticos Veracruz","article_publisher":"https:\/\/www.facebook.com\/people\/Notimemes-de-los-Polticos\/61565672886568\/","article_published_time":"2024-03-03T06:22:47+00:00","article_modified_time":"2024-03-03T06:22:56+00:00","og_image":[{"width":200,"height":200,"url":"https:\/\/lospoliticosveracruz.com\/wp-content\/uploads\/2016\/07\/Logo-Dor.jpg","type":"image\/jpeg"}],"author":"Lo viste en Los Pol\u00edticos","twitter_card":"summary_large_image","twitter_creator":"@LosPoliticosVer","twitter_site":"@LosPoliticosVer","twitter_misc":{"Escrito por":"Lo viste en Los Pol\u00edticos","Tiempo de lectura":"5 minutos"},"schema":{"@context":"https:\/\/schema.org","@graph":[{"@type":"Article","@id":"https:\/\/lospoliticosveracruz.com\/?p=119435#article","isPartOf":{"@id":"https:\/\/lospoliticosveracruz.com\/?p=119435"},"author":{"name":"Lo viste en Los Pol\u00edticos","@id":"https:\/\/lospoliticosveracruz.com\/#\/schema\/person\/b8702bb0e538456e6efd07080bf2a4a2"},"headline":"LA II F\u00d3RMULA DE MANUEL HUERTA","datePublished":"2024-03-03T06:22:47+00:00","dateModified":"2024-03-03T06:22:56+00:00","mainEntityOfPage":{"@id":"https:\/\/lospoliticosveracruz.com\/?p=119435"},"wordCount":911,"publisher":{"@id":"https:\/\/lospoliticosveracruz.com\/#organization"},"keywords":["Claudia Sheinbaum","Claudia Tello","Manuel Huerta","Morena","Roc\u00edo Nahle","Veracruz"],"articleSection":["De Opini\u00f3n"],"inLanguage":"es"},{"@type":"WebPage","@id":"https:\/\/lospoliticosveracruz.com\/?p=119435","url":"https:\/\/lospoliticosveracruz.com\/?p=119435","name":"LA II F\u00d3RMULA DE MANUEL HUERTA - Los pol\u00edticos Veracruz","isPartOf":{"@id":"https:\/\/lospoliticosveracruz.com\/#website"},"datePublished":"2024-03-03T06:22:47+00:00","dateModified":"2024-03-03T06:22:56+00:00","breadcrumb":{"@id":"https:\/\/lospoliticosveracruz.com\/?p=119435#breadcrumb"},"inLanguage":"es","potentialAction":[{"@type":"ReadAction","target":["https:\/\/lospoliticosveracruz.com\/?p=119435"]}]},{"@type":"BreadcrumbList","@id":"https:\/\/lospoliticosveracruz.com\/?p=119435#breadcrumb","itemListElement":[{"@type":"ListItem","position":1,"name":"Portada","item":"https:\/\/lospoliticosveracruz.com\/"},{"@type":"ListItem","position":2,"name":"LA II F\u00d3RMULA DE MANUEL HUERTA"}]},{"@type":"WebSite","@id":"https:\/\/lospoliticosveracruz.com\/#website","url":"https:\/\/lospoliticosveracruz.com\/","name":"Los pol\u00edticos Veracruz","description":"","publisher":{"@id":"https:\/\/lospoliticosveracruz.com\/#organization"},"potentialAction":[{"@type":"SearchAction","target":{"@type":"EntryPoint","urlTemplate":"https:\/\/lospoliticosveracruz.com\/?s={search_term_string}"},"query-input":{"@type":"PropertyValueSpecification","valueRequired":true,"valueName":"search_term_string"}}],"inLanguage":"es"},{"@type":"Organization","@id":"https:\/\/lospoliticosveracruz.com\/#organization","name":"Los pol\u00edticos Veracruz","url":"https:\/\/lospoliticosveracruz.com\/","logo":{"@type":"ImageObject","inLanguage":"es","@id":"https:\/\/lospoliticosveracruz.com\/#\/schema\/logo\/image\/","url":"https:\/\/lospoliticosveracruz.com\/wp-content\/uploads\/2025\/12\/Logo-Nuevo-LOS-POLITICOS-1.jpg","contentUrl":"https:\/\/lospoliticosveracruz.com\/wp-content\/uploads\/2025\/12\/Logo-Nuevo-LOS-POLITICOS-1.jpg","width":260,"height":70,"caption":"Los pol\u00edticos Veracruz"},"image":{"@id":"https:\/\/lospoliticosveracruz.com\/#\/schema\/logo\/image\/"},"sameAs":["https:\/\/www.facebook.com\/people\/Notimemes-de-los-Polticos\/61565672886568\/","https:\/\/x.com\/LosPoliticosVer"]},{"@type":"Person","@id":"https:\/\/lospoliticosveracruz.com\/#\/schema\/person\/b8702bb0e538456e6efd07080bf2a4a2","name":"Lo viste en Los Pol\u00edticos","image":{"@type":"ImageObject","inLanguage":"es","@id":"https:\/\/secure.gravatar.com\/avatar\/3a8de04a2656d44082be478bd6c086daa447c4651605818287b9532d3d0bd435?s=96&d=mm&r=g","url":"https:\/\/secure.gravatar.com\/avatar\/3a8de04a2656d44082be478bd6c086daa447c4651605818287b9532d3d0bd435?s=96&d=mm&r=g","contentUrl":"https:\/\/secure.gravatar.com\/avatar\/3a8de04a2656d44082be478bd6c086daa447c4651605818287b9532d3d0bd435?s=96&d=mm&r=g","caption":"Lo viste en Los Pol\u00edticos"},"url":"https:\/\/lospoliticosveracruz.com\/?author=2"}]}},"_links":{"self":[{"href":"https:\/\/lospoliticosveracruz.com\/index.php?rest_route=\/wp\/v2\/posts\/119435","targetHints":{"allow":["GET"]}}],"collection":[{"href":"https:\/\/lospoliticosveracruz.com\/index.php?rest_route=\/wp\/v2\/posts"}],"about":[{"href":"https:\/\/lospoliticosveracruz.com\/index.php?rest_route=\/wp\/v2\/types\/post"}],"author":[{"embeddable":true,"href":"https:\/\/lospoliticosveracruz.com\/index.php?rest_route=\/wp\/v2\/users\/2"}],"replies":[{"embeddable":true,"href":"https:\/\/lospoliticosveracruz.com\/index.php?rest_route=%2Fwp%2Fv2%2Fcomments&post=119435"}],"version-history":[{"count":1,"href":"https:\/\/lospoliticosveracruz.com\/index.php?rest_route=\/wp\/v2\/posts\/119435\/revisions"}],"predecessor-version":[{"id":119437,"href":"https:\/\/lospoliticosveracruz.com\/index.php?rest_route=\/wp\/v2\/posts\/119435\/revisions\/119437"}],"wp:attachment":[{"href":"https:\/\/lospoliticosveracruz.com\/index.php?rest_route=%2Fwp%2Fv2%2Fmedia&parent=119435"}],"wp:term":[{"taxonomy":"category","embeddable":true,"href":"https:\/\/lospoliticosveracruz.com\/index.php?rest_route=%2Fwp%2Fv2%2Fcategories&post=119435"},{"taxonomy":"post_tag","embeddable":true,"href":"https:\/\/lospoliticosveracruz.com\/index.php?rest_route=%2Fwp%2Fv2%2Ftags&post=119435"}],"curies":[{"name":"wp","href":"https:\/\/api.w.org\/{rel}","templated":true}]}}