{"id":119438,"date":"2024-03-03T08:04:52","date_gmt":"2024-03-03T14:04:52","guid":{"rendered":"https:\/\/lospoliticosveracruz.com.mx\/?p=119438"},"modified":"2024-03-03T08:05:04","modified_gmt":"2024-03-03T14:05:04","slug":"aguanten-vara","status":"publish","type":"post","link":"https:\/\/lospoliticosveracruz.com\/?p=119438","title":{"rendered":"AGUANTEN VARA!"},"content":{"rendered":"\n<p>El ex delegado de Bienestar, Manuel Huerta Ladr\u00f3n de Guevara, afirma que todo fue parte de un ajuste por parte del INE por cuestiones de g\u00e9nero pero que no se trata de que lo hayan bajado o degradado, al pasar de primera a segunda f\u00f3rmula como candidato al Senado de la Rep\u00fablica por la Coalici\u00f3n \u201cSigamos Haciendo Historia\u201d, para darle su lugar a la comadre Claudia Tello.<\/p>\n\n\n\n<p>Ayer ofreci\u00f3 conferencia de prensa en el hotel Diligencias de esta ciudad para presentarse ante los medios de comunicaci\u00f3n junto con Rosa Mar\u00eda Hern\u00e1ndez Espejo como candidata a diputada federal\u2026Manuel Huerta afirma que el proyecto es ganar las elecciones y que es un hombre que ha estado desde el origen del movimiento y siempre ha luchado contra corriente y desde atr\u00e1s en 44 a\u00f1os de lucha desde la izquierda.<\/p>\n\n\n\n<p>Sin embargo, el x delegado de Bienestar dijo que que pedir\u00e1 explicaci\u00f3n al INE del cambio en el orden y si el argumento es por equidad de g\u00e9nero estar\u00e1 en total acuerdo, pero conf\u00eda no haya mano negra, porque el Instituto no puede meterse en la vida pol\u00edtica de los partidos, y agreg\u00f3 que es su derecho y el de la sociedad conocer las razones para el ajuste.<\/p>\n\n\n\n<p>Lo raro del movimiento es que la prensa al servicio de la zacatecana Roc\u00edo Nahle se le fueron con todo de que no hace campa\u00f1a, que est\u00e1 confiado de que ser\u00e1 senador y que al bajarlo a la segunda posici\u00f3n se obligar\u00e1 a meterle al proselitismo, como si la comadrita Claudia Tello fuera una mujer activa en la promoci\u00f3n de la cuarta transformaci\u00f3n.<\/p>\n\n\n\n<p>Casi al finalizar la conferencia de prensa se present\u00f3 una lamentable confrontaci\u00f3n entre Rosa Mar\u00eda Hernandez y algunos compa\u00f1eros de la prensa\u2026una confrontaci\u00f3n que no debi\u00f3 darse ni llegar a los extremos de los se\u00f1alamientos que all\u00ed se hicieron, y todo por defender a un impresentable como Byron Barranco, un cantautor venido a menos que hace un tiempo le compon\u00eda canciones a Fidel Herrera cuando estaba en la plenitud del pinche poder y ahora le canta a Morena y su transformaci\u00f3n, siempre se ha expresado mal de la prensa y ahora quiere ser diputado.<\/p>\n\n\n\n<p>Mientras Rosa Mar\u00eda y los compa\u00f1eros entraron a un terreno peligroso de descalificaciones, ese fulano que quiere ser diputado, sale ri\u00e9ndose de la conferencia de prensa\u2026como bien lo dijeron en redes\u2026Byron es un comediante que hace rimas musicales, incre\u00edble que los otros, con su experiencia se confronten por defender a un buf\u00f3n\u2026pero el que se r\u00ede, se lleva.<\/p>\n\n\n\n<p>LE ENTREGAN CONSTANCIA\u2026el Comit\u00e9 Directivo Estatal del PAN entreg\u00f3 a Pepe Yunes la constancia que lo acredita como su candidato a la Gubernatura de Veracruz en las elecciones de este 2024, y el dirigente estatal panista, Federico Salom\u00f3n Molina expres\u00f3 que no solo se trataba de un acto protocolario, pues para los panistas \u201cse trata de un acto de responsabilidad y honor para ir juntos con fuerza, coraz\u00f3n y valent\u00eda para rescatar a este rinconcito de Patria que merece justicia y paz, en el que todos los veracruzanos tienen el derecho de so\u00f1ar, salir adelante y construirse un futuro\u201d.<\/p>\n\n\n\n<p>Asimismo, reconoci\u00f3 que el ahora candidato cuenta un don de gentes y una gran humildad para con los dem\u00e1s, \u201cpor lo que hoy puedo decir que no nos equivocamos al apostar por lo hecho en Veracruz. Los ideales que sostienen tu liderazgo y que hemos observado en la reciente precampa\u00f1a, son congruentes con los principios de Acci\u00f3n Nacional\u201d.<\/p>\n\n\n\n<p>Por su parte, Pepe Yunes expres\u00f3 que era un honor caminar a lado de Acci\u00f3n Nacional Veracruz, y ofreci\u00f3 que gobernar\u00e1n juntos y har\u00e1n de Veracruz lo que merece desde cada una de sus regiones, desde cada una de sus visiones, desde cada uno de los anhelos que se encarna de cada uno de los 8 millones de veracruzanos que quieren un mejor entorno y que tiene todo en este marco para poderlo hacer realidad.<\/p>\n\n\n\n<p>CHIKIDANTE ARRANCA EN MINA\u2026Dante Delgado Morales, candidato de Movimiento Ciudadano al senado de la Rep\u00fablica por el estado de Veracruz, afirm\u00f3 que por culpa de los gobiernos del PRIAN y de Morena, los minatitlecos tienen casi nada a pesar de que su ciudad tiene todo, y el sur de Veracruz es el vivo ejemplo de que los malos gobiernos emanados del PRIAN y de Morena han causado una verdadera tragedia en la que a pesar de que en esta ciudad y en esta zona hay de todo como r\u00edos, petr\u00f3leo, mar, industria y comercio, los ciudadanos tienen casi nada.<\/p>\n\n\n\n<p>De gira por el sur del estado de Veracruz, Dante Delgado Morales, afirm\u00f3 que con Movimiento Ciudadano va a llegar la justicia social a los veracruzanos, y que un d\u00eda antes estuvo en la zona de los tuxtlas y es la misma tragedia la que sus habitantes padecen: falta de empleos, inseguridad y problemas de salud. Los veracruzanos est\u00e1n en el olvido, a la buena de dios y eso no se puede seguir permitiendo.<\/p>\n\n\n\n<p>Dante Delgado Morales se\u00f1al\u00f3 que en sus recorridos de campa\u00f1a va a estar con la gente y sobre todo va a escucharla, \u201cporque el que escucha no se equivoca y anticip\u00f3 que con Movimiento Ciudadano va a llegar la justicia social a Veracruz. Que no quepa duda de eso\u201d, concluy\u00f3.<\/p>\n\n\n\n<p>SIGUE LA BARBARIE\u2026con todo y el supuesto blindaje que aplic\u00f3 el gobierno de Cuitl\u00e1huac Garc\u00eda en la zona norte del estado, las primeras horas de ayer s\u00e1bado fueron abandonados los cuerpos sin vida de tres hombres y una mujer dentro de bolsas oscuras, a un costado de las letras tur\u00edsticas de Tuxpan en el bulevar Independencia, en pleno centro del municipio, adem\u00e1s se report\u00f3 el hallazgo de un cuerpo m\u00e1s en la colonia Del Valle del mismo municipio de Tuxpan.<\/p>\n\n\n\n<p>La Fiscal\u00eda General del Estado, inform\u00f3 que, a trav\u00e9s de la Fiscal\u00eda Regional zona norte Tuxpan, se inici\u00f3 carpeta de investigaci\u00f3n por el hallazgo de los cuatro cuerpos sin vida en el boulevard Independencia, confirmando que se trata de tres hombres y una mujer.<\/p>\n\n\n\n<p>Cuitl\u00e1huac Garc\u00eda no suelta el discurso de que vamos bien, que la inseguridad va para abajo, que se respira tranquilidad en todo el estado pero que algunos medios de comunicaci\u00f3n traen campa\u00f1a en su contra por el tema electoral y que por eso magnifican cualquier evento de violencia, pero que son hechos aislados, que son ajustes entre malosos y de all\u00ed no lo sacan.<\/p>\n","protected":false},"excerpt":{"rendered":"<p>El ex delegado de Bienestar, Manuel Huerta Ladr\u00f3n de Guevara, afirma que todo fue parte de un ajuste por parte del INE por cuestiones de g\u00e9nero pero que no se trata de que lo hayan bajado o degradado, al pasar de primera a segunda f\u00f3rmula como candidato al Senado de la Rep\u00fablica por la Coalici\u00f3n [&hellip;]<\/p>\n","protected":false},"author":2,"featured_media":0,"comment_status":"closed","ping_status":"closed","sticky":false,"template":"","format":"standard","meta":{"tdm_status":"","tdm_grid_status":"","footnotes":""},"categories":[70],"tags":[757,536,11900,195],"class_list":{"0":"post-119438","1":"post","2":"type-post","3":"status-publish","4":"format-standard","6":"category-de-opinion","7":"tag-byron-barranco","8":"tag-miguel-angel-yunes-marquez","9":"tag-rosa-maria-hernandez-espejo","10":"tag-veracruz"},"yoast_head":"<!-- This site is optimized with the Yoast SEO plugin v27.4 - https:\/\/yoast.com\/product\/yoast-seo-wordpress\/ -->\n<title>AGUANTEN VARA! - Los pol\u00edticos Veracruz<\/title>\n<meta name=\"robots\" content=\"index, follow, max-snippet:-1, max-image-preview:large, max-video-preview:-1\" \/>\n<link rel=\"canonical\" href=\"https:\/\/lospoliticosveracruz.com\/?p=119438\" \/>\n<meta property=\"og:locale\" content=\"es_ES\" \/>\n<meta property=\"og:type\" content=\"article\" \/>\n<meta property=\"og:title\" content=\"AGUANTEN VARA! - Los pol\u00edticos Veracruz\" \/>\n<meta property=\"og:description\" content=\"El ex delegado de Bienestar, Manuel Huerta Ladr\u00f3n de Guevara, afirma que todo fue parte de un ajuste por parte del INE por cuestiones de g\u00e9nero pero que no se trata de que lo hayan bajado o degradado, al pasar de primera a segunda f\u00f3rmula como candidato al Senado de la Rep\u00fablica por la Coalici\u00f3n [&hellip;]\" \/>\n<meta property=\"og:url\" content=\"https:\/\/lospoliticosveracruz.com\/?p=119438\" \/>\n<meta property=\"og:site_name\" content=\"Los pol\u00edticos Veracruz\" \/>\n<meta property=\"article:publisher\" content=\"https:\/\/www.facebook.com\/people\/Notimemes-de-los-Polticos\/61565672886568\/\" \/>\n<meta property=\"article:published_time\" content=\"2024-03-03T14:04:52+00:00\" \/>\n<meta property=\"article:modified_time\" content=\"2024-03-03T14:05:04+00:00\" \/>\n<meta property=\"og:image\" content=\"https:\/\/lospoliticosveracruz.com\/wp-content\/uploads\/2016\/07\/Logo-Dor.jpg\" \/>\n\t<meta property=\"og:image:width\" content=\"200\" \/>\n\t<meta property=\"og:image:height\" content=\"200\" \/>\n\t<meta property=\"og:image:type\" content=\"image\/jpeg\" \/>\n<meta name=\"author\" content=\"Lo viste en Los Pol\u00edticos\" \/>\n<meta name=\"twitter:card\" content=\"summary_large_image\" \/>\n<meta name=\"twitter:creator\" content=\"@LosPoliticosVer\" \/>\n<meta name=\"twitter:site\" content=\"@LosPoliticosVer\" \/>\n<meta name=\"twitter:label1\" content=\"Escrito por\" \/>\n\t<meta name=\"twitter:data1\" content=\"Lo viste en Los Pol\u00edticos\" \/>\n\t<meta name=\"twitter:label2\" content=\"Tiempo de lectura\" \/>\n\t<meta name=\"twitter:data2\" content=\"6 minutos\" \/>\n<script type=\"application\/ld+json\" class=\"yoast-schema-graph\">{\"@context\":\"https:\\\/\\\/schema.org\",\"@graph\":[{\"@type\":\"Article\",\"@id\":\"https:\\\/\\\/lospoliticosveracruz.com\\\/?p=119438#article\",\"isPartOf\":{\"@id\":\"https:\\\/\\\/lospoliticosveracruz.com\\\/?p=119438\"},\"author\":{\"name\":\"Lo viste en Los Pol\u00edticos\",\"@id\":\"https:\\\/\\\/lospoliticosveracruz.com\\\/#\\\/schema\\\/person\\\/b8702bb0e538456e6efd07080bf2a4a2\"},\"headline\":\"AGUANTEN VARA!\",\"datePublished\":\"2024-03-03T14:04:52+00:00\",\"dateModified\":\"2024-03-03T14:05:04+00:00\",\"mainEntityOfPage\":{\"@id\":\"https:\\\/\\\/lospoliticosveracruz.com\\\/?p=119438\"},\"wordCount\":1132,\"publisher\":{\"@id\":\"https:\\\/\\\/lospoliticosveracruz.com\\\/#organization\"},\"keywords\":[\"Byron Barranco\",\"Miguel \u00c1ngel Yunes M\u00e1rquez\",\"Rosa Mar\u00eda Hern\u00e1ndez Espejo\",\"Veracruz\"],\"articleSection\":[\"De Opini\u00f3n\"],\"inLanguage\":\"es\"},{\"@type\":\"WebPage\",\"@id\":\"https:\\\/\\\/lospoliticosveracruz.com\\\/?p=119438\",\"url\":\"https:\\\/\\\/lospoliticosveracruz.com\\\/?p=119438\",\"name\":\"AGUANTEN VARA! - Los pol\u00edticos Veracruz\",\"isPartOf\":{\"@id\":\"https:\\\/\\\/lospoliticosveracruz.com\\\/#website\"},\"datePublished\":\"2024-03-03T14:04:52+00:00\",\"dateModified\":\"2024-03-03T14:05:04+00:00\",\"breadcrumb\":{\"@id\":\"https:\\\/\\\/lospoliticosveracruz.com\\\/?p=119438#breadcrumb\"},\"inLanguage\":\"es\",\"potentialAction\":[{\"@type\":\"ReadAction\",\"target\":[\"https:\\\/\\\/lospoliticosveracruz.com\\\/?p=119438\"]}]},{\"@type\":\"BreadcrumbList\",\"@id\":\"https:\\\/\\\/lospoliticosveracruz.com\\\/?p=119438#breadcrumb\",\"itemListElement\":[{\"@type\":\"ListItem\",\"position\":1,\"name\":\"Portada\",\"item\":\"https:\\\/\\\/lospoliticosveracruz.com\\\/\"},{\"@type\":\"ListItem\",\"position\":2,\"name\":\"AGUANTEN VARA!\"}]},{\"@type\":\"WebSite\",\"@id\":\"https:\\\/\\\/lospoliticosveracruz.com\\\/#website\",\"url\":\"https:\\\/\\\/lospoliticosveracruz.com\\\/\",\"name\":\"Los pol\u00edticos Veracruz\",\"description\":\"\",\"publisher\":{\"@id\":\"https:\\\/\\\/lospoliticosveracruz.com\\\/#organization\"},\"potentialAction\":[{\"@type\":\"SearchAction\",\"target\":{\"@type\":\"EntryPoint\",\"urlTemplate\":\"https:\\\/\\\/lospoliticosveracruz.com\\\/?s={search_term_string}\"},\"query-input\":{\"@type\":\"PropertyValueSpecification\",\"valueRequired\":true,\"valueName\":\"search_term_string\"}}],\"inLanguage\":\"es\"},{\"@type\":\"Organization\",\"@id\":\"https:\\\/\\\/lospoliticosveracruz.com\\\/#organization\",\"name\":\"Los pol\u00edticos Veracruz\",\"url\":\"https:\\\/\\\/lospoliticosveracruz.com\\\/\",\"logo\":{\"@type\":\"ImageObject\",\"inLanguage\":\"es\",\"@id\":\"https:\\\/\\\/lospoliticosveracruz.com\\\/#\\\/schema\\\/logo\\\/image\\\/\",\"url\":\"https:\\\/\\\/lospoliticosveracruz.com\\\/wp-content\\\/uploads\\\/2025\\\/12\\\/Logo-Nuevo-LOS-POLITICOS-1.jpg\",\"contentUrl\":\"https:\\\/\\\/lospoliticosveracruz.com\\\/wp-content\\\/uploads\\\/2025\\\/12\\\/Logo-Nuevo-LOS-POLITICOS-1.jpg\",\"width\":260,\"height\":70,\"caption\":\"Los pol\u00edticos Veracruz\"},\"image\":{\"@id\":\"https:\\\/\\\/lospoliticosveracruz.com\\\/#\\\/schema\\\/logo\\\/image\\\/\"},\"sameAs\":[\"https:\\\/\\\/www.facebook.com\\\/people\\\/Notimemes-de-los-Polticos\\\/61565672886568\\\/\",\"https:\\\/\\\/x.com\\\/LosPoliticosVer\"]},{\"@type\":\"Person\",\"@id\":\"https:\\\/\\\/lospoliticosveracruz.com\\\/#\\\/schema\\\/person\\\/b8702bb0e538456e6efd07080bf2a4a2\",\"name\":\"Lo viste en Los Pol\u00edticos\",\"image\":{\"@type\":\"ImageObject\",\"inLanguage\":\"es\",\"@id\":\"https:\\\/\\\/secure.gravatar.com\\\/avatar\\\/3a8de04a2656d44082be478bd6c086daa447c4651605818287b9532d3d0bd435?s=96&d=mm&r=g\",\"url\":\"https:\\\/\\\/secure.gravatar.com\\\/avatar\\\/3a8de04a2656d44082be478bd6c086daa447c4651605818287b9532d3d0bd435?s=96&d=mm&r=g\",\"contentUrl\":\"https:\\\/\\\/secure.gravatar.com\\\/avatar\\\/3a8de04a2656d44082be478bd6c086daa447c4651605818287b9532d3d0bd435?s=96&d=mm&r=g\",\"caption\":\"Lo viste en Los Pol\u00edticos\"},\"url\":\"https:\\\/\\\/lospoliticosveracruz.com\\\/?author=2\"}]}<\/script>\n<!-- \/ Yoast SEO plugin. -->","yoast_head_json":{"title":"AGUANTEN VARA! - Los pol\u00edticos Veracruz","robots":{"index":"index","follow":"follow","max-snippet":"max-snippet:-1","max-image-preview":"max-image-preview:large","max-video-preview":"max-video-preview:-1"},"canonical":"https:\/\/lospoliticosveracruz.com\/?p=119438","og_locale":"es_ES","og_type":"article","og_title":"AGUANTEN VARA! - Los pol\u00edticos Veracruz","og_description":"El ex delegado de Bienestar, Manuel Huerta Ladr\u00f3n de Guevara, afirma que todo fue parte de un ajuste por parte del INE por cuestiones de g\u00e9nero pero que no se trata de que lo hayan bajado o degradado, al pasar de primera a segunda f\u00f3rmula como candidato al Senado de la Rep\u00fablica por la Coalici\u00f3n [&hellip;]","og_url":"https:\/\/lospoliticosveracruz.com\/?p=119438","og_site_name":"Los pol\u00edticos Veracruz","article_publisher":"https:\/\/www.facebook.com\/people\/Notimemes-de-los-Polticos\/61565672886568\/","article_published_time":"2024-03-03T14:04:52+00:00","article_modified_time":"2024-03-03T14:05:04+00:00","og_image":[{"width":200,"height":200,"url":"https:\/\/lospoliticosveracruz.com\/wp-content\/uploads\/2016\/07\/Logo-Dor.jpg","type":"image\/jpeg"}],"author":"Lo viste en Los Pol\u00edticos","twitter_card":"summary_large_image","twitter_creator":"@LosPoliticosVer","twitter_site":"@LosPoliticosVer","twitter_misc":{"Escrito por":"Lo viste en Los Pol\u00edticos","Tiempo de lectura":"6 minutos"},"schema":{"@context":"https:\/\/schema.org","@graph":[{"@type":"Article","@id":"https:\/\/lospoliticosveracruz.com\/?p=119438#article","isPartOf":{"@id":"https:\/\/lospoliticosveracruz.com\/?p=119438"},"author":{"name":"Lo viste en Los Pol\u00edticos","@id":"https:\/\/lospoliticosveracruz.com\/#\/schema\/person\/b8702bb0e538456e6efd07080bf2a4a2"},"headline":"AGUANTEN VARA!","datePublished":"2024-03-03T14:04:52+00:00","dateModified":"2024-03-03T14:05:04+00:00","mainEntityOfPage":{"@id":"https:\/\/lospoliticosveracruz.com\/?p=119438"},"wordCount":1132,"publisher":{"@id":"https:\/\/lospoliticosveracruz.com\/#organization"},"keywords":["Byron Barranco","Miguel \u00c1ngel Yunes M\u00e1rquez","Rosa Mar\u00eda Hern\u00e1ndez Espejo","Veracruz"],"articleSection":["De Opini\u00f3n"],"inLanguage":"es"},{"@type":"WebPage","@id":"https:\/\/lospoliticosveracruz.com\/?p=119438","url":"https:\/\/lospoliticosveracruz.com\/?p=119438","name":"AGUANTEN VARA! - Los pol\u00edticos Veracruz","isPartOf":{"@id":"https:\/\/lospoliticosveracruz.com\/#website"},"datePublished":"2024-03-03T14:04:52+00:00","dateModified":"2024-03-03T14:05:04+00:00","breadcrumb":{"@id":"https:\/\/lospoliticosveracruz.com\/?p=119438#breadcrumb"},"inLanguage":"es","potentialAction":[{"@type":"ReadAction","target":["https:\/\/lospoliticosveracruz.com\/?p=119438"]}]},{"@type":"BreadcrumbList","@id":"https:\/\/lospoliticosveracruz.com\/?p=119438#breadcrumb","itemListElement":[{"@type":"ListItem","position":1,"name":"Portada","item":"https:\/\/lospoliticosveracruz.com\/"},{"@type":"ListItem","position":2,"name":"AGUANTEN VARA!"}]},{"@type":"WebSite","@id":"https:\/\/lospoliticosveracruz.com\/#website","url":"https:\/\/lospoliticosveracruz.com\/","name":"Los pol\u00edticos Veracruz","description":"","publisher":{"@id":"https:\/\/lospoliticosveracruz.com\/#organization"},"potentialAction":[{"@type":"SearchAction","target":{"@type":"EntryPoint","urlTemplate":"https:\/\/lospoliticosveracruz.com\/?s={search_term_string}"},"query-input":{"@type":"PropertyValueSpecification","valueRequired":true,"valueName":"search_term_string"}}],"inLanguage":"es"},{"@type":"Organization","@id":"https:\/\/lospoliticosveracruz.com\/#organization","name":"Los pol\u00edticos Veracruz","url":"https:\/\/lospoliticosveracruz.com\/","logo":{"@type":"ImageObject","inLanguage":"es","@id":"https:\/\/lospoliticosveracruz.com\/#\/schema\/logo\/image\/","url":"https:\/\/lospoliticosveracruz.com\/wp-content\/uploads\/2025\/12\/Logo-Nuevo-LOS-POLITICOS-1.jpg","contentUrl":"https:\/\/lospoliticosveracruz.com\/wp-content\/uploads\/2025\/12\/Logo-Nuevo-LOS-POLITICOS-1.jpg","width":260,"height":70,"caption":"Los pol\u00edticos Veracruz"},"image":{"@id":"https:\/\/lospoliticosveracruz.com\/#\/schema\/logo\/image\/"},"sameAs":["https:\/\/www.facebook.com\/people\/Notimemes-de-los-Polticos\/61565672886568\/","https:\/\/x.com\/LosPoliticosVer"]},{"@type":"Person","@id":"https:\/\/lospoliticosveracruz.com\/#\/schema\/person\/b8702bb0e538456e6efd07080bf2a4a2","name":"Lo viste en Los Pol\u00edticos","image":{"@type":"ImageObject","inLanguage":"es","@id":"https:\/\/secure.gravatar.com\/avatar\/3a8de04a2656d44082be478bd6c086daa447c4651605818287b9532d3d0bd435?s=96&d=mm&r=g","url":"https:\/\/secure.gravatar.com\/avatar\/3a8de04a2656d44082be478bd6c086daa447c4651605818287b9532d3d0bd435?s=96&d=mm&r=g","contentUrl":"https:\/\/secure.gravatar.com\/avatar\/3a8de04a2656d44082be478bd6c086daa447c4651605818287b9532d3d0bd435?s=96&d=mm&r=g","caption":"Lo viste en Los Pol\u00edticos"},"url":"https:\/\/lospoliticosveracruz.com\/?author=2"}]}},"_links":{"self":[{"href":"https:\/\/lospoliticosveracruz.com\/index.php?rest_route=\/wp\/v2\/posts\/119438","targetHints":{"allow":["GET"]}}],"collection":[{"href":"https:\/\/lospoliticosveracruz.com\/index.php?rest_route=\/wp\/v2\/posts"}],"about":[{"href":"https:\/\/lospoliticosveracruz.com\/index.php?rest_route=\/wp\/v2\/types\/post"}],"author":[{"embeddable":true,"href":"https:\/\/lospoliticosveracruz.com\/index.php?rest_route=\/wp\/v2\/users\/2"}],"replies":[{"embeddable":true,"href":"https:\/\/lospoliticosveracruz.com\/index.php?rest_route=%2Fwp%2Fv2%2Fcomments&post=119438"}],"version-history":[{"count":1,"href":"https:\/\/lospoliticosveracruz.com\/index.php?rest_route=\/wp\/v2\/posts\/119438\/revisions"}],"predecessor-version":[{"id":119439,"href":"https:\/\/lospoliticosveracruz.com\/index.php?rest_route=\/wp\/v2\/posts\/119438\/revisions\/119439"}],"wp:attachment":[{"href":"https:\/\/lospoliticosveracruz.com\/index.php?rest_route=%2Fwp%2Fv2%2Fmedia&parent=119438"}],"wp:term":[{"taxonomy":"category","embeddable":true,"href":"https:\/\/lospoliticosveracruz.com\/index.php?rest_route=%2Fwp%2Fv2%2Fcategories&post=119438"},{"taxonomy":"post_tag","embeddable":true,"href":"https:\/\/lospoliticosveracruz.com\/index.php?rest_route=%2Fwp%2Fv2%2Ftags&post=119438"}],"curies":[{"name":"wp","href":"https:\/\/api.w.org\/{rel}","templated":true}]}}