{"id":119462,"date":"2024-03-03T20:52:06","date_gmt":"2024-03-04T02:52:06","guid":{"rendered":"https:\/\/lospoliticosveracruz.com.mx\/?p=119462"},"modified":"2024-03-03T20:52:28","modified_gmt":"2024-03-04T02:52:28","slug":"chiquiyunes-va-por-mas-apoyos","status":"publish","type":"post","link":"https:\/\/lospoliticosveracruz.com\/?p=119462","title":{"rendered":"CHIQUIYUNES VA POR M\u00c1S APOYOS!"},"content":{"rendered":"\n<p>Durante su tercer d\u00eda de campa\u00f1a proselitista, Miguel \u00c1ngel Yunes M\u00e1rquez, candidato al Senado de la Rep\u00fablica por la coalici\u00f3n Fuerza y Coraz\u00f3n por Veracruz, visit\u00f3 la zona de Martinez de la Torre en donde afirm\u00f3 que luchar\u00e1 para que no s\u00f3lo se mantengan los programas sociales, sino que se incrementen los apoyos, y la pensi\u00f3n a adultos mayores se d\u00e9 a partir de los 60 a\u00f1os.<\/p>\n\n\n\n<p>Afirm\u00f3 que muchos de estos programas est\u00e1n establecidos en la Constituci\u00f3n y son apoyos que necesariamente el Gobierno Federal tiene que dar.<\/p>\n\n\n\n<p>Yunes M\u00e1rquez dijo que los adultos mayores tienen derecho a estos recursos, pero que tienen que ser pensiones dignas.<\/p>\n\n\n\n<p>As\u00ed tambi\u00e9n, impulsar\u00e1 que el servicio en los hospitales p\u00fablicos sea de calidad y cuenten con medicamentos.<\/p>\n\n\n\n<p>\u201cEste gobierno de la cuarta transformaci\u00f3n quit\u00f3 el Seguro Popular, desapareci\u00f3 los programas para el campo, y la energ\u00eda el\u00e9ctrica en Veracruz es de las m\u00e1s caras de todo pa\u00eds; yo como Senador de la Rep\u00fablica exigir\u00e9 al Gobierno Federal que baje las tarifas porque somos el principal Estado generador de electricidad\u201d, expuso.<\/p>\n\n\n\n<p>Manifest\u00f3 que su visita a Mart\u00ednez de la Torre fue para conocer los problemas de una regi\u00f3n que por muchos a\u00f1os ha sido generadora de riqueza para todo el Estado de Veracruz.<\/p>\n\n\n\n<p>\u201cMi compromiso es que tambi\u00e9n apoyaremos programas para este sector. Los que se dedican a las citricultura y al campo requieren de programas que se daban antes como el Procampo, apoyo de equipamiento, abono, apoyo t\u00e9cnico, todo este tipo de cosas que ya no se dan y que es obligaci\u00f3n del Gobierno Federal para que siga siendo una zona de producci\u00f3n importante\u201d, sostuvo.<\/p>\n\n\n\n<p>Miguel \u00c1ngel Yunes M\u00e1rquez afirm\u00f3 que como Senador defender\u00e1 a Veracruz para que reciba un trato como un Estado de primera y no de cuarta c\u00f3mo es actualmente.<\/p>\n\n\n\n<p>En el evento, estuvo acompa\u00f1ado por Sara Ladr\u00f3n de Guevara, candidata al senado por el PRD y por Pepe de la Torre, candidato a diputado federal por el distrito de Martinez de la Torre.<\/p>\n","protected":false},"excerpt":{"rendered":"<p>Durante su tercer d\u00eda de campa\u00f1a proselitista, Miguel \u00c1ngel Yunes M\u00e1rquez, candidato al Senado de la Rep\u00fablica por la coalici\u00f3n Fuerza y Coraz\u00f3n por Veracruz, visit\u00f3 la zona de Martinez de la Torre en donde afirm\u00f3 que luchar\u00e1 para que no s\u00f3lo se mantengan los programas sociales, sino que se incrementen los apoyos, y la [&hellip;]<\/p>\n","protected":false},"author":2,"featured_media":0,"comment_status":"closed","ping_status":"closed","sticky":false,"template":"","format":"standard","meta":{"tdm_status":"","tdm_grid_status":"","footnotes":""},"categories":[73],"tags":[963,266,13677,755,711,195],"class_list":{"0":"post-119462","1":"post","2":"type-post","3":"status-publish","4":"format-standard","6":"category-de-boleto","7":"tag-martinez-de-la-torre","8":"tag-pan","9":"tag-pepe-de-la-torre","10":"tag-sara-ladron-de-guevara","11":"tag-senado","12":"tag-veracruz"},"yoast_head":"<!-- This site is optimized with the Yoast SEO plugin v27.4 - https:\/\/yoast.com\/product\/yoast-seo-wordpress\/ -->\n<title>CHIQUIYUNES VA POR M\u00c1S APOYOS! - Los pol\u00edticos Veracruz<\/title>\n<meta name=\"robots\" content=\"index, follow, max-snippet:-1, max-image-preview:large, max-video-preview:-1\" \/>\n<link rel=\"canonical\" href=\"https:\/\/lospoliticosveracruz.com\/?p=119462\" \/>\n<meta property=\"og:locale\" content=\"es_ES\" \/>\n<meta property=\"og:type\" content=\"article\" \/>\n<meta property=\"og:title\" content=\"CHIQUIYUNES VA POR M\u00c1S APOYOS! - Los pol\u00edticos Veracruz\" \/>\n<meta property=\"og:description\" content=\"Durante su tercer d\u00eda de campa\u00f1a proselitista, Miguel \u00c1ngel Yunes M\u00e1rquez, candidato al Senado de la Rep\u00fablica por la coalici\u00f3n Fuerza y Coraz\u00f3n por Veracruz, visit\u00f3 la zona de Martinez de la Torre en donde afirm\u00f3 que luchar\u00e1 para que no s\u00f3lo se mantengan los programas sociales, sino que se incrementen los apoyos, y la [&hellip;]\" \/>\n<meta property=\"og:url\" content=\"https:\/\/lospoliticosveracruz.com\/?p=119462\" \/>\n<meta property=\"og:site_name\" content=\"Los pol\u00edticos Veracruz\" \/>\n<meta property=\"article:publisher\" content=\"https:\/\/www.facebook.com\/people\/Notimemes-de-los-Polticos\/61565672886568\/\" \/>\n<meta property=\"article:published_time\" content=\"2024-03-04T02:52:06+00:00\" \/>\n<meta property=\"article:modified_time\" content=\"2024-03-04T02:52:28+00:00\" \/>\n<meta property=\"og:image\" content=\"https:\/\/lospoliticosveracruz.com\/wp-content\/uploads\/2016\/07\/Logo-Dor.jpg\" \/>\n\t<meta property=\"og:image:width\" content=\"200\" \/>\n\t<meta property=\"og:image:height\" content=\"200\" \/>\n\t<meta property=\"og:image:type\" content=\"image\/jpeg\" \/>\n<meta name=\"author\" content=\"Lo viste en Los Pol\u00edticos\" \/>\n<meta name=\"twitter:card\" content=\"summary_large_image\" \/>\n<meta name=\"twitter:creator\" content=\"@LosPoliticosVer\" \/>\n<meta name=\"twitter:site\" content=\"@LosPoliticosVer\" \/>\n<meta name=\"twitter:label1\" content=\"Escrito por\" \/>\n\t<meta name=\"twitter:data1\" content=\"Lo viste en Los Pol\u00edticos\" \/>\n\t<meta name=\"twitter:label2\" content=\"Tiempo de lectura\" \/>\n\t<meta name=\"twitter:data2\" content=\"2 minutos\" \/>\n<script type=\"application\/ld+json\" class=\"yoast-schema-graph\">{\"@context\":\"https:\\\/\\\/schema.org\",\"@graph\":[{\"@type\":\"Article\",\"@id\":\"https:\\\/\\\/lospoliticosveracruz.com\\\/?p=119462#article\",\"isPartOf\":{\"@id\":\"https:\\\/\\\/lospoliticosveracruz.com\\\/?p=119462\"},\"author\":{\"name\":\"Lo viste en Los Pol\u00edticos\",\"@id\":\"https:\\\/\\\/lospoliticosveracruz.com\\\/#\\\/schema\\\/person\\\/b8702bb0e538456e6efd07080bf2a4a2\"},\"headline\":\"CHIQUIYUNES VA POR M\u00c1S APOYOS!\",\"datePublished\":\"2024-03-04T02:52:06+00:00\",\"dateModified\":\"2024-03-04T02:52:28+00:00\",\"mainEntityOfPage\":{\"@id\":\"https:\\\/\\\/lospoliticosveracruz.com\\\/?p=119462\"},\"wordCount\":371,\"publisher\":{\"@id\":\"https:\\\/\\\/lospoliticosveracruz.com\\\/#organization\"},\"keywords\":[\"Mart\u00ednez de la Torre\",\"PAN\",\"Pepe de la Torre\",\"Sara Ladr\u00f3n de Guevara\",\"Senado\",\"Veracruz\"],\"articleSection\":[\"De Boleto\"],\"inLanguage\":\"es\"},{\"@type\":\"WebPage\",\"@id\":\"https:\\\/\\\/lospoliticosveracruz.com\\\/?p=119462\",\"url\":\"https:\\\/\\\/lospoliticosveracruz.com\\\/?p=119462\",\"name\":\"CHIQUIYUNES VA POR M\u00c1S APOYOS! - Los pol\u00edticos Veracruz\",\"isPartOf\":{\"@id\":\"https:\\\/\\\/lospoliticosveracruz.com\\\/#website\"},\"datePublished\":\"2024-03-04T02:52:06+00:00\",\"dateModified\":\"2024-03-04T02:52:28+00:00\",\"breadcrumb\":{\"@id\":\"https:\\\/\\\/lospoliticosveracruz.com\\\/?p=119462#breadcrumb\"},\"inLanguage\":\"es\",\"potentialAction\":[{\"@type\":\"ReadAction\",\"target\":[\"https:\\\/\\\/lospoliticosveracruz.com\\\/?p=119462\"]}]},{\"@type\":\"BreadcrumbList\",\"@id\":\"https:\\\/\\\/lospoliticosveracruz.com\\\/?p=119462#breadcrumb\",\"itemListElement\":[{\"@type\":\"ListItem\",\"position\":1,\"name\":\"Portada\",\"item\":\"https:\\\/\\\/lospoliticosveracruz.com\\\/\"},{\"@type\":\"ListItem\",\"position\":2,\"name\":\"CHIQUIYUNES VA POR M\u00c1S APOYOS!\"}]},{\"@type\":\"WebSite\",\"@id\":\"https:\\\/\\\/lospoliticosveracruz.com\\\/#website\",\"url\":\"https:\\\/\\\/lospoliticosveracruz.com\\\/\",\"name\":\"Los pol\u00edticos Veracruz\",\"description\":\"\",\"publisher\":{\"@id\":\"https:\\\/\\\/lospoliticosveracruz.com\\\/#organization\"},\"potentialAction\":[{\"@type\":\"SearchAction\",\"target\":{\"@type\":\"EntryPoint\",\"urlTemplate\":\"https:\\\/\\\/lospoliticosveracruz.com\\\/?s={search_term_string}\"},\"query-input\":{\"@type\":\"PropertyValueSpecification\",\"valueRequired\":true,\"valueName\":\"search_term_string\"}}],\"inLanguage\":\"es\"},{\"@type\":\"Organization\",\"@id\":\"https:\\\/\\\/lospoliticosveracruz.com\\\/#organization\",\"name\":\"Los pol\u00edticos Veracruz\",\"url\":\"https:\\\/\\\/lospoliticosveracruz.com\\\/\",\"logo\":{\"@type\":\"ImageObject\",\"inLanguage\":\"es\",\"@id\":\"https:\\\/\\\/lospoliticosveracruz.com\\\/#\\\/schema\\\/logo\\\/image\\\/\",\"url\":\"https:\\\/\\\/lospoliticosveracruz.com\\\/wp-content\\\/uploads\\\/2025\\\/12\\\/Logo-Nuevo-LOS-POLITICOS-1.jpg\",\"contentUrl\":\"https:\\\/\\\/lospoliticosveracruz.com\\\/wp-content\\\/uploads\\\/2025\\\/12\\\/Logo-Nuevo-LOS-POLITICOS-1.jpg\",\"width\":260,\"height\":70,\"caption\":\"Los pol\u00edticos Veracruz\"},\"image\":{\"@id\":\"https:\\\/\\\/lospoliticosveracruz.com\\\/#\\\/schema\\\/logo\\\/image\\\/\"},\"sameAs\":[\"https:\\\/\\\/www.facebook.com\\\/people\\\/Notimemes-de-los-Polticos\\\/61565672886568\\\/\",\"https:\\\/\\\/x.com\\\/LosPoliticosVer\"]},{\"@type\":\"Person\",\"@id\":\"https:\\\/\\\/lospoliticosveracruz.com\\\/#\\\/schema\\\/person\\\/b8702bb0e538456e6efd07080bf2a4a2\",\"name\":\"Lo viste en Los Pol\u00edticos\",\"image\":{\"@type\":\"ImageObject\",\"inLanguage\":\"es\",\"@id\":\"https:\\\/\\\/secure.gravatar.com\\\/avatar\\\/3a8de04a2656d44082be478bd6c086daa447c4651605818287b9532d3d0bd435?s=96&d=mm&r=g\",\"url\":\"https:\\\/\\\/secure.gravatar.com\\\/avatar\\\/3a8de04a2656d44082be478bd6c086daa447c4651605818287b9532d3d0bd435?s=96&d=mm&r=g\",\"contentUrl\":\"https:\\\/\\\/secure.gravatar.com\\\/avatar\\\/3a8de04a2656d44082be478bd6c086daa447c4651605818287b9532d3d0bd435?s=96&d=mm&r=g\",\"caption\":\"Lo viste en Los Pol\u00edticos\"},\"url\":\"https:\\\/\\\/lospoliticosveracruz.com\\\/?author=2\"}]}<\/script>\n<!-- \/ Yoast SEO plugin. -->","yoast_head_json":{"title":"CHIQUIYUNES VA POR M\u00c1S APOYOS! - Los pol\u00edticos Veracruz","robots":{"index":"index","follow":"follow","max-snippet":"max-snippet:-1","max-image-preview":"max-image-preview:large","max-video-preview":"max-video-preview:-1"},"canonical":"https:\/\/lospoliticosveracruz.com\/?p=119462","og_locale":"es_ES","og_type":"article","og_title":"CHIQUIYUNES VA POR M\u00c1S APOYOS! - Los pol\u00edticos Veracruz","og_description":"Durante su tercer d\u00eda de campa\u00f1a proselitista, Miguel \u00c1ngel Yunes M\u00e1rquez, candidato al Senado de la Rep\u00fablica por la coalici\u00f3n Fuerza y Coraz\u00f3n por Veracruz, visit\u00f3 la zona de Martinez de la Torre en donde afirm\u00f3 que luchar\u00e1 para que no s\u00f3lo se mantengan los programas sociales, sino que se incrementen los apoyos, y la [&hellip;]","og_url":"https:\/\/lospoliticosveracruz.com\/?p=119462","og_site_name":"Los pol\u00edticos Veracruz","article_publisher":"https:\/\/www.facebook.com\/people\/Notimemes-de-los-Polticos\/61565672886568\/","article_published_time":"2024-03-04T02:52:06+00:00","article_modified_time":"2024-03-04T02:52:28+00:00","og_image":[{"width":200,"height":200,"url":"https:\/\/lospoliticosveracruz.com\/wp-content\/uploads\/2016\/07\/Logo-Dor.jpg","type":"image\/jpeg"}],"author":"Lo viste en Los Pol\u00edticos","twitter_card":"summary_large_image","twitter_creator":"@LosPoliticosVer","twitter_site":"@LosPoliticosVer","twitter_misc":{"Escrito por":"Lo viste en Los Pol\u00edticos","Tiempo de lectura":"2 minutos"},"schema":{"@context":"https:\/\/schema.org","@graph":[{"@type":"Article","@id":"https:\/\/lospoliticosveracruz.com\/?p=119462#article","isPartOf":{"@id":"https:\/\/lospoliticosveracruz.com\/?p=119462"},"author":{"name":"Lo viste en Los Pol\u00edticos","@id":"https:\/\/lospoliticosveracruz.com\/#\/schema\/person\/b8702bb0e538456e6efd07080bf2a4a2"},"headline":"CHIQUIYUNES VA POR M\u00c1S APOYOS!","datePublished":"2024-03-04T02:52:06+00:00","dateModified":"2024-03-04T02:52:28+00:00","mainEntityOfPage":{"@id":"https:\/\/lospoliticosveracruz.com\/?p=119462"},"wordCount":371,"publisher":{"@id":"https:\/\/lospoliticosveracruz.com\/#organization"},"keywords":["Mart\u00ednez de la Torre","PAN","Pepe de la Torre","Sara Ladr\u00f3n de Guevara","Senado","Veracruz"],"articleSection":["De Boleto"],"inLanguage":"es"},{"@type":"WebPage","@id":"https:\/\/lospoliticosveracruz.com\/?p=119462","url":"https:\/\/lospoliticosveracruz.com\/?p=119462","name":"CHIQUIYUNES VA POR M\u00c1S APOYOS! - Los pol\u00edticos Veracruz","isPartOf":{"@id":"https:\/\/lospoliticosveracruz.com\/#website"},"datePublished":"2024-03-04T02:52:06+00:00","dateModified":"2024-03-04T02:52:28+00:00","breadcrumb":{"@id":"https:\/\/lospoliticosveracruz.com\/?p=119462#breadcrumb"},"inLanguage":"es","potentialAction":[{"@type":"ReadAction","target":["https:\/\/lospoliticosveracruz.com\/?p=119462"]}]},{"@type":"BreadcrumbList","@id":"https:\/\/lospoliticosveracruz.com\/?p=119462#breadcrumb","itemListElement":[{"@type":"ListItem","position":1,"name":"Portada","item":"https:\/\/lospoliticosveracruz.com\/"},{"@type":"ListItem","position":2,"name":"CHIQUIYUNES VA POR M\u00c1S APOYOS!"}]},{"@type":"WebSite","@id":"https:\/\/lospoliticosveracruz.com\/#website","url":"https:\/\/lospoliticosveracruz.com\/","name":"Los pol\u00edticos Veracruz","description":"","publisher":{"@id":"https:\/\/lospoliticosveracruz.com\/#organization"},"potentialAction":[{"@type":"SearchAction","target":{"@type":"EntryPoint","urlTemplate":"https:\/\/lospoliticosveracruz.com\/?s={search_term_string}"},"query-input":{"@type":"PropertyValueSpecification","valueRequired":true,"valueName":"search_term_string"}}],"inLanguage":"es"},{"@type":"Organization","@id":"https:\/\/lospoliticosveracruz.com\/#organization","name":"Los pol\u00edticos Veracruz","url":"https:\/\/lospoliticosveracruz.com\/","logo":{"@type":"ImageObject","inLanguage":"es","@id":"https:\/\/lospoliticosveracruz.com\/#\/schema\/logo\/image\/","url":"https:\/\/lospoliticosveracruz.com\/wp-content\/uploads\/2025\/12\/Logo-Nuevo-LOS-POLITICOS-1.jpg","contentUrl":"https:\/\/lospoliticosveracruz.com\/wp-content\/uploads\/2025\/12\/Logo-Nuevo-LOS-POLITICOS-1.jpg","width":260,"height":70,"caption":"Los pol\u00edticos Veracruz"},"image":{"@id":"https:\/\/lospoliticosveracruz.com\/#\/schema\/logo\/image\/"},"sameAs":["https:\/\/www.facebook.com\/people\/Notimemes-de-los-Polticos\/61565672886568\/","https:\/\/x.com\/LosPoliticosVer"]},{"@type":"Person","@id":"https:\/\/lospoliticosveracruz.com\/#\/schema\/person\/b8702bb0e538456e6efd07080bf2a4a2","name":"Lo viste en Los Pol\u00edticos","image":{"@type":"ImageObject","inLanguage":"es","@id":"https:\/\/secure.gravatar.com\/avatar\/3a8de04a2656d44082be478bd6c086daa447c4651605818287b9532d3d0bd435?s=96&d=mm&r=g","url":"https:\/\/secure.gravatar.com\/avatar\/3a8de04a2656d44082be478bd6c086daa447c4651605818287b9532d3d0bd435?s=96&d=mm&r=g","contentUrl":"https:\/\/secure.gravatar.com\/avatar\/3a8de04a2656d44082be478bd6c086daa447c4651605818287b9532d3d0bd435?s=96&d=mm&r=g","caption":"Lo viste en Los Pol\u00edticos"},"url":"https:\/\/lospoliticosveracruz.com\/?author=2"}]}},"_links":{"self":[{"href":"https:\/\/lospoliticosveracruz.com\/index.php?rest_route=\/wp\/v2\/posts\/119462","targetHints":{"allow":["GET"]}}],"collection":[{"href":"https:\/\/lospoliticosveracruz.com\/index.php?rest_route=\/wp\/v2\/posts"}],"about":[{"href":"https:\/\/lospoliticosveracruz.com\/index.php?rest_route=\/wp\/v2\/types\/post"}],"author":[{"embeddable":true,"href":"https:\/\/lospoliticosveracruz.com\/index.php?rest_route=\/wp\/v2\/users\/2"}],"replies":[{"embeddable":true,"href":"https:\/\/lospoliticosveracruz.com\/index.php?rest_route=%2Fwp%2Fv2%2Fcomments&post=119462"}],"version-history":[{"count":1,"href":"https:\/\/lospoliticosveracruz.com\/index.php?rest_route=\/wp\/v2\/posts\/119462\/revisions"}],"predecessor-version":[{"id":119464,"href":"https:\/\/lospoliticosveracruz.com\/index.php?rest_route=\/wp\/v2\/posts\/119462\/revisions\/119464"}],"wp:attachment":[{"href":"https:\/\/lospoliticosveracruz.com\/index.php?rest_route=%2Fwp%2Fv2%2Fmedia&parent=119462"}],"wp:term":[{"taxonomy":"category","embeddable":true,"href":"https:\/\/lospoliticosveracruz.com\/index.php?rest_route=%2Fwp%2Fv2%2Fcategories&post=119462"},{"taxonomy":"post_tag","embeddable":true,"href":"https:\/\/lospoliticosveracruz.com\/index.php?rest_route=%2Fwp%2Fv2%2Ftags&post=119462"}],"curies":[{"name":"wp","href":"https:\/\/api.w.org\/{rel}","templated":true}]}}