{"id":119556,"date":"2024-03-05T05:08:01","date_gmt":"2024-03-05T11:08:01","guid":{"rendered":"https:\/\/lospoliticosveracruz.com.mx\/?p=119556"},"modified":"2024-03-05T05:08:14","modified_gmt":"2024-03-05T11:08:14","slug":"recordatorio","status":"publish","type":"post","link":"https:\/\/lospoliticosveracruz.com\/?p=119556","title":{"rendered":"RECORDATORIO"},"content":{"rendered":"\n<p><strong>Jos\u00e9 Luis Ortega Vidal<\/strong><\/p>\n\n\n\n<p><em>Claroscuros<\/em><\/p>\n\n\n\n<p>(1)<br>He planteado en m\u00e1s de una ocasi\u00f3n la distinci\u00f3n entre el Pr\u00edncipe y el Estado: no es AMLO, es M\u00e9xico; no son Roc\u00edo ni Jos\u00e9, es Veracruz; escrib\u00ed\u2026<\/p>\n\n\n\n<p>(2)<br>Vuelvo al tema\u2026<\/p>\n\n\n\n<p>(3)<br>A pesar de contar con muchos m\u00e1s recursos naturales que los estados del norte, centro, noreste y el baj\u00edo, Veracruz dista mucho del desarrollo industrial de Nuevo Le\u00f3n, Guanajuato, Jalisco, Estado de M\u00e9xico, Chihuahua, Baja California, Coahuila, entre otros\u2026<\/p>\n\n\n\n<p>(4)<br>\u00bfPorqu\u00e9?<br>Entre otras razones porque en Veracruz -primero en Poza Rica y la huasteca y luego en Coatzacoalcos y el sur jarocho- se implement\u00f3 una pol\u00edtica econ\u00f3mica estatista en el ramo industrial, concretamente en el sector energ\u00e9tico, que funcion\u00f3 un tiempo y luego fracas\u00f3 rotundamente.<br>Poza Rica fue capital petrolera de M\u00e9xico durante las d\u00e9cadas de los cuarenta, cincuenta, sesenta y en los setenta inici\u00f3 el declive productivo en la extracci\u00f3n y refinaci\u00f3n de petr\u00f3leo\u2026<br>Aquello fueron d\u00e9cadas de jauja en docenas de municipios, bajo la err\u00f3nea visi\u00f3n de un para\u00edso donde el gobierno recib\u00eda mucho dinero, repart\u00eda empleos al pueblo, al tiempo de conformar una clase pol\u00edtica y otra empresarial, corruptas.<br>Todo ello sin prever el declive natural de aquel pozo y sin observar a tiempo -y a fondo- la revoluci\u00f3n tecnol\u00f3gica digital que habr\u00eda de generar un giro al sistema capitalista y, por ende, al mundo\u2026<\/p>\n\n\n\n<p>(5)<br>Va un ejemplo: a partir del 2025 AMAZON invertir\u00e1 en Quer\u00e9taro.<br>Aristegui Noticias, lo explica as\u00ed:<\/p>\n\n\n\n<p>\u201cAmazon Web Services (AWS), el brazo de servicios en la nube de Amazon, anunci\u00f3 este lunes una inversi\u00f3n de 5 mil millones de d\u00f3lares en una nueva regi\u00f3n de centros de datos en Quer\u00e9taro, estado del centro de M\u00e9xico.<br>La infraestructura estar\u00e1 compuesta por tres zonas de disponibilidad, con uno o m\u00e1s centros de datos cada una, y que comenzar\u00eda a operar a inicios de 2025 con todos los 240 servicios de la compa\u00f1\u00eda.<br>Rub\u00e9n Mug\u00e1rtegui, director general de AWS M\u00e9xico, indic\u00f3 en una conferencia de prensa que la m\u00e1s importante inversi\u00f3n del brazo tecnol\u00f3gico de Amazon para un lapso de 15 a\u00f1os en el pa\u00eds fue una \u201cdecisi\u00f3n t\u00e9cnica\u201d basada en la demanda de sus clientes, y factores como la latencia, no sismicidad y nulos niveles de inundaciones.\u201d<\/p>\n\n\n\n<p>(6)<br>La construcci\u00f3n de la refiner\u00eda de Dos Bocas ha costado al gobierno mexicano m\u00e1s de 16 mil millones de d\u00f3lares\u2026<br>AMAZON es la empresa m\u00e1s importante en el comercio digital del mundo y su director general de servicios web en M\u00e9xico, comparte la visi\u00f3n de la firma en torno a nuestro pa\u00eds:<\/p>\n\n\n\n<p>\u201cEsto junto a una perspectiva favorable para el desarrollo econ\u00f3mico de M\u00e9xico y la demanda de m\u00e1s servicios y aplicaciones en la nube por la relocalizaci\u00f3n de las empresas o \u2018nearshoring\u2019.<br>\u201cEs la m\u00e1s importante inversi\u00f3n que hemos hecho en la historia de AWS en M\u00e9xico, pero no significa que vaya a ser la \u00fanica ni la \u00faltima. Estoy seguro de que continuaremos desarrollando mucho mayor infraestructura\u201d, manifest\u00f3.<\/p>\n\n\n\n<p>Adem\u00e1s, dijo, permitir\u00e1 el desarrollo de todo tipo de nuevas empresas, en un marco en el que se espera que 98 % de las empresas en 2028 utilicen inteligencia artificial generativa.\u201d<\/p>\n\n\n\n<figure class=\"wp-block-embed\"><div class=\"wp-block-embed__wrapper\">\nhttps:\/\/www.bing.com\/search?q=AMAZON+INVERTIRA+EN+QUERETARO&#038;cvid=1e9fd1ff153b4e5c9da5039fc8f8d2c3&#038;aqs=edge.0.69i59l3j0l2j69i65l3j69i60.2133j0j1&#038;pglt=41&#038;FORM=ANNTA&#038;PC=U531\n<\/div><\/figure>\n\n\n\n<p>Contexto: Quer\u00e9taro cuenta con conectividad terrestre propia, as\u00ed como a\u00e9rea por su cercan\u00eda con la CDMX\u2026<br>Tambi\u00e9n cuenta con mano de obra especializada y suficiente\u2026<br>Competitividad: Quer\u00e9taro atrajo a Amazon que anunci\u00f3 su inversi\u00f3n, frente a Nuevo Le\u00f3n donde Tesla tambi\u00e9n dijo que invertir\u00e1 una cantidad de miles de millones de d\u00f3lares, pero al paso de los meses a\u00fan no concreta el arribo de su multimillonario capital\u2026<br>Un dato clave: ni Quer\u00e9taro ni Nuevo Le\u00f3n cuentan con el agua que tiene Veracruz, ni la multi diversidad natural veracruzana, conformada por bosque tropical, selva tropical, mar, lagunas, r\u00edos, monta\u00f1as, llanos, agricultura, ganader\u00eda, pesca, energ\u00e9ticos naturales, etc\u00e9tera\u2026<br>AMAZON opera sus negocios mundiales a trav\u00e9s de internet, oferta servicios de nube que operan a trav\u00e9s de sat\u00e9lites y entrega productos de toda \u00edndole mediante redes de env\u00edo terrestre y a\u00e9reo de acuerdo a las condiciones de cada sitio, en el planeta\u2026<br>En t\u00e9rminos pr\u00e1cticos, una de las m\u00faltiples ventajas de Quer\u00e9taro -y Nuevo Le\u00f3n- frente a Veracruz, es la mejor condici\u00f3n de sus carreteras federales y estatales, as\u00ed como una hist\u00f3rica visi\u00f3n de apostar a las inversiones privadas y a la actualizaci\u00f3n tecnol\u00f3gica\u2026<\/p>\n\n\n\n<p>(7)<br>Pero vuelvo al tema de la pol\u00edtica econ\u00f3mica estatista.<br>En el norte, noreste, centro y el baj\u00edo en M\u00e9xico, durante el \u00faltimo siglo se impuls\u00f3 la inversi\u00f3n privada, mientras el sur y sureste han sumado un incipiente desarrollo industrial con la mayor parte de su inversi\u00f3n desde el sector p\u00fablico, y en el ramo energ\u00e9tico\u2026<\/p>\n\n\n\n<p>(8)<br>En Coatzacoalcos, Minatitl\u00e1n, Cosoleacaque, J\u00e1ltipan, Texistepec e incluso en Acayucan, se vivi\u00f3 durante las d\u00e9cadas de los sesenta, setenta y ochenta, el surgimiento y cenit de complejos petroqu\u00edmicos propiedad de PEMEX, fertilizadoras y azufreras propiedad del gobierno federal o adquiridas por \u00e9ste; f\u00e1bricas de productos l\u00e1cteos adscritas a la CONASUPO\u2026<br>Tambi\u00e9n tuvimos bancos oficiales operados por bur\u00f3cratas, como en todo el pa\u00eds y -caso BANRURAL- una banca abocada al campo con una pol\u00edtica de pr\u00e9stamos a fondo perdido, sin\u00f3nimo de quiebra en cualquier empresa\u2026<\/p>\n\n\n\n<p>(9)<br>Como en Poza Rica y la huasteca veracruzana, en el sur aquella org\u00eda financiera del exceso y la abundancia dur\u00f3 mientras el Estado la pudo -y la quiso- solventar\u2026<br>Luego, durante la d\u00e9cada de los noventa se bajaron las cortinas y como en las regiones totonaca y huasteca, la regi\u00f3n olmeca se pobl\u00f3 de ausencias porque el despido de decenas de miles de obreros g\u00e9nero una di\u00e1spora mortalmente viva hasta la fecha\u2026<\/p>\n\n\n\n<p>(10)<br>El cierre de paraestatales y la entrega de la infraestructura oficial al sector privado se conoce, en el caso mexicano, como neoliberalismo\u2026<br>Y s\u00ed, ese neoliberalismo impulsado por Carlos Salinas de Gortari, sumado al error de diciembre de aquel fat\u00eddico 1994 ya con Ernesto Zedillo como presidente, acab\u00f3 con vidas y sue\u00f1os de toda una generaci\u00f3n de mexicanos, y de modo espec\u00edfico, de varias generaciones de veracruzanos\u2026<\/p>\n\n\n\n<p>(11)<br>\u00bfPor qu\u00e9 Quer\u00e9taro se levant\u00f3?<br>\u00bfC\u00f3mo le hicieron Jalisco, Aguascalientes, Nuevo Le\u00f3n, Baja California, Yucat\u00e1n, para irse levantando?<\/p>\n\n\n\n<p>(12)<br>\u00bfPor qu\u00e9 Veracruz no se levant\u00f3 ni da visos de irse levantando?<\/p>\n\n\n\n<p>(13)<br>Desde 1994 hasta el 2024, han transcurrido tres d\u00e9cadas.<br>Entre los a\u00f1os 2010 y 2016 Coatzacoalcos se repuso parcialmente con la inversi\u00f3n privada de 5 mil 200 millones de d\u00f3lares en la construcci\u00f3n del Complejo Petroqu\u00edmico Braskem Idesa.<br>Con unos 25 mil empleos, el antiguo Puerto M\u00e9xico vivi\u00f3 un respiro en su desarrollo econ\u00f3mico\u2026<br>S\u00f3lo que, al no haberse generado nuevas inversiones de ese nivel, acab\u00f3 imponi\u00e9ndose la inseguridad y arranc\u00f3 una di\u00e1spora de la clase alta y un sector de la clase media alta\u2026<br>Las clases media y baja porte\u00f1as volvieron a lo mismo: sobrevivir y migrar en busca de empleo.<br>Dos Bocas, en el cercano Tabasco, ayud\u00f3 durante el sexenio del presidente Andr\u00e9s Manuel L\u00f3pez Obrador; pero ha resultado insuficiente y su construcci\u00f3n ha concluido, lo que significa disminuci\u00f3n de empleos\u2026<\/p>\n\n\n\n<p>(14)<br>El tema es Veracruz\u2026<br>El tema no es Roc\u00edo Nahle y tampoco es Jos\u00e9 Yunes.<br>A los dos candidatos hay que preguntarles:<br>\u00bfCu\u00e1l es su plan de Estado en el ramo macroecon\u00f3mico, de inversiones p\u00fablica y privada, de conectividad carretera, portuaria y a\u00e9rea, de atracci\u00f3n de inversi\u00f3n extranjera y nacional directa, de formaci\u00f3n de mano de obra especializada, de oferta de empleo a nivel de docenas de miles de plazas, de aprovechamiento de nuestros recursos en el campo, en la industria y en los servicios y el turismo; de combate a la pobreza mediante microempresas, acceso r\u00e1pido a cr\u00e9ditos blandos; de vinculaci\u00f3n entre el sector educativo -titulaci\u00f3n de profesionistas- y obtenci\u00f3n de plazas laborales suficientes y bien pagadas?<br>\u00bfCu\u00e1l la f\u00f3rmula, la estrategia, la idea bien fundamentada de Roc\u00edo Nahle Garc\u00eda y Jos\u00e9 Yunes Zorrilla, para sacar al buey de la barranca?<\/p>\n\n\n\n<p>(15)<br>Ese es el punto medular durante los d\u00edas que corren, porque de lo que se decida el dos de junio depende nuestro futuro\u2026<\/p>\n\n\n\n<p>(16)<br>Lo dem\u00e1s: las grillas y pleitos de ambiciosos y buscachambas por el pastel, es tema secundario\u2026<br>El objetivo es la sociedad, el desarrollo social, el desarrollo econ\u00f3mico y la justicia\u2026<\/p>\n\n\n\n<p>(17)<br>Ojal\u00e1 ambos candidatos est\u00e9n a la altura de librarnos de esa cotidiana y pat\u00e9tica lucha por la chuleta, en lo que est\u00e1 convirti\u00e9ndose la campa\u00f1a\u2026<br>A nadie espantan los codiciosos, ocurre simplemente que roban el aire de los ciudadanos\u2026<\/p>\n","protected":false},"excerpt":{"rendered":"<p>Jos\u00e9 Luis Ortega Vidal Claroscuros (1)He planteado en m\u00e1s de una ocasi\u00f3n la distinci\u00f3n entre el Pr\u00edncipe y el Estado: no es AMLO, es M\u00e9xico; no son Roc\u00edo ni Jos\u00e9, es Veracruz; escrib\u00ed\u2026 (2)Vuelvo al tema\u2026 (3)A pesar de contar con muchos m\u00e1s recursos naturales que los estados del norte, centro, noreste y el baj\u00edo, [&hellip;]<\/p>\n","protected":false},"author":2,"featured_media":0,"comment_status":"closed","ping_status":"closed","sticky":false,"template":"","format":"standard","meta":{"tdm_status":"","tdm_grid_status":"","footnotes":""},"categories":[70],"tags":[14643,570,7748,3578,195],"class_list":{"0":"post-119556","1":"post","2":"type-post","3":"status-publish","4":"format-standard","6":"category-de-opinion","7":"tag-dos-bocas","8":"tag-pepe-yunes","9":"tag-queretaro","10":"tag-rocio-nahle","11":"tag-veracruz"},"yoast_head":"<!-- This site is optimized with the Yoast SEO plugin v27.4 - https:\/\/yoast.com\/product\/yoast-seo-wordpress\/ -->\n<title>RECORDATORIO - Los pol\u00edticos Veracruz<\/title>\n<meta name=\"robots\" content=\"index, follow, max-snippet:-1, max-image-preview:large, max-video-preview:-1\" \/>\n<link rel=\"canonical\" href=\"https:\/\/lospoliticosveracruz.com\/?p=119556\" \/>\n<meta property=\"og:locale\" content=\"es_ES\" \/>\n<meta property=\"og:type\" content=\"article\" \/>\n<meta property=\"og:title\" content=\"RECORDATORIO - Los pol\u00edticos Veracruz\" \/>\n<meta property=\"og:description\" content=\"Jos\u00e9 Luis Ortega Vidal Claroscuros (1)He planteado en m\u00e1s de una ocasi\u00f3n la distinci\u00f3n entre el Pr\u00edncipe y el Estado: no es AMLO, es M\u00e9xico; no son Roc\u00edo ni Jos\u00e9, es Veracruz; escrib\u00ed\u2026 (2)Vuelvo al tema\u2026 (3)A pesar de contar con muchos m\u00e1s recursos naturales que los estados del norte, centro, noreste y el baj\u00edo, [&hellip;]\" \/>\n<meta property=\"og:url\" content=\"https:\/\/lospoliticosveracruz.com\/?p=119556\" \/>\n<meta property=\"og:site_name\" content=\"Los pol\u00edticos Veracruz\" \/>\n<meta property=\"article:publisher\" content=\"https:\/\/www.facebook.com\/people\/Notimemes-de-los-Polticos\/61565672886568\/\" \/>\n<meta property=\"article:published_time\" content=\"2024-03-05T11:08:01+00:00\" \/>\n<meta property=\"article:modified_time\" content=\"2024-03-05T11:08:14+00:00\" \/>\n<meta property=\"og:image\" content=\"https:\/\/lospoliticosveracruz.com\/wp-content\/uploads\/2016\/07\/Logo-Dor.jpg\" \/>\n\t<meta property=\"og:image:width\" content=\"200\" \/>\n\t<meta property=\"og:image:height\" content=\"200\" \/>\n\t<meta property=\"og:image:type\" content=\"image\/jpeg\" \/>\n<meta name=\"author\" content=\"Lo viste en Los Pol\u00edticos\" \/>\n<meta name=\"twitter:card\" content=\"summary_large_image\" \/>\n<meta name=\"twitter:creator\" content=\"@LosPoliticosVer\" \/>\n<meta name=\"twitter:site\" content=\"@LosPoliticosVer\" \/>\n<meta name=\"twitter:label1\" content=\"Escrito por\" \/>\n\t<meta name=\"twitter:data1\" content=\"Lo viste en Los Pol\u00edticos\" \/>\n\t<meta name=\"twitter:label2\" content=\"Tiempo de lectura\" \/>\n\t<meta name=\"twitter:data2\" content=\"8 minutos\" \/>\n<script type=\"application\/ld+json\" class=\"yoast-schema-graph\">{\"@context\":\"https:\\\/\\\/schema.org\",\"@graph\":[{\"@type\":\"Article\",\"@id\":\"https:\\\/\\\/lospoliticosveracruz.com\\\/?p=119556#article\",\"isPartOf\":{\"@id\":\"https:\\\/\\\/lospoliticosveracruz.com\\\/?p=119556\"},\"author\":{\"name\":\"Lo viste en Los Pol\u00edticos\",\"@id\":\"https:\\\/\\\/lospoliticosveracruz.com\\\/#\\\/schema\\\/person\\\/b8702bb0e538456e6efd07080bf2a4a2\"},\"headline\":\"RECORDATORIO\",\"datePublished\":\"2024-03-05T11:08:01+00:00\",\"dateModified\":\"2024-03-05T11:08:14+00:00\",\"mainEntityOfPage\":{\"@id\":\"https:\\\/\\\/lospoliticosveracruz.com\\\/?p=119556\"},\"wordCount\":1581,\"publisher\":{\"@id\":\"https:\\\/\\\/lospoliticosveracruz.com\\\/#organization\"},\"keywords\":[\"Dos Bocas\",\"Pepe Yunes\",\"Quer\u00e9taro\",\"Roc\u00edo Nahle\",\"Veracruz\"],\"articleSection\":[\"De Opini\u00f3n\"],\"inLanguage\":\"es\"},{\"@type\":\"WebPage\",\"@id\":\"https:\\\/\\\/lospoliticosveracruz.com\\\/?p=119556\",\"url\":\"https:\\\/\\\/lospoliticosveracruz.com\\\/?p=119556\",\"name\":\"RECORDATORIO - Los pol\u00edticos Veracruz\",\"isPartOf\":{\"@id\":\"https:\\\/\\\/lospoliticosveracruz.com\\\/#website\"},\"datePublished\":\"2024-03-05T11:08:01+00:00\",\"dateModified\":\"2024-03-05T11:08:14+00:00\",\"breadcrumb\":{\"@id\":\"https:\\\/\\\/lospoliticosveracruz.com\\\/?p=119556#breadcrumb\"},\"inLanguage\":\"es\",\"potentialAction\":[{\"@type\":\"ReadAction\",\"target\":[\"https:\\\/\\\/lospoliticosveracruz.com\\\/?p=119556\"]}]},{\"@type\":\"BreadcrumbList\",\"@id\":\"https:\\\/\\\/lospoliticosveracruz.com\\\/?p=119556#breadcrumb\",\"itemListElement\":[{\"@type\":\"ListItem\",\"position\":1,\"name\":\"Portada\",\"item\":\"https:\\\/\\\/lospoliticosveracruz.com\\\/\"},{\"@type\":\"ListItem\",\"position\":2,\"name\":\"RECORDATORIO\"}]},{\"@type\":\"WebSite\",\"@id\":\"https:\\\/\\\/lospoliticosveracruz.com\\\/#website\",\"url\":\"https:\\\/\\\/lospoliticosveracruz.com\\\/\",\"name\":\"Los pol\u00edticos Veracruz\",\"description\":\"\",\"publisher\":{\"@id\":\"https:\\\/\\\/lospoliticosveracruz.com\\\/#organization\"},\"potentialAction\":[{\"@type\":\"SearchAction\",\"target\":{\"@type\":\"EntryPoint\",\"urlTemplate\":\"https:\\\/\\\/lospoliticosveracruz.com\\\/?s={search_term_string}\"},\"query-input\":{\"@type\":\"PropertyValueSpecification\",\"valueRequired\":true,\"valueName\":\"search_term_string\"}}],\"inLanguage\":\"es\"},{\"@type\":\"Organization\",\"@id\":\"https:\\\/\\\/lospoliticosveracruz.com\\\/#organization\",\"name\":\"Los pol\u00edticos Veracruz\",\"url\":\"https:\\\/\\\/lospoliticosveracruz.com\\\/\",\"logo\":{\"@type\":\"ImageObject\",\"inLanguage\":\"es\",\"@id\":\"https:\\\/\\\/lospoliticosveracruz.com\\\/#\\\/schema\\\/logo\\\/image\\\/\",\"url\":\"https:\\\/\\\/lospoliticosveracruz.com\\\/wp-content\\\/uploads\\\/2025\\\/12\\\/Logo-Nuevo-LOS-POLITICOS-1.jpg\",\"contentUrl\":\"https:\\\/\\\/lospoliticosveracruz.com\\\/wp-content\\\/uploads\\\/2025\\\/12\\\/Logo-Nuevo-LOS-POLITICOS-1.jpg\",\"width\":260,\"height\":70,\"caption\":\"Los pol\u00edticos Veracruz\"},\"image\":{\"@id\":\"https:\\\/\\\/lospoliticosveracruz.com\\\/#\\\/schema\\\/logo\\\/image\\\/\"},\"sameAs\":[\"https:\\\/\\\/www.facebook.com\\\/people\\\/Notimemes-de-los-Polticos\\\/61565672886568\\\/\",\"https:\\\/\\\/x.com\\\/LosPoliticosVer\"]},{\"@type\":\"Person\",\"@id\":\"https:\\\/\\\/lospoliticosveracruz.com\\\/#\\\/schema\\\/person\\\/b8702bb0e538456e6efd07080bf2a4a2\",\"name\":\"Lo viste en Los Pol\u00edticos\",\"image\":{\"@type\":\"ImageObject\",\"inLanguage\":\"es\",\"@id\":\"https:\\\/\\\/secure.gravatar.com\\\/avatar\\\/3a8de04a2656d44082be478bd6c086daa447c4651605818287b9532d3d0bd435?s=96&d=mm&r=g\",\"url\":\"https:\\\/\\\/secure.gravatar.com\\\/avatar\\\/3a8de04a2656d44082be478bd6c086daa447c4651605818287b9532d3d0bd435?s=96&d=mm&r=g\",\"contentUrl\":\"https:\\\/\\\/secure.gravatar.com\\\/avatar\\\/3a8de04a2656d44082be478bd6c086daa447c4651605818287b9532d3d0bd435?s=96&d=mm&r=g\",\"caption\":\"Lo viste en Los Pol\u00edticos\"},\"url\":\"https:\\\/\\\/lospoliticosveracruz.com\\\/?author=2\"}]}<\/script>\n<!-- \/ Yoast SEO plugin. -->","yoast_head_json":{"title":"RECORDATORIO - Los pol\u00edticos Veracruz","robots":{"index":"index","follow":"follow","max-snippet":"max-snippet:-1","max-image-preview":"max-image-preview:large","max-video-preview":"max-video-preview:-1"},"canonical":"https:\/\/lospoliticosveracruz.com\/?p=119556","og_locale":"es_ES","og_type":"article","og_title":"RECORDATORIO - Los pol\u00edticos Veracruz","og_description":"Jos\u00e9 Luis Ortega Vidal Claroscuros (1)He planteado en m\u00e1s de una ocasi\u00f3n la distinci\u00f3n entre el Pr\u00edncipe y el Estado: no es AMLO, es M\u00e9xico; no son Roc\u00edo ni Jos\u00e9, es Veracruz; escrib\u00ed\u2026 (2)Vuelvo al tema\u2026 (3)A pesar de contar con muchos m\u00e1s recursos naturales que los estados del norte, centro, noreste y el baj\u00edo, [&hellip;]","og_url":"https:\/\/lospoliticosveracruz.com\/?p=119556","og_site_name":"Los pol\u00edticos Veracruz","article_publisher":"https:\/\/www.facebook.com\/people\/Notimemes-de-los-Polticos\/61565672886568\/","article_published_time":"2024-03-05T11:08:01+00:00","article_modified_time":"2024-03-05T11:08:14+00:00","og_image":[{"width":200,"height":200,"url":"https:\/\/lospoliticosveracruz.com\/wp-content\/uploads\/2016\/07\/Logo-Dor.jpg","type":"image\/jpeg"}],"author":"Lo viste en Los Pol\u00edticos","twitter_card":"summary_large_image","twitter_creator":"@LosPoliticosVer","twitter_site":"@LosPoliticosVer","twitter_misc":{"Escrito por":"Lo viste en Los Pol\u00edticos","Tiempo de lectura":"8 minutos"},"schema":{"@context":"https:\/\/schema.org","@graph":[{"@type":"Article","@id":"https:\/\/lospoliticosveracruz.com\/?p=119556#article","isPartOf":{"@id":"https:\/\/lospoliticosveracruz.com\/?p=119556"},"author":{"name":"Lo viste en Los Pol\u00edticos","@id":"https:\/\/lospoliticosveracruz.com\/#\/schema\/person\/b8702bb0e538456e6efd07080bf2a4a2"},"headline":"RECORDATORIO","datePublished":"2024-03-05T11:08:01+00:00","dateModified":"2024-03-05T11:08:14+00:00","mainEntityOfPage":{"@id":"https:\/\/lospoliticosveracruz.com\/?p=119556"},"wordCount":1581,"publisher":{"@id":"https:\/\/lospoliticosveracruz.com\/#organization"},"keywords":["Dos Bocas","Pepe Yunes","Quer\u00e9taro","Roc\u00edo Nahle","Veracruz"],"articleSection":["De Opini\u00f3n"],"inLanguage":"es"},{"@type":"WebPage","@id":"https:\/\/lospoliticosveracruz.com\/?p=119556","url":"https:\/\/lospoliticosveracruz.com\/?p=119556","name":"RECORDATORIO - Los pol\u00edticos Veracruz","isPartOf":{"@id":"https:\/\/lospoliticosveracruz.com\/#website"},"datePublished":"2024-03-05T11:08:01+00:00","dateModified":"2024-03-05T11:08:14+00:00","breadcrumb":{"@id":"https:\/\/lospoliticosveracruz.com\/?p=119556#breadcrumb"},"inLanguage":"es","potentialAction":[{"@type":"ReadAction","target":["https:\/\/lospoliticosveracruz.com\/?p=119556"]}]},{"@type":"BreadcrumbList","@id":"https:\/\/lospoliticosveracruz.com\/?p=119556#breadcrumb","itemListElement":[{"@type":"ListItem","position":1,"name":"Portada","item":"https:\/\/lospoliticosveracruz.com\/"},{"@type":"ListItem","position":2,"name":"RECORDATORIO"}]},{"@type":"WebSite","@id":"https:\/\/lospoliticosveracruz.com\/#website","url":"https:\/\/lospoliticosveracruz.com\/","name":"Los pol\u00edticos Veracruz","description":"","publisher":{"@id":"https:\/\/lospoliticosveracruz.com\/#organization"},"potentialAction":[{"@type":"SearchAction","target":{"@type":"EntryPoint","urlTemplate":"https:\/\/lospoliticosveracruz.com\/?s={search_term_string}"},"query-input":{"@type":"PropertyValueSpecification","valueRequired":true,"valueName":"search_term_string"}}],"inLanguage":"es"},{"@type":"Organization","@id":"https:\/\/lospoliticosveracruz.com\/#organization","name":"Los pol\u00edticos Veracruz","url":"https:\/\/lospoliticosveracruz.com\/","logo":{"@type":"ImageObject","inLanguage":"es","@id":"https:\/\/lospoliticosveracruz.com\/#\/schema\/logo\/image\/","url":"https:\/\/lospoliticosveracruz.com\/wp-content\/uploads\/2025\/12\/Logo-Nuevo-LOS-POLITICOS-1.jpg","contentUrl":"https:\/\/lospoliticosveracruz.com\/wp-content\/uploads\/2025\/12\/Logo-Nuevo-LOS-POLITICOS-1.jpg","width":260,"height":70,"caption":"Los pol\u00edticos Veracruz"},"image":{"@id":"https:\/\/lospoliticosveracruz.com\/#\/schema\/logo\/image\/"},"sameAs":["https:\/\/www.facebook.com\/people\/Notimemes-de-los-Polticos\/61565672886568\/","https:\/\/x.com\/LosPoliticosVer"]},{"@type":"Person","@id":"https:\/\/lospoliticosveracruz.com\/#\/schema\/person\/b8702bb0e538456e6efd07080bf2a4a2","name":"Lo viste en Los Pol\u00edticos","image":{"@type":"ImageObject","inLanguage":"es","@id":"https:\/\/secure.gravatar.com\/avatar\/3a8de04a2656d44082be478bd6c086daa447c4651605818287b9532d3d0bd435?s=96&d=mm&r=g","url":"https:\/\/secure.gravatar.com\/avatar\/3a8de04a2656d44082be478bd6c086daa447c4651605818287b9532d3d0bd435?s=96&d=mm&r=g","contentUrl":"https:\/\/secure.gravatar.com\/avatar\/3a8de04a2656d44082be478bd6c086daa447c4651605818287b9532d3d0bd435?s=96&d=mm&r=g","caption":"Lo viste en Los Pol\u00edticos"},"url":"https:\/\/lospoliticosveracruz.com\/?author=2"}]}},"_links":{"self":[{"href":"https:\/\/lospoliticosveracruz.com\/index.php?rest_route=\/wp\/v2\/posts\/119556","targetHints":{"allow":["GET"]}}],"collection":[{"href":"https:\/\/lospoliticosveracruz.com\/index.php?rest_route=\/wp\/v2\/posts"}],"about":[{"href":"https:\/\/lospoliticosveracruz.com\/index.php?rest_route=\/wp\/v2\/types\/post"}],"author":[{"embeddable":true,"href":"https:\/\/lospoliticosveracruz.com\/index.php?rest_route=\/wp\/v2\/users\/2"}],"replies":[{"embeddable":true,"href":"https:\/\/lospoliticosveracruz.com\/index.php?rest_route=%2Fwp%2Fv2%2Fcomments&post=119556"}],"version-history":[{"count":1,"href":"https:\/\/lospoliticosveracruz.com\/index.php?rest_route=\/wp\/v2\/posts\/119556\/revisions"}],"predecessor-version":[{"id":119558,"href":"https:\/\/lospoliticosveracruz.com\/index.php?rest_route=\/wp\/v2\/posts\/119556\/revisions\/119558"}],"wp:attachment":[{"href":"https:\/\/lospoliticosveracruz.com\/index.php?rest_route=%2Fwp%2Fv2%2Fmedia&parent=119556"}],"wp:term":[{"taxonomy":"category","embeddable":true,"href":"https:\/\/lospoliticosveracruz.com\/index.php?rest_route=%2Fwp%2Fv2%2Fcategories&post=119556"},{"taxonomy":"post_tag","embeddable":true,"href":"https:\/\/lospoliticosveracruz.com\/index.php?rest_route=%2Fwp%2Fv2%2Ftags&post=119556"}],"curies":[{"name":"wp","href":"https:\/\/api.w.org\/{rel}","templated":true}]}}