{"id":119944,"date":"2024-03-11T07:14:47","date_gmt":"2024-03-11T13:14:47","guid":{"rendered":"https:\/\/lospoliticosveracruz.com.mx\/?p=119944"},"modified":"2024-03-11T07:14:58","modified_gmt":"2024-03-11T13:14:58","slug":"la-cronologia-del-saqueo","status":"publish","type":"post","link":"https:\/\/lospoliticosveracruz.com\/?p=119944","title":{"rendered":"LA CRONOLOG\u00cdA DEL SAQUEO"},"content":{"rendered":"\n<p><strong>Luis Alberto Romero<\/strong><\/p>\n\n\n\n<p><em>Hora cero<\/em><\/p>\n\n\n\n<p>La auditora general del ORFIS, Delia Gonz\u00e1lez Cobos, entreg\u00f3 al Congreso de Veracruz el Informe de Seguimiento de las Cuentas P\u00fablicas de 2017 a 2022.<\/p>\n\n\n\n<p>El documento presenta un reporte pormenorizado del probable da\u00f1o patrimonial en las dependencias gubernamentales en el citado periodo, que corresponde a las administraciones de Miguel \u00c1ngel Yunes y Cuitl\u00e1huac Garc\u00eda.<\/p>\n\n\n\n<p>Destaca el hecho de que como consecuencia de las auditor\u00edas practicadas en 2017, se interpusieron ante las fiscal\u00edas Especializada en Combate a la Corrupci\u00f3n, y de Investigaciones Ministeriales 61 denuncias por un probable da\u00f1o patrimonial superior a 852 millones de pesos.<\/p>\n\n\n\n<p>Entre los entes fiscalizables denunciados por irregularidades en el manejo de los recursos p\u00fablicos se encuentran algunos ayuntamientos; s\u00f3lo el de San Andr\u00e9s Tuxtla acumula 22 denuncias, un tercio del total estatal; pero tambi\u00e9n aparecen los de Xalapa, Emiliano Zapata, Alvarado, Papantla, Cosamaloapan y Tierra Blanca, entre otros.<\/p>\n\n\n\n<p>Llama la atenci\u00f3n la inclusi\u00f3n en esa lista de los Servicios de Salud de Veracruz, del Fideicomiso Fondo Ambiental Veracruzano; de los institutos tecnol\u00f3gicos de P\u00e1nuco, Perote, Huatusco y Las Choapas; del Instituto de Espacios Educativos y de la Sedesol veracruzana.<\/p>\n\n\n\n<p>Uno de los montos m\u00e1s elevados es el que le reclaman a la Universidad Popular Aut\u00f3noma de Veracruz, UPAV, que presenta un probable da\u00f1o patrimonial por casi 242 millones de pesos.<\/p>\n\n\n\n<p>Correspondientes a las auditor\u00edas de 2018, hay 7 denuncias que exponen un presunto da\u00f1o patrimonial de mil 177 millones de pesos (n\u00fameros redondos), aunque el mayor porcentaje es el que se refiere al Sistema Estatal de Videovigilancia, de la Secretar\u00eda de Seguridad P\u00fablica.<\/p>\n\n\n\n<p>El ORFIS report\u00f3 que de la revisi\u00f3n a la cuenta p\u00fablica de 2019 se interpusieron ante la Fiscal\u00eda General del Estado 68 denuncias por un monto total de 150 millones 344 mil pesos; casi todos los denunciados son ayuntamientos, entre los que destacan Alvarado, con 5 denuncias; Tihuatl\u00e1n, con 4; y Altotonga, con 19.<\/p>\n\n\n\n<p>En 2020 se formularon 45 denuncias ante la fiscal\u00eda veracruzana, por un presunto da\u00f1o patrimonial cercano a los 45.5 millones de pesos. El Ayuntamiento de Alvarado fue se\u00f1alado en media docena de veces. Uno de cada 5 pesos del probable desv\u00edo en la entidad se origin\u00f3 en el gobierno municipal de Bogar Ruiz en dicho periodo. Y una vez m\u00e1s, la inmensa mayor\u00eda de los se\u00f1alamientos del ORFIS se centr\u00f3 en los ayuntamientos.<\/p>\n\n\n\n<p>Esas denuncias de 2017, 2018, 2019 y 2020 se suman a las 3 presentadas por el probable da\u00f1o patrimonial de 2021 (2.5 mdp), en que habr\u00edan incurrido dos ayuntamiento, Alvarado y Zongolica.<\/p>\n\n\n\n<p>Como resultado de la auditor\u00eda a la cuenta p\u00fablica de 2022, s\u00f3lo un ente fiscalizable ha sido denunciado, el municipio de Jamapa, aunque hay m\u00e1s de 250 expedientes iniciados por el ORFIS por presunto da\u00f1o patrimonial.<\/p>\n\n\n\n<p>En total, se habla de m\u00e1s de 2 mil 227 millones de pesos como da\u00f1o patrimonial en Veracruz entre 2017 y 2022. En ese lapso, el \u00f3rgano auditor ha procedido principalmente contra dependencias del gobierno yunista y contra diversos ayuntamientos que estuvieron en funciones entre 2017 y 2021.<\/p>\n\n\n\n<p>@luisromero85<\/p>\n","protected":false},"excerpt":{"rendered":"<p>Luis Alberto Romero Hora cero La auditora general del ORFIS, Delia Gonz\u00e1lez Cobos, entreg\u00f3 al Congreso de Veracruz el Informe de Seguimiento de las Cuentas P\u00fablicas de 2017 a 2022. El documento presenta un reporte pormenorizado del probable da\u00f1o patrimonial en las dependencias gubernamentales en el citado periodo, que corresponde a las administraciones de Miguel [&hellip;]<\/p>\n","protected":false},"author":2,"featured_media":119912,"comment_status":"closed","ping_status":"closed","sticky":false,"template":"","format":"standard","meta":{"tdm_status":"","tdm_grid_status":"","footnotes":""},"categories":[70],"tags":[709,26718,1026,135,195],"class_list":{"0":"post-119944","1":"post","2":"type-post","3":"status-publish","4":"format-standard","5":"has-post-thumbnail","7":"category-de-opinion","8":"tag-dano-patrimonial","9":"tag-miguel-angel-yunes-linares-2","10":"tag-morena","11":"tag-orfis","12":"tag-veracruz"},"yoast_head":"<!-- This site is optimized with the Yoast SEO plugin v27.4 - https:\/\/yoast.com\/product\/yoast-seo-wordpress\/ -->\n<title>LA CRONOLOG\u00cdA DEL SAQUEO - Los pol\u00edticos Veracruz<\/title>\n<meta name=\"robots\" content=\"index, follow, max-snippet:-1, max-image-preview:large, max-video-preview:-1\" \/>\n<link rel=\"canonical\" href=\"https:\/\/lospoliticosveracruz.com\/?p=119944\" \/>\n<meta property=\"og:locale\" content=\"es_ES\" \/>\n<meta property=\"og:type\" content=\"article\" \/>\n<meta property=\"og:title\" content=\"LA CRONOLOG\u00cdA DEL SAQUEO - Los pol\u00edticos Veracruz\" \/>\n<meta property=\"og:description\" content=\"Luis Alberto Romero Hora cero La auditora general del ORFIS, Delia Gonz\u00e1lez Cobos, entreg\u00f3 al Congreso de Veracruz el Informe de Seguimiento de las Cuentas P\u00fablicas de 2017 a 2022. El documento presenta un reporte pormenorizado del probable da\u00f1o patrimonial en las dependencias gubernamentales en el citado periodo, que corresponde a las administraciones de Miguel [&hellip;]\" \/>\n<meta property=\"og:url\" content=\"https:\/\/lospoliticosveracruz.com\/?p=119944\" \/>\n<meta property=\"og:site_name\" content=\"Los pol\u00edticos Veracruz\" \/>\n<meta property=\"article:publisher\" content=\"https:\/\/www.facebook.com\/people\/Notimemes-de-los-Polticos\/61565672886568\/\" \/>\n<meta property=\"article:published_time\" content=\"2024-03-11T13:14:47+00:00\" \/>\n<meta property=\"article:modified_time\" content=\"2024-03-11T13:14:58+00:00\" \/>\n<meta property=\"og:image\" content=\"https:\/\/lospoliticosveracruz.com\/wp-content\/uploads\/2024\/03\/Luis-Romero.jpg\" \/>\n\t<meta property=\"og:image:width\" content=\"1250\" \/>\n\t<meta property=\"og:image:height\" content=\"667\" \/>\n\t<meta property=\"og:image:type\" content=\"image\/jpeg\" \/>\n<meta name=\"author\" content=\"Lo viste en Los Pol\u00edticos\" \/>\n<meta name=\"twitter:card\" content=\"summary_large_image\" \/>\n<meta name=\"twitter:creator\" content=\"@LosPoliticosVer\" \/>\n<meta name=\"twitter:site\" content=\"@LosPoliticosVer\" \/>\n<meta name=\"twitter:label1\" content=\"Escrito por\" \/>\n\t<meta name=\"twitter:data1\" content=\"Lo viste en Los Pol\u00edticos\" \/>\n\t<meta name=\"twitter:label2\" content=\"Tiempo de lectura\" \/>\n\t<meta name=\"twitter:data2\" content=\"3 minutos\" \/>\n<script type=\"application\/ld+json\" class=\"yoast-schema-graph\">{\"@context\":\"https:\\\/\\\/schema.org\",\"@graph\":[{\"@type\":\"Article\",\"@id\":\"https:\\\/\\\/lospoliticosveracruz.com\\\/?p=119944#article\",\"isPartOf\":{\"@id\":\"https:\\\/\\\/lospoliticosveracruz.com\\\/?p=119944\"},\"author\":{\"name\":\"Lo viste en Los Pol\u00edticos\",\"@id\":\"https:\\\/\\\/lospoliticosveracruz.com\\\/#\\\/schema\\\/person\\\/b8702bb0e538456e6efd07080bf2a4a2\"},\"headline\":\"LA CRONOLOG\u00cdA DEL SAQUEO\",\"datePublished\":\"2024-03-11T13:14:47+00:00\",\"dateModified\":\"2024-03-11T13:14:58+00:00\",\"mainEntityOfPage\":{\"@id\":\"https:\\\/\\\/lospoliticosveracruz.com\\\/?p=119944\"},\"wordCount\":522,\"publisher\":{\"@id\":\"https:\\\/\\\/lospoliticosveracruz.com\\\/#organization\"},\"image\":{\"@id\":\"https:\\\/\\\/lospoliticosveracruz.com\\\/?p=119944#primaryimage\"},\"thumbnailUrl\":\"https:\\\/\\\/lospoliticosveracruz.com\\\/wp-content\\\/uploads\\\/2024\\\/03\\\/Luis-Romero.jpg\",\"keywords\":[\"da\u00f1o patrimonial\",\"Miguel \u00c1ngel Yunes Linares\",\"Morena\",\"Orfis\",\"Veracruz\"],\"articleSection\":[\"De Opini\u00f3n\"],\"inLanguage\":\"es\"},{\"@type\":\"WebPage\",\"@id\":\"https:\\\/\\\/lospoliticosveracruz.com\\\/?p=119944\",\"url\":\"https:\\\/\\\/lospoliticosveracruz.com\\\/?p=119944\",\"name\":\"LA CRONOLOG\u00cdA DEL SAQUEO - Los pol\u00edticos Veracruz\",\"isPartOf\":{\"@id\":\"https:\\\/\\\/lospoliticosveracruz.com\\\/#website\"},\"primaryImageOfPage\":{\"@id\":\"https:\\\/\\\/lospoliticosveracruz.com\\\/?p=119944#primaryimage\"},\"image\":{\"@id\":\"https:\\\/\\\/lospoliticosveracruz.com\\\/?p=119944#primaryimage\"},\"thumbnailUrl\":\"https:\\\/\\\/lospoliticosveracruz.com\\\/wp-content\\\/uploads\\\/2024\\\/03\\\/Luis-Romero.jpg\",\"datePublished\":\"2024-03-11T13:14:47+00:00\",\"dateModified\":\"2024-03-11T13:14:58+00:00\",\"breadcrumb\":{\"@id\":\"https:\\\/\\\/lospoliticosveracruz.com\\\/?p=119944#breadcrumb\"},\"inLanguage\":\"es\",\"potentialAction\":[{\"@type\":\"ReadAction\",\"target\":[\"https:\\\/\\\/lospoliticosveracruz.com\\\/?p=119944\"]}]},{\"@type\":\"ImageObject\",\"inLanguage\":\"es\",\"@id\":\"https:\\\/\\\/lospoliticosveracruz.com\\\/?p=119944#primaryimage\",\"url\":\"https:\\\/\\\/lospoliticosveracruz.com\\\/wp-content\\\/uploads\\\/2024\\\/03\\\/Luis-Romero.jpg\",\"contentUrl\":\"https:\\\/\\\/lospoliticosveracruz.com\\\/wp-content\\\/uploads\\\/2024\\\/03\\\/Luis-Romero.jpg\",\"width\":1250,\"height\":667},{\"@type\":\"BreadcrumbList\",\"@id\":\"https:\\\/\\\/lospoliticosveracruz.com\\\/?p=119944#breadcrumb\",\"itemListElement\":[{\"@type\":\"ListItem\",\"position\":1,\"name\":\"Portada\",\"item\":\"https:\\\/\\\/lospoliticosveracruz.com\\\/\"},{\"@type\":\"ListItem\",\"position\":2,\"name\":\"LA CRONOLOG\u00cdA DEL SAQUEO\"}]},{\"@type\":\"WebSite\",\"@id\":\"https:\\\/\\\/lospoliticosveracruz.com\\\/#website\",\"url\":\"https:\\\/\\\/lospoliticosveracruz.com\\\/\",\"name\":\"Los pol\u00edticos Veracruz\",\"description\":\"\",\"publisher\":{\"@id\":\"https:\\\/\\\/lospoliticosveracruz.com\\\/#organization\"},\"potentialAction\":[{\"@type\":\"SearchAction\",\"target\":{\"@type\":\"EntryPoint\",\"urlTemplate\":\"https:\\\/\\\/lospoliticosveracruz.com\\\/?s={search_term_string}\"},\"query-input\":{\"@type\":\"PropertyValueSpecification\",\"valueRequired\":true,\"valueName\":\"search_term_string\"}}],\"inLanguage\":\"es\"},{\"@type\":\"Organization\",\"@id\":\"https:\\\/\\\/lospoliticosveracruz.com\\\/#organization\",\"name\":\"Los pol\u00edticos Veracruz\",\"url\":\"https:\\\/\\\/lospoliticosveracruz.com\\\/\",\"logo\":{\"@type\":\"ImageObject\",\"inLanguage\":\"es\",\"@id\":\"https:\\\/\\\/lospoliticosveracruz.com\\\/#\\\/schema\\\/logo\\\/image\\\/\",\"url\":\"https:\\\/\\\/lospoliticosveracruz.com\\\/wp-content\\\/uploads\\\/2025\\\/12\\\/Logo-Nuevo-LOS-POLITICOS-1.jpg\",\"contentUrl\":\"https:\\\/\\\/lospoliticosveracruz.com\\\/wp-content\\\/uploads\\\/2025\\\/12\\\/Logo-Nuevo-LOS-POLITICOS-1.jpg\",\"width\":260,\"height\":70,\"caption\":\"Los pol\u00edticos Veracruz\"},\"image\":{\"@id\":\"https:\\\/\\\/lospoliticosveracruz.com\\\/#\\\/schema\\\/logo\\\/image\\\/\"},\"sameAs\":[\"https:\\\/\\\/www.facebook.com\\\/people\\\/Notimemes-de-los-Polticos\\\/61565672886568\\\/\",\"https:\\\/\\\/x.com\\\/LosPoliticosVer\"]},{\"@type\":\"Person\",\"@id\":\"https:\\\/\\\/lospoliticosveracruz.com\\\/#\\\/schema\\\/person\\\/b8702bb0e538456e6efd07080bf2a4a2\",\"name\":\"Lo viste en Los Pol\u00edticos\",\"image\":{\"@type\":\"ImageObject\",\"inLanguage\":\"es\",\"@id\":\"https:\\\/\\\/secure.gravatar.com\\\/avatar\\\/3a8de04a2656d44082be478bd6c086daa447c4651605818287b9532d3d0bd435?s=96&d=mm&r=g\",\"url\":\"https:\\\/\\\/secure.gravatar.com\\\/avatar\\\/3a8de04a2656d44082be478bd6c086daa447c4651605818287b9532d3d0bd435?s=96&d=mm&r=g\",\"contentUrl\":\"https:\\\/\\\/secure.gravatar.com\\\/avatar\\\/3a8de04a2656d44082be478bd6c086daa447c4651605818287b9532d3d0bd435?s=96&d=mm&r=g\",\"caption\":\"Lo viste en Los Pol\u00edticos\"},\"url\":\"https:\\\/\\\/lospoliticosveracruz.com\\\/?author=2\"}]}<\/script>\n<!-- \/ Yoast SEO plugin. -->","yoast_head_json":{"title":"LA CRONOLOG\u00cdA DEL SAQUEO - Los pol\u00edticos Veracruz","robots":{"index":"index","follow":"follow","max-snippet":"max-snippet:-1","max-image-preview":"max-image-preview:large","max-video-preview":"max-video-preview:-1"},"canonical":"https:\/\/lospoliticosveracruz.com\/?p=119944","og_locale":"es_ES","og_type":"article","og_title":"LA CRONOLOG\u00cdA DEL SAQUEO - Los pol\u00edticos Veracruz","og_description":"Luis Alberto Romero Hora cero La auditora general del ORFIS, Delia Gonz\u00e1lez Cobos, entreg\u00f3 al Congreso de Veracruz el Informe de Seguimiento de las Cuentas P\u00fablicas de 2017 a 2022. El documento presenta un reporte pormenorizado del probable da\u00f1o patrimonial en las dependencias gubernamentales en el citado periodo, que corresponde a las administraciones de Miguel [&hellip;]","og_url":"https:\/\/lospoliticosveracruz.com\/?p=119944","og_site_name":"Los pol\u00edticos Veracruz","article_publisher":"https:\/\/www.facebook.com\/people\/Notimemes-de-los-Polticos\/61565672886568\/","article_published_time":"2024-03-11T13:14:47+00:00","article_modified_time":"2024-03-11T13:14:58+00:00","og_image":[{"width":1250,"height":667,"url":"https:\/\/lospoliticosveracruz.com\/wp-content\/uploads\/2024\/03\/Luis-Romero.jpg","type":"image\/jpeg"}],"author":"Lo viste en Los Pol\u00edticos","twitter_card":"summary_large_image","twitter_creator":"@LosPoliticosVer","twitter_site":"@LosPoliticosVer","twitter_misc":{"Escrito por":"Lo viste en Los Pol\u00edticos","Tiempo de lectura":"3 minutos"},"schema":{"@context":"https:\/\/schema.org","@graph":[{"@type":"Article","@id":"https:\/\/lospoliticosveracruz.com\/?p=119944#article","isPartOf":{"@id":"https:\/\/lospoliticosveracruz.com\/?p=119944"},"author":{"name":"Lo viste en Los Pol\u00edticos","@id":"https:\/\/lospoliticosveracruz.com\/#\/schema\/person\/b8702bb0e538456e6efd07080bf2a4a2"},"headline":"LA CRONOLOG\u00cdA DEL SAQUEO","datePublished":"2024-03-11T13:14:47+00:00","dateModified":"2024-03-11T13:14:58+00:00","mainEntityOfPage":{"@id":"https:\/\/lospoliticosveracruz.com\/?p=119944"},"wordCount":522,"publisher":{"@id":"https:\/\/lospoliticosveracruz.com\/#organization"},"image":{"@id":"https:\/\/lospoliticosveracruz.com\/?p=119944#primaryimage"},"thumbnailUrl":"https:\/\/lospoliticosveracruz.com\/wp-content\/uploads\/2024\/03\/Luis-Romero.jpg","keywords":["da\u00f1o patrimonial","Miguel \u00c1ngel Yunes Linares","Morena","Orfis","Veracruz"],"articleSection":["De Opini\u00f3n"],"inLanguage":"es"},{"@type":"WebPage","@id":"https:\/\/lospoliticosveracruz.com\/?p=119944","url":"https:\/\/lospoliticosveracruz.com\/?p=119944","name":"LA CRONOLOG\u00cdA DEL SAQUEO - Los pol\u00edticos Veracruz","isPartOf":{"@id":"https:\/\/lospoliticosveracruz.com\/#website"},"primaryImageOfPage":{"@id":"https:\/\/lospoliticosveracruz.com\/?p=119944#primaryimage"},"image":{"@id":"https:\/\/lospoliticosveracruz.com\/?p=119944#primaryimage"},"thumbnailUrl":"https:\/\/lospoliticosveracruz.com\/wp-content\/uploads\/2024\/03\/Luis-Romero.jpg","datePublished":"2024-03-11T13:14:47+00:00","dateModified":"2024-03-11T13:14:58+00:00","breadcrumb":{"@id":"https:\/\/lospoliticosveracruz.com\/?p=119944#breadcrumb"},"inLanguage":"es","potentialAction":[{"@type":"ReadAction","target":["https:\/\/lospoliticosveracruz.com\/?p=119944"]}]},{"@type":"ImageObject","inLanguage":"es","@id":"https:\/\/lospoliticosveracruz.com\/?p=119944#primaryimage","url":"https:\/\/lospoliticosveracruz.com\/wp-content\/uploads\/2024\/03\/Luis-Romero.jpg","contentUrl":"https:\/\/lospoliticosveracruz.com\/wp-content\/uploads\/2024\/03\/Luis-Romero.jpg","width":1250,"height":667},{"@type":"BreadcrumbList","@id":"https:\/\/lospoliticosveracruz.com\/?p=119944#breadcrumb","itemListElement":[{"@type":"ListItem","position":1,"name":"Portada","item":"https:\/\/lospoliticosveracruz.com\/"},{"@type":"ListItem","position":2,"name":"LA CRONOLOG\u00cdA DEL SAQUEO"}]},{"@type":"WebSite","@id":"https:\/\/lospoliticosveracruz.com\/#website","url":"https:\/\/lospoliticosveracruz.com\/","name":"Los pol\u00edticos Veracruz","description":"","publisher":{"@id":"https:\/\/lospoliticosveracruz.com\/#organization"},"potentialAction":[{"@type":"SearchAction","target":{"@type":"EntryPoint","urlTemplate":"https:\/\/lospoliticosveracruz.com\/?s={search_term_string}"},"query-input":{"@type":"PropertyValueSpecification","valueRequired":true,"valueName":"search_term_string"}}],"inLanguage":"es"},{"@type":"Organization","@id":"https:\/\/lospoliticosveracruz.com\/#organization","name":"Los pol\u00edticos Veracruz","url":"https:\/\/lospoliticosveracruz.com\/","logo":{"@type":"ImageObject","inLanguage":"es","@id":"https:\/\/lospoliticosveracruz.com\/#\/schema\/logo\/image\/","url":"https:\/\/lospoliticosveracruz.com\/wp-content\/uploads\/2025\/12\/Logo-Nuevo-LOS-POLITICOS-1.jpg","contentUrl":"https:\/\/lospoliticosveracruz.com\/wp-content\/uploads\/2025\/12\/Logo-Nuevo-LOS-POLITICOS-1.jpg","width":260,"height":70,"caption":"Los pol\u00edticos Veracruz"},"image":{"@id":"https:\/\/lospoliticosveracruz.com\/#\/schema\/logo\/image\/"},"sameAs":["https:\/\/www.facebook.com\/people\/Notimemes-de-los-Polticos\/61565672886568\/","https:\/\/x.com\/LosPoliticosVer"]},{"@type":"Person","@id":"https:\/\/lospoliticosveracruz.com\/#\/schema\/person\/b8702bb0e538456e6efd07080bf2a4a2","name":"Lo viste en Los Pol\u00edticos","image":{"@type":"ImageObject","inLanguage":"es","@id":"https:\/\/secure.gravatar.com\/avatar\/3a8de04a2656d44082be478bd6c086daa447c4651605818287b9532d3d0bd435?s=96&d=mm&r=g","url":"https:\/\/secure.gravatar.com\/avatar\/3a8de04a2656d44082be478bd6c086daa447c4651605818287b9532d3d0bd435?s=96&d=mm&r=g","contentUrl":"https:\/\/secure.gravatar.com\/avatar\/3a8de04a2656d44082be478bd6c086daa447c4651605818287b9532d3d0bd435?s=96&d=mm&r=g","caption":"Lo viste en Los Pol\u00edticos"},"url":"https:\/\/lospoliticosveracruz.com\/?author=2"}]}},"_links":{"self":[{"href":"https:\/\/lospoliticosveracruz.com\/index.php?rest_route=\/wp\/v2\/posts\/119944","targetHints":{"allow":["GET"]}}],"collection":[{"href":"https:\/\/lospoliticosveracruz.com\/index.php?rest_route=\/wp\/v2\/posts"}],"about":[{"href":"https:\/\/lospoliticosveracruz.com\/index.php?rest_route=\/wp\/v2\/types\/post"}],"author":[{"embeddable":true,"href":"https:\/\/lospoliticosveracruz.com\/index.php?rest_route=\/wp\/v2\/users\/2"}],"replies":[{"embeddable":true,"href":"https:\/\/lospoliticosveracruz.com\/index.php?rest_route=%2Fwp%2Fv2%2Fcomments&post=119944"}],"version-history":[{"count":1,"href":"https:\/\/lospoliticosveracruz.com\/index.php?rest_route=\/wp\/v2\/posts\/119944\/revisions"}],"predecessor-version":[{"id":119945,"href":"https:\/\/lospoliticosveracruz.com\/index.php?rest_route=\/wp\/v2\/posts\/119944\/revisions\/119945"}],"wp:featuredmedia":[{"embeddable":true,"href":"https:\/\/lospoliticosveracruz.com\/index.php?rest_route=\/wp\/v2\/media\/119912"}],"wp:attachment":[{"href":"https:\/\/lospoliticosveracruz.com\/index.php?rest_route=%2Fwp%2Fv2%2Fmedia&parent=119944"}],"wp:term":[{"taxonomy":"category","embeddable":true,"href":"https:\/\/lospoliticosveracruz.com\/index.php?rest_route=%2Fwp%2Fv2%2Fcategories&post=119944"},{"taxonomy":"post_tag","embeddable":true,"href":"https:\/\/lospoliticosveracruz.com\/index.php?rest_route=%2Fwp%2Fv2%2Ftags&post=119944"}],"curies":[{"name":"wp","href":"https:\/\/api.w.org\/{rel}","templated":true}]}}