{"id":120038,"date":"2024-03-12T03:27:15","date_gmt":"2024-03-12T09:27:15","guid":{"rendered":"https:\/\/lospoliticosveracruz.com.mx\/?p=120038"},"modified":"2024-03-12T08:26:19","modified_gmt":"2024-03-12T14:26:19","slug":"jubilacion-en-pemex","status":"publish","type":"post","link":"https:\/\/lospoliticosveracruz.com\/?p=120038","title":{"rendered":"JUBILACI\u00d3N EN PEMEX"},"content":{"rendered":"\n<p><strong>Jos\u00e9 Luis Ortega Vidal<\/strong><\/p>\n\n\n\n<p><em>Claroscuros<\/em><\/p>\n\n\n\n<p>(1)<br>Un trabajador de confianza con m\u00e1s de treinta a\u00f1os de antig\u00fcedad al servicio de PEMEX, mayor a los cincuenta y cinco a\u00f1os de edad y enfermo de c\u00e1ncer, deambula entre oficinas de los complejos petroqu\u00edmicos de Coatzacoalcos, solicitando un peritaje m\u00e9dico para avalar su urgente jubilaci\u00f3n y -mientras ello se concreta- obtener el cambio de \u00e1rea de trabajo a un sector donde el deterioro f\u00edsico no le acerque a la tumba.<\/p>\n\n\n\n<figure class=\"wp-block-image size-large\"><a href=\"https:\/\/lospoliticosveracruz.com.mx\/wp-content\/uploads\/2016\/07\/Seguro-Julio-Cerecedo-2.jpg\"><img decoding=\"async\" src=\"https:\/\/lospoliticosveracruz.com.mx\/wp-content\/uploads\/2016\/07\/Seguro-Julio-Cerecedo-2-1024x381.jpg\" alt=\"\" class=\"wp-image-105879\"\/><\/a><\/figure>\n\n\n\n<p>(2)<br>La Uni\u00f3n Nacional de T\u00e9cnicos y Profesionistas Petroleros -creada el 18 de marzo del 2008- cumplir\u00e1 diecis\u00e9is a\u00f1os de lucha por obtener el retorno a la ley que desde el a\u00f1o dos mil aplic\u00f3 la jubilaci\u00f3n a trabajadores de confianza con veinticinco a\u00f1os de antig\u00fcedad y cincuenta y cinco de edad.<\/p>\n\n\n\n<p>(3)<br>Con la reforma de pensiones a trabajadores de PEMEX no sindicalizados, implementada durante el gobierno de Enrique Pe\u00f1a Nieto, literalmente se cometi\u00f3 un atentado a la vida de miles de empleados sin la protecci\u00f3n del poderoso Sindicato de Trabajadores Petroleros de la Rep\u00fablica Mexicana, cuyos miembros s\u00ed pueden jubilarse con treinta a\u00f1os de antig\u00fcedad y cincuenta y cinco de edad.<br>Si, hay gran diferencia entre los sueldos de los obreros acuerpados en el STPRM y los ingenieros de la UNTyPP\u2026<br>Y tambi\u00e9n, aquello de jubilarse con veinticinco a\u00f1os de antig\u00fcedad y cincuenta y cinco de edad, constituy\u00f3 un privilegio injusto.<\/p>\n\n\n\n<p>(4)<br>Desde la reforma pe\u00f1ista, implementada en diciembre del 2015, se modific\u00f3 el plazo de jubilaci\u00f3n de t\u00e9cnicos y profesionistas de confianza a treinta a\u00f1os de antig\u00fcedad y sesenta a\u00f1os de edad, con un ajuste a entrar en vigor cinco a\u00f1os m\u00e1s tarde, en el 2021, a partir del cual los petroleros de confianza pueden jubilarse con treinta a\u00f1os de antig\u00fcedad pero con sesenta y cinco a\u00f1os de edad.<br>Quienes arriben a los cuarenta a\u00f1os de antig\u00fcedad pueden jubilarse sin importar la edad.<br>Obviamente, la reforma de pensiones de PEMEX pas\u00f3 de un extremo a otro\u2026<\/p>\n\n\n\n<p>(5)<br>En t\u00e9rminos de derechos laborales y de derechos humanos, cuarenta a\u00f1os de servicio, o treinta a\u00f1os de servicio pero con sesenta y cinco de edad, convierten a cualquier trabajador en semi esclavo.<br>Alguien que labora por su cuenta, ya sea como emprendedor, comerciante, microempresario, autoempleado, pescador, campesino, prestador de servicios -condiciones donde millones de personas cubren m\u00e1s de tres o cuatro d\u00e9cadas de trabajo- puede argumentar, frente al caso de los trabajadores de confianza de PEMEX, su vocaci\u00f3n de ejercicio sin freno, apegado a la soluci\u00f3n propia de su econom\u00eda o al amor por la ocupaci\u00f3n\u2026<br>El enfoque, empero, es distinto si lo situamos en la lucha hist\u00f3rica y universal por los derechos de la clase obrera\u2026<br>Caemos, en este caso, en el an\u00e1lisis del modelo econ\u00f3mico capitalista donde la clase trabajadora vende su fuerza de trabajo y apenas cuenta con la ley para el respeto de sus derechos humanos\u2026<br>El caso que nos ocupa, el de PEMEX, no es -visto as\u00ed- un asunto de vocaci\u00f3n de vida sino de un marco jur\u00eddico y obligaci\u00f3n de Estado que a todas luces se viol\u00f3\u2026<br>Tampoco se trata de la defensa de los trabajadores de confianza de PEMEX frente a las condiciones injustas de escasez econ\u00f3mica y violaci\u00f3n de derechos del resto de sectores productivos del pa\u00eds\u2026<br>Aqu\u00ed narramos el caso espec\u00edfico de la reforma de pensiones de PEMEX, con plena conciencia de la existencia de m\u00e1s de sesenta y cuatro millones de mexicanos pobres y de una clase media conformada por m\u00e1s de cincuenta millones de ciudadanos que trabajan por su sobrevivencia\u2026<br>Una falla no justifica otra falla, as\u00ed sean condiciones asim\u00e9tricas\u2026<\/p>\n\n\n\n<p>(6)<br>La ley no prev\u00e9 el derecho de ninguna empresa de obligar a sus empleados a pasar la mitad de su existencia -o m\u00e1s- trabajando para poder acceder a una etapa de jubilaci\u00f3n necesaria y digna.<br>El concepto de jubilaci\u00f3n abarca aspectos financieros -una buena pensi\u00f3n- y de tiempo\u00ad -retiro oportuno para disfrutar el resto de la existencia- as\u00ed como de salud -regresar completo f\u00edsica y mentalmente, a casa-.<\/p>\n\n\n\n<p>(7)<br>Aqu\u00ed entramos a un punto medular de la reforma de pensiones del 2015 y del 2021 por parte de PEMEX, es decir del gobierno mexicano.<br>Esta modificaci\u00f3n respondi\u00f3 a una emergencia financiera de PEMEX: el ahorro de miles de millones de pesos bajo un nuevo esquema que fren\u00f3 la jubilaci\u00f3n de miles de t\u00e9cnicos y profesionistas de confianza, cuya partida obliga a la contrataci\u00f3n de sus relevos\u2026<br>Es decir, deb\u00edan pensionar a los que se jubilaron y pagar sueldo a los nuevos\u2026<br>Al no hacerlo se generaron ahorros a la empresa, por encima de los derechos de sus trabajadores\u2026<br>De hecho, a partir del 2016 los nuevos trabajadores de confianza contratados por PEMEX se apegan al empleo de AFORES\u2026<br>Ya no m\u00e1s el antiguo sistema de pensiones, cuya crisis es producto de a\u00f1os de corrupci\u00f3n\u2026<\/p>\n\n\n\n<p>(8)<br>La Uni\u00f3n Nacional de T\u00e9cnicos y Profesionistas Petroleros ha requerido al presidente Andr\u00e9s Manuel L\u00f3pez Obrador el retorno a la ley del a\u00f1o dos mil y permitir la jubilaci\u00f3n de trabajadores de confianza con treinta a\u00f1os de antig\u00fcedad y cincuenta y cinco a\u00f1os de edad.<br>Durante La Ma\u00f1anera del 28 de diciembre del 2021, AMLO se comprometi\u00f3 a dar respuesta positiva a la petici\u00f3n de la UNTyPP.<br>Y si, Octavio Romero Oropeza -director de PEMEX- escuch\u00f3 la orden, lo mismo que Roc\u00edo Nahle Garc\u00eda, a la saz\u00f3n Secretar\u00eda de Energ\u00eda y durante una parte de su vida antigua trabajadora de confianza de PEMEX, lo mismo que su esposo el ingeniero jubilado Jos\u00e9 Luis Pe\u00f1a Pe\u00f1a\u2026<br>Pero aquella instrucci\u00f3n de AMLO no se cumpli\u00f3 y a poco menos de siete meses de la jubilaci\u00f3n presidencial de L\u00f3pez Obrador, no se cumplir\u00e1\u2026<\/p>\n\n\n\n<p>(9)<br>Un art\u00edculo de Francisco Muci\u00f1o, publicado en FORBES el once de febrero del 2016, nos ilustra sobre el tema:<\/p>\n\n\n\n<p>Afores, \u00bfla soluci\u00f3n al problema de pensiones de Pemex?<\/p>\n\n\n\n<p>\u201cLos trabajadores de confianza que sean contratados en este a\u00f1o tendr\u00e1n una cuenta individual en la que tendr\u00e1n que aportar para su retiro. La empresa productiva del Estado enfrenta un pasivo laboral de 1.5 billones de pesos. Una de las medidas que aplicar\u00e1 Pemex al serio problema de pasivos laborales, que ascienden a m\u00e1s 1.5 billones (millones de millones) de pesos, ser\u00e1n migrar las pensiones de sus trabajadores, al menos los de confianza, hacia esquemas individuales de retiro (Afores), en las que la responsabilidad del monto para la jubilaci\u00f3n ya no ser\u00e1 responsabilidad exclusiva del patr\u00f3n. Los trabajadores de confianza, aquellos que no pertenezcan al sindicato y que sean contratados a partir del 1 de enero de 2016, se podr\u00e1n jubilar a partir de los 60 a\u00f1os y con una cuenta individual en una Administradora de fondo para el retiro (Afore). De acuerdo con el nuevo reglamento para personal de confianza de Pemex, del cual posee una copia Forbes M\u00e9xico, el fondo de retiro para estos empleados se financiar\u00e1 a trav\u00e9s de un esquema de aportaciones a cuentas individuales con aportaciones b\u00e1sicas hechas por el trabajador y Pemex; aportaciones complementarias y aportaciones solidarias que el trabajador haga. \u201cLa administraci\u00f3n de los fondos se realizar\u00e1 por una instituci\u00f3n autorizada por la Comisi\u00f3n Nacional del Sistema del Ahorro para el Retiro (Consar)\u201d, dice el Art\u00edculo 82, Regla I, inciso G, del nuevo reglamento, firmado el 15 de diciembre de 2015 por el a\u00fan director general de Pemex, Emilio Lozoya Austin. En la segunda regla adicionada al nuevo reglamento, el personal de planta de confianza contratado hasta el 31 de diciembre de 2015, podr\u00e1 retirarse por vejez a partir de los 60 a\u00f1os de edad y con 30 a\u00f1os de servicio. Adem\u00e1s, a partir del 1 de agosto de 2021, la edad de jubilaci\u00f3n subir\u00e1 a 65 con 30 a\u00f1os de servicios. \u201cDicha pensi\u00f3n se calcular\u00e1 tomando como base el 100% del promedio de los salarios ordinarios que hubiere percibido en puestos permanentes en el \u00faltimo a\u00f1o de servicios y en proporci\u00f3n al tiempo laborado en cada uno de ellos\u201d, dice el reglamento. En el anterior reglamento, vigente desde el 31 de julio del a\u00f1o 2000, el personal de confianza se pod\u00eda jubilar a los 55 a\u00f1os y con 25 a\u00f1os de servicio acreditados y con una pensi\u00f3n calculada en base al 80% del promedio de los salarios ordinarios que hubiera percibido en puestos permanentes. En el caso de los trabajadores que tengan 40 a\u00f1os o m\u00e1s de servicios, se les tomar\u00e1 en cuenta el 100% promedio de sus salarios. \u201cEn estos casos, el patr\u00f3n tendr\u00e1 la facultad de jubilar al trabajador y \u00e9ste, la obligaci\u00f3n de aceptar su jubilaci\u00f3n\u201d. Al cierre de 2013, Pemex ten\u00eda una planta laboral de 155,106 trabajadores, 6.6% m\u00e1s que en 2009, de acuerdo con un informe de Pemex enviado a la Comisi\u00f3n de Valores (Sec) de Estados Unidos. Aproximadamente el 71% de los trabajadores de Pemex est\u00e1n afiliados al Sindicato de Trabajadores Petroleros de la Rep\u00fablica Mexicana (STPRM), dirigido por el senador priista Carlos Romero Deschamps.\u201d<\/p>\n","protected":false},"excerpt":{"rendered":"<p>Jos\u00e9 Luis Ortega Vidal Claroscuros (1)Un trabajador de confianza con m\u00e1s de treinta a\u00f1os de antig\u00fcedad al servicio de PEMEX, mayor a los cincuenta y cinco a\u00f1os de edad y enfermo de c\u00e1ncer, deambula entre oficinas de los complejos petroqu\u00edmicos de Coatzacoalcos, solicitando un peritaje m\u00e9dico para avalar su urgente jubilaci\u00f3n y -mientras ello se [&hellip;]<\/p>\n","protected":false},"author":2,"featured_media":119931,"comment_status":"closed","ping_status":"closed","sticky":false,"template":"","format":"standard","meta":{"tdm_status":"","tdm_grid_status":"","footnotes":""},"categories":[70],"tags":[3529,372,3530,40421,195],"class_list":{"0":"post-120038","1":"post","2":"type-post","3":"status-publish","4":"format-standard","5":"has-post-thumbnail","7":"category-de-opinion","8":"tag-jubilados","9":"tag-pemex","10":"tag-pensionados","11":"tag-petroquimics","12":"tag-veracruz"},"yoast_head":"<!-- This site is optimized with the Yoast SEO plugin v27.4 - https:\/\/yoast.com\/product\/yoast-seo-wordpress\/ -->\n<title>JUBILACI\u00d3N EN PEMEX - Los pol\u00edticos Veracruz<\/title>\n<meta name=\"robots\" content=\"index, follow, max-snippet:-1, max-image-preview:large, max-video-preview:-1\" \/>\n<link rel=\"canonical\" href=\"https:\/\/lospoliticosveracruz.com\/?p=120038\" \/>\n<meta property=\"og:locale\" content=\"es_ES\" \/>\n<meta property=\"og:type\" content=\"article\" \/>\n<meta property=\"og:title\" content=\"JUBILACI\u00d3N EN PEMEX - Los pol\u00edticos Veracruz\" \/>\n<meta property=\"og:description\" content=\"Jos\u00e9 Luis Ortega Vidal Claroscuros (1)Un trabajador de confianza con m\u00e1s de treinta a\u00f1os de antig\u00fcedad al servicio de PEMEX, mayor a los cincuenta y cinco a\u00f1os de edad y enfermo de c\u00e1ncer, deambula entre oficinas de los complejos petroqu\u00edmicos de Coatzacoalcos, solicitando un peritaje m\u00e9dico para avalar su urgente jubilaci\u00f3n y -mientras ello se [&hellip;]\" \/>\n<meta property=\"og:url\" content=\"https:\/\/lospoliticosveracruz.com\/?p=120038\" \/>\n<meta property=\"og:site_name\" content=\"Los pol\u00edticos Veracruz\" \/>\n<meta property=\"article:publisher\" content=\"https:\/\/www.facebook.com\/people\/Notimemes-de-los-Polticos\/61565672886568\/\" \/>\n<meta property=\"article:published_time\" content=\"2024-03-12T09:27:15+00:00\" \/>\n<meta property=\"article:modified_time\" content=\"2024-03-12T14:26:19+00:00\" \/>\n<meta property=\"og:image\" content=\"https:\/\/lospoliticosveracruz.com\/wp-content\/uploads\/2024\/03\/Jose-Luis-Ortega-Vidal.jpg\" \/>\n\t<meta property=\"og:image:width\" content=\"1250\" \/>\n\t<meta property=\"og:image:height\" content=\"667\" \/>\n\t<meta property=\"og:image:type\" content=\"image\/jpeg\" \/>\n<meta name=\"author\" content=\"Lo viste en Los Pol\u00edticos\" \/>\n<meta name=\"twitter:card\" content=\"summary_large_image\" \/>\n<meta name=\"twitter:creator\" content=\"@LosPoliticosVer\" \/>\n<meta name=\"twitter:site\" content=\"@LosPoliticosVer\" \/>\n<meta name=\"twitter:label1\" content=\"Escrito por\" \/>\n\t<meta name=\"twitter:data1\" content=\"Lo viste en Los Pol\u00edticos\" \/>\n\t<meta name=\"twitter:label2\" content=\"Tiempo de lectura\" \/>\n\t<meta name=\"twitter:data2\" content=\"8 minutos\" \/>\n<script type=\"application\/ld+json\" class=\"yoast-schema-graph\">{\"@context\":\"https:\\\/\\\/schema.org\",\"@graph\":[{\"@type\":\"Article\",\"@id\":\"https:\\\/\\\/lospoliticosveracruz.com\\\/?p=120038#article\",\"isPartOf\":{\"@id\":\"https:\\\/\\\/lospoliticosveracruz.com\\\/?p=120038\"},\"author\":{\"name\":\"Lo viste en Los Pol\u00edticos\",\"@id\":\"https:\\\/\\\/lospoliticosveracruz.com\\\/#\\\/schema\\\/person\\\/b8702bb0e538456e6efd07080bf2a4a2\"},\"headline\":\"JUBILACI\u00d3N EN PEMEX\",\"datePublished\":\"2024-03-12T09:27:15+00:00\",\"dateModified\":\"2024-03-12T14:26:19+00:00\",\"mainEntityOfPage\":{\"@id\":\"https:\\\/\\\/lospoliticosveracruz.com\\\/?p=120038\"},\"wordCount\":1577,\"publisher\":{\"@id\":\"https:\\\/\\\/lospoliticosveracruz.com\\\/#organization\"},\"image\":{\"@id\":\"https:\\\/\\\/lospoliticosveracruz.com\\\/?p=120038#primaryimage\"},\"thumbnailUrl\":\"https:\\\/\\\/lospoliticosveracruz.com\\\/wp-content\\\/uploads\\\/2024\\\/03\\\/Jose-Luis-Ortega-Vidal.jpg\",\"keywords\":[\"Jubilados\",\"Pemex\",\"Pensionados\",\"petroqu\u00edmics\",\"Veracruz\"],\"articleSection\":[\"De Opini\u00f3n\"],\"inLanguage\":\"es\"},{\"@type\":\"WebPage\",\"@id\":\"https:\\\/\\\/lospoliticosveracruz.com\\\/?p=120038\",\"url\":\"https:\\\/\\\/lospoliticosveracruz.com\\\/?p=120038\",\"name\":\"JUBILACI\u00d3N EN PEMEX - Los pol\u00edticos Veracruz\",\"isPartOf\":{\"@id\":\"https:\\\/\\\/lospoliticosveracruz.com\\\/#website\"},\"primaryImageOfPage\":{\"@id\":\"https:\\\/\\\/lospoliticosveracruz.com\\\/?p=120038#primaryimage\"},\"image\":{\"@id\":\"https:\\\/\\\/lospoliticosveracruz.com\\\/?p=120038#primaryimage\"},\"thumbnailUrl\":\"https:\\\/\\\/lospoliticosveracruz.com\\\/wp-content\\\/uploads\\\/2024\\\/03\\\/Jose-Luis-Ortega-Vidal.jpg\",\"datePublished\":\"2024-03-12T09:27:15+00:00\",\"dateModified\":\"2024-03-12T14:26:19+00:00\",\"breadcrumb\":{\"@id\":\"https:\\\/\\\/lospoliticosveracruz.com\\\/?p=120038#breadcrumb\"},\"inLanguage\":\"es\",\"potentialAction\":[{\"@type\":\"ReadAction\",\"target\":[\"https:\\\/\\\/lospoliticosveracruz.com\\\/?p=120038\"]}]},{\"@type\":\"ImageObject\",\"inLanguage\":\"es\",\"@id\":\"https:\\\/\\\/lospoliticosveracruz.com\\\/?p=120038#primaryimage\",\"url\":\"https:\\\/\\\/lospoliticosveracruz.com\\\/wp-content\\\/uploads\\\/2024\\\/03\\\/Jose-Luis-Ortega-Vidal.jpg\",\"contentUrl\":\"https:\\\/\\\/lospoliticosveracruz.com\\\/wp-content\\\/uploads\\\/2024\\\/03\\\/Jose-Luis-Ortega-Vidal.jpg\",\"width\":1250,\"height\":667},{\"@type\":\"BreadcrumbList\",\"@id\":\"https:\\\/\\\/lospoliticosveracruz.com\\\/?p=120038#breadcrumb\",\"itemListElement\":[{\"@type\":\"ListItem\",\"position\":1,\"name\":\"Portada\",\"item\":\"https:\\\/\\\/lospoliticosveracruz.com\\\/\"},{\"@type\":\"ListItem\",\"position\":2,\"name\":\"JUBILACI\u00d3N EN PEMEX\"}]},{\"@type\":\"WebSite\",\"@id\":\"https:\\\/\\\/lospoliticosveracruz.com\\\/#website\",\"url\":\"https:\\\/\\\/lospoliticosveracruz.com\\\/\",\"name\":\"Los pol\u00edticos Veracruz\",\"description\":\"\",\"publisher\":{\"@id\":\"https:\\\/\\\/lospoliticosveracruz.com\\\/#organization\"},\"potentialAction\":[{\"@type\":\"SearchAction\",\"target\":{\"@type\":\"EntryPoint\",\"urlTemplate\":\"https:\\\/\\\/lospoliticosveracruz.com\\\/?s={search_term_string}\"},\"query-input\":{\"@type\":\"PropertyValueSpecification\",\"valueRequired\":true,\"valueName\":\"search_term_string\"}}],\"inLanguage\":\"es\"},{\"@type\":\"Organization\",\"@id\":\"https:\\\/\\\/lospoliticosveracruz.com\\\/#organization\",\"name\":\"Los pol\u00edticos Veracruz\",\"url\":\"https:\\\/\\\/lospoliticosveracruz.com\\\/\",\"logo\":{\"@type\":\"ImageObject\",\"inLanguage\":\"es\",\"@id\":\"https:\\\/\\\/lospoliticosveracruz.com\\\/#\\\/schema\\\/logo\\\/image\\\/\",\"url\":\"https:\\\/\\\/lospoliticosveracruz.com\\\/wp-content\\\/uploads\\\/2025\\\/12\\\/Logo-Nuevo-LOS-POLITICOS-1.jpg\",\"contentUrl\":\"https:\\\/\\\/lospoliticosveracruz.com\\\/wp-content\\\/uploads\\\/2025\\\/12\\\/Logo-Nuevo-LOS-POLITICOS-1.jpg\",\"width\":260,\"height\":70,\"caption\":\"Los pol\u00edticos Veracruz\"},\"image\":{\"@id\":\"https:\\\/\\\/lospoliticosveracruz.com\\\/#\\\/schema\\\/logo\\\/image\\\/\"},\"sameAs\":[\"https:\\\/\\\/www.facebook.com\\\/people\\\/Notimemes-de-los-Polticos\\\/61565672886568\\\/\",\"https:\\\/\\\/x.com\\\/LosPoliticosVer\"]},{\"@type\":\"Person\",\"@id\":\"https:\\\/\\\/lospoliticosveracruz.com\\\/#\\\/schema\\\/person\\\/b8702bb0e538456e6efd07080bf2a4a2\",\"name\":\"Lo viste en Los Pol\u00edticos\",\"image\":{\"@type\":\"ImageObject\",\"inLanguage\":\"es\",\"@id\":\"https:\\\/\\\/secure.gravatar.com\\\/avatar\\\/3a8de04a2656d44082be478bd6c086daa447c4651605818287b9532d3d0bd435?s=96&d=mm&r=g\",\"url\":\"https:\\\/\\\/secure.gravatar.com\\\/avatar\\\/3a8de04a2656d44082be478bd6c086daa447c4651605818287b9532d3d0bd435?s=96&d=mm&r=g\",\"contentUrl\":\"https:\\\/\\\/secure.gravatar.com\\\/avatar\\\/3a8de04a2656d44082be478bd6c086daa447c4651605818287b9532d3d0bd435?s=96&d=mm&r=g\",\"caption\":\"Lo viste en Los Pol\u00edticos\"},\"url\":\"https:\\\/\\\/lospoliticosveracruz.com\\\/?author=2\"}]}<\/script>\n<!-- \/ Yoast SEO plugin. -->","yoast_head_json":{"title":"JUBILACI\u00d3N EN PEMEX - Los pol\u00edticos Veracruz","robots":{"index":"index","follow":"follow","max-snippet":"max-snippet:-1","max-image-preview":"max-image-preview:large","max-video-preview":"max-video-preview:-1"},"canonical":"https:\/\/lospoliticosveracruz.com\/?p=120038","og_locale":"es_ES","og_type":"article","og_title":"JUBILACI\u00d3N EN PEMEX - Los pol\u00edticos Veracruz","og_description":"Jos\u00e9 Luis Ortega Vidal Claroscuros (1)Un trabajador de confianza con m\u00e1s de treinta a\u00f1os de antig\u00fcedad al servicio de PEMEX, mayor a los cincuenta y cinco a\u00f1os de edad y enfermo de c\u00e1ncer, deambula entre oficinas de los complejos petroqu\u00edmicos de Coatzacoalcos, solicitando un peritaje m\u00e9dico para avalar su urgente jubilaci\u00f3n y -mientras ello se [&hellip;]","og_url":"https:\/\/lospoliticosveracruz.com\/?p=120038","og_site_name":"Los pol\u00edticos Veracruz","article_publisher":"https:\/\/www.facebook.com\/people\/Notimemes-de-los-Polticos\/61565672886568\/","article_published_time":"2024-03-12T09:27:15+00:00","article_modified_time":"2024-03-12T14:26:19+00:00","og_image":[{"width":1250,"height":667,"url":"https:\/\/lospoliticosveracruz.com\/wp-content\/uploads\/2024\/03\/Jose-Luis-Ortega-Vidal.jpg","type":"image\/jpeg"}],"author":"Lo viste en Los Pol\u00edticos","twitter_card":"summary_large_image","twitter_creator":"@LosPoliticosVer","twitter_site":"@LosPoliticosVer","twitter_misc":{"Escrito por":"Lo viste en Los Pol\u00edticos","Tiempo de lectura":"8 minutos"},"schema":{"@context":"https:\/\/schema.org","@graph":[{"@type":"Article","@id":"https:\/\/lospoliticosveracruz.com\/?p=120038#article","isPartOf":{"@id":"https:\/\/lospoliticosveracruz.com\/?p=120038"},"author":{"name":"Lo viste en Los Pol\u00edticos","@id":"https:\/\/lospoliticosveracruz.com\/#\/schema\/person\/b8702bb0e538456e6efd07080bf2a4a2"},"headline":"JUBILACI\u00d3N EN PEMEX","datePublished":"2024-03-12T09:27:15+00:00","dateModified":"2024-03-12T14:26:19+00:00","mainEntityOfPage":{"@id":"https:\/\/lospoliticosveracruz.com\/?p=120038"},"wordCount":1577,"publisher":{"@id":"https:\/\/lospoliticosveracruz.com\/#organization"},"image":{"@id":"https:\/\/lospoliticosveracruz.com\/?p=120038#primaryimage"},"thumbnailUrl":"https:\/\/lospoliticosveracruz.com\/wp-content\/uploads\/2024\/03\/Jose-Luis-Ortega-Vidal.jpg","keywords":["Jubilados","Pemex","Pensionados","petroqu\u00edmics","Veracruz"],"articleSection":["De Opini\u00f3n"],"inLanguage":"es"},{"@type":"WebPage","@id":"https:\/\/lospoliticosveracruz.com\/?p=120038","url":"https:\/\/lospoliticosveracruz.com\/?p=120038","name":"JUBILACI\u00d3N EN PEMEX - Los pol\u00edticos Veracruz","isPartOf":{"@id":"https:\/\/lospoliticosveracruz.com\/#website"},"primaryImageOfPage":{"@id":"https:\/\/lospoliticosveracruz.com\/?p=120038#primaryimage"},"image":{"@id":"https:\/\/lospoliticosveracruz.com\/?p=120038#primaryimage"},"thumbnailUrl":"https:\/\/lospoliticosveracruz.com\/wp-content\/uploads\/2024\/03\/Jose-Luis-Ortega-Vidal.jpg","datePublished":"2024-03-12T09:27:15+00:00","dateModified":"2024-03-12T14:26:19+00:00","breadcrumb":{"@id":"https:\/\/lospoliticosveracruz.com\/?p=120038#breadcrumb"},"inLanguage":"es","potentialAction":[{"@type":"ReadAction","target":["https:\/\/lospoliticosveracruz.com\/?p=120038"]}]},{"@type":"ImageObject","inLanguage":"es","@id":"https:\/\/lospoliticosveracruz.com\/?p=120038#primaryimage","url":"https:\/\/lospoliticosveracruz.com\/wp-content\/uploads\/2024\/03\/Jose-Luis-Ortega-Vidal.jpg","contentUrl":"https:\/\/lospoliticosveracruz.com\/wp-content\/uploads\/2024\/03\/Jose-Luis-Ortega-Vidal.jpg","width":1250,"height":667},{"@type":"BreadcrumbList","@id":"https:\/\/lospoliticosveracruz.com\/?p=120038#breadcrumb","itemListElement":[{"@type":"ListItem","position":1,"name":"Portada","item":"https:\/\/lospoliticosveracruz.com\/"},{"@type":"ListItem","position":2,"name":"JUBILACI\u00d3N EN PEMEX"}]},{"@type":"WebSite","@id":"https:\/\/lospoliticosveracruz.com\/#website","url":"https:\/\/lospoliticosveracruz.com\/","name":"Los pol\u00edticos Veracruz","description":"","publisher":{"@id":"https:\/\/lospoliticosveracruz.com\/#organization"},"potentialAction":[{"@type":"SearchAction","target":{"@type":"EntryPoint","urlTemplate":"https:\/\/lospoliticosveracruz.com\/?s={search_term_string}"},"query-input":{"@type":"PropertyValueSpecification","valueRequired":true,"valueName":"search_term_string"}}],"inLanguage":"es"},{"@type":"Organization","@id":"https:\/\/lospoliticosveracruz.com\/#organization","name":"Los pol\u00edticos Veracruz","url":"https:\/\/lospoliticosveracruz.com\/","logo":{"@type":"ImageObject","inLanguage":"es","@id":"https:\/\/lospoliticosveracruz.com\/#\/schema\/logo\/image\/","url":"https:\/\/lospoliticosveracruz.com\/wp-content\/uploads\/2025\/12\/Logo-Nuevo-LOS-POLITICOS-1.jpg","contentUrl":"https:\/\/lospoliticosveracruz.com\/wp-content\/uploads\/2025\/12\/Logo-Nuevo-LOS-POLITICOS-1.jpg","width":260,"height":70,"caption":"Los pol\u00edticos Veracruz"},"image":{"@id":"https:\/\/lospoliticosveracruz.com\/#\/schema\/logo\/image\/"},"sameAs":["https:\/\/www.facebook.com\/people\/Notimemes-de-los-Polticos\/61565672886568\/","https:\/\/x.com\/LosPoliticosVer"]},{"@type":"Person","@id":"https:\/\/lospoliticosveracruz.com\/#\/schema\/person\/b8702bb0e538456e6efd07080bf2a4a2","name":"Lo viste en Los Pol\u00edticos","image":{"@type":"ImageObject","inLanguage":"es","@id":"https:\/\/secure.gravatar.com\/avatar\/3a8de04a2656d44082be478bd6c086daa447c4651605818287b9532d3d0bd435?s=96&d=mm&r=g","url":"https:\/\/secure.gravatar.com\/avatar\/3a8de04a2656d44082be478bd6c086daa447c4651605818287b9532d3d0bd435?s=96&d=mm&r=g","contentUrl":"https:\/\/secure.gravatar.com\/avatar\/3a8de04a2656d44082be478bd6c086daa447c4651605818287b9532d3d0bd435?s=96&d=mm&r=g","caption":"Lo viste en Los Pol\u00edticos"},"url":"https:\/\/lospoliticosveracruz.com\/?author=2"}]}},"_links":{"self":[{"href":"https:\/\/lospoliticosveracruz.com\/index.php?rest_route=\/wp\/v2\/posts\/120038","targetHints":{"allow":["GET"]}}],"collection":[{"href":"https:\/\/lospoliticosveracruz.com\/index.php?rest_route=\/wp\/v2\/posts"}],"about":[{"href":"https:\/\/lospoliticosveracruz.com\/index.php?rest_route=\/wp\/v2\/types\/post"}],"author":[{"embeddable":true,"href":"https:\/\/lospoliticosveracruz.com\/index.php?rest_route=\/wp\/v2\/users\/2"}],"replies":[{"embeddable":true,"href":"https:\/\/lospoliticosveracruz.com\/index.php?rest_route=%2Fwp%2Fv2%2Fcomments&post=120038"}],"version-history":[{"count":2,"href":"https:\/\/lospoliticosveracruz.com\/index.php?rest_route=\/wp\/v2\/posts\/120038\/revisions"}],"predecessor-version":[{"id":120049,"href":"https:\/\/lospoliticosveracruz.com\/index.php?rest_route=\/wp\/v2\/posts\/120038\/revisions\/120049"}],"wp:featuredmedia":[{"embeddable":true,"href":"https:\/\/lospoliticosveracruz.com\/index.php?rest_route=\/wp\/v2\/media\/119931"}],"wp:attachment":[{"href":"https:\/\/lospoliticosveracruz.com\/index.php?rest_route=%2Fwp%2Fv2%2Fmedia&parent=120038"}],"wp:term":[{"taxonomy":"category","embeddable":true,"href":"https:\/\/lospoliticosveracruz.com\/index.php?rest_route=%2Fwp%2Fv2%2Fcategories&post=120038"},{"taxonomy":"post_tag","embeddable":true,"href":"https:\/\/lospoliticosveracruz.com\/index.php?rest_route=%2Fwp%2Fv2%2Ftags&post=120038"}],"curies":[{"name":"wp","href":"https:\/\/api.w.org\/{rel}","templated":true}]}}