{"id":120075,"date":"2024-03-12T17:36:48","date_gmt":"2024-03-12T23:36:48","guid":{"rendered":"https:\/\/lospoliticosveracruz.com.mx\/?p=120075"},"modified":"2024-03-12T17:36:55","modified_gmt":"2024-03-12T23:36:55","slug":"injusto-que-paguemos-mas-de-luz-que-en-tabasco","status":"publish","type":"post","link":"https:\/\/lospoliticosveracruz.com\/?p=120075","title":{"rendered":"INJUSTO QUE PAGUEMOS M\u00c1S DE LUZ QUE EN TABASCO!"},"content":{"rendered":"\n<p><\/p>\n\n\n\n<p><strong>Veracruz<\/strong><br>El candidato al Senado de la Rep\u00fablica por la coalici\u00f3n Fuerza y Coraz\u00f3n por Veracruz, Miguel \u00c1ngel Yunes M\u00e1rquez, afirm\u00f3 que como Senador defender\u00e1 los intereses de los veracruzanos y luchar\u00e1 para que bajen las tarifas el\u00e9ctricas y se pague menos.<\/p>\n\n\n<div class=\"wp-block-image\">\n<figure class=\"alignleft size-medium\"><a href=\"https:\/\/lospoliticosveracruz.com.mx\/wp-content\/uploads\/2023\/02\/Estancia.jpg\"><img decoding=\"async\" src=\"https:\/\/lospoliticosveracruz.com.mx\/wp-content\/uploads\/2023\/02\/Estancia-190x300.jpg\" alt=\"\" class=\"wp-image-102751\"\/><\/a><\/figure>\n<\/div>\n\n\n<p>Subray\u00f3 que Veracruz es uno de los principales generadores de energ\u00eda el\u00e9ctrica del pa\u00eds, gracias a la planta nuclear Laguna Verde, sin embargo, a pesar de contribuir significativamente al suministro nacional, los veracruzanos enfrentan las tarifas m\u00e1s altas del pa\u00eds.<\/p>\n\n\n\n<p>Yunes M\u00e1rquez remarc\u00f3 la disparidad de tarifas el\u00e9ctricas entre Veracruz y otros estados como Tabasco y Guerrero.<\/p>\n\n\n\n<p>Puso como ejemplo que una casa de dos rec\u00e1maras en Tabasco paga apenas 34 pesos por el servicio el\u00e9ctrico, mientras que una casa similar en Veracruz enfrenta una factura de 3,500 pesos, una diferencia abismal que afecta directamente a los veracruzanos, quienes enfrentan una carga econ\u00f3mica injusta y desproporcionada en sus recibos de luz.<\/p>\n\n\n\n<p>\u201cEsto es un tema de voluntad pol\u00edtica, y voy a luchar en el Senado para lograr generar la suficiente presi\u00f3n a las autoridades federales, porque es muy injusto lo que est\u00e1 pasando en Veracruz\u201d, manifest\u00f3.<\/p>\n\n\n\n<p>Miguel \u00c1ngel Yunes M\u00e1rquez enfatiz\u00f3 que Veracruz merece tarifas el\u00e9ctricas m\u00e1s bajas por tres temas espec\u00edficos: \u201cEl primero, porque somos generadores de energ\u00eda el\u00e9ctrica para todo el pa\u00eds. El segundo, no menos importante, somos de los estados con mayores \u00edndices de pobreza tambi\u00e9n de todo el pa\u00eds, y mucha gente no tiene literalmente para pagar la luz. Y en tercer lugar, por las altas temperaturas\u201d, concluy\u00f3.<\/p>\n","protected":false},"excerpt":{"rendered":"<p>VeracruzEl candidato al Senado de la Rep\u00fablica por la coalici\u00f3n Fuerza y Coraz\u00f3n por Veracruz, Miguel \u00c1ngel Yunes M\u00e1rquez, afirm\u00f3 que como Senador defender\u00e1 los intereses de los veracruzanos y luchar\u00e1 para que bajen las tarifas el\u00e9ctricas y se pague menos. Subray\u00f3 que Veracruz es uno de los principales generadores de energ\u00eda el\u00e9ctrica del pa\u00eds, [&hellip;]<\/p>\n","protected":false},"author":2,"featured_media":0,"comment_status":"closed","ping_status":"closed","sticky":false,"template":"","format":"standard","meta":{"tdm_status":"","tdm_grid_status":"","footnotes":""},"categories":[73],"tags":[39752,536],"class_list":{"0":"post-120075","1":"post","2":"type-post","3":"status-publish","4":"format-standard","6":"category-de-boleto","7":"tag-fuerza-y-corazon-por-veracruz","8":"tag-miguel-angel-yunes-marquez"},"yoast_head":"<!-- This site is optimized with the Yoast SEO plugin v27.4 - https:\/\/yoast.com\/product\/yoast-seo-wordpress\/ -->\n<title>INJUSTO QUE PAGUEMOS M\u00c1S DE LUZ QUE EN TABASCO! - Los pol\u00edticos Veracruz<\/title>\n<meta name=\"robots\" content=\"index, follow, max-snippet:-1, max-image-preview:large, max-video-preview:-1\" \/>\n<link rel=\"canonical\" href=\"https:\/\/lospoliticosveracruz.com\/?p=120075\" \/>\n<meta property=\"og:locale\" content=\"es_ES\" \/>\n<meta property=\"og:type\" content=\"article\" \/>\n<meta property=\"og:title\" content=\"INJUSTO QUE PAGUEMOS M\u00c1S DE LUZ QUE EN TABASCO! - Los pol\u00edticos Veracruz\" \/>\n<meta property=\"og:description\" content=\"VeracruzEl candidato al Senado de la Rep\u00fablica por la coalici\u00f3n Fuerza y Coraz\u00f3n por Veracruz, Miguel \u00c1ngel Yunes M\u00e1rquez, afirm\u00f3 que como Senador defender\u00e1 los intereses de los veracruzanos y luchar\u00e1 para que bajen las tarifas el\u00e9ctricas y se pague menos. Subray\u00f3 que Veracruz es uno de los principales generadores de energ\u00eda el\u00e9ctrica del pa\u00eds, [&hellip;]\" \/>\n<meta property=\"og:url\" content=\"https:\/\/lospoliticosveracruz.com\/?p=120075\" \/>\n<meta property=\"og:site_name\" content=\"Los pol\u00edticos Veracruz\" \/>\n<meta property=\"article:publisher\" content=\"https:\/\/www.facebook.com\/people\/Notimemes-de-los-Polticos\/61565672886568\/\" \/>\n<meta property=\"article:published_time\" content=\"2024-03-12T23:36:48+00:00\" \/>\n<meta property=\"article:modified_time\" content=\"2024-03-12T23:36:55+00:00\" \/>\n<meta property=\"og:image\" content=\"https:\/\/lospoliticosveracruz.com.mx\/wp-content\/uploads\/2023\/02\/Estancia-190x300.jpg\" \/>\n<meta name=\"author\" content=\"Lo viste en Los Pol\u00edticos\" \/>\n<meta name=\"twitter:card\" content=\"summary_large_image\" \/>\n<meta name=\"twitter:creator\" content=\"@LosPoliticosVer\" \/>\n<meta name=\"twitter:site\" content=\"@LosPoliticosVer\" \/>\n<meta name=\"twitter:label1\" content=\"Escrito por\" \/>\n\t<meta name=\"twitter:data1\" content=\"Lo viste en Los Pol\u00edticos\" \/>\n\t<meta name=\"twitter:label2\" content=\"Tiempo de lectura\" \/>\n\t<meta name=\"twitter:data2\" content=\"1 minuto\" \/>\n<script type=\"application\/ld+json\" class=\"yoast-schema-graph\">{\"@context\":\"https:\\\/\\\/schema.org\",\"@graph\":[{\"@type\":\"Article\",\"@id\":\"https:\\\/\\\/lospoliticosveracruz.com\\\/?p=120075#article\",\"isPartOf\":{\"@id\":\"https:\\\/\\\/lospoliticosveracruz.com\\\/?p=120075\"},\"author\":{\"name\":\"Lo viste en Los Pol\u00edticos\",\"@id\":\"https:\\\/\\\/lospoliticosveracruz.com\\\/#\\\/schema\\\/person\\\/b8702bb0e538456e6efd07080bf2a4a2\"},\"headline\":\"INJUSTO QUE PAGUEMOS M\u00c1S DE LUZ QUE EN TABASCO!\",\"datePublished\":\"2024-03-12T23:36:48+00:00\",\"dateModified\":\"2024-03-12T23:36:55+00:00\",\"mainEntityOfPage\":{\"@id\":\"https:\\\/\\\/lospoliticosveracruz.com\\\/?p=120075\"},\"wordCount\":288,\"publisher\":{\"@id\":\"https:\\\/\\\/lospoliticosveracruz.com\\\/#organization\"},\"image\":{\"@id\":\"https:\\\/\\\/lospoliticosveracruz.com\\\/?p=120075#primaryimage\"},\"thumbnailUrl\":\"https:\\\/\\\/lospoliticosveracruz.com.mx\\\/wp-content\\\/uploads\\\/2023\\\/02\\\/Estancia-190x300.jpg\",\"keywords\":[\"Fuerza y Coraz\u00f3n por Veracruz\",\"Miguel \u00c1ngel Yunes M\u00e1rquez\"],\"articleSection\":[\"De Boleto\"],\"inLanguage\":\"es\"},{\"@type\":\"WebPage\",\"@id\":\"https:\\\/\\\/lospoliticosveracruz.com\\\/?p=120075\",\"url\":\"https:\\\/\\\/lospoliticosveracruz.com\\\/?p=120075\",\"name\":\"INJUSTO QUE PAGUEMOS M\u00c1S DE LUZ QUE EN TABASCO! - Los pol\u00edticos Veracruz\",\"isPartOf\":{\"@id\":\"https:\\\/\\\/lospoliticosveracruz.com\\\/#website\"},\"primaryImageOfPage\":{\"@id\":\"https:\\\/\\\/lospoliticosveracruz.com\\\/?p=120075#primaryimage\"},\"image\":{\"@id\":\"https:\\\/\\\/lospoliticosveracruz.com\\\/?p=120075#primaryimage\"},\"thumbnailUrl\":\"https:\\\/\\\/lospoliticosveracruz.com.mx\\\/wp-content\\\/uploads\\\/2023\\\/02\\\/Estancia-190x300.jpg\",\"datePublished\":\"2024-03-12T23:36:48+00:00\",\"dateModified\":\"2024-03-12T23:36:55+00:00\",\"breadcrumb\":{\"@id\":\"https:\\\/\\\/lospoliticosveracruz.com\\\/?p=120075#breadcrumb\"},\"inLanguage\":\"es\",\"potentialAction\":[{\"@type\":\"ReadAction\",\"target\":[\"https:\\\/\\\/lospoliticosveracruz.com\\\/?p=120075\"]}]},{\"@type\":\"ImageObject\",\"inLanguage\":\"es\",\"@id\":\"https:\\\/\\\/lospoliticosveracruz.com\\\/?p=120075#primaryimage\",\"url\":\"https:\\\/\\\/lospoliticosveracruz.com.mx\\\/wp-content\\\/uploads\\\/2023\\\/02\\\/Estancia-190x300.jpg\",\"contentUrl\":\"https:\\\/\\\/lospoliticosveracruz.com.mx\\\/wp-content\\\/uploads\\\/2023\\\/02\\\/Estancia-190x300.jpg\"},{\"@type\":\"BreadcrumbList\",\"@id\":\"https:\\\/\\\/lospoliticosveracruz.com\\\/?p=120075#breadcrumb\",\"itemListElement\":[{\"@type\":\"ListItem\",\"position\":1,\"name\":\"Portada\",\"item\":\"https:\\\/\\\/lospoliticosveracruz.com\\\/\"},{\"@type\":\"ListItem\",\"position\":2,\"name\":\"INJUSTO QUE PAGUEMOS M\u00c1S DE LUZ QUE EN TABASCO!\"}]},{\"@type\":\"WebSite\",\"@id\":\"https:\\\/\\\/lospoliticosveracruz.com\\\/#website\",\"url\":\"https:\\\/\\\/lospoliticosveracruz.com\\\/\",\"name\":\"Los pol\u00edticos Veracruz\",\"description\":\"\",\"publisher\":{\"@id\":\"https:\\\/\\\/lospoliticosveracruz.com\\\/#organization\"},\"potentialAction\":[{\"@type\":\"SearchAction\",\"target\":{\"@type\":\"EntryPoint\",\"urlTemplate\":\"https:\\\/\\\/lospoliticosveracruz.com\\\/?s={search_term_string}\"},\"query-input\":{\"@type\":\"PropertyValueSpecification\",\"valueRequired\":true,\"valueName\":\"search_term_string\"}}],\"inLanguage\":\"es\"},{\"@type\":\"Organization\",\"@id\":\"https:\\\/\\\/lospoliticosveracruz.com\\\/#organization\",\"name\":\"Los pol\u00edticos Veracruz\",\"url\":\"https:\\\/\\\/lospoliticosveracruz.com\\\/\",\"logo\":{\"@type\":\"ImageObject\",\"inLanguage\":\"es\",\"@id\":\"https:\\\/\\\/lospoliticosveracruz.com\\\/#\\\/schema\\\/logo\\\/image\\\/\",\"url\":\"https:\\\/\\\/lospoliticosveracruz.com\\\/wp-content\\\/uploads\\\/2025\\\/12\\\/Logo-Nuevo-LOS-POLITICOS-1.jpg\",\"contentUrl\":\"https:\\\/\\\/lospoliticosveracruz.com\\\/wp-content\\\/uploads\\\/2025\\\/12\\\/Logo-Nuevo-LOS-POLITICOS-1.jpg\",\"width\":260,\"height\":70,\"caption\":\"Los pol\u00edticos Veracruz\"},\"image\":{\"@id\":\"https:\\\/\\\/lospoliticosveracruz.com\\\/#\\\/schema\\\/logo\\\/image\\\/\"},\"sameAs\":[\"https:\\\/\\\/www.facebook.com\\\/people\\\/Notimemes-de-los-Polticos\\\/61565672886568\\\/\",\"https:\\\/\\\/x.com\\\/LosPoliticosVer\"]},{\"@type\":\"Person\",\"@id\":\"https:\\\/\\\/lospoliticosveracruz.com\\\/#\\\/schema\\\/person\\\/b8702bb0e538456e6efd07080bf2a4a2\",\"name\":\"Lo viste en Los Pol\u00edticos\",\"image\":{\"@type\":\"ImageObject\",\"inLanguage\":\"es\",\"@id\":\"https:\\\/\\\/secure.gravatar.com\\\/avatar\\\/3a8de04a2656d44082be478bd6c086daa447c4651605818287b9532d3d0bd435?s=96&d=mm&r=g\",\"url\":\"https:\\\/\\\/secure.gravatar.com\\\/avatar\\\/3a8de04a2656d44082be478bd6c086daa447c4651605818287b9532d3d0bd435?s=96&d=mm&r=g\",\"contentUrl\":\"https:\\\/\\\/secure.gravatar.com\\\/avatar\\\/3a8de04a2656d44082be478bd6c086daa447c4651605818287b9532d3d0bd435?s=96&d=mm&r=g\",\"caption\":\"Lo viste en Los Pol\u00edticos\"},\"url\":\"https:\\\/\\\/lospoliticosveracruz.com\\\/?author=2\"}]}<\/script>\n<!-- \/ Yoast SEO plugin. -->","yoast_head_json":{"title":"INJUSTO QUE PAGUEMOS M\u00c1S DE LUZ QUE EN TABASCO! - Los pol\u00edticos Veracruz","robots":{"index":"index","follow":"follow","max-snippet":"max-snippet:-1","max-image-preview":"max-image-preview:large","max-video-preview":"max-video-preview:-1"},"canonical":"https:\/\/lospoliticosveracruz.com\/?p=120075","og_locale":"es_ES","og_type":"article","og_title":"INJUSTO QUE PAGUEMOS M\u00c1S DE LUZ QUE EN TABASCO! - Los pol\u00edticos Veracruz","og_description":"VeracruzEl candidato al Senado de la Rep\u00fablica por la coalici\u00f3n Fuerza y Coraz\u00f3n por Veracruz, Miguel \u00c1ngel Yunes M\u00e1rquez, afirm\u00f3 que como Senador defender\u00e1 los intereses de los veracruzanos y luchar\u00e1 para que bajen las tarifas el\u00e9ctricas y se pague menos. Subray\u00f3 que Veracruz es uno de los principales generadores de energ\u00eda el\u00e9ctrica del pa\u00eds, [&hellip;]","og_url":"https:\/\/lospoliticosveracruz.com\/?p=120075","og_site_name":"Los pol\u00edticos Veracruz","article_publisher":"https:\/\/www.facebook.com\/people\/Notimemes-de-los-Polticos\/61565672886568\/","article_published_time":"2024-03-12T23:36:48+00:00","article_modified_time":"2024-03-12T23:36:55+00:00","og_image":[{"url":"https:\/\/lospoliticosveracruz.com.mx\/wp-content\/uploads\/2023\/02\/Estancia-190x300.jpg","type":"","width":"","height":""}],"author":"Lo viste en Los Pol\u00edticos","twitter_card":"summary_large_image","twitter_creator":"@LosPoliticosVer","twitter_site":"@LosPoliticosVer","twitter_misc":{"Escrito por":"Lo viste en Los Pol\u00edticos","Tiempo de lectura":"1 minuto"},"schema":{"@context":"https:\/\/schema.org","@graph":[{"@type":"Article","@id":"https:\/\/lospoliticosveracruz.com\/?p=120075#article","isPartOf":{"@id":"https:\/\/lospoliticosveracruz.com\/?p=120075"},"author":{"name":"Lo viste en Los Pol\u00edticos","@id":"https:\/\/lospoliticosveracruz.com\/#\/schema\/person\/b8702bb0e538456e6efd07080bf2a4a2"},"headline":"INJUSTO QUE PAGUEMOS M\u00c1S DE LUZ QUE EN TABASCO!","datePublished":"2024-03-12T23:36:48+00:00","dateModified":"2024-03-12T23:36:55+00:00","mainEntityOfPage":{"@id":"https:\/\/lospoliticosveracruz.com\/?p=120075"},"wordCount":288,"publisher":{"@id":"https:\/\/lospoliticosveracruz.com\/#organization"},"image":{"@id":"https:\/\/lospoliticosveracruz.com\/?p=120075#primaryimage"},"thumbnailUrl":"https:\/\/lospoliticosveracruz.com.mx\/wp-content\/uploads\/2023\/02\/Estancia-190x300.jpg","keywords":["Fuerza y Coraz\u00f3n por Veracruz","Miguel \u00c1ngel Yunes M\u00e1rquez"],"articleSection":["De Boleto"],"inLanguage":"es"},{"@type":"WebPage","@id":"https:\/\/lospoliticosveracruz.com\/?p=120075","url":"https:\/\/lospoliticosveracruz.com\/?p=120075","name":"INJUSTO QUE PAGUEMOS M\u00c1S DE LUZ QUE EN TABASCO! - Los pol\u00edticos Veracruz","isPartOf":{"@id":"https:\/\/lospoliticosveracruz.com\/#website"},"primaryImageOfPage":{"@id":"https:\/\/lospoliticosveracruz.com\/?p=120075#primaryimage"},"image":{"@id":"https:\/\/lospoliticosveracruz.com\/?p=120075#primaryimage"},"thumbnailUrl":"https:\/\/lospoliticosveracruz.com.mx\/wp-content\/uploads\/2023\/02\/Estancia-190x300.jpg","datePublished":"2024-03-12T23:36:48+00:00","dateModified":"2024-03-12T23:36:55+00:00","breadcrumb":{"@id":"https:\/\/lospoliticosveracruz.com\/?p=120075#breadcrumb"},"inLanguage":"es","potentialAction":[{"@type":"ReadAction","target":["https:\/\/lospoliticosveracruz.com\/?p=120075"]}]},{"@type":"ImageObject","inLanguage":"es","@id":"https:\/\/lospoliticosveracruz.com\/?p=120075#primaryimage","url":"https:\/\/lospoliticosveracruz.com.mx\/wp-content\/uploads\/2023\/02\/Estancia-190x300.jpg","contentUrl":"https:\/\/lospoliticosveracruz.com.mx\/wp-content\/uploads\/2023\/02\/Estancia-190x300.jpg"},{"@type":"BreadcrumbList","@id":"https:\/\/lospoliticosveracruz.com\/?p=120075#breadcrumb","itemListElement":[{"@type":"ListItem","position":1,"name":"Portada","item":"https:\/\/lospoliticosveracruz.com\/"},{"@type":"ListItem","position":2,"name":"INJUSTO QUE PAGUEMOS M\u00c1S DE LUZ QUE EN TABASCO!"}]},{"@type":"WebSite","@id":"https:\/\/lospoliticosveracruz.com\/#website","url":"https:\/\/lospoliticosveracruz.com\/","name":"Los pol\u00edticos Veracruz","description":"","publisher":{"@id":"https:\/\/lospoliticosveracruz.com\/#organization"},"potentialAction":[{"@type":"SearchAction","target":{"@type":"EntryPoint","urlTemplate":"https:\/\/lospoliticosveracruz.com\/?s={search_term_string}"},"query-input":{"@type":"PropertyValueSpecification","valueRequired":true,"valueName":"search_term_string"}}],"inLanguage":"es"},{"@type":"Organization","@id":"https:\/\/lospoliticosveracruz.com\/#organization","name":"Los pol\u00edticos Veracruz","url":"https:\/\/lospoliticosveracruz.com\/","logo":{"@type":"ImageObject","inLanguage":"es","@id":"https:\/\/lospoliticosveracruz.com\/#\/schema\/logo\/image\/","url":"https:\/\/lospoliticosveracruz.com\/wp-content\/uploads\/2025\/12\/Logo-Nuevo-LOS-POLITICOS-1.jpg","contentUrl":"https:\/\/lospoliticosveracruz.com\/wp-content\/uploads\/2025\/12\/Logo-Nuevo-LOS-POLITICOS-1.jpg","width":260,"height":70,"caption":"Los pol\u00edticos Veracruz"},"image":{"@id":"https:\/\/lospoliticosveracruz.com\/#\/schema\/logo\/image\/"},"sameAs":["https:\/\/www.facebook.com\/people\/Notimemes-de-los-Polticos\/61565672886568\/","https:\/\/x.com\/LosPoliticosVer"]},{"@type":"Person","@id":"https:\/\/lospoliticosveracruz.com\/#\/schema\/person\/b8702bb0e538456e6efd07080bf2a4a2","name":"Lo viste en Los Pol\u00edticos","image":{"@type":"ImageObject","inLanguage":"es","@id":"https:\/\/secure.gravatar.com\/avatar\/3a8de04a2656d44082be478bd6c086daa447c4651605818287b9532d3d0bd435?s=96&d=mm&r=g","url":"https:\/\/secure.gravatar.com\/avatar\/3a8de04a2656d44082be478bd6c086daa447c4651605818287b9532d3d0bd435?s=96&d=mm&r=g","contentUrl":"https:\/\/secure.gravatar.com\/avatar\/3a8de04a2656d44082be478bd6c086daa447c4651605818287b9532d3d0bd435?s=96&d=mm&r=g","caption":"Lo viste en Los Pol\u00edticos"},"url":"https:\/\/lospoliticosveracruz.com\/?author=2"}]}},"_links":{"self":[{"href":"https:\/\/lospoliticosveracruz.com\/index.php?rest_route=\/wp\/v2\/posts\/120075","targetHints":{"allow":["GET"]}}],"collection":[{"href":"https:\/\/lospoliticosveracruz.com\/index.php?rest_route=\/wp\/v2\/posts"}],"about":[{"href":"https:\/\/lospoliticosveracruz.com\/index.php?rest_route=\/wp\/v2\/types\/post"}],"author":[{"embeddable":true,"href":"https:\/\/lospoliticosveracruz.com\/index.php?rest_route=\/wp\/v2\/users\/2"}],"replies":[{"embeddable":true,"href":"https:\/\/lospoliticosveracruz.com\/index.php?rest_route=%2Fwp%2Fv2%2Fcomments&post=120075"}],"version-history":[{"count":1,"href":"https:\/\/lospoliticosveracruz.com\/index.php?rest_route=\/wp\/v2\/posts\/120075\/revisions"}],"predecessor-version":[{"id":120077,"href":"https:\/\/lospoliticosveracruz.com\/index.php?rest_route=\/wp\/v2\/posts\/120075\/revisions\/120077"}],"wp:attachment":[{"href":"https:\/\/lospoliticosveracruz.com\/index.php?rest_route=%2Fwp%2Fv2%2Fmedia&parent=120075"}],"wp:term":[{"taxonomy":"category","embeddable":true,"href":"https:\/\/lospoliticosveracruz.com\/index.php?rest_route=%2Fwp%2Fv2%2Fcategories&post=120075"},{"taxonomy":"post_tag","embeddable":true,"href":"https:\/\/lospoliticosveracruz.com\/index.php?rest_route=%2Fwp%2Fv2%2Ftags&post=120075"}],"curies":[{"name":"wp","href":"https:\/\/api.w.org\/{rel}","templated":true}]}}