{"id":120084,"date":"2024-03-12T19:31:07","date_gmt":"2024-03-13T01:31:07","guid":{"rendered":"https:\/\/lospoliticosveracruz.com.mx\/?p=120084"},"modified":"2024-03-12T19:31:32","modified_gmt":"2024-03-13T01:31:32","slug":"arianna-fararoni-y-hermida","status":"publish","type":"post","link":"https:\/\/lospoliticosveracruz.com\/?p=120084","title":{"rendered":"ARIANNA, FARARONI Y HERMIDA"},"content":{"rendered":"\n<p><strong>Salvador Mu\u00f1oz<br><\/strong><em>Los Pol\u00edticos<\/em><\/p>\n\n\n\n<p>Rafael Fararoni est\u00e1 entre los diputados locales que ha de buscar la reelecci\u00f3n en esta contienda electoral.<br>A \u00e9l se suma Arianna Angeles Aguirre, aunque ella saltar\u00e1 de la Pluri, con intenci\u00f3n de medirse en las urnas.<br>En el mismo tenor suena Ram\u00f3n D\u00edaz Avila que al igual que la pri\u00edsta, ir\u00e1 por el distrito de Coatepec\u2026 si el g\u00e9nero no le hace alguna mala jugada.<\/p>\n\n\n\n<figure class=\"wp-block-image size-large\"><a href=\"https:\/\/lospoliticosveracruz.com.mx\/wp-content\/uploads\/2016\/07\/Seguro-Julio-Cerecedo-2.jpg\"><img decoding=\"async\" src=\"https:\/\/lospoliticosveracruz.com.mx\/wp-content\/uploads\/2016\/07\/Seguro-Julio-Cerecedo-2-1024x381.jpg\" alt=\"\" class=\"wp-image-105879\"\/><\/a><\/figure>\n\n\n\n<p><br>Y entre los panistas, hasta donde se sabe, s\u00f3lo Miguel Hermida Copado ha de buscar la reelecci\u00f3n por el distrito XV.<br>Del resto de los panistas, hasta donde se sabe, ni los que est\u00e1n por Mayor\u00eda ni el resto de los Pluris parece que van a competir\u2026 algunos como Jaime de la Garza, todo indica, van a pintar su raya de la pol\u00edtica\u2026 otros como Hugo Gonz\u00e1lez, pues no acabaron bien con el partido\u2026 Oth\u00f3n Hern\u00e1ndez Candanedo, aunque apoya a Pepe Yunes, anda por las mismas que el de Huatusco\u2026 por cierto, parece que Nora Lagunes tampoco\u2026 y etc\u00e9tera\u2026<br>Luego entonces, al plantear la decisi\u00f3n de Miguel Hermida para competir por el distrito XV, \u00bfa d\u00f3nde se deja a Fernando Yunes M\u00e1rquez?<br>Hay de dos:<br>La primera, que se tome su \u201celecci\u00f3n sab\u00e1tica\u201d y no participe en esta contienda de ning\u00fan modo\u2026<br>O la segunda, que busque ser Uno en las plurinominales del PAN para entrar como cuchillo en mantequilla al Palacio de Encanto\u2026<br>Si se le da cuerda a esta segunda suposici\u00f3n, se estar\u00eda abriendo una posibilidad muy rara en el Congreso local, si los dados del PRI se inclinan de la siguiente forma: Que el 1 en la lista de las Pluris sea H\u00e9ctor Yunes, lo que nos pudiera poner en el recinto legislativo a un T\u00edo y sobrino juntos y ahora s\u00ed \u00a1hasta revueltos!<br>Recuerden la ocasi\u00f3n en que se tuvo a dos hermanos (los Pola, Tonatiuh y Cuauht\u00e9moc)\u2026<br>Pero si esto les parece poco, \u00bfpor qu\u00e9 no ser un poco m\u00e1s audaces y pensar en un matrimonio en el Palacio de Encanto compartiendo curules?<br>Ya se ha dejado correr el rumor de que en la lista de Pluris del PRI para el Palacio de Encanto podr\u00eda ser la n\u00famero dos La China, Ana Rosa Vald\u00e9s Salazar\u2026 pero si Marlon Ramirez Mar\u00edn siendo dirigente del partido se apunt\u00f3 para una Pluri, qu\u00e9 impedir\u00eda al Fofo Ram\u00edrez Arana ser el 3 en esa lista, en esperas de que (dijera X\u00f3chitl G\u00e1lvez) sea chicle y pegue\u2026<br>Un t\u00edo y un sobrino y un matrimonio\u2026 con el tiempo, con la lista ya en mano, veremos si la realidad supera nuestras suposiciones\u2026 por lo mientras, seguro es que Arianna, Fararoni y Hermida ir\u00e1n tras la reelecci\u00f3n\u2026 lo dem\u00e1s habr\u00e1 que esperarlo.<\/p>\n","protected":false},"excerpt":{"rendered":"<p>Salvador Mu\u00f1ozLos Pol\u00edticos Rafael Fararoni est\u00e1 entre los diputados locales que ha de buscar la reelecci\u00f3n en esta contienda electoral.A \u00e9l se suma Arianna Angeles Aguirre, aunque ella saltar\u00e1 de la Pluri, con intenci\u00f3n de medirse en las urnas.En el mismo tenor suena Ram\u00f3n D\u00edaz Avila que al igual que la pri\u00edsta, ir\u00e1 por el [&hellip;]<\/p>\n","protected":false},"author":2,"featured_media":119941,"comment_status":"closed","ping_status":"closed","sticky":false,"template":"","format":"standard","meta":{"tdm_status":"","tdm_grid_status":"","footnotes":""},"categories":[70],"tags":[26207,28430,13706,34064,2646],"class_list":{"0":"post-120084","1":"post","2":"type-post","3":"status-publish","4":"format-standard","5":"has-post-thumbnail","7":"category-de-opinion","8":"tag-jaime-de-la-garza","9":"tag-miguel-hermida-copado","10":"tag-othon-hernandez-candanedo","11":"tag-ramon-diaz-avila-2","12":"tag-salvador-munoz"},"yoast_head":"<!-- This site is optimized with the Yoast SEO plugin v27.4 - https:\/\/yoast.com\/product\/yoast-seo-wordpress\/ -->\n<title>ARIANNA, FARARONI Y HERMIDA - Los pol\u00edticos Veracruz<\/title>\n<meta name=\"robots\" content=\"index, follow, max-snippet:-1, max-image-preview:large, max-video-preview:-1\" \/>\n<link rel=\"canonical\" href=\"https:\/\/lospoliticosveracruz.com\/?p=120084\" \/>\n<meta property=\"og:locale\" content=\"es_ES\" \/>\n<meta property=\"og:type\" content=\"article\" \/>\n<meta property=\"og:title\" content=\"ARIANNA, FARARONI Y HERMIDA - Los pol\u00edticos Veracruz\" \/>\n<meta property=\"og:description\" content=\"Salvador Mu\u00f1ozLos Pol\u00edticos Rafael Fararoni est\u00e1 entre los diputados locales que ha de buscar la reelecci\u00f3n en esta contienda electoral.A \u00e9l se suma Arianna Angeles Aguirre, aunque ella saltar\u00e1 de la Pluri, con intenci\u00f3n de medirse en las urnas.En el mismo tenor suena Ram\u00f3n D\u00edaz Avila que al igual que la pri\u00edsta, ir\u00e1 por el [&hellip;]\" \/>\n<meta property=\"og:url\" content=\"https:\/\/lospoliticosveracruz.com\/?p=120084\" \/>\n<meta property=\"og:site_name\" content=\"Los pol\u00edticos Veracruz\" \/>\n<meta property=\"article:publisher\" content=\"https:\/\/www.facebook.com\/people\/Notimemes-de-los-Polticos\/61565672886568\/\" \/>\n<meta property=\"article:published_time\" content=\"2024-03-13T01:31:07+00:00\" \/>\n<meta property=\"article:modified_time\" content=\"2024-03-13T01:31:32+00:00\" \/>\n<meta property=\"og:image\" content=\"https:\/\/lospoliticosveracruz.com\/wp-content\/uploads\/2024\/03\/Salvador-Munoz.jpg\" \/>\n\t<meta property=\"og:image:width\" content=\"1250\" \/>\n\t<meta property=\"og:image:height\" content=\"667\" \/>\n\t<meta property=\"og:image:type\" content=\"image\/jpeg\" \/>\n<meta name=\"author\" content=\"Lo viste en Los Pol\u00edticos\" \/>\n<meta name=\"twitter:card\" content=\"summary_large_image\" \/>\n<meta name=\"twitter:creator\" content=\"@LosPoliticosVer\" \/>\n<meta name=\"twitter:site\" content=\"@LosPoliticosVer\" \/>\n<meta name=\"twitter:label1\" content=\"Escrito por\" \/>\n\t<meta name=\"twitter:data1\" content=\"Lo viste en Los Pol\u00edticos\" \/>\n\t<meta name=\"twitter:label2\" content=\"Tiempo de lectura\" \/>\n\t<meta name=\"twitter:data2\" content=\"2 minutos\" \/>\n<script type=\"application\/ld+json\" class=\"yoast-schema-graph\">{\"@context\":\"https:\\\/\\\/schema.org\",\"@graph\":[{\"@type\":\"Article\",\"@id\":\"https:\\\/\\\/lospoliticosveracruz.com\\\/?p=120084#article\",\"isPartOf\":{\"@id\":\"https:\\\/\\\/lospoliticosveracruz.com\\\/?p=120084\"},\"author\":{\"name\":\"Lo viste en Los Pol\u00edticos\",\"@id\":\"https:\\\/\\\/lospoliticosveracruz.com\\\/#\\\/schema\\\/person\\\/b8702bb0e538456e6efd07080bf2a4a2\"},\"headline\":\"ARIANNA, FARARONI Y HERMIDA\",\"datePublished\":\"2024-03-13T01:31:07+00:00\",\"dateModified\":\"2024-03-13T01:31:32+00:00\",\"mainEntityOfPage\":{\"@id\":\"https:\\\/\\\/lospoliticosveracruz.com\\\/?p=120084\"},\"wordCount\":494,\"publisher\":{\"@id\":\"https:\\\/\\\/lospoliticosveracruz.com\\\/#organization\"},\"image\":{\"@id\":\"https:\\\/\\\/lospoliticosveracruz.com\\\/?p=120084#primaryimage\"},\"thumbnailUrl\":\"https:\\\/\\\/lospoliticosveracruz.com\\\/wp-content\\\/uploads\\\/2024\\\/03\\\/Salvador-Munoz.jpg\",\"keywords\":[\"Jaime de la Garza\",\"Miguel Hermida Copado\",\"Oth\u00f3n Hern\u00e1ndez Candanedo\",\"Ram\u00f3n D\u00edaz Avila\",\"Salvador Mu\u00f1oz\"],\"articleSection\":[\"De Opini\u00f3n\"],\"inLanguage\":\"es\"},{\"@type\":\"WebPage\",\"@id\":\"https:\\\/\\\/lospoliticosveracruz.com\\\/?p=120084\",\"url\":\"https:\\\/\\\/lospoliticosveracruz.com\\\/?p=120084\",\"name\":\"ARIANNA, FARARONI Y HERMIDA - Los pol\u00edticos Veracruz\",\"isPartOf\":{\"@id\":\"https:\\\/\\\/lospoliticosveracruz.com\\\/#website\"},\"primaryImageOfPage\":{\"@id\":\"https:\\\/\\\/lospoliticosveracruz.com\\\/?p=120084#primaryimage\"},\"image\":{\"@id\":\"https:\\\/\\\/lospoliticosveracruz.com\\\/?p=120084#primaryimage\"},\"thumbnailUrl\":\"https:\\\/\\\/lospoliticosveracruz.com\\\/wp-content\\\/uploads\\\/2024\\\/03\\\/Salvador-Munoz.jpg\",\"datePublished\":\"2024-03-13T01:31:07+00:00\",\"dateModified\":\"2024-03-13T01:31:32+00:00\",\"breadcrumb\":{\"@id\":\"https:\\\/\\\/lospoliticosveracruz.com\\\/?p=120084#breadcrumb\"},\"inLanguage\":\"es\",\"potentialAction\":[{\"@type\":\"ReadAction\",\"target\":[\"https:\\\/\\\/lospoliticosveracruz.com\\\/?p=120084\"]}]},{\"@type\":\"ImageObject\",\"inLanguage\":\"es\",\"@id\":\"https:\\\/\\\/lospoliticosveracruz.com\\\/?p=120084#primaryimage\",\"url\":\"https:\\\/\\\/lospoliticosveracruz.com\\\/wp-content\\\/uploads\\\/2024\\\/03\\\/Salvador-Munoz.jpg\",\"contentUrl\":\"https:\\\/\\\/lospoliticosveracruz.com\\\/wp-content\\\/uploads\\\/2024\\\/03\\\/Salvador-Munoz.jpg\",\"width\":1250,\"height\":667},{\"@type\":\"BreadcrumbList\",\"@id\":\"https:\\\/\\\/lospoliticosveracruz.com\\\/?p=120084#breadcrumb\",\"itemListElement\":[{\"@type\":\"ListItem\",\"position\":1,\"name\":\"Portada\",\"item\":\"https:\\\/\\\/lospoliticosveracruz.com\\\/\"},{\"@type\":\"ListItem\",\"position\":2,\"name\":\"ARIANNA, FARARONI Y HERMIDA\"}]},{\"@type\":\"WebSite\",\"@id\":\"https:\\\/\\\/lospoliticosveracruz.com\\\/#website\",\"url\":\"https:\\\/\\\/lospoliticosveracruz.com\\\/\",\"name\":\"Los pol\u00edticos Veracruz\",\"description\":\"\",\"publisher\":{\"@id\":\"https:\\\/\\\/lospoliticosveracruz.com\\\/#organization\"},\"potentialAction\":[{\"@type\":\"SearchAction\",\"target\":{\"@type\":\"EntryPoint\",\"urlTemplate\":\"https:\\\/\\\/lospoliticosveracruz.com\\\/?s={search_term_string}\"},\"query-input\":{\"@type\":\"PropertyValueSpecification\",\"valueRequired\":true,\"valueName\":\"search_term_string\"}}],\"inLanguage\":\"es\"},{\"@type\":\"Organization\",\"@id\":\"https:\\\/\\\/lospoliticosveracruz.com\\\/#organization\",\"name\":\"Los pol\u00edticos Veracruz\",\"url\":\"https:\\\/\\\/lospoliticosveracruz.com\\\/\",\"logo\":{\"@type\":\"ImageObject\",\"inLanguage\":\"es\",\"@id\":\"https:\\\/\\\/lospoliticosveracruz.com\\\/#\\\/schema\\\/logo\\\/image\\\/\",\"url\":\"https:\\\/\\\/lospoliticosveracruz.com\\\/wp-content\\\/uploads\\\/2025\\\/12\\\/Logo-Nuevo-LOS-POLITICOS-1.jpg\",\"contentUrl\":\"https:\\\/\\\/lospoliticosveracruz.com\\\/wp-content\\\/uploads\\\/2025\\\/12\\\/Logo-Nuevo-LOS-POLITICOS-1.jpg\",\"width\":260,\"height\":70,\"caption\":\"Los pol\u00edticos Veracruz\"},\"image\":{\"@id\":\"https:\\\/\\\/lospoliticosveracruz.com\\\/#\\\/schema\\\/logo\\\/image\\\/\"},\"sameAs\":[\"https:\\\/\\\/www.facebook.com\\\/people\\\/Notimemes-de-los-Polticos\\\/61565672886568\\\/\",\"https:\\\/\\\/x.com\\\/LosPoliticosVer\"]},{\"@type\":\"Person\",\"@id\":\"https:\\\/\\\/lospoliticosveracruz.com\\\/#\\\/schema\\\/person\\\/b8702bb0e538456e6efd07080bf2a4a2\",\"name\":\"Lo viste en Los Pol\u00edticos\",\"image\":{\"@type\":\"ImageObject\",\"inLanguage\":\"es\",\"@id\":\"https:\\\/\\\/secure.gravatar.com\\\/avatar\\\/3a8de04a2656d44082be478bd6c086daa447c4651605818287b9532d3d0bd435?s=96&d=mm&r=g\",\"url\":\"https:\\\/\\\/secure.gravatar.com\\\/avatar\\\/3a8de04a2656d44082be478bd6c086daa447c4651605818287b9532d3d0bd435?s=96&d=mm&r=g\",\"contentUrl\":\"https:\\\/\\\/secure.gravatar.com\\\/avatar\\\/3a8de04a2656d44082be478bd6c086daa447c4651605818287b9532d3d0bd435?s=96&d=mm&r=g\",\"caption\":\"Lo viste en Los Pol\u00edticos\"},\"url\":\"https:\\\/\\\/lospoliticosveracruz.com\\\/?author=2\"}]}<\/script>\n<!-- \/ Yoast SEO plugin. -->","yoast_head_json":{"title":"ARIANNA, FARARONI Y HERMIDA - Los pol\u00edticos Veracruz","robots":{"index":"index","follow":"follow","max-snippet":"max-snippet:-1","max-image-preview":"max-image-preview:large","max-video-preview":"max-video-preview:-1"},"canonical":"https:\/\/lospoliticosveracruz.com\/?p=120084","og_locale":"es_ES","og_type":"article","og_title":"ARIANNA, FARARONI Y HERMIDA - Los pol\u00edticos Veracruz","og_description":"Salvador Mu\u00f1ozLos Pol\u00edticos Rafael Fararoni est\u00e1 entre los diputados locales que ha de buscar la reelecci\u00f3n en esta contienda electoral.A \u00e9l se suma Arianna Angeles Aguirre, aunque ella saltar\u00e1 de la Pluri, con intenci\u00f3n de medirse en las urnas.En el mismo tenor suena Ram\u00f3n D\u00edaz Avila que al igual que la pri\u00edsta, ir\u00e1 por el [&hellip;]","og_url":"https:\/\/lospoliticosveracruz.com\/?p=120084","og_site_name":"Los pol\u00edticos Veracruz","article_publisher":"https:\/\/www.facebook.com\/people\/Notimemes-de-los-Polticos\/61565672886568\/","article_published_time":"2024-03-13T01:31:07+00:00","article_modified_time":"2024-03-13T01:31:32+00:00","og_image":[{"width":1250,"height":667,"url":"https:\/\/lospoliticosveracruz.com\/wp-content\/uploads\/2024\/03\/Salvador-Munoz.jpg","type":"image\/jpeg"}],"author":"Lo viste en Los Pol\u00edticos","twitter_card":"summary_large_image","twitter_creator":"@LosPoliticosVer","twitter_site":"@LosPoliticosVer","twitter_misc":{"Escrito por":"Lo viste en Los Pol\u00edticos","Tiempo de lectura":"2 minutos"},"schema":{"@context":"https:\/\/schema.org","@graph":[{"@type":"Article","@id":"https:\/\/lospoliticosveracruz.com\/?p=120084#article","isPartOf":{"@id":"https:\/\/lospoliticosveracruz.com\/?p=120084"},"author":{"name":"Lo viste en Los Pol\u00edticos","@id":"https:\/\/lospoliticosveracruz.com\/#\/schema\/person\/b8702bb0e538456e6efd07080bf2a4a2"},"headline":"ARIANNA, FARARONI Y HERMIDA","datePublished":"2024-03-13T01:31:07+00:00","dateModified":"2024-03-13T01:31:32+00:00","mainEntityOfPage":{"@id":"https:\/\/lospoliticosveracruz.com\/?p=120084"},"wordCount":494,"publisher":{"@id":"https:\/\/lospoliticosveracruz.com\/#organization"},"image":{"@id":"https:\/\/lospoliticosveracruz.com\/?p=120084#primaryimage"},"thumbnailUrl":"https:\/\/lospoliticosveracruz.com\/wp-content\/uploads\/2024\/03\/Salvador-Munoz.jpg","keywords":["Jaime de la Garza","Miguel Hermida Copado","Oth\u00f3n Hern\u00e1ndez Candanedo","Ram\u00f3n D\u00edaz Avila","Salvador Mu\u00f1oz"],"articleSection":["De Opini\u00f3n"],"inLanguage":"es"},{"@type":"WebPage","@id":"https:\/\/lospoliticosveracruz.com\/?p=120084","url":"https:\/\/lospoliticosveracruz.com\/?p=120084","name":"ARIANNA, FARARONI Y HERMIDA - Los pol\u00edticos Veracruz","isPartOf":{"@id":"https:\/\/lospoliticosveracruz.com\/#website"},"primaryImageOfPage":{"@id":"https:\/\/lospoliticosveracruz.com\/?p=120084#primaryimage"},"image":{"@id":"https:\/\/lospoliticosveracruz.com\/?p=120084#primaryimage"},"thumbnailUrl":"https:\/\/lospoliticosveracruz.com\/wp-content\/uploads\/2024\/03\/Salvador-Munoz.jpg","datePublished":"2024-03-13T01:31:07+00:00","dateModified":"2024-03-13T01:31:32+00:00","breadcrumb":{"@id":"https:\/\/lospoliticosveracruz.com\/?p=120084#breadcrumb"},"inLanguage":"es","potentialAction":[{"@type":"ReadAction","target":["https:\/\/lospoliticosveracruz.com\/?p=120084"]}]},{"@type":"ImageObject","inLanguage":"es","@id":"https:\/\/lospoliticosveracruz.com\/?p=120084#primaryimage","url":"https:\/\/lospoliticosveracruz.com\/wp-content\/uploads\/2024\/03\/Salvador-Munoz.jpg","contentUrl":"https:\/\/lospoliticosveracruz.com\/wp-content\/uploads\/2024\/03\/Salvador-Munoz.jpg","width":1250,"height":667},{"@type":"BreadcrumbList","@id":"https:\/\/lospoliticosveracruz.com\/?p=120084#breadcrumb","itemListElement":[{"@type":"ListItem","position":1,"name":"Portada","item":"https:\/\/lospoliticosveracruz.com\/"},{"@type":"ListItem","position":2,"name":"ARIANNA, FARARONI Y HERMIDA"}]},{"@type":"WebSite","@id":"https:\/\/lospoliticosveracruz.com\/#website","url":"https:\/\/lospoliticosveracruz.com\/","name":"Los pol\u00edticos Veracruz","description":"","publisher":{"@id":"https:\/\/lospoliticosveracruz.com\/#organization"},"potentialAction":[{"@type":"SearchAction","target":{"@type":"EntryPoint","urlTemplate":"https:\/\/lospoliticosveracruz.com\/?s={search_term_string}"},"query-input":{"@type":"PropertyValueSpecification","valueRequired":true,"valueName":"search_term_string"}}],"inLanguage":"es"},{"@type":"Organization","@id":"https:\/\/lospoliticosveracruz.com\/#organization","name":"Los pol\u00edticos Veracruz","url":"https:\/\/lospoliticosveracruz.com\/","logo":{"@type":"ImageObject","inLanguage":"es","@id":"https:\/\/lospoliticosveracruz.com\/#\/schema\/logo\/image\/","url":"https:\/\/lospoliticosveracruz.com\/wp-content\/uploads\/2025\/12\/Logo-Nuevo-LOS-POLITICOS-1.jpg","contentUrl":"https:\/\/lospoliticosveracruz.com\/wp-content\/uploads\/2025\/12\/Logo-Nuevo-LOS-POLITICOS-1.jpg","width":260,"height":70,"caption":"Los pol\u00edticos Veracruz"},"image":{"@id":"https:\/\/lospoliticosveracruz.com\/#\/schema\/logo\/image\/"},"sameAs":["https:\/\/www.facebook.com\/people\/Notimemes-de-los-Polticos\/61565672886568\/","https:\/\/x.com\/LosPoliticosVer"]},{"@type":"Person","@id":"https:\/\/lospoliticosveracruz.com\/#\/schema\/person\/b8702bb0e538456e6efd07080bf2a4a2","name":"Lo viste en Los Pol\u00edticos","image":{"@type":"ImageObject","inLanguage":"es","@id":"https:\/\/secure.gravatar.com\/avatar\/3a8de04a2656d44082be478bd6c086daa447c4651605818287b9532d3d0bd435?s=96&d=mm&r=g","url":"https:\/\/secure.gravatar.com\/avatar\/3a8de04a2656d44082be478bd6c086daa447c4651605818287b9532d3d0bd435?s=96&d=mm&r=g","contentUrl":"https:\/\/secure.gravatar.com\/avatar\/3a8de04a2656d44082be478bd6c086daa447c4651605818287b9532d3d0bd435?s=96&d=mm&r=g","caption":"Lo viste en Los Pol\u00edticos"},"url":"https:\/\/lospoliticosveracruz.com\/?author=2"}]}},"_links":{"self":[{"href":"https:\/\/lospoliticosveracruz.com\/index.php?rest_route=\/wp\/v2\/posts\/120084","targetHints":{"allow":["GET"]}}],"collection":[{"href":"https:\/\/lospoliticosveracruz.com\/index.php?rest_route=\/wp\/v2\/posts"}],"about":[{"href":"https:\/\/lospoliticosveracruz.com\/index.php?rest_route=\/wp\/v2\/types\/post"}],"author":[{"embeddable":true,"href":"https:\/\/lospoliticosveracruz.com\/index.php?rest_route=\/wp\/v2\/users\/2"}],"replies":[{"embeddable":true,"href":"https:\/\/lospoliticosveracruz.com\/index.php?rest_route=%2Fwp%2Fv2%2Fcomments&post=120084"}],"version-history":[{"count":2,"href":"https:\/\/lospoliticosveracruz.com\/index.php?rest_route=\/wp\/v2\/posts\/120084\/revisions"}],"predecessor-version":[{"id":120087,"href":"https:\/\/lospoliticosveracruz.com\/index.php?rest_route=\/wp\/v2\/posts\/120084\/revisions\/120087"}],"wp:featuredmedia":[{"embeddable":true,"href":"https:\/\/lospoliticosveracruz.com\/index.php?rest_route=\/wp\/v2\/media\/119941"}],"wp:attachment":[{"href":"https:\/\/lospoliticosveracruz.com\/index.php?rest_route=%2Fwp%2Fv2%2Fmedia&parent=120084"}],"wp:term":[{"taxonomy":"category","embeddable":true,"href":"https:\/\/lospoliticosveracruz.com\/index.php?rest_route=%2Fwp%2Fv2%2Fcategories&post=120084"},{"taxonomy":"post_tag","embeddable":true,"href":"https:\/\/lospoliticosveracruz.com\/index.php?rest_route=%2Fwp%2Fv2%2Ftags&post=120084"}],"curies":[{"name":"wp","href":"https:\/\/api.w.org\/{rel}","templated":true}]}}