{"id":120172,"date":"2024-03-14T09:22:46","date_gmt":"2024-03-14T15:22:46","guid":{"rendered":"https:\/\/lospoliticosveracruz.com.mx\/?p=120172"},"modified":"2024-03-14T09:23:00","modified_gmt":"2024-03-14T15:23:00","slug":"la-campana-en-cordoba","status":"publish","type":"post","link":"https:\/\/lospoliticosveracruz.com\/?p=120172","title":{"rendered":"LA CAMPA\u00d1A EN C\u00d3RDOBA"},"content":{"rendered":"\n<p><strong>Luis Alberto Romero<\/strong><\/p>\n\n\n\n<p><em>Hora cero<\/em><\/p>\n\n\n\n<p>En d\u00edas recientes trascendieron los resultados de una encuesta levantada entre el 29 de febrero y el 5 de marzo en el distrito federal electoral de C\u00f3rdoba, que da una amplia ventaja al candidato de la alianza \u201cSigamos haciendo historia\u201d (Morena, PT y PVEM), Zenyazen Escobar Garc\u00eda,<\/p>\n\n\n\n<p>Dicha encuesta incluye mil cuestionarios en los municipios de C\u00f3rdoba, Fort\u00edn, Ixtaczoquitl\u00e1n, Amatl\u00e1n de los Reyes, Yanga y Cuitl\u00e1huac.<\/p>\n\n\n\n<p>En esos municipios, la poblaci\u00f3n identific\u00f3 como los principales problemas la inseguridad y el desempleo, aunque tambi\u00e9n se menciona el estado de las calles y el abasto de agua potable.<\/p>\n\n\n\n<p>En el tema electoral, la marca Morena tiene muy bien posicionado a Zenyazen Escobar, con 53 por ciento; y muy rezagado, el abanderado de la alianza PAN-PRI-PRD, Adri\u00e1n P\u00e9rez Croda, con 21 puntos.<\/p>\n\n\n\n<p>Ese tema fue retomado por el abanderado de la 4T, quien puntualiz\u00f3 que los 30 puntos de ventaja que saca al segundo lugar no significan que baje la guardia, sobre todo porque la campa\u00f1a apenas arranc\u00f3 hace un par de semanas.<\/p>\n\n\n\n<p>Escobar Garc\u00eda dijo haber intensificado sus actividades de proselitismo, porque buscar\u00e1 ampliar el margen y consolidar la ventaja sobre las otras fuerzas pol\u00edticas; y asegurar un buen resultado para los abanderados de la Morena a la presidencia, Claudia Sheinbaum; a la gubernatura, Roc\u00edo Nahle; y al Senado, Claudia Tello y Manuel Huerta.<\/p>\n\n\n\n<p>El ex secretario de Educaci\u00f3n en el gobierno estatal veracruzano es muy probablemente el candidato m\u00e1s medi\u00e1tico de la 4T; y el que m\u00e1s ruido hace en las actuales campa\u00f1as. Veremos c\u00f3mo le va en esta contienda, en la que se juega el futuro pol\u00edtico.<\/p>\n\n\n\n<p>Beatriz Paredes en Coatza<\/p>\n\n\n\n<p>En Coatzacoalcos llam\u00f3 la atenci\u00f3n la escasa concurrencia al evento al que asisti\u00f3 de forma reciente la ex dirigente nacional del PRI, Beatriz Paredes Rangel.<\/p>\n\n\n\n<p>Se trata de una de las cartas m\u00e1s importantes del priismo en el pa\u00eds; Beatriz Paredes es de lo rescatable en un partido hundido en el descr\u00e9dito y en el rechazo ciudadano.<\/p>\n\n\n\n<p>El evento de Coatza fue organizado por la Fundaci\u00f3n Colosio-Veracruz, a cuyo frente se encuentra Cris\u00f3foro Hern\u00e1ndez Cerecedo.<\/p>\n\n\n\n<p>El problema fue la escasa asistencia de simpatizantes al sal\u00f3n Vasconcelos, en un evento denominado \u201cDi\u00e1logos con ciudadanos\u201d.<\/p>\n\n\n\n<p>La senadora Beatriz Paredes dio c\u00e1tedra de su conocimiento de la realidad social, pol\u00edtica y econ\u00f3mica de la zona sur de Veracruz; el problema es que de poco sirve la presencia de una personalidad tan destacada, si menos de un centenar de personas acuden al encuentro y, por si fuera poco, el equipo de sonido resulta deficiente.<\/p>\n\n\n\n<p>No se trat\u00f3 de un evento de campa\u00f1a de los candidatos de la alianza opositora a la Presidencia, X\u00f3chitl G\u00e1lvez; y a la gubernatura, Pepe Yunes, sino un encuentro organizado por una expresi\u00f3n del priismo que exhibi\u00f3 sus limitaciones.<\/p>\n\n\n\n<p>@luisromero85<\/p>\n","protected":false},"excerpt":{"rendered":"<p>Luis Alberto Romero Hora cero En d\u00edas recientes trascendieron los resultados de una encuesta levantada entre el 29 de febrero y el 5 de marzo en el distrito federal electoral de C\u00f3rdoba, que da una amplia ventaja al candidato de la alianza \u201cSigamos haciendo historia\u201d (Morena, PT y PVEM), Zenyazen Escobar Garc\u00eda, Dicha encuesta incluye [&hellip;]<\/p>\n","protected":false},"author":2,"featured_media":119912,"comment_status":"closed","ping_status":"closed","sticky":false,"template":"","format":"standard","meta":{"tdm_status":"","tdm_grid_status":"","footnotes":""},"categories":[70],"tags":[1026,195],"class_list":{"0":"post-120172","1":"post","2":"type-post","3":"status-publish","4":"format-standard","5":"has-post-thumbnail","7":"category-de-opinion","8":"tag-morena","9":"tag-veracruz"},"yoast_head":"<!-- This site is optimized with the Yoast SEO plugin v27.4 - https:\/\/yoast.com\/product\/yoast-seo-wordpress\/ -->\n<title>LA CAMPA\u00d1A EN C\u00d3RDOBA - Los pol\u00edticos Veracruz<\/title>\n<meta name=\"robots\" content=\"index, follow, max-snippet:-1, max-image-preview:large, max-video-preview:-1\" \/>\n<link rel=\"canonical\" href=\"https:\/\/lospoliticosveracruz.com\/?p=120172\" \/>\n<meta property=\"og:locale\" content=\"es_ES\" \/>\n<meta property=\"og:type\" content=\"article\" \/>\n<meta property=\"og:title\" content=\"LA CAMPA\u00d1A EN C\u00d3RDOBA - Los pol\u00edticos Veracruz\" \/>\n<meta property=\"og:description\" content=\"Luis Alberto Romero Hora cero En d\u00edas recientes trascendieron los resultados de una encuesta levantada entre el 29 de febrero y el 5 de marzo en el distrito federal electoral de C\u00f3rdoba, que da una amplia ventaja al candidato de la alianza \u201cSigamos haciendo historia\u201d (Morena, PT y PVEM), Zenyazen Escobar Garc\u00eda, Dicha encuesta incluye [&hellip;]\" \/>\n<meta property=\"og:url\" content=\"https:\/\/lospoliticosveracruz.com\/?p=120172\" \/>\n<meta property=\"og:site_name\" content=\"Los pol\u00edticos Veracruz\" \/>\n<meta property=\"article:publisher\" content=\"https:\/\/www.facebook.com\/people\/Notimemes-de-los-Polticos\/61565672886568\/\" \/>\n<meta property=\"article:published_time\" content=\"2024-03-14T15:22:46+00:00\" \/>\n<meta property=\"article:modified_time\" content=\"2024-03-14T15:23:00+00:00\" \/>\n<meta property=\"og:image\" content=\"https:\/\/lospoliticosveracruz.com\/wp-content\/uploads\/2024\/03\/Luis-Romero.jpg\" \/>\n\t<meta property=\"og:image:width\" content=\"1250\" \/>\n\t<meta property=\"og:image:height\" content=\"667\" \/>\n\t<meta property=\"og:image:type\" content=\"image\/jpeg\" \/>\n<meta name=\"author\" content=\"Lo viste en Los Pol\u00edticos\" \/>\n<meta name=\"twitter:card\" content=\"summary_large_image\" \/>\n<meta name=\"twitter:creator\" content=\"@LosPoliticosVer\" \/>\n<meta name=\"twitter:site\" content=\"@LosPoliticosVer\" \/>\n<meta name=\"twitter:label1\" content=\"Escrito por\" \/>\n\t<meta name=\"twitter:data1\" content=\"Lo viste en Los Pol\u00edticos\" \/>\n\t<meta name=\"twitter:label2\" content=\"Tiempo de lectura\" \/>\n\t<meta name=\"twitter:data2\" content=\"3 minutos\" \/>\n<script type=\"application\/ld+json\" class=\"yoast-schema-graph\">{\"@context\":\"https:\\\/\\\/schema.org\",\"@graph\":[{\"@type\":\"Article\",\"@id\":\"https:\\\/\\\/lospoliticosveracruz.com\\\/?p=120172#article\",\"isPartOf\":{\"@id\":\"https:\\\/\\\/lospoliticosveracruz.com\\\/?p=120172\"},\"author\":{\"name\":\"Lo viste en Los Pol\u00edticos\",\"@id\":\"https:\\\/\\\/lospoliticosveracruz.com\\\/#\\\/schema\\\/person\\\/b8702bb0e538456e6efd07080bf2a4a2\"},\"headline\":\"LA CAMPA\u00d1A EN C\u00d3RDOBA\",\"datePublished\":\"2024-03-14T15:22:46+00:00\",\"dateModified\":\"2024-03-14T15:23:00+00:00\",\"mainEntityOfPage\":{\"@id\":\"https:\\\/\\\/lospoliticosveracruz.com\\\/?p=120172\"},\"wordCount\":506,\"publisher\":{\"@id\":\"https:\\\/\\\/lospoliticosveracruz.com\\\/#organization\"},\"image\":{\"@id\":\"https:\\\/\\\/lospoliticosveracruz.com\\\/?p=120172#primaryimage\"},\"thumbnailUrl\":\"https:\\\/\\\/lospoliticosveracruz.com\\\/wp-content\\\/uploads\\\/2024\\\/03\\\/Luis-Romero.jpg\",\"keywords\":[\"Morena\",\"Veracruz\"],\"articleSection\":[\"De Opini\u00f3n\"],\"inLanguage\":\"es\"},{\"@type\":\"WebPage\",\"@id\":\"https:\\\/\\\/lospoliticosveracruz.com\\\/?p=120172\",\"url\":\"https:\\\/\\\/lospoliticosveracruz.com\\\/?p=120172\",\"name\":\"LA CAMPA\u00d1A EN C\u00d3RDOBA - Los pol\u00edticos Veracruz\",\"isPartOf\":{\"@id\":\"https:\\\/\\\/lospoliticosveracruz.com\\\/#website\"},\"primaryImageOfPage\":{\"@id\":\"https:\\\/\\\/lospoliticosveracruz.com\\\/?p=120172#primaryimage\"},\"image\":{\"@id\":\"https:\\\/\\\/lospoliticosveracruz.com\\\/?p=120172#primaryimage\"},\"thumbnailUrl\":\"https:\\\/\\\/lospoliticosveracruz.com\\\/wp-content\\\/uploads\\\/2024\\\/03\\\/Luis-Romero.jpg\",\"datePublished\":\"2024-03-14T15:22:46+00:00\",\"dateModified\":\"2024-03-14T15:23:00+00:00\",\"breadcrumb\":{\"@id\":\"https:\\\/\\\/lospoliticosveracruz.com\\\/?p=120172#breadcrumb\"},\"inLanguage\":\"es\",\"potentialAction\":[{\"@type\":\"ReadAction\",\"target\":[\"https:\\\/\\\/lospoliticosveracruz.com\\\/?p=120172\"]}]},{\"@type\":\"ImageObject\",\"inLanguage\":\"es\",\"@id\":\"https:\\\/\\\/lospoliticosveracruz.com\\\/?p=120172#primaryimage\",\"url\":\"https:\\\/\\\/lospoliticosveracruz.com\\\/wp-content\\\/uploads\\\/2024\\\/03\\\/Luis-Romero.jpg\",\"contentUrl\":\"https:\\\/\\\/lospoliticosveracruz.com\\\/wp-content\\\/uploads\\\/2024\\\/03\\\/Luis-Romero.jpg\",\"width\":1250,\"height\":667},{\"@type\":\"BreadcrumbList\",\"@id\":\"https:\\\/\\\/lospoliticosveracruz.com\\\/?p=120172#breadcrumb\",\"itemListElement\":[{\"@type\":\"ListItem\",\"position\":1,\"name\":\"Portada\",\"item\":\"https:\\\/\\\/lospoliticosveracruz.com\\\/\"},{\"@type\":\"ListItem\",\"position\":2,\"name\":\"LA CAMPA\u00d1A EN C\u00d3RDOBA\"}]},{\"@type\":\"WebSite\",\"@id\":\"https:\\\/\\\/lospoliticosveracruz.com\\\/#website\",\"url\":\"https:\\\/\\\/lospoliticosveracruz.com\\\/\",\"name\":\"Los pol\u00edticos Veracruz\",\"description\":\"\",\"publisher\":{\"@id\":\"https:\\\/\\\/lospoliticosveracruz.com\\\/#organization\"},\"potentialAction\":[{\"@type\":\"SearchAction\",\"target\":{\"@type\":\"EntryPoint\",\"urlTemplate\":\"https:\\\/\\\/lospoliticosveracruz.com\\\/?s={search_term_string}\"},\"query-input\":{\"@type\":\"PropertyValueSpecification\",\"valueRequired\":true,\"valueName\":\"search_term_string\"}}],\"inLanguage\":\"es\"},{\"@type\":\"Organization\",\"@id\":\"https:\\\/\\\/lospoliticosveracruz.com\\\/#organization\",\"name\":\"Los pol\u00edticos Veracruz\",\"url\":\"https:\\\/\\\/lospoliticosveracruz.com\\\/\",\"logo\":{\"@type\":\"ImageObject\",\"inLanguage\":\"es\",\"@id\":\"https:\\\/\\\/lospoliticosveracruz.com\\\/#\\\/schema\\\/logo\\\/image\\\/\",\"url\":\"https:\\\/\\\/lospoliticosveracruz.com\\\/wp-content\\\/uploads\\\/2025\\\/12\\\/Logo-Nuevo-LOS-POLITICOS-1.jpg\",\"contentUrl\":\"https:\\\/\\\/lospoliticosveracruz.com\\\/wp-content\\\/uploads\\\/2025\\\/12\\\/Logo-Nuevo-LOS-POLITICOS-1.jpg\",\"width\":260,\"height\":70,\"caption\":\"Los pol\u00edticos Veracruz\"},\"image\":{\"@id\":\"https:\\\/\\\/lospoliticosveracruz.com\\\/#\\\/schema\\\/logo\\\/image\\\/\"},\"sameAs\":[\"https:\\\/\\\/www.facebook.com\\\/people\\\/Notimemes-de-los-Polticos\\\/61565672886568\\\/\",\"https:\\\/\\\/x.com\\\/LosPoliticosVer\"]},{\"@type\":\"Person\",\"@id\":\"https:\\\/\\\/lospoliticosveracruz.com\\\/#\\\/schema\\\/person\\\/b8702bb0e538456e6efd07080bf2a4a2\",\"name\":\"Lo viste en Los Pol\u00edticos\",\"image\":{\"@type\":\"ImageObject\",\"inLanguage\":\"es\",\"@id\":\"https:\\\/\\\/secure.gravatar.com\\\/avatar\\\/3a8de04a2656d44082be478bd6c086daa447c4651605818287b9532d3d0bd435?s=96&d=mm&r=g\",\"url\":\"https:\\\/\\\/secure.gravatar.com\\\/avatar\\\/3a8de04a2656d44082be478bd6c086daa447c4651605818287b9532d3d0bd435?s=96&d=mm&r=g\",\"contentUrl\":\"https:\\\/\\\/secure.gravatar.com\\\/avatar\\\/3a8de04a2656d44082be478bd6c086daa447c4651605818287b9532d3d0bd435?s=96&d=mm&r=g\",\"caption\":\"Lo viste en Los Pol\u00edticos\"},\"url\":\"https:\\\/\\\/lospoliticosveracruz.com\\\/?author=2\"}]}<\/script>\n<!-- \/ Yoast SEO plugin. -->","yoast_head_json":{"title":"LA CAMPA\u00d1A EN C\u00d3RDOBA - Los pol\u00edticos Veracruz","robots":{"index":"index","follow":"follow","max-snippet":"max-snippet:-1","max-image-preview":"max-image-preview:large","max-video-preview":"max-video-preview:-1"},"canonical":"https:\/\/lospoliticosveracruz.com\/?p=120172","og_locale":"es_ES","og_type":"article","og_title":"LA CAMPA\u00d1A EN C\u00d3RDOBA - Los pol\u00edticos Veracruz","og_description":"Luis Alberto Romero Hora cero En d\u00edas recientes trascendieron los resultados de una encuesta levantada entre el 29 de febrero y el 5 de marzo en el distrito federal electoral de C\u00f3rdoba, que da una amplia ventaja al candidato de la alianza \u201cSigamos haciendo historia\u201d (Morena, PT y PVEM), Zenyazen Escobar Garc\u00eda, Dicha encuesta incluye [&hellip;]","og_url":"https:\/\/lospoliticosveracruz.com\/?p=120172","og_site_name":"Los pol\u00edticos Veracruz","article_publisher":"https:\/\/www.facebook.com\/people\/Notimemes-de-los-Polticos\/61565672886568\/","article_published_time":"2024-03-14T15:22:46+00:00","article_modified_time":"2024-03-14T15:23:00+00:00","og_image":[{"width":1250,"height":667,"url":"https:\/\/lospoliticosveracruz.com\/wp-content\/uploads\/2024\/03\/Luis-Romero.jpg","type":"image\/jpeg"}],"author":"Lo viste en Los Pol\u00edticos","twitter_card":"summary_large_image","twitter_creator":"@LosPoliticosVer","twitter_site":"@LosPoliticosVer","twitter_misc":{"Escrito por":"Lo viste en Los Pol\u00edticos","Tiempo de lectura":"3 minutos"},"schema":{"@context":"https:\/\/schema.org","@graph":[{"@type":"Article","@id":"https:\/\/lospoliticosveracruz.com\/?p=120172#article","isPartOf":{"@id":"https:\/\/lospoliticosveracruz.com\/?p=120172"},"author":{"name":"Lo viste en Los Pol\u00edticos","@id":"https:\/\/lospoliticosveracruz.com\/#\/schema\/person\/b8702bb0e538456e6efd07080bf2a4a2"},"headline":"LA CAMPA\u00d1A EN C\u00d3RDOBA","datePublished":"2024-03-14T15:22:46+00:00","dateModified":"2024-03-14T15:23:00+00:00","mainEntityOfPage":{"@id":"https:\/\/lospoliticosveracruz.com\/?p=120172"},"wordCount":506,"publisher":{"@id":"https:\/\/lospoliticosveracruz.com\/#organization"},"image":{"@id":"https:\/\/lospoliticosveracruz.com\/?p=120172#primaryimage"},"thumbnailUrl":"https:\/\/lospoliticosveracruz.com\/wp-content\/uploads\/2024\/03\/Luis-Romero.jpg","keywords":["Morena","Veracruz"],"articleSection":["De Opini\u00f3n"],"inLanguage":"es"},{"@type":"WebPage","@id":"https:\/\/lospoliticosveracruz.com\/?p=120172","url":"https:\/\/lospoliticosveracruz.com\/?p=120172","name":"LA CAMPA\u00d1A EN C\u00d3RDOBA - Los pol\u00edticos Veracruz","isPartOf":{"@id":"https:\/\/lospoliticosveracruz.com\/#website"},"primaryImageOfPage":{"@id":"https:\/\/lospoliticosveracruz.com\/?p=120172#primaryimage"},"image":{"@id":"https:\/\/lospoliticosveracruz.com\/?p=120172#primaryimage"},"thumbnailUrl":"https:\/\/lospoliticosveracruz.com\/wp-content\/uploads\/2024\/03\/Luis-Romero.jpg","datePublished":"2024-03-14T15:22:46+00:00","dateModified":"2024-03-14T15:23:00+00:00","breadcrumb":{"@id":"https:\/\/lospoliticosveracruz.com\/?p=120172#breadcrumb"},"inLanguage":"es","potentialAction":[{"@type":"ReadAction","target":["https:\/\/lospoliticosveracruz.com\/?p=120172"]}]},{"@type":"ImageObject","inLanguage":"es","@id":"https:\/\/lospoliticosveracruz.com\/?p=120172#primaryimage","url":"https:\/\/lospoliticosveracruz.com\/wp-content\/uploads\/2024\/03\/Luis-Romero.jpg","contentUrl":"https:\/\/lospoliticosveracruz.com\/wp-content\/uploads\/2024\/03\/Luis-Romero.jpg","width":1250,"height":667},{"@type":"BreadcrumbList","@id":"https:\/\/lospoliticosveracruz.com\/?p=120172#breadcrumb","itemListElement":[{"@type":"ListItem","position":1,"name":"Portada","item":"https:\/\/lospoliticosveracruz.com\/"},{"@type":"ListItem","position":2,"name":"LA CAMPA\u00d1A EN C\u00d3RDOBA"}]},{"@type":"WebSite","@id":"https:\/\/lospoliticosveracruz.com\/#website","url":"https:\/\/lospoliticosveracruz.com\/","name":"Los pol\u00edticos Veracruz","description":"","publisher":{"@id":"https:\/\/lospoliticosveracruz.com\/#organization"},"potentialAction":[{"@type":"SearchAction","target":{"@type":"EntryPoint","urlTemplate":"https:\/\/lospoliticosveracruz.com\/?s={search_term_string}"},"query-input":{"@type":"PropertyValueSpecification","valueRequired":true,"valueName":"search_term_string"}}],"inLanguage":"es"},{"@type":"Organization","@id":"https:\/\/lospoliticosveracruz.com\/#organization","name":"Los pol\u00edticos Veracruz","url":"https:\/\/lospoliticosveracruz.com\/","logo":{"@type":"ImageObject","inLanguage":"es","@id":"https:\/\/lospoliticosveracruz.com\/#\/schema\/logo\/image\/","url":"https:\/\/lospoliticosveracruz.com\/wp-content\/uploads\/2025\/12\/Logo-Nuevo-LOS-POLITICOS-1.jpg","contentUrl":"https:\/\/lospoliticosveracruz.com\/wp-content\/uploads\/2025\/12\/Logo-Nuevo-LOS-POLITICOS-1.jpg","width":260,"height":70,"caption":"Los pol\u00edticos Veracruz"},"image":{"@id":"https:\/\/lospoliticosveracruz.com\/#\/schema\/logo\/image\/"},"sameAs":["https:\/\/www.facebook.com\/people\/Notimemes-de-los-Polticos\/61565672886568\/","https:\/\/x.com\/LosPoliticosVer"]},{"@type":"Person","@id":"https:\/\/lospoliticosveracruz.com\/#\/schema\/person\/b8702bb0e538456e6efd07080bf2a4a2","name":"Lo viste en Los Pol\u00edticos","image":{"@type":"ImageObject","inLanguage":"es","@id":"https:\/\/secure.gravatar.com\/avatar\/3a8de04a2656d44082be478bd6c086daa447c4651605818287b9532d3d0bd435?s=96&d=mm&r=g","url":"https:\/\/secure.gravatar.com\/avatar\/3a8de04a2656d44082be478bd6c086daa447c4651605818287b9532d3d0bd435?s=96&d=mm&r=g","contentUrl":"https:\/\/secure.gravatar.com\/avatar\/3a8de04a2656d44082be478bd6c086daa447c4651605818287b9532d3d0bd435?s=96&d=mm&r=g","caption":"Lo viste en Los Pol\u00edticos"},"url":"https:\/\/lospoliticosveracruz.com\/?author=2"}]}},"_links":{"self":[{"href":"https:\/\/lospoliticosveracruz.com\/index.php?rest_route=\/wp\/v2\/posts\/120172","targetHints":{"allow":["GET"]}}],"collection":[{"href":"https:\/\/lospoliticosveracruz.com\/index.php?rest_route=\/wp\/v2\/posts"}],"about":[{"href":"https:\/\/lospoliticosveracruz.com\/index.php?rest_route=\/wp\/v2\/types\/post"}],"author":[{"embeddable":true,"href":"https:\/\/lospoliticosveracruz.com\/index.php?rest_route=\/wp\/v2\/users\/2"}],"replies":[{"embeddable":true,"href":"https:\/\/lospoliticosveracruz.com\/index.php?rest_route=%2Fwp%2Fv2%2Fcomments&post=120172"}],"version-history":[{"count":2,"href":"https:\/\/lospoliticosveracruz.com\/index.php?rest_route=\/wp\/v2\/posts\/120172\/revisions"}],"predecessor-version":[{"id":120174,"href":"https:\/\/lospoliticosveracruz.com\/index.php?rest_route=\/wp\/v2\/posts\/120172\/revisions\/120174"}],"wp:featuredmedia":[{"embeddable":true,"href":"https:\/\/lospoliticosveracruz.com\/index.php?rest_route=\/wp\/v2\/media\/119912"}],"wp:attachment":[{"href":"https:\/\/lospoliticosveracruz.com\/index.php?rest_route=%2Fwp%2Fv2%2Fmedia&parent=120172"}],"wp:term":[{"taxonomy":"category","embeddable":true,"href":"https:\/\/lospoliticosveracruz.com\/index.php?rest_route=%2Fwp%2Fv2%2Fcategories&post=120172"},{"taxonomy":"post_tag","embeddable":true,"href":"https:\/\/lospoliticosveracruz.com\/index.php?rest_route=%2Fwp%2Fv2%2Ftags&post=120172"}],"curies":[{"name":"wp","href":"https:\/\/api.w.org\/{rel}","templated":true}]}}