{"id":120263,"date":"2024-03-15T08:05:22","date_gmt":"2024-03-15T14:05:22","guid":{"rendered":"https:\/\/lospoliticosveracruz.com.mx\/?p=120263"},"modified":"2024-03-15T08:05:31","modified_gmt":"2024-03-15T14:05:31","slug":"que-es-rentada","status":"publish","type":"post","link":"https:\/\/lospoliticosveracruz.com\/?p=120263","title":{"rendered":"QUE ES RENTADA"},"content":{"rendered":"\n<p><strong>Oved Contreras<\/strong><\/p>\n\n\n\n<p><em>Secas Mecas<\/em><\/p>\n\n\n\n<p>No hagas cosas malas que parezcan buenas ni buenas que parezcan malas, eso dice la conseja popular\u2026y a veces en aras de aclarar las cosas se enredan m\u00e1s\u2026la candidata de Morena a la gubernatura, Roc\u00edo Nahle se qued\u00f3 callada ante las versiones sobre una mega mansi\u00f3n que tiene en el exclusivo fraccionamiento El Dorado, en Alvarado, a la cual se puede llegar por yate\u2026dicen sus escribientes que es rentada, lo mismo dijo Jos\u00e9 Ram\u00f3n, hijo del presidente AMLO cuando le descubrieron su \u201ccasita gris\u201d en Houston.<\/p>\n\n\n<div class=\"wp-block-image\">\n<figure class=\"alignleft size-medium\"><a href=\"https:\/\/lospoliticosveracruz.com.mx\/wp-content\/uploads\/2021\/10\/WhatsApp-Image-2021-10-02-at-15.20.25.jpeg\"><img loading=\"lazy\" decoding=\"async\" width=\"212\" height=\"300\" src=\"https:\/\/lospoliticosveracruz.com.mx\/wp-content\/uploads\/2021\/10\/WhatsApp-Image-2021-10-02-at-15.20.25-212x300.jpeg\" alt=\"\" class=\"wp-image-80177\" srcset=\"https:\/\/lospoliticosveracruz.com\/wp-content\/uploads\/2021\/10\/WhatsApp-Image-2021-10-02-at-15.20.25-212x300.jpeg 212w, https:\/\/lospoliticosveracruz.com\/wp-content\/uploads\/2021\/10\/WhatsApp-Image-2021-10-02-at-15.20.25-724x1024.jpeg 724w, https:\/\/lospoliticosveracruz.com\/wp-content\/uploads\/2021\/10\/WhatsApp-Image-2021-10-02-at-15.20.25-768x1086.jpeg 768w, https:\/\/lospoliticosveracruz.com\/wp-content\/uploads\/2021\/10\/WhatsApp-Image-2021-10-02-at-15.20.25.jpeg 905w\" sizes=\"auto, (max-width: 212px) 100vw, 212px\" \/><\/a><\/figure>\n<\/div>\n\n\n<p>El empresario y activista Arturo Castagn\u00e9 pate\u00f3 el avispero al difundir en redes una fotograf\u00eda en la que se aprecia un inmueble de gran tama\u00f1o, a la orilla del r\u00edo, presuntamente habitado por Roc\u00edo Nahle, en la zona residencial de El Dorado, en la Riviera Veracruzana, y en la imagen se alcanza a apreciar una camioneta tipo Suburban como las de la gran flotilla con la que Roc\u00edo Nahle se desplaza por el estado para hacer campa\u00f1a.<\/p>\n\n\n\n<p>La zacatecana guard\u00f3 silencio pero sus voceros utilizaron los medios a su disposici\u00f3n para desmentir que la mansi\u00f3n sea de su propiedad, para en cambio confirmar que s\u00ed la habita pero que la est\u00e1 rentando\u2026y que la campa\u00f1a negra proviene de los Yunes azules que se pusieron muy nerviosos de qu\u00e9 Roc\u00edo Nahle eligiera la zona conurbada Veracruz-Boca del R\u00edo-Medell\u00edn para convertirlo en su \u2018b\u00fanker\u2019, base de operaciones y centro log\u00edstico de su campa\u00f1a por la gubernatura de Veracruz.<\/p>\n\n\n\n<p>\u201cLa ingeniera Nahle se les meti\u00f3 en \u2018su territorio\u2019 a los del Clan, y para ello arrend\u00f3 una casa en el tiempo que dure la campa\u00f1a\u201d, repitieron los escribientes de la zacatecana\u2026la vocera de Nahle se lanz\u00f3 en contra de Castagn\u00e9 en X, a quien tild\u00f3 de mis\u00f3gino y clasista pero confirm\u00f3 la versi\u00f3n de que la candidata morenista \u201crenta\u201d la mansi\u00f3n.<\/p>\n\n\n\n<p>\u201cHay una gran diferencia entre ser propietario o rentar, y usted con su habitual amargura y mostrando el mayor de los desprecios se lanza en una sola publicaci\u00f3n exhibiendo su sentimiento nato de discriminaci\u00f3n, odio, clasismo, difamaci\u00f3n y ahora un claro acoso\u201d, escribi\u00f3 Adrian Mu\u00f1oz en sus redes.<\/p>\n\n\n\n<p>Pero Do\u00f1a Zacatecas no ha dicho esta boca es m\u00eda y Adriana tanto que critic\u00f3 la mansi\u00f3n del Estero y ahora defiende la Casita Blanca de Nahle\u2026quesque quienes difunden la foto son mis\u00f3ginos y esp\u00edas que se van a ir al infierno\u2026juar juar\u2026pero lo que no tiene precio fueron los comentarios posteriores al tuitazo de Adriana: \u201cSanto Dios! Do\u00f1a veneno y su amiga la fin\u00edsima dama, u\u00f1a se\u00f1ora Rocio Nahle! Acosador y esp\u00eda?<br>Creo Arturo, que la se\u00f1ora quiere ver en usted lo que ella es!\u2026Soy mujer y no veo por ning\u00fan lado el acoso, la misoginia y menos la violencia de la que hablas, rid\u00edcula. Sucede que cuando no tienen argumentos inventan el de violencia de g\u00e9nero. Mejor hubiera observado Nahle la austeridad republicana que tanto alardea su presidente\u2026. Claro que \u00absolo vive ah\u00ed\u00bb, como Jose Ram\u00f3n \u00absolo viv\u00eda ahi\u00bb contratistas le llaman a esos caseros\u201d.<\/p>\n\n\n\n<p>Nos confirman que esa foto fue filtrada desde \u201cadentro\u201d, es decir que se trata de \u201cfuego amigo\u201d contra la t\u00eda Ch\u00edo\u2026que fueron los Cuitlahuistas, esos que han sido despreciados por la zacatecana, quienes pasaron el dato a la oposici\u00f3n y que ya dijeron que tienen otras cositas m\u00e1s que le van a ir sacando durante la campa\u00f1a, que no es indio el que no se venga, a ver si es cierto que no necesita de ellos para ganar\u2026juar juar<\/p>\n\n\n\n<p><strong>SOLA CON SU SOLEDAD<\/strong>\u2026vaya qu\u00e9 gener\u00f3 esc\u00e1ndalo la foto de do\u00f1a Zacatecas tomando caf\u00e9 sola con do\u00f1a Nena de la Reguera en la Parroquia de los 5 mil a\u00f1os\u2026muchos coinciden que la foto publicada por NOTIVER es desafortunada, que la exhibe a ella y su soledad que ni los meseros la fuman<\/p>\n\n\n\n<p>Algunos columnistas se fueron con la finta de que la foto fue difundida por el equipo de prensa de la candidata pero en realidad se trat\u00f3 de la foto que tom\u00f3 el super corresposal de NOTIVER en la parroquia del primo Angel, disfrazado de turista que captur\u00f3 el momento\u2026NOTIVER siempre dando primicias y la noticia en el momento que sucede\u2026ni se la esperaba la T\u00edo Ch\u00edo mientras cafeteaba con do\u00f1a Nena.<\/p>\n\n\n\n<p><strong>ABRAZO PARA AXEL.<\/strong>.ayer jueves falleci\u00f3 la se\u00f1ora Yessica Barroso Octaviano, en la cl\u00ednica Hospital General de Zona del IMSS 11 a consecuencia de un c\u00e1ncer que la aquejaba; apenas horas antes su hijo Axel Romero realiz\u00f3 una protesta y denuncia p\u00fablica se\u00f1alando que su madre no era atendida con el especialista que necesita.<\/p>\n\n\n\n<p>Tras la denuncia de falta de especialista para su madre internada desde el pasado lunes 11 de marzo, el IMSS envi\u00f3 un comunicado donde rechazaba negligencia en la atenci\u00f3n a la se\u00f1ora Yessica Barroso; el joven Axel Romero realiz\u00f3 su protesta con cartulinas que peg\u00f3 a los barrotes del HGZ 11 de IMSS con sede en Xalapa y llam\u00f3 a los medios de comunicaci\u00f3n para hacer un llamado a que se enviara el especialista en urolog\u00eda que su madre requer\u00eda.<\/p>\n\n\n\n<p>Axel acus\u00f3 que a su mam\u00e1 la tuvieron adentro de dicho nosocomio nada m\u00e1s \u201cmuri\u00e9ndose\u201d\u2026Las citas de un mes, de dos meses el c\u00e1ncer la invadi\u00f3 y ahora tiene insuficiencia renal, \u201cy tenemos tres d\u00edas a la espera que llegue un especialista o que la env\u00eden a Veracruz\u201d. Sin embargo, su mam\u00e1 no resisti\u00f3 y ayer se report\u00f3 su defunci\u00f3n. La se\u00f1ora Jessica Barroso, de 50 a\u00f1os, fue diagnosticada con c\u00e1ncer endometrio, pero su salud empeor\u00f3 durante su estancia en el IMSS y result\u00f3 con insuficiencia renal.<\/p>\n","protected":false},"excerpt":{"rendered":"<p>Oved Contreras Secas Mecas No hagas cosas malas que parezcan buenas ni buenas que parezcan malas, eso dice la conseja popular\u2026y a veces en aras de aclarar las cosas se enredan m\u00e1s\u2026la candidata de Morena a la gubernatura, Roc\u00edo Nahle se qued\u00f3 callada ante las versiones sobre una mega mansi\u00f3n que tiene en el exclusivo [&hellip;]<\/p>\n","protected":false},"author":2,"featured_media":119816,"comment_status":"closed","ping_status":"closed","sticky":false,"template":"","format":"standard","meta":{"tdm_status":"","tdm_grid_status":"","footnotes":""},"categories":[70],"tags":[618,39257,39715,3578],"class_list":{"0":"post-120263","1":"post","2":"type-post","3":"status-publish","4":"format-standard","5":"has-post-thumbnail","7":"category-de-opinion","8":"tag-andres-manuel-lopez-obrador","9":"tag-jose-ramon","10":"tag-oved-contreras","11":"tag-rocio-nahle"},"yoast_head":"<!-- This site is optimized with the Yoast SEO plugin v27.4 - https:\/\/yoast.com\/product\/yoast-seo-wordpress\/ -->\n<title>QUE ES RENTADA - Los pol\u00edticos Veracruz<\/title>\n<meta name=\"robots\" content=\"index, follow, max-snippet:-1, max-image-preview:large, max-video-preview:-1\" \/>\n<link rel=\"canonical\" href=\"https:\/\/lospoliticosveracruz.com\/?p=120263\" \/>\n<meta property=\"og:locale\" content=\"es_ES\" \/>\n<meta property=\"og:type\" content=\"article\" \/>\n<meta property=\"og:title\" content=\"QUE ES RENTADA - Los pol\u00edticos Veracruz\" \/>\n<meta property=\"og:description\" content=\"Oved Contreras Secas Mecas No hagas cosas malas que parezcan buenas ni buenas que parezcan malas, eso dice la conseja popular\u2026y a veces en aras de aclarar las cosas se enredan m\u00e1s\u2026la candidata de Morena a la gubernatura, Roc\u00edo Nahle se qued\u00f3 callada ante las versiones sobre una mega mansi\u00f3n que tiene en el exclusivo [&hellip;]\" \/>\n<meta property=\"og:url\" content=\"https:\/\/lospoliticosveracruz.com\/?p=120263\" \/>\n<meta property=\"og:site_name\" content=\"Los pol\u00edticos Veracruz\" \/>\n<meta property=\"article:publisher\" content=\"https:\/\/www.facebook.com\/people\/Notimemes-de-los-Polticos\/61565672886568\/\" \/>\n<meta property=\"article:published_time\" content=\"2024-03-15T14:05:22+00:00\" \/>\n<meta property=\"article:modified_time\" content=\"2024-03-15T14:05:31+00:00\" \/>\n<meta property=\"og:image\" content=\"https:\/\/lospoliticosveracruz.com\/wp-content\/uploads\/2024\/03\/Oved-Contreras.jpg\" \/>\n\t<meta property=\"og:image:width\" content=\"1250\" \/>\n\t<meta property=\"og:image:height\" content=\"667\" \/>\n\t<meta property=\"og:image:type\" content=\"image\/jpeg\" \/>\n<meta name=\"author\" content=\"Lo viste en Los Pol\u00edticos\" \/>\n<meta name=\"twitter:card\" content=\"summary_large_image\" \/>\n<meta name=\"twitter:creator\" content=\"@LosPoliticosVer\" \/>\n<meta name=\"twitter:site\" content=\"@LosPoliticosVer\" \/>\n<meta name=\"twitter:label1\" content=\"Escrito por\" \/>\n\t<meta name=\"twitter:data1\" content=\"Lo viste en Los Pol\u00edticos\" \/>\n\t<meta name=\"twitter:label2\" content=\"Tiempo de lectura\" \/>\n\t<meta name=\"twitter:data2\" content=\"5 minutos\" \/>\n<script type=\"application\/ld+json\" class=\"yoast-schema-graph\">{\"@context\":\"https:\\\/\\\/schema.org\",\"@graph\":[{\"@type\":\"Article\",\"@id\":\"https:\\\/\\\/lospoliticosveracruz.com\\\/?p=120263#article\",\"isPartOf\":{\"@id\":\"https:\\\/\\\/lospoliticosveracruz.com\\\/?p=120263\"},\"author\":{\"name\":\"Lo viste en Los Pol\u00edticos\",\"@id\":\"https:\\\/\\\/lospoliticosveracruz.com\\\/#\\\/schema\\\/person\\\/b8702bb0e538456e6efd07080bf2a4a2\"},\"headline\":\"QUE ES RENTADA\",\"datePublished\":\"2024-03-15T14:05:22+00:00\",\"dateModified\":\"2024-03-15T14:05:31+00:00\",\"mainEntityOfPage\":{\"@id\":\"https:\\\/\\\/lospoliticosveracruz.com\\\/?p=120263\"},\"wordCount\":1014,\"publisher\":{\"@id\":\"https:\\\/\\\/lospoliticosveracruz.com\\\/#organization\"},\"image\":{\"@id\":\"https:\\\/\\\/lospoliticosveracruz.com\\\/?p=120263#primaryimage\"},\"thumbnailUrl\":\"https:\\\/\\\/lospoliticosveracruz.com\\\/wp-content\\\/uploads\\\/2024\\\/03\\\/Oved-Contreras.jpg\",\"keywords\":[\"Andr\u00e9s Manuel L\u00f3pez Obrador\",\"Jos\u00e9 Ram\u00f3n\",\"Oved Contreras\",\"Roc\u00edo Nahle\"],\"articleSection\":[\"De Opini\u00f3n\"],\"inLanguage\":\"es\"},{\"@type\":\"WebPage\",\"@id\":\"https:\\\/\\\/lospoliticosveracruz.com\\\/?p=120263\",\"url\":\"https:\\\/\\\/lospoliticosveracruz.com\\\/?p=120263\",\"name\":\"QUE ES RENTADA - Los pol\u00edticos Veracruz\",\"isPartOf\":{\"@id\":\"https:\\\/\\\/lospoliticosveracruz.com\\\/#website\"},\"primaryImageOfPage\":{\"@id\":\"https:\\\/\\\/lospoliticosveracruz.com\\\/?p=120263#primaryimage\"},\"image\":{\"@id\":\"https:\\\/\\\/lospoliticosveracruz.com\\\/?p=120263#primaryimage\"},\"thumbnailUrl\":\"https:\\\/\\\/lospoliticosveracruz.com\\\/wp-content\\\/uploads\\\/2024\\\/03\\\/Oved-Contreras.jpg\",\"datePublished\":\"2024-03-15T14:05:22+00:00\",\"dateModified\":\"2024-03-15T14:05:31+00:00\",\"breadcrumb\":{\"@id\":\"https:\\\/\\\/lospoliticosveracruz.com\\\/?p=120263#breadcrumb\"},\"inLanguage\":\"es\",\"potentialAction\":[{\"@type\":\"ReadAction\",\"target\":[\"https:\\\/\\\/lospoliticosveracruz.com\\\/?p=120263\"]}]},{\"@type\":\"ImageObject\",\"inLanguage\":\"es\",\"@id\":\"https:\\\/\\\/lospoliticosveracruz.com\\\/?p=120263#primaryimage\",\"url\":\"https:\\\/\\\/lospoliticosveracruz.com\\\/wp-content\\\/uploads\\\/2024\\\/03\\\/Oved-Contreras.jpg\",\"contentUrl\":\"https:\\\/\\\/lospoliticosveracruz.com\\\/wp-content\\\/uploads\\\/2024\\\/03\\\/Oved-Contreras.jpg\",\"width\":1250,\"height\":667},{\"@type\":\"BreadcrumbList\",\"@id\":\"https:\\\/\\\/lospoliticosveracruz.com\\\/?p=120263#breadcrumb\",\"itemListElement\":[{\"@type\":\"ListItem\",\"position\":1,\"name\":\"Portada\",\"item\":\"https:\\\/\\\/lospoliticosveracruz.com\\\/\"},{\"@type\":\"ListItem\",\"position\":2,\"name\":\"QUE ES RENTADA\"}]},{\"@type\":\"WebSite\",\"@id\":\"https:\\\/\\\/lospoliticosveracruz.com\\\/#website\",\"url\":\"https:\\\/\\\/lospoliticosveracruz.com\\\/\",\"name\":\"Los pol\u00edticos Veracruz\",\"description\":\"\",\"publisher\":{\"@id\":\"https:\\\/\\\/lospoliticosveracruz.com\\\/#organization\"},\"potentialAction\":[{\"@type\":\"SearchAction\",\"target\":{\"@type\":\"EntryPoint\",\"urlTemplate\":\"https:\\\/\\\/lospoliticosveracruz.com\\\/?s={search_term_string}\"},\"query-input\":{\"@type\":\"PropertyValueSpecification\",\"valueRequired\":true,\"valueName\":\"search_term_string\"}}],\"inLanguage\":\"es\"},{\"@type\":\"Organization\",\"@id\":\"https:\\\/\\\/lospoliticosveracruz.com\\\/#organization\",\"name\":\"Los pol\u00edticos Veracruz\",\"url\":\"https:\\\/\\\/lospoliticosveracruz.com\\\/\",\"logo\":{\"@type\":\"ImageObject\",\"inLanguage\":\"es\",\"@id\":\"https:\\\/\\\/lospoliticosveracruz.com\\\/#\\\/schema\\\/logo\\\/image\\\/\",\"url\":\"https:\\\/\\\/lospoliticosveracruz.com\\\/wp-content\\\/uploads\\\/2025\\\/12\\\/Logo-Nuevo-LOS-POLITICOS-1.jpg\",\"contentUrl\":\"https:\\\/\\\/lospoliticosveracruz.com\\\/wp-content\\\/uploads\\\/2025\\\/12\\\/Logo-Nuevo-LOS-POLITICOS-1.jpg\",\"width\":260,\"height\":70,\"caption\":\"Los pol\u00edticos Veracruz\"},\"image\":{\"@id\":\"https:\\\/\\\/lospoliticosveracruz.com\\\/#\\\/schema\\\/logo\\\/image\\\/\"},\"sameAs\":[\"https:\\\/\\\/www.facebook.com\\\/people\\\/Notimemes-de-los-Polticos\\\/61565672886568\\\/\",\"https:\\\/\\\/x.com\\\/LosPoliticosVer\"]},{\"@type\":\"Person\",\"@id\":\"https:\\\/\\\/lospoliticosveracruz.com\\\/#\\\/schema\\\/person\\\/b8702bb0e538456e6efd07080bf2a4a2\",\"name\":\"Lo viste en Los Pol\u00edticos\",\"image\":{\"@type\":\"ImageObject\",\"inLanguage\":\"es\",\"@id\":\"https:\\\/\\\/secure.gravatar.com\\\/avatar\\\/3a8de04a2656d44082be478bd6c086daa447c4651605818287b9532d3d0bd435?s=96&d=mm&r=g\",\"url\":\"https:\\\/\\\/secure.gravatar.com\\\/avatar\\\/3a8de04a2656d44082be478bd6c086daa447c4651605818287b9532d3d0bd435?s=96&d=mm&r=g\",\"contentUrl\":\"https:\\\/\\\/secure.gravatar.com\\\/avatar\\\/3a8de04a2656d44082be478bd6c086daa447c4651605818287b9532d3d0bd435?s=96&d=mm&r=g\",\"caption\":\"Lo viste en Los Pol\u00edticos\"},\"url\":\"https:\\\/\\\/lospoliticosveracruz.com\\\/?author=2\"}]}<\/script>\n<!-- \/ Yoast SEO plugin. -->","yoast_head_json":{"title":"QUE ES RENTADA - Los pol\u00edticos Veracruz","robots":{"index":"index","follow":"follow","max-snippet":"max-snippet:-1","max-image-preview":"max-image-preview:large","max-video-preview":"max-video-preview:-1"},"canonical":"https:\/\/lospoliticosveracruz.com\/?p=120263","og_locale":"es_ES","og_type":"article","og_title":"QUE ES RENTADA - Los pol\u00edticos Veracruz","og_description":"Oved Contreras Secas Mecas No hagas cosas malas que parezcan buenas ni buenas que parezcan malas, eso dice la conseja popular\u2026y a veces en aras de aclarar las cosas se enredan m\u00e1s\u2026la candidata de Morena a la gubernatura, Roc\u00edo Nahle se qued\u00f3 callada ante las versiones sobre una mega mansi\u00f3n que tiene en el exclusivo [&hellip;]","og_url":"https:\/\/lospoliticosveracruz.com\/?p=120263","og_site_name":"Los pol\u00edticos Veracruz","article_publisher":"https:\/\/www.facebook.com\/people\/Notimemes-de-los-Polticos\/61565672886568\/","article_published_time":"2024-03-15T14:05:22+00:00","article_modified_time":"2024-03-15T14:05:31+00:00","og_image":[{"width":1250,"height":667,"url":"https:\/\/lospoliticosveracruz.com\/wp-content\/uploads\/2024\/03\/Oved-Contreras.jpg","type":"image\/jpeg"}],"author":"Lo viste en Los Pol\u00edticos","twitter_card":"summary_large_image","twitter_creator":"@LosPoliticosVer","twitter_site":"@LosPoliticosVer","twitter_misc":{"Escrito por":"Lo viste en Los Pol\u00edticos","Tiempo de lectura":"5 minutos"},"schema":{"@context":"https:\/\/schema.org","@graph":[{"@type":"Article","@id":"https:\/\/lospoliticosveracruz.com\/?p=120263#article","isPartOf":{"@id":"https:\/\/lospoliticosveracruz.com\/?p=120263"},"author":{"name":"Lo viste en Los Pol\u00edticos","@id":"https:\/\/lospoliticosveracruz.com\/#\/schema\/person\/b8702bb0e538456e6efd07080bf2a4a2"},"headline":"QUE ES RENTADA","datePublished":"2024-03-15T14:05:22+00:00","dateModified":"2024-03-15T14:05:31+00:00","mainEntityOfPage":{"@id":"https:\/\/lospoliticosveracruz.com\/?p=120263"},"wordCount":1014,"publisher":{"@id":"https:\/\/lospoliticosveracruz.com\/#organization"},"image":{"@id":"https:\/\/lospoliticosveracruz.com\/?p=120263#primaryimage"},"thumbnailUrl":"https:\/\/lospoliticosveracruz.com\/wp-content\/uploads\/2024\/03\/Oved-Contreras.jpg","keywords":["Andr\u00e9s Manuel L\u00f3pez Obrador","Jos\u00e9 Ram\u00f3n","Oved Contreras","Roc\u00edo Nahle"],"articleSection":["De Opini\u00f3n"],"inLanguage":"es"},{"@type":"WebPage","@id":"https:\/\/lospoliticosveracruz.com\/?p=120263","url":"https:\/\/lospoliticosveracruz.com\/?p=120263","name":"QUE ES RENTADA - Los pol\u00edticos Veracruz","isPartOf":{"@id":"https:\/\/lospoliticosveracruz.com\/#website"},"primaryImageOfPage":{"@id":"https:\/\/lospoliticosveracruz.com\/?p=120263#primaryimage"},"image":{"@id":"https:\/\/lospoliticosveracruz.com\/?p=120263#primaryimage"},"thumbnailUrl":"https:\/\/lospoliticosveracruz.com\/wp-content\/uploads\/2024\/03\/Oved-Contreras.jpg","datePublished":"2024-03-15T14:05:22+00:00","dateModified":"2024-03-15T14:05:31+00:00","breadcrumb":{"@id":"https:\/\/lospoliticosveracruz.com\/?p=120263#breadcrumb"},"inLanguage":"es","potentialAction":[{"@type":"ReadAction","target":["https:\/\/lospoliticosveracruz.com\/?p=120263"]}]},{"@type":"ImageObject","inLanguage":"es","@id":"https:\/\/lospoliticosveracruz.com\/?p=120263#primaryimage","url":"https:\/\/lospoliticosveracruz.com\/wp-content\/uploads\/2024\/03\/Oved-Contreras.jpg","contentUrl":"https:\/\/lospoliticosveracruz.com\/wp-content\/uploads\/2024\/03\/Oved-Contreras.jpg","width":1250,"height":667},{"@type":"BreadcrumbList","@id":"https:\/\/lospoliticosveracruz.com\/?p=120263#breadcrumb","itemListElement":[{"@type":"ListItem","position":1,"name":"Portada","item":"https:\/\/lospoliticosveracruz.com\/"},{"@type":"ListItem","position":2,"name":"QUE ES RENTADA"}]},{"@type":"WebSite","@id":"https:\/\/lospoliticosveracruz.com\/#website","url":"https:\/\/lospoliticosveracruz.com\/","name":"Los pol\u00edticos Veracruz","description":"","publisher":{"@id":"https:\/\/lospoliticosveracruz.com\/#organization"},"potentialAction":[{"@type":"SearchAction","target":{"@type":"EntryPoint","urlTemplate":"https:\/\/lospoliticosveracruz.com\/?s={search_term_string}"},"query-input":{"@type":"PropertyValueSpecification","valueRequired":true,"valueName":"search_term_string"}}],"inLanguage":"es"},{"@type":"Organization","@id":"https:\/\/lospoliticosveracruz.com\/#organization","name":"Los pol\u00edticos Veracruz","url":"https:\/\/lospoliticosveracruz.com\/","logo":{"@type":"ImageObject","inLanguage":"es","@id":"https:\/\/lospoliticosveracruz.com\/#\/schema\/logo\/image\/","url":"https:\/\/lospoliticosveracruz.com\/wp-content\/uploads\/2025\/12\/Logo-Nuevo-LOS-POLITICOS-1.jpg","contentUrl":"https:\/\/lospoliticosveracruz.com\/wp-content\/uploads\/2025\/12\/Logo-Nuevo-LOS-POLITICOS-1.jpg","width":260,"height":70,"caption":"Los pol\u00edticos Veracruz"},"image":{"@id":"https:\/\/lospoliticosveracruz.com\/#\/schema\/logo\/image\/"},"sameAs":["https:\/\/www.facebook.com\/people\/Notimemes-de-los-Polticos\/61565672886568\/","https:\/\/x.com\/LosPoliticosVer"]},{"@type":"Person","@id":"https:\/\/lospoliticosveracruz.com\/#\/schema\/person\/b8702bb0e538456e6efd07080bf2a4a2","name":"Lo viste en Los Pol\u00edticos","image":{"@type":"ImageObject","inLanguage":"es","@id":"https:\/\/secure.gravatar.com\/avatar\/3a8de04a2656d44082be478bd6c086daa447c4651605818287b9532d3d0bd435?s=96&d=mm&r=g","url":"https:\/\/secure.gravatar.com\/avatar\/3a8de04a2656d44082be478bd6c086daa447c4651605818287b9532d3d0bd435?s=96&d=mm&r=g","contentUrl":"https:\/\/secure.gravatar.com\/avatar\/3a8de04a2656d44082be478bd6c086daa447c4651605818287b9532d3d0bd435?s=96&d=mm&r=g","caption":"Lo viste en Los Pol\u00edticos"},"url":"https:\/\/lospoliticosveracruz.com\/?author=2"}]}},"_links":{"self":[{"href":"https:\/\/lospoliticosveracruz.com\/index.php?rest_route=\/wp\/v2\/posts\/120263","targetHints":{"allow":["GET"]}}],"collection":[{"href":"https:\/\/lospoliticosveracruz.com\/index.php?rest_route=\/wp\/v2\/posts"}],"about":[{"href":"https:\/\/lospoliticosveracruz.com\/index.php?rest_route=\/wp\/v2\/types\/post"}],"author":[{"embeddable":true,"href":"https:\/\/lospoliticosveracruz.com\/index.php?rest_route=\/wp\/v2\/users\/2"}],"replies":[{"embeddable":true,"href":"https:\/\/lospoliticosveracruz.com\/index.php?rest_route=%2Fwp%2Fv2%2Fcomments&post=120263"}],"version-history":[{"count":1,"href":"https:\/\/lospoliticosveracruz.com\/index.php?rest_route=\/wp\/v2\/posts\/120263\/revisions"}],"predecessor-version":[{"id":120264,"href":"https:\/\/lospoliticosveracruz.com\/index.php?rest_route=\/wp\/v2\/posts\/120263\/revisions\/120264"}],"wp:featuredmedia":[{"embeddable":true,"href":"https:\/\/lospoliticosveracruz.com\/index.php?rest_route=\/wp\/v2\/media\/119816"}],"wp:attachment":[{"href":"https:\/\/lospoliticosveracruz.com\/index.php?rest_route=%2Fwp%2Fv2%2Fmedia&parent=120263"}],"wp:term":[{"taxonomy":"category","embeddable":true,"href":"https:\/\/lospoliticosveracruz.com\/index.php?rest_route=%2Fwp%2Fv2%2Fcategories&post=120263"},{"taxonomy":"post_tag","embeddable":true,"href":"https:\/\/lospoliticosveracruz.com\/index.php?rest_route=%2Fwp%2Fv2%2Ftags&post=120263"}],"curies":[{"name":"wp","href":"https:\/\/api.w.org\/{rel}","templated":true}]}}