{"id":120423,"date":"2024-03-18T07:34:31","date_gmt":"2024-03-18T13:34:31","guid":{"rendered":"https:\/\/lospoliticosveracruz.com.mx\/?p=120423"},"modified":"2024-03-18T07:34:40","modified_gmt":"2024-03-18T13:34:40","slug":"que-son-puras-mentiras","status":"publish","type":"post","link":"https:\/\/lospoliticosveracruz.com\/?p=120423","title":{"rendered":"QUE SON PURAS MENTIRAS!"},"content":{"rendered":"\n<p><strong>Oved Contreras<\/strong><\/p>\n\n\n\n<p><em>Secas Mecas<\/em> <\/p>\n\n\n\n<p>Como gato boca arriba s\u00e9 defendi\u00f3 el<br>Primer Damo Pepe Pe\u00f1a, marido de la t\u00eda Ch\u00edo, sobre los cuestionamientos de la supuesta propiedad de terrenos y casa en el fraccionamiento de lujo El Dorado en Boca del R\u00edo y dijo\u00a0 \u201c\u00bfC\u00f3mo voy a demostrar algo que no tengo?. Son puras mentiras lo que est\u00e1n diciendo\u201d.<\/p>\n\n\n\n<p>Apenas el pasado s\u00e1bado, el empresario veracruzano Arturo Castagn\u00e9 Couturier mostr\u00f3 informaci\u00f3n en sus redes sociales sobre una casa y la compra de un terreno con valor comercial de 8.5 millones de pesos ubicado en el fraccionamiento El Dorado, que estar\u00eda escriturado a nombre de Jos\u00e9 Luis Pe\u00f1a, esposo de Nahle. El empresario mostr\u00f3 fotograf\u00edas de una casa que dice , se puso a nombre de&nbsp; Maribel Hoyos, sobrina de la familia.<\/p>\n\n\n\n<p>Ayer domingo, Claudia Sheinbaum Pardo, candidata a la presidencia de la coalici\u00f3n \u201cSigamos Haciendo Historia\u201d (Morena, PT y PVEM), estuvo de gira en Minatitl\u00e1n y Coatzacoalcos en el sur de Veracruz, donde fue acompa\u00f1ada de la aspirante a la gubernatura de Veracruz, Roc\u00edo Nahle.<\/p>\n\n\n\n<p>En una espacio de la conferencia de prensa, el periodista Fidel P\u00e9rez se acerc\u00f3 a Pepe Pe\u00f1a para preguntarle por la propiedad de los terrenos y la casa en el lujoso fraccionamiento, a lo que el esposo de la t\u00eda Ch\u00edo apenas atin\u00f3 a responder: \u201cSon mentiras, ens\u00e9\u00f1ame la escritura p\u00fablica que eres un mentiroso\u201d.<\/p>\n\n\n\n<p>Pues dir\u00e1n misa sobre la honestidad y la transparencia pero no aparece en la declaraci\u00f3n patrimonial de do\u00f1a Nahle la mansi\u00f3n de la riviera, ni el lote para la pr\u00f3xima casita..lo \u00fanico que repiten es que va 30 puntos arriba en las encuestas y que van a ganar los comicios le duela a quien le duela.<\/p>\n\n\n\n<p>NO APARECE CH\u00cdO NAHLE\u2026Desde Coatzacoalcos, en la&nbsp;zona petrolera de Veracruz, la abanderada presidencial de la coalici\u00f3n Sigamos Haciendo Historia,&nbsp;Claudia Sheinbaum,&nbsp;calific\u00f3 como una ocurrencia la propuesta de su adversaria X\u00f3chitl G\u00e1lvez de&nbsp;cerrar dos refiner\u00edas y garantiz\u00f3 que durante su gobierno no habr\u00e1 despidos de trabajadores de Pemex.<\/p>\n\n\n\n<p>Sheinbaum, en conferencia de prensa, expres\u00f3 su confianza en la candidata a la gubernatura Roc\u00edo Nahle Garc\u00eda,&nbsp;describi\u00e9ndola como una pol\u00edtica capaz y honesta: \u201cNos va a ir muy bien con Roc\u00edo\u201d, dijo al destacar su habilidad para liderar proyectos &nbsp;significativos como la construcci\u00f3n de una refiner\u00eda y su papel como coordinadora parlamentaria de Morena.<\/p>\n\n\n\n<p>La candidata presidencial tambi\u00e9n ofreci\u00f3 potencializar la producci\u00f3n de fertilizantes y la petroqu\u00edmica en Coatzacoalcos y Minatitl\u00e1n respectivamente, as\u00ed como la atenci\u00f3n a las carreteras del norte y centro del Estado, como una de las quejas m\u00e1s sentidas de los veracruzanos durante sus visitas al estado.<\/p>\n\n\n\n<p>En su encuentro con medios de Coatzacoalcos, explic\u00f3 que la privatizaci\u00f3n de Fertimex fue una tragedia que despu\u00e9s fue abandonada y gener\u00f3 dejar en el olvido al campo mexicano: \u201cNo estamos de acuerdo en la privatizaci\u00f3n, pero si la privatizaci\u00f3n hubiera llevado por lo menos a potenciar una industria, hubiera tenido una justificaci\u00f3n, el caso de fertilizantes y petroqu\u00edmica es una tragedia porque se privatiz\u00f3 y despu\u00e9s se abandon\u00f3, lo que era FERTIMEX en M\u00e9xico que produc\u00eda todos los fertilizantes para nuestro pa\u00eds y el propio campo mexicano donde \u00e9ramos autosuficientes en muchos productos se abandon\u00f3 la producci\u00f3n de fertilizantes y con ello el campo mexicano\u201d\u2026la candidata morenista estuvo acompa\u00f1ada por los candidatos al Senado Claudia Tello y Manuel Huerta Ladr\u00f3n de Guevara\u2026Roc\u00edo Nahle no subi\u00f3 al templete y permaneci\u00f3 abajo entre los asistentes al mitin porque la ley le proh\u00edbe hacer proselitismo\u2026la t\u00eda Ch\u00edo puede hacer y participar en eventos de campa\u00f1a a partir del 31 de marzo como marca la ley\u2026para los que sudan calenturas ajenas y se dijeron extra\u00f1ados por su ausencia con Sheinbaum.<\/p>\n\n\n\n<p>INTIMIDAN A PONCIANO\u2026El alcalde de Cosoleacaque Ponciano V\u00e1zquez Parissi denunci\u00f3 que elementos de la polic\u00eda estatal llegaron a fotografiar su casa, y al cuestionarlos, uno de los polic\u00edas cort\u00f3 su arma larga para intimidarlo.<\/p>\n\n\n\n<p>El edil explic\u00f3 que este domingo por la noche, elementos de la polic\u00eda estatal, a bordo de la unidad 4006, se presentaron al fraccionamiento Los Encinos, donde vive, supuestamente atendiendo una denuncia ciudadana.<br>Al ver por las c\u00e1maras de seguridad la movilizaci\u00f3n policiaca, V\u00e1zquez Parissi busc\u00f3 conocer la raz\u00f3n por la que estaban tom\u00e1ndole fotos a su casa solamente y uno de los elementos, al cuestionarlo, le cort\u00f3 cartucho en un acto de intimidaci\u00f3n.<\/p>\n\n\n\n<p>La periodista \u00c1ngeles Gonzalez denunci\u00f3 en sus redes sociales que el pasado viernes, luego del registro de la t\u00eda Ch\u00edo Nahle ante el OPLE como candidata a la gubernatura, grab\u00f3 el convoy que acompa\u00f1a a la ex secretaria de Energ\u00eda y dos sujetos intentaron intimidarla preguntando qu\u00e9 de qu\u00e9 medio era, que ellos conoc\u00edan a la prensa \u00abjoven\u00bb y la siguieron por varias cuadras.<\/p>\n\n\n\n<p>Los dos sujetos trataron de impedir el trabajo de la periodista al colocarse delante de ella para impedir que grabara con su tel\u00e9fono el dispositivo de seguridad de Roc\u00edo Nahle\u2026est\u00e1 m\u00e1s que visto que no les gusta que los exhiban en su soberbia de sentirse casi due\u00f1os del estado\u2026as\u00ed son ahora en campa\u00f1a, imag\u00ednenlos ya en el poder.<\/p>\n","protected":false},"excerpt":{"rendered":"<p>Oved Contreras Secas Mecas Como gato boca arriba s\u00e9 defendi\u00f3 elPrimer Damo Pepe Pe\u00f1a, marido de la t\u00eda Ch\u00edo, sobre los cuestionamientos de la supuesta propiedad de terrenos y casa en el fraccionamiento de lujo El Dorado en Boca del R\u00edo y dijo\u00a0 \u201c\u00bfC\u00f3mo voy a demostrar algo que no tengo?. Son puras mentiras lo [&hellip;]<\/p>\n","protected":false},"author":2,"featured_media":119816,"comment_status":"closed","ping_status":"closed","sticky":false,"template":"","format":"standard","meta":{"tdm_status":"","tdm_grid_status":"","footnotes":""},"categories":[70],"tags":[9627,14435,40064,1026,3951,3578,195],"class_list":{"0":"post-120423","1":"post","2":"type-post","3":"status-publish","4":"format-standard","5":"has-post-thumbnail","7":"category-de-opinion","8":"tag-claudia-sheinbaum","9":"tag-el-dorado","10":"tag-jose-luis-pena-pena","11":"tag-morena","12":"tag-ponciano-vazquez-parissi","13":"tag-rocio-nahle","14":"tag-veracruz"},"yoast_head":"<!-- This site is optimized with the Yoast SEO plugin v27.4 - https:\/\/yoast.com\/product\/yoast-seo-wordpress\/ -->\n<title>QUE SON PURAS MENTIRAS! - Los pol\u00edticos Veracruz<\/title>\n<meta name=\"robots\" content=\"index, follow, max-snippet:-1, max-image-preview:large, max-video-preview:-1\" \/>\n<link rel=\"canonical\" href=\"https:\/\/lospoliticosveracruz.com\/?p=120423\" \/>\n<meta property=\"og:locale\" content=\"es_ES\" \/>\n<meta property=\"og:type\" content=\"article\" \/>\n<meta property=\"og:title\" content=\"QUE SON PURAS MENTIRAS! - Los pol\u00edticos Veracruz\" \/>\n<meta property=\"og:description\" content=\"Oved Contreras Secas Mecas Como gato boca arriba s\u00e9 defendi\u00f3 elPrimer Damo Pepe Pe\u00f1a, marido de la t\u00eda Ch\u00edo, sobre los cuestionamientos de la supuesta propiedad de terrenos y casa en el fraccionamiento de lujo El Dorado en Boca del R\u00edo y dijo\u00a0 \u201c\u00bfC\u00f3mo voy a demostrar algo que no tengo?. Son puras mentiras lo [&hellip;]\" \/>\n<meta property=\"og:url\" content=\"https:\/\/lospoliticosveracruz.com\/?p=120423\" \/>\n<meta property=\"og:site_name\" content=\"Los pol\u00edticos Veracruz\" \/>\n<meta property=\"article:publisher\" content=\"https:\/\/www.facebook.com\/people\/Notimemes-de-los-Polticos\/61565672886568\/\" \/>\n<meta property=\"article:published_time\" content=\"2024-03-18T13:34:31+00:00\" \/>\n<meta property=\"article:modified_time\" content=\"2024-03-18T13:34:40+00:00\" \/>\n<meta property=\"og:image\" content=\"https:\/\/lospoliticosveracruz.com\/wp-content\/uploads\/2024\/03\/Oved-Contreras.jpg\" \/>\n\t<meta property=\"og:image:width\" content=\"1250\" \/>\n\t<meta property=\"og:image:height\" content=\"667\" \/>\n\t<meta property=\"og:image:type\" content=\"image\/jpeg\" \/>\n<meta name=\"author\" content=\"Lo viste en Los Pol\u00edticos\" \/>\n<meta name=\"twitter:card\" content=\"summary_large_image\" \/>\n<meta name=\"twitter:creator\" content=\"@LosPoliticosVer\" \/>\n<meta name=\"twitter:site\" content=\"@LosPoliticosVer\" \/>\n<meta name=\"twitter:label1\" content=\"Escrito por\" \/>\n\t<meta name=\"twitter:data1\" content=\"Lo viste en Los Pol\u00edticos\" \/>\n\t<meta name=\"twitter:label2\" content=\"Tiempo de lectura\" \/>\n\t<meta name=\"twitter:data2\" content=\"5 minutos\" \/>\n<script type=\"application\/ld+json\" class=\"yoast-schema-graph\">{\"@context\":\"https:\\\/\\\/schema.org\",\"@graph\":[{\"@type\":\"Article\",\"@id\":\"https:\\\/\\\/lospoliticosveracruz.com\\\/?p=120423#article\",\"isPartOf\":{\"@id\":\"https:\\\/\\\/lospoliticosveracruz.com\\\/?p=120423\"},\"author\":{\"name\":\"Lo viste en Los Pol\u00edticos\",\"@id\":\"https:\\\/\\\/lospoliticosveracruz.com\\\/#\\\/schema\\\/person\\\/b8702bb0e538456e6efd07080bf2a4a2\"},\"headline\":\"QUE SON PURAS MENTIRAS!\",\"datePublished\":\"2024-03-18T13:34:31+00:00\",\"dateModified\":\"2024-03-18T13:34:40+00:00\",\"mainEntityOfPage\":{\"@id\":\"https:\\\/\\\/lospoliticosveracruz.com\\\/?p=120423\"},\"wordCount\":942,\"publisher\":{\"@id\":\"https:\\\/\\\/lospoliticosveracruz.com\\\/#organization\"},\"image\":{\"@id\":\"https:\\\/\\\/lospoliticosveracruz.com\\\/?p=120423#primaryimage\"},\"thumbnailUrl\":\"https:\\\/\\\/lospoliticosveracruz.com\\\/wp-content\\\/uploads\\\/2024\\\/03\\\/Oved-Contreras.jpg\",\"keywords\":[\"Claudia Sheinbaum\",\"El Dorado\",\"Jos\u00e9 Luis Pe\u00f1a Pe\u00f1a\",\"Morena\",\"Ponciano V\u00e1zquez Parissi\",\"Roc\u00edo Nahle\",\"Veracruz\"],\"articleSection\":[\"De Opini\u00f3n\"],\"inLanguage\":\"es\"},{\"@type\":\"WebPage\",\"@id\":\"https:\\\/\\\/lospoliticosveracruz.com\\\/?p=120423\",\"url\":\"https:\\\/\\\/lospoliticosveracruz.com\\\/?p=120423\",\"name\":\"QUE SON PURAS MENTIRAS! - Los pol\u00edticos Veracruz\",\"isPartOf\":{\"@id\":\"https:\\\/\\\/lospoliticosveracruz.com\\\/#website\"},\"primaryImageOfPage\":{\"@id\":\"https:\\\/\\\/lospoliticosveracruz.com\\\/?p=120423#primaryimage\"},\"image\":{\"@id\":\"https:\\\/\\\/lospoliticosveracruz.com\\\/?p=120423#primaryimage\"},\"thumbnailUrl\":\"https:\\\/\\\/lospoliticosveracruz.com\\\/wp-content\\\/uploads\\\/2024\\\/03\\\/Oved-Contreras.jpg\",\"datePublished\":\"2024-03-18T13:34:31+00:00\",\"dateModified\":\"2024-03-18T13:34:40+00:00\",\"breadcrumb\":{\"@id\":\"https:\\\/\\\/lospoliticosveracruz.com\\\/?p=120423#breadcrumb\"},\"inLanguage\":\"es\",\"potentialAction\":[{\"@type\":\"ReadAction\",\"target\":[\"https:\\\/\\\/lospoliticosveracruz.com\\\/?p=120423\"]}]},{\"@type\":\"ImageObject\",\"inLanguage\":\"es\",\"@id\":\"https:\\\/\\\/lospoliticosveracruz.com\\\/?p=120423#primaryimage\",\"url\":\"https:\\\/\\\/lospoliticosveracruz.com\\\/wp-content\\\/uploads\\\/2024\\\/03\\\/Oved-Contreras.jpg\",\"contentUrl\":\"https:\\\/\\\/lospoliticosveracruz.com\\\/wp-content\\\/uploads\\\/2024\\\/03\\\/Oved-Contreras.jpg\",\"width\":1250,\"height\":667},{\"@type\":\"BreadcrumbList\",\"@id\":\"https:\\\/\\\/lospoliticosveracruz.com\\\/?p=120423#breadcrumb\",\"itemListElement\":[{\"@type\":\"ListItem\",\"position\":1,\"name\":\"Portada\",\"item\":\"https:\\\/\\\/lospoliticosveracruz.com\\\/\"},{\"@type\":\"ListItem\",\"position\":2,\"name\":\"QUE SON PURAS MENTIRAS!\"}]},{\"@type\":\"WebSite\",\"@id\":\"https:\\\/\\\/lospoliticosveracruz.com\\\/#website\",\"url\":\"https:\\\/\\\/lospoliticosveracruz.com\\\/\",\"name\":\"Los pol\u00edticos Veracruz\",\"description\":\"\",\"publisher\":{\"@id\":\"https:\\\/\\\/lospoliticosveracruz.com\\\/#organization\"},\"potentialAction\":[{\"@type\":\"SearchAction\",\"target\":{\"@type\":\"EntryPoint\",\"urlTemplate\":\"https:\\\/\\\/lospoliticosveracruz.com\\\/?s={search_term_string}\"},\"query-input\":{\"@type\":\"PropertyValueSpecification\",\"valueRequired\":true,\"valueName\":\"search_term_string\"}}],\"inLanguage\":\"es\"},{\"@type\":\"Organization\",\"@id\":\"https:\\\/\\\/lospoliticosveracruz.com\\\/#organization\",\"name\":\"Los pol\u00edticos Veracruz\",\"url\":\"https:\\\/\\\/lospoliticosveracruz.com\\\/\",\"logo\":{\"@type\":\"ImageObject\",\"inLanguage\":\"es\",\"@id\":\"https:\\\/\\\/lospoliticosveracruz.com\\\/#\\\/schema\\\/logo\\\/image\\\/\",\"url\":\"https:\\\/\\\/lospoliticosveracruz.com\\\/wp-content\\\/uploads\\\/2025\\\/12\\\/Logo-Nuevo-LOS-POLITICOS-1.jpg\",\"contentUrl\":\"https:\\\/\\\/lospoliticosveracruz.com\\\/wp-content\\\/uploads\\\/2025\\\/12\\\/Logo-Nuevo-LOS-POLITICOS-1.jpg\",\"width\":260,\"height\":70,\"caption\":\"Los pol\u00edticos Veracruz\"},\"image\":{\"@id\":\"https:\\\/\\\/lospoliticosveracruz.com\\\/#\\\/schema\\\/logo\\\/image\\\/\"},\"sameAs\":[\"https:\\\/\\\/www.facebook.com\\\/people\\\/Notimemes-de-los-Polticos\\\/61565672886568\\\/\",\"https:\\\/\\\/x.com\\\/LosPoliticosVer\"]},{\"@type\":\"Person\",\"@id\":\"https:\\\/\\\/lospoliticosveracruz.com\\\/#\\\/schema\\\/person\\\/b8702bb0e538456e6efd07080bf2a4a2\",\"name\":\"Lo viste en Los Pol\u00edticos\",\"image\":{\"@type\":\"ImageObject\",\"inLanguage\":\"es\",\"@id\":\"https:\\\/\\\/secure.gravatar.com\\\/avatar\\\/3a8de04a2656d44082be478bd6c086daa447c4651605818287b9532d3d0bd435?s=96&d=mm&r=g\",\"url\":\"https:\\\/\\\/secure.gravatar.com\\\/avatar\\\/3a8de04a2656d44082be478bd6c086daa447c4651605818287b9532d3d0bd435?s=96&d=mm&r=g\",\"contentUrl\":\"https:\\\/\\\/secure.gravatar.com\\\/avatar\\\/3a8de04a2656d44082be478bd6c086daa447c4651605818287b9532d3d0bd435?s=96&d=mm&r=g\",\"caption\":\"Lo viste en Los Pol\u00edticos\"},\"url\":\"https:\\\/\\\/lospoliticosveracruz.com\\\/?author=2\"}]}<\/script>\n<!-- \/ Yoast SEO plugin. -->","yoast_head_json":{"title":"QUE SON PURAS MENTIRAS! - Los pol\u00edticos Veracruz","robots":{"index":"index","follow":"follow","max-snippet":"max-snippet:-1","max-image-preview":"max-image-preview:large","max-video-preview":"max-video-preview:-1"},"canonical":"https:\/\/lospoliticosveracruz.com\/?p=120423","og_locale":"es_ES","og_type":"article","og_title":"QUE SON PURAS MENTIRAS! - Los pol\u00edticos Veracruz","og_description":"Oved Contreras Secas Mecas Como gato boca arriba s\u00e9 defendi\u00f3 elPrimer Damo Pepe Pe\u00f1a, marido de la t\u00eda Ch\u00edo, sobre los cuestionamientos de la supuesta propiedad de terrenos y casa en el fraccionamiento de lujo El Dorado en Boca del R\u00edo y dijo\u00a0 \u201c\u00bfC\u00f3mo voy a demostrar algo que no tengo?. Son puras mentiras lo [&hellip;]","og_url":"https:\/\/lospoliticosveracruz.com\/?p=120423","og_site_name":"Los pol\u00edticos Veracruz","article_publisher":"https:\/\/www.facebook.com\/people\/Notimemes-de-los-Polticos\/61565672886568\/","article_published_time":"2024-03-18T13:34:31+00:00","article_modified_time":"2024-03-18T13:34:40+00:00","og_image":[{"width":1250,"height":667,"url":"https:\/\/lospoliticosveracruz.com\/wp-content\/uploads\/2024\/03\/Oved-Contreras.jpg","type":"image\/jpeg"}],"author":"Lo viste en Los Pol\u00edticos","twitter_card":"summary_large_image","twitter_creator":"@LosPoliticosVer","twitter_site":"@LosPoliticosVer","twitter_misc":{"Escrito por":"Lo viste en Los Pol\u00edticos","Tiempo de lectura":"5 minutos"},"schema":{"@context":"https:\/\/schema.org","@graph":[{"@type":"Article","@id":"https:\/\/lospoliticosveracruz.com\/?p=120423#article","isPartOf":{"@id":"https:\/\/lospoliticosveracruz.com\/?p=120423"},"author":{"name":"Lo viste en Los Pol\u00edticos","@id":"https:\/\/lospoliticosveracruz.com\/#\/schema\/person\/b8702bb0e538456e6efd07080bf2a4a2"},"headline":"QUE SON PURAS MENTIRAS!","datePublished":"2024-03-18T13:34:31+00:00","dateModified":"2024-03-18T13:34:40+00:00","mainEntityOfPage":{"@id":"https:\/\/lospoliticosveracruz.com\/?p=120423"},"wordCount":942,"publisher":{"@id":"https:\/\/lospoliticosveracruz.com\/#organization"},"image":{"@id":"https:\/\/lospoliticosveracruz.com\/?p=120423#primaryimage"},"thumbnailUrl":"https:\/\/lospoliticosveracruz.com\/wp-content\/uploads\/2024\/03\/Oved-Contreras.jpg","keywords":["Claudia Sheinbaum","El Dorado","Jos\u00e9 Luis Pe\u00f1a Pe\u00f1a","Morena","Ponciano V\u00e1zquez Parissi","Roc\u00edo Nahle","Veracruz"],"articleSection":["De Opini\u00f3n"],"inLanguage":"es"},{"@type":"WebPage","@id":"https:\/\/lospoliticosveracruz.com\/?p=120423","url":"https:\/\/lospoliticosveracruz.com\/?p=120423","name":"QUE SON PURAS MENTIRAS! - Los pol\u00edticos Veracruz","isPartOf":{"@id":"https:\/\/lospoliticosveracruz.com\/#website"},"primaryImageOfPage":{"@id":"https:\/\/lospoliticosveracruz.com\/?p=120423#primaryimage"},"image":{"@id":"https:\/\/lospoliticosveracruz.com\/?p=120423#primaryimage"},"thumbnailUrl":"https:\/\/lospoliticosveracruz.com\/wp-content\/uploads\/2024\/03\/Oved-Contreras.jpg","datePublished":"2024-03-18T13:34:31+00:00","dateModified":"2024-03-18T13:34:40+00:00","breadcrumb":{"@id":"https:\/\/lospoliticosveracruz.com\/?p=120423#breadcrumb"},"inLanguage":"es","potentialAction":[{"@type":"ReadAction","target":["https:\/\/lospoliticosveracruz.com\/?p=120423"]}]},{"@type":"ImageObject","inLanguage":"es","@id":"https:\/\/lospoliticosveracruz.com\/?p=120423#primaryimage","url":"https:\/\/lospoliticosveracruz.com\/wp-content\/uploads\/2024\/03\/Oved-Contreras.jpg","contentUrl":"https:\/\/lospoliticosveracruz.com\/wp-content\/uploads\/2024\/03\/Oved-Contreras.jpg","width":1250,"height":667},{"@type":"BreadcrumbList","@id":"https:\/\/lospoliticosveracruz.com\/?p=120423#breadcrumb","itemListElement":[{"@type":"ListItem","position":1,"name":"Portada","item":"https:\/\/lospoliticosveracruz.com\/"},{"@type":"ListItem","position":2,"name":"QUE SON PURAS MENTIRAS!"}]},{"@type":"WebSite","@id":"https:\/\/lospoliticosveracruz.com\/#website","url":"https:\/\/lospoliticosveracruz.com\/","name":"Los pol\u00edticos Veracruz","description":"","publisher":{"@id":"https:\/\/lospoliticosveracruz.com\/#organization"},"potentialAction":[{"@type":"SearchAction","target":{"@type":"EntryPoint","urlTemplate":"https:\/\/lospoliticosveracruz.com\/?s={search_term_string}"},"query-input":{"@type":"PropertyValueSpecification","valueRequired":true,"valueName":"search_term_string"}}],"inLanguage":"es"},{"@type":"Organization","@id":"https:\/\/lospoliticosveracruz.com\/#organization","name":"Los pol\u00edticos Veracruz","url":"https:\/\/lospoliticosveracruz.com\/","logo":{"@type":"ImageObject","inLanguage":"es","@id":"https:\/\/lospoliticosveracruz.com\/#\/schema\/logo\/image\/","url":"https:\/\/lospoliticosveracruz.com\/wp-content\/uploads\/2025\/12\/Logo-Nuevo-LOS-POLITICOS-1.jpg","contentUrl":"https:\/\/lospoliticosveracruz.com\/wp-content\/uploads\/2025\/12\/Logo-Nuevo-LOS-POLITICOS-1.jpg","width":260,"height":70,"caption":"Los pol\u00edticos Veracruz"},"image":{"@id":"https:\/\/lospoliticosveracruz.com\/#\/schema\/logo\/image\/"},"sameAs":["https:\/\/www.facebook.com\/people\/Notimemes-de-los-Polticos\/61565672886568\/","https:\/\/x.com\/LosPoliticosVer"]},{"@type":"Person","@id":"https:\/\/lospoliticosveracruz.com\/#\/schema\/person\/b8702bb0e538456e6efd07080bf2a4a2","name":"Lo viste en Los Pol\u00edticos","image":{"@type":"ImageObject","inLanguage":"es","@id":"https:\/\/secure.gravatar.com\/avatar\/3a8de04a2656d44082be478bd6c086daa447c4651605818287b9532d3d0bd435?s=96&d=mm&r=g","url":"https:\/\/secure.gravatar.com\/avatar\/3a8de04a2656d44082be478bd6c086daa447c4651605818287b9532d3d0bd435?s=96&d=mm&r=g","contentUrl":"https:\/\/secure.gravatar.com\/avatar\/3a8de04a2656d44082be478bd6c086daa447c4651605818287b9532d3d0bd435?s=96&d=mm&r=g","caption":"Lo viste en Los Pol\u00edticos"},"url":"https:\/\/lospoliticosveracruz.com\/?author=2"}]}},"_links":{"self":[{"href":"https:\/\/lospoliticosveracruz.com\/index.php?rest_route=\/wp\/v2\/posts\/120423","targetHints":{"allow":["GET"]}}],"collection":[{"href":"https:\/\/lospoliticosveracruz.com\/index.php?rest_route=\/wp\/v2\/posts"}],"about":[{"href":"https:\/\/lospoliticosveracruz.com\/index.php?rest_route=\/wp\/v2\/types\/post"}],"author":[{"embeddable":true,"href":"https:\/\/lospoliticosveracruz.com\/index.php?rest_route=\/wp\/v2\/users\/2"}],"replies":[{"embeddable":true,"href":"https:\/\/lospoliticosveracruz.com\/index.php?rest_route=%2Fwp%2Fv2%2Fcomments&post=120423"}],"version-history":[{"count":1,"href":"https:\/\/lospoliticosveracruz.com\/index.php?rest_route=\/wp\/v2\/posts\/120423\/revisions"}],"predecessor-version":[{"id":120424,"href":"https:\/\/lospoliticosveracruz.com\/index.php?rest_route=\/wp\/v2\/posts\/120423\/revisions\/120424"}],"wp:featuredmedia":[{"embeddable":true,"href":"https:\/\/lospoliticosveracruz.com\/index.php?rest_route=\/wp\/v2\/media\/119816"}],"wp:attachment":[{"href":"https:\/\/lospoliticosveracruz.com\/index.php?rest_route=%2Fwp%2Fv2%2Fmedia&parent=120423"}],"wp:term":[{"taxonomy":"category","embeddable":true,"href":"https:\/\/lospoliticosveracruz.com\/index.php?rest_route=%2Fwp%2Fv2%2Fcategories&post=120423"},{"taxonomy":"post_tag","embeddable":true,"href":"https:\/\/lospoliticosveracruz.com\/index.php?rest_route=%2Fwp%2Fv2%2Ftags&post=120423"}],"curies":[{"name":"wp","href":"https:\/\/api.w.org\/{rel}","templated":true}]}}