{"id":120442,"date":"2024-03-18T10:17:51","date_gmt":"2024-03-18T16:17:51","guid":{"rendered":"https:\/\/lospoliticosveracruz.com.mx\/?p=120442"},"modified":"2024-03-18T10:17:55","modified_gmt":"2024-03-18T16:17:55","slug":"la-soberbia-politica","status":"publish","type":"post","link":"https:\/\/lospoliticosveracruz.com\/?p=120442","title":{"rendered":"LA SOBERBIA POLITICA"},"content":{"rendered":"\n<p><\/p>\n\n\n\n<p><strong>Miguel Valera<\/strong><\/p>\n\n\n\n<p><em>Contrase\u00f1as<\/em><\/p>\n\n\n\n<p>En la vida p\u00fablica en general nos sobra orgullo y nos falta virtud. Los griegos lo definieron bien con las palabras \u201chybris\u201d y \u201caret\u00e9\u201d. S\u00ed. Los ciudadanos debemos estar atentos para descubrir qui\u00e9n tiene una y qui\u00e9n la otra. Los seres humanos, imperfectos como somos, cargamos una y otra, pero ante lo p\u00fablico se requiere virtud, mesura, humildad, tal es la naturaleza del servicio que se busca prestar a la sociedad. Esto nos puede dar luz para decidir a qui\u00e9n le damos el respaldo en las urnas y a qui\u00e9n se lo negaremos.<\/p>\n\n\n<div class=\"wp-block-image\">\n<figure class=\"alignleft size-medium\"><a href=\"https:\/\/lospoliticosveracruz.com.mx\/wp-content\/uploads\/2021\/10\/WhatsApp-Image-2021-10-02-at-15.20.25.jpeg\"><img loading=\"lazy\" decoding=\"async\" width=\"212\" height=\"300\" src=\"https:\/\/lospoliticosveracruz.com.mx\/wp-content\/uploads\/2021\/10\/WhatsApp-Image-2021-10-02-at-15.20.25-212x300.jpeg\" alt=\"\" class=\"wp-image-80177\" srcset=\"https:\/\/lospoliticosveracruz.com\/wp-content\/uploads\/2021\/10\/WhatsApp-Image-2021-10-02-at-15.20.25-212x300.jpeg 212w, https:\/\/lospoliticosveracruz.com\/wp-content\/uploads\/2021\/10\/WhatsApp-Image-2021-10-02-at-15.20.25-724x1024.jpeg 724w, https:\/\/lospoliticosveracruz.com\/wp-content\/uploads\/2021\/10\/WhatsApp-Image-2021-10-02-at-15.20.25-768x1086.jpeg 768w, https:\/\/lospoliticosveracruz.com\/wp-content\/uploads\/2021\/10\/WhatsApp-Image-2021-10-02-at-15.20.25.jpeg 905w\" sizes=\"auto, (max-width: 212px) 100vw, 212px\" \/><\/a><\/figure>\n<\/div>\n\n\n<p>Claro, tambi\u00e9n en estos d\u00edas de ficci\u00f3n pol\u00edtica, se estila la simulaci\u00f3n, la sonrisa fresca, el abrazo cordial, el saludo de manos por aqu\u00ed y por all\u00e1. Muchos de los hombres y mujeres que recorren las calles de nuestros pueblos y ciudades, una vez pasada la elecci\u00f3n, jam\u00e1s se volver\u00e1n a parar por ning\u00fan lado ni a sentarse en ninguna mesa de los \u201cdescamisados\u201d. Todos lo sabemos e incluso lo hemos normalizado.<\/p>\n\n\n\n<p>La soberbia pol\u00edtica \u2014la hybris\u2014 que no es otra cosa que la desmesura, lo que sobrepasa la justa medida, el orgullo, el sentirse superior, el \u201cser\u00e9is como dioses\u201d b\u00edblico, hace pensar a hombres y mujeres de todos los colores y sabores que ya tienen el poder en las manos, que ya son due\u00f1os absolutos del destino de un distrito, de una demarcaci\u00f3n, de un estado, etc\u00e9tera. \u00a1Aguas! La \u201chybris\u201d, leo en mi diccionario de cabecera, \u201ces algo que genera desequilibrio y sobre todo que atrae la c\u00f3lera de los dioses, siempre prestos a propiciar la ruina del que la muestra\u201d.<\/p>\n\n\n\n<p>La hybris, me dijo alguna vez un viejo maestro, te obnubila la mente, te crea una realidad alterna, lejos del piso; en ese estado mental puedes tomar decisiones err\u00f3neas, porque perdiste la perspectiva de la realidad. Plat\u00f3n lo escribi\u00f3 bien en el \u201cFedro\u201d, es un deseo que \u201carrastr\u00e1ndonos irrazonablemente a los placeres, nos gobierna\u201d y Arist\u00f3teles lo consign\u00f3 as\u00ed en su \u201cRet\u00f3rica\u201d: \u201ces un acto que busca mostrar nuestra superioridad sobre los dem\u00e1s\u201d.<\/p>\n\n\n\n<p>Menos orgullo y m\u00e1s virtudes. Esa puede ser una clave para que como ciudadanos, como electores, tomemos una decisi\u00f3n clara en el pr\u00f3ximo proceso comicial.<\/p>\n\n\n\n<p><strong>QUEJAS CONTRA GOBIERNO DE BANDERILLA<\/strong><\/p>\n\n\n\n<p>Un lector nos pide hacer eco de una queja ciudadana en contra de la actuaci\u00f3n del gobierno municipal de Banderilla que preside David Sangabriel Bonilla.<\/p>\n\n\n\n<p>\u201cVecinos en Banderilla se encuentran asustados y con temor a que su gran esfuerzo de hace ya varios a\u00f1os por mantener a salvo un escurrimiento\/nacimiento de agua que abastece a algunas cuantas familias, desaparezca o pase a manos del gobierno municipal\u201d indican.<\/p>\n\n\n\n<p>\u201cEsto es debido a que, el gobierno municipal de Banderilla se encuentra realizando una obra que nunca fue divulgada o cuestionada a nadie, en la que se ve directamente involucrado este espacio, mostrando desinter\u00e9s al atender solicitudes realizadas de hace a\u00f1os por parte de vecinos y comit\u00e9, como tambi\u00e9n, afectando por su puesto a el mantenimiento, redes y abasto de este vital l\u00edquido para qui\u00e9nes s\u00ed han hecho un esfuerzo por sostenerlo y que abastecer a un grupo de personas que sin dudarlo, no surtir\u00e1 el fluido del l\u00edquido para mantener la escasez en todo el municipio o parte de este\u201d.<\/p>\n\n\n\n<p>\u201cHacemos un llamado a las autoridades correspondientes para poder atender lo m\u00e1s pronto posible esta situaci\u00f3n que nos tiene en inc\u00f3gnita. Vecinos, comit\u00e9 y voluntarios se encuentran haciendo guardias en la calle Francisco Barrientos esquina Eduardo L\u00f3pez Barrios desde hace ya varios d\u00edas, esperando al menos pueda presentarse o haber respuesta por parte del municipio, pero hasta ahorita el apoyo sigue nulo\u201d, indican<\/p>\n\n\n\n<p>PEPE YUNES SE REGISTRA EL S\u00c1BADO<\/p>\n\n\n\n<p>El s\u00e1bado 23 de marzo, a las 10:00 horas, ser\u00e1 el registro de Jos\u00e9 Francisco Yunes Zorrilla \u2014Pepe Yunes\u2014 como candidato de la coalici\u00f3n \u201cFuerza y Coraz\u00f3n por Veracruz\u201d, al Gobierno del Estado de Veracruz.<\/p>\n\n\n\n<p>@MValeraH<\/p>\n","protected":false},"excerpt":{"rendered":"<p>Miguel Valera Contrase\u00f1as En la vida p\u00fablica en general nos sobra orgullo y nos falta virtud. Los griegos lo definieron bien con las palabras \u201chybris\u201d y \u201caret\u00e9\u201d. S\u00ed. Los ciudadanos debemos estar atentos para descubrir qui\u00e9n tiene una y qui\u00e9n la otra. Los seres humanos, imperfectos como somos, cargamos una y otra, pero ante lo [&hellip;]<\/p>\n","protected":false},"author":2,"featured_media":119815,"comment_status":"closed","ping_status":"closed","sticky":false,"template":"","format":"standard","meta":{"tdm_status":"","tdm_grid_status":"","footnotes":""},"categories":[70],"tags":[],"class_list":{"0":"post-120442","1":"post","2":"type-post","3":"status-publish","4":"format-standard","5":"has-post-thumbnail","7":"category-de-opinion"},"yoast_head":"<!-- This site is optimized with the Yoast SEO plugin v27.4 - https:\/\/yoast.com\/product\/yoast-seo-wordpress\/ -->\n<title>LA SOBERBIA POLITICA - Los pol\u00edticos Veracruz<\/title>\n<meta name=\"robots\" content=\"index, follow, max-snippet:-1, max-image-preview:large, max-video-preview:-1\" \/>\n<link rel=\"canonical\" href=\"https:\/\/lospoliticosveracruz.com\/?p=120442\" \/>\n<meta property=\"og:locale\" content=\"es_ES\" \/>\n<meta property=\"og:type\" content=\"article\" \/>\n<meta property=\"og:title\" content=\"LA SOBERBIA POLITICA - Los pol\u00edticos Veracruz\" \/>\n<meta property=\"og:description\" content=\"Miguel Valera Contrase\u00f1as En la vida p\u00fablica en general nos sobra orgullo y nos falta virtud. Los griegos lo definieron bien con las palabras \u201chybris\u201d y \u201caret\u00e9\u201d. S\u00ed. Los ciudadanos debemos estar atentos para descubrir qui\u00e9n tiene una y qui\u00e9n la otra. Los seres humanos, imperfectos como somos, cargamos una y otra, pero ante lo [&hellip;]\" \/>\n<meta property=\"og:url\" content=\"https:\/\/lospoliticosveracruz.com\/?p=120442\" \/>\n<meta property=\"og:site_name\" content=\"Los pol\u00edticos Veracruz\" \/>\n<meta property=\"article:publisher\" content=\"https:\/\/www.facebook.com\/people\/Notimemes-de-los-Polticos\/61565672886568\/\" \/>\n<meta property=\"article:published_time\" content=\"2024-03-18T16:17:51+00:00\" \/>\n<meta property=\"article:modified_time\" content=\"2024-03-18T16:17:55+00:00\" \/>\n<meta property=\"og:image\" content=\"https:\/\/lospoliticosveracruz.com\/wp-content\/uploads\/2024\/03\/Miguel-Valera.jpg\" \/>\n\t<meta property=\"og:image:width\" content=\"1250\" \/>\n\t<meta property=\"og:image:height\" content=\"667\" \/>\n\t<meta property=\"og:image:type\" content=\"image\/jpeg\" \/>\n<meta name=\"author\" content=\"Lo viste en Los Pol\u00edticos\" \/>\n<meta name=\"twitter:card\" content=\"summary_large_image\" \/>\n<meta name=\"twitter:creator\" content=\"@LosPoliticosVer\" \/>\n<meta name=\"twitter:site\" content=\"@LosPoliticosVer\" \/>\n<meta name=\"twitter:label1\" content=\"Escrito por\" \/>\n\t<meta name=\"twitter:data1\" content=\"Lo viste en Los Pol\u00edticos\" \/>\n\t<meta name=\"twitter:label2\" content=\"Tiempo de lectura\" \/>\n\t<meta name=\"twitter:data2\" content=\"3 minutos\" \/>\n<script type=\"application\/ld+json\" class=\"yoast-schema-graph\">{\"@context\":\"https:\\\/\\\/schema.org\",\"@graph\":[{\"@type\":\"Article\",\"@id\":\"https:\\\/\\\/lospoliticosveracruz.com\\\/?p=120442#article\",\"isPartOf\":{\"@id\":\"https:\\\/\\\/lospoliticosveracruz.com\\\/?p=120442\"},\"author\":{\"name\":\"Lo viste en Los Pol\u00edticos\",\"@id\":\"https:\\\/\\\/lospoliticosveracruz.com\\\/#\\\/schema\\\/person\\\/b8702bb0e538456e6efd07080bf2a4a2\"},\"headline\":\"LA SOBERBIA POLITICA\",\"datePublished\":\"2024-03-18T16:17:51+00:00\",\"dateModified\":\"2024-03-18T16:17:55+00:00\",\"mainEntityOfPage\":{\"@id\":\"https:\\\/\\\/lospoliticosveracruz.com\\\/?p=120442\"},\"wordCount\":695,\"publisher\":{\"@id\":\"https:\\\/\\\/lospoliticosveracruz.com\\\/#organization\"},\"image\":{\"@id\":\"https:\\\/\\\/lospoliticosveracruz.com\\\/?p=120442#primaryimage\"},\"thumbnailUrl\":\"https:\\\/\\\/lospoliticosveracruz.com\\\/wp-content\\\/uploads\\\/2024\\\/03\\\/Miguel-Valera.jpg\",\"articleSection\":[\"De Opini\u00f3n\"],\"inLanguage\":\"es\"},{\"@type\":\"WebPage\",\"@id\":\"https:\\\/\\\/lospoliticosveracruz.com\\\/?p=120442\",\"url\":\"https:\\\/\\\/lospoliticosveracruz.com\\\/?p=120442\",\"name\":\"LA SOBERBIA POLITICA - Los pol\u00edticos Veracruz\",\"isPartOf\":{\"@id\":\"https:\\\/\\\/lospoliticosveracruz.com\\\/#website\"},\"primaryImageOfPage\":{\"@id\":\"https:\\\/\\\/lospoliticosveracruz.com\\\/?p=120442#primaryimage\"},\"image\":{\"@id\":\"https:\\\/\\\/lospoliticosveracruz.com\\\/?p=120442#primaryimage\"},\"thumbnailUrl\":\"https:\\\/\\\/lospoliticosveracruz.com\\\/wp-content\\\/uploads\\\/2024\\\/03\\\/Miguel-Valera.jpg\",\"datePublished\":\"2024-03-18T16:17:51+00:00\",\"dateModified\":\"2024-03-18T16:17:55+00:00\",\"breadcrumb\":{\"@id\":\"https:\\\/\\\/lospoliticosveracruz.com\\\/?p=120442#breadcrumb\"},\"inLanguage\":\"es\",\"potentialAction\":[{\"@type\":\"ReadAction\",\"target\":[\"https:\\\/\\\/lospoliticosveracruz.com\\\/?p=120442\"]}]},{\"@type\":\"ImageObject\",\"inLanguage\":\"es\",\"@id\":\"https:\\\/\\\/lospoliticosveracruz.com\\\/?p=120442#primaryimage\",\"url\":\"https:\\\/\\\/lospoliticosveracruz.com\\\/wp-content\\\/uploads\\\/2024\\\/03\\\/Miguel-Valera.jpg\",\"contentUrl\":\"https:\\\/\\\/lospoliticosveracruz.com\\\/wp-content\\\/uploads\\\/2024\\\/03\\\/Miguel-Valera.jpg\",\"width\":1250,\"height\":667},{\"@type\":\"BreadcrumbList\",\"@id\":\"https:\\\/\\\/lospoliticosveracruz.com\\\/?p=120442#breadcrumb\",\"itemListElement\":[{\"@type\":\"ListItem\",\"position\":1,\"name\":\"Portada\",\"item\":\"https:\\\/\\\/lospoliticosveracruz.com\\\/\"},{\"@type\":\"ListItem\",\"position\":2,\"name\":\"LA SOBERBIA POLITICA\"}]},{\"@type\":\"WebSite\",\"@id\":\"https:\\\/\\\/lospoliticosveracruz.com\\\/#website\",\"url\":\"https:\\\/\\\/lospoliticosveracruz.com\\\/\",\"name\":\"Los pol\u00edticos Veracruz\",\"description\":\"\",\"publisher\":{\"@id\":\"https:\\\/\\\/lospoliticosveracruz.com\\\/#organization\"},\"potentialAction\":[{\"@type\":\"SearchAction\",\"target\":{\"@type\":\"EntryPoint\",\"urlTemplate\":\"https:\\\/\\\/lospoliticosveracruz.com\\\/?s={search_term_string}\"},\"query-input\":{\"@type\":\"PropertyValueSpecification\",\"valueRequired\":true,\"valueName\":\"search_term_string\"}}],\"inLanguage\":\"es\"},{\"@type\":\"Organization\",\"@id\":\"https:\\\/\\\/lospoliticosveracruz.com\\\/#organization\",\"name\":\"Los pol\u00edticos Veracruz\",\"url\":\"https:\\\/\\\/lospoliticosveracruz.com\\\/\",\"logo\":{\"@type\":\"ImageObject\",\"inLanguage\":\"es\",\"@id\":\"https:\\\/\\\/lospoliticosveracruz.com\\\/#\\\/schema\\\/logo\\\/image\\\/\",\"url\":\"https:\\\/\\\/lospoliticosveracruz.com\\\/wp-content\\\/uploads\\\/2025\\\/12\\\/Logo-Nuevo-LOS-POLITICOS-1.jpg\",\"contentUrl\":\"https:\\\/\\\/lospoliticosveracruz.com\\\/wp-content\\\/uploads\\\/2025\\\/12\\\/Logo-Nuevo-LOS-POLITICOS-1.jpg\",\"width\":260,\"height\":70,\"caption\":\"Los pol\u00edticos Veracruz\"},\"image\":{\"@id\":\"https:\\\/\\\/lospoliticosveracruz.com\\\/#\\\/schema\\\/logo\\\/image\\\/\"},\"sameAs\":[\"https:\\\/\\\/www.facebook.com\\\/people\\\/Notimemes-de-los-Polticos\\\/61565672886568\\\/\",\"https:\\\/\\\/x.com\\\/LosPoliticosVer\"]},{\"@type\":\"Person\",\"@id\":\"https:\\\/\\\/lospoliticosveracruz.com\\\/#\\\/schema\\\/person\\\/b8702bb0e538456e6efd07080bf2a4a2\",\"name\":\"Lo viste en Los Pol\u00edticos\",\"image\":{\"@type\":\"ImageObject\",\"inLanguage\":\"es\",\"@id\":\"https:\\\/\\\/secure.gravatar.com\\\/avatar\\\/3a8de04a2656d44082be478bd6c086daa447c4651605818287b9532d3d0bd435?s=96&d=mm&r=g\",\"url\":\"https:\\\/\\\/secure.gravatar.com\\\/avatar\\\/3a8de04a2656d44082be478bd6c086daa447c4651605818287b9532d3d0bd435?s=96&d=mm&r=g\",\"contentUrl\":\"https:\\\/\\\/secure.gravatar.com\\\/avatar\\\/3a8de04a2656d44082be478bd6c086daa447c4651605818287b9532d3d0bd435?s=96&d=mm&r=g\",\"caption\":\"Lo viste en Los Pol\u00edticos\"},\"url\":\"https:\\\/\\\/lospoliticosveracruz.com\\\/?author=2\"}]}<\/script>\n<!-- \/ Yoast SEO plugin. -->","yoast_head_json":{"title":"LA SOBERBIA POLITICA - Los pol\u00edticos Veracruz","robots":{"index":"index","follow":"follow","max-snippet":"max-snippet:-1","max-image-preview":"max-image-preview:large","max-video-preview":"max-video-preview:-1"},"canonical":"https:\/\/lospoliticosveracruz.com\/?p=120442","og_locale":"es_ES","og_type":"article","og_title":"LA SOBERBIA POLITICA - Los pol\u00edticos Veracruz","og_description":"Miguel Valera Contrase\u00f1as En la vida p\u00fablica en general nos sobra orgullo y nos falta virtud. Los griegos lo definieron bien con las palabras \u201chybris\u201d y \u201caret\u00e9\u201d. S\u00ed. Los ciudadanos debemos estar atentos para descubrir qui\u00e9n tiene una y qui\u00e9n la otra. Los seres humanos, imperfectos como somos, cargamos una y otra, pero ante lo [&hellip;]","og_url":"https:\/\/lospoliticosveracruz.com\/?p=120442","og_site_name":"Los pol\u00edticos Veracruz","article_publisher":"https:\/\/www.facebook.com\/people\/Notimemes-de-los-Polticos\/61565672886568\/","article_published_time":"2024-03-18T16:17:51+00:00","article_modified_time":"2024-03-18T16:17:55+00:00","og_image":[{"width":1250,"height":667,"url":"https:\/\/lospoliticosveracruz.com\/wp-content\/uploads\/2024\/03\/Miguel-Valera.jpg","type":"image\/jpeg"}],"author":"Lo viste en Los Pol\u00edticos","twitter_card":"summary_large_image","twitter_creator":"@LosPoliticosVer","twitter_site":"@LosPoliticosVer","twitter_misc":{"Escrito por":"Lo viste en Los Pol\u00edticos","Tiempo de lectura":"3 minutos"},"schema":{"@context":"https:\/\/schema.org","@graph":[{"@type":"Article","@id":"https:\/\/lospoliticosveracruz.com\/?p=120442#article","isPartOf":{"@id":"https:\/\/lospoliticosveracruz.com\/?p=120442"},"author":{"name":"Lo viste en Los Pol\u00edticos","@id":"https:\/\/lospoliticosveracruz.com\/#\/schema\/person\/b8702bb0e538456e6efd07080bf2a4a2"},"headline":"LA SOBERBIA POLITICA","datePublished":"2024-03-18T16:17:51+00:00","dateModified":"2024-03-18T16:17:55+00:00","mainEntityOfPage":{"@id":"https:\/\/lospoliticosveracruz.com\/?p=120442"},"wordCount":695,"publisher":{"@id":"https:\/\/lospoliticosveracruz.com\/#organization"},"image":{"@id":"https:\/\/lospoliticosveracruz.com\/?p=120442#primaryimage"},"thumbnailUrl":"https:\/\/lospoliticosveracruz.com\/wp-content\/uploads\/2024\/03\/Miguel-Valera.jpg","articleSection":["De Opini\u00f3n"],"inLanguage":"es"},{"@type":"WebPage","@id":"https:\/\/lospoliticosveracruz.com\/?p=120442","url":"https:\/\/lospoliticosveracruz.com\/?p=120442","name":"LA SOBERBIA POLITICA - Los pol\u00edticos Veracruz","isPartOf":{"@id":"https:\/\/lospoliticosveracruz.com\/#website"},"primaryImageOfPage":{"@id":"https:\/\/lospoliticosveracruz.com\/?p=120442#primaryimage"},"image":{"@id":"https:\/\/lospoliticosveracruz.com\/?p=120442#primaryimage"},"thumbnailUrl":"https:\/\/lospoliticosveracruz.com\/wp-content\/uploads\/2024\/03\/Miguel-Valera.jpg","datePublished":"2024-03-18T16:17:51+00:00","dateModified":"2024-03-18T16:17:55+00:00","breadcrumb":{"@id":"https:\/\/lospoliticosveracruz.com\/?p=120442#breadcrumb"},"inLanguage":"es","potentialAction":[{"@type":"ReadAction","target":["https:\/\/lospoliticosveracruz.com\/?p=120442"]}]},{"@type":"ImageObject","inLanguage":"es","@id":"https:\/\/lospoliticosveracruz.com\/?p=120442#primaryimage","url":"https:\/\/lospoliticosveracruz.com\/wp-content\/uploads\/2024\/03\/Miguel-Valera.jpg","contentUrl":"https:\/\/lospoliticosveracruz.com\/wp-content\/uploads\/2024\/03\/Miguel-Valera.jpg","width":1250,"height":667},{"@type":"BreadcrumbList","@id":"https:\/\/lospoliticosveracruz.com\/?p=120442#breadcrumb","itemListElement":[{"@type":"ListItem","position":1,"name":"Portada","item":"https:\/\/lospoliticosveracruz.com\/"},{"@type":"ListItem","position":2,"name":"LA SOBERBIA POLITICA"}]},{"@type":"WebSite","@id":"https:\/\/lospoliticosveracruz.com\/#website","url":"https:\/\/lospoliticosveracruz.com\/","name":"Los pol\u00edticos Veracruz","description":"","publisher":{"@id":"https:\/\/lospoliticosveracruz.com\/#organization"},"potentialAction":[{"@type":"SearchAction","target":{"@type":"EntryPoint","urlTemplate":"https:\/\/lospoliticosveracruz.com\/?s={search_term_string}"},"query-input":{"@type":"PropertyValueSpecification","valueRequired":true,"valueName":"search_term_string"}}],"inLanguage":"es"},{"@type":"Organization","@id":"https:\/\/lospoliticosveracruz.com\/#organization","name":"Los pol\u00edticos Veracruz","url":"https:\/\/lospoliticosveracruz.com\/","logo":{"@type":"ImageObject","inLanguage":"es","@id":"https:\/\/lospoliticosveracruz.com\/#\/schema\/logo\/image\/","url":"https:\/\/lospoliticosveracruz.com\/wp-content\/uploads\/2025\/12\/Logo-Nuevo-LOS-POLITICOS-1.jpg","contentUrl":"https:\/\/lospoliticosveracruz.com\/wp-content\/uploads\/2025\/12\/Logo-Nuevo-LOS-POLITICOS-1.jpg","width":260,"height":70,"caption":"Los pol\u00edticos Veracruz"},"image":{"@id":"https:\/\/lospoliticosveracruz.com\/#\/schema\/logo\/image\/"},"sameAs":["https:\/\/www.facebook.com\/people\/Notimemes-de-los-Polticos\/61565672886568\/","https:\/\/x.com\/LosPoliticosVer"]},{"@type":"Person","@id":"https:\/\/lospoliticosveracruz.com\/#\/schema\/person\/b8702bb0e538456e6efd07080bf2a4a2","name":"Lo viste en Los Pol\u00edticos","image":{"@type":"ImageObject","inLanguage":"es","@id":"https:\/\/secure.gravatar.com\/avatar\/3a8de04a2656d44082be478bd6c086daa447c4651605818287b9532d3d0bd435?s=96&d=mm&r=g","url":"https:\/\/secure.gravatar.com\/avatar\/3a8de04a2656d44082be478bd6c086daa447c4651605818287b9532d3d0bd435?s=96&d=mm&r=g","contentUrl":"https:\/\/secure.gravatar.com\/avatar\/3a8de04a2656d44082be478bd6c086daa447c4651605818287b9532d3d0bd435?s=96&d=mm&r=g","caption":"Lo viste en Los Pol\u00edticos"},"url":"https:\/\/lospoliticosveracruz.com\/?author=2"}]}},"_links":{"self":[{"href":"https:\/\/lospoliticosveracruz.com\/index.php?rest_route=\/wp\/v2\/posts\/120442","targetHints":{"allow":["GET"]}}],"collection":[{"href":"https:\/\/lospoliticosveracruz.com\/index.php?rest_route=\/wp\/v2\/posts"}],"about":[{"href":"https:\/\/lospoliticosveracruz.com\/index.php?rest_route=\/wp\/v2\/types\/post"}],"author":[{"embeddable":true,"href":"https:\/\/lospoliticosveracruz.com\/index.php?rest_route=\/wp\/v2\/users\/2"}],"replies":[{"embeddable":true,"href":"https:\/\/lospoliticosveracruz.com\/index.php?rest_route=%2Fwp%2Fv2%2Fcomments&post=120442"}],"version-history":[{"count":1,"href":"https:\/\/lospoliticosveracruz.com\/index.php?rest_route=\/wp\/v2\/posts\/120442\/revisions"}],"predecessor-version":[{"id":120443,"href":"https:\/\/lospoliticosveracruz.com\/index.php?rest_route=\/wp\/v2\/posts\/120442\/revisions\/120443"}],"wp:featuredmedia":[{"embeddable":true,"href":"https:\/\/lospoliticosveracruz.com\/index.php?rest_route=\/wp\/v2\/media\/119815"}],"wp:attachment":[{"href":"https:\/\/lospoliticosveracruz.com\/index.php?rest_route=%2Fwp%2Fv2%2Fmedia&parent=120442"}],"wp:term":[{"taxonomy":"category","embeddable":true,"href":"https:\/\/lospoliticosveracruz.com\/index.php?rest_route=%2Fwp%2Fv2%2Fcategories&post=120442"},{"taxonomy":"post_tag","embeddable":true,"href":"https:\/\/lospoliticosveracruz.com\/index.php?rest_route=%2Fwp%2Fv2%2Ftags&post=120442"}],"curies":[{"name":"wp","href":"https:\/\/api.w.org\/{rel}","templated":true}]}}