{"id":120456,"date":"2024-03-18T12:55:33","date_gmt":"2024-03-18T18:55:33","guid":{"rendered":"https:\/\/lospoliticosveracruz.com.mx\/?p=120456"},"modified":"2024-03-18T12:55:41","modified_gmt":"2024-03-18T18:55:41","slug":"nahle-una-fichita","status":"publish","type":"post","link":"https:\/\/lospoliticosveracruz.com\/?p=120456","title":{"rendered":"NAHLE, UNA FICHITA"},"content":{"rendered":"\n<p><strong>Inocencio Y\u00e1\u00f1ez Vicencio<\/strong><\/p>\n\n\n\n<p>Pues resulta que los morenistas ya nos robaron&nbsp;&nbsp;hasta la capacidad de asombro. Asi como lo escucha y lo ve. Antes nos asombramos del Parten\u00f3n del Negro Durazo. Creimos el cat\u00e1logo de fechor\u00edas que relat\u00f3 su ayudante Jos\u00e9 Gonz\u00e1lez, sin tomarnos el menor respiro para poner en duda narraciones a las cuales no tiene acceso un guarura. Me intriga la capacidad de creer sin chistar de la gente- me expres\u00f3 sobre ese libro, Arturo Cisneros, segundo de&nbsp;&nbsp;jer\u00e1rquicamente de Sahg\u00fan Baca, pero primero en el afecto del exdirector de la polic\u00eda capitalina. Aclar\u00e1ndome que no negaba los echos ah\u00ed consignados pero que era imposible que le constaran al autor del libro. Sin embargo las fechor\u00edas de Roc\u00edo Nahle, no sabemos si porque son tantas o porque tiene la venia del pont\u00edfice para hacerlas, pero cada d\u00eda le aparece una m\u00e1s y como si nada, como si para ser candidata al gobierno de Veracruz, lo \u00fanico que importara es que sepa mentir, robar y traicionar, a todos , menos al patr\u00f3n. Minti\u00f3 al consentir que PEMEX,&nbsp;&nbsp;se pusiera en manos de un agr\u00f3nomo, al hacernos creer que PEMEX&nbsp;&nbsp;extraerla con un popote el crudo de aguas profundas, minti\u00f3 al llevar a la paraestatal&nbsp;&nbsp;a una quiebra t\u00e9cnica, que no es otra cosa que cuando los pasivos superan a los activos. Minti\u00f3 cuando presupuest\u00f3 en 8 mil millones de dolares la Refiner\u00eda de Dos Bocas y ya rebasa m\u00e1s de 20. Minti\u00f3 cuando las prisas por ser candidata al gobierno de Veracruz le llevaron a inaugurar esa Refiner\u00eda, sin que hasta ahora produzca una gota de gasolina. Minti\u00f3 cuando se confabul\u00f3 para convencernos de que la gasolina llegar\u00eda a estar por debajo del precio que tiene en Estados Unidos. No ha podido aclarar el esc\u00e1ndalo en que se envi\u00f3 envuelta durante la pandemia por aparecer familiares suyos terceando en la compra de ventiladores para el sector salud, no se han aclarado los contratos y los negocios que se atribuyen de PEMEX a los amigos de los hijos del presidente, todav\u00eda nos queda a deber informaci\u00f3n sobre los sobrecostos&nbsp;&nbsp;de la Refiner\u00eda de Dos Bocas. Necesita hacer p\u00fablicos&nbsp;&nbsp;los drstinos de esos sobrecostos para que la gente no empiece a pensar que las residencias que nod informan que ha comprado ella o su esposo, ha sido con dineros de la Naci\u00f3n.&nbsp;&nbsp;Talvez Roc\u00edo no haya traicionado a su benefactor, pero si a la naci\u00f3n, porque ya sabemos que el presidente \u00fanicamente exige de sus colaboradoras 90 por ciento complicidad o sea lealtad y 10 por ciento capacidad.&nbsp;<\/p>\n\n\n\n<p>Es de dominio p\u00fablico que Amlo, premia antes que cualquier cosa la capacidad para recaudar el diezmo. No obstante que est\u00e1 probado que Delfina, en Texcoco, cuando fue alcaldesa descontaba el diezmo a sus trabajadores, en lugar de ser un impedimento para llegar al gobierno de EDOMEX, la afianz\u00f3.&nbsp;&nbsp;Con ese antecedente, el esc\u00e1ndalo de Roc\u00edo por las residencias, no va a dejar de ser candidata, sobre todo, cuando Amlo y los morenistas han mostrado en los \u00faltimos dias que ten\u00edamos raz\u00f3n quienes desde hace ya buen tiempo observamos que los que hoy est\u00e1n en la presidencia, lo \u00fanico que les interesa es concentrar poder y perpetuarse en \u00e9l.&nbsp;&nbsp;Nada de raro tiene que Amlo, haya puesto en la mesa de discusi\u00f3n el tema de un autogolpe de Estado t\u00e9cnico, cuando es \u00e9l quien tiene sometido al Ej\u00e9rcito, crea su Guardia Nacional, que esa Guardia Nacional, hace log\u00edstica electoral, cuando ya puso en el 2021 a operar al crimen organizado en toda la Costa del Pac\u00edfico, cuando tiene a los v\u00e1ndalos, a los comit\u00e9s de defensa popular, a los ambulantes, a los vagoneros del Metro, cuando tiene las lesiones de bur\u00f3cratas, cuando tiene a las masas de beneficiarios de sus programas sociales, cuando tiene a las masas de fan\u00e1ticos que ha adoctrinado en sus Ma\u00f1aneras&#8230;que ha colonizado a la Suprema Corte de Justicia de la Naci\u00f3n, que ha asaltado la jefatura del Tribunal Federal Electoral, que ha tomado la presidencia ejecutiva del INE, que para que no halla duda declar\u00f3 hace menos de 24 horas que : destruir propaganda de candidatos y psrtidos es inmoral \u00ab; con lo que deja las puertas abiertas al vandalismo, ya que a la autoridad no le toca sancionar actos inmorales sino jur\u00eddicos, actos que constituyan violaci\u00f3n a una norma jur\u00eddica, no moral. Todo listo para la guerra de todos contra todos, que justifique el golpe de quien \u00fanicamente cree en sus datos y que nunca ha reconocido una derrota electoral.&nbsp;<\/p>\n\n\n\n<p>Quienes no tenemos m\u00e1s armas que las que la ley pone en nuestras manos, empecemos por convencer a vecinos y amigos que en Veracruz, la \u00fanica alternativa para atajar&nbsp;&nbsp;el golpismo y la corrupci\u00f3n morenista es votar por Pepe Yunes.<\/p>\n\n\n\n<p>Roc\u00edo Nahle, lo he dicho y lo repito, tiene tres l\u00e1pidas: es zacatecana, el lastre que representa el mal gobierno de Cuitlahuac&nbsp;&nbsp;y que los ladrones del PRI se los llev\u00f3 Morena, pero por si faltara poco, dar cuenta de la compra de sus residencias, que si Durazno impact\u00f3 con el Parten\u00f3n, Roc\u00edo impacta con la del Gran Gasbi.<\/p>\n\n\n\n<p>La paradoja es que gente que se viste de izquierda, como Roc\u00edo, en pleno siglo XXI, siga pensando como los se\u00f1ores feudales, que el poder viene de la cantidad de tierra \u00bf Ser\u00e1 porque viene de conquista? Pues s\u00f3lo le puedo decir: que se vaya por donde vino, porque a los veracruzanos no nos conquista ni una casateniente ni una banda golpista.<\/p>\n","protected":false},"excerpt":{"rendered":"<p>Inocencio Y\u00e1\u00f1ez Vicencio Pues resulta que los morenistas ya nos robaron&nbsp;&nbsp;hasta la capacidad de asombro. Asi como lo escucha y lo ve. Antes nos asombramos del Parten\u00f3n del Negro Durazo. Creimos el cat\u00e1logo de fechor\u00edas que relat\u00f3 su ayudante Jos\u00e9 Gonz\u00e1lez, sin tomarnos el menor respiro para poner en duda narraciones a las cuales no [&hellip;]<\/p>\n","protected":false},"author":2,"featured_media":120033,"comment_status":"closed","ping_status":"closed","sticky":false,"template":"","format":"standard","meta":{"tdm_status":"","tdm_grid_status":"","footnotes":""},"categories":[70],"tags":[],"class_list":{"0":"post-120456","1":"post","2":"type-post","3":"status-publish","4":"format-standard","5":"has-post-thumbnail","7":"category-de-opinion"},"yoast_head":"<!-- This site is optimized with the Yoast SEO plugin v27.4 - https:\/\/yoast.com\/product\/yoast-seo-wordpress\/ -->\n<title>NAHLE, UNA FICHITA - Los pol\u00edticos Veracruz<\/title>\n<meta name=\"robots\" content=\"index, follow, max-snippet:-1, max-image-preview:large, max-video-preview:-1\" \/>\n<link rel=\"canonical\" href=\"https:\/\/lospoliticosveracruz.com\/?p=120456\" \/>\n<meta property=\"og:locale\" content=\"es_ES\" \/>\n<meta property=\"og:type\" content=\"article\" \/>\n<meta property=\"og:title\" content=\"NAHLE, UNA FICHITA - Los pol\u00edticos Veracruz\" \/>\n<meta property=\"og:description\" content=\"Inocencio Y\u00e1\u00f1ez Vicencio Pues resulta que los morenistas ya nos robaron&nbsp;&nbsp;hasta la capacidad de asombro. Asi como lo escucha y lo ve. Antes nos asombramos del Parten\u00f3n del Negro Durazo. Creimos el cat\u00e1logo de fechor\u00edas que relat\u00f3 su ayudante Jos\u00e9 Gonz\u00e1lez, sin tomarnos el menor respiro para poner en duda narraciones a las cuales no [&hellip;]\" \/>\n<meta property=\"og:url\" content=\"https:\/\/lospoliticosveracruz.com\/?p=120456\" \/>\n<meta property=\"og:site_name\" content=\"Los pol\u00edticos Veracruz\" \/>\n<meta property=\"article:publisher\" content=\"https:\/\/www.facebook.com\/people\/Notimemes-de-los-Polticos\/61565672886568\/\" \/>\n<meta property=\"article:published_time\" content=\"2024-03-18T18:55:33+00:00\" \/>\n<meta property=\"article:modified_time\" content=\"2024-03-18T18:55:41+00:00\" \/>\n<meta property=\"og:image\" content=\"https:\/\/lospoliticosveracruz.com\/wp-content\/uploads\/2024\/03\/Inocencio-Yanez-Vicencio.jpg\" \/>\n\t<meta property=\"og:image:width\" content=\"1250\" \/>\n\t<meta property=\"og:image:height\" content=\"667\" \/>\n\t<meta property=\"og:image:type\" content=\"image\/jpeg\" \/>\n<meta name=\"author\" content=\"Lo viste en Los Pol\u00edticos\" \/>\n<meta name=\"twitter:card\" content=\"summary_large_image\" \/>\n<meta name=\"twitter:creator\" content=\"@LosPoliticosVer\" \/>\n<meta name=\"twitter:site\" content=\"@LosPoliticosVer\" \/>\n<meta name=\"twitter:label1\" content=\"Escrito por\" \/>\n\t<meta name=\"twitter:data1\" content=\"Lo viste en Los Pol\u00edticos\" \/>\n\t<meta name=\"twitter:label2\" content=\"Tiempo de lectura\" \/>\n\t<meta name=\"twitter:data2\" content=\"5 minutos\" \/>\n<script type=\"application\/ld+json\" class=\"yoast-schema-graph\">{\"@context\":\"https:\\\/\\\/schema.org\",\"@graph\":[{\"@type\":\"Article\",\"@id\":\"https:\\\/\\\/lospoliticosveracruz.com\\\/?p=120456#article\",\"isPartOf\":{\"@id\":\"https:\\\/\\\/lospoliticosveracruz.com\\\/?p=120456\"},\"author\":{\"name\":\"Lo viste en Los Pol\u00edticos\",\"@id\":\"https:\\\/\\\/lospoliticosveracruz.com\\\/#\\\/schema\\\/person\\\/b8702bb0e538456e6efd07080bf2a4a2\"},\"headline\":\"NAHLE, UNA FICHITA\",\"datePublished\":\"2024-03-18T18:55:33+00:00\",\"dateModified\":\"2024-03-18T18:55:41+00:00\",\"mainEntityOfPage\":{\"@id\":\"https:\\\/\\\/lospoliticosveracruz.com\\\/?p=120456\"},\"wordCount\":992,\"publisher\":{\"@id\":\"https:\\\/\\\/lospoliticosveracruz.com\\\/#organization\"},\"image\":{\"@id\":\"https:\\\/\\\/lospoliticosveracruz.com\\\/?p=120456#primaryimage\"},\"thumbnailUrl\":\"https:\\\/\\\/lospoliticosveracruz.com\\\/wp-content\\\/uploads\\\/2024\\\/03\\\/Inocencio-Yanez-Vicencio.jpg\",\"articleSection\":[\"De Opini\u00f3n\"],\"inLanguage\":\"es\"},{\"@type\":\"WebPage\",\"@id\":\"https:\\\/\\\/lospoliticosveracruz.com\\\/?p=120456\",\"url\":\"https:\\\/\\\/lospoliticosveracruz.com\\\/?p=120456\",\"name\":\"NAHLE, UNA FICHITA - Los pol\u00edticos Veracruz\",\"isPartOf\":{\"@id\":\"https:\\\/\\\/lospoliticosveracruz.com\\\/#website\"},\"primaryImageOfPage\":{\"@id\":\"https:\\\/\\\/lospoliticosveracruz.com\\\/?p=120456#primaryimage\"},\"image\":{\"@id\":\"https:\\\/\\\/lospoliticosveracruz.com\\\/?p=120456#primaryimage\"},\"thumbnailUrl\":\"https:\\\/\\\/lospoliticosveracruz.com\\\/wp-content\\\/uploads\\\/2024\\\/03\\\/Inocencio-Yanez-Vicencio.jpg\",\"datePublished\":\"2024-03-18T18:55:33+00:00\",\"dateModified\":\"2024-03-18T18:55:41+00:00\",\"breadcrumb\":{\"@id\":\"https:\\\/\\\/lospoliticosveracruz.com\\\/?p=120456#breadcrumb\"},\"inLanguage\":\"es\",\"potentialAction\":[{\"@type\":\"ReadAction\",\"target\":[\"https:\\\/\\\/lospoliticosveracruz.com\\\/?p=120456\"]}]},{\"@type\":\"ImageObject\",\"inLanguage\":\"es\",\"@id\":\"https:\\\/\\\/lospoliticosveracruz.com\\\/?p=120456#primaryimage\",\"url\":\"https:\\\/\\\/lospoliticosveracruz.com\\\/wp-content\\\/uploads\\\/2024\\\/03\\\/Inocencio-Yanez-Vicencio.jpg\",\"contentUrl\":\"https:\\\/\\\/lospoliticosveracruz.com\\\/wp-content\\\/uploads\\\/2024\\\/03\\\/Inocencio-Yanez-Vicencio.jpg\",\"width\":1250,\"height\":667},{\"@type\":\"BreadcrumbList\",\"@id\":\"https:\\\/\\\/lospoliticosveracruz.com\\\/?p=120456#breadcrumb\",\"itemListElement\":[{\"@type\":\"ListItem\",\"position\":1,\"name\":\"Portada\",\"item\":\"https:\\\/\\\/lospoliticosveracruz.com\\\/\"},{\"@type\":\"ListItem\",\"position\":2,\"name\":\"NAHLE, UNA FICHITA\"}]},{\"@type\":\"WebSite\",\"@id\":\"https:\\\/\\\/lospoliticosveracruz.com\\\/#website\",\"url\":\"https:\\\/\\\/lospoliticosveracruz.com\\\/\",\"name\":\"Los pol\u00edticos Veracruz\",\"description\":\"\",\"publisher\":{\"@id\":\"https:\\\/\\\/lospoliticosveracruz.com\\\/#organization\"},\"potentialAction\":[{\"@type\":\"SearchAction\",\"target\":{\"@type\":\"EntryPoint\",\"urlTemplate\":\"https:\\\/\\\/lospoliticosveracruz.com\\\/?s={search_term_string}\"},\"query-input\":{\"@type\":\"PropertyValueSpecification\",\"valueRequired\":true,\"valueName\":\"search_term_string\"}}],\"inLanguage\":\"es\"},{\"@type\":\"Organization\",\"@id\":\"https:\\\/\\\/lospoliticosveracruz.com\\\/#organization\",\"name\":\"Los pol\u00edticos Veracruz\",\"url\":\"https:\\\/\\\/lospoliticosveracruz.com\\\/\",\"logo\":{\"@type\":\"ImageObject\",\"inLanguage\":\"es\",\"@id\":\"https:\\\/\\\/lospoliticosveracruz.com\\\/#\\\/schema\\\/logo\\\/image\\\/\",\"url\":\"https:\\\/\\\/lospoliticosveracruz.com\\\/wp-content\\\/uploads\\\/2025\\\/12\\\/Logo-Nuevo-LOS-POLITICOS-1.jpg\",\"contentUrl\":\"https:\\\/\\\/lospoliticosveracruz.com\\\/wp-content\\\/uploads\\\/2025\\\/12\\\/Logo-Nuevo-LOS-POLITICOS-1.jpg\",\"width\":260,\"height\":70,\"caption\":\"Los pol\u00edticos Veracruz\"},\"image\":{\"@id\":\"https:\\\/\\\/lospoliticosveracruz.com\\\/#\\\/schema\\\/logo\\\/image\\\/\"},\"sameAs\":[\"https:\\\/\\\/www.facebook.com\\\/people\\\/Notimemes-de-los-Polticos\\\/61565672886568\\\/\",\"https:\\\/\\\/x.com\\\/LosPoliticosVer\"]},{\"@type\":\"Person\",\"@id\":\"https:\\\/\\\/lospoliticosveracruz.com\\\/#\\\/schema\\\/person\\\/b8702bb0e538456e6efd07080bf2a4a2\",\"name\":\"Lo viste en Los Pol\u00edticos\",\"image\":{\"@type\":\"ImageObject\",\"inLanguage\":\"es\",\"@id\":\"https:\\\/\\\/secure.gravatar.com\\\/avatar\\\/3a8de04a2656d44082be478bd6c086daa447c4651605818287b9532d3d0bd435?s=96&d=mm&r=g\",\"url\":\"https:\\\/\\\/secure.gravatar.com\\\/avatar\\\/3a8de04a2656d44082be478bd6c086daa447c4651605818287b9532d3d0bd435?s=96&d=mm&r=g\",\"contentUrl\":\"https:\\\/\\\/secure.gravatar.com\\\/avatar\\\/3a8de04a2656d44082be478bd6c086daa447c4651605818287b9532d3d0bd435?s=96&d=mm&r=g\",\"caption\":\"Lo viste en Los Pol\u00edticos\"},\"url\":\"https:\\\/\\\/lospoliticosveracruz.com\\\/?author=2\"}]}<\/script>\n<!-- \/ Yoast SEO plugin. -->","yoast_head_json":{"title":"NAHLE, UNA FICHITA - Los pol\u00edticos Veracruz","robots":{"index":"index","follow":"follow","max-snippet":"max-snippet:-1","max-image-preview":"max-image-preview:large","max-video-preview":"max-video-preview:-1"},"canonical":"https:\/\/lospoliticosveracruz.com\/?p=120456","og_locale":"es_ES","og_type":"article","og_title":"NAHLE, UNA FICHITA - Los pol\u00edticos Veracruz","og_description":"Inocencio Y\u00e1\u00f1ez Vicencio Pues resulta que los morenistas ya nos robaron&nbsp;&nbsp;hasta la capacidad de asombro. Asi como lo escucha y lo ve. Antes nos asombramos del Parten\u00f3n del Negro Durazo. Creimos el cat\u00e1logo de fechor\u00edas que relat\u00f3 su ayudante Jos\u00e9 Gonz\u00e1lez, sin tomarnos el menor respiro para poner en duda narraciones a las cuales no [&hellip;]","og_url":"https:\/\/lospoliticosveracruz.com\/?p=120456","og_site_name":"Los pol\u00edticos Veracruz","article_publisher":"https:\/\/www.facebook.com\/people\/Notimemes-de-los-Polticos\/61565672886568\/","article_published_time":"2024-03-18T18:55:33+00:00","article_modified_time":"2024-03-18T18:55:41+00:00","og_image":[{"width":1250,"height":667,"url":"https:\/\/lospoliticosveracruz.com\/wp-content\/uploads\/2024\/03\/Inocencio-Yanez-Vicencio.jpg","type":"image\/jpeg"}],"author":"Lo viste en Los Pol\u00edticos","twitter_card":"summary_large_image","twitter_creator":"@LosPoliticosVer","twitter_site":"@LosPoliticosVer","twitter_misc":{"Escrito por":"Lo viste en Los Pol\u00edticos","Tiempo de lectura":"5 minutos"},"schema":{"@context":"https:\/\/schema.org","@graph":[{"@type":"Article","@id":"https:\/\/lospoliticosveracruz.com\/?p=120456#article","isPartOf":{"@id":"https:\/\/lospoliticosveracruz.com\/?p=120456"},"author":{"name":"Lo viste en Los Pol\u00edticos","@id":"https:\/\/lospoliticosveracruz.com\/#\/schema\/person\/b8702bb0e538456e6efd07080bf2a4a2"},"headline":"NAHLE, UNA FICHITA","datePublished":"2024-03-18T18:55:33+00:00","dateModified":"2024-03-18T18:55:41+00:00","mainEntityOfPage":{"@id":"https:\/\/lospoliticosveracruz.com\/?p=120456"},"wordCount":992,"publisher":{"@id":"https:\/\/lospoliticosveracruz.com\/#organization"},"image":{"@id":"https:\/\/lospoliticosveracruz.com\/?p=120456#primaryimage"},"thumbnailUrl":"https:\/\/lospoliticosveracruz.com\/wp-content\/uploads\/2024\/03\/Inocencio-Yanez-Vicencio.jpg","articleSection":["De Opini\u00f3n"],"inLanguage":"es"},{"@type":"WebPage","@id":"https:\/\/lospoliticosveracruz.com\/?p=120456","url":"https:\/\/lospoliticosveracruz.com\/?p=120456","name":"NAHLE, UNA FICHITA - Los pol\u00edticos Veracruz","isPartOf":{"@id":"https:\/\/lospoliticosveracruz.com\/#website"},"primaryImageOfPage":{"@id":"https:\/\/lospoliticosveracruz.com\/?p=120456#primaryimage"},"image":{"@id":"https:\/\/lospoliticosveracruz.com\/?p=120456#primaryimage"},"thumbnailUrl":"https:\/\/lospoliticosveracruz.com\/wp-content\/uploads\/2024\/03\/Inocencio-Yanez-Vicencio.jpg","datePublished":"2024-03-18T18:55:33+00:00","dateModified":"2024-03-18T18:55:41+00:00","breadcrumb":{"@id":"https:\/\/lospoliticosveracruz.com\/?p=120456#breadcrumb"},"inLanguage":"es","potentialAction":[{"@type":"ReadAction","target":["https:\/\/lospoliticosveracruz.com\/?p=120456"]}]},{"@type":"ImageObject","inLanguage":"es","@id":"https:\/\/lospoliticosveracruz.com\/?p=120456#primaryimage","url":"https:\/\/lospoliticosveracruz.com\/wp-content\/uploads\/2024\/03\/Inocencio-Yanez-Vicencio.jpg","contentUrl":"https:\/\/lospoliticosveracruz.com\/wp-content\/uploads\/2024\/03\/Inocencio-Yanez-Vicencio.jpg","width":1250,"height":667},{"@type":"BreadcrumbList","@id":"https:\/\/lospoliticosveracruz.com\/?p=120456#breadcrumb","itemListElement":[{"@type":"ListItem","position":1,"name":"Portada","item":"https:\/\/lospoliticosveracruz.com\/"},{"@type":"ListItem","position":2,"name":"NAHLE, UNA FICHITA"}]},{"@type":"WebSite","@id":"https:\/\/lospoliticosveracruz.com\/#website","url":"https:\/\/lospoliticosveracruz.com\/","name":"Los pol\u00edticos Veracruz","description":"","publisher":{"@id":"https:\/\/lospoliticosveracruz.com\/#organization"},"potentialAction":[{"@type":"SearchAction","target":{"@type":"EntryPoint","urlTemplate":"https:\/\/lospoliticosveracruz.com\/?s={search_term_string}"},"query-input":{"@type":"PropertyValueSpecification","valueRequired":true,"valueName":"search_term_string"}}],"inLanguage":"es"},{"@type":"Organization","@id":"https:\/\/lospoliticosveracruz.com\/#organization","name":"Los pol\u00edticos Veracruz","url":"https:\/\/lospoliticosveracruz.com\/","logo":{"@type":"ImageObject","inLanguage":"es","@id":"https:\/\/lospoliticosveracruz.com\/#\/schema\/logo\/image\/","url":"https:\/\/lospoliticosveracruz.com\/wp-content\/uploads\/2025\/12\/Logo-Nuevo-LOS-POLITICOS-1.jpg","contentUrl":"https:\/\/lospoliticosveracruz.com\/wp-content\/uploads\/2025\/12\/Logo-Nuevo-LOS-POLITICOS-1.jpg","width":260,"height":70,"caption":"Los pol\u00edticos Veracruz"},"image":{"@id":"https:\/\/lospoliticosveracruz.com\/#\/schema\/logo\/image\/"},"sameAs":["https:\/\/www.facebook.com\/people\/Notimemes-de-los-Polticos\/61565672886568\/","https:\/\/x.com\/LosPoliticosVer"]},{"@type":"Person","@id":"https:\/\/lospoliticosveracruz.com\/#\/schema\/person\/b8702bb0e538456e6efd07080bf2a4a2","name":"Lo viste en Los Pol\u00edticos","image":{"@type":"ImageObject","inLanguage":"es","@id":"https:\/\/secure.gravatar.com\/avatar\/3a8de04a2656d44082be478bd6c086daa447c4651605818287b9532d3d0bd435?s=96&d=mm&r=g","url":"https:\/\/secure.gravatar.com\/avatar\/3a8de04a2656d44082be478bd6c086daa447c4651605818287b9532d3d0bd435?s=96&d=mm&r=g","contentUrl":"https:\/\/secure.gravatar.com\/avatar\/3a8de04a2656d44082be478bd6c086daa447c4651605818287b9532d3d0bd435?s=96&d=mm&r=g","caption":"Lo viste en Los Pol\u00edticos"},"url":"https:\/\/lospoliticosveracruz.com\/?author=2"}]}},"_links":{"self":[{"href":"https:\/\/lospoliticosveracruz.com\/index.php?rest_route=\/wp\/v2\/posts\/120456","targetHints":{"allow":["GET"]}}],"collection":[{"href":"https:\/\/lospoliticosveracruz.com\/index.php?rest_route=\/wp\/v2\/posts"}],"about":[{"href":"https:\/\/lospoliticosveracruz.com\/index.php?rest_route=\/wp\/v2\/types\/post"}],"author":[{"embeddable":true,"href":"https:\/\/lospoliticosveracruz.com\/index.php?rest_route=\/wp\/v2\/users\/2"}],"replies":[{"embeddable":true,"href":"https:\/\/lospoliticosveracruz.com\/index.php?rest_route=%2Fwp%2Fv2%2Fcomments&post=120456"}],"version-history":[{"count":1,"href":"https:\/\/lospoliticosveracruz.com\/index.php?rest_route=\/wp\/v2\/posts\/120456\/revisions"}],"predecessor-version":[{"id":120457,"href":"https:\/\/lospoliticosveracruz.com\/index.php?rest_route=\/wp\/v2\/posts\/120456\/revisions\/120457"}],"wp:featuredmedia":[{"embeddable":true,"href":"https:\/\/lospoliticosveracruz.com\/index.php?rest_route=\/wp\/v2\/media\/120033"}],"wp:attachment":[{"href":"https:\/\/lospoliticosveracruz.com\/index.php?rest_route=%2Fwp%2Fv2%2Fmedia&parent=120456"}],"wp:term":[{"taxonomy":"category","embeddable":true,"href":"https:\/\/lospoliticosveracruz.com\/index.php?rest_route=%2Fwp%2Fv2%2Fcategories&post=120456"},{"taxonomy":"post_tag","embeddable":true,"href":"https:\/\/lospoliticosveracruz.com\/index.php?rest_route=%2Fwp%2Fv2%2Ftags&post=120456"}],"curies":[{"name":"wp","href":"https:\/\/api.w.org\/{rel}","templated":true}]}}