{"id":120503,"date":"2024-03-19T07:05:03","date_gmt":"2024-03-19T13:05:03","guid":{"rendered":"https:\/\/lospoliticosveracruz.com.mx\/?p=120503"},"modified":"2024-03-19T07:05:07","modified_gmt":"2024-03-19T13:05:07","slug":"pepe-vs-nahle-la-residencia-de-el-dorado","status":"publish","type":"post","link":"https:\/\/lospoliticosveracruz.com\/?p=120503","title":{"rendered":"PEPE VS NAHLE, LA RESIDENCIA DE EL DORADO"},"content":{"rendered":"\n<p><strong>Ricardo Chua<\/strong><\/p>\n\n\n\n<p><em>Sale y Vale<\/em> <\/p>\n\n\n\n<p>OJO.. En MORENA y el equipo de campa\u00f1a de Roc\u00edo Nahle piensan que el tema de la residencia de \u00abEl Dorado\u00bb.. No va a pasar de ser un se\u00f1alamiento medi\u00e1tico y que pol\u00edticos de oposici\u00f3n no van a denunciar porque tienen propiedades, que tampoco quieren sean investigadas.. Y que no pasar\u00e1 nada ya que Claudia Shienbaum \u00abarrop\u00f3\u00bb a Nahle en Coatzacoalcos.. Y que el viernes, Andr\u00e9s Manuel L\u00f3pez Obrador, lo \u00abrematar\u00e1\u00bb y nada va a pasar.. Porque adem\u00e1s Pepe Yunes ya dej\u00f3 de crecer y se \u00abestanc\u00f3\u00bb.. Eso dicen en MORENA.. En d\u00edas posteriores se sabr\u00e1 si es verdad.. AMEN<\/p>\n\n\n\n<p>PEPE VS NAHLE, LA RESIDENCIA DE \u00abEL DORADO\u00bb.. Despu\u00e9s que el candidato del Frente Opositor al gobierno de Veracruz, Jos\u00e9 Francisco Yunes Zorrilla, \u00abentr\u00f3\u00bb al quite por la fastuosa residencia del fraccionamiento \u00abEl Dorado\u00bb en Boca del R\u00edo, de la candidata de MORENA, Roc\u00edo Nahle, y que los dirigentes de oposici\u00f3n se tardaron en pronunciarse (Pareciera fueron obligado).. Con esto se dio inici\u00f3 a la campa\u00f1a por la silla que ostenta, Cuitl\u00e1uhac Garc\u00eda.. Nahle les gan\u00f3 el primer \u00abround\u00bb.. Pero Pepe ya inici\u00f3 el segundo \u00abasalto\u00bb.. ARRANCAN<\/p>\n\n\n\n<p>Ya con la entrada directa del perote\u00f1o al tema de la residencia.. Se generan \u00abalertas\u00bb en Palacio Nacional porque el caso Nahle-El Dorado afecta, sin duda, a Claudia Sheinbaum y su campa\u00f1a Presidencial en Veracruz.. Por eso, quiz\u00e1s, es que en MORENA van a REFORZAR la mayor fortaleza pol\u00edtica de Roc\u00edo Nahle, que es el \u00abbasti\u00f3n\u00bb de los Morenos, que representa el sureste veracruzano.. Ya que la oposici\u00f3n vio debilidad en esa zona porque no mostraron \u00abel m\u00fasculo\u00bb con tres eventos en la regi\u00f3n que fueron casi los mismos.. Y eso si preocupa..<\/p>\n\n\n\n<p>Sobre todo porque saben en Palacio Nacional, que la oposici\u00f3n iniciar\u00e1 una campa\u00f1a de acusaciones de corrupci\u00f3n y tr\u00e1fico de influencia en contra de su candidata a gobernadora.. Pepe Yunes lo hizo patente ayer mismo con Joaqu\u00edn L\u00f3pez D\u00f3riga.. Y aunque vino Sheinbaum a Coatzacoalcos y le dio la vuelta al caso.. Ahora viene Andr\u00e9s Manuel L\u00f3pez Obrador y no quieren que le metan esos temas de que se \u00abenred\u00f3\u00bb Roc\u00edo Nahle, que Pepe Yunes la est\u00e1 empatando y que esto es una \u00abturbulencia\u00bb para la continuidad del proyecto de la 4T en Veracruz..<\/p>\n\n\n\n<p>Todo esto generado por excesos que trae Roc\u00edo Nahle con el tema de la seguridad personal a su alrededor, la gran cantidad de camionetas de lujo que tiene como convoy junto con todos los esc\u00e1ndalos que ha generado por el caso de la residencia en Boca del R\u00edo y hasta de su esposo, Jos\u00e9 Luis Pe\u00f1a P\u00eb\u00f1a, cuando se hizo p\u00fablico su video en el acto ganadero del municipio de Jes\u00fas Carranza.. Aunado a todos los se\u00f1alamientos en contra del gobierno de Cuitl\u00e1huac Garc\u00eda del cual Nahle no se ha podido desmarcar.. AMLO lo sabe y viene a \u00absalvarla\u00bb..<\/p>\n\n\n\n<p>Si algo sabe L\u00f3pez Obrador es que no puede poner en riesgo los gobiernos de la 4T en CDMX y Veracruz.. Si eso pasa, puede ser la \u00abtumba\u00bb para MORENA y Sheinbaum.. Todo es negociable, menos la Presidencia (PLAN D).. Y no pueden perder porque si eso sucede, se caer\u00e1 la narrativa: \u00abDe que el PRIAN robaba m\u00e1s\u00bb.. Pero OJO con este esc\u00e1ndalo de la residencia de Nahle.. Todos los Yunes (Rojos y azules) tienen para \u00abmatar\u00bb muchos temas de lo que tanto los ha se\u00f1alado por a\u00f1os AMLO: La \u00abCarpeta Azul\u00bb y la corrupci\u00f3n del PRI..<\/p>\n\n\n\n<p>A ninguno de ellos.. Ni de MORENA y alguno de la oposici\u00f3n LES CONVIENE que estos esc\u00e1ndalos sigan y salgan los presuntos v\u00eddeos que grabaron en su momento en Casa Veracruz, donde repart\u00edan millones de pesos para campa\u00f1as pol\u00edticas.. Esos videos que HAR\u00cdAN CIMBRAR a M\u00e9xico y ahora tambi\u00e9n a Veracruz.. As\u00ed que esto, podr\u00eda ser el peor \u00abembarradero\u00bb pol\u00edtico de la historia de este pa\u00eds.. Ya que algunos priistas y morenistas podr\u00edan ser exhibidos.. Y todo por un se\u00f1alamiento de una residencia en \u00abEl Dorado\u00bb..<\/p>\n\n\n\n<p>Motivo por el cual, quiz\u00e1s, es que muchos pol\u00edticos y dirigentes de partidos de oposici\u00f3n (Excepto Sergio Cadena del PRD) se tardaron en hacer p\u00fablicas sus posturas sobre el caso de la residencia de Roc\u00edo Nahle.. El imaginario colectivo en Veracruz, empez\u00f3 a se\u00f1alarlos en redes sociales, que no entraban al tema porque TEM\u00cdAN tambi\u00e9n ser exhibidos en sus propiedades de otros lujosos fraccionamientos en Xalapa y la Riviera Veracruzana.. Y que no era claro como fueron adquiridas las mismas.. Molestia y silencio.. Pero tambi\u00e9n temor..<\/p>\n\n\n\n<p>Ya despu\u00e9s de que Pepe Yunes sali\u00f3 con L\u00f3pez D\u00f3riga se\u00f1alando el tema.. No les qued\u00f3 m\u00e1s que sumarse.. Pero cuenta \u00abGarganta Profunda\u00bb que varios de estos pol\u00edticos, est\u00e1n buscando interlocutores con MORENA, para hacerles saber que esa no es su \u00abbronca\u00bb y que ellos no quieren problemas porque no desean salir \u00abembarrados\u00bb con \u00abfiltraciones\u00bb period\u00edsticas de lujosas casas o v\u00eddeos comprometedores al estilo \u00abEl Se\u00f1or de Las Ligas\u00bb, Ren\u00e9 Bejarano.. Nadie quiere poner en peligro su patrimonio, ni sus \u00abahorros\u00bb de su \u00ablabor\u00bb en la pol\u00edtica..<\/p>\n\n\n\n<p>REFLEXI\u00d3N.. Si la oposici\u00f3n NO CAPITALIZA de aqu\u00ed a la primera quincena de abril, el esc\u00e1ndalo de la residencia de Nahle y dejan s\u00f3lo a Pepe Yunes, los dirigentes estatales de partidos opositores porque no denuncien penal y medi\u00e1ticamente el tema.. MORENA les da la vuelta y hace ganar a \u00abCh\u00edo\u00bb sin problema.. Y caer\u00e1n las sospechas contra los l\u00edderes nacionales del PRI-PAN-PRD (Alejandro Moreno, Marko Cort\u00e9s y Jes\u00fas Zambrano) que PACTARON con MORENA para dejar el gobierno estatal y quitarse un PRESIDENCIABLE PRIISTA de encima en 2030 como ser\u00eda Pepe Yunes en caso de ganar la gubernatura de Veracruz.. Este asunto es un \u00abmonstruo de mil cabezas\u00bb.. EL QUE ENTENDI\u00d3, ENTENDI\u00d3..<\/p>\n","protected":false},"excerpt":{"rendered":"<p>Ricardo Chua Sale y Vale OJO.. En MORENA y el equipo de campa\u00f1a de Roc\u00edo Nahle piensan que el tema de la residencia de \u00abEl Dorado\u00bb.. No va a pasar de ser un se\u00f1alamiento medi\u00e1tico y que pol\u00edticos de oposici\u00f3n no van a denunciar porque tienen propiedades, que tampoco quieren sean investigadas.. Y que no [&hellip;]<\/p>\n","protected":false},"author":2,"featured_media":119817,"comment_status":"closed","ping_status":"closed","sticky":false,"template":"","format":"standard","meta":{"tdm_status":"","tdm_grid_status":"","footnotes":""},"categories":[70],"tags":[618,9627,570,3578,195],"class_list":{"0":"post-120503","1":"post","2":"type-post","3":"status-publish","4":"format-standard","5":"has-post-thumbnail","7":"category-de-opinion","8":"tag-andres-manuel-lopez-obrador","9":"tag-claudia-sheinbaum","10":"tag-pepe-yunes","11":"tag-rocio-nahle","12":"tag-veracruz"},"yoast_head":"<!-- This site is optimized with the Yoast SEO plugin v27.4 - https:\/\/yoast.com\/product\/yoast-seo-wordpress\/ -->\n<title>PEPE VS NAHLE, LA RESIDENCIA DE EL DORADO - Los pol\u00edticos Veracruz<\/title>\n<meta name=\"robots\" content=\"index, follow, max-snippet:-1, max-image-preview:large, max-video-preview:-1\" \/>\n<link rel=\"canonical\" href=\"https:\/\/lospoliticosveracruz.com\/?p=120503\" \/>\n<meta property=\"og:locale\" content=\"es_ES\" \/>\n<meta property=\"og:type\" content=\"article\" \/>\n<meta property=\"og:title\" content=\"PEPE VS NAHLE, LA RESIDENCIA DE EL DORADO - Los pol\u00edticos Veracruz\" \/>\n<meta property=\"og:description\" content=\"Ricardo Chua Sale y Vale OJO.. En MORENA y el equipo de campa\u00f1a de Roc\u00edo Nahle piensan que el tema de la residencia de \u00abEl Dorado\u00bb.. No va a pasar de ser un se\u00f1alamiento medi\u00e1tico y que pol\u00edticos de oposici\u00f3n no van a denunciar porque tienen propiedades, que tampoco quieren sean investigadas.. Y que no [&hellip;]\" \/>\n<meta property=\"og:url\" content=\"https:\/\/lospoliticosveracruz.com\/?p=120503\" \/>\n<meta property=\"og:site_name\" content=\"Los pol\u00edticos Veracruz\" \/>\n<meta property=\"article:publisher\" content=\"https:\/\/www.facebook.com\/people\/Notimemes-de-los-Polticos\/61565672886568\/\" \/>\n<meta property=\"article:published_time\" content=\"2024-03-19T13:05:03+00:00\" \/>\n<meta property=\"article:modified_time\" content=\"2024-03-19T13:05:07+00:00\" \/>\n<meta property=\"og:image\" content=\"https:\/\/lospoliticosveracruz.com\/wp-content\/uploads\/2024\/03\/Ricardo-Chua.jpg\" \/>\n\t<meta property=\"og:image:width\" content=\"1250\" \/>\n\t<meta property=\"og:image:height\" content=\"667\" \/>\n\t<meta property=\"og:image:type\" content=\"image\/jpeg\" \/>\n<meta name=\"author\" content=\"Lo viste en Los Pol\u00edticos\" \/>\n<meta name=\"twitter:card\" content=\"summary_large_image\" \/>\n<meta name=\"twitter:creator\" content=\"@LosPoliticosVer\" \/>\n<meta name=\"twitter:site\" content=\"@LosPoliticosVer\" \/>\n<meta name=\"twitter:label1\" content=\"Escrito por\" \/>\n\t<meta name=\"twitter:data1\" content=\"Lo viste en Los Pol\u00edticos\" \/>\n\t<meta name=\"twitter:label2\" content=\"Tiempo de lectura\" \/>\n\t<meta name=\"twitter:data2\" content=\"5 minutos\" \/>\n<script type=\"application\/ld+json\" class=\"yoast-schema-graph\">{\"@context\":\"https:\\\/\\\/schema.org\",\"@graph\":[{\"@type\":\"Article\",\"@id\":\"https:\\\/\\\/lospoliticosveracruz.com\\\/?p=120503#article\",\"isPartOf\":{\"@id\":\"https:\\\/\\\/lospoliticosveracruz.com\\\/?p=120503\"},\"author\":{\"name\":\"Lo viste en Los Pol\u00edticos\",\"@id\":\"https:\\\/\\\/lospoliticosveracruz.com\\\/#\\\/schema\\\/person\\\/b8702bb0e538456e6efd07080bf2a4a2\"},\"headline\":\"PEPE VS NAHLE, LA RESIDENCIA DE EL DORADO\",\"datePublished\":\"2024-03-19T13:05:03+00:00\",\"dateModified\":\"2024-03-19T13:05:07+00:00\",\"mainEntityOfPage\":{\"@id\":\"https:\\\/\\\/lospoliticosveracruz.com\\\/?p=120503\"},\"wordCount\":1050,\"publisher\":{\"@id\":\"https:\\\/\\\/lospoliticosveracruz.com\\\/#organization\"},\"image\":{\"@id\":\"https:\\\/\\\/lospoliticosveracruz.com\\\/?p=120503#primaryimage\"},\"thumbnailUrl\":\"https:\\\/\\\/lospoliticosveracruz.com\\\/wp-content\\\/uploads\\\/2024\\\/03\\\/Ricardo-Chua.jpg\",\"keywords\":[\"Andr\u00e9s Manuel L\u00f3pez Obrador\",\"Claudia Sheinbaum\",\"Pepe Yunes\",\"Roc\u00edo Nahle\",\"Veracruz\"],\"articleSection\":[\"De Opini\u00f3n\"],\"inLanguage\":\"es\"},{\"@type\":\"WebPage\",\"@id\":\"https:\\\/\\\/lospoliticosveracruz.com\\\/?p=120503\",\"url\":\"https:\\\/\\\/lospoliticosveracruz.com\\\/?p=120503\",\"name\":\"PEPE VS NAHLE, LA RESIDENCIA DE EL DORADO - Los pol\u00edticos Veracruz\",\"isPartOf\":{\"@id\":\"https:\\\/\\\/lospoliticosveracruz.com\\\/#website\"},\"primaryImageOfPage\":{\"@id\":\"https:\\\/\\\/lospoliticosveracruz.com\\\/?p=120503#primaryimage\"},\"image\":{\"@id\":\"https:\\\/\\\/lospoliticosveracruz.com\\\/?p=120503#primaryimage\"},\"thumbnailUrl\":\"https:\\\/\\\/lospoliticosveracruz.com\\\/wp-content\\\/uploads\\\/2024\\\/03\\\/Ricardo-Chua.jpg\",\"datePublished\":\"2024-03-19T13:05:03+00:00\",\"dateModified\":\"2024-03-19T13:05:07+00:00\",\"breadcrumb\":{\"@id\":\"https:\\\/\\\/lospoliticosveracruz.com\\\/?p=120503#breadcrumb\"},\"inLanguage\":\"es\",\"potentialAction\":[{\"@type\":\"ReadAction\",\"target\":[\"https:\\\/\\\/lospoliticosveracruz.com\\\/?p=120503\"]}]},{\"@type\":\"ImageObject\",\"inLanguage\":\"es\",\"@id\":\"https:\\\/\\\/lospoliticosveracruz.com\\\/?p=120503#primaryimage\",\"url\":\"https:\\\/\\\/lospoliticosveracruz.com\\\/wp-content\\\/uploads\\\/2024\\\/03\\\/Ricardo-Chua.jpg\",\"contentUrl\":\"https:\\\/\\\/lospoliticosveracruz.com\\\/wp-content\\\/uploads\\\/2024\\\/03\\\/Ricardo-Chua.jpg\",\"width\":1250,\"height\":667},{\"@type\":\"BreadcrumbList\",\"@id\":\"https:\\\/\\\/lospoliticosveracruz.com\\\/?p=120503#breadcrumb\",\"itemListElement\":[{\"@type\":\"ListItem\",\"position\":1,\"name\":\"Portada\",\"item\":\"https:\\\/\\\/lospoliticosveracruz.com\\\/\"},{\"@type\":\"ListItem\",\"position\":2,\"name\":\"PEPE VS NAHLE, LA RESIDENCIA DE EL DORADO\"}]},{\"@type\":\"WebSite\",\"@id\":\"https:\\\/\\\/lospoliticosveracruz.com\\\/#website\",\"url\":\"https:\\\/\\\/lospoliticosveracruz.com\\\/\",\"name\":\"Los pol\u00edticos Veracruz\",\"description\":\"\",\"publisher\":{\"@id\":\"https:\\\/\\\/lospoliticosveracruz.com\\\/#organization\"},\"potentialAction\":[{\"@type\":\"SearchAction\",\"target\":{\"@type\":\"EntryPoint\",\"urlTemplate\":\"https:\\\/\\\/lospoliticosveracruz.com\\\/?s={search_term_string}\"},\"query-input\":{\"@type\":\"PropertyValueSpecification\",\"valueRequired\":true,\"valueName\":\"search_term_string\"}}],\"inLanguage\":\"es\"},{\"@type\":\"Organization\",\"@id\":\"https:\\\/\\\/lospoliticosveracruz.com\\\/#organization\",\"name\":\"Los pol\u00edticos Veracruz\",\"url\":\"https:\\\/\\\/lospoliticosveracruz.com\\\/\",\"logo\":{\"@type\":\"ImageObject\",\"inLanguage\":\"es\",\"@id\":\"https:\\\/\\\/lospoliticosveracruz.com\\\/#\\\/schema\\\/logo\\\/image\\\/\",\"url\":\"https:\\\/\\\/lospoliticosveracruz.com\\\/wp-content\\\/uploads\\\/2025\\\/12\\\/Logo-Nuevo-LOS-POLITICOS-1.jpg\",\"contentUrl\":\"https:\\\/\\\/lospoliticosveracruz.com\\\/wp-content\\\/uploads\\\/2025\\\/12\\\/Logo-Nuevo-LOS-POLITICOS-1.jpg\",\"width\":260,\"height\":70,\"caption\":\"Los pol\u00edticos Veracruz\"},\"image\":{\"@id\":\"https:\\\/\\\/lospoliticosveracruz.com\\\/#\\\/schema\\\/logo\\\/image\\\/\"},\"sameAs\":[\"https:\\\/\\\/www.facebook.com\\\/people\\\/Notimemes-de-los-Polticos\\\/61565672886568\\\/\",\"https:\\\/\\\/x.com\\\/LosPoliticosVer\"]},{\"@type\":\"Person\",\"@id\":\"https:\\\/\\\/lospoliticosveracruz.com\\\/#\\\/schema\\\/person\\\/b8702bb0e538456e6efd07080bf2a4a2\",\"name\":\"Lo viste en Los Pol\u00edticos\",\"image\":{\"@type\":\"ImageObject\",\"inLanguage\":\"es\",\"@id\":\"https:\\\/\\\/secure.gravatar.com\\\/avatar\\\/3a8de04a2656d44082be478bd6c086daa447c4651605818287b9532d3d0bd435?s=96&d=mm&r=g\",\"url\":\"https:\\\/\\\/secure.gravatar.com\\\/avatar\\\/3a8de04a2656d44082be478bd6c086daa447c4651605818287b9532d3d0bd435?s=96&d=mm&r=g\",\"contentUrl\":\"https:\\\/\\\/secure.gravatar.com\\\/avatar\\\/3a8de04a2656d44082be478bd6c086daa447c4651605818287b9532d3d0bd435?s=96&d=mm&r=g\",\"caption\":\"Lo viste en Los Pol\u00edticos\"},\"url\":\"https:\\\/\\\/lospoliticosveracruz.com\\\/?author=2\"}]}<\/script>\n<!-- \/ Yoast SEO plugin. -->","yoast_head_json":{"title":"PEPE VS NAHLE, LA RESIDENCIA DE EL DORADO - Los pol\u00edticos Veracruz","robots":{"index":"index","follow":"follow","max-snippet":"max-snippet:-1","max-image-preview":"max-image-preview:large","max-video-preview":"max-video-preview:-1"},"canonical":"https:\/\/lospoliticosveracruz.com\/?p=120503","og_locale":"es_ES","og_type":"article","og_title":"PEPE VS NAHLE, LA RESIDENCIA DE EL DORADO - Los pol\u00edticos Veracruz","og_description":"Ricardo Chua Sale y Vale OJO.. En MORENA y el equipo de campa\u00f1a de Roc\u00edo Nahle piensan que el tema de la residencia de \u00abEl Dorado\u00bb.. No va a pasar de ser un se\u00f1alamiento medi\u00e1tico y que pol\u00edticos de oposici\u00f3n no van a denunciar porque tienen propiedades, que tampoco quieren sean investigadas.. Y que no [&hellip;]","og_url":"https:\/\/lospoliticosveracruz.com\/?p=120503","og_site_name":"Los pol\u00edticos Veracruz","article_publisher":"https:\/\/www.facebook.com\/people\/Notimemes-de-los-Polticos\/61565672886568\/","article_published_time":"2024-03-19T13:05:03+00:00","article_modified_time":"2024-03-19T13:05:07+00:00","og_image":[{"width":1250,"height":667,"url":"https:\/\/lospoliticosveracruz.com\/wp-content\/uploads\/2024\/03\/Ricardo-Chua.jpg","type":"image\/jpeg"}],"author":"Lo viste en Los Pol\u00edticos","twitter_card":"summary_large_image","twitter_creator":"@LosPoliticosVer","twitter_site":"@LosPoliticosVer","twitter_misc":{"Escrito por":"Lo viste en Los Pol\u00edticos","Tiempo de lectura":"5 minutos"},"schema":{"@context":"https:\/\/schema.org","@graph":[{"@type":"Article","@id":"https:\/\/lospoliticosveracruz.com\/?p=120503#article","isPartOf":{"@id":"https:\/\/lospoliticosveracruz.com\/?p=120503"},"author":{"name":"Lo viste en Los Pol\u00edticos","@id":"https:\/\/lospoliticosveracruz.com\/#\/schema\/person\/b8702bb0e538456e6efd07080bf2a4a2"},"headline":"PEPE VS NAHLE, LA RESIDENCIA DE EL DORADO","datePublished":"2024-03-19T13:05:03+00:00","dateModified":"2024-03-19T13:05:07+00:00","mainEntityOfPage":{"@id":"https:\/\/lospoliticosveracruz.com\/?p=120503"},"wordCount":1050,"publisher":{"@id":"https:\/\/lospoliticosveracruz.com\/#organization"},"image":{"@id":"https:\/\/lospoliticosveracruz.com\/?p=120503#primaryimage"},"thumbnailUrl":"https:\/\/lospoliticosveracruz.com\/wp-content\/uploads\/2024\/03\/Ricardo-Chua.jpg","keywords":["Andr\u00e9s Manuel L\u00f3pez Obrador","Claudia Sheinbaum","Pepe Yunes","Roc\u00edo Nahle","Veracruz"],"articleSection":["De Opini\u00f3n"],"inLanguage":"es"},{"@type":"WebPage","@id":"https:\/\/lospoliticosveracruz.com\/?p=120503","url":"https:\/\/lospoliticosveracruz.com\/?p=120503","name":"PEPE VS NAHLE, LA RESIDENCIA DE EL DORADO - Los pol\u00edticos Veracruz","isPartOf":{"@id":"https:\/\/lospoliticosveracruz.com\/#website"},"primaryImageOfPage":{"@id":"https:\/\/lospoliticosveracruz.com\/?p=120503#primaryimage"},"image":{"@id":"https:\/\/lospoliticosveracruz.com\/?p=120503#primaryimage"},"thumbnailUrl":"https:\/\/lospoliticosveracruz.com\/wp-content\/uploads\/2024\/03\/Ricardo-Chua.jpg","datePublished":"2024-03-19T13:05:03+00:00","dateModified":"2024-03-19T13:05:07+00:00","breadcrumb":{"@id":"https:\/\/lospoliticosveracruz.com\/?p=120503#breadcrumb"},"inLanguage":"es","potentialAction":[{"@type":"ReadAction","target":["https:\/\/lospoliticosveracruz.com\/?p=120503"]}]},{"@type":"ImageObject","inLanguage":"es","@id":"https:\/\/lospoliticosveracruz.com\/?p=120503#primaryimage","url":"https:\/\/lospoliticosveracruz.com\/wp-content\/uploads\/2024\/03\/Ricardo-Chua.jpg","contentUrl":"https:\/\/lospoliticosveracruz.com\/wp-content\/uploads\/2024\/03\/Ricardo-Chua.jpg","width":1250,"height":667},{"@type":"BreadcrumbList","@id":"https:\/\/lospoliticosveracruz.com\/?p=120503#breadcrumb","itemListElement":[{"@type":"ListItem","position":1,"name":"Portada","item":"https:\/\/lospoliticosveracruz.com\/"},{"@type":"ListItem","position":2,"name":"PEPE VS NAHLE, LA RESIDENCIA DE EL DORADO"}]},{"@type":"WebSite","@id":"https:\/\/lospoliticosveracruz.com\/#website","url":"https:\/\/lospoliticosveracruz.com\/","name":"Los pol\u00edticos Veracruz","description":"","publisher":{"@id":"https:\/\/lospoliticosveracruz.com\/#organization"},"potentialAction":[{"@type":"SearchAction","target":{"@type":"EntryPoint","urlTemplate":"https:\/\/lospoliticosveracruz.com\/?s={search_term_string}"},"query-input":{"@type":"PropertyValueSpecification","valueRequired":true,"valueName":"search_term_string"}}],"inLanguage":"es"},{"@type":"Organization","@id":"https:\/\/lospoliticosveracruz.com\/#organization","name":"Los pol\u00edticos Veracruz","url":"https:\/\/lospoliticosveracruz.com\/","logo":{"@type":"ImageObject","inLanguage":"es","@id":"https:\/\/lospoliticosveracruz.com\/#\/schema\/logo\/image\/","url":"https:\/\/lospoliticosveracruz.com\/wp-content\/uploads\/2025\/12\/Logo-Nuevo-LOS-POLITICOS-1.jpg","contentUrl":"https:\/\/lospoliticosveracruz.com\/wp-content\/uploads\/2025\/12\/Logo-Nuevo-LOS-POLITICOS-1.jpg","width":260,"height":70,"caption":"Los pol\u00edticos Veracruz"},"image":{"@id":"https:\/\/lospoliticosveracruz.com\/#\/schema\/logo\/image\/"},"sameAs":["https:\/\/www.facebook.com\/people\/Notimemes-de-los-Polticos\/61565672886568\/","https:\/\/x.com\/LosPoliticosVer"]},{"@type":"Person","@id":"https:\/\/lospoliticosveracruz.com\/#\/schema\/person\/b8702bb0e538456e6efd07080bf2a4a2","name":"Lo viste en Los Pol\u00edticos","image":{"@type":"ImageObject","inLanguage":"es","@id":"https:\/\/secure.gravatar.com\/avatar\/3a8de04a2656d44082be478bd6c086daa447c4651605818287b9532d3d0bd435?s=96&d=mm&r=g","url":"https:\/\/secure.gravatar.com\/avatar\/3a8de04a2656d44082be478bd6c086daa447c4651605818287b9532d3d0bd435?s=96&d=mm&r=g","contentUrl":"https:\/\/secure.gravatar.com\/avatar\/3a8de04a2656d44082be478bd6c086daa447c4651605818287b9532d3d0bd435?s=96&d=mm&r=g","caption":"Lo viste en Los Pol\u00edticos"},"url":"https:\/\/lospoliticosveracruz.com\/?author=2"}]}},"_links":{"self":[{"href":"https:\/\/lospoliticosveracruz.com\/index.php?rest_route=\/wp\/v2\/posts\/120503","targetHints":{"allow":["GET"]}}],"collection":[{"href":"https:\/\/lospoliticosveracruz.com\/index.php?rest_route=\/wp\/v2\/posts"}],"about":[{"href":"https:\/\/lospoliticosveracruz.com\/index.php?rest_route=\/wp\/v2\/types\/post"}],"author":[{"embeddable":true,"href":"https:\/\/lospoliticosveracruz.com\/index.php?rest_route=\/wp\/v2\/users\/2"}],"replies":[{"embeddable":true,"href":"https:\/\/lospoliticosveracruz.com\/index.php?rest_route=%2Fwp%2Fv2%2Fcomments&post=120503"}],"version-history":[{"count":1,"href":"https:\/\/lospoliticosveracruz.com\/index.php?rest_route=\/wp\/v2\/posts\/120503\/revisions"}],"predecessor-version":[{"id":120504,"href":"https:\/\/lospoliticosveracruz.com\/index.php?rest_route=\/wp\/v2\/posts\/120503\/revisions\/120504"}],"wp:featuredmedia":[{"embeddable":true,"href":"https:\/\/lospoliticosveracruz.com\/index.php?rest_route=\/wp\/v2\/media\/119817"}],"wp:attachment":[{"href":"https:\/\/lospoliticosveracruz.com\/index.php?rest_route=%2Fwp%2Fv2%2Fmedia&parent=120503"}],"wp:term":[{"taxonomy":"category","embeddable":true,"href":"https:\/\/lospoliticosveracruz.com\/index.php?rest_route=%2Fwp%2Fv2%2Fcategories&post=120503"},{"taxonomy":"post_tag","embeddable":true,"href":"https:\/\/lospoliticosveracruz.com\/index.php?rest_route=%2Fwp%2Fv2%2Ftags&post=120503"}],"curies":[{"name":"wp","href":"https:\/\/api.w.org\/{rel}","templated":true}]}}