{"id":120505,"date":"2024-03-19T07:21:30","date_gmt":"2024-03-19T13:21:30","guid":{"rendered":"https:\/\/lospoliticosveracruz.com.mx\/?p=120505"},"modified":"2024-03-19T07:21:37","modified_gmt":"2024-03-19T13:21:37","slug":"el-esposo-incomodo","status":"publish","type":"post","link":"https:\/\/lospoliticosveracruz.com\/?p=120505","title":{"rendered":"EL ESPOSO INC\u00d3MODO"},"content":{"rendered":"\n<p><strong>Mario Maldonado<\/strong><\/p>\n\n\n\n<p><em>Historia <\/em>de Nego-<em>Ceos<\/em><\/p>\n\n\n\n<p>A Roc\u00edo Nahle le siguen explotando las minas que ha dejado en el camino su esposo, las cuales le comienzan a complicar la posibilidad de convertirse en gobernadora de Veracruz. Si bien la exsecretaria ha intentado alejarlo de los reflectores del sector energ\u00e9tico, las huellas de Jos\u00e9 Luis Pe\u00f1a Pe\u00f1a se hacen visibles en otros sectores productivos de los que se ha beneficiado en la \u00faltima d\u00e9cada con el apoyo gubernamental, y en los que ya hace promesas para cuando su pareja llegue, seg\u00fan \u00e9l, a ser titular del gobierno estatal. Adem\u00e1s de excolaborador de Pemex, Pe\u00f1a Pe\u00f1a se presenta en Veracruz como un experto en ganader\u00eda. Y asegura que, ante el \u201cinminente\u201d triunfo de su esposa en la elecci\u00f3n del pr\u00f3ximo 2 de junio, se convertir\u00e1 en funcionario del \u00e1rea correspondiente. As\u00ed lo hizo saber hace unas semanas a los integrantes de la Asociaci\u00f3n Ganadera de Sayula de Alem\u00e1n: \u201cYa ha dicho la candidata que, primeramente Dios, yo voy a estar ah\u00ed. Y cualquier problema que ustedes tengan yo no les voy a cobrar un solo peso\u201d, expres\u00f3. De estos comentarios se desprenden varios elementos de an\u00e1lisis, empezando por el delito electoral que representa involucrar los apoyos gubernamentales en la promoci\u00f3n del voto para una candidata, sobre todo cuando se cursaba el periodo intercampa\u00f1a. En su discurso, el esposo de Nahle tambi\u00e9n prometi\u00f3 que en la eventual administraci\u00f3n de la morenista el campo veracruzano va a tener la mejor tecnolog\u00eda, \u201cPorque as\u00ed lo hicimos en Dos Bocas, tuvimos la mejor tecnolog\u00eda del mundo\u201d, dijo. Esta es una aceptaci\u00f3n impl\u00edcita de que Jos\u00e9 Luis Pe\u00f1a Pe\u00f1a tuvo participaci\u00f3n en la designaci\u00f3n de contratos para la refiner\u00eda de Dos Bocas y que, por tanto, es responsable tambi\u00e9n del sobrecosto del complejo que se estim\u00f3 en 8 mil millones de d\u00f3lares y ahora se calcula que tendr\u00e1 un costo tres veces mayor, de 24 mil millones de d\u00f3lares. En su momento se revel\u00f3 que el esposo de Nahle fue quien contrat\u00f3, a trav\u00e9s del Grupo Huerta Madre, a la holandesa Van Oord para otorgar servicios a la refiner\u00eda por 4 mil 900 millones de pesos. Esa fue la tecnolog\u00eda que, en sus palabras, trajo como \u201cla mejor del mundo\u201d. En lo referente a la ganader\u00eda, hay razones por las que Roc\u00edo Nahle pretende involucrar a su marido en el tema del sector pecuario. Esta columna tuvo acceso a documentos de la compa\u00f1\u00eda Lacto Productores El Sacrificio SC de RL de CV, una sociedad constituida en 2008 en Tabasco para producir, almacenar, conservar, pasteurizar, distribuir y comercializar la leche y sus derivados. El nombre de Jos\u00e9 Luis Pe\u00f1a Pe\u00f1a aparece como uno de los accionistas de esta empresa. Desde el 2013, Lacto Productores El Sacrificio es beneficiaria de subsidios del Programa de Fomento a la Econom\u00eda Social de la Secretar\u00eda de Econom\u00eda, con apoyos trimestrales por alrededor de los 500 mil pesos. Dicho programa, identificado con la clave S017, da prioridad a los apoyos a peque\u00f1os y medianos productores pecuarios de la regi\u00f3n de Tabasco y Veracruz, siempre incluyendo entre sus beneficiarios a la empresa en la que figuraba Pe\u00f1a Pe\u00f1a, por lo menos durante toda la administraci\u00f3n de Enrique Pe\u00f1a Nieto. Es dif\u00edcil ocultar los rastros de un marido inc\u00f3modo para el que Roc\u00edo Nahle parece haber solicitado m\u00faltiples favores a diferentes gobiernos; por tanto, y sumado a que la zacatecana sigue adoleciendo de arraigo en el estado que quiere gobernar, la apuesta de Morena por retener el estado que gobierna Cuitl\u00e1huac Garc\u00eda se ve cuesta arriba.\u201d (FUENTE: EL UNIVERSAL, MARIO MALDONADO, HISTORIAS DE NEGO-CEOS, 19\/MARZO\/2024)-<\/p>\n\n\n\n<figure class=\"wp-block-embed\"><div class=\"wp-block-embed__wrapper\">\nhttps:\/\/www.eluniversal.com.mx\/opinion\/mario-maldonado\/el-esposo-incomodo\/\n<\/div><\/figure>\n","protected":false},"excerpt":{"rendered":"<p>Mario Maldonado Historia de Nego-Ceos A Roc\u00edo Nahle le siguen explotando las minas que ha dejado en el camino su esposo, las cuales le comienzan a complicar la posibilidad de convertirse en gobernadora de Veracruz. Si bien la exsecretaria ha intentado alejarlo de los reflectores del sector energ\u00e9tico, las huellas de Jos\u00e9 Luis Pe\u00f1a Pe\u00f1a [&hellip;]<\/p>\n","protected":false},"author":2,"featured_media":0,"comment_status":"closed","ping_status":"closed","sticky":false,"template":"","format":"standard","meta":{"tdm_status":"","tdm_grid_status":"","footnotes":""},"categories":[70],"tags":[40490,40064,1026,3578,195],"class_list":{"0":"post-120505","1":"post","2":"type-post","3":"status-publish","4":"format-standard","6":"category-de-opinion","7":"tag-el-sacrificio","8":"tag-jose-luis-pena-pena","9":"tag-morena","10":"tag-rocio-nahle","11":"tag-veracruz"},"yoast_head":"<!-- This site is optimized with the Yoast SEO plugin v27.4 - https:\/\/yoast.com\/product\/yoast-seo-wordpress\/ -->\n<title>EL ESPOSO INC\u00d3MODO - Los pol\u00edticos Veracruz<\/title>\n<meta name=\"robots\" content=\"index, follow, max-snippet:-1, max-image-preview:large, max-video-preview:-1\" \/>\n<link rel=\"canonical\" href=\"https:\/\/lospoliticosveracruz.com\/?p=120505\" \/>\n<meta property=\"og:locale\" content=\"es_ES\" \/>\n<meta property=\"og:type\" content=\"article\" \/>\n<meta property=\"og:title\" content=\"EL ESPOSO INC\u00d3MODO - Los pol\u00edticos Veracruz\" \/>\n<meta property=\"og:description\" content=\"Mario Maldonado Historia de Nego-Ceos A Roc\u00edo Nahle le siguen explotando las minas que ha dejado en el camino su esposo, las cuales le comienzan a complicar la posibilidad de convertirse en gobernadora de Veracruz. Si bien la exsecretaria ha intentado alejarlo de los reflectores del sector energ\u00e9tico, las huellas de Jos\u00e9 Luis Pe\u00f1a Pe\u00f1a [&hellip;]\" \/>\n<meta property=\"og:url\" content=\"https:\/\/lospoliticosveracruz.com\/?p=120505\" \/>\n<meta property=\"og:site_name\" content=\"Los pol\u00edticos Veracruz\" \/>\n<meta property=\"article:publisher\" content=\"https:\/\/www.facebook.com\/people\/Notimemes-de-los-Polticos\/61565672886568\/\" \/>\n<meta property=\"article:published_time\" content=\"2024-03-19T13:21:30+00:00\" \/>\n<meta property=\"article:modified_time\" content=\"2024-03-19T13:21:37+00:00\" \/>\n<meta property=\"og:image\" content=\"https:\/\/lospoliticosveracruz.com\/wp-content\/uploads\/2016\/07\/Logo-Dor.jpg\" \/>\n\t<meta property=\"og:image:width\" content=\"200\" \/>\n\t<meta property=\"og:image:height\" content=\"200\" \/>\n\t<meta property=\"og:image:type\" content=\"image\/jpeg\" \/>\n<meta name=\"author\" content=\"Lo viste en Los Pol\u00edticos\" \/>\n<meta name=\"twitter:card\" content=\"summary_large_image\" \/>\n<meta name=\"twitter:creator\" content=\"@LosPoliticosVer\" \/>\n<meta name=\"twitter:site\" content=\"@LosPoliticosVer\" \/>\n<meta name=\"twitter:label1\" content=\"Escrito por\" \/>\n\t<meta name=\"twitter:data1\" content=\"Lo viste en Los Pol\u00edticos\" \/>\n\t<meta name=\"twitter:label2\" content=\"Tiempo de lectura\" \/>\n\t<meta name=\"twitter:data2\" content=\"3 minutos\" \/>\n<script type=\"application\/ld+json\" class=\"yoast-schema-graph\">{\"@context\":\"https:\\\/\\\/schema.org\",\"@graph\":[{\"@type\":\"Article\",\"@id\":\"https:\\\/\\\/lospoliticosveracruz.com\\\/?p=120505#article\",\"isPartOf\":{\"@id\":\"https:\\\/\\\/lospoliticosveracruz.com\\\/?p=120505\"},\"author\":{\"name\":\"Lo viste en Los Pol\u00edticos\",\"@id\":\"https:\\\/\\\/lospoliticosveracruz.com\\\/#\\\/schema\\\/person\\\/b8702bb0e538456e6efd07080bf2a4a2\"},\"headline\":\"EL ESPOSO INC\u00d3MODO\",\"datePublished\":\"2024-03-19T13:21:30+00:00\",\"dateModified\":\"2024-03-19T13:21:37+00:00\",\"mainEntityOfPage\":{\"@id\":\"https:\\\/\\\/lospoliticosveracruz.com\\\/?p=120505\"},\"wordCount\":658,\"publisher\":{\"@id\":\"https:\\\/\\\/lospoliticosveracruz.com\\\/#organization\"},\"keywords\":[\"El Sacrificio\",\"Jos\u00e9 Luis Pe\u00f1a Pe\u00f1a\",\"Morena\",\"Roc\u00edo Nahle\",\"Veracruz\"],\"articleSection\":[\"De Opini\u00f3n\"],\"inLanguage\":\"es\"},{\"@type\":\"WebPage\",\"@id\":\"https:\\\/\\\/lospoliticosveracruz.com\\\/?p=120505\",\"url\":\"https:\\\/\\\/lospoliticosveracruz.com\\\/?p=120505\",\"name\":\"EL ESPOSO INC\u00d3MODO - Los pol\u00edticos Veracruz\",\"isPartOf\":{\"@id\":\"https:\\\/\\\/lospoliticosveracruz.com\\\/#website\"},\"datePublished\":\"2024-03-19T13:21:30+00:00\",\"dateModified\":\"2024-03-19T13:21:37+00:00\",\"breadcrumb\":{\"@id\":\"https:\\\/\\\/lospoliticosveracruz.com\\\/?p=120505#breadcrumb\"},\"inLanguage\":\"es\",\"potentialAction\":[{\"@type\":\"ReadAction\",\"target\":[\"https:\\\/\\\/lospoliticosveracruz.com\\\/?p=120505\"]}]},{\"@type\":\"BreadcrumbList\",\"@id\":\"https:\\\/\\\/lospoliticosveracruz.com\\\/?p=120505#breadcrumb\",\"itemListElement\":[{\"@type\":\"ListItem\",\"position\":1,\"name\":\"Portada\",\"item\":\"https:\\\/\\\/lospoliticosveracruz.com\\\/\"},{\"@type\":\"ListItem\",\"position\":2,\"name\":\"EL ESPOSO INC\u00d3MODO\"}]},{\"@type\":\"WebSite\",\"@id\":\"https:\\\/\\\/lospoliticosveracruz.com\\\/#website\",\"url\":\"https:\\\/\\\/lospoliticosveracruz.com\\\/\",\"name\":\"Los pol\u00edticos Veracruz\",\"description\":\"\",\"publisher\":{\"@id\":\"https:\\\/\\\/lospoliticosveracruz.com\\\/#organization\"},\"potentialAction\":[{\"@type\":\"SearchAction\",\"target\":{\"@type\":\"EntryPoint\",\"urlTemplate\":\"https:\\\/\\\/lospoliticosveracruz.com\\\/?s={search_term_string}\"},\"query-input\":{\"@type\":\"PropertyValueSpecification\",\"valueRequired\":true,\"valueName\":\"search_term_string\"}}],\"inLanguage\":\"es\"},{\"@type\":\"Organization\",\"@id\":\"https:\\\/\\\/lospoliticosveracruz.com\\\/#organization\",\"name\":\"Los pol\u00edticos Veracruz\",\"url\":\"https:\\\/\\\/lospoliticosveracruz.com\\\/\",\"logo\":{\"@type\":\"ImageObject\",\"inLanguage\":\"es\",\"@id\":\"https:\\\/\\\/lospoliticosveracruz.com\\\/#\\\/schema\\\/logo\\\/image\\\/\",\"url\":\"https:\\\/\\\/lospoliticosveracruz.com\\\/wp-content\\\/uploads\\\/2025\\\/12\\\/Logo-Nuevo-LOS-POLITICOS-1.jpg\",\"contentUrl\":\"https:\\\/\\\/lospoliticosveracruz.com\\\/wp-content\\\/uploads\\\/2025\\\/12\\\/Logo-Nuevo-LOS-POLITICOS-1.jpg\",\"width\":260,\"height\":70,\"caption\":\"Los pol\u00edticos Veracruz\"},\"image\":{\"@id\":\"https:\\\/\\\/lospoliticosveracruz.com\\\/#\\\/schema\\\/logo\\\/image\\\/\"},\"sameAs\":[\"https:\\\/\\\/www.facebook.com\\\/people\\\/Notimemes-de-los-Polticos\\\/61565672886568\\\/\",\"https:\\\/\\\/x.com\\\/LosPoliticosVer\"]},{\"@type\":\"Person\",\"@id\":\"https:\\\/\\\/lospoliticosveracruz.com\\\/#\\\/schema\\\/person\\\/b8702bb0e538456e6efd07080bf2a4a2\",\"name\":\"Lo viste en Los Pol\u00edticos\",\"image\":{\"@type\":\"ImageObject\",\"inLanguage\":\"es\",\"@id\":\"https:\\\/\\\/secure.gravatar.com\\\/avatar\\\/3a8de04a2656d44082be478bd6c086daa447c4651605818287b9532d3d0bd435?s=96&d=mm&r=g\",\"url\":\"https:\\\/\\\/secure.gravatar.com\\\/avatar\\\/3a8de04a2656d44082be478bd6c086daa447c4651605818287b9532d3d0bd435?s=96&d=mm&r=g\",\"contentUrl\":\"https:\\\/\\\/secure.gravatar.com\\\/avatar\\\/3a8de04a2656d44082be478bd6c086daa447c4651605818287b9532d3d0bd435?s=96&d=mm&r=g\",\"caption\":\"Lo viste en Los Pol\u00edticos\"},\"url\":\"https:\\\/\\\/lospoliticosveracruz.com\\\/?author=2\"}]}<\/script>\n<!-- \/ Yoast SEO plugin. -->","yoast_head_json":{"title":"EL ESPOSO INC\u00d3MODO - Los pol\u00edticos Veracruz","robots":{"index":"index","follow":"follow","max-snippet":"max-snippet:-1","max-image-preview":"max-image-preview:large","max-video-preview":"max-video-preview:-1"},"canonical":"https:\/\/lospoliticosveracruz.com\/?p=120505","og_locale":"es_ES","og_type":"article","og_title":"EL ESPOSO INC\u00d3MODO - Los pol\u00edticos Veracruz","og_description":"Mario Maldonado Historia de Nego-Ceos A Roc\u00edo Nahle le siguen explotando las minas que ha dejado en el camino su esposo, las cuales le comienzan a complicar la posibilidad de convertirse en gobernadora de Veracruz. Si bien la exsecretaria ha intentado alejarlo de los reflectores del sector energ\u00e9tico, las huellas de Jos\u00e9 Luis Pe\u00f1a Pe\u00f1a [&hellip;]","og_url":"https:\/\/lospoliticosveracruz.com\/?p=120505","og_site_name":"Los pol\u00edticos Veracruz","article_publisher":"https:\/\/www.facebook.com\/people\/Notimemes-de-los-Polticos\/61565672886568\/","article_published_time":"2024-03-19T13:21:30+00:00","article_modified_time":"2024-03-19T13:21:37+00:00","og_image":[{"width":200,"height":200,"url":"https:\/\/lospoliticosveracruz.com\/wp-content\/uploads\/2016\/07\/Logo-Dor.jpg","type":"image\/jpeg"}],"author":"Lo viste en Los Pol\u00edticos","twitter_card":"summary_large_image","twitter_creator":"@LosPoliticosVer","twitter_site":"@LosPoliticosVer","twitter_misc":{"Escrito por":"Lo viste en Los Pol\u00edticos","Tiempo de lectura":"3 minutos"},"schema":{"@context":"https:\/\/schema.org","@graph":[{"@type":"Article","@id":"https:\/\/lospoliticosveracruz.com\/?p=120505#article","isPartOf":{"@id":"https:\/\/lospoliticosveracruz.com\/?p=120505"},"author":{"name":"Lo viste en Los Pol\u00edticos","@id":"https:\/\/lospoliticosveracruz.com\/#\/schema\/person\/b8702bb0e538456e6efd07080bf2a4a2"},"headline":"EL ESPOSO INC\u00d3MODO","datePublished":"2024-03-19T13:21:30+00:00","dateModified":"2024-03-19T13:21:37+00:00","mainEntityOfPage":{"@id":"https:\/\/lospoliticosveracruz.com\/?p=120505"},"wordCount":658,"publisher":{"@id":"https:\/\/lospoliticosveracruz.com\/#organization"},"keywords":["El Sacrificio","Jos\u00e9 Luis Pe\u00f1a Pe\u00f1a","Morena","Roc\u00edo Nahle","Veracruz"],"articleSection":["De Opini\u00f3n"],"inLanguage":"es"},{"@type":"WebPage","@id":"https:\/\/lospoliticosveracruz.com\/?p=120505","url":"https:\/\/lospoliticosveracruz.com\/?p=120505","name":"EL ESPOSO INC\u00d3MODO - Los pol\u00edticos Veracruz","isPartOf":{"@id":"https:\/\/lospoliticosveracruz.com\/#website"},"datePublished":"2024-03-19T13:21:30+00:00","dateModified":"2024-03-19T13:21:37+00:00","breadcrumb":{"@id":"https:\/\/lospoliticosveracruz.com\/?p=120505#breadcrumb"},"inLanguage":"es","potentialAction":[{"@type":"ReadAction","target":["https:\/\/lospoliticosveracruz.com\/?p=120505"]}]},{"@type":"BreadcrumbList","@id":"https:\/\/lospoliticosveracruz.com\/?p=120505#breadcrumb","itemListElement":[{"@type":"ListItem","position":1,"name":"Portada","item":"https:\/\/lospoliticosveracruz.com\/"},{"@type":"ListItem","position":2,"name":"EL ESPOSO INC\u00d3MODO"}]},{"@type":"WebSite","@id":"https:\/\/lospoliticosveracruz.com\/#website","url":"https:\/\/lospoliticosveracruz.com\/","name":"Los pol\u00edticos Veracruz","description":"","publisher":{"@id":"https:\/\/lospoliticosveracruz.com\/#organization"},"potentialAction":[{"@type":"SearchAction","target":{"@type":"EntryPoint","urlTemplate":"https:\/\/lospoliticosveracruz.com\/?s={search_term_string}"},"query-input":{"@type":"PropertyValueSpecification","valueRequired":true,"valueName":"search_term_string"}}],"inLanguage":"es"},{"@type":"Organization","@id":"https:\/\/lospoliticosveracruz.com\/#organization","name":"Los pol\u00edticos Veracruz","url":"https:\/\/lospoliticosveracruz.com\/","logo":{"@type":"ImageObject","inLanguage":"es","@id":"https:\/\/lospoliticosveracruz.com\/#\/schema\/logo\/image\/","url":"https:\/\/lospoliticosveracruz.com\/wp-content\/uploads\/2025\/12\/Logo-Nuevo-LOS-POLITICOS-1.jpg","contentUrl":"https:\/\/lospoliticosveracruz.com\/wp-content\/uploads\/2025\/12\/Logo-Nuevo-LOS-POLITICOS-1.jpg","width":260,"height":70,"caption":"Los pol\u00edticos Veracruz"},"image":{"@id":"https:\/\/lospoliticosveracruz.com\/#\/schema\/logo\/image\/"},"sameAs":["https:\/\/www.facebook.com\/people\/Notimemes-de-los-Polticos\/61565672886568\/","https:\/\/x.com\/LosPoliticosVer"]},{"@type":"Person","@id":"https:\/\/lospoliticosveracruz.com\/#\/schema\/person\/b8702bb0e538456e6efd07080bf2a4a2","name":"Lo viste en Los Pol\u00edticos","image":{"@type":"ImageObject","inLanguage":"es","@id":"https:\/\/secure.gravatar.com\/avatar\/3a8de04a2656d44082be478bd6c086daa447c4651605818287b9532d3d0bd435?s=96&d=mm&r=g","url":"https:\/\/secure.gravatar.com\/avatar\/3a8de04a2656d44082be478bd6c086daa447c4651605818287b9532d3d0bd435?s=96&d=mm&r=g","contentUrl":"https:\/\/secure.gravatar.com\/avatar\/3a8de04a2656d44082be478bd6c086daa447c4651605818287b9532d3d0bd435?s=96&d=mm&r=g","caption":"Lo viste en Los Pol\u00edticos"},"url":"https:\/\/lospoliticosveracruz.com\/?author=2"}]}},"_links":{"self":[{"href":"https:\/\/lospoliticosveracruz.com\/index.php?rest_route=\/wp\/v2\/posts\/120505","targetHints":{"allow":["GET"]}}],"collection":[{"href":"https:\/\/lospoliticosveracruz.com\/index.php?rest_route=\/wp\/v2\/posts"}],"about":[{"href":"https:\/\/lospoliticosveracruz.com\/index.php?rest_route=\/wp\/v2\/types\/post"}],"author":[{"embeddable":true,"href":"https:\/\/lospoliticosveracruz.com\/index.php?rest_route=\/wp\/v2\/users\/2"}],"replies":[{"embeddable":true,"href":"https:\/\/lospoliticosveracruz.com\/index.php?rest_route=%2Fwp%2Fv2%2Fcomments&post=120505"}],"version-history":[{"count":2,"href":"https:\/\/lospoliticosveracruz.com\/index.php?rest_route=\/wp\/v2\/posts\/120505\/revisions"}],"predecessor-version":[{"id":120507,"href":"https:\/\/lospoliticosveracruz.com\/index.php?rest_route=\/wp\/v2\/posts\/120505\/revisions\/120507"}],"wp:attachment":[{"href":"https:\/\/lospoliticosveracruz.com\/index.php?rest_route=%2Fwp%2Fv2%2Fmedia&parent=120505"}],"wp:term":[{"taxonomy":"category","embeddable":true,"href":"https:\/\/lospoliticosveracruz.com\/index.php?rest_route=%2Fwp%2Fv2%2Fcategories&post=120505"},{"taxonomy":"post_tag","embeddable":true,"href":"https:\/\/lospoliticosveracruz.com\/index.php?rest_route=%2Fwp%2Fv2%2Ftags&post=120505"}],"curies":[{"name":"wp","href":"https:\/\/api.w.org\/{rel}","templated":true}]}}