{"id":120538,"date":"2024-03-19T15:37:10","date_gmt":"2024-03-19T21:37:10","guid":{"rendered":"https:\/\/lospoliticosveracruz.com.mx\/?p=120538"},"modified":"2024-03-19T15:37:18","modified_gmt":"2024-03-19T21:37:18","slug":"americo-gano-el-debate","status":"publish","type":"post","link":"https:\/\/lospoliticosveracruz.com\/?p=120538","title":{"rendered":"AM\u00c9RICO GAN\u00d3 EL DEBATE!"},"content":{"rendered":"\n<p><strong>Xalapa<\/strong><br>Con la \u00fanica propuesta clara, concreta y fundamentada, Am\u00e9rico Z\u00fa\u00f1iga Mart\u00ednez, candidato a la diputaci\u00f3n federal por Xalapa gan\u00f3 el debate que se llev\u00f3 a cabo en la Universidad de Xalapa.<\/p>\n\n\n<div class=\"wp-block-image\">\n<figure class=\"alignleft size-medium\"><a href=\"https:\/\/lospoliticosveracruz.com.mx\/wp-content\/uploads\/2023\/02\/Estancia.jpg\"><img decoding=\"async\" src=\"https:\/\/lospoliticosveracruz.com.mx\/wp-content\/uploads\/2023\/02\/Estancia-190x300.jpg\" alt=\"\" class=\"wp-image-102751\"\/><\/a><\/figure>\n<\/div>\n\n\n<p>Este martes, en las instalaciones de la prestigiosa UX, se llev\u00f3 a cabo el conversatorio \u00abEstrategias y Pol\u00edticas P\u00fablicas Educativas con candidatas y candidato por el Distrito 10 de Xalapa\u00bb.<\/p>\n\n\n\n<p>Adem\u00e1s de Am\u00e9rico Z\u00fa\u00f1iga Mart\u00ednez, acudieron las candidatas de Morena, Ana Miriam Ferr\u00e1ez Centeno y de Movimiento Ciudadano, Erika Blix Portilla; quienes se vieron sumamente limitadas en las propuestas que expusieron ante los universitarios.<\/p>\n\n\n\n<p>Ante j\u00f3venes estudiantes de las carreras de Derecho y Ciencias Pol\u00edticas, el abanderado de la coalici\u00f3n Fuerza y Coraz\u00f3n por M\u00e9xico fue el \u00fanico que present\u00f3 un proyecto con hechos tangibles y visibles.<\/p>\n\n\n\n<p>Destac\u00f3 que su trabajo siempre ha estado vinculado al servicio p\u00fablico por m\u00e1s de 20 a\u00f1os. Record\u00f3 que a su paso por la presidencia municipal realiz\u00f3 acciones en obras como 30 colectores, pero tambi\u00e9n atendi\u00f3 la cultura y el deporte al construir el IMAC, el auditorio D\u00edaz Mir\u00f3n, o rehabilitar el Deportivo Col\u00f3n, el Teatro J.J. Herrera o el Centro Recreativo de Xalapa.<\/p>\n\n\n\n<p>Con relaci\u00f3n al tema educativo, indic\u00f3 que de acuerdo con la OCDE, M\u00e9xico est\u00e1 en el lugar 51 de 81 pa\u00edses con el peor nivel educativo, sobre todo, porque los fondos federales los desapareci\u00f3 este gobierno.<\/p>\n\n\n\n<p>Por ello, consider\u00f3 que es importante vincular a los egresados con las empresas, adem\u00e1s de que en el Presupuesto de Egresos de la Federaci\u00f3n se debe observar hacia d\u00f3nde se destinan m\u00e1s recursos y actualmente la administraci\u00f3n de Morena los ha disminuido en educaci\u00f3n, salud y seguridad.<\/p>\n\n\n\n<p>Am\u00e9rico Z\u00fa\u00f1iga sostuvo que los sectores m\u00e1s afectados presupuestalmente son la Educaci\u00f3n para Adultos con un 35% menos, la Educaci\u00f3n Superior con un 14% de decremento y la Educaci\u00f3n B\u00e1sica con un 6% menos.<\/p>\n\n\n\n<p>Am\u00e9rico Z\u00fa\u00f1iga tambi\u00e9n expuso que est\u00e1 a favor de los programas sociales, pero estos deben ir aparejados de proyectos para impulsar el conocimiento y la capacitaci\u00f3n.<\/p>\n\n\n\n<p>\u00abCreo en la educaci\u00f3n y debe haber un impulso para ella. Nosotros tenemos una firme convicci\u00f3n de apoyar la educaci\u00f3n, de conectarla con el sector productivo, de impulsar empleos bien pagados\u00bb.<\/p>\n\n\n\n<p>Por eso dijo que son los diputados y las leyes, los que deben abrir brecha para atraer inversiones y generen fuentes laborales.<\/p>\n\n\n\n<p>\u00abSer diputado implica presentar iniciativas y trabajar para que se hagan nuevas leyes, para incidir en los presupuestos de Egresos de la Federaci\u00f3n, ser diputado implica trabajar cercano a todos ustedes. Cuando ustedes contratan a una persona, h\u00e1ganlo con conocimiento de causa, qu\u00e9 has hecho, qu\u00e9 fuiste, cu\u00e1l fue su apoyo en el tema educativo\u00bb, acot\u00f3.<\/p>\n\n\n\n<p>Cuando fue alcalde, record\u00f3 que el 50 por ciento de las escuelas p\u00fablicas tuvieron aulas, pintura, domos o drenajes. Adem\u00e1s apoyaron la educaci\u00f3n inicial. Fueron 5.2 millones de raciones alimentarias para ni\u00f1os.<\/p>\n\n\n\n<p>\u00abLa educaci\u00f3n para m\u00ed es fundamental. Una raz\u00f3n personal. Soy hijo de maestros, mi padre, maestro de educaci\u00f3n b\u00e1sica y mi madre, educadora. Tengo un gran compromiso con la educaci\u00f3n, con la viabilidad y productividad de Veracruz, porque creo que la educaci\u00f3n sirve para eso, para apalancar el desarrollo\u00bb, explic\u00f3 el candidato.<\/p>\n\n\n\n<p>Ante los estudiantes, dijo que no se trata de vender pasado, sino de ir a un nuevo futuro que atienda las necesidades b\u00e1sicas de la juventud, por ello exhort\u00f3 a los j\u00f3venes a revisar su hoja de trabajo.<\/p>\n\n\n\n<p>\u00abEs un reto enorme y un gran compromiso hablar con ustedes. Los j\u00f3venes son los que van a decidir la elecci\u00f3n. No ganan los pol\u00edticos, no ganan los partidos, deben ganar ustedes. No compren espejitos, voten por el m\u00e1s preparado y el m\u00e1s experimentado. No se trata de discursos, se trata de resultados y estos hablan por uno\u00bb.<\/p>\n\n\n\n<p>Am\u00e9rico Z\u00fa\u00f1iga fue el \u00fanico candidato que a su llegada al foro salud\u00f3 de mano a cada una de las alumnas y alumnos que asistieron al evento, mientras las otras dos candidatas llegaron directamente a tomar su lugar en el presidium, sin saludar a ninguno de los estudiantes asistentes.<\/p>\n\n\n\n<p>Al concluir el foro, la primera persona en abandonar las instalaciones de la Universidad de Xalapa fue la candidata de Morena, Ana Miriam Ferr\u00e1ez, mientras que el candidato a diputado federal Am\u00e9rico Z\u00fa\u00f1iga a\u00fan se qued\u00f3 conversando y tom\u00e1ndose fotos con estudiantes que emp\u00e1ticamente se le acercaron para externar sus coincidencias con las propuestas del abanderado de la coalici\u00f3n Fuerza y Coraz\u00f3n por M\u00e9xico.<\/p>\n","protected":false},"excerpt":{"rendered":"<p>XalapaCon la \u00fanica propuesta clara, concreta y fundamentada, Am\u00e9rico Z\u00fa\u00f1iga Mart\u00ednez, candidato a la diputaci\u00f3n federal por Xalapa gan\u00f3 el debate que se llev\u00f3 a cabo en la Universidad de Xalapa. Este martes, en las instalaciones de la prestigiosa UX, se llev\u00f3 a cabo el conversatorio \u00abEstrategias y Pol\u00edticas P\u00fablicas Educativas con candidatas y candidato [&hellip;]<\/p>\n","protected":false},"author":2,"featured_media":0,"comment_status":"closed","ping_status":"closed","sticky":false,"template":"","format":"standard","meta":{"tdm_status":"","tdm_grid_status":"","footnotes":""},"categories":[73],"tags":[539],"class_list":{"0":"post-120538","1":"post","2":"type-post","3":"status-publish","4":"format-standard","6":"category-de-boleto","7":"tag-americo-zuniga-martinez"},"yoast_head":"<!-- This site is optimized with the Yoast SEO plugin v27.4 - https:\/\/yoast.com\/product\/yoast-seo-wordpress\/ -->\n<title>AM\u00c9RICO GAN\u00d3 EL DEBATE! - Los pol\u00edticos Veracruz<\/title>\n<meta name=\"robots\" content=\"index, follow, max-snippet:-1, max-image-preview:large, max-video-preview:-1\" \/>\n<link rel=\"canonical\" href=\"https:\/\/lospoliticosveracruz.com\/?p=120538\" \/>\n<meta property=\"og:locale\" content=\"es_ES\" \/>\n<meta property=\"og:type\" content=\"article\" \/>\n<meta property=\"og:title\" content=\"AM\u00c9RICO GAN\u00d3 EL DEBATE! - Los pol\u00edticos Veracruz\" \/>\n<meta property=\"og:description\" content=\"XalapaCon la \u00fanica propuesta clara, concreta y fundamentada, Am\u00e9rico Z\u00fa\u00f1iga Mart\u00ednez, candidato a la diputaci\u00f3n federal por Xalapa gan\u00f3 el debate que se llev\u00f3 a cabo en la Universidad de Xalapa. Este martes, en las instalaciones de la prestigiosa UX, se llev\u00f3 a cabo el conversatorio \u00abEstrategias y Pol\u00edticas P\u00fablicas Educativas con candidatas y candidato [&hellip;]\" \/>\n<meta property=\"og:url\" content=\"https:\/\/lospoliticosveracruz.com\/?p=120538\" \/>\n<meta property=\"og:site_name\" content=\"Los pol\u00edticos Veracruz\" \/>\n<meta property=\"article:publisher\" content=\"https:\/\/www.facebook.com\/people\/Notimemes-de-los-Polticos\/61565672886568\/\" \/>\n<meta property=\"article:published_time\" content=\"2024-03-19T21:37:10+00:00\" \/>\n<meta property=\"article:modified_time\" content=\"2024-03-19T21:37:18+00:00\" \/>\n<meta property=\"og:image\" content=\"https:\/\/lospoliticosveracruz.com.mx\/wp-content\/uploads\/2023\/02\/Estancia-190x300.jpg\" \/>\n<meta name=\"author\" content=\"Lo viste en Los Pol\u00edticos\" \/>\n<meta name=\"twitter:card\" content=\"summary_large_image\" \/>\n<meta name=\"twitter:creator\" content=\"@LosPoliticosVer\" \/>\n<meta name=\"twitter:site\" content=\"@LosPoliticosVer\" \/>\n<meta name=\"twitter:label1\" content=\"Escrito por\" \/>\n\t<meta name=\"twitter:data1\" content=\"Lo viste en Los Pol\u00edticos\" \/>\n\t<meta name=\"twitter:label2\" content=\"Tiempo de lectura\" \/>\n\t<meta name=\"twitter:data2\" content=\"4 minutos\" \/>\n<script type=\"application\/ld+json\" class=\"yoast-schema-graph\">{\"@context\":\"https:\\\/\\\/schema.org\",\"@graph\":[{\"@type\":\"Article\",\"@id\":\"https:\\\/\\\/lospoliticosveracruz.com\\\/?p=120538#article\",\"isPartOf\":{\"@id\":\"https:\\\/\\\/lospoliticosveracruz.com\\\/?p=120538\"},\"author\":{\"name\":\"Lo viste en Los Pol\u00edticos\",\"@id\":\"https:\\\/\\\/lospoliticosveracruz.com\\\/#\\\/schema\\\/person\\\/b8702bb0e538456e6efd07080bf2a4a2\"},\"headline\":\"AM\u00c9RICO GAN\u00d3 EL DEBATE!\",\"datePublished\":\"2024-03-19T21:37:10+00:00\",\"dateModified\":\"2024-03-19T21:37:18+00:00\",\"mainEntityOfPage\":{\"@id\":\"https:\\\/\\\/lospoliticosveracruz.com\\\/?p=120538\"},\"wordCount\":810,\"publisher\":{\"@id\":\"https:\\\/\\\/lospoliticosveracruz.com\\\/#organization\"},\"image\":{\"@id\":\"https:\\\/\\\/lospoliticosveracruz.com\\\/?p=120538#primaryimage\"},\"thumbnailUrl\":\"https:\\\/\\\/lospoliticosveracruz.com.mx\\\/wp-content\\\/uploads\\\/2023\\\/02\\\/Estancia-190x300.jpg\",\"keywords\":[\"Am\u00e9rico Z\u00fa\u00f1iga Mart\u00ednez\"],\"articleSection\":[\"De Boleto\"],\"inLanguage\":\"es\"},{\"@type\":\"WebPage\",\"@id\":\"https:\\\/\\\/lospoliticosveracruz.com\\\/?p=120538\",\"url\":\"https:\\\/\\\/lospoliticosveracruz.com\\\/?p=120538\",\"name\":\"AM\u00c9RICO GAN\u00d3 EL DEBATE! - Los pol\u00edticos Veracruz\",\"isPartOf\":{\"@id\":\"https:\\\/\\\/lospoliticosveracruz.com\\\/#website\"},\"primaryImageOfPage\":{\"@id\":\"https:\\\/\\\/lospoliticosveracruz.com\\\/?p=120538#primaryimage\"},\"image\":{\"@id\":\"https:\\\/\\\/lospoliticosveracruz.com\\\/?p=120538#primaryimage\"},\"thumbnailUrl\":\"https:\\\/\\\/lospoliticosveracruz.com.mx\\\/wp-content\\\/uploads\\\/2023\\\/02\\\/Estancia-190x300.jpg\",\"datePublished\":\"2024-03-19T21:37:10+00:00\",\"dateModified\":\"2024-03-19T21:37:18+00:00\",\"breadcrumb\":{\"@id\":\"https:\\\/\\\/lospoliticosveracruz.com\\\/?p=120538#breadcrumb\"},\"inLanguage\":\"es\",\"potentialAction\":[{\"@type\":\"ReadAction\",\"target\":[\"https:\\\/\\\/lospoliticosveracruz.com\\\/?p=120538\"]}]},{\"@type\":\"ImageObject\",\"inLanguage\":\"es\",\"@id\":\"https:\\\/\\\/lospoliticosveracruz.com\\\/?p=120538#primaryimage\",\"url\":\"https:\\\/\\\/lospoliticosveracruz.com.mx\\\/wp-content\\\/uploads\\\/2023\\\/02\\\/Estancia-190x300.jpg\",\"contentUrl\":\"https:\\\/\\\/lospoliticosveracruz.com.mx\\\/wp-content\\\/uploads\\\/2023\\\/02\\\/Estancia-190x300.jpg\"},{\"@type\":\"BreadcrumbList\",\"@id\":\"https:\\\/\\\/lospoliticosveracruz.com\\\/?p=120538#breadcrumb\",\"itemListElement\":[{\"@type\":\"ListItem\",\"position\":1,\"name\":\"Portada\",\"item\":\"https:\\\/\\\/lospoliticosveracruz.com\\\/\"},{\"@type\":\"ListItem\",\"position\":2,\"name\":\"AM\u00c9RICO GAN\u00d3 EL DEBATE!\"}]},{\"@type\":\"WebSite\",\"@id\":\"https:\\\/\\\/lospoliticosveracruz.com\\\/#website\",\"url\":\"https:\\\/\\\/lospoliticosveracruz.com\\\/\",\"name\":\"Los pol\u00edticos Veracruz\",\"description\":\"\",\"publisher\":{\"@id\":\"https:\\\/\\\/lospoliticosveracruz.com\\\/#organization\"},\"potentialAction\":[{\"@type\":\"SearchAction\",\"target\":{\"@type\":\"EntryPoint\",\"urlTemplate\":\"https:\\\/\\\/lospoliticosveracruz.com\\\/?s={search_term_string}\"},\"query-input\":{\"@type\":\"PropertyValueSpecification\",\"valueRequired\":true,\"valueName\":\"search_term_string\"}}],\"inLanguage\":\"es\"},{\"@type\":\"Organization\",\"@id\":\"https:\\\/\\\/lospoliticosveracruz.com\\\/#organization\",\"name\":\"Los pol\u00edticos Veracruz\",\"url\":\"https:\\\/\\\/lospoliticosveracruz.com\\\/\",\"logo\":{\"@type\":\"ImageObject\",\"inLanguage\":\"es\",\"@id\":\"https:\\\/\\\/lospoliticosveracruz.com\\\/#\\\/schema\\\/logo\\\/image\\\/\",\"url\":\"https:\\\/\\\/lospoliticosveracruz.com\\\/wp-content\\\/uploads\\\/2025\\\/12\\\/Logo-Nuevo-LOS-POLITICOS-1.jpg\",\"contentUrl\":\"https:\\\/\\\/lospoliticosveracruz.com\\\/wp-content\\\/uploads\\\/2025\\\/12\\\/Logo-Nuevo-LOS-POLITICOS-1.jpg\",\"width\":260,\"height\":70,\"caption\":\"Los pol\u00edticos Veracruz\"},\"image\":{\"@id\":\"https:\\\/\\\/lospoliticosveracruz.com\\\/#\\\/schema\\\/logo\\\/image\\\/\"},\"sameAs\":[\"https:\\\/\\\/www.facebook.com\\\/people\\\/Notimemes-de-los-Polticos\\\/61565672886568\\\/\",\"https:\\\/\\\/x.com\\\/LosPoliticosVer\"]},{\"@type\":\"Person\",\"@id\":\"https:\\\/\\\/lospoliticosveracruz.com\\\/#\\\/schema\\\/person\\\/b8702bb0e538456e6efd07080bf2a4a2\",\"name\":\"Lo viste en Los Pol\u00edticos\",\"image\":{\"@type\":\"ImageObject\",\"inLanguage\":\"es\",\"@id\":\"https:\\\/\\\/secure.gravatar.com\\\/avatar\\\/3a8de04a2656d44082be478bd6c086daa447c4651605818287b9532d3d0bd435?s=96&d=mm&r=g\",\"url\":\"https:\\\/\\\/secure.gravatar.com\\\/avatar\\\/3a8de04a2656d44082be478bd6c086daa447c4651605818287b9532d3d0bd435?s=96&d=mm&r=g\",\"contentUrl\":\"https:\\\/\\\/secure.gravatar.com\\\/avatar\\\/3a8de04a2656d44082be478bd6c086daa447c4651605818287b9532d3d0bd435?s=96&d=mm&r=g\",\"caption\":\"Lo viste en Los Pol\u00edticos\"},\"url\":\"https:\\\/\\\/lospoliticosveracruz.com\\\/?author=2\"}]}<\/script>\n<!-- \/ Yoast SEO plugin. -->","yoast_head_json":{"title":"AM\u00c9RICO GAN\u00d3 EL DEBATE! - Los pol\u00edticos Veracruz","robots":{"index":"index","follow":"follow","max-snippet":"max-snippet:-1","max-image-preview":"max-image-preview:large","max-video-preview":"max-video-preview:-1"},"canonical":"https:\/\/lospoliticosveracruz.com\/?p=120538","og_locale":"es_ES","og_type":"article","og_title":"AM\u00c9RICO GAN\u00d3 EL DEBATE! - Los pol\u00edticos Veracruz","og_description":"XalapaCon la \u00fanica propuesta clara, concreta y fundamentada, Am\u00e9rico Z\u00fa\u00f1iga Mart\u00ednez, candidato a la diputaci\u00f3n federal por Xalapa gan\u00f3 el debate que se llev\u00f3 a cabo en la Universidad de Xalapa. Este martes, en las instalaciones de la prestigiosa UX, se llev\u00f3 a cabo el conversatorio \u00abEstrategias y Pol\u00edticas P\u00fablicas Educativas con candidatas y candidato [&hellip;]","og_url":"https:\/\/lospoliticosveracruz.com\/?p=120538","og_site_name":"Los pol\u00edticos Veracruz","article_publisher":"https:\/\/www.facebook.com\/people\/Notimemes-de-los-Polticos\/61565672886568\/","article_published_time":"2024-03-19T21:37:10+00:00","article_modified_time":"2024-03-19T21:37:18+00:00","og_image":[{"url":"https:\/\/lospoliticosveracruz.com.mx\/wp-content\/uploads\/2023\/02\/Estancia-190x300.jpg","type":"","width":"","height":""}],"author":"Lo viste en Los Pol\u00edticos","twitter_card":"summary_large_image","twitter_creator":"@LosPoliticosVer","twitter_site":"@LosPoliticosVer","twitter_misc":{"Escrito por":"Lo viste en Los Pol\u00edticos","Tiempo de lectura":"4 minutos"},"schema":{"@context":"https:\/\/schema.org","@graph":[{"@type":"Article","@id":"https:\/\/lospoliticosveracruz.com\/?p=120538#article","isPartOf":{"@id":"https:\/\/lospoliticosveracruz.com\/?p=120538"},"author":{"name":"Lo viste en Los Pol\u00edticos","@id":"https:\/\/lospoliticosveracruz.com\/#\/schema\/person\/b8702bb0e538456e6efd07080bf2a4a2"},"headline":"AM\u00c9RICO GAN\u00d3 EL DEBATE!","datePublished":"2024-03-19T21:37:10+00:00","dateModified":"2024-03-19T21:37:18+00:00","mainEntityOfPage":{"@id":"https:\/\/lospoliticosveracruz.com\/?p=120538"},"wordCount":810,"publisher":{"@id":"https:\/\/lospoliticosveracruz.com\/#organization"},"image":{"@id":"https:\/\/lospoliticosveracruz.com\/?p=120538#primaryimage"},"thumbnailUrl":"https:\/\/lospoliticosveracruz.com.mx\/wp-content\/uploads\/2023\/02\/Estancia-190x300.jpg","keywords":["Am\u00e9rico Z\u00fa\u00f1iga Mart\u00ednez"],"articleSection":["De Boleto"],"inLanguage":"es"},{"@type":"WebPage","@id":"https:\/\/lospoliticosveracruz.com\/?p=120538","url":"https:\/\/lospoliticosveracruz.com\/?p=120538","name":"AM\u00c9RICO GAN\u00d3 EL DEBATE! - Los pol\u00edticos Veracruz","isPartOf":{"@id":"https:\/\/lospoliticosveracruz.com\/#website"},"primaryImageOfPage":{"@id":"https:\/\/lospoliticosveracruz.com\/?p=120538#primaryimage"},"image":{"@id":"https:\/\/lospoliticosveracruz.com\/?p=120538#primaryimage"},"thumbnailUrl":"https:\/\/lospoliticosveracruz.com.mx\/wp-content\/uploads\/2023\/02\/Estancia-190x300.jpg","datePublished":"2024-03-19T21:37:10+00:00","dateModified":"2024-03-19T21:37:18+00:00","breadcrumb":{"@id":"https:\/\/lospoliticosveracruz.com\/?p=120538#breadcrumb"},"inLanguage":"es","potentialAction":[{"@type":"ReadAction","target":["https:\/\/lospoliticosveracruz.com\/?p=120538"]}]},{"@type":"ImageObject","inLanguage":"es","@id":"https:\/\/lospoliticosveracruz.com\/?p=120538#primaryimage","url":"https:\/\/lospoliticosveracruz.com.mx\/wp-content\/uploads\/2023\/02\/Estancia-190x300.jpg","contentUrl":"https:\/\/lospoliticosveracruz.com.mx\/wp-content\/uploads\/2023\/02\/Estancia-190x300.jpg"},{"@type":"BreadcrumbList","@id":"https:\/\/lospoliticosveracruz.com\/?p=120538#breadcrumb","itemListElement":[{"@type":"ListItem","position":1,"name":"Portada","item":"https:\/\/lospoliticosveracruz.com\/"},{"@type":"ListItem","position":2,"name":"AM\u00c9RICO GAN\u00d3 EL DEBATE!"}]},{"@type":"WebSite","@id":"https:\/\/lospoliticosveracruz.com\/#website","url":"https:\/\/lospoliticosveracruz.com\/","name":"Los pol\u00edticos Veracruz","description":"","publisher":{"@id":"https:\/\/lospoliticosveracruz.com\/#organization"},"potentialAction":[{"@type":"SearchAction","target":{"@type":"EntryPoint","urlTemplate":"https:\/\/lospoliticosveracruz.com\/?s={search_term_string}"},"query-input":{"@type":"PropertyValueSpecification","valueRequired":true,"valueName":"search_term_string"}}],"inLanguage":"es"},{"@type":"Organization","@id":"https:\/\/lospoliticosveracruz.com\/#organization","name":"Los pol\u00edticos Veracruz","url":"https:\/\/lospoliticosveracruz.com\/","logo":{"@type":"ImageObject","inLanguage":"es","@id":"https:\/\/lospoliticosveracruz.com\/#\/schema\/logo\/image\/","url":"https:\/\/lospoliticosveracruz.com\/wp-content\/uploads\/2025\/12\/Logo-Nuevo-LOS-POLITICOS-1.jpg","contentUrl":"https:\/\/lospoliticosveracruz.com\/wp-content\/uploads\/2025\/12\/Logo-Nuevo-LOS-POLITICOS-1.jpg","width":260,"height":70,"caption":"Los pol\u00edticos Veracruz"},"image":{"@id":"https:\/\/lospoliticosveracruz.com\/#\/schema\/logo\/image\/"},"sameAs":["https:\/\/www.facebook.com\/people\/Notimemes-de-los-Polticos\/61565672886568\/","https:\/\/x.com\/LosPoliticosVer"]},{"@type":"Person","@id":"https:\/\/lospoliticosveracruz.com\/#\/schema\/person\/b8702bb0e538456e6efd07080bf2a4a2","name":"Lo viste en Los Pol\u00edticos","image":{"@type":"ImageObject","inLanguage":"es","@id":"https:\/\/secure.gravatar.com\/avatar\/3a8de04a2656d44082be478bd6c086daa447c4651605818287b9532d3d0bd435?s=96&d=mm&r=g","url":"https:\/\/secure.gravatar.com\/avatar\/3a8de04a2656d44082be478bd6c086daa447c4651605818287b9532d3d0bd435?s=96&d=mm&r=g","contentUrl":"https:\/\/secure.gravatar.com\/avatar\/3a8de04a2656d44082be478bd6c086daa447c4651605818287b9532d3d0bd435?s=96&d=mm&r=g","caption":"Lo viste en Los Pol\u00edticos"},"url":"https:\/\/lospoliticosveracruz.com\/?author=2"}]}},"_links":{"self":[{"href":"https:\/\/lospoliticosveracruz.com\/index.php?rest_route=\/wp\/v2\/posts\/120538","targetHints":{"allow":["GET"]}}],"collection":[{"href":"https:\/\/lospoliticosveracruz.com\/index.php?rest_route=\/wp\/v2\/posts"}],"about":[{"href":"https:\/\/lospoliticosveracruz.com\/index.php?rest_route=\/wp\/v2\/types\/post"}],"author":[{"embeddable":true,"href":"https:\/\/lospoliticosveracruz.com\/index.php?rest_route=\/wp\/v2\/users\/2"}],"replies":[{"embeddable":true,"href":"https:\/\/lospoliticosveracruz.com\/index.php?rest_route=%2Fwp%2Fv2%2Fcomments&post=120538"}],"version-history":[{"count":1,"href":"https:\/\/lospoliticosveracruz.com\/index.php?rest_route=\/wp\/v2\/posts\/120538\/revisions"}],"predecessor-version":[{"id":120541,"href":"https:\/\/lospoliticosveracruz.com\/index.php?rest_route=\/wp\/v2\/posts\/120538\/revisions\/120541"}],"wp:attachment":[{"href":"https:\/\/lospoliticosveracruz.com\/index.php?rest_route=%2Fwp%2Fv2%2Fmedia&parent=120538"}],"wp:term":[{"taxonomy":"category","embeddable":true,"href":"https:\/\/lospoliticosveracruz.com\/index.php?rest_route=%2Fwp%2Fv2%2Fcategories&post=120538"},{"taxonomy":"post_tag","embeddable":true,"href":"https:\/\/lospoliticosveracruz.com\/index.php?rest_route=%2Fwp%2Fv2%2Ftags&post=120538"}],"curies":[{"name":"wp","href":"https:\/\/api.w.org\/{rel}","templated":true}]}}