{"id":120778,"date":"2024-03-23T04:41:14","date_gmt":"2024-03-23T10:41:14","guid":{"rendered":"https:\/\/lospoliticosveracruz.com.mx\/?p=120778"},"modified":"2024-03-23T04:42:54","modified_gmt":"2024-03-23T10:42:54","slug":"las-pluris-del-pan-2","status":"publish","type":"post","link":"https:\/\/lospoliticosveracruz.com\/?p=120778","title":{"rendered":"LAS PLURIS DEL PAN"},"content":{"rendered":"\n<p><strong>Ricardo Chua<\/strong><\/p>\n\n\n\n<p><em>Sale y Vale<\/em><\/p>\n\n\n\n<p>EXCLUSIVA&#8230; La madrugada de este viernes en el comit\u00e9 estatal del PAN.. Se decidi\u00f3 quienes ser\u00e1n los candidatos a diputados locales v\u00eda plurinominal, que se integrar\u00e1n al pr\u00f3ximo Congreso del Estado, a partir de noviembre.. Sorpresas no hubo.. Los grupos siguen qued\u00e1ndose con las posiciones y repiten los mismos de siempre.. La primera posici\u00f3n es para el grupo m\u00e1s poderoso en Veracruz: Los Yunes \u00abazules\u00bb y es en la persona del ex alcalde y ex senador, Fernando Yunes M\u00e1rquez.. ABROOONN<\/p>\n\n\n\n<p>Fernando Yunes M\u00e1rquez, pues, es hijo del ex gobernador, Miguel \u00c1ngel Yunes Linares y hermano, Miguel \u00c1ngel Yunes M\u00e1rquez, candidato al Senado.. Se dice que de ganar Pepe Yunes la gubernatura.. \u00abChiquiFer\u00bb podr\u00eda ser el pr\u00f3ximo titular de la Secretar\u00eda de Gobierno del Estado y con ello empezar su carrera al 2030.. La segunda posici\u00f3n es para Luz Alicia Delf\u00edn, ex funcionaria del DIF estatal e hija del ex alcalde de Tierra Blanca, Tito Delf\u00edn Cano, preso en el gobierno de Cuitl\u00e1huac Garc\u00eda.. Ella fue una activista para liberar a su padre de la c\u00e1rcel\u2026<\/p>\n\n\n\n<p>La tercera posici\u00f3n \u00abpluri\u00bb en el PAN.. Es para el \u00abeterno\u00bb, Enrique Cambranis Torres.. Que con esta candidatura.. Ser\u00eda \u00abR\u00e9cord Guinness\u00bb.. Ya que lograr\u00eda su SEXTA diputaci\u00f3n \u00abPluri\u00bb en la historia de M\u00e9xico.. No hay en este pa\u00eds, una persona que lleve 6 \u00abpluris\u00bb.. Ni Fidel Vel\u00e1zquez en los mejores tiempos del PRI.. A Cambranis le van a \u00ablevantar\u00bb una estatua en el PAN.. No suelta el \u00abhueso\u00bb, dicen que esta es la despedida.. Si gana Pepe, los Yunes \u00abAzules\u00bb se quedan con el partido y adi\u00f3s al \u00abConde\u00bb.. Ya Ama-Mao y mucho.. 6 veces.. No tiene llenadera..<\/p>\n\n\n\n<p>La cuarta posici\u00f3n es para Monserrat Ortega Ruiz, la esposa de Pepe Mancha, ex alcalde de Tuxpan y ex dirigente estatal del PAN.. Aliado de los Yunes \u00abAzules\u00bb y su grupo es de los que mantiene el control del PAN.. Ella ya fue diputada y lo volver\u00e1 hacer de manera \u00abpluri\u00bb.. Se contagi\u00f3 del \u00abS\u00edndrome Cambranis\u00bb.. La quinta posici\u00f3n es para Gabriela Aguirre Reva, ella es regidora del ayuntamiento de Veracruz y por obvias razones es miembro del grupo de Los Yunes \u00abAzules\u00bb..<\/p>\n\n\n\n<p>La sexta posici\u00f3n es para Maria Monserrat Guzm\u00e1n Herrera, sobrina de Joaqu\u00edn \u00abEl Chapito\u00bb Guzm\u00e1n Avil\u00e9s, miembro del clan familiar que tiene el control del panismo del norte de Veracruz.. Con el padr\u00f3n m\u00e1s grande del PAN en el pa\u00eds, el del municipio de Tantoyuca.. Ella es suplente de Nora Lagunes en esta legislatura.. Ahora va de \u00abpluri\u00bb.. La s\u00e9ptima posici\u00f3n es para Germ\u00e1n Yescas, tambi\u00e9n del grupo de \u00abEl Chapo\u00bb Guzm\u00e1n, operador al interior del PAN.. Su hija, Itzel Yescas es actualmente diputada local, le dejar\u00e1 el cargo al pap\u00e1..<\/p>\n\n\n\n<p>REFLEXI\u00d3N.. Esas son las primera siete posiciones \u00abpluris\u00bb del PAN, los que realmente tienen oportunidad de lograr la diputaci\u00f3n.. Del 8 para adelante son \u00abrellenos\u00bb.. Estas nominaciones dejan claro que los Yunes \u00abazules\u00bb son el grupo m\u00e1s fuerte del panismo en Veracruz.. Se quedan con 3 \u00abpluris\u00bb encabezados por Fernando Yunes.. Y las otras dos son para \u00abEl Chapito\u00bb Guzm\u00e1n y dos m\u00e1s para los Cambranis-Delfin.. Y no hay m\u00e1s.. Son los que mandan y tienen el control del partido.. \u00bfACASO HAY OTROS?.. TAN.. TAN Y AMEN..<\/p>\n\n\n\n<p>PT, EL OTRO PROBLEMA DE ROC\u00cdO NAHLE.. A pesar de que la candidata a gobernador de la alianza MORENA-PVEM-PT, Roc\u00edo Nahle est\u00e1 sumida en el grave problema que ha significado el esc\u00e1ndalo de la mansi\u00f3n que \u00abrenta\u00bb en el fraccionamiento \u00abEl Dorado\u00bb en Boca del R\u00edo.. Y a\u00fan no la libra.. Ahora tiene que lidiar con un conflicto pol\u00edtico al interior de su campa\u00f1a, que la puede da\u00f1ar mucho.. Y es con la PRESUNTA \u00abvoracidad\u00bb del Partido del Trabajo (PT) y sus dirigentes en Veracruz.. Pero ella ya lleva un registro de estos hechos..<\/p>\n\n\n\n<p>Resulta, confes\u00f3 \u00abGarganta Profunda\u00bb, que muchos petistas, se han quejado con Roc\u00edo Nahle, que su coordinador estatal, Vicente Aguilar Aguilar IMPONE a candidatos a diputados locales, en los 4 distritos de los 30 en Veracruz, que le toca nominar a este partido a aspirantes en la alianza.. Los impone, sin importarle, que esto provoque que muchas fuerzas pol\u00edticas al interior del PT, se enojen y se abran del proyecto \u00abCh\u00edo\u00bb Nahle y se vayan con Pepe Yunes.. Tal como sucedi\u00f3 en Misantla, donde Vicente Aguilar impus\u00f3 a su hijo como candidato a legislador..<\/p>\n\n\n\n<p>Adem\u00e1s a Vicente Aguilar, lo han acusado PRESUNTAMENTE con Nahle, de que como l\u00edder del PT en Veracruz est\u00e1 \u00abvendiendo\u00bb las candidaturas al mejor postor.. Obviamente esto provoca que la militancia est\u00e9 inconforme.. Se sienten traicionados y menospreciados como verdaderos integrantes del PT.. Ya que pareciera que las candidaturas son un \u00abnegocio\u00bb para unos cuantos.. Ya que con el argumento que hay que buscar candidatos, se \u00abofertan\u00bb estas candidaturas a oportunistas que desean un espacio pol\u00edtico.. Sin ser verdaderos pol\u00edticos..<\/p>\n\n\n\n<p>PD.. Roc\u00edo Nahle est\u00e1 que \u00abtrina\u00bb contra el dirigente del PT porque esto enrarece su campa\u00f1a.. Tiene que sacar el caso de la residencia de \u00abEl Dorado\u00bb y ahora lidia con petistas que se van de su campa\u00f1a.. Despu\u00e9s que no pregunten porque la candidata los \u00abenfr\u00eda\u00bb.. Ella tiene informes de sus \u00abpecados\u00bb.. OJO Vicente Aguilar no ha salido a dar la cara por ella para defenderla del caso \u00abEl Dorado\u00bb.. Eso s\u00f3lo lo ha hecho el primo de Miguel y Fernando, el dirigente local de Fuerza por M\u00e9xico, Eduardo \u00abEl Tato\u00bb Vega Yunes.. Hay que reconocerlo.. AMEN..<\/p>\n","protected":false},"excerpt":{"rendered":"<p>Ricardo Chua Sale y Vale EXCLUSIVA&#8230; La madrugada de este viernes en el comit\u00e9 estatal del PAN.. Se decidi\u00f3 quienes ser\u00e1n los candidatos a diputados locales v\u00eda plurinominal, que se integrar\u00e1n al pr\u00f3ximo Congreso del Estado, a partir de noviembre.. Sorpresas no hubo.. Los grupos siguen qued\u00e1ndose con las posiciones y repiten los mismos de [&hellip;]<\/p>\n","protected":false},"author":2,"featured_media":119817,"comment_status":"closed","ping_status":"closed","sticky":false,"template":"","format":"standard","meta":{"tdm_status":"","tdm_grid_status":"","footnotes":""},"categories":[70],"tags":[40525,818,40527,28806,40526,7471,266,195],"class_list":{"0":"post-120778","1":"post","2":"type-post","3":"status-publish","4":"format-standard","5":"has-post-thumbnail","7":"category-de-opinion","8":"tag-enrique-csmbranis","9":"tag-fernando-yunes-marquez","10":"tag-gabriela-aguirre-reva","11":"tag-german-yescas","12":"tag-maria-monserrat-guzman-herrera","13":"tag-monserrat-ortega-ruiz","14":"tag-pan","15":"tag-veracruz"},"yoast_head":"<!-- This site is optimized with the Yoast SEO plugin v27.4 - https:\/\/yoast.com\/product\/yoast-seo-wordpress\/ -->\n<title>LAS PLURIS DEL PAN - Los pol\u00edticos Veracruz<\/title>\n<meta name=\"robots\" content=\"index, follow, max-snippet:-1, max-image-preview:large, max-video-preview:-1\" \/>\n<link rel=\"canonical\" href=\"https:\/\/lospoliticosveracruz.com\/?p=120778\" \/>\n<meta property=\"og:locale\" content=\"es_ES\" \/>\n<meta property=\"og:type\" content=\"article\" \/>\n<meta property=\"og:title\" content=\"LAS PLURIS DEL PAN - Los pol\u00edticos Veracruz\" \/>\n<meta property=\"og:description\" content=\"Ricardo Chua Sale y Vale EXCLUSIVA&#8230; La madrugada de este viernes en el comit\u00e9 estatal del PAN.. Se decidi\u00f3 quienes ser\u00e1n los candidatos a diputados locales v\u00eda plurinominal, que se integrar\u00e1n al pr\u00f3ximo Congreso del Estado, a partir de noviembre.. Sorpresas no hubo.. Los grupos siguen qued\u00e1ndose con las posiciones y repiten los mismos de [&hellip;]\" \/>\n<meta property=\"og:url\" content=\"https:\/\/lospoliticosveracruz.com\/?p=120778\" \/>\n<meta property=\"og:site_name\" content=\"Los pol\u00edticos Veracruz\" \/>\n<meta property=\"article:publisher\" content=\"https:\/\/www.facebook.com\/people\/Notimemes-de-los-Polticos\/61565672886568\/\" \/>\n<meta property=\"article:published_time\" content=\"2024-03-23T10:41:14+00:00\" \/>\n<meta property=\"article:modified_time\" content=\"2024-03-23T10:42:54+00:00\" \/>\n<meta property=\"og:image\" content=\"https:\/\/lospoliticosveracruz.com\/wp-content\/uploads\/2024\/03\/Ricardo-Chua.jpg\" \/>\n\t<meta property=\"og:image:width\" content=\"1250\" \/>\n\t<meta property=\"og:image:height\" content=\"667\" \/>\n\t<meta property=\"og:image:type\" content=\"image\/jpeg\" \/>\n<meta name=\"author\" content=\"Lo viste en Los Pol\u00edticos\" \/>\n<meta name=\"twitter:card\" content=\"summary_large_image\" \/>\n<meta name=\"twitter:creator\" content=\"@LosPoliticosVer\" \/>\n<meta name=\"twitter:site\" content=\"@LosPoliticosVer\" \/>\n<meta name=\"twitter:label1\" content=\"Escrito por\" \/>\n\t<meta name=\"twitter:data1\" content=\"Lo viste en Los Pol\u00edticos\" \/>\n\t<meta name=\"twitter:label2\" content=\"Tiempo de lectura\" \/>\n\t<meta name=\"twitter:data2\" content=\"5 minutos\" \/>\n<script type=\"application\/ld+json\" class=\"yoast-schema-graph\">{\"@context\":\"https:\\\/\\\/schema.org\",\"@graph\":[{\"@type\":\"Article\",\"@id\":\"https:\\\/\\\/lospoliticosveracruz.com\\\/?p=120778#article\",\"isPartOf\":{\"@id\":\"https:\\\/\\\/lospoliticosveracruz.com\\\/?p=120778\"},\"author\":{\"name\":\"Lo viste en Los Pol\u00edticos\",\"@id\":\"https:\\\/\\\/lospoliticosveracruz.com\\\/#\\\/schema\\\/person\\\/b8702bb0e538456e6efd07080bf2a4a2\"},\"headline\":\"LAS PLURIS DEL PAN\",\"datePublished\":\"2024-03-23T10:41:14+00:00\",\"dateModified\":\"2024-03-23T10:42:54+00:00\",\"mainEntityOfPage\":{\"@id\":\"https:\\\/\\\/lospoliticosveracruz.com\\\/?p=120778\"},\"wordCount\":974,\"publisher\":{\"@id\":\"https:\\\/\\\/lospoliticosveracruz.com\\\/#organization\"},\"image\":{\"@id\":\"https:\\\/\\\/lospoliticosveracruz.com\\\/?p=120778#primaryimage\"},\"thumbnailUrl\":\"https:\\\/\\\/lospoliticosveracruz.com\\\/wp-content\\\/uploads\\\/2024\\\/03\\\/Ricardo-Chua.jpg\",\"keywords\":[\"Enrique Csmbranis\",\"Fernando Yunes M\u00e1rquez\",\"Gabriela Aguirre Reva\",\"Germ\u00e1n Yescas\",\"Mar\u00eda Monserrat Guzm\u00e1n Herrera\",\"Monserrat Ortega Ruiz\",\"PAN\",\"Veracruz\"],\"articleSection\":[\"De Opini\u00f3n\"],\"inLanguage\":\"es\"},{\"@type\":\"WebPage\",\"@id\":\"https:\\\/\\\/lospoliticosveracruz.com\\\/?p=120778\",\"url\":\"https:\\\/\\\/lospoliticosveracruz.com\\\/?p=120778\",\"name\":\"LAS PLURIS DEL PAN - Los pol\u00edticos Veracruz\",\"isPartOf\":{\"@id\":\"https:\\\/\\\/lospoliticosveracruz.com\\\/#website\"},\"primaryImageOfPage\":{\"@id\":\"https:\\\/\\\/lospoliticosveracruz.com\\\/?p=120778#primaryimage\"},\"image\":{\"@id\":\"https:\\\/\\\/lospoliticosveracruz.com\\\/?p=120778#primaryimage\"},\"thumbnailUrl\":\"https:\\\/\\\/lospoliticosveracruz.com\\\/wp-content\\\/uploads\\\/2024\\\/03\\\/Ricardo-Chua.jpg\",\"datePublished\":\"2024-03-23T10:41:14+00:00\",\"dateModified\":\"2024-03-23T10:42:54+00:00\",\"breadcrumb\":{\"@id\":\"https:\\\/\\\/lospoliticosveracruz.com\\\/?p=120778#breadcrumb\"},\"inLanguage\":\"es\",\"potentialAction\":[{\"@type\":\"ReadAction\",\"target\":[\"https:\\\/\\\/lospoliticosveracruz.com\\\/?p=120778\"]}]},{\"@type\":\"ImageObject\",\"inLanguage\":\"es\",\"@id\":\"https:\\\/\\\/lospoliticosveracruz.com\\\/?p=120778#primaryimage\",\"url\":\"https:\\\/\\\/lospoliticosveracruz.com\\\/wp-content\\\/uploads\\\/2024\\\/03\\\/Ricardo-Chua.jpg\",\"contentUrl\":\"https:\\\/\\\/lospoliticosveracruz.com\\\/wp-content\\\/uploads\\\/2024\\\/03\\\/Ricardo-Chua.jpg\",\"width\":1250,\"height\":667},{\"@type\":\"BreadcrumbList\",\"@id\":\"https:\\\/\\\/lospoliticosveracruz.com\\\/?p=120778#breadcrumb\",\"itemListElement\":[{\"@type\":\"ListItem\",\"position\":1,\"name\":\"Portada\",\"item\":\"https:\\\/\\\/lospoliticosveracruz.com\\\/\"},{\"@type\":\"ListItem\",\"position\":2,\"name\":\"LAS PLURIS DEL PAN\"}]},{\"@type\":\"WebSite\",\"@id\":\"https:\\\/\\\/lospoliticosveracruz.com\\\/#website\",\"url\":\"https:\\\/\\\/lospoliticosveracruz.com\\\/\",\"name\":\"Los pol\u00edticos Veracruz\",\"description\":\"\",\"publisher\":{\"@id\":\"https:\\\/\\\/lospoliticosveracruz.com\\\/#organization\"},\"potentialAction\":[{\"@type\":\"SearchAction\",\"target\":{\"@type\":\"EntryPoint\",\"urlTemplate\":\"https:\\\/\\\/lospoliticosveracruz.com\\\/?s={search_term_string}\"},\"query-input\":{\"@type\":\"PropertyValueSpecification\",\"valueRequired\":true,\"valueName\":\"search_term_string\"}}],\"inLanguage\":\"es\"},{\"@type\":\"Organization\",\"@id\":\"https:\\\/\\\/lospoliticosveracruz.com\\\/#organization\",\"name\":\"Los pol\u00edticos Veracruz\",\"url\":\"https:\\\/\\\/lospoliticosveracruz.com\\\/\",\"logo\":{\"@type\":\"ImageObject\",\"inLanguage\":\"es\",\"@id\":\"https:\\\/\\\/lospoliticosveracruz.com\\\/#\\\/schema\\\/logo\\\/image\\\/\",\"url\":\"https:\\\/\\\/lospoliticosveracruz.com\\\/wp-content\\\/uploads\\\/2025\\\/12\\\/Logo-Nuevo-LOS-POLITICOS-1.jpg\",\"contentUrl\":\"https:\\\/\\\/lospoliticosveracruz.com\\\/wp-content\\\/uploads\\\/2025\\\/12\\\/Logo-Nuevo-LOS-POLITICOS-1.jpg\",\"width\":260,\"height\":70,\"caption\":\"Los pol\u00edticos Veracruz\"},\"image\":{\"@id\":\"https:\\\/\\\/lospoliticosveracruz.com\\\/#\\\/schema\\\/logo\\\/image\\\/\"},\"sameAs\":[\"https:\\\/\\\/www.facebook.com\\\/people\\\/Notimemes-de-los-Polticos\\\/61565672886568\\\/\",\"https:\\\/\\\/x.com\\\/LosPoliticosVer\"]},{\"@type\":\"Person\",\"@id\":\"https:\\\/\\\/lospoliticosveracruz.com\\\/#\\\/schema\\\/person\\\/b8702bb0e538456e6efd07080bf2a4a2\",\"name\":\"Lo viste en Los Pol\u00edticos\",\"image\":{\"@type\":\"ImageObject\",\"inLanguage\":\"es\",\"@id\":\"https:\\\/\\\/secure.gravatar.com\\\/avatar\\\/3a8de04a2656d44082be478bd6c086daa447c4651605818287b9532d3d0bd435?s=96&d=mm&r=g\",\"url\":\"https:\\\/\\\/secure.gravatar.com\\\/avatar\\\/3a8de04a2656d44082be478bd6c086daa447c4651605818287b9532d3d0bd435?s=96&d=mm&r=g\",\"contentUrl\":\"https:\\\/\\\/secure.gravatar.com\\\/avatar\\\/3a8de04a2656d44082be478bd6c086daa447c4651605818287b9532d3d0bd435?s=96&d=mm&r=g\",\"caption\":\"Lo viste en Los Pol\u00edticos\"},\"url\":\"https:\\\/\\\/lospoliticosveracruz.com\\\/?author=2\"}]}<\/script>\n<!-- \/ Yoast SEO plugin. -->","yoast_head_json":{"title":"LAS PLURIS DEL PAN - Los pol\u00edticos Veracruz","robots":{"index":"index","follow":"follow","max-snippet":"max-snippet:-1","max-image-preview":"max-image-preview:large","max-video-preview":"max-video-preview:-1"},"canonical":"https:\/\/lospoliticosveracruz.com\/?p=120778","og_locale":"es_ES","og_type":"article","og_title":"LAS PLURIS DEL PAN - Los pol\u00edticos Veracruz","og_description":"Ricardo Chua Sale y Vale EXCLUSIVA&#8230; La madrugada de este viernes en el comit\u00e9 estatal del PAN.. Se decidi\u00f3 quienes ser\u00e1n los candidatos a diputados locales v\u00eda plurinominal, que se integrar\u00e1n al pr\u00f3ximo Congreso del Estado, a partir de noviembre.. Sorpresas no hubo.. Los grupos siguen qued\u00e1ndose con las posiciones y repiten los mismos de [&hellip;]","og_url":"https:\/\/lospoliticosveracruz.com\/?p=120778","og_site_name":"Los pol\u00edticos Veracruz","article_publisher":"https:\/\/www.facebook.com\/people\/Notimemes-de-los-Polticos\/61565672886568\/","article_published_time":"2024-03-23T10:41:14+00:00","article_modified_time":"2024-03-23T10:42:54+00:00","og_image":[{"width":1250,"height":667,"url":"https:\/\/lospoliticosveracruz.com\/wp-content\/uploads\/2024\/03\/Ricardo-Chua.jpg","type":"image\/jpeg"}],"author":"Lo viste en Los Pol\u00edticos","twitter_card":"summary_large_image","twitter_creator":"@LosPoliticosVer","twitter_site":"@LosPoliticosVer","twitter_misc":{"Escrito por":"Lo viste en Los Pol\u00edticos","Tiempo de lectura":"5 minutos"},"schema":{"@context":"https:\/\/schema.org","@graph":[{"@type":"Article","@id":"https:\/\/lospoliticosveracruz.com\/?p=120778#article","isPartOf":{"@id":"https:\/\/lospoliticosveracruz.com\/?p=120778"},"author":{"name":"Lo viste en Los Pol\u00edticos","@id":"https:\/\/lospoliticosveracruz.com\/#\/schema\/person\/b8702bb0e538456e6efd07080bf2a4a2"},"headline":"LAS PLURIS DEL PAN","datePublished":"2024-03-23T10:41:14+00:00","dateModified":"2024-03-23T10:42:54+00:00","mainEntityOfPage":{"@id":"https:\/\/lospoliticosveracruz.com\/?p=120778"},"wordCount":974,"publisher":{"@id":"https:\/\/lospoliticosveracruz.com\/#organization"},"image":{"@id":"https:\/\/lospoliticosveracruz.com\/?p=120778#primaryimage"},"thumbnailUrl":"https:\/\/lospoliticosveracruz.com\/wp-content\/uploads\/2024\/03\/Ricardo-Chua.jpg","keywords":["Enrique Csmbranis","Fernando Yunes M\u00e1rquez","Gabriela Aguirre Reva","Germ\u00e1n Yescas","Mar\u00eda Monserrat Guzm\u00e1n Herrera","Monserrat Ortega Ruiz","PAN","Veracruz"],"articleSection":["De Opini\u00f3n"],"inLanguage":"es"},{"@type":"WebPage","@id":"https:\/\/lospoliticosveracruz.com\/?p=120778","url":"https:\/\/lospoliticosveracruz.com\/?p=120778","name":"LAS PLURIS DEL PAN - Los pol\u00edticos Veracruz","isPartOf":{"@id":"https:\/\/lospoliticosveracruz.com\/#website"},"primaryImageOfPage":{"@id":"https:\/\/lospoliticosveracruz.com\/?p=120778#primaryimage"},"image":{"@id":"https:\/\/lospoliticosveracruz.com\/?p=120778#primaryimage"},"thumbnailUrl":"https:\/\/lospoliticosveracruz.com\/wp-content\/uploads\/2024\/03\/Ricardo-Chua.jpg","datePublished":"2024-03-23T10:41:14+00:00","dateModified":"2024-03-23T10:42:54+00:00","breadcrumb":{"@id":"https:\/\/lospoliticosveracruz.com\/?p=120778#breadcrumb"},"inLanguage":"es","potentialAction":[{"@type":"ReadAction","target":["https:\/\/lospoliticosveracruz.com\/?p=120778"]}]},{"@type":"ImageObject","inLanguage":"es","@id":"https:\/\/lospoliticosveracruz.com\/?p=120778#primaryimage","url":"https:\/\/lospoliticosveracruz.com\/wp-content\/uploads\/2024\/03\/Ricardo-Chua.jpg","contentUrl":"https:\/\/lospoliticosveracruz.com\/wp-content\/uploads\/2024\/03\/Ricardo-Chua.jpg","width":1250,"height":667},{"@type":"BreadcrumbList","@id":"https:\/\/lospoliticosveracruz.com\/?p=120778#breadcrumb","itemListElement":[{"@type":"ListItem","position":1,"name":"Portada","item":"https:\/\/lospoliticosveracruz.com\/"},{"@type":"ListItem","position":2,"name":"LAS PLURIS DEL PAN"}]},{"@type":"WebSite","@id":"https:\/\/lospoliticosveracruz.com\/#website","url":"https:\/\/lospoliticosveracruz.com\/","name":"Los pol\u00edticos Veracruz","description":"","publisher":{"@id":"https:\/\/lospoliticosveracruz.com\/#organization"},"potentialAction":[{"@type":"SearchAction","target":{"@type":"EntryPoint","urlTemplate":"https:\/\/lospoliticosveracruz.com\/?s={search_term_string}"},"query-input":{"@type":"PropertyValueSpecification","valueRequired":true,"valueName":"search_term_string"}}],"inLanguage":"es"},{"@type":"Organization","@id":"https:\/\/lospoliticosveracruz.com\/#organization","name":"Los pol\u00edticos Veracruz","url":"https:\/\/lospoliticosveracruz.com\/","logo":{"@type":"ImageObject","inLanguage":"es","@id":"https:\/\/lospoliticosveracruz.com\/#\/schema\/logo\/image\/","url":"https:\/\/lospoliticosveracruz.com\/wp-content\/uploads\/2025\/12\/Logo-Nuevo-LOS-POLITICOS-1.jpg","contentUrl":"https:\/\/lospoliticosveracruz.com\/wp-content\/uploads\/2025\/12\/Logo-Nuevo-LOS-POLITICOS-1.jpg","width":260,"height":70,"caption":"Los pol\u00edticos Veracruz"},"image":{"@id":"https:\/\/lospoliticosveracruz.com\/#\/schema\/logo\/image\/"},"sameAs":["https:\/\/www.facebook.com\/people\/Notimemes-de-los-Polticos\/61565672886568\/","https:\/\/x.com\/LosPoliticosVer"]},{"@type":"Person","@id":"https:\/\/lospoliticosveracruz.com\/#\/schema\/person\/b8702bb0e538456e6efd07080bf2a4a2","name":"Lo viste en Los Pol\u00edticos","image":{"@type":"ImageObject","inLanguage":"es","@id":"https:\/\/secure.gravatar.com\/avatar\/3a8de04a2656d44082be478bd6c086daa447c4651605818287b9532d3d0bd435?s=96&d=mm&r=g","url":"https:\/\/secure.gravatar.com\/avatar\/3a8de04a2656d44082be478bd6c086daa447c4651605818287b9532d3d0bd435?s=96&d=mm&r=g","contentUrl":"https:\/\/secure.gravatar.com\/avatar\/3a8de04a2656d44082be478bd6c086daa447c4651605818287b9532d3d0bd435?s=96&d=mm&r=g","caption":"Lo viste en Los Pol\u00edticos"},"url":"https:\/\/lospoliticosveracruz.com\/?author=2"}]}},"_links":{"self":[{"href":"https:\/\/lospoliticosveracruz.com\/index.php?rest_route=\/wp\/v2\/posts\/120778","targetHints":{"allow":["GET"]}}],"collection":[{"href":"https:\/\/lospoliticosveracruz.com\/index.php?rest_route=\/wp\/v2\/posts"}],"about":[{"href":"https:\/\/lospoliticosveracruz.com\/index.php?rest_route=\/wp\/v2\/types\/post"}],"author":[{"embeddable":true,"href":"https:\/\/lospoliticosveracruz.com\/index.php?rest_route=\/wp\/v2\/users\/2"}],"replies":[{"embeddable":true,"href":"https:\/\/lospoliticosveracruz.com\/index.php?rest_route=%2Fwp%2Fv2%2Fcomments&post=120778"}],"version-history":[{"count":2,"href":"https:\/\/lospoliticosveracruz.com\/index.php?rest_route=\/wp\/v2\/posts\/120778\/revisions"}],"predecessor-version":[{"id":120781,"href":"https:\/\/lospoliticosveracruz.com\/index.php?rest_route=\/wp\/v2\/posts\/120778\/revisions\/120781"}],"wp:featuredmedia":[{"embeddable":true,"href":"https:\/\/lospoliticosveracruz.com\/index.php?rest_route=\/wp\/v2\/media\/119817"}],"wp:attachment":[{"href":"https:\/\/lospoliticosveracruz.com\/index.php?rest_route=%2Fwp%2Fv2%2Fmedia&parent=120778"}],"wp:term":[{"taxonomy":"category","embeddable":true,"href":"https:\/\/lospoliticosveracruz.com\/index.php?rest_route=%2Fwp%2Fv2%2Fcategories&post=120778"},{"taxonomy":"post_tag","embeddable":true,"href":"https:\/\/lospoliticosveracruz.com\/index.php?rest_route=%2Fwp%2Fv2%2Ftags&post=120778"}],"curies":[{"name":"wp","href":"https:\/\/api.w.org\/{rel}","templated":true}]}}