{"id":120811,"date":"2024-03-24T06:12:33","date_gmt":"2024-03-24T12:12:33","guid":{"rendered":"https:\/\/lospoliticosveracruz.com.mx\/?p=120811"},"modified":"2024-03-24T06:12:46","modified_gmt":"2024-03-24T12:12:46","slug":"el-registro-de-pepe","status":"publish","type":"post","link":"https:\/\/lospoliticosveracruz.com\/?p=120811","title":{"rendered":"EL REGISTRO DE PEPE"},"content":{"rendered":"\n<p><strong>Ricardo Chua<\/strong><\/p>\n\n\n\n<p><em>Sale y Vale<\/em><\/p>\n\n\n\n<p>Cuenta \u00abGarganta Profunda\u00bb, que despu\u00e9s del registro de Jos\u00e9 Francisco Yunes Zorilla ante el OPLE como candidato de la alianza opositora en Veracruz a gobernador, ayer s\u00e1bado, queda claro que su campa\u00f1a a\u00fan est\u00e1 en construcci\u00f3n ante la ciudadan\u00eda como ante el PRI, PAN y PRD.. Y que no es un tema como la de Roc\u00edo Nahle, en MORENA, donde ella ya tiene nombrado hasta el que ser\u00e1 quien \u00abpase la escoba\u00bb en su contienda y su gobierno.. Mientras que Pepe Yunes sigue sumando, sumando y sumando..<\/p>\n\n\n\n<p>Nos dice \u00abGarganta Profunda\u00bb que en la campa\u00f1a de Pepe Yunes, todos los d\u00edas aparecen rostros nuevos y tambi\u00e9nse advierte la llegada de l\u00edderes regionales de la sociedad y partidos pol\u00edticos, que son fuertes.. Y que ya est\u00e1n participando sin miedo a dar la cara.. Hasta el propio perote\u00f1o ya hasta cuida la forma de la investidura del gobernador del Estado.. Que no por el hecho de ser Cuitl\u00e1huac Garc\u00eda, lo denosta.. Vamos hasta el propio, Alejandro Moreno, \u00abAlito\u00bb, el l\u00edder nacional del PRI, ya tampoco lo tom\u00f3 en cuenta a Cuitl\u00e1huac..<\/p>\n\n\n\n<p>Pero \u00abAlito\u00bb si, se enfil\u00f3 en hablar de su gobierno estatal y de su forma de gobernar monol\u00edtica desde la federaci\u00f3n.. En su registro, se vio que el mensaje de Pepe Yunes, que envi\u00f3 sobre la necesidad de que el OPLE haga hincapi\u00e9 en los programas sociales son constitucionales y no propiedad de un partido.. Es una advertencia a tiempo para un electorado que ve y que \u00e9l siente amenazado, como es el de la tercera edad.. Ya est\u00e1 dejando en claro, que de ganar la oposici\u00f3n, al menos, en Veracruz, no les van a quitar esos apoyos..<\/p>\n\n\n\n<p>Lo que s\u00ed advierte \u00abGarganta Profunda\u00bb. que con la llegada a Veracruz, para cuidar el proceso electoral local, de personajes como Beatriz Paredes y Rub\u00e9n Moreira.. As\u00ed como la de ex gobernadores, Miguel Alonso Reyes e Ignacio Peralta.. Hablan de que las tendencias en el PRI nacional, se advierten que son favorables porque designa a coordinadores regionales, que son personajes puestos directamente del CEN y si antes \u00abextra\u00f1aban\u00bb a Adolfo Ram\u00edrez Arana, \u00abEl Fofo\u00bb, ahora lo van a \u00abextra\u00f1ar\u00bb m\u00e1s, porque con ellos va a quedar rebasado totalmente..<\/p>\n\n\n\n<p>Algo que, sin duda alguna, lo agradecen muchos priistas, que no se ven representados por el actual l\u00edder estatal del PRI.. \u00abGarganta Profunda\u00bb se\u00f1ala que fue el propio \u00abAlito\u00bb Moreno, qui\u00e9n le vino a mover el \u00abestorbo\u00bb pol\u00edtico que representa el \u00abFofo\u00bb para la campa\u00f1a y que eso es bueno para Pepe, Yunes, ya que se podr\u00e1 abocar m\u00e1s a su campa\u00f1a ahora que Miguel Alonso e Ignacio Peralta tomen el control del comit\u00e9 estatal priista.. Y con ello, tambi\u00e9n queda \u00abborrada\u00bb esa \u00abtenebra\u00bb de que Pepe Yunes estaba lejos del CEN del PRI y de Alito..<\/p>\n\n\n\n<p>\u00abGarganta Profunda\u00bb recuerda que hace 6 a\u00f1os por estas mismas fechas.. El candidato del PRI a la Presidencia, Jose Antonio Meade, hac\u00eda un evento en Minatitlan con el sindicato Petrolero.. Parecido al que vimos hace d\u00edas de Claudia Shienbaum en Coatzacoalcos.. Pepe Yunes acompa\u00f1\u00f3 a Meade esa vez y el \u00e1nimo era similar al que tiene actualmente el partido en el gobierno.. Con una gran expectativa de triunfo por ser los poseedores de las instituciones del Estado en el \u00e1mbito federal.. Pero a\u00fan as\u00ed, meses despu\u00e9s, Meade y Pepe pierden..<\/p>\n\n\n\n<p>En 2018, Yunes y Meade, fueron aplaudidos por el SNTE de Juan D\u00edaz De la Torre y por los petroleros de Carlos Romero Dechams.. Mientras que por otro lado, en ese a\u00f1o, Cuitl\u00e1huac Garc\u00eda y MORENA, acompa\u00f1ado de un pu\u00f1ado de desconocidos, pero \u00abarropados\u00bb por Yeidckol Polevnsky, su l\u00edder nacional y un impetuoso Manuel Huerta que como \u00abguerrillero con el cuchillo entre los dientes\u00bb, se lanz\u00f3 por todas en Veracruz para honrar sus amistad con Andr\u00e9s Manuel Lopez Obrador y a\u00fan con esa adversidad ganaron la elecci\u00f3n..<\/p>\n\n\n\n<p>Hoy 6 a\u00f1os despu\u00e9s, pareciera que los papeles se invirtieron.. Ayer Pepe Yunes solicit\u00f3 su registro con un \u00abpu\u00f1ado\u00bb de desconocidos, que viajaban de todo el estado.. Rostros viejos y nuevos \u00abrojos, azules y amarillos\u00bb con el hambre que parec\u00eda les faltaba en 2016 y 2018, atr\u00e1s quedaron los gremios, pero, ahora, los ciudadanos llenaron las calles de Xalapa.. Y el perote\u00f1o llev\u00f3 a su lado a su l\u00edder nacional, Alejandro Moreno y al ex gobernador, Miguel \u00c1ngel Yunes Marquez.. Con el mensaje a MORENA, de que van por todo..<\/p>\n\n\n\n<p>A pesar de que Yunes Linares tiene encima la derrota en ciernes del 2018.. Pero con la victoria del 2021 en interp\u00f3sita persona, ahora \u00e9l trae el \u00abcuchillo entre los dientes\u00bb.. S\u00ed, el mismo \u00abcuchillo\u00bb que tra\u00eda Manuel Huerta, en 2018 y que dej\u00f3 \u00abtirado\u00bb en el momento que le arrebataron la candidatura a gobernador.. Incluso despu\u00e9s que lo mandaron como desecho a la segunda f\u00f3rmula del Senado por MORENA.. Ahora el \u00abhambre\u00bb la tiene la oposici\u00f3n, no MORENA.. Y dice el dicho: \u00abEl hombre que es valiente, se muere por ser confiado\u00bb.. AMEN<\/p>\n\n\n\n<p>REFLEXI\u00d3N.. Uno no es or\u00e1culo, pero Lopez Obrador, siempre se refiere a las \u00abbenditas\u00bb redes sociales como \u00abespejo\u00bb de la realidad que viven los Estados.. Hoy recordamos la publicaci\u00f3n del 20 de marzo del 2018, donde Cuitlahuac Garc\u00eda anunciaba su registro a gobernador.. Y se observa que los comentarios de hoy a Pepe Yunes, son parecidos a los de Cuitl\u00e1huac en ese momento, que a los que le publicaron el 15 de marzo a Roc\u00edo Nahle en su registro ante el OPLE.. \u00bfKarma?.. Pero hasta hoy, los SEGUNDOS INTENTOS en Veracruz han dado resultados (Remember Cuitl\u00e1huac 2016 y 2018)\u2026 Hoy es \u00abDomingo de Ramos\u00bb, la entrada triunfal.. EL QUE ENTENDI\u00d3, ENTENDI\u00d3.. AMEN<\/p>\n","protected":false},"excerpt":{"rendered":"<p>Ricardo Chua Sale y Vale Cuenta \u00abGarganta Profunda\u00bb, que despu\u00e9s del registro de Jos\u00e9 Francisco Yunes Zorilla ante el OPLE como candidato de la alianza opositora en Veracruz a gobernador, ayer s\u00e1bado, queda claro que su campa\u00f1a a\u00fan est\u00e1 en construcci\u00f3n ante la ciudadan\u00eda como ante el PRI, PAN y PRD.. Y que no es [&hellip;]<\/p>\n","protected":false},"author":2,"featured_media":119817,"comment_status":"closed","ping_status":"closed","sticky":false,"template":"","format":"standard","meta":{"tdm_status":"","tdm_grid_status":"","footnotes":""},"categories":[70],"tags":[1563,12446,266,570,251,3578,195],"class_list":{"0":"post-120811","1":"post","2":"type-post","3":"status-publish","4":"format-standard","5":"has-post-thumbnail","7":"category-de-opinion","8":"tag-cuitlahuac-garcia-jimenez","9":"tag-ople-veracruz","10":"tag-pan","11":"tag-pepe-yunes","12":"tag-pri","13":"tag-rocio-nahle","14":"tag-veracruz"},"yoast_head":"<!-- This site is optimized with the Yoast SEO plugin v27.4 - https:\/\/yoast.com\/product\/yoast-seo-wordpress\/ -->\n<title>EL REGISTRO DE PEPE - Los pol\u00edticos Veracruz<\/title>\n<meta name=\"robots\" content=\"index, follow, max-snippet:-1, max-image-preview:large, max-video-preview:-1\" \/>\n<link rel=\"canonical\" href=\"https:\/\/lospoliticosveracruz.com\/?p=120811\" \/>\n<meta property=\"og:locale\" content=\"es_ES\" \/>\n<meta property=\"og:type\" content=\"article\" \/>\n<meta property=\"og:title\" content=\"EL REGISTRO DE PEPE - Los pol\u00edticos Veracruz\" \/>\n<meta property=\"og:description\" content=\"Ricardo Chua Sale y Vale Cuenta \u00abGarganta Profunda\u00bb, que despu\u00e9s del registro de Jos\u00e9 Francisco Yunes Zorilla ante el OPLE como candidato de la alianza opositora en Veracruz a gobernador, ayer s\u00e1bado, queda claro que su campa\u00f1a a\u00fan est\u00e1 en construcci\u00f3n ante la ciudadan\u00eda como ante el PRI, PAN y PRD.. Y que no es [&hellip;]\" \/>\n<meta property=\"og:url\" content=\"https:\/\/lospoliticosveracruz.com\/?p=120811\" \/>\n<meta property=\"og:site_name\" content=\"Los pol\u00edticos Veracruz\" \/>\n<meta property=\"article:publisher\" content=\"https:\/\/www.facebook.com\/people\/Notimemes-de-los-Polticos\/61565672886568\/\" \/>\n<meta property=\"article:published_time\" content=\"2024-03-24T12:12:33+00:00\" \/>\n<meta property=\"article:modified_time\" content=\"2024-03-24T12:12:46+00:00\" \/>\n<meta property=\"og:image\" content=\"https:\/\/lospoliticosveracruz.com\/wp-content\/uploads\/2024\/03\/Ricardo-Chua.jpg\" \/>\n\t<meta property=\"og:image:width\" content=\"1250\" \/>\n\t<meta property=\"og:image:height\" content=\"667\" \/>\n\t<meta property=\"og:image:type\" content=\"image\/jpeg\" \/>\n<meta name=\"author\" content=\"Lo viste en Los Pol\u00edticos\" \/>\n<meta name=\"twitter:card\" content=\"summary_large_image\" \/>\n<meta name=\"twitter:creator\" content=\"@LosPoliticosVer\" \/>\n<meta name=\"twitter:site\" content=\"@LosPoliticosVer\" \/>\n<meta name=\"twitter:label1\" content=\"Escrito por\" \/>\n\t<meta name=\"twitter:data1\" content=\"Lo viste en Los Pol\u00edticos\" \/>\n\t<meta name=\"twitter:label2\" content=\"Tiempo de lectura\" \/>\n\t<meta name=\"twitter:data2\" content=\"5 minutos\" \/>\n<script type=\"application\/ld+json\" class=\"yoast-schema-graph\">{\"@context\":\"https:\\\/\\\/schema.org\",\"@graph\":[{\"@type\":\"Article\",\"@id\":\"https:\\\/\\\/lospoliticosveracruz.com\\\/?p=120811#article\",\"isPartOf\":{\"@id\":\"https:\\\/\\\/lospoliticosveracruz.com\\\/?p=120811\"},\"author\":{\"name\":\"Lo viste en Los Pol\u00edticos\",\"@id\":\"https:\\\/\\\/lospoliticosveracruz.com\\\/#\\\/schema\\\/person\\\/b8702bb0e538456e6efd07080bf2a4a2\"},\"headline\":\"EL REGISTRO DE PEPE\",\"datePublished\":\"2024-03-24T12:12:33+00:00\",\"dateModified\":\"2024-03-24T12:12:46+00:00\",\"mainEntityOfPage\":{\"@id\":\"https:\\\/\\\/lospoliticosveracruz.com\\\/?p=120811\"},\"wordCount\":999,\"publisher\":{\"@id\":\"https:\\\/\\\/lospoliticosveracruz.com\\\/#organization\"},\"image\":{\"@id\":\"https:\\\/\\\/lospoliticosveracruz.com\\\/?p=120811#primaryimage\"},\"thumbnailUrl\":\"https:\\\/\\\/lospoliticosveracruz.com\\\/wp-content\\\/uploads\\\/2024\\\/03\\\/Ricardo-Chua.jpg\",\"keywords\":[\"Cuitl\u00e1huac Garc\u00eda Jim\u00e9nez\",\"OPLE Veracruz\",\"PAN\",\"Pepe Yunes\",\"PRI\",\"Roc\u00edo Nahle\",\"Veracruz\"],\"articleSection\":[\"De Opini\u00f3n\"],\"inLanguage\":\"es\"},{\"@type\":\"WebPage\",\"@id\":\"https:\\\/\\\/lospoliticosveracruz.com\\\/?p=120811\",\"url\":\"https:\\\/\\\/lospoliticosveracruz.com\\\/?p=120811\",\"name\":\"EL REGISTRO DE PEPE - Los pol\u00edticos Veracruz\",\"isPartOf\":{\"@id\":\"https:\\\/\\\/lospoliticosveracruz.com\\\/#website\"},\"primaryImageOfPage\":{\"@id\":\"https:\\\/\\\/lospoliticosveracruz.com\\\/?p=120811#primaryimage\"},\"image\":{\"@id\":\"https:\\\/\\\/lospoliticosveracruz.com\\\/?p=120811#primaryimage\"},\"thumbnailUrl\":\"https:\\\/\\\/lospoliticosveracruz.com\\\/wp-content\\\/uploads\\\/2024\\\/03\\\/Ricardo-Chua.jpg\",\"datePublished\":\"2024-03-24T12:12:33+00:00\",\"dateModified\":\"2024-03-24T12:12:46+00:00\",\"breadcrumb\":{\"@id\":\"https:\\\/\\\/lospoliticosveracruz.com\\\/?p=120811#breadcrumb\"},\"inLanguage\":\"es\",\"potentialAction\":[{\"@type\":\"ReadAction\",\"target\":[\"https:\\\/\\\/lospoliticosveracruz.com\\\/?p=120811\"]}]},{\"@type\":\"ImageObject\",\"inLanguage\":\"es\",\"@id\":\"https:\\\/\\\/lospoliticosveracruz.com\\\/?p=120811#primaryimage\",\"url\":\"https:\\\/\\\/lospoliticosveracruz.com\\\/wp-content\\\/uploads\\\/2024\\\/03\\\/Ricardo-Chua.jpg\",\"contentUrl\":\"https:\\\/\\\/lospoliticosveracruz.com\\\/wp-content\\\/uploads\\\/2024\\\/03\\\/Ricardo-Chua.jpg\",\"width\":1250,\"height\":667},{\"@type\":\"BreadcrumbList\",\"@id\":\"https:\\\/\\\/lospoliticosveracruz.com\\\/?p=120811#breadcrumb\",\"itemListElement\":[{\"@type\":\"ListItem\",\"position\":1,\"name\":\"Portada\",\"item\":\"https:\\\/\\\/lospoliticosveracruz.com\\\/\"},{\"@type\":\"ListItem\",\"position\":2,\"name\":\"EL REGISTRO DE PEPE\"}]},{\"@type\":\"WebSite\",\"@id\":\"https:\\\/\\\/lospoliticosveracruz.com\\\/#website\",\"url\":\"https:\\\/\\\/lospoliticosveracruz.com\\\/\",\"name\":\"Los pol\u00edticos Veracruz\",\"description\":\"\",\"publisher\":{\"@id\":\"https:\\\/\\\/lospoliticosveracruz.com\\\/#organization\"},\"potentialAction\":[{\"@type\":\"SearchAction\",\"target\":{\"@type\":\"EntryPoint\",\"urlTemplate\":\"https:\\\/\\\/lospoliticosveracruz.com\\\/?s={search_term_string}\"},\"query-input\":{\"@type\":\"PropertyValueSpecification\",\"valueRequired\":true,\"valueName\":\"search_term_string\"}}],\"inLanguage\":\"es\"},{\"@type\":\"Organization\",\"@id\":\"https:\\\/\\\/lospoliticosveracruz.com\\\/#organization\",\"name\":\"Los pol\u00edticos Veracruz\",\"url\":\"https:\\\/\\\/lospoliticosveracruz.com\\\/\",\"logo\":{\"@type\":\"ImageObject\",\"inLanguage\":\"es\",\"@id\":\"https:\\\/\\\/lospoliticosveracruz.com\\\/#\\\/schema\\\/logo\\\/image\\\/\",\"url\":\"https:\\\/\\\/lospoliticosveracruz.com\\\/wp-content\\\/uploads\\\/2025\\\/12\\\/Logo-Nuevo-LOS-POLITICOS-1.jpg\",\"contentUrl\":\"https:\\\/\\\/lospoliticosveracruz.com\\\/wp-content\\\/uploads\\\/2025\\\/12\\\/Logo-Nuevo-LOS-POLITICOS-1.jpg\",\"width\":260,\"height\":70,\"caption\":\"Los pol\u00edticos Veracruz\"},\"image\":{\"@id\":\"https:\\\/\\\/lospoliticosveracruz.com\\\/#\\\/schema\\\/logo\\\/image\\\/\"},\"sameAs\":[\"https:\\\/\\\/www.facebook.com\\\/people\\\/Notimemes-de-los-Polticos\\\/61565672886568\\\/\",\"https:\\\/\\\/x.com\\\/LosPoliticosVer\"]},{\"@type\":\"Person\",\"@id\":\"https:\\\/\\\/lospoliticosveracruz.com\\\/#\\\/schema\\\/person\\\/b8702bb0e538456e6efd07080bf2a4a2\",\"name\":\"Lo viste en Los Pol\u00edticos\",\"image\":{\"@type\":\"ImageObject\",\"inLanguage\":\"es\",\"@id\":\"https:\\\/\\\/secure.gravatar.com\\\/avatar\\\/3a8de04a2656d44082be478bd6c086daa447c4651605818287b9532d3d0bd435?s=96&d=mm&r=g\",\"url\":\"https:\\\/\\\/secure.gravatar.com\\\/avatar\\\/3a8de04a2656d44082be478bd6c086daa447c4651605818287b9532d3d0bd435?s=96&d=mm&r=g\",\"contentUrl\":\"https:\\\/\\\/secure.gravatar.com\\\/avatar\\\/3a8de04a2656d44082be478bd6c086daa447c4651605818287b9532d3d0bd435?s=96&d=mm&r=g\",\"caption\":\"Lo viste en Los Pol\u00edticos\"},\"url\":\"https:\\\/\\\/lospoliticosveracruz.com\\\/?author=2\"}]}<\/script>\n<!-- \/ Yoast SEO plugin. -->","yoast_head_json":{"title":"EL REGISTRO DE PEPE - Los pol\u00edticos Veracruz","robots":{"index":"index","follow":"follow","max-snippet":"max-snippet:-1","max-image-preview":"max-image-preview:large","max-video-preview":"max-video-preview:-1"},"canonical":"https:\/\/lospoliticosveracruz.com\/?p=120811","og_locale":"es_ES","og_type":"article","og_title":"EL REGISTRO DE PEPE - Los pol\u00edticos Veracruz","og_description":"Ricardo Chua Sale y Vale Cuenta \u00abGarganta Profunda\u00bb, que despu\u00e9s del registro de Jos\u00e9 Francisco Yunes Zorilla ante el OPLE como candidato de la alianza opositora en Veracruz a gobernador, ayer s\u00e1bado, queda claro que su campa\u00f1a a\u00fan est\u00e1 en construcci\u00f3n ante la ciudadan\u00eda como ante el PRI, PAN y PRD.. Y que no es [&hellip;]","og_url":"https:\/\/lospoliticosveracruz.com\/?p=120811","og_site_name":"Los pol\u00edticos Veracruz","article_publisher":"https:\/\/www.facebook.com\/people\/Notimemes-de-los-Polticos\/61565672886568\/","article_published_time":"2024-03-24T12:12:33+00:00","article_modified_time":"2024-03-24T12:12:46+00:00","og_image":[{"width":1250,"height":667,"url":"https:\/\/lospoliticosveracruz.com\/wp-content\/uploads\/2024\/03\/Ricardo-Chua.jpg","type":"image\/jpeg"}],"author":"Lo viste en Los Pol\u00edticos","twitter_card":"summary_large_image","twitter_creator":"@LosPoliticosVer","twitter_site":"@LosPoliticosVer","twitter_misc":{"Escrito por":"Lo viste en Los Pol\u00edticos","Tiempo de lectura":"5 minutos"},"schema":{"@context":"https:\/\/schema.org","@graph":[{"@type":"Article","@id":"https:\/\/lospoliticosveracruz.com\/?p=120811#article","isPartOf":{"@id":"https:\/\/lospoliticosveracruz.com\/?p=120811"},"author":{"name":"Lo viste en Los Pol\u00edticos","@id":"https:\/\/lospoliticosveracruz.com\/#\/schema\/person\/b8702bb0e538456e6efd07080bf2a4a2"},"headline":"EL REGISTRO DE PEPE","datePublished":"2024-03-24T12:12:33+00:00","dateModified":"2024-03-24T12:12:46+00:00","mainEntityOfPage":{"@id":"https:\/\/lospoliticosveracruz.com\/?p=120811"},"wordCount":999,"publisher":{"@id":"https:\/\/lospoliticosveracruz.com\/#organization"},"image":{"@id":"https:\/\/lospoliticosveracruz.com\/?p=120811#primaryimage"},"thumbnailUrl":"https:\/\/lospoliticosveracruz.com\/wp-content\/uploads\/2024\/03\/Ricardo-Chua.jpg","keywords":["Cuitl\u00e1huac Garc\u00eda Jim\u00e9nez","OPLE Veracruz","PAN","Pepe Yunes","PRI","Roc\u00edo Nahle","Veracruz"],"articleSection":["De Opini\u00f3n"],"inLanguage":"es"},{"@type":"WebPage","@id":"https:\/\/lospoliticosveracruz.com\/?p=120811","url":"https:\/\/lospoliticosveracruz.com\/?p=120811","name":"EL REGISTRO DE PEPE - Los pol\u00edticos Veracruz","isPartOf":{"@id":"https:\/\/lospoliticosveracruz.com\/#website"},"primaryImageOfPage":{"@id":"https:\/\/lospoliticosveracruz.com\/?p=120811#primaryimage"},"image":{"@id":"https:\/\/lospoliticosveracruz.com\/?p=120811#primaryimage"},"thumbnailUrl":"https:\/\/lospoliticosveracruz.com\/wp-content\/uploads\/2024\/03\/Ricardo-Chua.jpg","datePublished":"2024-03-24T12:12:33+00:00","dateModified":"2024-03-24T12:12:46+00:00","breadcrumb":{"@id":"https:\/\/lospoliticosveracruz.com\/?p=120811#breadcrumb"},"inLanguage":"es","potentialAction":[{"@type":"ReadAction","target":["https:\/\/lospoliticosveracruz.com\/?p=120811"]}]},{"@type":"ImageObject","inLanguage":"es","@id":"https:\/\/lospoliticosveracruz.com\/?p=120811#primaryimage","url":"https:\/\/lospoliticosveracruz.com\/wp-content\/uploads\/2024\/03\/Ricardo-Chua.jpg","contentUrl":"https:\/\/lospoliticosveracruz.com\/wp-content\/uploads\/2024\/03\/Ricardo-Chua.jpg","width":1250,"height":667},{"@type":"BreadcrumbList","@id":"https:\/\/lospoliticosveracruz.com\/?p=120811#breadcrumb","itemListElement":[{"@type":"ListItem","position":1,"name":"Portada","item":"https:\/\/lospoliticosveracruz.com\/"},{"@type":"ListItem","position":2,"name":"EL REGISTRO DE PEPE"}]},{"@type":"WebSite","@id":"https:\/\/lospoliticosveracruz.com\/#website","url":"https:\/\/lospoliticosveracruz.com\/","name":"Los pol\u00edticos Veracruz","description":"","publisher":{"@id":"https:\/\/lospoliticosveracruz.com\/#organization"},"potentialAction":[{"@type":"SearchAction","target":{"@type":"EntryPoint","urlTemplate":"https:\/\/lospoliticosveracruz.com\/?s={search_term_string}"},"query-input":{"@type":"PropertyValueSpecification","valueRequired":true,"valueName":"search_term_string"}}],"inLanguage":"es"},{"@type":"Organization","@id":"https:\/\/lospoliticosveracruz.com\/#organization","name":"Los pol\u00edticos Veracruz","url":"https:\/\/lospoliticosveracruz.com\/","logo":{"@type":"ImageObject","inLanguage":"es","@id":"https:\/\/lospoliticosveracruz.com\/#\/schema\/logo\/image\/","url":"https:\/\/lospoliticosveracruz.com\/wp-content\/uploads\/2025\/12\/Logo-Nuevo-LOS-POLITICOS-1.jpg","contentUrl":"https:\/\/lospoliticosveracruz.com\/wp-content\/uploads\/2025\/12\/Logo-Nuevo-LOS-POLITICOS-1.jpg","width":260,"height":70,"caption":"Los pol\u00edticos Veracruz"},"image":{"@id":"https:\/\/lospoliticosveracruz.com\/#\/schema\/logo\/image\/"},"sameAs":["https:\/\/www.facebook.com\/people\/Notimemes-de-los-Polticos\/61565672886568\/","https:\/\/x.com\/LosPoliticosVer"]},{"@type":"Person","@id":"https:\/\/lospoliticosveracruz.com\/#\/schema\/person\/b8702bb0e538456e6efd07080bf2a4a2","name":"Lo viste en Los Pol\u00edticos","image":{"@type":"ImageObject","inLanguage":"es","@id":"https:\/\/secure.gravatar.com\/avatar\/3a8de04a2656d44082be478bd6c086daa447c4651605818287b9532d3d0bd435?s=96&d=mm&r=g","url":"https:\/\/secure.gravatar.com\/avatar\/3a8de04a2656d44082be478bd6c086daa447c4651605818287b9532d3d0bd435?s=96&d=mm&r=g","contentUrl":"https:\/\/secure.gravatar.com\/avatar\/3a8de04a2656d44082be478bd6c086daa447c4651605818287b9532d3d0bd435?s=96&d=mm&r=g","caption":"Lo viste en Los Pol\u00edticos"},"url":"https:\/\/lospoliticosveracruz.com\/?author=2"}]}},"_links":{"self":[{"href":"https:\/\/lospoliticosveracruz.com\/index.php?rest_route=\/wp\/v2\/posts\/120811","targetHints":{"allow":["GET"]}}],"collection":[{"href":"https:\/\/lospoliticosveracruz.com\/index.php?rest_route=\/wp\/v2\/posts"}],"about":[{"href":"https:\/\/lospoliticosveracruz.com\/index.php?rest_route=\/wp\/v2\/types\/post"}],"author":[{"embeddable":true,"href":"https:\/\/lospoliticosveracruz.com\/index.php?rest_route=\/wp\/v2\/users\/2"}],"replies":[{"embeddable":true,"href":"https:\/\/lospoliticosveracruz.com\/index.php?rest_route=%2Fwp%2Fv2%2Fcomments&post=120811"}],"version-history":[{"count":1,"href":"https:\/\/lospoliticosveracruz.com\/index.php?rest_route=\/wp\/v2\/posts\/120811\/revisions"}],"predecessor-version":[{"id":120812,"href":"https:\/\/lospoliticosveracruz.com\/index.php?rest_route=\/wp\/v2\/posts\/120811\/revisions\/120812"}],"wp:featuredmedia":[{"embeddable":true,"href":"https:\/\/lospoliticosveracruz.com\/index.php?rest_route=\/wp\/v2\/media\/119817"}],"wp:attachment":[{"href":"https:\/\/lospoliticosveracruz.com\/index.php?rest_route=%2Fwp%2Fv2%2Fmedia&parent=120811"}],"wp:term":[{"taxonomy":"category","embeddable":true,"href":"https:\/\/lospoliticosveracruz.com\/index.php?rest_route=%2Fwp%2Fv2%2Fcategories&post=120811"},{"taxonomy":"post_tag","embeddable":true,"href":"https:\/\/lospoliticosveracruz.com\/index.php?rest_route=%2Fwp%2Fv2%2Ftags&post=120811"}],"curies":[{"name":"wp","href":"https:\/\/api.w.org\/{rel}","templated":true}]}}