{"id":121023,"date":"2024-03-28T04:43:19","date_gmt":"2024-03-28T10:43:19","guid":{"rendered":"https:\/\/lospoliticosveracruz.com.mx\/?p=121023"},"modified":"2024-03-28T04:43:30","modified_gmt":"2024-03-28T10:43:30","slug":"cuitlahuac-el-jornalero-mas-caro-de-mexico","status":"publish","type":"post","link":"https:\/\/lospoliticosveracruz.com\/?p=121023","title":{"rendered":"CUITL\u00c1HUAC, EL \u00abJORNALERO\u00bb M\u00c1S CARO DE M\u00c9XICO"},"content":{"rendered":"\n<p><strong>Ricardo Chua<\/strong><\/p>\n\n\n\n<p><em>Sale y Vale<\/em><\/p>\n\n\n\n<p>Al gobernador, Cuitl\u00e1huac Garc\u00eda Jim\u00e9nez s\u00f3lo le bast\u00f3 manifestar su coraje a trav\u00e9s de sus redes sociales porque la participaci\u00f3n de la influencer, Karely Ruiz tuvo m\u00e1s atenci\u00f3n de cibernautas y sociedad por la ayuda otorgada a la ciudadan\u00eda que sufre por los incendios en los municipios de las Altas Monta\u00f1as de la zona centro de Veracruz, que \u00e9l por lo que ha hecho su gobierno en ese desastre.. Tanto as\u00ed que se le \u00abchispote\u00f3\u00bb decir que los incendios fueron provocados.. ABROON<\/p>\n\n\n\n<p>Ese \u00abresbal\u00f3n\u00bb del gobernador adem\u00e1s solt\u00f3 una serie de comentarios en redes sociales.. Ya que mientras la influencer estaba en municipios afectados por los incendios como Acultzingo.. Cuitl\u00e1huac Garc\u00eda ni sus \u00abluces\u00bb.. Solo posteaba im\u00e1genes de personal del gobierno del Estado tratando de sofocar los incendios y cit\u00f3: \u00abIm\u00e1genes que los conservadores corruptos, defensores de quienes provocan incendios, no quieren que veas\u00bb.. Para que lo hizo.. Se le solt\u00f3 la \u00abjaur\u00eda\u00bb en contra.. Y le se\u00f1alaron: \u00bfY d\u00f3nde est\u00e1 el gobernador?..<\/p>\n\n\n\n<p>Seg\u00fan \u00abGarganta Profunda\u00bb se\u00f1al\u00f3 que en el \u00abC\u00edrculo Rojo\u00bb del poder en Veracruz, se considera que Cuitl\u00e1huac sigue \u00abbecado\u00bb y es considerado el \u00abJornalero\u00bb m\u00e1s caro de M\u00e9xico.. Que cobra como gobernador, que sabe \u00abchapear\u00bb, que sabe pintar.. Pero no sabe apagar fuegos.. Ni de gobernabilidad en su estado, ni tampoco los forestales.. Por eso, Karely Ruiz, le \u00abcomi\u00f3\u00bb el \u00abmandado\u00bb con pura publicaciones en redes sociales.. Y \u00e9l no supo como responder con la sociedad afectada de las Altas Monta\u00f1as..<\/p>\n\n\n\n<p>Las mismas redes sociales se\u00f1alaron en las publicaciones que subi\u00f3 Cuitl\u00e1huac Garc\u00eda.. Que aprovechando las vacaciones de \u00abSemana Santa\u00bb.. Lo hubieran acompa\u00f1ado todos esos personajes que eran sus funcionarios estatales y que siempre estaban organizando los fines de semana para ir a pintar, en medio de porras y matracas.. Pero ahora no tuvieron la solidaridad con los hermanos veracruzanos afectados por este siniestro.. Hubieran ido \u00abUNIDOS TODOS\u00bb.. Pero ni as\u00ed..<\/p>\n\n\n\n<p>Al final qued\u00f3 claro, que las jornadas de limpieza en que participaban los funcionarios de Cuitl\u00e1huac.. Eran para posar en la foto y subirla a las \u00abbenditas\u00bb redes sociales.. Eran buenos para el \u00abshow\u00bb medi\u00e1tico-pol\u00edtico-electoral.. Pero no para resolver un problema como se est\u00e1 presentando en las Altas Monta\u00f1as.. Y como muchos de esos ex funcionarios, no fueron tomados en cuenta por MORENA a cargos de elecci\u00f3n popular.. Se subieron al movimiento del \u00abAMIME\u00bb (A mi me vale ma..).. Dios si perdona, el electorado no.. EL QUE ENTENDI\u00d3, ENTENDI\u00d3..<\/p>\n\n\n\n<p>GAUDENCIO Y EL SNTE EN VERACRUZ.. Cuentan los cercanos a la campa\u00f1a de Roc\u00edo Nahle en Veracruz.. Que hubo un \u00aberror de interpretaci\u00f3n\u00bb en el tema del ex dirigente de la secci\u00f3n 32 del SNTE (Sindicato Nacional de Trabajadores de la Educaci\u00f3n) y ex diputado federal priista, Gaudencio Hern\u00e1ndez Burgos.. De que \u00ababandonaba\u00bb la campa\u00f1a de MORENA a gobernador para irse con Pepe Yunes y la oposici\u00f3n\u2026 Y que esto es una falacia porque el maestro, Gaudencio nunca se fue.. Ya que nunca estuvo en MORENA..<\/p>\n\n\n\n<p>A pesar de que el pozarricense quiso ser candidato a diputado federal por MORENA en este 2024 y no qued\u00f3.. \u00c9l siempre manifest\u00f3 de manera personal, m\u00e1s no gremial, su amistad con el candidato a gobernador por el PRI-PAN-PRD.. Ya que el gremio del SNTE le est\u00e1 apostando a la \u00abtransformaci\u00f3n\u00bb magisterial y sindical, esa que ofrece MORENA y sus aliados, y que no la van a encontrar en la oposici\u00f3n.. Por eso, que Gaudencio Hern\u00e1ndez se vaya con Pepe y los priistas, no afecta a MORENA porque s\u00f3lo es uno y no el sindicato.. ACLARADO.. AMEN..<\/p>\n\n\n\n<p>PD.. ASESORES DE IMAGEN DE PEPE.. Est\u00e1n a punto de empezar el proceso electoral m\u00e1s r\u00edspido en la historia de Veracruz en una campa\u00f1a a gobernador.. Ni siquiera la de Fidel Herrera contra Gerardo Buganza en 2004, se compara con esta contienda.. Por eso, cuando pongan al candidato opositor al gobierno del Estado, Jos\u00e9 Francisco Yunes Zorrilla, a dar un posicionamiento de un asunto trascendente, lo DEBEN PREPARAR para que sea m\u00e1s contundente con sus denuncias, m\u00e1s en\u00e9rgico, fuerte y directo..<\/p>\n\n\n\n<p>Pepe Yunes no debe tirar tanto \u00abrollo\u00bb porque la sociedad se queda sin entender el mensaje.. El candidato ocupa muchos tecnicismos para el di\u00e1logo y tiene que ser m\u00e1s abierto para aprovechar los escenarios.. SER FAJADOR.. Sabemos que Pepe Yunes no es as\u00ed.. Pero se tiene que volver.. Es la gran diferencia con los Yunes \u00abAzules\u00bb y esa comparaci\u00f3n se hace presente m\u00e1s en tiempos de campa\u00f1a.. Por ello, se debe empezar con el discurso\u2026 Al candidato le deben de quitar esa imagen de que cuida demasiado las palabras..<\/p>\n\n\n\n<p>Repetimos, al ciudadano, no le gusta que le den tantas vueltas a un tema.. Si bien es cierto debe ser caballeroso, si.. Pero que vean tambi\u00e9n que es un pol\u00edtico firme.. Ya que la imagen de un pol\u00edtico sobrio, en este momento, no le ayuda.. As\u00ed como se \u00abfaj\u00f3\u00bb para entrar al \u00abruedo\u00bb del tema de la residencia de Roc\u00edo Nahle.. As\u00ed debe entrar m\u00e1s contundente a los temas.. Si va a denunciar o se\u00f1alar que lo haga directo.. OJO.. En 5 d\u00edas van a una \u00abguerra\u00bb electoral a donde se \u00abjuegan\u00bb el todo por el todo.. No ser\u00e1 un \u00abd\u00eda de campo\u00bb.. DE NADA.. AMEN..<\/p>\n","protected":false},"excerpt":{"rendered":"<p>Ricardo Chua Sale y Vale Al gobernador, Cuitl\u00e1huac Garc\u00eda Jim\u00e9nez s\u00f3lo le bast\u00f3 manifestar su coraje a trav\u00e9s de sus redes sociales porque la participaci\u00f3n de la influencer, Karely Ruiz tuvo m\u00e1s atenci\u00f3n de cibernautas y sociedad por la ayuda otorgada a la ciudadan\u00eda que sufre por los incendios en los municipios de las Altas [&hellip;]<\/p>\n","protected":false},"author":2,"featured_media":119817,"comment_status":"closed","ping_status":"closed","sticky":false,"template":"","format":"standard","meta":{"tdm_status":"","tdm_grid_status":"","footnotes":""},"categories":[70],"tags":[1563,24834,1026,570,3883,195],"class_list":{"0":"post-121023","1":"post","2":"type-post","3":"status-publish","4":"format-standard","5":"has-post-thumbnail","7":"category-de-opinion","8":"tag-cuitlahuac-garcia-jimenez","9":"tag-incendios","10":"tag-morena","11":"tag-pepe-yunes","12":"tag-snte","13":"tag-veracruz"},"yoast_head":"<!-- This site is optimized with the Yoast SEO plugin v27.4 - https:\/\/yoast.com\/product\/yoast-seo-wordpress\/ -->\n<title>CUITL\u00c1HUAC, EL &quot;JORNALERO&quot; M\u00c1S CARO DE M\u00c9XICO - Los pol\u00edticos Veracruz<\/title>\n<meta name=\"robots\" content=\"index, follow, max-snippet:-1, max-image-preview:large, max-video-preview:-1\" \/>\n<link rel=\"canonical\" href=\"https:\/\/lospoliticosveracruz.com\/?p=121023\" \/>\n<meta property=\"og:locale\" content=\"es_ES\" \/>\n<meta property=\"og:type\" content=\"article\" \/>\n<meta property=\"og:title\" content=\"CUITL\u00c1HUAC, EL &quot;JORNALERO&quot; M\u00c1S CARO DE M\u00c9XICO - Los pol\u00edticos Veracruz\" \/>\n<meta property=\"og:description\" content=\"Ricardo Chua Sale y Vale Al gobernador, Cuitl\u00e1huac Garc\u00eda Jim\u00e9nez s\u00f3lo le bast\u00f3 manifestar su coraje a trav\u00e9s de sus redes sociales porque la participaci\u00f3n de la influencer, Karely Ruiz tuvo m\u00e1s atenci\u00f3n de cibernautas y sociedad por la ayuda otorgada a la ciudadan\u00eda que sufre por los incendios en los municipios de las Altas [&hellip;]\" \/>\n<meta property=\"og:url\" content=\"https:\/\/lospoliticosveracruz.com\/?p=121023\" \/>\n<meta property=\"og:site_name\" content=\"Los pol\u00edticos Veracruz\" \/>\n<meta property=\"article:publisher\" content=\"https:\/\/www.facebook.com\/people\/Notimemes-de-los-Polticos\/61565672886568\/\" \/>\n<meta property=\"article:published_time\" content=\"2024-03-28T10:43:19+00:00\" \/>\n<meta property=\"article:modified_time\" content=\"2024-03-28T10:43:30+00:00\" \/>\n<meta property=\"og:image\" content=\"https:\/\/lospoliticosveracruz.com\/wp-content\/uploads\/2024\/03\/Ricardo-Chua.jpg\" \/>\n\t<meta property=\"og:image:width\" content=\"1250\" \/>\n\t<meta property=\"og:image:height\" content=\"667\" \/>\n\t<meta property=\"og:image:type\" content=\"image\/jpeg\" \/>\n<meta name=\"author\" content=\"Lo viste en Los Pol\u00edticos\" \/>\n<meta name=\"twitter:card\" content=\"summary_large_image\" \/>\n<meta name=\"twitter:creator\" content=\"@LosPoliticosVer\" \/>\n<meta name=\"twitter:site\" content=\"@LosPoliticosVer\" \/>\n<meta name=\"twitter:label1\" content=\"Escrito por\" \/>\n\t<meta name=\"twitter:data1\" content=\"Lo viste en Los Pol\u00edticos\" \/>\n\t<meta name=\"twitter:label2\" content=\"Tiempo de lectura\" \/>\n\t<meta name=\"twitter:data2\" content=\"5 minutos\" \/>\n<script type=\"application\/ld+json\" class=\"yoast-schema-graph\">{\"@context\":\"https:\\\/\\\/schema.org\",\"@graph\":[{\"@type\":\"Article\",\"@id\":\"https:\\\/\\\/lospoliticosveracruz.com\\\/?p=121023#article\",\"isPartOf\":{\"@id\":\"https:\\\/\\\/lospoliticosveracruz.com\\\/?p=121023\"},\"author\":{\"name\":\"Lo viste en Los Pol\u00edticos\",\"@id\":\"https:\\\/\\\/lospoliticosveracruz.com\\\/#\\\/schema\\\/person\\\/b8702bb0e538456e6efd07080bf2a4a2\"},\"headline\":\"CUITL\u00c1HUAC, EL \u00abJORNALERO\u00bb M\u00c1S CARO DE M\u00c9XICO\",\"datePublished\":\"2024-03-28T10:43:19+00:00\",\"dateModified\":\"2024-03-28T10:43:30+00:00\",\"mainEntityOfPage\":{\"@id\":\"https:\\\/\\\/lospoliticosveracruz.com\\\/?p=121023\"},\"wordCount\":941,\"publisher\":{\"@id\":\"https:\\\/\\\/lospoliticosveracruz.com\\\/#organization\"},\"image\":{\"@id\":\"https:\\\/\\\/lospoliticosveracruz.com\\\/?p=121023#primaryimage\"},\"thumbnailUrl\":\"https:\\\/\\\/lospoliticosveracruz.com\\\/wp-content\\\/uploads\\\/2024\\\/03\\\/Ricardo-Chua.jpg\",\"keywords\":[\"Cuitl\u00e1huac Garc\u00eda Jim\u00e9nez\",\"incendios\",\"Morena\",\"Pepe Yunes\",\"SNTE\",\"Veracruz\"],\"articleSection\":[\"De Opini\u00f3n\"],\"inLanguage\":\"es\"},{\"@type\":\"WebPage\",\"@id\":\"https:\\\/\\\/lospoliticosveracruz.com\\\/?p=121023\",\"url\":\"https:\\\/\\\/lospoliticosveracruz.com\\\/?p=121023\",\"name\":\"CUITL\u00c1HUAC, EL \\\"JORNALERO\\\" M\u00c1S CARO DE M\u00c9XICO - Los pol\u00edticos Veracruz\",\"isPartOf\":{\"@id\":\"https:\\\/\\\/lospoliticosveracruz.com\\\/#website\"},\"primaryImageOfPage\":{\"@id\":\"https:\\\/\\\/lospoliticosveracruz.com\\\/?p=121023#primaryimage\"},\"image\":{\"@id\":\"https:\\\/\\\/lospoliticosveracruz.com\\\/?p=121023#primaryimage\"},\"thumbnailUrl\":\"https:\\\/\\\/lospoliticosveracruz.com\\\/wp-content\\\/uploads\\\/2024\\\/03\\\/Ricardo-Chua.jpg\",\"datePublished\":\"2024-03-28T10:43:19+00:00\",\"dateModified\":\"2024-03-28T10:43:30+00:00\",\"breadcrumb\":{\"@id\":\"https:\\\/\\\/lospoliticosveracruz.com\\\/?p=121023#breadcrumb\"},\"inLanguage\":\"es\",\"potentialAction\":[{\"@type\":\"ReadAction\",\"target\":[\"https:\\\/\\\/lospoliticosveracruz.com\\\/?p=121023\"]}]},{\"@type\":\"ImageObject\",\"inLanguage\":\"es\",\"@id\":\"https:\\\/\\\/lospoliticosveracruz.com\\\/?p=121023#primaryimage\",\"url\":\"https:\\\/\\\/lospoliticosveracruz.com\\\/wp-content\\\/uploads\\\/2024\\\/03\\\/Ricardo-Chua.jpg\",\"contentUrl\":\"https:\\\/\\\/lospoliticosveracruz.com\\\/wp-content\\\/uploads\\\/2024\\\/03\\\/Ricardo-Chua.jpg\",\"width\":1250,\"height\":667},{\"@type\":\"BreadcrumbList\",\"@id\":\"https:\\\/\\\/lospoliticosveracruz.com\\\/?p=121023#breadcrumb\",\"itemListElement\":[{\"@type\":\"ListItem\",\"position\":1,\"name\":\"Portada\",\"item\":\"https:\\\/\\\/lospoliticosveracruz.com\\\/\"},{\"@type\":\"ListItem\",\"position\":2,\"name\":\"CUITL\u00c1HUAC, EL \u00abJORNALERO\u00bb M\u00c1S CARO DE M\u00c9XICO\"}]},{\"@type\":\"WebSite\",\"@id\":\"https:\\\/\\\/lospoliticosveracruz.com\\\/#website\",\"url\":\"https:\\\/\\\/lospoliticosveracruz.com\\\/\",\"name\":\"Los pol\u00edticos Veracruz\",\"description\":\"\",\"publisher\":{\"@id\":\"https:\\\/\\\/lospoliticosveracruz.com\\\/#organization\"},\"potentialAction\":[{\"@type\":\"SearchAction\",\"target\":{\"@type\":\"EntryPoint\",\"urlTemplate\":\"https:\\\/\\\/lospoliticosveracruz.com\\\/?s={search_term_string}\"},\"query-input\":{\"@type\":\"PropertyValueSpecification\",\"valueRequired\":true,\"valueName\":\"search_term_string\"}}],\"inLanguage\":\"es\"},{\"@type\":\"Organization\",\"@id\":\"https:\\\/\\\/lospoliticosveracruz.com\\\/#organization\",\"name\":\"Los pol\u00edticos Veracruz\",\"url\":\"https:\\\/\\\/lospoliticosveracruz.com\\\/\",\"logo\":{\"@type\":\"ImageObject\",\"inLanguage\":\"es\",\"@id\":\"https:\\\/\\\/lospoliticosveracruz.com\\\/#\\\/schema\\\/logo\\\/image\\\/\",\"url\":\"https:\\\/\\\/lospoliticosveracruz.com\\\/wp-content\\\/uploads\\\/2025\\\/12\\\/Logo-Nuevo-LOS-POLITICOS-1.jpg\",\"contentUrl\":\"https:\\\/\\\/lospoliticosveracruz.com\\\/wp-content\\\/uploads\\\/2025\\\/12\\\/Logo-Nuevo-LOS-POLITICOS-1.jpg\",\"width\":260,\"height\":70,\"caption\":\"Los pol\u00edticos Veracruz\"},\"image\":{\"@id\":\"https:\\\/\\\/lospoliticosveracruz.com\\\/#\\\/schema\\\/logo\\\/image\\\/\"},\"sameAs\":[\"https:\\\/\\\/www.facebook.com\\\/people\\\/Notimemes-de-los-Polticos\\\/61565672886568\\\/\",\"https:\\\/\\\/x.com\\\/LosPoliticosVer\"]},{\"@type\":\"Person\",\"@id\":\"https:\\\/\\\/lospoliticosveracruz.com\\\/#\\\/schema\\\/person\\\/b8702bb0e538456e6efd07080bf2a4a2\",\"name\":\"Lo viste en Los Pol\u00edticos\",\"image\":{\"@type\":\"ImageObject\",\"inLanguage\":\"es\",\"@id\":\"https:\\\/\\\/secure.gravatar.com\\\/avatar\\\/3a8de04a2656d44082be478bd6c086daa447c4651605818287b9532d3d0bd435?s=96&d=mm&r=g\",\"url\":\"https:\\\/\\\/secure.gravatar.com\\\/avatar\\\/3a8de04a2656d44082be478bd6c086daa447c4651605818287b9532d3d0bd435?s=96&d=mm&r=g\",\"contentUrl\":\"https:\\\/\\\/secure.gravatar.com\\\/avatar\\\/3a8de04a2656d44082be478bd6c086daa447c4651605818287b9532d3d0bd435?s=96&d=mm&r=g\",\"caption\":\"Lo viste en Los Pol\u00edticos\"},\"url\":\"https:\\\/\\\/lospoliticosveracruz.com\\\/?author=2\"}]}<\/script>\n<!-- \/ Yoast SEO plugin. -->","yoast_head_json":{"title":"CUITL\u00c1HUAC, EL \"JORNALERO\" M\u00c1S CARO DE M\u00c9XICO - Los pol\u00edticos Veracruz","robots":{"index":"index","follow":"follow","max-snippet":"max-snippet:-1","max-image-preview":"max-image-preview:large","max-video-preview":"max-video-preview:-1"},"canonical":"https:\/\/lospoliticosveracruz.com\/?p=121023","og_locale":"es_ES","og_type":"article","og_title":"CUITL\u00c1HUAC, EL \"JORNALERO\" M\u00c1S CARO DE M\u00c9XICO - Los pol\u00edticos Veracruz","og_description":"Ricardo Chua Sale y Vale Al gobernador, Cuitl\u00e1huac Garc\u00eda Jim\u00e9nez s\u00f3lo le bast\u00f3 manifestar su coraje a trav\u00e9s de sus redes sociales porque la participaci\u00f3n de la influencer, Karely Ruiz tuvo m\u00e1s atenci\u00f3n de cibernautas y sociedad por la ayuda otorgada a la ciudadan\u00eda que sufre por los incendios en los municipios de las Altas [&hellip;]","og_url":"https:\/\/lospoliticosveracruz.com\/?p=121023","og_site_name":"Los pol\u00edticos Veracruz","article_publisher":"https:\/\/www.facebook.com\/people\/Notimemes-de-los-Polticos\/61565672886568\/","article_published_time":"2024-03-28T10:43:19+00:00","article_modified_time":"2024-03-28T10:43:30+00:00","og_image":[{"width":1250,"height":667,"url":"https:\/\/lospoliticosveracruz.com\/wp-content\/uploads\/2024\/03\/Ricardo-Chua.jpg","type":"image\/jpeg"}],"author":"Lo viste en Los Pol\u00edticos","twitter_card":"summary_large_image","twitter_creator":"@LosPoliticosVer","twitter_site":"@LosPoliticosVer","twitter_misc":{"Escrito por":"Lo viste en Los Pol\u00edticos","Tiempo de lectura":"5 minutos"},"schema":{"@context":"https:\/\/schema.org","@graph":[{"@type":"Article","@id":"https:\/\/lospoliticosveracruz.com\/?p=121023#article","isPartOf":{"@id":"https:\/\/lospoliticosveracruz.com\/?p=121023"},"author":{"name":"Lo viste en Los Pol\u00edticos","@id":"https:\/\/lospoliticosveracruz.com\/#\/schema\/person\/b8702bb0e538456e6efd07080bf2a4a2"},"headline":"CUITL\u00c1HUAC, EL \u00abJORNALERO\u00bb M\u00c1S CARO DE M\u00c9XICO","datePublished":"2024-03-28T10:43:19+00:00","dateModified":"2024-03-28T10:43:30+00:00","mainEntityOfPage":{"@id":"https:\/\/lospoliticosveracruz.com\/?p=121023"},"wordCount":941,"publisher":{"@id":"https:\/\/lospoliticosveracruz.com\/#organization"},"image":{"@id":"https:\/\/lospoliticosveracruz.com\/?p=121023#primaryimage"},"thumbnailUrl":"https:\/\/lospoliticosveracruz.com\/wp-content\/uploads\/2024\/03\/Ricardo-Chua.jpg","keywords":["Cuitl\u00e1huac Garc\u00eda Jim\u00e9nez","incendios","Morena","Pepe Yunes","SNTE","Veracruz"],"articleSection":["De Opini\u00f3n"],"inLanguage":"es"},{"@type":"WebPage","@id":"https:\/\/lospoliticosveracruz.com\/?p=121023","url":"https:\/\/lospoliticosveracruz.com\/?p=121023","name":"CUITL\u00c1HUAC, EL \"JORNALERO\" M\u00c1S CARO DE M\u00c9XICO - Los pol\u00edticos Veracruz","isPartOf":{"@id":"https:\/\/lospoliticosveracruz.com\/#website"},"primaryImageOfPage":{"@id":"https:\/\/lospoliticosveracruz.com\/?p=121023#primaryimage"},"image":{"@id":"https:\/\/lospoliticosveracruz.com\/?p=121023#primaryimage"},"thumbnailUrl":"https:\/\/lospoliticosveracruz.com\/wp-content\/uploads\/2024\/03\/Ricardo-Chua.jpg","datePublished":"2024-03-28T10:43:19+00:00","dateModified":"2024-03-28T10:43:30+00:00","breadcrumb":{"@id":"https:\/\/lospoliticosveracruz.com\/?p=121023#breadcrumb"},"inLanguage":"es","potentialAction":[{"@type":"ReadAction","target":["https:\/\/lospoliticosveracruz.com\/?p=121023"]}]},{"@type":"ImageObject","inLanguage":"es","@id":"https:\/\/lospoliticosveracruz.com\/?p=121023#primaryimage","url":"https:\/\/lospoliticosveracruz.com\/wp-content\/uploads\/2024\/03\/Ricardo-Chua.jpg","contentUrl":"https:\/\/lospoliticosveracruz.com\/wp-content\/uploads\/2024\/03\/Ricardo-Chua.jpg","width":1250,"height":667},{"@type":"BreadcrumbList","@id":"https:\/\/lospoliticosveracruz.com\/?p=121023#breadcrumb","itemListElement":[{"@type":"ListItem","position":1,"name":"Portada","item":"https:\/\/lospoliticosveracruz.com\/"},{"@type":"ListItem","position":2,"name":"CUITL\u00c1HUAC, EL \u00abJORNALERO\u00bb M\u00c1S CARO DE M\u00c9XICO"}]},{"@type":"WebSite","@id":"https:\/\/lospoliticosveracruz.com\/#website","url":"https:\/\/lospoliticosveracruz.com\/","name":"Los pol\u00edticos Veracruz","description":"","publisher":{"@id":"https:\/\/lospoliticosveracruz.com\/#organization"},"potentialAction":[{"@type":"SearchAction","target":{"@type":"EntryPoint","urlTemplate":"https:\/\/lospoliticosveracruz.com\/?s={search_term_string}"},"query-input":{"@type":"PropertyValueSpecification","valueRequired":true,"valueName":"search_term_string"}}],"inLanguage":"es"},{"@type":"Organization","@id":"https:\/\/lospoliticosveracruz.com\/#organization","name":"Los pol\u00edticos Veracruz","url":"https:\/\/lospoliticosveracruz.com\/","logo":{"@type":"ImageObject","inLanguage":"es","@id":"https:\/\/lospoliticosveracruz.com\/#\/schema\/logo\/image\/","url":"https:\/\/lospoliticosveracruz.com\/wp-content\/uploads\/2025\/12\/Logo-Nuevo-LOS-POLITICOS-1.jpg","contentUrl":"https:\/\/lospoliticosveracruz.com\/wp-content\/uploads\/2025\/12\/Logo-Nuevo-LOS-POLITICOS-1.jpg","width":260,"height":70,"caption":"Los pol\u00edticos Veracruz"},"image":{"@id":"https:\/\/lospoliticosveracruz.com\/#\/schema\/logo\/image\/"},"sameAs":["https:\/\/www.facebook.com\/people\/Notimemes-de-los-Polticos\/61565672886568\/","https:\/\/x.com\/LosPoliticosVer"]},{"@type":"Person","@id":"https:\/\/lospoliticosveracruz.com\/#\/schema\/person\/b8702bb0e538456e6efd07080bf2a4a2","name":"Lo viste en Los Pol\u00edticos","image":{"@type":"ImageObject","inLanguage":"es","@id":"https:\/\/secure.gravatar.com\/avatar\/3a8de04a2656d44082be478bd6c086daa447c4651605818287b9532d3d0bd435?s=96&d=mm&r=g","url":"https:\/\/secure.gravatar.com\/avatar\/3a8de04a2656d44082be478bd6c086daa447c4651605818287b9532d3d0bd435?s=96&d=mm&r=g","contentUrl":"https:\/\/secure.gravatar.com\/avatar\/3a8de04a2656d44082be478bd6c086daa447c4651605818287b9532d3d0bd435?s=96&d=mm&r=g","caption":"Lo viste en Los Pol\u00edticos"},"url":"https:\/\/lospoliticosveracruz.com\/?author=2"}]}},"_links":{"self":[{"href":"https:\/\/lospoliticosveracruz.com\/index.php?rest_route=\/wp\/v2\/posts\/121023","targetHints":{"allow":["GET"]}}],"collection":[{"href":"https:\/\/lospoliticosveracruz.com\/index.php?rest_route=\/wp\/v2\/posts"}],"about":[{"href":"https:\/\/lospoliticosveracruz.com\/index.php?rest_route=\/wp\/v2\/types\/post"}],"author":[{"embeddable":true,"href":"https:\/\/lospoliticosveracruz.com\/index.php?rest_route=\/wp\/v2\/users\/2"}],"replies":[{"embeddable":true,"href":"https:\/\/lospoliticosveracruz.com\/index.php?rest_route=%2Fwp%2Fv2%2Fcomments&post=121023"}],"version-history":[{"count":1,"href":"https:\/\/lospoliticosveracruz.com\/index.php?rest_route=\/wp\/v2\/posts\/121023\/revisions"}],"predecessor-version":[{"id":121024,"href":"https:\/\/lospoliticosveracruz.com\/index.php?rest_route=\/wp\/v2\/posts\/121023\/revisions\/121024"}],"wp:featuredmedia":[{"embeddable":true,"href":"https:\/\/lospoliticosveracruz.com\/index.php?rest_route=\/wp\/v2\/media\/119817"}],"wp:attachment":[{"href":"https:\/\/lospoliticosveracruz.com\/index.php?rest_route=%2Fwp%2Fv2%2Fmedia&parent=121023"}],"wp:term":[{"taxonomy":"category","embeddable":true,"href":"https:\/\/lospoliticosveracruz.com\/index.php?rest_route=%2Fwp%2Fv2%2Fcategories&post=121023"},{"taxonomy":"post_tag","embeddable":true,"href":"https:\/\/lospoliticosveracruz.com\/index.php?rest_route=%2Fwp%2Fv2%2Ftags&post=121023"}],"curies":[{"name":"wp","href":"https:\/\/api.w.org\/{rel}","templated":true}]}}