{"id":121054,"date":"2024-03-29T09:03:40","date_gmt":"2024-03-29T15:03:40","guid":{"rendered":"https:\/\/lospoliticosveracruz.com.mx\/?p=121054"},"modified":"2024-03-29T09:03:57","modified_gmt":"2024-03-29T15:03:57","slug":"y-dice-que-llevan-mil-dias","status":"publish","type":"post","link":"https:\/\/lospoliticosveracruz.com\/?p=121054","title":{"rendered":"Y DICE QUE LLEVAN MIL DIAS"},"content":{"rendered":"\n<p><strong>Oved Contreras&nbsp;<\/strong><\/p>\n\n\n\n<p><em>Secas Mecas<\/em><\/p>\n\n\n\n<p>Sin secuestros ni extorsiones&#8230;seg\u00fan el Cuicaras bolichero y criador de pollitos, pero el columnista Salvador Garc\u00eda le echa a perder ese discurso en su publicaci\u00f3n de El Universal pues describe c\u00f3mo operan los malosos en Coatzacoalcos&#8230;.por cierto la tierra postiza de la t\u00eda Ch\u00edo Nahle.<\/p>\n\n\n\n<figure class=\"wp-block-image size-large\"><a href=\"https:\/\/lospoliticosveracruz.com.mx\/wp-content\/uploads\/2016\/07\/Seguro-Julio-Cerecedo-2.jpg\"><img decoding=\"async\" src=\"https:\/\/lospoliticosveracruz.com.mx\/wp-content\/uploads\/2016\/07\/Seguro-Julio-Cerecedo-2-1024x381.jpg\" alt=\"\" class=\"wp-image-105879\"\/><\/a><\/figure>\n\n\n\n<p>En su texto, el columnista refiere que un video en poder de esta columna de un hotel ubicado en el centro de la ciudad de Coatzacoalcos muestra, con grabaciones de las c\u00e1maras de seguridad, la forma de operar de algunos de los grupos que hoy han vuelto al delito de la extorsi\u00f3n, el m\u00e1s generalizado y menos investigado y castigado en el pa\u00eds.&nbsp;<\/p>\n\n\n\n<p>Hasta la oficina de la recepci\u00f3n, donde est\u00e1 una mujer sentada para recibir a los clientes del hotel, llega un sujeto cuya edad no debe de pasar de los 20 a\u00f1os. Armado con una pistola que no se sabe si sea real o de juguete, comienza a apuntar a la mujer mientras le avienta una carta escrita en una hoja de papel y le grita que tienen que pagar si no quieren que los maten o les quemen el negocio. El sujeto tira cosas, golpea los vidrios con el arma y hace alarde de sus amenazas, luego sale advirti\u00e9ndole a la empleada que regresar\u00e1n tal d\u00eda del mes, para cobrar mensualmente la cuota que le acaba de exigir para que su hotel siga funcionando.<\/p>\n\n\n\n<p>La carta de la extorsi\u00f3n, cuya copia tambi\u00e9n tiene el columnista, dice textual y con faltas de ortograf\u00eda y una letra de un ni\u00f1o de primaria: \u00ab50 mil pesos mensuales, m\u00e1s 100 (mil) de multa por trabajar con polleros y dar alojamiento. Si hacen caso omiso les vamos a quemar el hotel. Si quieren seguir trabajando as\u00ed se tienen que reportar. Se reportan a este n\u00famero 921 428 73 40\u00bb. Hasta ah\u00ed el mensaje amenazante que, por m\u00e1s que est\u00e9 escrito con las patas y parezca obra de un peque\u00f1o de primaria, aterroriza y espanta a muchos negocios, comercios o empresas en este momento en el territorio mexicano.&nbsp;<\/p>\n\n\n\n<p>Pocos se pondr\u00e1n a investigar si se trata realmente de un c\u00e1rtel de la droga o si son jovencitos que, viendo la impunidad y la ausencia de consecuencias, deciden meterse a la actividad criminal que hoy, junto con el tr\u00e1fico de personas, rivaliza en ganancias con la venta de drogas.<\/p>\n\n\n\n<p>Hace apenas algunos meses, Cuitl\u00e1huac Garc\u00eda Jim\u00e9nez celebraba que en Coatzacoalcos ya no se den secuestros, y presum\u00eda&nbsp;&nbsp;que antes el puerto estuvo asolado por la delincuencia organizada que provocaba asesinatos y que familias porte\u00f1as abandonaran sus hogares, negocios y la ciudad por temor. \u201cEn las \u00e9pocas anteriores, en la zona de Coatzacoalcos, llegaba a salir un secuestro diario, as\u00ed nos lo dejaron, y hoy 490 d\u00edas sin un solo secuestro\u201d, presum\u00eda el Ku\u00edkaras de su estrategia de seguridad en la zona sur del estado.<\/p>\n\n\n\n<p>VALIDAR\u00c1N CANDIDATURAS\u2026en sesi\u00f3n especial que se realizar\u00e1 este&nbsp;&nbsp;Viernes Santo por la noche, el Consejo General del Organismo P\u00fablico Local Electoral aprobar\u00e1 las solicitudes de registro de candidaturas a la Gubernatura presentadas por las coaliciones \u201cFuerza y Coraz\u00f3n X Veracruz\u201d y \u201cSigamos Haciendo Historia en Veracruz\u201d, y por el Partido Pol\u00edtico Movimiento Ciudadano.<\/p>\n\n\n\n<p>As\u00ed que Roc\u00edo Nahle Garc\u00eda, que ser\u00e1 la candidata de la coalici\u00f3n \u201cSeguimos Haciendo Historia en Veracruz\u201d conformada por MORENA, PVEM, PT y Fuerza por M\u00e9xico; Jos\u00e9 Francisco Yunes Zorrilla, de la coalici\u00f3n \u201cFuerza y Coraz\u00f3n por Veracruz\u201d integrada por el PRI, PAN y PRD; e Hip\u00f3lito Deschamps Espino Barro del Partido Movimiento Ciudadano (MC), estar\u00e1n listos para arrancar campa\u00f1a.<\/p>\n\n\n\n<p>La campa\u00f1a de los 3 candidatos a la gubernatura de Veracruz tendr\u00e1 una duraci\u00f3n de 60m d\u00edas naturales, pues iniciar\u00e1 formalmente al primer minuto del domingo 31 de marzo para concluir a las 12 de la noche del 29 de mayo.<\/p>\n\n\n\n<p>INTOCABLES EN IVD\u2026se hacen pasar como parientes del ex secretario de educaci\u00f3n de Veracruz&nbsp;&nbsp;y por eso se sienten intocables en el instituto veracruzano del deporte provocando la inconformidad de trabajadores por los constantes abusos de autoridad y corrupci\u00f3n.<\/p>\n\n\n\n<p>&nbsp;Yssa Mar\u00eda y Thaeliz Carre\u00f3n Garc\u00eda se ostentan como encargadas de la administraci\u00f3n del Instituto Veracruzano del Deporte. Por su parte, Carlos Duval Cort\u00e9s, adem\u00e1s de ser el encargado de mantenimiento, es el esposo de la jefa de Recursos Humanos, Yssa Mar\u00eda Carre\u00f3n Garc\u00eda. Duval Garcia se encarga de la remodelaci\u00f3n del IVD de Veracruz, pero sin licitaci\u00f3n, lo cual se presta a la desmedida corrupci\u00f3n.<\/p>\n\n\n\n<p>Mientras Gobierno del Estado de Veracruz se \u00abgast\u00f3\u00bb 3 millones de pesos en remodelar Boliche Tbur\u00f3n, en donde no hay un proyecto para desarrollar la disciplina y que pueda ser competitiva en los Nacionales CONADE, y no puede apoyar a uno de los mejores pesistas de la entidad veracruzana que representar\u00e1 a Veracruz y a M\u00e9xico en el Mundial Sub 17 de Levantamiento de Pesas en Lima, Per\u00fa.<\/p>\n\n\n\n<p>Oswaldo Bravo sali\u00f3 a vender chocolates para seguir recolectando fondos y pueda asistir al Campeonato Mundial de Levantamiento de Pesas, que se llevar\u00e1 a cabo&nbsp;&nbsp;en Lima, Peru del 20 al 27 de mayo. El atleta necesita reunir la cantidad de 45 mil pesos y en redes sociales pidi\u00f3 el apoyo de la gente para poder asistir a la competencia, all\u00ed puso en redes su tarjeta bancaria para cualquier donaci\u00f3n.<\/p>\n\n\n\n<p>Oswaldo Bravo a darle con todo, triunfa, demuestra, s\u00fabete al podio y cuando lo hagas no prestes tu medalla a las autoridades para la foto. El logro, el esfuerzo, el sacrificio ser\u00e1 tuyo, de tus pap\u00e1s y de cada persona que contribuye apoyarte para el Mundial.<\/p>\n","protected":false},"excerpt":{"rendered":"<p>Oved Contreras&nbsp; Secas Mecas Sin secuestros ni extorsiones&#8230;seg\u00fan el Cuicaras bolichero y criador de pollitos, pero el columnista Salvador Garc\u00eda le echa a perder ese discurso en su publicaci\u00f3n de El Universal pues describe c\u00f3mo operan los malosos en Coatzacoalcos&#8230;.por cierto la tierra postiza de la t\u00eda Ch\u00edo Nahle. En su texto, el columnista refiere [&hellip;]<\/p>\n","protected":false},"author":2,"featured_media":119816,"comment_status":"closed","ping_status":"closed","sticky":false,"template":"","format":"standard","meta":{"tdm_status":"","tdm_grid_status":"","footnotes":""},"categories":[70],"tags":[1563,1026,195],"class_list":{"0":"post-121054","1":"post","2":"type-post","3":"status-publish","4":"format-standard","5":"has-post-thumbnail","7":"category-de-opinion","8":"tag-cuitlahuac-garcia-jimenez","9":"tag-morena","10":"tag-veracruz"},"yoast_head":"<!-- This site is optimized with the Yoast SEO plugin v27.4 - https:\/\/yoast.com\/product\/yoast-seo-wordpress\/ -->\n<title>Y DICE QUE LLEVAN MIL DIAS - Los pol\u00edticos Veracruz<\/title>\n<meta name=\"robots\" content=\"index, follow, max-snippet:-1, max-image-preview:large, max-video-preview:-1\" \/>\n<link rel=\"canonical\" href=\"https:\/\/lospoliticosveracruz.com\/?p=121054\" \/>\n<meta property=\"og:locale\" content=\"es_ES\" \/>\n<meta property=\"og:type\" content=\"article\" \/>\n<meta property=\"og:title\" content=\"Y DICE QUE LLEVAN MIL DIAS - Los pol\u00edticos Veracruz\" \/>\n<meta property=\"og:description\" content=\"Oved Contreras&nbsp; Secas Mecas Sin secuestros ni extorsiones&#8230;seg\u00fan el Cuicaras bolichero y criador de pollitos, pero el columnista Salvador Garc\u00eda le echa a perder ese discurso en su publicaci\u00f3n de El Universal pues describe c\u00f3mo operan los malosos en Coatzacoalcos&#8230;.por cierto la tierra postiza de la t\u00eda Ch\u00edo Nahle. En su texto, el columnista refiere [&hellip;]\" \/>\n<meta property=\"og:url\" content=\"https:\/\/lospoliticosveracruz.com\/?p=121054\" \/>\n<meta property=\"og:site_name\" content=\"Los pol\u00edticos Veracruz\" \/>\n<meta property=\"article:publisher\" content=\"https:\/\/www.facebook.com\/people\/Notimemes-de-los-Polticos\/61565672886568\/\" \/>\n<meta property=\"article:published_time\" content=\"2024-03-29T15:03:40+00:00\" \/>\n<meta property=\"article:modified_time\" content=\"2024-03-29T15:03:57+00:00\" \/>\n<meta property=\"og:image\" content=\"https:\/\/lospoliticosveracruz.com\/wp-content\/uploads\/2024\/03\/Oved-Contreras.jpg\" \/>\n\t<meta property=\"og:image:width\" content=\"1250\" \/>\n\t<meta property=\"og:image:height\" content=\"667\" \/>\n\t<meta property=\"og:image:type\" content=\"image\/jpeg\" \/>\n<meta name=\"author\" content=\"Lo viste en Los Pol\u00edticos\" \/>\n<meta name=\"twitter:card\" content=\"summary_large_image\" \/>\n<meta name=\"twitter:creator\" content=\"@LosPoliticosVer\" \/>\n<meta name=\"twitter:site\" content=\"@LosPoliticosVer\" \/>\n<meta name=\"twitter:label1\" content=\"Escrito por\" \/>\n\t<meta name=\"twitter:data1\" content=\"Lo viste en Los Pol\u00edticos\" \/>\n\t<meta name=\"twitter:label2\" content=\"Tiempo de lectura\" \/>\n\t<meta name=\"twitter:data2\" content=\"5 minutos\" \/>\n<script type=\"application\/ld+json\" class=\"yoast-schema-graph\">{\"@context\":\"https:\\\/\\\/schema.org\",\"@graph\":[{\"@type\":\"Article\",\"@id\":\"https:\\\/\\\/lospoliticosveracruz.com\\\/?p=121054#article\",\"isPartOf\":{\"@id\":\"https:\\\/\\\/lospoliticosveracruz.com\\\/?p=121054\"},\"author\":{\"name\":\"Lo viste en Los Pol\u00edticos\",\"@id\":\"https:\\\/\\\/lospoliticosveracruz.com\\\/#\\\/schema\\\/person\\\/b8702bb0e538456e6efd07080bf2a4a2\"},\"headline\":\"Y DICE QUE LLEVAN MIL DIAS\",\"datePublished\":\"2024-03-29T15:03:40+00:00\",\"dateModified\":\"2024-03-29T15:03:57+00:00\",\"mainEntityOfPage\":{\"@id\":\"https:\\\/\\\/lospoliticosveracruz.com\\\/?p=121054\"},\"wordCount\":997,\"publisher\":{\"@id\":\"https:\\\/\\\/lospoliticosveracruz.com\\\/#organization\"},\"image\":{\"@id\":\"https:\\\/\\\/lospoliticosveracruz.com\\\/?p=121054#primaryimage\"},\"thumbnailUrl\":\"https:\\\/\\\/lospoliticosveracruz.com\\\/wp-content\\\/uploads\\\/2024\\\/03\\\/Oved-Contreras.jpg\",\"keywords\":[\"Cuitl\u00e1huac Garc\u00eda Jim\u00e9nez\",\"Morena\",\"Veracruz\"],\"articleSection\":[\"De Opini\u00f3n\"],\"inLanguage\":\"es\"},{\"@type\":\"WebPage\",\"@id\":\"https:\\\/\\\/lospoliticosveracruz.com\\\/?p=121054\",\"url\":\"https:\\\/\\\/lospoliticosveracruz.com\\\/?p=121054\",\"name\":\"Y DICE QUE LLEVAN MIL DIAS - Los pol\u00edticos Veracruz\",\"isPartOf\":{\"@id\":\"https:\\\/\\\/lospoliticosveracruz.com\\\/#website\"},\"primaryImageOfPage\":{\"@id\":\"https:\\\/\\\/lospoliticosveracruz.com\\\/?p=121054#primaryimage\"},\"image\":{\"@id\":\"https:\\\/\\\/lospoliticosveracruz.com\\\/?p=121054#primaryimage\"},\"thumbnailUrl\":\"https:\\\/\\\/lospoliticosveracruz.com\\\/wp-content\\\/uploads\\\/2024\\\/03\\\/Oved-Contreras.jpg\",\"datePublished\":\"2024-03-29T15:03:40+00:00\",\"dateModified\":\"2024-03-29T15:03:57+00:00\",\"breadcrumb\":{\"@id\":\"https:\\\/\\\/lospoliticosveracruz.com\\\/?p=121054#breadcrumb\"},\"inLanguage\":\"es\",\"potentialAction\":[{\"@type\":\"ReadAction\",\"target\":[\"https:\\\/\\\/lospoliticosveracruz.com\\\/?p=121054\"]}]},{\"@type\":\"ImageObject\",\"inLanguage\":\"es\",\"@id\":\"https:\\\/\\\/lospoliticosveracruz.com\\\/?p=121054#primaryimage\",\"url\":\"https:\\\/\\\/lospoliticosveracruz.com\\\/wp-content\\\/uploads\\\/2024\\\/03\\\/Oved-Contreras.jpg\",\"contentUrl\":\"https:\\\/\\\/lospoliticosveracruz.com\\\/wp-content\\\/uploads\\\/2024\\\/03\\\/Oved-Contreras.jpg\",\"width\":1250,\"height\":667},{\"@type\":\"BreadcrumbList\",\"@id\":\"https:\\\/\\\/lospoliticosveracruz.com\\\/?p=121054#breadcrumb\",\"itemListElement\":[{\"@type\":\"ListItem\",\"position\":1,\"name\":\"Portada\",\"item\":\"https:\\\/\\\/lospoliticosveracruz.com\\\/\"},{\"@type\":\"ListItem\",\"position\":2,\"name\":\"Y DICE QUE LLEVAN MIL DIAS\"}]},{\"@type\":\"WebSite\",\"@id\":\"https:\\\/\\\/lospoliticosveracruz.com\\\/#website\",\"url\":\"https:\\\/\\\/lospoliticosveracruz.com\\\/\",\"name\":\"Los pol\u00edticos Veracruz\",\"description\":\"\",\"publisher\":{\"@id\":\"https:\\\/\\\/lospoliticosveracruz.com\\\/#organization\"},\"potentialAction\":[{\"@type\":\"SearchAction\",\"target\":{\"@type\":\"EntryPoint\",\"urlTemplate\":\"https:\\\/\\\/lospoliticosveracruz.com\\\/?s={search_term_string}\"},\"query-input\":{\"@type\":\"PropertyValueSpecification\",\"valueRequired\":true,\"valueName\":\"search_term_string\"}}],\"inLanguage\":\"es\"},{\"@type\":\"Organization\",\"@id\":\"https:\\\/\\\/lospoliticosveracruz.com\\\/#organization\",\"name\":\"Los pol\u00edticos Veracruz\",\"url\":\"https:\\\/\\\/lospoliticosveracruz.com\\\/\",\"logo\":{\"@type\":\"ImageObject\",\"inLanguage\":\"es\",\"@id\":\"https:\\\/\\\/lospoliticosveracruz.com\\\/#\\\/schema\\\/logo\\\/image\\\/\",\"url\":\"https:\\\/\\\/lospoliticosveracruz.com\\\/wp-content\\\/uploads\\\/2025\\\/12\\\/Logo-Nuevo-LOS-POLITICOS-1.jpg\",\"contentUrl\":\"https:\\\/\\\/lospoliticosveracruz.com\\\/wp-content\\\/uploads\\\/2025\\\/12\\\/Logo-Nuevo-LOS-POLITICOS-1.jpg\",\"width\":260,\"height\":70,\"caption\":\"Los pol\u00edticos Veracruz\"},\"image\":{\"@id\":\"https:\\\/\\\/lospoliticosveracruz.com\\\/#\\\/schema\\\/logo\\\/image\\\/\"},\"sameAs\":[\"https:\\\/\\\/www.facebook.com\\\/people\\\/Notimemes-de-los-Polticos\\\/61565672886568\\\/\",\"https:\\\/\\\/x.com\\\/LosPoliticosVer\"]},{\"@type\":\"Person\",\"@id\":\"https:\\\/\\\/lospoliticosveracruz.com\\\/#\\\/schema\\\/person\\\/b8702bb0e538456e6efd07080bf2a4a2\",\"name\":\"Lo viste en Los Pol\u00edticos\",\"image\":{\"@type\":\"ImageObject\",\"inLanguage\":\"es\",\"@id\":\"https:\\\/\\\/secure.gravatar.com\\\/avatar\\\/3a8de04a2656d44082be478bd6c086daa447c4651605818287b9532d3d0bd435?s=96&d=mm&r=g\",\"url\":\"https:\\\/\\\/secure.gravatar.com\\\/avatar\\\/3a8de04a2656d44082be478bd6c086daa447c4651605818287b9532d3d0bd435?s=96&d=mm&r=g\",\"contentUrl\":\"https:\\\/\\\/secure.gravatar.com\\\/avatar\\\/3a8de04a2656d44082be478bd6c086daa447c4651605818287b9532d3d0bd435?s=96&d=mm&r=g\",\"caption\":\"Lo viste en Los Pol\u00edticos\"},\"url\":\"https:\\\/\\\/lospoliticosveracruz.com\\\/?author=2\"}]}<\/script>\n<!-- \/ Yoast SEO plugin. -->","yoast_head_json":{"title":"Y DICE QUE LLEVAN MIL DIAS - Los pol\u00edticos Veracruz","robots":{"index":"index","follow":"follow","max-snippet":"max-snippet:-1","max-image-preview":"max-image-preview:large","max-video-preview":"max-video-preview:-1"},"canonical":"https:\/\/lospoliticosveracruz.com\/?p=121054","og_locale":"es_ES","og_type":"article","og_title":"Y DICE QUE LLEVAN MIL DIAS - Los pol\u00edticos Veracruz","og_description":"Oved Contreras&nbsp; Secas Mecas Sin secuestros ni extorsiones&#8230;seg\u00fan el Cuicaras bolichero y criador de pollitos, pero el columnista Salvador Garc\u00eda le echa a perder ese discurso en su publicaci\u00f3n de El Universal pues describe c\u00f3mo operan los malosos en Coatzacoalcos&#8230;.por cierto la tierra postiza de la t\u00eda Ch\u00edo Nahle. En su texto, el columnista refiere [&hellip;]","og_url":"https:\/\/lospoliticosveracruz.com\/?p=121054","og_site_name":"Los pol\u00edticos Veracruz","article_publisher":"https:\/\/www.facebook.com\/people\/Notimemes-de-los-Polticos\/61565672886568\/","article_published_time":"2024-03-29T15:03:40+00:00","article_modified_time":"2024-03-29T15:03:57+00:00","og_image":[{"width":1250,"height":667,"url":"https:\/\/lospoliticosveracruz.com\/wp-content\/uploads\/2024\/03\/Oved-Contreras.jpg","type":"image\/jpeg"}],"author":"Lo viste en Los Pol\u00edticos","twitter_card":"summary_large_image","twitter_creator":"@LosPoliticosVer","twitter_site":"@LosPoliticosVer","twitter_misc":{"Escrito por":"Lo viste en Los Pol\u00edticos","Tiempo de lectura":"5 minutos"},"schema":{"@context":"https:\/\/schema.org","@graph":[{"@type":"Article","@id":"https:\/\/lospoliticosveracruz.com\/?p=121054#article","isPartOf":{"@id":"https:\/\/lospoliticosveracruz.com\/?p=121054"},"author":{"name":"Lo viste en Los Pol\u00edticos","@id":"https:\/\/lospoliticosveracruz.com\/#\/schema\/person\/b8702bb0e538456e6efd07080bf2a4a2"},"headline":"Y DICE QUE LLEVAN MIL DIAS","datePublished":"2024-03-29T15:03:40+00:00","dateModified":"2024-03-29T15:03:57+00:00","mainEntityOfPage":{"@id":"https:\/\/lospoliticosveracruz.com\/?p=121054"},"wordCount":997,"publisher":{"@id":"https:\/\/lospoliticosveracruz.com\/#organization"},"image":{"@id":"https:\/\/lospoliticosveracruz.com\/?p=121054#primaryimage"},"thumbnailUrl":"https:\/\/lospoliticosveracruz.com\/wp-content\/uploads\/2024\/03\/Oved-Contreras.jpg","keywords":["Cuitl\u00e1huac Garc\u00eda Jim\u00e9nez","Morena","Veracruz"],"articleSection":["De Opini\u00f3n"],"inLanguage":"es"},{"@type":"WebPage","@id":"https:\/\/lospoliticosveracruz.com\/?p=121054","url":"https:\/\/lospoliticosveracruz.com\/?p=121054","name":"Y DICE QUE LLEVAN MIL DIAS - Los pol\u00edticos Veracruz","isPartOf":{"@id":"https:\/\/lospoliticosveracruz.com\/#website"},"primaryImageOfPage":{"@id":"https:\/\/lospoliticosveracruz.com\/?p=121054#primaryimage"},"image":{"@id":"https:\/\/lospoliticosveracruz.com\/?p=121054#primaryimage"},"thumbnailUrl":"https:\/\/lospoliticosveracruz.com\/wp-content\/uploads\/2024\/03\/Oved-Contreras.jpg","datePublished":"2024-03-29T15:03:40+00:00","dateModified":"2024-03-29T15:03:57+00:00","breadcrumb":{"@id":"https:\/\/lospoliticosveracruz.com\/?p=121054#breadcrumb"},"inLanguage":"es","potentialAction":[{"@type":"ReadAction","target":["https:\/\/lospoliticosveracruz.com\/?p=121054"]}]},{"@type":"ImageObject","inLanguage":"es","@id":"https:\/\/lospoliticosveracruz.com\/?p=121054#primaryimage","url":"https:\/\/lospoliticosveracruz.com\/wp-content\/uploads\/2024\/03\/Oved-Contreras.jpg","contentUrl":"https:\/\/lospoliticosveracruz.com\/wp-content\/uploads\/2024\/03\/Oved-Contreras.jpg","width":1250,"height":667},{"@type":"BreadcrumbList","@id":"https:\/\/lospoliticosveracruz.com\/?p=121054#breadcrumb","itemListElement":[{"@type":"ListItem","position":1,"name":"Portada","item":"https:\/\/lospoliticosveracruz.com\/"},{"@type":"ListItem","position":2,"name":"Y DICE QUE LLEVAN MIL DIAS"}]},{"@type":"WebSite","@id":"https:\/\/lospoliticosveracruz.com\/#website","url":"https:\/\/lospoliticosveracruz.com\/","name":"Los pol\u00edticos Veracruz","description":"","publisher":{"@id":"https:\/\/lospoliticosveracruz.com\/#organization"},"potentialAction":[{"@type":"SearchAction","target":{"@type":"EntryPoint","urlTemplate":"https:\/\/lospoliticosveracruz.com\/?s={search_term_string}"},"query-input":{"@type":"PropertyValueSpecification","valueRequired":true,"valueName":"search_term_string"}}],"inLanguage":"es"},{"@type":"Organization","@id":"https:\/\/lospoliticosveracruz.com\/#organization","name":"Los pol\u00edticos Veracruz","url":"https:\/\/lospoliticosveracruz.com\/","logo":{"@type":"ImageObject","inLanguage":"es","@id":"https:\/\/lospoliticosveracruz.com\/#\/schema\/logo\/image\/","url":"https:\/\/lospoliticosveracruz.com\/wp-content\/uploads\/2025\/12\/Logo-Nuevo-LOS-POLITICOS-1.jpg","contentUrl":"https:\/\/lospoliticosveracruz.com\/wp-content\/uploads\/2025\/12\/Logo-Nuevo-LOS-POLITICOS-1.jpg","width":260,"height":70,"caption":"Los pol\u00edticos Veracruz"},"image":{"@id":"https:\/\/lospoliticosveracruz.com\/#\/schema\/logo\/image\/"},"sameAs":["https:\/\/www.facebook.com\/people\/Notimemes-de-los-Polticos\/61565672886568\/","https:\/\/x.com\/LosPoliticosVer"]},{"@type":"Person","@id":"https:\/\/lospoliticosveracruz.com\/#\/schema\/person\/b8702bb0e538456e6efd07080bf2a4a2","name":"Lo viste en Los Pol\u00edticos","image":{"@type":"ImageObject","inLanguage":"es","@id":"https:\/\/secure.gravatar.com\/avatar\/3a8de04a2656d44082be478bd6c086daa447c4651605818287b9532d3d0bd435?s=96&d=mm&r=g","url":"https:\/\/secure.gravatar.com\/avatar\/3a8de04a2656d44082be478bd6c086daa447c4651605818287b9532d3d0bd435?s=96&d=mm&r=g","contentUrl":"https:\/\/secure.gravatar.com\/avatar\/3a8de04a2656d44082be478bd6c086daa447c4651605818287b9532d3d0bd435?s=96&d=mm&r=g","caption":"Lo viste en Los Pol\u00edticos"},"url":"https:\/\/lospoliticosveracruz.com\/?author=2"}]}},"_links":{"self":[{"href":"https:\/\/lospoliticosveracruz.com\/index.php?rest_route=\/wp\/v2\/posts\/121054","targetHints":{"allow":["GET"]}}],"collection":[{"href":"https:\/\/lospoliticosveracruz.com\/index.php?rest_route=\/wp\/v2\/posts"}],"about":[{"href":"https:\/\/lospoliticosveracruz.com\/index.php?rest_route=\/wp\/v2\/types\/post"}],"author":[{"embeddable":true,"href":"https:\/\/lospoliticosveracruz.com\/index.php?rest_route=\/wp\/v2\/users\/2"}],"replies":[{"embeddable":true,"href":"https:\/\/lospoliticosveracruz.com\/index.php?rest_route=%2Fwp%2Fv2%2Fcomments&post=121054"}],"version-history":[{"count":1,"href":"https:\/\/lospoliticosveracruz.com\/index.php?rest_route=\/wp\/v2\/posts\/121054\/revisions"}],"predecessor-version":[{"id":121055,"href":"https:\/\/lospoliticosveracruz.com\/index.php?rest_route=\/wp\/v2\/posts\/121054\/revisions\/121055"}],"wp:featuredmedia":[{"embeddable":true,"href":"https:\/\/lospoliticosveracruz.com\/index.php?rest_route=\/wp\/v2\/media\/119816"}],"wp:attachment":[{"href":"https:\/\/lospoliticosveracruz.com\/index.php?rest_route=%2Fwp%2Fv2%2Fmedia&parent=121054"}],"wp:term":[{"taxonomy":"category","embeddable":true,"href":"https:\/\/lospoliticosveracruz.com\/index.php?rest_route=%2Fwp%2Fv2%2Fcategories&post=121054"},{"taxonomy":"post_tag","embeddable":true,"href":"https:\/\/lospoliticosveracruz.com\/index.php?rest_route=%2Fwp%2Fv2%2Ftags&post=121054"}],"curies":[{"name":"wp","href":"https:\/\/api.w.org\/{rel}","templated":true}]}}