{"id":121102,"date":"2024-03-30T12:22:45","date_gmt":"2024-03-30T18:22:45","guid":{"rendered":"https:\/\/lospoliticosveracruz.com.mx\/?p=121102"},"modified":"2024-03-30T12:23:00","modified_gmt":"2024-03-30T18:23:00","slug":"debate-electoral-obligatorio","status":"publish","type":"post","link":"https:\/\/lospoliticosveracruz.com\/?p=121102","title":{"rendered":"DEBATE ELECTORAL, OBLIGATORIO"},"content":{"rendered":"\n<p><\/p>\n\n\n\n<p><strong>Maribel Ram\u00edrez Topete<\/strong><\/p>\n\n\n\n<p>La Importancia del Debate en la Contienda Electoral es una Oportunidad para Evaluar y Decidir, en el coraz\u00f3n de una democracia vibrante y participativa radica la necesidad imperiosa de un debate electoral obligatorio para todas las candidaturas en Veracruz. Los ciudadanos y ciudadanas merecen la oportunidad de evaluar la calidad de las propuestas, y el debate emerge como el escenario id\u00f3neo para este prop\u00f3sito crucial.<\/p>\n\n\n<div class=\"wp-block-image\">\n<figure class=\"alignleft size-medium\"><a href=\"https:\/\/lospoliticosveracruz.com.mx\/wp-content\/uploads\/2021\/10\/Zacauilt.jpg\"><img decoding=\"async\" src=\"https:\/\/lospoliticosveracruz.com.mx\/wp-content\/uploads\/2021\/10\/Zacauilt-150x300.jpg\" alt=\"\" class=\"wp-image-80558\"\/><\/a><\/figure>\n<\/div>\n\n\n<p>Si bien no existe una ley que lo haga obligatorio, es esencial reconocer que estamos en un momento de cambio y evoluci\u00f3n. Es hora de actuar, de garantizar que cada candidato y candidata se someta al escrutinio p\u00fablico mediante un debate obligatorio. Es por eso que estoy trabajando en una propuesta desde el Congreso del Estado de Veracruz que no solo sancione la ausencia en estos debates, sino que tambi\u00e9n establezca su realizaci\u00f3n como requisito indispensable para validar una candidatura.<\/p>\n\n\n\n<p>El debate, financiado con recursos p\u00fablicos, debe ser un ejercicio democr\u00e1tico accesible para todos. La sanci\u00f3n por no participar debe ser proporcional al costo del debate y al n\u00famero de candidatos y candidatas. Adem\u00e1s, es crucial que se establezca en ley que aquellos que eviten el debate perder\u00e1n el derecho a la difusi\u00f3n p\u00fablica, garantizando as\u00ed un compromiso real con la transparencia y la participaci\u00f3n ciudadana.<\/p>\n\n\n\n<p>Recientemente, el Consejo General del Organismo P\u00fablico Local Electoral (OPLE) de Veracruz aprob\u00f3 la realizaci\u00f3n de debates entre los candidatos a la gubernatura y diputados locales. Esta decisi\u00f3n es un paso adelante en el fortalecimiento de nuestra democracia y en la garant\u00eda de un proceso electoral justo y transparente.<\/p>\n\n\n\n<p>Los debates son m\u00e1s que simples confrontaciones entre candidatos; son ejercicios fundamentales para recoger las diversas perspectivas pol\u00edticas y para orientar el voto ciudadano de manera informada y consciente. Es en estos espacios donde se ponen a prueba las ideas, se contrastan las visiones y se eval\u00faan las capacidades de liderazgo y gesti\u00f3n.<\/p>\n\n\n\n<p>Es crucial que los debates se realicen en espacios neutrales, lejos de la influencia partidista y en lugares accesibles para la ciudadan\u00eda. La elecci\u00f3n de instituciones acad\u00e9micas como sedes para estos encuentros es una decisi\u00f3n acertada, pues garantiza un ambiente propicio para el intercambio de ideas y el an\u00e1lisis profundo de las propuestas.<\/p>\n\n\n\n<p>En resumen, el debate electoral obligatorio es m\u00e1s que una simple formalidad; es un pilar fundamental de nuestra democracia. Es una oportunidad para que los ciudadanos y ciudadanas ejerzan su derecho a evaluar a quienes aspiran a representarlos, y es un recordatorio poderoso de que en la diversidad de ideas y opiniones radica la verdadera fuerza de nuestra sociedad. Es hora de hacer del debate una pr\u00e1ctica obligatoria y no negociable en el proceso electoral de Veracruz. Es hora de fortalecer nuestra democracia desde sus cimientos. Crucial mantenernos vigilantes y comprometidos con este objetivo. Exhortar desde la tribuna a los partidos pol\u00edticos para que sus candidatos participen en los debates es una acci\u00f3n valiosa en defensa de la transparencia y la participaci\u00f3n ciudadana. Recuerda que el voto es nuestra voz m\u00e1s poderosa, y si los candidatos eluden el debate, nos veremos en las urnas para hacer valer nuestro derecho y nuestra voluntad como ciudadanos. Juntos, podemos impulsar un cambio positivo y fortalecer nuestra democracia.<\/p>\n","protected":false},"excerpt":{"rendered":"<p>Maribel Ram\u00edrez Topete La Importancia del Debate en la Contienda Electoral es una Oportunidad para Evaluar y Decidir, en el coraz\u00f3n de una democracia vibrante y participativa radica la necesidad imperiosa de un debate electoral obligatorio para todas las candidaturas en Veracruz. Los ciudadanos y ciudadanas merecen la oportunidad de evaluar la calidad de las [&hellip;]<\/p>\n","protected":false},"author":2,"featured_media":120031,"comment_status":"closed","ping_status":"closed","sticky":false,"template":"","format":"standard","meta":{"tdm_status":"","tdm_grid_status":"","footnotes":""},"categories":[70],"tags":[],"class_list":{"0":"post-121102","1":"post","2":"type-post","3":"status-publish","4":"format-standard","5":"has-post-thumbnail","7":"category-de-opinion"},"yoast_head":"<!-- This site is optimized with the Yoast SEO plugin v27.4 - https:\/\/yoast.com\/product\/yoast-seo-wordpress\/ -->\n<title>DEBATE ELECTORAL, OBLIGATORIO - Los pol\u00edticos Veracruz<\/title>\n<meta name=\"robots\" content=\"index, follow, max-snippet:-1, max-image-preview:large, max-video-preview:-1\" \/>\n<link rel=\"canonical\" href=\"https:\/\/lospoliticosveracruz.com\/?p=121102\" \/>\n<meta property=\"og:locale\" content=\"es_ES\" \/>\n<meta property=\"og:type\" content=\"article\" \/>\n<meta property=\"og:title\" content=\"DEBATE ELECTORAL, OBLIGATORIO - Los pol\u00edticos Veracruz\" \/>\n<meta property=\"og:description\" content=\"Maribel Ram\u00edrez Topete La Importancia del Debate en la Contienda Electoral es una Oportunidad para Evaluar y Decidir, en el coraz\u00f3n de una democracia vibrante y participativa radica la necesidad imperiosa de un debate electoral obligatorio para todas las candidaturas en Veracruz. Los ciudadanos y ciudadanas merecen la oportunidad de evaluar la calidad de las [&hellip;]\" \/>\n<meta property=\"og:url\" content=\"https:\/\/lospoliticosveracruz.com\/?p=121102\" \/>\n<meta property=\"og:site_name\" content=\"Los pol\u00edticos Veracruz\" \/>\n<meta property=\"article:publisher\" content=\"https:\/\/www.facebook.com\/people\/Notimemes-de-los-Polticos\/61565672886568\/\" \/>\n<meta property=\"article:published_time\" content=\"2024-03-30T18:22:45+00:00\" \/>\n<meta property=\"article:modified_time\" content=\"2024-03-30T18:23:00+00:00\" \/>\n<meta property=\"og:image\" content=\"https:\/\/lospoliticosveracruz.com\/wp-content\/uploads\/2024\/03\/Maribel-Ramirez-Topete.jpg\" \/>\n\t<meta property=\"og:image:width\" content=\"1250\" \/>\n\t<meta property=\"og:image:height\" content=\"667\" \/>\n\t<meta property=\"og:image:type\" content=\"image\/jpeg\" \/>\n<meta name=\"author\" content=\"Lo viste en Los Pol\u00edticos\" \/>\n<meta name=\"twitter:card\" content=\"summary_large_image\" \/>\n<meta name=\"twitter:creator\" content=\"@LosPoliticosVer\" \/>\n<meta name=\"twitter:site\" content=\"@LosPoliticosVer\" \/>\n<meta name=\"twitter:label1\" content=\"Escrito por\" \/>\n\t<meta name=\"twitter:data1\" content=\"Lo viste en Los Pol\u00edticos\" \/>\n\t<meta name=\"twitter:label2\" content=\"Tiempo de lectura\" \/>\n\t<meta name=\"twitter:data2\" content=\"3 minutos\" \/>\n<script type=\"application\/ld+json\" class=\"yoast-schema-graph\">{\"@context\":\"https:\\\/\\\/schema.org\",\"@graph\":[{\"@type\":\"Article\",\"@id\":\"https:\\\/\\\/lospoliticosveracruz.com\\\/?p=121102#article\",\"isPartOf\":{\"@id\":\"https:\\\/\\\/lospoliticosveracruz.com\\\/?p=121102\"},\"author\":{\"name\":\"Lo viste en Los Pol\u00edticos\",\"@id\":\"https:\\\/\\\/lospoliticosveracruz.com\\\/#\\\/schema\\\/person\\\/b8702bb0e538456e6efd07080bf2a4a2\"},\"headline\":\"DEBATE ELECTORAL, OBLIGATORIO\",\"datePublished\":\"2024-03-30T18:22:45+00:00\",\"dateModified\":\"2024-03-30T18:23:00+00:00\",\"mainEntityOfPage\":{\"@id\":\"https:\\\/\\\/lospoliticosveracruz.com\\\/?p=121102\"},\"wordCount\":572,\"publisher\":{\"@id\":\"https:\\\/\\\/lospoliticosveracruz.com\\\/#organization\"},\"image\":{\"@id\":\"https:\\\/\\\/lospoliticosveracruz.com\\\/?p=121102#primaryimage\"},\"thumbnailUrl\":\"https:\\\/\\\/lospoliticosveracruz.com\\\/wp-content\\\/uploads\\\/2024\\\/03\\\/Maribel-Ramirez-Topete.jpg\",\"articleSection\":[\"De Opini\u00f3n\"],\"inLanguage\":\"es\"},{\"@type\":\"WebPage\",\"@id\":\"https:\\\/\\\/lospoliticosveracruz.com\\\/?p=121102\",\"url\":\"https:\\\/\\\/lospoliticosveracruz.com\\\/?p=121102\",\"name\":\"DEBATE ELECTORAL, OBLIGATORIO - Los pol\u00edticos Veracruz\",\"isPartOf\":{\"@id\":\"https:\\\/\\\/lospoliticosveracruz.com\\\/#website\"},\"primaryImageOfPage\":{\"@id\":\"https:\\\/\\\/lospoliticosveracruz.com\\\/?p=121102#primaryimage\"},\"image\":{\"@id\":\"https:\\\/\\\/lospoliticosveracruz.com\\\/?p=121102#primaryimage\"},\"thumbnailUrl\":\"https:\\\/\\\/lospoliticosveracruz.com\\\/wp-content\\\/uploads\\\/2024\\\/03\\\/Maribel-Ramirez-Topete.jpg\",\"datePublished\":\"2024-03-30T18:22:45+00:00\",\"dateModified\":\"2024-03-30T18:23:00+00:00\",\"breadcrumb\":{\"@id\":\"https:\\\/\\\/lospoliticosveracruz.com\\\/?p=121102#breadcrumb\"},\"inLanguage\":\"es\",\"potentialAction\":[{\"@type\":\"ReadAction\",\"target\":[\"https:\\\/\\\/lospoliticosveracruz.com\\\/?p=121102\"]}]},{\"@type\":\"ImageObject\",\"inLanguage\":\"es\",\"@id\":\"https:\\\/\\\/lospoliticosveracruz.com\\\/?p=121102#primaryimage\",\"url\":\"https:\\\/\\\/lospoliticosveracruz.com\\\/wp-content\\\/uploads\\\/2024\\\/03\\\/Maribel-Ramirez-Topete.jpg\",\"contentUrl\":\"https:\\\/\\\/lospoliticosveracruz.com\\\/wp-content\\\/uploads\\\/2024\\\/03\\\/Maribel-Ramirez-Topete.jpg\",\"width\":1250,\"height\":667},{\"@type\":\"BreadcrumbList\",\"@id\":\"https:\\\/\\\/lospoliticosveracruz.com\\\/?p=121102#breadcrumb\",\"itemListElement\":[{\"@type\":\"ListItem\",\"position\":1,\"name\":\"Portada\",\"item\":\"https:\\\/\\\/lospoliticosveracruz.com\\\/\"},{\"@type\":\"ListItem\",\"position\":2,\"name\":\"DEBATE ELECTORAL, OBLIGATORIO\"}]},{\"@type\":\"WebSite\",\"@id\":\"https:\\\/\\\/lospoliticosveracruz.com\\\/#website\",\"url\":\"https:\\\/\\\/lospoliticosveracruz.com\\\/\",\"name\":\"Los pol\u00edticos Veracruz\",\"description\":\"\",\"publisher\":{\"@id\":\"https:\\\/\\\/lospoliticosveracruz.com\\\/#organization\"},\"potentialAction\":[{\"@type\":\"SearchAction\",\"target\":{\"@type\":\"EntryPoint\",\"urlTemplate\":\"https:\\\/\\\/lospoliticosveracruz.com\\\/?s={search_term_string}\"},\"query-input\":{\"@type\":\"PropertyValueSpecification\",\"valueRequired\":true,\"valueName\":\"search_term_string\"}}],\"inLanguage\":\"es\"},{\"@type\":\"Organization\",\"@id\":\"https:\\\/\\\/lospoliticosveracruz.com\\\/#organization\",\"name\":\"Los pol\u00edticos Veracruz\",\"url\":\"https:\\\/\\\/lospoliticosveracruz.com\\\/\",\"logo\":{\"@type\":\"ImageObject\",\"inLanguage\":\"es\",\"@id\":\"https:\\\/\\\/lospoliticosveracruz.com\\\/#\\\/schema\\\/logo\\\/image\\\/\",\"url\":\"https:\\\/\\\/lospoliticosveracruz.com\\\/wp-content\\\/uploads\\\/2025\\\/12\\\/Logo-Nuevo-LOS-POLITICOS-1.jpg\",\"contentUrl\":\"https:\\\/\\\/lospoliticosveracruz.com\\\/wp-content\\\/uploads\\\/2025\\\/12\\\/Logo-Nuevo-LOS-POLITICOS-1.jpg\",\"width\":260,\"height\":70,\"caption\":\"Los pol\u00edticos Veracruz\"},\"image\":{\"@id\":\"https:\\\/\\\/lospoliticosveracruz.com\\\/#\\\/schema\\\/logo\\\/image\\\/\"},\"sameAs\":[\"https:\\\/\\\/www.facebook.com\\\/people\\\/Notimemes-de-los-Polticos\\\/61565672886568\\\/\",\"https:\\\/\\\/x.com\\\/LosPoliticosVer\"]},{\"@type\":\"Person\",\"@id\":\"https:\\\/\\\/lospoliticosveracruz.com\\\/#\\\/schema\\\/person\\\/b8702bb0e538456e6efd07080bf2a4a2\",\"name\":\"Lo viste en Los Pol\u00edticos\",\"image\":{\"@type\":\"ImageObject\",\"inLanguage\":\"es\",\"@id\":\"https:\\\/\\\/secure.gravatar.com\\\/avatar\\\/3a8de04a2656d44082be478bd6c086daa447c4651605818287b9532d3d0bd435?s=96&d=mm&r=g\",\"url\":\"https:\\\/\\\/secure.gravatar.com\\\/avatar\\\/3a8de04a2656d44082be478bd6c086daa447c4651605818287b9532d3d0bd435?s=96&d=mm&r=g\",\"contentUrl\":\"https:\\\/\\\/secure.gravatar.com\\\/avatar\\\/3a8de04a2656d44082be478bd6c086daa447c4651605818287b9532d3d0bd435?s=96&d=mm&r=g\",\"caption\":\"Lo viste en Los Pol\u00edticos\"},\"url\":\"https:\\\/\\\/lospoliticosveracruz.com\\\/?author=2\"}]}<\/script>\n<!-- \/ Yoast SEO plugin. -->","yoast_head_json":{"title":"DEBATE ELECTORAL, OBLIGATORIO - Los pol\u00edticos Veracruz","robots":{"index":"index","follow":"follow","max-snippet":"max-snippet:-1","max-image-preview":"max-image-preview:large","max-video-preview":"max-video-preview:-1"},"canonical":"https:\/\/lospoliticosveracruz.com\/?p=121102","og_locale":"es_ES","og_type":"article","og_title":"DEBATE ELECTORAL, OBLIGATORIO - Los pol\u00edticos Veracruz","og_description":"Maribel Ram\u00edrez Topete La Importancia del Debate en la Contienda Electoral es una Oportunidad para Evaluar y Decidir, en el coraz\u00f3n de una democracia vibrante y participativa radica la necesidad imperiosa de un debate electoral obligatorio para todas las candidaturas en Veracruz. Los ciudadanos y ciudadanas merecen la oportunidad de evaluar la calidad de las [&hellip;]","og_url":"https:\/\/lospoliticosveracruz.com\/?p=121102","og_site_name":"Los pol\u00edticos Veracruz","article_publisher":"https:\/\/www.facebook.com\/people\/Notimemes-de-los-Polticos\/61565672886568\/","article_published_time":"2024-03-30T18:22:45+00:00","article_modified_time":"2024-03-30T18:23:00+00:00","og_image":[{"width":1250,"height":667,"url":"https:\/\/lospoliticosveracruz.com\/wp-content\/uploads\/2024\/03\/Maribel-Ramirez-Topete.jpg","type":"image\/jpeg"}],"author":"Lo viste en Los Pol\u00edticos","twitter_card":"summary_large_image","twitter_creator":"@LosPoliticosVer","twitter_site":"@LosPoliticosVer","twitter_misc":{"Escrito por":"Lo viste en Los Pol\u00edticos","Tiempo de lectura":"3 minutos"},"schema":{"@context":"https:\/\/schema.org","@graph":[{"@type":"Article","@id":"https:\/\/lospoliticosveracruz.com\/?p=121102#article","isPartOf":{"@id":"https:\/\/lospoliticosveracruz.com\/?p=121102"},"author":{"name":"Lo viste en Los Pol\u00edticos","@id":"https:\/\/lospoliticosveracruz.com\/#\/schema\/person\/b8702bb0e538456e6efd07080bf2a4a2"},"headline":"DEBATE ELECTORAL, OBLIGATORIO","datePublished":"2024-03-30T18:22:45+00:00","dateModified":"2024-03-30T18:23:00+00:00","mainEntityOfPage":{"@id":"https:\/\/lospoliticosveracruz.com\/?p=121102"},"wordCount":572,"publisher":{"@id":"https:\/\/lospoliticosveracruz.com\/#organization"},"image":{"@id":"https:\/\/lospoliticosveracruz.com\/?p=121102#primaryimage"},"thumbnailUrl":"https:\/\/lospoliticosveracruz.com\/wp-content\/uploads\/2024\/03\/Maribel-Ramirez-Topete.jpg","articleSection":["De Opini\u00f3n"],"inLanguage":"es"},{"@type":"WebPage","@id":"https:\/\/lospoliticosveracruz.com\/?p=121102","url":"https:\/\/lospoliticosveracruz.com\/?p=121102","name":"DEBATE ELECTORAL, OBLIGATORIO - Los pol\u00edticos Veracruz","isPartOf":{"@id":"https:\/\/lospoliticosveracruz.com\/#website"},"primaryImageOfPage":{"@id":"https:\/\/lospoliticosveracruz.com\/?p=121102#primaryimage"},"image":{"@id":"https:\/\/lospoliticosveracruz.com\/?p=121102#primaryimage"},"thumbnailUrl":"https:\/\/lospoliticosveracruz.com\/wp-content\/uploads\/2024\/03\/Maribel-Ramirez-Topete.jpg","datePublished":"2024-03-30T18:22:45+00:00","dateModified":"2024-03-30T18:23:00+00:00","breadcrumb":{"@id":"https:\/\/lospoliticosveracruz.com\/?p=121102#breadcrumb"},"inLanguage":"es","potentialAction":[{"@type":"ReadAction","target":["https:\/\/lospoliticosveracruz.com\/?p=121102"]}]},{"@type":"ImageObject","inLanguage":"es","@id":"https:\/\/lospoliticosveracruz.com\/?p=121102#primaryimage","url":"https:\/\/lospoliticosveracruz.com\/wp-content\/uploads\/2024\/03\/Maribel-Ramirez-Topete.jpg","contentUrl":"https:\/\/lospoliticosveracruz.com\/wp-content\/uploads\/2024\/03\/Maribel-Ramirez-Topete.jpg","width":1250,"height":667},{"@type":"BreadcrumbList","@id":"https:\/\/lospoliticosveracruz.com\/?p=121102#breadcrumb","itemListElement":[{"@type":"ListItem","position":1,"name":"Portada","item":"https:\/\/lospoliticosveracruz.com\/"},{"@type":"ListItem","position":2,"name":"DEBATE ELECTORAL, OBLIGATORIO"}]},{"@type":"WebSite","@id":"https:\/\/lospoliticosveracruz.com\/#website","url":"https:\/\/lospoliticosveracruz.com\/","name":"Los pol\u00edticos Veracruz","description":"","publisher":{"@id":"https:\/\/lospoliticosveracruz.com\/#organization"},"potentialAction":[{"@type":"SearchAction","target":{"@type":"EntryPoint","urlTemplate":"https:\/\/lospoliticosveracruz.com\/?s={search_term_string}"},"query-input":{"@type":"PropertyValueSpecification","valueRequired":true,"valueName":"search_term_string"}}],"inLanguage":"es"},{"@type":"Organization","@id":"https:\/\/lospoliticosveracruz.com\/#organization","name":"Los pol\u00edticos Veracruz","url":"https:\/\/lospoliticosveracruz.com\/","logo":{"@type":"ImageObject","inLanguage":"es","@id":"https:\/\/lospoliticosveracruz.com\/#\/schema\/logo\/image\/","url":"https:\/\/lospoliticosveracruz.com\/wp-content\/uploads\/2025\/12\/Logo-Nuevo-LOS-POLITICOS-1.jpg","contentUrl":"https:\/\/lospoliticosveracruz.com\/wp-content\/uploads\/2025\/12\/Logo-Nuevo-LOS-POLITICOS-1.jpg","width":260,"height":70,"caption":"Los pol\u00edticos Veracruz"},"image":{"@id":"https:\/\/lospoliticosveracruz.com\/#\/schema\/logo\/image\/"},"sameAs":["https:\/\/www.facebook.com\/people\/Notimemes-de-los-Polticos\/61565672886568\/","https:\/\/x.com\/LosPoliticosVer"]},{"@type":"Person","@id":"https:\/\/lospoliticosveracruz.com\/#\/schema\/person\/b8702bb0e538456e6efd07080bf2a4a2","name":"Lo viste en Los Pol\u00edticos","image":{"@type":"ImageObject","inLanguage":"es","@id":"https:\/\/secure.gravatar.com\/avatar\/3a8de04a2656d44082be478bd6c086daa447c4651605818287b9532d3d0bd435?s=96&d=mm&r=g","url":"https:\/\/secure.gravatar.com\/avatar\/3a8de04a2656d44082be478bd6c086daa447c4651605818287b9532d3d0bd435?s=96&d=mm&r=g","contentUrl":"https:\/\/secure.gravatar.com\/avatar\/3a8de04a2656d44082be478bd6c086daa447c4651605818287b9532d3d0bd435?s=96&d=mm&r=g","caption":"Lo viste en Los Pol\u00edticos"},"url":"https:\/\/lospoliticosveracruz.com\/?author=2"}]}},"_links":{"self":[{"href":"https:\/\/lospoliticosveracruz.com\/index.php?rest_route=\/wp\/v2\/posts\/121102","targetHints":{"allow":["GET"]}}],"collection":[{"href":"https:\/\/lospoliticosveracruz.com\/index.php?rest_route=\/wp\/v2\/posts"}],"about":[{"href":"https:\/\/lospoliticosveracruz.com\/index.php?rest_route=\/wp\/v2\/types\/post"}],"author":[{"embeddable":true,"href":"https:\/\/lospoliticosveracruz.com\/index.php?rest_route=\/wp\/v2\/users\/2"}],"replies":[{"embeddable":true,"href":"https:\/\/lospoliticosveracruz.com\/index.php?rest_route=%2Fwp%2Fv2%2Fcomments&post=121102"}],"version-history":[{"count":2,"href":"https:\/\/lospoliticosveracruz.com\/index.php?rest_route=\/wp\/v2\/posts\/121102\/revisions"}],"predecessor-version":[{"id":121104,"href":"https:\/\/lospoliticosveracruz.com\/index.php?rest_route=\/wp\/v2\/posts\/121102\/revisions\/121104"}],"wp:featuredmedia":[{"embeddable":true,"href":"https:\/\/lospoliticosveracruz.com\/index.php?rest_route=\/wp\/v2\/media\/120031"}],"wp:attachment":[{"href":"https:\/\/lospoliticosveracruz.com\/index.php?rest_route=%2Fwp%2Fv2%2Fmedia&parent=121102"}],"wp:term":[{"taxonomy":"category","embeddable":true,"href":"https:\/\/lospoliticosveracruz.com\/index.php?rest_route=%2Fwp%2Fv2%2Fcategories&post=121102"},{"taxonomy":"post_tag","embeddable":true,"href":"https:\/\/lospoliticosveracruz.com\/index.php?rest_route=%2Fwp%2Fv2%2Ftags&post=121102"}],"curies":[{"name":"wp","href":"https:\/\/api.w.org\/{rel}","templated":true}]}}