{"id":121108,"date":"2024-03-30T13:15:11","date_gmt":"2024-03-30T19:15:11","guid":{"rendered":"https:\/\/lospoliticosveracruz.com.mx\/?p=121108"},"modified":"2024-03-30T13:15:22","modified_gmt":"2024-03-30T19:15:22","slug":"por-eso-tanto-infierno-forestal","status":"publish","type":"post","link":"https:\/\/lospoliticosveracruz.com\/?p=121108","title":{"rendered":"POR ESO TANTO INFIERNO FORESTAL!"},"content":{"rendered":"\n<p><\/p>\n\n\n\n<p><strong>Veracruz<\/strong><br>La desaparici\u00f3n del Fondo Nacional de Desastres Naturales (Fonden) por parte Andr\u00e9s Manuel L\u00f3pez Obrador y de la bancada de Morena, fue la mayor irresponsabilidad del planeta, acus\u00f3 Maryjose Gamboa, candidata a diputada federal de la Alianza PAN-PRI-PRD por el distrito 4 de Boca del R\u00edo.<\/p>\n\n\n<div class=\"wp-block-image\">\n<figure class=\"alignleft size-medium\"><a href=\"https:\/\/lospoliticosveracruz.com.mx\/wp-content\/uploads\/2023\/02\/Estancia.jpg\"><img decoding=\"async\" src=\"https:\/\/lospoliticosveracruz.com.mx\/wp-content\/uploads\/2023\/02\/Estancia-190x300.jpg\" alt=\"\" class=\"wp-image-102751\"\/><\/a><\/figure>\n<\/div>\n\n\n<p>\u201cNos queda claro que ten\u00eda muchas fallas pero hab\u00eda que mejorarlo, no desaparecerlo. Se robaron miles de millones de pesos del Fondo Nacional de Desastres Naturales y por eso lleva d\u00edas incendi\u00e1ndose Orizaba y ni quien responda\u201d, refiri\u00f3.<\/p>\n\n\n\n<p>En un enlace en vivo a trav\u00e9s de sus redes sociales, Maryjose Gamboa coment\u00f3 que la gente quiz\u00e1s no ubica al Fonden como tal pero s\u00ed se acuerda que cuando ocurr\u00eda un desastre natural como un hurac\u00e1n, inundaciones por frentes fr\u00edos, temblores, incendios forestales, hab\u00eda un recurso especial que mandaba el gobierno para atender las zonas afectadas y realizar trabajos de reconstrucci\u00f3n de viviendas y de carreteras.<\/p>\n\n\n\n<p>Tras la desaparici\u00f3n de dicho fondo a propuesta de Andr\u00e9s Manuel L\u00f3pez Obrador y respaldado por Morena en el Congreso de la Uni\u00f3n, dijo que hoy no se cuenta con un apoyo inmediato de los gobiernos para atender cualquier desastre natural.<\/p>\n\n\n\n<p>\u201cLa gente que qued\u00f3 afectada en Acapulco tras el desastre del hurac\u00e1n Otis ni qui\u00e9n responda, y si en Veracruz, Dios no lo quiera, llegar\u00e1 a pegarnos un hurac\u00e1n no habr\u00e1 qui\u00e9n responda. justamente por eso ya nadie va a votar por Morena\u201d, afirm\u00f3.<\/p>\n\n\n\n<p>El Fonden era un instrumento financiero, dentro del Sistema Nacional de Protecci\u00f3n Civil, del que sal\u00edan los recursos para enfrentar emergencias que, al ser consecuencia de los efectos de la naturaleza, no se pueden presupuestar.<\/p>\n\n\n\n<p>Con el Fonden se activavan recursos econ\u00f3micos en las entidades afectadas por ciclones, huracanes, sismos y cualquier fen\u00f3meno natural, y se pod\u00edan acceder a los recursos al poco tiempo de que fueron afectadas.<\/p>\n\n\n\n<p>En octubre de 2020, la mayor\u00eda de Morena en el Senado de la Rep\u00fablica elimin\u00f3 109 fideicomisos nacionales, incluyendo al FONDEN, encargado de financiar la reconstrucci\u00f3n de infraestructura y brindar atenci\u00f3n humanitaria en casos de desastres ocasionados por fen\u00f3menos naturales en el territorio nacional.<\/p>\n\n\n\n<p>Dicho fideicomiso, formaba parte del ramo 23 del Presupuesto de Egresos de la Federaci\u00f3n 2023, donde la Secretaria de Gobernaci\u00f3n administraba y distribu\u00eda los recursos.<\/p>\n\n\n\n<p>Con informaci\u00f3n de&nbsp;M\u00e9xico Eval\u00faa, antes de su recorte, el Fondo de Desastres Naturales ten\u00eda un presupuesto de 29 mil millones de pesos anuales, promediando los a\u00f1os de 2013 a 2018. Pese a ser \u201celiminado\u201d hace 3 a\u00f1os se le sigue destinando presupuesto. Para 2023, ya aparece como programa y recibi\u00f3 17 mil 156 millones 826 mil 205 pesos del presupuesto federal, equivalente al 98% del total de provisiones econ\u00f3micas y 38% menos que el promedio de 2013 a 2018.<\/p>\n","protected":false},"excerpt":{"rendered":"<p>VeracruzLa desaparici\u00f3n del Fondo Nacional de Desastres Naturales (Fonden) por parte Andr\u00e9s Manuel L\u00f3pez Obrador y de la bancada de Morena, fue la mayor irresponsabilidad del planeta, acus\u00f3 Maryjose Gamboa, candidata a diputada federal de la Alianza PAN-PRI-PRD por el distrito 4 de Boca del R\u00edo. \u201cNos queda claro que ten\u00eda muchas fallas pero hab\u00eda [&hellip;]<\/p>\n","protected":false},"author":2,"featured_media":0,"comment_status":"closed","ping_status":"closed","sticky":false,"template":"","format":"standard","meta":{"tdm_status":"","tdm_grid_status":"","footnotes":""},"categories":[73],"tags":[1937],"class_list":{"0":"post-121108","1":"post","2":"type-post","3":"status-publish","4":"format-standard","6":"category-de-boleto","7":"tag-maryjose-gamboa"},"yoast_head":"<!-- This site is optimized with the Yoast SEO plugin v27.4 - https:\/\/yoast.com\/product\/yoast-seo-wordpress\/ -->\n<title>POR ESO TANTO INFIERNO FORESTAL! - Los pol\u00edticos Veracruz<\/title>\n<meta name=\"robots\" content=\"index, follow, max-snippet:-1, max-image-preview:large, max-video-preview:-1\" \/>\n<link rel=\"canonical\" href=\"https:\/\/lospoliticosveracruz.com\/?p=121108\" \/>\n<meta property=\"og:locale\" content=\"es_ES\" \/>\n<meta property=\"og:type\" content=\"article\" \/>\n<meta property=\"og:title\" content=\"POR ESO TANTO INFIERNO FORESTAL! - Los pol\u00edticos Veracruz\" \/>\n<meta property=\"og:description\" content=\"VeracruzLa desaparici\u00f3n del Fondo Nacional de Desastres Naturales (Fonden) por parte Andr\u00e9s Manuel L\u00f3pez Obrador y de la bancada de Morena, fue la mayor irresponsabilidad del planeta, acus\u00f3 Maryjose Gamboa, candidata a diputada federal de la Alianza PAN-PRI-PRD por el distrito 4 de Boca del R\u00edo. \u201cNos queda claro que ten\u00eda muchas fallas pero hab\u00eda [&hellip;]\" \/>\n<meta property=\"og:url\" content=\"https:\/\/lospoliticosveracruz.com\/?p=121108\" \/>\n<meta property=\"og:site_name\" content=\"Los pol\u00edticos Veracruz\" \/>\n<meta property=\"article:publisher\" content=\"https:\/\/www.facebook.com\/people\/Notimemes-de-los-Polticos\/61565672886568\/\" \/>\n<meta property=\"article:published_time\" content=\"2024-03-30T19:15:11+00:00\" \/>\n<meta property=\"article:modified_time\" content=\"2024-03-30T19:15:22+00:00\" \/>\n<meta property=\"og:image\" content=\"https:\/\/lospoliticosveracruz.com.mx\/wp-content\/uploads\/2023\/02\/Estancia-190x300.jpg\" \/>\n<meta name=\"author\" content=\"Lo viste en Los Pol\u00edticos\" \/>\n<meta name=\"twitter:card\" content=\"summary_large_image\" \/>\n<meta name=\"twitter:creator\" content=\"@LosPoliticosVer\" \/>\n<meta name=\"twitter:site\" content=\"@LosPoliticosVer\" \/>\n<meta name=\"twitter:label1\" content=\"Escrito por\" \/>\n\t<meta name=\"twitter:data1\" content=\"Lo viste en Los Pol\u00edticos\" \/>\n\t<meta name=\"twitter:label2\" content=\"Tiempo de lectura\" \/>\n\t<meta name=\"twitter:data2\" content=\"2 minutos\" \/>\n<script type=\"application\/ld+json\" class=\"yoast-schema-graph\">{\"@context\":\"https:\\\/\\\/schema.org\",\"@graph\":[{\"@type\":\"Article\",\"@id\":\"https:\\\/\\\/lospoliticosveracruz.com\\\/?p=121108#article\",\"isPartOf\":{\"@id\":\"https:\\\/\\\/lospoliticosveracruz.com\\\/?p=121108\"},\"author\":{\"name\":\"Lo viste en Los Pol\u00edticos\",\"@id\":\"https:\\\/\\\/lospoliticosveracruz.com\\\/#\\\/schema\\\/person\\\/b8702bb0e538456e6efd07080bf2a4a2\"},\"headline\":\"POR ESO TANTO INFIERNO FORESTAL!\",\"datePublished\":\"2024-03-30T19:15:11+00:00\",\"dateModified\":\"2024-03-30T19:15:22+00:00\",\"mainEntityOfPage\":{\"@id\":\"https:\\\/\\\/lospoliticosveracruz.com\\\/?p=121108\"},\"wordCount\":485,\"publisher\":{\"@id\":\"https:\\\/\\\/lospoliticosveracruz.com\\\/#organization\"},\"image\":{\"@id\":\"https:\\\/\\\/lospoliticosveracruz.com\\\/?p=121108#primaryimage\"},\"thumbnailUrl\":\"https:\\\/\\\/lospoliticosveracruz.com.mx\\\/wp-content\\\/uploads\\\/2023\\\/02\\\/Estancia-190x300.jpg\",\"keywords\":[\"Maryjose Gamboa\"],\"articleSection\":[\"De Boleto\"],\"inLanguage\":\"es\"},{\"@type\":\"WebPage\",\"@id\":\"https:\\\/\\\/lospoliticosveracruz.com\\\/?p=121108\",\"url\":\"https:\\\/\\\/lospoliticosveracruz.com\\\/?p=121108\",\"name\":\"POR ESO TANTO INFIERNO FORESTAL! - Los pol\u00edticos Veracruz\",\"isPartOf\":{\"@id\":\"https:\\\/\\\/lospoliticosveracruz.com\\\/#website\"},\"primaryImageOfPage\":{\"@id\":\"https:\\\/\\\/lospoliticosveracruz.com\\\/?p=121108#primaryimage\"},\"image\":{\"@id\":\"https:\\\/\\\/lospoliticosveracruz.com\\\/?p=121108#primaryimage\"},\"thumbnailUrl\":\"https:\\\/\\\/lospoliticosveracruz.com.mx\\\/wp-content\\\/uploads\\\/2023\\\/02\\\/Estancia-190x300.jpg\",\"datePublished\":\"2024-03-30T19:15:11+00:00\",\"dateModified\":\"2024-03-30T19:15:22+00:00\",\"breadcrumb\":{\"@id\":\"https:\\\/\\\/lospoliticosveracruz.com\\\/?p=121108#breadcrumb\"},\"inLanguage\":\"es\",\"potentialAction\":[{\"@type\":\"ReadAction\",\"target\":[\"https:\\\/\\\/lospoliticosveracruz.com\\\/?p=121108\"]}]},{\"@type\":\"ImageObject\",\"inLanguage\":\"es\",\"@id\":\"https:\\\/\\\/lospoliticosveracruz.com\\\/?p=121108#primaryimage\",\"url\":\"https:\\\/\\\/lospoliticosveracruz.com.mx\\\/wp-content\\\/uploads\\\/2023\\\/02\\\/Estancia-190x300.jpg\",\"contentUrl\":\"https:\\\/\\\/lospoliticosveracruz.com.mx\\\/wp-content\\\/uploads\\\/2023\\\/02\\\/Estancia-190x300.jpg\"},{\"@type\":\"BreadcrumbList\",\"@id\":\"https:\\\/\\\/lospoliticosveracruz.com\\\/?p=121108#breadcrumb\",\"itemListElement\":[{\"@type\":\"ListItem\",\"position\":1,\"name\":\"Portada\",\"item\":\"https:\\\/\\\/lospoliticosveracruz.com\\\/\"},{\"@type\":\"ListItem\",\"position\":2,\"name\":\"POR ESO TANTO INFIERNO FORESTAL!\"}]},{\"@type\":\"WebSite\",\"@id\":\"https:\\\/\\\/lospoliticosveracruz.com\\\/#website\",\"url\":\"https:\\\/\\\/lospoliticosveracruz.com\\\/\",\"name\":\"Los pol\u00edticos Veracruz\",\"description\":\"\",\"publisher\":{\"@id\":\"https:\\\/\\\/lospoliticosveracruz.com\\\/#organization\"},\"potentialAction\":[{\"@type\":\"SearchAction\",\"target\":{\"@type\":\"EntryPoint\",\"urlTemplate\":\"https:\\\/\\\/lospoliticosveracruz.com\\\/?s={search_term_string}\"},\"query-input\":{\"@type\":\"PropertyValueSpecification\",\"valueRequired\":true,\"valueName\":\"search_term_string\"}}],\"inLanguage\":\"es\"},{\"@type\":\"Organization\",\"@id\":\"https:\\\/\\\/lospoliticosveracruz.com\\\/#organization\",\"name\":\"Los pol\u00edticos Veracruz\",\"url\":\"https:\\\/\\\/lospoliticosveracruz.com\\\/\",\"logo\":{\"@type\":\"ImageObject\",\"inLanguage\":\"es\",\"@id\":\"https:\\\/\\\/lospoliticosveracruz.com\\\/#\\\/schema\\\/logo\\\/image\\\/\",\"url\":\"https:\\\/\\\/lospoliticosveracruz.com\\\/wp-content\\\/uploads\\\/2025\\\/12\\\/Logo-Nuevo-LOS-POLITICOS-1.jpg\",\"contentUrl\":\"https:\\\/\\\/lospoliticosveracruz.com\\\/wp-content\\\/uploads\\\/2025\\\/12\\\/Logo-Nuevo-LOS-POLITICOS-1.jpg\",\"width\":260,\"height\":70,\"caption\":\"Los pol\u00edticos Veracruz\"},\"image\":{\"@id\":\"https:\\\/\\\/lospoliticosveracruz.com\\\/#\\\/schema\\\/logo\\\/image\\\/\"},\"sameAs\":[\"https:\\\/\\\/www.facebook.com\\\/people\\\/Notimemes-de-los-Polticos\\\/61565672886568\\\/\",\"https:\\\/\\\/x.com\\\/LosPoliticosVer\"]},{\"@type\":\"Person\",\"@id\":\"https:\\\/\\\/lospoliticosveracruz.com\\\/#\\\/schema\\\/person\\\/b8702bb0e538456e6efd07080bf2a4a2\",\"name\":\"Lo viste en Los Pol\u00edticos\",\"image\":{\"@type\":\"ImageObject\",\"inLanguage\":\"es\",\"@id\":\"https:\\\/\\\/secure.gravatar.com\\\/avatar\\\/3a8de04a2656d44082be478bd6c086daa447c4651605818287b9532d3d0bd435?s=96&d=mm&r=g\",\"url\":\"https:\\\/\\\/secure.gravatar.com\\\/avatar\\\/3a8de04a2656d44082be478bd6c086daa447c4651605818287b9532d3d0bd435?s=96&d=mm&r=g\",\"contentUrl\":\"https:\\\/\\\/secure.gravatar.com\\\/avatar\\\/3a8de04a2656d44082be478bd6c086daa447c4651605818287b9532d3d0bd435?s=96&d=mm&r=g\",\"caption\":\"Lo viste en Los Pol\u00edticos\"},\"url\":\"https:\\\/\\\/lospoliticosveracruz.com\\\/?author=2\"}]}<\/script>\n<!-- \/ Yoast SEO plugin. -->","yoast_head_json":{"title":"POR ESO TANTO INFIERNO FORESTAL! - Los pol\u00edticos Veracruz","robots":{"index":"index","follow":"follow","max-snippet":"max-snippet:-1","max-image-preview":"max-image-preview:large","max-video-preview":"max-video-preview:-1"},"canonical":"https:\/\/lospoliticosveracruz.com\/?p=121108","og_locale":"es_ES","og_type":"article","og_title":"POR ESO TANTO INFIERNO FORESTAL! - Los pol\u00edticos Veracruz","og_description":"VeracruzLa desaparici\u00f3n del Fondo Nacional de Desastres Naturales (Fonden) por parte Andr\u00e9s Manuel L\u00f3pez Obrador y de la bancada de Morena, fue la mayor irresponsabilidad del planeta, acus\u00f3 Maryjose Gamboa, candidata a diputada federal de la Alianza PAN-PRI-PRD por el distrito 4 de Boca del R\u00edo. \u201cNos queda claro que ten\u00eda muchas fallas pero hab\u00eda [&hellip;]","og_url":"https:\/\/lospoliticosveracruz.com\/?p=121108","og_site_name":"Los pol\u00edticos Veracruz","article_publisher":"https:\/\/www.facebook.com\/people\/Notimemes-de-los-Polticos\/61565672886568\/","article_published_time":"2024-03-30T19:15:11+00:00","article_modified_time":"2024-03-30T19:15:22+00:00","og_image":[{"url":"https:\/\/lospoliticosveracruz.com.mx\/wp-content\/uploads\/2023\/02\/Estancia-190x300.jpg","type":"","width":"","height":""}],"author":"Lo viste en Los Pol\u00edticos","twitter_card":"summary_large_image","twitter_creator":"@LosPoliticosVer","twitter_site":"@LosPoliticosVer","twitter_misc":{"Escrito por":"Lo viste en Los Pol\u00edticos","Tiempo de lectura":"2 minutos"},"schema":{"@context":"https:\/\/schema.org","@graph":[{"@type":"Article","@id":"https:\/\/lospoliticosveracruz.com\/?p=121108#article","isPartOf":{"@id":"https:\/\/lospoliticosveracruz.com\/?p=121108"},"author":{"name":"Lo viste en Los Pol\u00edticos","@id":"https:\/\/lospoliticosveracruz.com\/#\/schema\/person\/b8702bb0e538456e6efd07080bf2a4a2"},"headline":"POR ESO TANTO INFIERNO FORESTAL!","datePublished":"2024-03-30T19:15:11+00:00","dateModified":"2024-03-30T19:15:22+00:00","mainEntityOfPage":{"@id":"https:\/\/lospoliticosveracruz.com\/?p=121108"},"wordCount":485,"publisher":{"@id":"https:\/\/lospoliticosveracruz.com\/#organization"},"image":{"@id":"https:\/\/lospoliticosveracruz.com\/?p=121108#primaryimage"},"thumbnailUrl":"https:\/\/lospoliticosveracruz.com.mx\/wp-content\/uploads\/2023\/02\/Estancia-190x300.jpg","keywords":["Maryjose Gamboa"],"articleSection":["De Boleto"],"inLanguage":"es"},{"@type":"WebPage","@id":"https:\/\/lospoliticosveracruz.com\/?p=121108","url":"https:\/\/lospoliticosveracruz.com\/?p=121108","name":"POR ESO TANTO INFIERNO FORESTAL! - Los pol\u00edticos Veracruz","isPartOf":{"@id":"https:\/\/lospoliticosveracruz.com\/#website"},"primaryImageOfPage":{"@id":"https:\/\/lospoliticosveracruz.com\/?p=121108#primaryimage"},"image":{"@id":"https:\/\/lospoliticosveracruz.com\/?p=121108#primaryimage"},"thumbnailUrl":"https:\/\/lospoliticosveracruz.com.mx\/wp-content\/uploads\/2023\/02\/Estancia-190x300.jpg","datePublished":"2024-03-30T19:15:11+00:00","dateModified":"2024-03-30T19:15:22+00:00","breadcrumb":{"@id":"https:\/\/lospoliticosveracruz.com\/?p=121108#breadcrumb"},"inLanguage":"es","potentialAction":[{"@type":"ReadAction","target":["https:\/\/lospoliticosveracruz.com\/?p=121108"]}]},{"@type":"ImageObject","inLanguage":"es","@id":"https:\/\/lospoliticosveracruz.com\/?p=121108#primaryimage","url":"https:\/\/lospoliticosveracruz.com.mx\/wp-content\/uploads\/2023\/02\/Estancia-190x300.jpg","contentUrl":"https:\/\/lospoliticosveracruz.com.mx\/wp-content\/uploads\/2023\/02\/Estancia-190x300.jpg"},{"@type":"BreadcrumbList","@id":"https:\/\/lospoliticosveracruz.com\/?p=121108#breadcrumb","itemListElement":[{"@type":"ListItem","position":1,"name":"Portada","item":"https:\/\/lospoliticosveracruz.com\/"},{"@type":"ListItem","position":2,"name":"POR ESO TANTO INFIERNO FORESTAL!"}]},{"@type":"WebSite","@id":"https:\/\/lospoliticosveracruz.com\/#website","url":"https:\/\/lospoliticosveracruz.com\/","name":"Los pol\u00edticos Veracruz","description":"","publisher":{"@id":"https:\/\/lospoliticosveracruz.com\/#organization"},"potentialAction":[{"@type":"SearchAction","target":{"@type":"EntryPoint","urlTemplate":"https:\/\/lospoliticosveracruz.com\/?s={search_term_string}"},"query-input":{"@type":"PropertyValueSpecification","valueRequired":true,"valueName":"search_term_string"}}],"inLanguage":"es"},{"@type":"Organization","@id":"https:\/\/lospoliticosveracruz.com\/#organization","name":"Los pol\u00edticos Veracruz","url":"https:\/\/lospoliticosveracruz.com\/","logo":{"@type":"ImageObject","inLanguage":"es","@id":"https:\/\/lospoliticosveracruz.com\/#\/schema\/logo\/image\/","url":"https:\/\/lospoliticosveracruz.com\/wp-content\/uploads\/2025\/12\/Logo-Nuevo-LOS-POLITICOS-1.jpg","contentUrl":"https:\/\/lospoliticosveracruz.com\/wp-content\/uploads\/2025\/12\/Logo-Nuevo-LOS-POLITICOS-1.jpg","width":260,"height":70,"caption":"Los pol\u00edticos Veracruz"},"image":{"@id":"https:\/\/lospoliticosveracruz.com\/#\/schema\/logo\/image\/"},"sameAs":["https:\/\/www.facebook.com\/people\/Notimemes-de-los-Polticos\/61565672886568\/","https:\/\/x.com\/LosPoliticosVer"]},{"@type":"Person","@id":"https:\/\/lospoliticosveracruz.com\/#\/schema\/person\/b8702bb0e538456e6efd07080bf2a4a2","name":"Lo viste en Los Pol\u00edticos","image":{"@type":"ImageObject","inLanguage":"es","@id":"https:\/\/secure.gravatar.com\/avatar\/3a8de04a2656d44082be478bd6c086daa447c4651605818287b9532d3d0bd435?s=96&d=mm&r=g","url":"https:\/\/secure.gravatar.com\/avatar\/3a8de04a2656d44082be478bd6c086daa447c4651605818287b9532d3d0bd435?s=96&d=mm&r=g","contentUrl":"https:\/\/secure.gravatar.com\/avatar\/3a8de04a2656d44082be478bd6c086daa447c4651605818287b9532d3d0bd435?s=96&d=mm&r=g","caption":"Lo viste en Los Pol\u00edticos"},"url":"https:\/\/lospoliticosveracruz.com\/?author=2"}]}},"_links":{"self":[{"href":"https:\/\/lospoliticosveracruz.com\/index.php?rest_route=\/wp\/v2\/posts\/121108","targetHints":{"allow":["GET"]}}],"collection":[{"href":"https:\/\/lospoliticosveracruz.com\/index.php?rest_route=\/wp\/v2\/posts"}],"about":[{"href":"https:\/\/lospoliticosveracruz.com\/index.php?rest_route=\/wp\/v2\/types\/post"}],"author":[{"embeddable":true,"href":"https:\/\/lospoliticosveracruz.com\/index.php?rest_route=\/wp\/v2\/users\/2"}],"replies":[{"embeddable":true,"href":"https:\/\/lospoliticosveracruz.com\/index.php?rest_route=%2Fwp%2Fv2%2Fcomments&post=121108"}],"version-history":[{"count":1,"href":"https:\/\/lospoliticosveracruz.com\/index.php?rest_route=\/wp\/v2\/posts\/121108\/revisions"}],"predecessor-version":[{"id":121109,"href":"https:\/\/lospoliticosveracruz.com\/index.php?rest_route=\/wp\/v2\/posts\/121108\/revisions\/121109"}],"wp:attachment":[{"href":"https:\/\/lospoliticosveracruz.com\/index.php?rest_route=%2Fwp%2Fv2%2Fmedia&parent=121108"}],"wp:term":[{"taxonomy":"category","embeddable":true,"href":"https:\/\/lospoliticosveracruz.com\/index.php?rest_route=%2Fwp%2Fv2%2Fcategories&post=121108"},{"taxonomy":"post_tag","embeddable":true,"href":"https:\/\/lospoliticosveracruz.com\/index.php?rest_route=%2Fwp%2Fv2%2Ftags&post=121108"}],"curies":[{"name":"wp","href":"https:\/\/api.w.org\/{rel}","templated":true}]}}