{"id":121132,"date":"2024-03-31T08:15:10","date_gmt":"2024-03-31T14:15:10","guid":{"rendered":"https:\/\/lospoliticosveracruz.com.mx\/?p=121132"},"modified":"2024-03-31T08:15:19","modified_gmt":"2024-03-31T14:15:19","slug":"viacrucis-en-taxco","status":"publish","type":"post","link":"https:\/\/lospoliticosveracruz.com\/?p=121132","title":{"rendered":"VIACRUCIS EN TAXCO"},"content":{"rendered":"\n<p><strong>Miguel Valera<\/strong><\/p>\n\n\n\n<p><em>Relatos dominicales<\/em><\/p>\n\n\n\n<p>\u00a1M\u00e1tenla, m\u00e1tenla!, grita una mujer. Un hombre le pega con pu\u00f1o cerrado en la cara; otro la jalonea del cabello, uno m\u00e1s le da patadas en el rostro. La mujer est\u00e1 en la batea de una camioneta de la polic\u00eda \u00bfresguardada? Otro hombre la jala de la batea y la tira. Todos aplauden. \u00a1M\u00e1tenla, m\u00e1tenla!, siguen gritando. La mayor\u00eda, con tel\u00e9fonos y c\u00e1maras fotogr\u00e1ficas en mano, grabando el momento exacto, para luego inundar las redes sociales con este espect\u00e1culo del linchamiento de Ana Rosa.<\/p>\n\n\n\n<p>Los hechos \u2014que no son ficci\u00f3n\u2014 ocurrieron en Taxco, Guerrero. La mujer invit\u00f3 a una peque\u00f1a a su casa \u2014Camila\u2014 para que conviviera con su hija en una alberca inflable. Ah\u00ed la mataron y se llevaron el cuerpo para tirarlo en una carretera federal. Cuando la madre fue a preguntar por la peque\u00f1a, le contestaron que nunca lleg\u00f3. Afortunadamente hubo c\u00e1maras de seguridad que registraron su llegada y su salida en una bolsa negra, como si de basura se tratara. Sus hijos Alfredo y Axel tambi\u00e9n fueron golpeados.&nbsp;<\/p>\n\n\n\n<p>En el tsunami de mensajes y videos en las redes, leo un hilo de @JennaAquarella: Taxco est\u00e1 \u201ccelebrando\u201d su Semana Santa pero su gente estamos indignados, enojados y con el coraz\u00f3n roto. Camila ten\u00eda s\u00f3lo 8 a\u00f1itos cuando la privaron de su libertad ayer 27\/03; esta madrugada encontraron su cuerpecito en la maleza, \u00bfsus verdugos? Sus propios vecinos, amigos de su mam\u00e1\u201d.&nbsp;<\/p>\n\n\n\n<p>\u201cLa vecina invit\u00f3 a la ni\u00f1a a una albequita ya que era muy amiga de su hija. Ingres\u00f3 saltando y feliz al domicilio y ya nunca sali\u00f3, solo sali\u00f3 la se\u00f1ora con otro hombre y una gran bolsa negra donde ten\u00edan el cuerpecito de Cam\u00ed; hay videos y el testimonio del taxista, quien dijo donde dejaron el cuerpo de la ni\u00f1a, a un costado de la carretera en zacapalco y a\u00fan con las pruebas las autoridades no levantan orden de aprehensi\u00f3n. Familia, amigos y conocidos velaron la entrada de la casa en cuesti\u00f3n para evitar que huyeran y cerraron la avenida\u201d.<\/p>\n\n\n\n<p>\u201cHoy, la gente harta de esta basura en el pueblo m\u00e1gico donde \u2018nunca pasa nada\u2019 tom\u00f3 la justicia por su propia mano, linchando a la familia que termino con la vida de Cami\u201d, escribi\u00f3 la mujer. \u201cQue poca madre, lo bueno que se adelant\u00f3 el viacrusis en Taxco y se hizo justicia\u201d, coment\u00f3 el usuario <a href=\"https:\/\/twitter.com\/Danielrubrick_\">@Danielrubrick_ colocando otro video en donde se observa a los pobladores golpeando a Ana Rosa.&nbsp;<\/a><\/p>\n\n\n\n<p>Tirada en el piso, desnuda del torso, la mujer se cubre la cara para tratar de detener las patadas. \u201cPerra hija de tu puta madre; las ni\u00f1as no se tocan hija de la verga; \u00f3rale pinche vieja, \u00a1m\u00e1tenla!, \u00a1perra!, \u00a1r\u00f3mpanle las costillas a la hija de su puta madre!, \u00a1Es lo menos que te mereces maldita!\u201d, se escucha en el video a los pobladores. La mujer muri\u00f3 al llegar a los separos policiales.&nbsp;<\/p>\n\n\n\n<p>En pleno siglo XXI, los vecinos de Camila en Taxco aplicaron la \u201cLey del tali\u00f3n\u201d, una pr\u00e1ctica de hace cuatro mil a\u00f1os que ped\u00eda ojo por ojo y diente por diente \u2014referida en \u00c9xodo 21, 23-25\u2014 para hacer justicia. Aunque algunos estudiosos se\u00f1alan que no era propiamente una ley de venga, sino para poner l\u00edmites a esta, lo cierto es que su aplicaci\u00f3n siempre ha sido considerada en ese sentido.<\/p>\n\n\n\n<p>Camila fue asesinada en Taxco y su aparente asesina tambi\u00e9n. \u00bfSe hizo justicia o se ampli\u00f3 la circunferencia de la injusticia, del dolor y la muerte? Algunas veces, parafraseando a un viejo fil\u00f3sofo, hay razones que la raz\u00f3n no entiende.<\/p>\n","protected":false},"excerpt":{"rendered":"<p>Miguel Valera Relatos dominicales \u00a1M\u00e1tenla, m\u00e1tenla!, grita una mujer. Un hombre le pega con pu\u00f1o cerrado en la cara; otro la jalonea del cabello, uno m\u00e1s le da patadas en el rostro. La mujer est\u00e1 en la batea de una camioneta de la polic\u00eda \u00bfresguardada? Otro hombre la jala de la batea y la tira. [&hellip;]<\/p>\n","protected":false},"author":2,"featured_media":0,"comment_status":"closed","ping_status":"closed","sticky":false,"template":"","format":"standard","meta":{"tdm_status":"","tdm_grid_status":"","footnotes":""},"categories":[70],"tags":[9776,6662],"class_list":{"0":"post-121132","1":"post","2":"type-post","3":"status-publish","4":"format-standard","6":"category-de-opinion","7":"tag-miguel-valera","8":"tag-taxco"},"yoast_head":"<!-- This site is optimized with the Yoast SEO plugin v27.4 - https:\/\/yoast.com\/product\/yoast-seo-wordpress\/ -->\n<title>VIACRUCIS EN TAXCO - Los pol\u00edticos Veracruz<\/title>\n<meta name=\"robots\" content=\"index, follow, max-snippet:-1, max-image-preview:large, max-video-preview:-1\" \/>\n<link rel=\"canonical\" href=\"https:\/\/lospoliticosveracruz.com\/?p=121132\" \/>\n<meta property=\"og:locale\" content=\"es_ES\" \/>\n<meta property=\"og:type\" content=\"article\" \/>\n<meta property=\"og:title\" content=\"VIACRUCIS EN TAXCO - Los pol\u00edticos Veracruz\" \/>\n<meta property=\"og:description\" content=\"Miguel Valera Relatos dominicales \u00a1M\u00e1tenla, m\u00e1tenla!, grita una mujer. Un hombre le pega con pu\u00f1o cerrado en la cara; otro la jalonea del cabello, uno m\u00e1s le da patadas en el rostro. La mujer est\u00e1 en la batea de una camioneta de la polic\u00eda \u00bfresguardada? Otro hombre la jala de la batea y la tira. [&hellip;]\" \/>\n<meta property=\"og:url\" content=\"https:\/\/lospoliticosveracruz.com\/?p=121132\" \/>\n<meta property=\"og:site_name\" content=\"Los pol\u00edticos Veracruz\" \/>\n<meta property=\"article:publisher\" content=\"https:\/\/www.facebook.com\/people\/Notimemes-de-los-Polticos\/61565672886568\/\" \/>\n<meta property=\"article:published_time\" content=\"2024-03-31T14:15:10+00:00\" \/>\n<meta property=\"article:modified_time\" content=\"2024-03-31T14:15:19+00:00\" \/>\n<meta property=\"og:image\" content=\"https:\/\/lospoliticosveracruz.com\/wp-content\/uploads\/2016\/07\/Logo-Dor.jpg\" \/>\n\t<meta property=\"og:image:width\" content=\"200\" \/>\n\t<meta property=\"og:image:height\" content=\"200\" \/>\n\t<meta property=\"og:image:type\" content=\"image\/jpeg\" \/>\n<meta name=\"author\" content=\"Lo viste en Los Pol\u00edticos\" \/>\n<meta name=\"twitter:card\" content=\"summary_large_image\" \/>\n<meta name=\"twitter:creator\" content=\"@LosPoliticosVer\" \/>\n<meta name=\"twitter:site\" content=\"@LosPoliticosVer\" \/>\n<meta name=\"twitter:label1\" content=\"Escrito por\" \/>\n\t<meta name=\"twitter:data1\" content=\"Lo viste en Los Pol\u00edticos\" \/>\n\t<meta name=\"twitter:label2\" content=\"Tiempo de lectura\" \/>\n\t<meta name=\"twitter:data2\" content=\"3 minutos\" \/>\n<script type=\"application\/ld+json\" class=\"yoast-schema-graph\">{\"@context\":\"https:\\\/\\\/schema.org\",\"@graph\":[{\"@type\":\"Article\",\"@id\":\"https:\\\/\\\/lospoliticosveracruz.com\\\/?p=121132#article\",\"isPartOf\":{\"@id\":\"https:\\\/\\\/lospoliticosveracruz.com\\\/?p=121132\"},\"author\":{\"name\":\"Lo viste en Los Pol\u00edticos\",\"@id\":\"https:\\\/\\\/lospoliticosveracruz.com\\\/#\\\/schema\\\/person\\\/b8702bb0e538456e6efd07080bf2a4a2\"},\"headline\":\"VIACRUCIS EN TAXCO\",\"datePublished\":\"2024-03-31T14:15:10+00:00\",\"dateModified\":\"2024-03-31T14:15:19+00:00\",\"mainEntityOfPage\":{\"@id\":\"https:\\\/\\\/lospoliticosveracruz.com\\\/?p=121132\"},\"wordCount\":638,\"publisher\":{\"@id\":\"https:\\\/\\\/lospoliticosveracruz.com\\\/#organization\"},\"keywords\":[\"Miguel Valera\",\"Taxco\"],\"articleSection\":[\"De Opini\u00f3n\"],\"inLanguage\":\"es\"},{\"@type\":\"WebPage\",\"@id\":\"https:\\\/\\\/lospoliticosveracruz.com\\\/?p=121132\",\"url\":\"https:\\\/\\\/lospoliticosveracruz.com\\\/?p=121132\",\"name\":\"VIACRUCIS EN TAXCO - Los pol\u00edticos Veracruz\",\"isPartOf\":{\"@id\":\"https:\\\/\\\/lospoliticosveracruz.com\\\/#website\"},\"datePublished\":\"2024-03-31T14:15:10+00:00\",\"dateModified\":\"2024-03-31T14:15:19+00:00\",\"breadcrumb\":{\"@id\":\"https:\\\/\\\/lospoliticosveracruz.com\\\/?p=121132#breadcrumb\"},\"inLanguage\":\"es\",\"potentialAction\":[{\"@type\":\"ReadAction\",\"target\":[\"https:\\\/\\\/lospoliticosveracruz.com\\\/?p=121132\"]}]},{\"@type\":\"BreadcrumbList\",\"@id\":\"https:\\\/\\\/lospoliticosveracruz.com\\\/?p=121132#breadcrumb\",\"itemListElement\":[{\"@type\":\"ListItem\",\"position\":1,\"name\":\"Portada\",\"item\":\"https:\\\/\\\/lospoliticosveracruz.com\\\/\"},{\"@type\":\"ListItem\",\"position\":2,\"name\":\"VIACRUCIS EN TAXCO\"}]},{\"@type\":\"WebSite\",\"@id\":\"https:\\\/\\\/lospoliticosveracruz.com\\\/#website\",\"url\":\"https:\\\/\\\/lospoliticosveracruz.com\\\/\",\"name\":\"Los pol\u00edticos Veracruz\",\"description\":\"\",\"publisher\":{\"@id\":\"https:\\\/\\\/lospoliticosveracruz.com\\\/#organization\"},\"potentialAction\":[{\"@type\":\"SearchAction\",\"target\":{\"@type\":\"EntryPoint\",\"urlTemplate\":\"https:\\\/\\\/lospoliticosveracruz.com\\\/?s={search_term_string}\"},\"query-input\":{\"@type\":\"PropertyValueSpecification\",\"valueRequired\":true,\"valueName\":\"search_term_string\"}}],\"inLanguage\":\"es\"},{\"@type\":\"Organization\",\"@id\":\"https:\\\/\\\/lospoliticosveracruz.com\\\/#organization\",\"name\":\"Los pol\u00edticos Veracruz\",\"url\":\"https:\\\/\\\/lospoliticosveracruz.com\\\/\",\"logo\":{\"@type\":\"ImageObject\",\"inLanguage\":\"es\",\"@id\":\"https:\\\/\\\/lospoliticosveracruz.com\\\/#\\\/schema\\\/logo\\\/image\\\/\",\"url\":\"https:\\\/\\\/lospoliticosveracruz.com\\\/wp-content\\\/uploads\\\/2025\\\/12\\\/Logo-Nuevo-LOS-POLITICOS-1.jpg\",\"contentUrl\":\"https:\\\/\\\/lospoliticosveracruz.com\\\/wp-content\\\/uploads\\\/2025\\\/12\\\/Logo-Nuevo-LOS-POLITICOS-1.jpg\",\"width\":260,\"height\":70,\"caption\":\"Los pol\u00edticos Veracruz\"},\"image\":{\"@id\":\"https:\\\/\\\/lospoliticosveracruz.com\\\/#\\\/schema\\\/logo\\\/image\\\/\"},\"sameAs\":[\"https:\\\/\\\/www.facebook.com\\\/people\\\/Notimemes-de-los-Polticos\\\/61565672886568\\\/\",\"https:\\\/\\\/x.com\\\/LosPoliticosVer\"]},{\"@type\":\"Person\",\"@id\":\"https:\\\/\\\/lospoliticosveracruz.com\\\/#\\\/schema\\\/person\\\/b8702bb0e538456e6efd07080bf2a4a2\",\"name\":\"Lo viste en Los Pol\u00edticos\",\"image\":{\"@type\":\"ImageObject\",\"inLanguage\":\"es\",\"@id\":\"https:\\\/\\\/secure.gravatar.com\\\/avatar\\\/3a8de04a2656d44082be478bd6c086daa447c4651605818287b9532d3d0bd435?s=96&d=mm&r=g\",\"url\":\"https:\\\/\\\/secure.gravatar.com\\\/avatar\\\/3a8de04a2656d44082be478bd6c086daa447c4651605818287b9532d3d0bd435?s=96&d=mm&r=g\",\"contentUrl\":\"https:\\\/\\\/secure.gravatar.com\\\/avatar\\\/3a8de04a2656d44082be478bd6c086daa447c4651605818287b9532d3d0bd435?s=96&d=mm&r=g\",\"caption\":\"Lo viste en Los Pol\u00edticos\"},\"url\":\"https:\\\/\\\/lospoliticosveracruz.com\\\/?author=2\"}]}<\/script>\n<!-- \/ Yoast SEO plugin. -->","yoast_head_json":{"title":"VIACRUCIS EN TAXCO - Los pol\u00edticos Veracruz","robots":{"index":"index","follow":"follow","max-snippet":"max-snippet:-1","max-image-preview":"max-image-preview:large","max-video-preview":"max-video-preview:-1"},"canonical":"https:\/\/lospoliticosveracruz.com\/?p=121132","og_locale":"es_ES","og_type":"article","og_title":"VIACRUCIS EN TAXCO - Los pol\u00edticos Veracruz","og_description":"Miguel Valera Relatos dominicales \u00a1M\u00e1tenla, m\u00e1tenla!, grita una mujer. Un hombre le pega con pu\u00f1o cerrado en la cara; otro la jalonea del cabello, uno m\u00e1s le da patadas en el rostro. La mujer est\u00e1 en la batea de una camioneta de la polic\u00eda \u00bfresguardada? Otro hombre la jala de la batea y la tira. [&hellip;]","og_url":"https:\/\/lospoliticosveracruz.com\/?p=121132","og_site_name":"Los pol\u00edticos Veracruz","article_publisher":"https:\/\/www.facebook.com\/people\/Notimemes-de-los-Polticos\/61565672886568\/","article_published_time":"2024-03-31T14:15:10+00:00","article_modified_time":"2024-03-31T14:15:19+00:00","og_image":[{"width":200,"height":200,"url":"https:\/\/lospoliticosveracruz.com\/wp-content\/uploads\/2016\/07\/Logo-Dor.jpg","type":"image\/jpeg"}],"author":"Lo viste en Los Pol\u00edticos","twitter_card":"summary_large_image","twitter_creator":"@LosPoliticosVer","twitter_site":"@LosPoliticosVer","twitter_misc":{"Escrito por":"Lo viste en Los Pol\u00edticos","Tiempo de lectura":"3 minutos"},"schema":{"@context":"https:\/\/schema.org","@graph":[{"@type":"Article","@id":"https:\/\/lospoliticosveracruz.com\/?p=121132#article","isPartOf":{"@id":"https:\/\/lospoliticosveracruz.com\/?p=121132"},"author":{"name":"Lo viste en Los Pol\u00edticos","@id":"https:\/\/lospoliticosveracruz.com\/#\/schema\/person\/b8702bb0e538456e6efd07080bf2a4a2"},"headline":"VIACRUCIS EN TAXCO","datePublished":"2024-03-31T14:15:10+00:00","dateModified":"2024-03-31T14:15:19+00:00","mainEntityOfPage":{"@id":"https:\/\/lospoliticosveracruz.com\/?p=121132"},"wordCount":638,"publisher":{"@id":"https:\/\/lospoliticosveracruz.com\/#organization"},"keywords":["Miguel Valera","Taxco"],"articleSection":["De Opini\u00f3n"],"inLanguage":"es"},{"@type":"WebPage","@id":"https:\/\/lospoliticosveracruz.com\/?p=121132","url":"https:\/\/lospoliticosveracruz.com\/?p=121132","name":"VIACRUCIS EN TAXCO - Los pol\u00edticos Veracruz","isPartOf":{"@id":"https:\/\/lospoliticosveracruz.com\/#website"},"datePublished":"2024-03-31T14:15:10+00:00","dateModified":"2024-03-31T14:15:19+00:00","breadcrumb":{"@id":"https:\/\/lospoliticosveracruz.com\/?p=121132#breadcrumb"},"inLanguage":"es","potentialAction":[{"@type":"ReadAction","target":["https:\/\/lospoliticosveracruz.com\/?p=121132"]}]},{"@type":"BreadcrumbList","@id":"https:\/\/lospoliticosveracruz.com\/?p=121132#breadcrumb","itemListElement":[{"@type":"ListItem","position":1,"name":"Portada","item":"https:\/\/lospoliticosveracruz.com\/"},{"@type":"ListItem","position":2,"name":"VIACRUCIS EN TAXCO"}]},{"@type":"WebSite","@id":"https:\/\/lospoliticosveracruz.com\/#website","url":"https:\/\/lospoliticosveracruz.com\/","name":"Los pol\u00edticos Veracruz","description":"","publisher":{"@id":"https:\/\/lospoliticosveracruz.com\/#organization"},"potentialAction":[{"@type":"SearchAction","target":{"@type":"EntryPoint","urlTemplate":"https:\/\/lospoliticosveracruz.com\/?s={search_term_string}"},"query-input":{"@type":"PropertyValueSpecification","valueRequired":true,"valueName":"search_term_string"}}],"inLanguage":"es"},{"@type":"Organization","@id":"https:\/\/lospoliticosveracruz.com\/#organization","name":"Los pol\u00edticos Veracruz","url":"https:\/\/lospoliticosveracruz.com\/","logo":{"@type":"ImageObject","inLanguage":"es","@id":"https:\/\/lospoliticosveracruz.com\/#\/schema\/logo\/image\/","url":"https:\/\/lospoliticosveracruz.com\/wp-content\/uploads\/2025\/12\/Logo-Nuevo-LOS-POLITICOS-1.jpg","contentUrl":"https:\/\/lospoliticosveracruz.com\/wp-content\/uploads\/2025\/12\/Logo-Nuevo-LOS-POLITICOS-1.jpg","width":260,"height":70,"caption":"Los pol\u00edticos Veracruz"},"image":{"@id":"https:\/\/lospoliticosveracruz.com\/#\/schema\/logo\/image\/"},"sameAs":["https:\/\/www.facebook.com\/people\/Notimemes-de-los-Polticos\/61565672886568\/","https:\/\/x.com\/LosPoliticosVer"]},{"@type":"Person","@id":"https:\/\/lospoliticosveracruz.com\/#\/schema\/person\/b8702bb0e538456e6efd07080bf2a4a2","name":"Lo viste en Los Pol\u00edticos","image":{"@type":"ImageObject","inLanguage":"es","@id":"https:\/\/secure.gravatar.com\/avatar\/3a8de04a2656d44082be478bd6c086daa447c4651605818287b9532d3d0bd435?s=96&d=mm&r=g","url":"https:\/\/secure.gravatar.com\/avatar\/3a8de04a2656d44082be478bd6c086daa447c4651605818287b9532d3d0bd435?s=96&d=mm&r=g","contentUrl":"https:\/\/secure.gravatar.com\/avatar\/3a8de04a2656d44082be478bd6c086daa447c4651605818287b9532d3d0bd435?s=96&d=mm&r=g","caption":"Lo viste en Los Pol\u00edticos"},"url":"https:\/\/lospoliticosveracruz.com\/?author=2"}]}},"_links":{"self":[{"href":"https:\/\/lospoliticosveracruz.com\/index.php?rest_route=\/wp\/v2\/posts\/121132","targetHints":{"allow":["GET"]}}],"collection":[{"href":"https:\/\/lospoliticosveracruz.com\/index.php?rest_route=\/wp\/v2\/posts"}],"about":[{"href":"https:\/\/lospoliticosveracruz.com\/index.php?rest_route=\/wp\/v2\/types\/post"}],"author":[{"embeddable":true,"href":"https:\/\/lospoliticosveracruz.com\/index.php?rest_route=\/wp\/v2\/users\/2"}],"replies":[{"embeddable":true,"href":"https:\/\/lospoliticosveracruz.com\/index.php?rest_route=%2Fwp%2Fv2%2Fcomments&post=121132"}],"version-history":[{"count":1,"href":"https:\/\/lospoliticosveracruz.com\/index.php?rest_route=\/wp\/v2\/posts\/121132\/revisions"}],"predecessor-version":[{"id":121134,"href":"https:\/\/lospoliticosveracruz.com\/index.php?rest_route=\/wp\/v2\/posts\/121132\/revisions\/121134"}],"wp:attachment":[{"href":"https:\/\/lospoliticosveracruz.com\/index.php?rest_route=%2Fwp%2Fv2%2Fmedia&parent=121132"}],"wp:term":[{"taxonomy":"category","embeddable":true,"href":"https:\/\/lospoliticosveracruz.com\/index.php?rest_route=%2Fwp%2Fv2%2Fcategories&post=121132"},{"taxonomy":"post_tag","embeddable":true,"href":"https:\/\/lospoliticosveracruz.com\/index.php?rest_route=%2Fwp%2Fv2%2Ftags&post=121132"}],"curies":[{"name":"wp","href":"https:\/\/api.w.org\/{rel}","templated":true}]}}