{"id":121165,"date":"2024-04-01T05:13:04","date_gmt":"2024-04-01T11:13:04","guid":{"rendered":"https:\/\/lospoliticosveracruz.com.mx\/?p=121165"},"modified":"2024-04-01T05:13:14","modified_gmt":"2024-04-01T11:13:14","slug":"nahle-vs-pepe","status":"publish","type":"post","link":"https:\/\/lospoliticosveracruz.com\/?p=121165","title":{"rendered":"NAHLE vs PEPE"},"content":{"rendered":"\n<p><strong>Jos\u00e9 Luis Ortega Vidal<\/strong><\/p>\n\n\n\n<p><em>Claroscuros<\/em><\/p>\n\n\n\n<p>(1)<br>El inicio de las campa\u00f1as electorales por la gubernatura de Veracruz no mostr\u00f3, este domingo, nada que no hayamos visto a lo largo de los tres meses transcurridos desde el 2 de enero al 30 de marzo, con las precampa\u00f1as y la intercampa\u00f1a de por medio:<\/p>\n\n\n\n<p>Nom\u00e1s compiten dos fuerzas -agrupadas en sendas coaliciones- con Roc\u00edo Nahle Garc\u00eda y Jos\u00e9 Yunes Zorrilla como abanderados.<br>De la diferencia abrumadora entre ambos aspirantes reflejada en encuestas durante el \u00faltimo bimestre del 2023, el proceso ha pasado a una competencia real, cuya tendencia es a cerrarse cada d\u00eda m\u00e1s, al grado de contar con diferencias de un d\u00edgito en algunos trabajos demosc\u00f3picos.<br>Las encuestas de abril y mayo dar\u00e1n un acercamiento m\u00e1s preciso respecto al crecimiento o disminuci\u00f3n de fuerza de los candidatos.<br>Se vislumbran dos potenciales escenarios para la noche del dos de junio: el triunfo apretado pero certero de uno de los aspirantes o un resultado tan dif\u00edcil de ser aceptado por una de las partes, que se deba dirimir m\u00e1s all\u00e1 del OPLE; en tribunales electorales del estado o a nivel federal.<br>Respecto a ese potencial caso ser\u00e1n muy importantes las lecturas de empresas encuestadoras serias, desde la primera quincena de abril hasta la primera y segunda quincenas de mayo.<br>De haber continuado la fortaleza de MORENA\/PT y PVEM mostrada en noviembre\/diciembre, no vivir\u00edamos el escenario de dudas que marca hoy la lucha pol\u00edtica por la sucesi\u00f3n del 2024 en Veracruz.<br>\u00bfQu\u00e9 ocurri\u00f3?<br>\u00bfPor qu\u00e9 el cambio desde un triunfo en apariencia anticipado para Roc\u00edo Nahle, al inicio de una campa\u00f1a con lucha f\u00e9rrea donde -lo admita o no- la ingeniera nativa de Zacatecas, depende de s\u00ed misma para evitar la derrota?<\/p>\n\n\n\n<p>(2)<br>Este elemento, el depender de s\u00ed misma, remite al agotamiento del respaldo que Andr\u00e9s Manuel L\u00f3pez Obrador y Bienestar significaron y significan para Nahle Garc\u00eda\u2026<br>Cont\u00f3 y cuenta con ellos, pero ya no bastan para confiarse como lo hizo meses atr\u00e1s\u2026<\/p>\n\n\n\n<p>(3)<br>Las respuestas a las preguntas del argumento (1) atienden a elementos multifactoriales:<\/p>\n\n\n\n<p>Hubo exceso de confianza durante el \u00faltimo bimestre del a\u00f1o pasado y nadie en el equipo de MORENA y aliados analiz\u00f3 -en prospectiva- una pugna cerrada.<br>Vaya, hubo quienes no visualizaron, siquiera, el arribo a una competencia y empezaron a repartirse los tamales antes de cortar los elotes\u2026<\/p>\n\n\n\n<p>(4)<br>El papel del gobernador Cuitl\u00e1huac Garc\u00eda Jim\u00e9nez ha representado dos cargas negativas para Roc\u00edo Nahle:<\/p>\n\n\n\n<p>a) El nivel de aprobaci\u00f3n entre sus gobernados es muy bajo, al grado de afectar la marca MORENA como un producto que ya gobern\u00f3 y no puede argumentar m\u00e1s que los errores oficiales de hoy son culpa del pasado.<br>Aunado a ello, en Veracruz no hay logros por presumir en \u00e1reas delicadas, de importancia profunda como la inseguridad, la ausencia de inversiones, la infraestructura carretera sumamente da\u00f1ada de norte a sur, el desempleo, la salud, la corrupci\u00f3n, entre otras.<br>Todos estos, son elementos de gobernabilidad cuya ausencia pesa en el entramado social y por ende en el pol\u00edtico y electoral\u2026<\/p>\n\n\n\n<p>b) La propia Roc\u00edo Nahle actu\u00f3, desde el final del a\u00f1o pasado, como due\u00f1a del poder y no como alguien que deb\u00eda luchar para obtenerlo.<br>Desde\u00f1\u00f3, alej\u00f3, vapule\u00f3 al equipo que evit\u00f3 un peor papel del gobierno en turno: a Manuel Huerta Ladr\u00f3n de Guevara, a Zenyanzen Escobar Garc\u00eda, a Eleazar Guerrero, incluso -aunque le demuestra aprecio y respeto- a Juan Javier G\u00f3mez Cazar\u00edn\u2026<br>Hubo m\u00e1s: la hoy candidata cerr\u00f3 las puertas -hasta el momento- a Erick Patrocinio Cisneros Burgos, ex secretario de Gobierno\u2026<\/p>\n\n\n\n<p>(5)<br>Me explico:<br>Manuel Huerta no es del equipo de Cuitl\u00e1huac Garc\u00eda pero durante cinco a\u00f1os trabajaron en Veracruz bajo una bandera com\u00fan: la de AMLO y la de MORENA.<br>Rivales pol\u00edticos siempre, Manuel y Cuitl\u00e1huac comparten el desd\u00e9n de Nahle Garc\u00eda los d\u00edas que corren\u2026<br>Zenyanzen Escobar fue fiel al gobernador y disciplinado ante Nahle; pero hoy lucha por sobrevivir en un distrito dif\u00edcil -y de donde no es originario- para obtener una curul federal: C\u00f3rdoba.<br>A Zenyanzen le ocurre lo mismo que a Juan Javier G\u00f3mez Cazar\u00edn: su conocimiento de Veracruz les permitir\u00eda hacer trabajo a nivel de tierra para la causa de la ex secretaria de Energ\u00eda y evidente desconocedora del extenso, pluricultural, complejo territorio veracruzano; pero uno de ellos est\u00e1 limitado a pelear por su futuro en la Ciudad de la 30 Caballeros y el otro atiende un Congreso que s\u00f3lo aguarda por la entrega del poder a sus relevos.<\/p>\n\n\n\n<p>(6)<br>Rudo, golpeador, peligroso, desleal, Erick Patrocinio Cisneros Burgos es un personaje al que se debe extra\u00f1ar en la campa\u00f1a de Seguimos Haciendo Historia.<br>Roc\u00edo Nahle Garc\u00eda no cuenta con nadie que conozca los drenajes de la pol\u00edtica veracruzana como los ubica -porque los manej\u00f3- el nativo de la cuenca del Papaloapan\u2026<br>Y en el equipo de enfrente se arm\u00f3 -entre enero y marzo- un trabuco de expertos en juego rudo y sucio, adem\u00e1s de drenajes\u2026<br>De Eleazar Guerrero, s\u00f3lo vale decir que su env\u00edo a la banca fortalece el cobro de facturas a su jefe y pariente\u2026<\/p>\n\n\n\n<p>(7)<br>Por otra parte, la permanencia de Esteban Zepeta como l\u00edder formal de MORENA en la entidad y acompa\u00f1ante fijo de Roc\u00edo Nahle, refleja un error de c\u00e1lculo al ser el cuitlahuista m\u00e1s cercano a la candidata, pero al mismo tiempo caracterizarse por la mediocridad pol\u00edtica\u2026<\/p>\n\n\n\n<p>(8)<br>Hay otros elementos de an\u00e1lisis obligado para entender -y buscar la explicaci\u00f3n- del porqu\u00e9 ha surgido y se consolida la competencia en los comicios veracruzanos\u2026<br>CONTINUAR\u00c1<\/p>\n","protected":false},"excerpt":{"rendered":"<p>Jos\u00e9 Luis Ortega Vidal Claroscuros (1)El inicio de las campa\u00f1as electorales por la gubernatura de Veracruz no mostr\u00f3, este domingo, nada que no hayamos visto a lo largo de los tres meses transcurridos desde el 2 de enero al 30 de marzo, con las precampa\u00f1as y la intercampa\u00f1a de por medio: Nom\u00e1s compiten dos fuerzas [&hellip;]<\/p>\n","protected":false},"author":2,"featured_media":119931,"comment_status":"closed","ping_status":"closed","sticky":false,"template":"","format":"standard","meta":{"tdm_status":"","tdm_grid_status":"","footnotes":""},"categories":[70],"tags":[12299,12695,1026,570,3578,195],"class_list":{"0":"post-121165","1":"post","2":"type-post","3":"status-publish","4":"format-standard","5":"has-post-thumbnail","7":"category-de-opinion","8":"tag-eric-cisneros-burgos","9":"tag-juan-javier-gomez-cazarin","10":"tag-morena","11":"tag-pepe-yunes","12":"tag-rocio-nahle","13":"tag-veracruz"},"yoast_head":"<!-- This site is optimized with the Yoast SEO plugin v27.4 - https:\/\/yoast.com\/product\/yoast-seo-wordpress\/ -->\n<title>NAHLE vs PEPE - Los pol\u00edticos Veracruz<\/title>\n<meta name=\"robots\" content=\"index, follow, max-snippet:-1, max-image-preview:large, max-video-preview:-1\" \/>\n<link rel=\"canonical\" href=\"https:\/\/lospoliticosveracruz.com\/?p=121165\" \/>\n<meta property=\"og:locale\" content=\"es_ES\" \/>\n<meta property=\"og:type\" content=\"article\" \/>\n<meta property=\"og:title\" content=\"NAHLE vs PEPE - Los pol\u00edticos Veracruz\" \/>\n<meta property=\"og:description\" content=\"Jos\u00e9 Luis Ortega Vidal Claroscuros (1)El inicio de las campa\u00f1as electorales por la gubernatura de Veracruz no mostr\u00f3, este domingo, nada que no hayamos visto a lo largo de los tres meses transcurridos desde el 2 de enero al 30 de marzo, con las precampa\u00f1as y la intercampa\u00f1a de por medio: Nom\u00e1s compiten dos fuerzas [&hellip;]\" \/>\n<meta property=\"og:url\" content=\"https:\/\/lospoliticosveracruz.com\/?p=121165\" \/>\n<meta property=\"og:site_name\" content=\"Los pol\u00edticos Veracruz\" \/>\n<meta property=\"article:publisher\" content=\"https:\/\/www.facebook.com\/people\/Notimemes-de-los-Polticos\/61565672886568\/\" \/>\n<meta property=\"article:published_time\" content=\"2024-04-01T11:13:04+00:00\" \/>\n<meta property=\"article:modified_time\" content=\"2024-04-01T11:13:14+00:00\" \/>\n<meta property=\"og:image\" content=\"https:\/\/lospoliticosveracruz.com\/wp-content\/uploads\/2024\/03\/Jose-Luis-Ortega-Vidal.jpg\" \/>\n\t<meta property=\"og:image:width\" content=\"1250\" \/>\n\t<meta property=\"og:image:height\" content=\"667\" \/>\n\t<meta property=\"og:image:type\" content=\"image\/jpeg\" \/>\n<meta name=\"author\" content=\"Lo viste en Los Pol\u00edticos\" \/>\n<meta name=\"twitter:card\" content=\"summary_large_image\" \/>\n<meta name=\"twitter:creator\" content=\"@LosPoliticosVer\" \/>\n<meta name=\"twitter:site\" content=\"@LosPoliticosVer\" \/>\n<meta name=\"twitter:label1\" content=\"Escrito por\" \/>\n\t<meta name=\"twitter:data1\" content=\"Lo viste en Los Pol\u00edticos\" \/>\n\t<meta name=\"twitter:label2\" content=\"Tiempo de lectura\" \/>\n\t<meta name=\"twitter:data2\" content=\"5 minutos\" \/>\n<script type=\"application\/ld+json\" class=\"yoast-schema-graph\">{\"@context\":\"https:\\\/\\\/schema.org\",\"@graph\":[{\"@type\":\"Article\",\"@id\":\"https:\\\/\\\/lospoliticosveracruz.com\\\/?p=121165#article\",\"isPartOf\":{\"@id\":\"https:\\\/\\\/lospoliticosveracruz.com\\\/?p=121165\"},\"author\":{\"name\":\"Lo viste en Los Pol\u00edticos\",\"@id\":\"https:\\\/\\\/lospoliticosveracruz.com\\\/#\\\/schema\\\/person\\\/b8702bb0e538456e6efd07080bf2a4a2\"},\"headline\":\"NAHLE vs PEPE\",\"datePublished\":\"2024-04-01T11:13:04+00:00\",\"dateModified\":\"2024-04-01T11:13:14+00:00\",\"mainEntityOfPage\":{\"@id\":\"https:\\\/\\\/lospoliticosveracruz.com\\\/?p=121165\"},\"wordCount\":985,\"publisher\":{\"@id\":\"https:\\\/\\\/lospoliticosveracruz.com\\\/#organization\"},\"image\":{\"@id\":\"https:\\\/\\\/lospoliticosveracruz.com\\\/?p=121165#primaryimage\"},\"thumbnailUrl\":\"https:\\\/\\\/lospoliticosveracruz.com\\\/wp-content\\\/uploads\\\/2024\\\/03\\\/Jose-Luis-Ortega-Vidal.jpg\",\"keywords\":[\"Eric Cisneros Burgos\",\"Juan Javier G\u00f3mez Cazar\u00edn\",\"Morena\",\"Pepe Yunes\",\"Roc\u00edo Nahle\",\"Veracruz\"],\"articleSection\":[\"De Opini\u00f3n\"],\"inLanguage\":\"es\"},{\"@type\":\"WebPage\",\"@id\":\"https:\\\/\\\/lospoliticosveracruz.com\\\/?p=121165\",\"url\":\"https:\\\/\\\/lospoliticosveracruz.com\\\/?p=121165\",\"name\":\"NAHLE vs PEPE - Los pol\u00edticos Veracruz\",\"isPartOf\":{\"@id\":\"https:\\\/\\\/lospoliticosveracruz.com\\\/#website\"},\"primaryImageOfPage\":{\"@id\":\"https:\\\/\\\/lospoliticosveracruz.com\\\/?p=121165#primaryimage\"},\"image\":{\"@id\":\"https:\\\/\\\/lospoliticosveracruz.com\\\/?p=121165#primaryimage\"},\"thumbnailUrl\":\"https:\\\/\\\/lospoliticosveracruz.com\\\/wp-content\\\/uploads\\\/2024\\\/03\\\/Jose-Luis-Ortega-Vidal.jpg\",\"datePublished\":\"2024-04-01T11:13:04+00:00\",\"dateModified\":\"2024-04-01T11:13:14+00:00\",\"breadcrumb\":{\"@id\":\"https:\\\/\\\/lospoliticosveracruz.com\\\/?p=121165#breadcrumb\"},\"inLanguage\":\"es\",\"potentialAction\":[{\"@type\":\"ReadAction\",\"target\":[\"https:\\\/\\\/lospoliticosveracruz.com\\\/?p=121165\"]}]},{\"@type\":\"ImageObject\",\"inLanguage\":\"es\",\"@id\":\"https:\\\/\\\/lospoliticosveracruz.com\\\/?p=121165#primaryimage\",\"url\":\"https:\\\/\\\/lospoliticosveracruz.com\\\/wp-content\\\/uploads\\\/2024\\\/03\\\/Jose-Luis-Ortega-Vidal.jpg\",\"contentUrl\":\"https:\\\/\\\/lospoliticosveracruz.com\\\/wp-content\\\/uploads\\\/2024\\\/03\\\/Jose-Luis-Ortega-Vidal.jpg\",\"width\":1250,\"height\":667},{\"@type\":\"BreadcrumbList\",\"@id\":\"https:\\\/\\\/lospoliticosveracruz.com\\\/?p=121165#breadcrumb\",\"itemListElement\":[{\"@type\":\"ListItem\",\"position\":1,\"name\":\"Portada\",\"item\":\"https:\\\/\\\/lospoliticosveracruz.com\\\/\"},{\"@type\":\"ListItem\",\"position\":2,\"name\":\"NAHLE vs PEPE\"}]},{\"@type\":\"WebSite\",\"@id\":\"https:\\\/\\\/lospoliticosveracruz.com\\\/#website\",\"url\":\"https:\\\/\\\/lospoliticosveracruz.com\\\/\",\"name\":\"Los pol\u00edticos Veracruz\",\"description\":\"\",\"publisher\":{\"@id\":\"https:\\\/\\\/lospoliticosveracruz.com\\\/#organization\"},\"potentialAction\":[{\"@type\":\"SearchAction\",\"target\":{\"@type\":\"EntryPoint\",\"urlTemplate\":\"https:\\\/\\\/lospoliticosveracruz.com\\\/?s={search_term_string}\"},\"query-input\":{\"@type\":\"PropertyValueSpecification\",\"valueRequired\":true,\"valueName\":\"search_term_string\"}}],\"inLanguage\":\"es\"},{\"@type\":\"Organization\",\"@id\":\"https:\\\/\\\/lospoliticosveracruz.com\\\/#organization\",\"name\":\"Los pol\u00edticos Veracruz\",\"url\":\"https:\\\/\\\/lospoliticosveracruz.com\\\/\",\"logo\":{\"@type\":\"ImageObject\",\"inLanguage\":\"es\",\"@id\":\"https:\\\/\\\/lospoliticosveracruz.com\\\/#\\\/schema\\\/logo\\\/image\\\/\",\"url\":\"https:\\\/\\\/lospoliticosveracruz.com\\\/wp-content\\\/uploads\\\/2025\\\/12\\\/Logo-Nuevo-LOS-POLITICOS-1.jpg\",\"contentUrl\":\"https:\\\/\\\/lospoliticosveracruz.com\\\/wp-content\\\/uploads\\\/2025\\\/12\\\/Logo-Nuevo-LOS-POLITICOS-1.jpg\",\"width\":260,\"height\":70,\"caption\":\"Los pol\u00edticos Veracruz\"},\"image\":{\"@id\":\"https:\\\/\\\/lospoliticosveracruz.com\\\/#\\\/schema\\\/logo\\\/image\\\/\"},\"sameAs\":[\"https:\\\/\\\/www.facebook.com\\\/people\\\/Notimemes-de-los-Polticos\\\/61565672886568\\\/\",\"https:\\\/\\\/x.com\\\/LosPoliticosVer\"]},{\"@type\":\"Person\",\"@id\":\"https:\\\/\\\/lospoliticosveracruz.com\\\/#\\\/schema\\\/person\\\/b8702bb0e538456e6efd07080bf2a4a2\",\"name\":\"Lo viste en Los Pol\u00edticos\",\"image\":{\"@type\":\"ImageObject\",\"inLanguage\":\"es\",\"@id\":\"https:\\\/\\\/secure.gravatar.com\\\/avatar\\\/3a8de04a2656d44082be478bd6c086daa447c4651605818287b9532d3d0bd435?s=96&d=mm&r=g\",\"url\":\"https:\\\/\\\/secure.gravatar.com\\\/avatar\\\/3a8de04a2656d44082be478bd6c086daa447c4651605818287b9532d3d0bd435?s=96&d=mm&r=g\",\"contentUrl\":\"https:\\\/\\\/secure.gravatar.com\\\/avatar\\\/3a8de04a2656d44082be478bd6c086daa447c4651605818287b9532d3d0bd435?s=96&d=mm&r=g\",\"caption\":\"Lo viste en Los Pol\u00edticos\"},\"url\":\"https:\\\/\\\/lospoliticosveracruz.com\\\/?author=2\"}]}<\/script>\n<!-- \/ Yoast SEO plugin. -->","yoast_head_json":{"title":"NAHLE vs PEPE - Los pol\u00edticos Veracruz","robots":{"index":"index","follow":"follow","max-snippet":"max-snippet:-1","max-image-preview":"max-image-preview:large","max-video-preview":"max-video-preview:-1"},"canonical":"https:\/\/lospoliticosveracruz.com\/?p=121165","og_locale":"es_ES","og_type":"article","og_title":"NAHLE vs PEPE - Los pol\u00edticos Veracruz","og_description":"Jos\u00e9 Luis Ortega Vidal Claroscuros (1)El inicio de las campa\u00f1as electorales por la gubernatura de Veracruz no mostr\u00f3, este domingo, nada que no hayamos visto a lo largo de los tres meses transcurridos desde el 2 de enero al 30 de marzo, con las precampa\u00f1as y la intercampa\u00f1a de por medio: Nom\u00e1s compiten dos fuerzas [&hellip;]","og_url":"https:\/\/lospoliticosveracruz.com\/?p=121165","og_site_name":"Los pol\u00edticos Veracruz","article_publisher":"https:\/\/www.facebook.com\/people\/Notimemes-de-los-Polticos\/61565672886568\/","article_published_time":"2024-04-01T11:13:04+00:00","article_modified_time":"2024-04-01T11:13:14+00:00","og_image":[{"width":1250,"height":667,"url":"https:\/\/lospoliticosveracruz.com\/wp-content\/uploads\/2024\/03\/Jose-Luis-Ortega-Vidal.jpg","type":"image\/jpeg"}],"author":"Lo viste en Los Pol\u00edticos","twitter_card":"summary_large_image","twitter_creator":"@LosPoliticosVer","twitter_site":"@LosPoliticosVer","twitter_misc":{"Escrito por":"Lo viste en Los Pol\u00edticos","Tiempo de lectura":"5 minutos"},"schema":{"@context":"https:\/\/schema.org","@graph":[{"@type":"Article","@id":"https:\/\/lospoliticosveracruz.com\/?p=121165#article","isPartOf":{"@id":"https:\/\/lospoliticosveracruz.com\/?p=121165"},"author":{"name":"Lo viste en Los Pol\u00edticos","@id":"https:\/\/lospoliticosveracruz.com\/#\/schema\/person\/b8702bb0e538456e6efd07080bf2a4a2"},"headline":"NAHLE vs PEPE","datePublished":"2024-04-01T11:13:04+00:00","dateModified":"2024-04-01T11:13:14+00:00","mainEntityOfPage":{"@id":"https:\/\/lospoliticosveracruz.com\/?p=121165"},"wordCount":985,"publisher":{"@id":"https:\/\/lospoliticosveracruz.com\/#organization"},"image":{"@id":"https:\/\/lospoliticosveracruz.com\/?p=121165#primaryimage"},"thumbnailUrl":"https:\/\/lospoliticosveracruz.com\/wp-content\/uploads\/2024\/03\/Jose-Luis-Ortega-Vidal.jpg","keywords":["Eric Cisneros Burgos","Juan Javier G\u00f3mez Cazar\u00edn","Morena","Pepe Yunes","Roc\u00edo Nahle","Veracruz"],"articleSection":["De Opini\u00f3n"],"inLanguage":"es"},{"@type":"WebPage","@id":"https:\/\/lospoliticosveracruz.com\/?p=121165","url":"https:\/\/lospoliticosveracruz.com\/?p=121165","name":"NAHLE vs PEPE - Los pol\u00edticos Veracruz","isPartOf":{"@id":"https:\/\/lospoliticosveracruz.com\/#website"},"primaryImageOfPage":{"@id":"https:\/\/lospoliticosveracruz.com\/?p=121165#primaryimage"},"image":{"@id":"https:\/\/lospoliticosveracruz.com\/?p=121165#primaryimage"},"thumbnailUrl":"https:\/\/lospoliticosveracruz.com\/wp-content\/uploads\/2024\/03\/Jose-Luis-Ortega-Vidal.jpg","datePublished":"2024-04-01T11:13:04+00:00","dateModified":"2024-04-01T11:13:14+00:00","breadcrumb":{"@id":"https:\/\/lospoliticosveracruz.com\/?p=121165#breadcrumb"},"inLanguage":"es","potentialAction":[{"@type":"ReadAction","target":["https:\/\/lospoliticosveracruz.com\/?p=121165"]}]},{"@type":"ImageObject","inLanguage":"es","@id":"https:\/\/lospoliticosveracruz.com\/?p=121165#primaryimage","url":"https:\/\/lospoliticosveracruz.com\/wp-content\/uploads\/2024\/03\/Jose-Luis-Ortega-Vidal.jpg","contentUrl":"https:\/\/lospoliticosveracruz.com\/wp-content\/uploads\/2024\/03\/Jose-Luis-Ortega-Vidal.jpg","width":1250,"height":667},{"@type":"BreadcrumbList","@id":"https:\/\/lospoliticosveracruz.com\/?p=121165#breadcrumb","itemListElement":[{"@type":"ListItem","position":1,"name":"Portada","item":"https:\/\/lospoliticosveracruz.com\/"},{"@type":"ListItem","position":2,"name":"NAHLE vs PEPE"}]},{"@type":"WebSite","@id":"https:\/\/lospoliticosveracruz.com\/#website","url":"https:\/\/lospoliticosveracruz.com\/","name":"Los pol\u00edticos Veracruz","description":"","publisher":{"@id":"https:\/\/lospoliticosveracruz.com\/#organization"},"potentialAction":[{"@type":"SearchAction","target":{"@type":"EntryPoint","urlTemplate":"https:\/\/lospoliticosveracruz.com\/?s={search_term_string}"},"query-input":{"@type":"PropertyValueSpecification","valueRequired":true,"valueName":"search_term_string"}}],"inLanguage":"es"},{"@type":"Organization","@id":"https:\/\/lospoliticosveracruz.com\/#organization","name":"Los pol\u00edticos Veracruz","url":"https:\/\/lospoliticosveracruz.com\/","logo":{"@type":"ImageObject","inLanguage":"es","@id":"https:\/\/lospoliticosveracruz.com\/#\/schema\/logo\/image\/","url":"https:\/\/lospoliticosveracruz.com\/wp-content\/uploads\/2025\/12\/Logo-Nuevo-LOS-POLITICOS-1.jpg","contentUrl":"https:\/\/lospoliticosveracruz.com\/wp-content\/uploads\/2025\/12\/Logo-Nuevo-LOS-POLITICOS-1.jpg","width":260,"height":70,"caption":"Los pol\u00edticos Veracruz"},"image":{"@id":"https:\/\/lospoliticosveracruz.com\/#\/schema\/logo\/image\/"},"sameAs":["https:\/\/www.facebook.com\/people\/Notimemes-de-los-Polticos\/61565672886568\/","https:\/\/x.com\/LosPoliticosVer"]},{"@type":"Person","@id":"https:\/\/lospoliticosveracruz.com\/#\/schema\/person\/b8702bb0e538456e6efd07080bf2a4a2","name":"Lo viste en Los Pol\u00edticos","image":{"@type":"ImageObject","inLanguage":"es","@id":"https:\/\/secure.gravatar.com\/avatar\/3a8de04a2656d44082be478bd6c086daa447c4651605818287b9532d3d0bd435?s=96&d=mm&r=g","url":"https:\/\/secure.gravatar.com\/avatar\/3a8de04a2656d44082be478bd6c086daa447c4651605818287b9532d3d0bd435?s=96&d=mm&r=g","contentUrl":"https:\/\/secure.gravatar.com\/avatar\/3a8de04a2656d44082be478bd6c086daa447c4651605818287b9532d3d0bd435?s=96&d=mm&r=g","caption":"Lo viste en Los Pol\u00edticos"},"url":"https:\/\/lospoliticosveracruz.com\/?author=2"}]}},"_links":{"self":[{"href":"https:\/\/lospoliticosveracruz.com\/index.php?rest_route=\/wp\/v2\/posts\/121165","targetHints":{"allow":["GET"]}}],"collection":[{"href":"https:\/\/lospoliticosveracruz.com\/index.php?rest_route=\/wp\/v2\/posts"}],"about":[{"href":"https:\/\/lospoliticosveracruz.com\/index.php?rest_route=\/wp\/v2\/types\/post"}],"author":[{"embeddable":true,"href":"https:\/\/lospoliticosveracruz.com\/index.php?rest_route=\/wp\/v2\/users\/2"}],"replies":[{"embeddable":true,"href":"https:\/\/lospoliticosveracruz.com\/index.php?rest_route=%2Fwp%2Fv2%2Fcomments&post=121165"}],"version-history":[{"count":1,"href":"https:\/\/lospoliticosveracruz.com\/index.php?rest_route=\/wp\/v2\/posts\/121165\/revisions"}],"predecessor-version":[{"id":121166,"href":"https:\/\/lospoliticosveracruz.com\/index.php?rest_route=\/wp\/v2\/posts\/121165\/revisions\/121166"}],"wp:featuredmedia":[{"embeddable":true,"href":"https:\/\/lospoliticosveracruz.com\/index.php?rest_route=\/wp\/v2\/media\/119931"}],"wp:attachment":[{"href":"https:\/\/lospoliticosveracruz.com\/index.php?rest_route=%2Fwp%2Fv2%2Fmedia&parent=121165"}],"wp:term":[{"taxonomy":"category","embeddable":true,"href":"https:\/\/lospoliticosveracruz.com\/index.php?rest_route=%2Fwp%2Fv2%2Fcategories&post=121165"},{"taxonomy":"post_tag","embeddable":true,"href":"https:\/\/lospoliticosveracruz.com\/index.php?rest_route=%2Fwp%2Fv2%2Ftags&post=121165"}],"curies":[{"name":"wp","href":"https:\/\/api.w.org\/{rel}","templated":true}]}}