{"id":121169,"date":"2024-04-01T06:38:56","date_gmt":"2024-04-01T12:38:56","guid":{"rendered":"https:\/\/lospoliticosveracruz.com.mx\/?p=121169"},"modified":"2024-04-01T06:39:11","modified_gmt":"2024-04-01T12:39:11","slug":"xtwitter","status":"publish","type":"post","link":"https:\/\/lospoliticosveracruz.com\/?p=121169","title":{"rendered":"XTWITTER"},"content":{"rendered":"\n<p><strong>Guadalupe H. Mar<\/strong><\/p>\n\n\n\n<p><em>Mira Pol\u00edtica<\/em><\/p>\n\n\n\n<p><strong>CIUDADAN\u00cdA DIGITAL<\/strong>&nbsp;\u2026&nbsp;A trav\u00e9s de las \u201cbenditas redes sociales\u201d como les llam\u00f3 en&nbsp;2018,&nbsp;el entonces presidente electo de M\u00e9xico, Andr\u00e9s Manuel L\u00f3pez Obrador, decenas de ciudadanos de la zona centro del estado de Veracruz, visibilizaron en el \u00e1mbito internacional a trav\u00e9s de \u201cX\u201d, antes Twitter, el avasallador avance de los incendios forestales en las zonas de Maltrata, Nogales,&nbsp;Huiloapan&nbsp;y Ciudad Mendoza, que por su intensidad obligaron a decenas de familia a abandonar sus hogares.<\/p>\n\n\n\n<p>A trav\u00e9s de cientos de&nbsp;<em>post&nbsp;<\/em>-palabra inglesa que se traduce como art\u00edculo, mensaje o publicaci\u00f3n-&nbsp;que inclu\u00edan videos, usuarios de&nbsp;XTwitter&nbsp;solicitaban ayuda para combatir este siniestro que advert\u00edan, \u201csobrepasa a los cuerpos de ayuda\u201d.<\/p>\n\n\n\n<p>Uno de esos&nbsp;<em>p<\/em><em>ost<\/em>&nbsp;o mensajes fue este:&nbsp;\u201cEl incendio forestal en Orizaba sobrepasa a los cuerpos de ayuda y las comunidades enfrentan dificultades para lograr ser evacuadas.&nbsp;#incendios #veracruz&nbsp;#Orizaba\u201d, con lo cual lo que estaba sucediendo en la regi\u00f3n&nbsp;orizabe\u00f1ase convirti\u00f3 en noticia viral.<\/p>\n\n\n\n<p>Si bien y a cuentagotas fueron llegando brigadistas forestales de la Comisi\u00f3n Nacional Forestal (Conafor), de la Comisi\u00f3n Nacional de \u00c1reas Naturales Protegidas (Conanp), as\u00ed como elementos de la Secretar\u00eda de la Defensa Nacional (Sedena), todos del gobierno federal a los que se sumaron los del gobierno estatal y personal de los municipios aleda\u00f1os, las im\u00e1genes de familias completas huyendo del fuego difundidas a trav\u00e9s de las \u201cbenditas redes sociales\u201d, evidenciaban la eficacia de la intervenci\u00f3n gubernamental.<\/p>\n\n\n\n<p>Por cierto,&nbsp;ninguna rese\u00f1a, cr\u00f3nica o&nbsp;<em>p<\/em><em>ost<\/em>&nbsp;de&nbsp;XTwitterde esos d\u00edas, refiri\u00f3 la presencia del gobernador del estado de Veracruz, el ingeniero mec\u00e1nico electricista Cuitl\u00e1huac Garc\u00eda Jim\u00e9nez en la zona de los incendios forestales de Orizaba, quiz\u00e1 y como lo dijo Miguel Alem\u00e1n Velasco en sus tiempos, porque no era bombero.<\/p>\n\n\n\n<p>Para que no se queden con la duda amables lectoras y lectores, el mandatario estatal veracruzano se refiri\u00f3 al tema de los incendios en la regi\u00f3n de Orizaba, pero desde su ambiente controlado de Palacio de Gobierno,en la ciudad de Xalapa, donde para no variar en su af\u00e1n de ganar la nota, responsabiliz\u00f3&nbsp;como causante de los incendios&nbsp;\u00abuna quema agr\u00edcola muy irresponsable\u00bb y como siempre, sin dar detalles, agreg\u00f3: \u00abEstamos observando que alguien est\u00e1 tratando de provocar esto (&#8230;) Sospecho que alguien lo est\u00e1 provocando\u00bb.&nbsp;\u00bfSe habr\u00e1 referido a un conservador o neoliberal?<\/p>\n\n\n\n<p>Pero lo que estaba sucediendo&nbsp;en la regi\u00f3n de Orizaba atrajo los reflectores internacionales cuando la&nbsp;influencer&nbsp;regiomontana de 23 a\u00f1os,&nbsp;Karely&nbsp;Ru\u00edz @karelyruiz_mx&nbsp;quien cuenta con m\u00e1s de 1.7 millones de seguidores en la red social&nbsp;XTwitter, lleg\u00f3 a la zona de los incendios forestales con dos camionetas llenas de palas, botellas con agua&nbsp;e implementos para&nbsp;ayudar a combatir el fuego.<\/p>\n\n\n\n<p>Con ello, el tema de los incendios forestales se&nbsp;viraliz\u00f3en redes sociales y marc\u00f3 la agenda medi\u00e1tica de esed\u00eda,&nbsp;alabando a&nbsp;Karely&nbsp;Ru\u00edz y cuestionando al&nbsp;gobernador del estado de Veracruz,&nbsp;el ingeniero mec\u00e1nico electricista Cuitl\u00e1huac Garc\u00eda Jim\u00e9nez<a><\/a>&nbsp;quien prefiri\u00f3 quedarse en el confort de Palacio de Gobierno en la ciudad de Xalapa, distante a poco m\u00e1s de 200 kil\u00f3metros del municipio de Orizaba.<\/p>\n\n\n\n<p>Cuesti\u00f3n de prioridades.<\/p>\n\n\n\n<p><strong>DIOS NOS SALVE<\/strong>&nbsp;\u2026 Claridoso cuan ha sido, el sacerdote vocero de la Di\u00f3cesis de Orizaba,&nbsp;HelkynEnr\u00edquez B\u00e1ez, en su homil\u00eda de ayer domingo evidenci\u00f3 la tard\u00eda reacci\u00f3n gubernamental a los incendios forestales en aquella regi\u00f3n.<\/p>\n\n\n\n<p>Textualmente expres\u00f3:&nbsp;\u00abEn el caso de las instituciones hay una diversificaci\u00f3n en la respuesta, algunas, las m\u00e1s cercanas, r\u00e1pidamente trataron de acudir a atender la emergencia, pero a nivel estatal se pudo haber respondido de un modo m\u00e1s eficiente, m\u00e1s r\u00e1pido\u2026&nbsp;No sabemos si es por la falta de recursos para atender o porque posiblemente se haya retrasado un poco la atenci\u00f3n por el reconocimiento de la magnitud del problema\u00bb, palabras que suenan a reclamo&nbsp;evidenciador.<\/p>\n\n\n\n<p><strong>CADA QUIEN SU CRUZ<\/strong>&nbsp;\u2026&nbsp;No hay d\u00eda en que a trav\u00e9s de las \u201cbenditas redes sociales\u201d o correo electr\u00f3nico nos hagan llegar comentarios relacionados con el ex priista&nbsp;Jos\u00e9 Ricardo Ruiz Carmona, mejor conocido como \u201cPep\u00edn Ruiz\u201d, quien ahora aparece como candidato del partido Movimiento de Regeneraci\u00f3n Nacional, mejor conocido como Morena, a una diputaci\u00f3n local por Veracruz.<\/p>\n\n\n\n<p>El 99.9 por ciento de esos comentarios recibidos cuestionan la honorabilidad y credibilidad de este personaje, sin embargo,&nbsp;somos de la idea de que por algo el partido pol\u00edtico que lo postula lo design\u00f3 como su abanderado y corresponde a sus dirigentes sopesar esos cuestionamientos.<\/p>\n\n\n\n<p><strong>D\u00cdGALO SIN MIEDO<\/strong>&nbsp;\u2026 Al correo electr\u00f3nico<a href=\"mailto:guadalupehmar@gmail.com\">guadalupehmar@gmail.com<\/a><\/p>\n","protected":false},"excerpt":{"rendered":"<p>Guadalupe H. Mar Mira Pol\u00edtica CIUDADAN\u00cdA DIGITAL&nbsp;\u2026&nbsp;A trav\u00e9s de las \u201cbenditas redes sociales\u201d como les llam\u00f3 en&nbsp;2018,&nbsp;el entonces presidente electo de M\u00e9xico, Andr\u00e9s Manuel L\u00f3pez Obrador, decenas de ciudadanos de la zona centro del estado de Veracruz, visibilizaron en el \u00e1mbito internacional a trav\u00e9s de \u201cX\u201d, antes Twitter, el avasallador avance de los incendios forestales [&hellip;]<\/p>\n","protected":false},"author":2,"featured_media":119929,"comment_status":"closed","ping_status":"closed","sticky":false,"template":"","format":"standard","meta":{"tdm_status":"","tdm_grid_status":"","footnotes":""},"categories":[70],"tags":[1563,7795,1026,1639,195],"class_list":{"0":"post-121169","1":"post","2":"type-post","3":"status-publish","4":"format-standard","5":"has-post-thumbnail","7":"category-de-opinion","8":"tag-cuitlahuac-garcia-jimenez","9":"tag-incendios-forestales","10":"tag-morena","11":"tag-orizaba","12":"tag-veracruz"},"yoast_head":"<!-- This site is optimized with the Yoast SEO plugin v27.4 - https:\/\/yoast.com\/product\/yoast-seo-wordpress\/ -->\n<title>XTWITTER - Los pol\u00edticos Veracruz<\/title>\n<meta name=\"robots\" content=\"index, follow, max-snippet:-1, max-image-preview:large, max-video-preview:-1\" \/>\n<link rel=\"canonical\" href=\"https:\/\/lospoliticosveracruz.com\/?p=121169\" \/>\n<meta property=\"og:locale\" content=\"es_ES\" \/>\n<meta property=\"og:type\" content=\"article\" \/>\n<meta property=\"og:title\" content=\"XTWITTER - Los pol\u00edticos Veracruz\" \/>\n<meta property=\"og:description\" content=\"Guadalupe H. Mar Mira Pol\u00edtica CIUDADAN\u00cdA DIGITAL&nbsp;\u2026&nbsp;A trav\u00e9s de las \u201cbenditas redes sociales\u201d como les llam\u00f3 en&nbsp;2018,&nbsp;el entonces presidente electo de M\u00e9xico, Andr\u00e9s Manuel L\u00f3pez Obrador, decenas de ciudadanos de la zona centro del estado de Veracruz, visibilizaron en el \u00e1mbito internacional a trav\u00e9s de \u201cX\u201d, antes Twitter, el avasallador avance de los incendios forestales [&hellip;]\" \/>\n<meta property=\"og:url\" content=\"https:\/\/lospoliticosveracruz.com\/?p=121169\" \/>\n<meta property=\"og:site_name\" content=\"Los pol\u00edticos Veracruz\" \/>\n<meta property=\"article:publisher\" content=\"https:\/\/www.facebook.com\/people\/Notimemes-de-los-Polticos\/61565672886568\/\" \/>\n<meta property=\"article:published_time\" content=\"2024-04-01T12:38:56+00:00\" \/>\n<meta property=\"article:modified_time\" content=\"2024-04-01T12:39:11+00:00\" \/>\n<meta property=\"og:image\" content=\"https:\/\/lospoliticosveracruz.com\/wp-content\/uploads\/2024\/03\/Lupita-Mar.jpg\" \/>\n\t<meta property=\"og:image:width\" content=\"1250\" \/>\n\t<meta property=\"og:image:height\" content=\"667\" \/>\n\t<meta property=\"og:image:type\" content=\"image\/jpeg\" \/>\n<meta name=\"author\" content=\"Lo viste en Los Pol\u00edticos\" \/>\n<meta name=\"twitter:card\" content=\"summary_large_image\" \/>\n<meta name=\"twitter:creator\" content=\"@LosPoliticosVer\" \/>\n<meta name=\"twitter:site\" content=\"@LosPoliticosVer\" \/>\n<meta name=\"twitter:label1\" content=\"Escrito por\" \/>\n\t<meta name=\"twitter:data1\" content=\"Lo viste en Los Pol\u00edticos\" \/>\n\t<meta name=\"twitter:label2\" content=\"Tiempo de lectura\" \/>\n\t<meta name=\"twitter:data2\" content=\"4 minutos\" \/>\n<script type=\"application\/ld+json\" class=\"yoast-schema-graph\">{\"@context\":\"https:\\\/\\\/schema.org\",\"@graph\":[{\"@type\":\"Article\",\"@id\":\"https:\\\/\\\/lospoliticosveracruz.com\\\/?p=121169#article\",\"isPartOf\":{\"@id\":\"https:\\\/\\\/lospoliticosveracruz.com\\\/?p=121169\"},\"author\":{\"name\":\"Lo viste en Los Pol\u00edticos\",\"@id\":\"https:\\\/\\\/lospoliticosveracruz.com\\\/#\\\/schema\\\/person\\\/b8702bb0e538456e6efd07080bf2a4a2\"},\"headline\":\"XTWITTER\",\"datePublished\":\"2024-04-01T12:38:56+00:00\",\"dateModified\":\"2024-04-01T12:39:11+00:00\",\"mainEntityOfPage\":{\"@id\":\"https:\\\/\\\/lospoliticosveracruz.com\\\/?p=121169\"},\"wordCount\":856,\"publisher\":{\"@id\":\"https:\\\/\\\/lospoliticosveracruz.com\\\/#organization\"},\"image\":{\"@id\":\"https:\\\/\\\/lospoliticosveracruz.com\\\/?p=121169#primaryimage\"},\"thumbnailUrl\":\"https:\\\/\\\/lospoliticosveracruz.com\\\/wp-content\\\/uploads\\\/2024\\\/03\\\/Lupita-Mar.jpg\",\"keywords\":[\"Cuitl\u00e1huac Garc\u00eda Jim\u00e9nez\",\"Incendios forestales\",\"Morena\",\"Orizaba\",\"Veracruz\"],\"articleSection\":[\"De Opini\u00f3n\"],\"inLanguage\":\"es\"},{\"@type\":\"WebPage\",\"@id\":\"https:\\\/\\\/lospoliticosveracruz.com\\\/?p=121169\",\"url\":\"https:\\\/\\\/lospoliticosveracruz.com\\\/?p=121169\",\"name\":\"XTWITTER - Los pol\u00edticos Veracruz\",\"isPartOf\":{\"@id\":\"https:\\\/\\\/lospoliticosveracruz.com\\\/#website\"},\"primaryImageOfPage\":{\"@id\":\"https:\\\/\\\/lospoliticosveracruz.com\\\/?p=121169#primaryimage\"},\"image\":{\"@id\":\"https:\\\/\\\/lospoliticosveracruz.com\\\/?p=121169#primaryimage\"},\"thumbnailUrl\":\"https:\\\/\\\/lospoliticosveracruz.com\\\/wp-content\\\/uploads\\\/2024\\\/03\\\/Lupita-Mar.jpg\",\"datePublished\":\"2024-04-01T12:38:56+00:00\",\"dateModified\":\"2024-04-01T12:39:11+00:00\",\"breadcrumb\":{\"@id\":\"https:\\\/\\\/lospoliticosveracruz.com\\\/?p=121169#breadcrumb\"},\"inLanguage\":\"es\",\"potentialAction\":[{\"@type\":\"ReadAction\",\"target\":[\"https:\\\/\\\/lospoliticosveracruz.com\\\/?p=121169\"]}]},{\"@type\":\"ImageObject\",\"inLanguage\":\"es\",\"@id\":\"https:\\\/\\\/lospoliticosveracruz.com\\\/?p=121169#primaryimage\",\"url\":\"https:\\\/\\\/lospoliticosveracruz.com\\\/wp-content\\\/uploads\\\/2024\\\/03\\\/Lupita-Mar.jpg\",\"contentUrl\":\"https:\\\/\\\/lospoliticosveracruz.com\\\/wp-content\\\/uploads\\\/2024\\\/03\\\/Lupita-Mar.jpg\",\"width\":1250,\"height\":667},{\"@type\":\"BreadcrumbList\",\"@id\":\"https:\\\/\\\/lospoliticosveracruz.com\\\/?p=121169#breadcrumb\",\"itemListElement\":[{\"@type\":\"ListItem\",\"position\":1,\"name\":\"Portada\",\"item\":\"https:\\\/\\\/lospoliticosveracruz.com\\\/\"},{\"@type\":\"ListItem\",\"position\":2,\"name\":\"XTWITTER\"}]},{\"@type\":\"WebSite\",\"@id\":\"https:\\\/\\\/lospoliticosveracruz.com\\\/#website\",\"url\":\"https:\\\/\\\/lospoliticosveracruz.com\\\/\",\"name\":\"Los pol\u00edticos Veracruz\",\"description\":\"\",\"publisher\":{\"@id\":\"https:\\\/\\\/lospoliticosveracruz.com\\\/#organization\"},\"potentialAction\":[{\"@type\":\"SearchAction\",\"target\":{\"@type\":\"EntryPoint\",\"urlTemplate\":\"https:\\\/\\\/lospoliticosveracruz.com\\\/?s={search_term_string}\"},\"query-input\":{\"@type\":\"PropertyValueSpecification\",\"valueRequired\":true,\"valueName\":\"search_term_string\"}}],\"inLanguage\":\"es\"},{\"@type\":\"Organization\",\"@id\":\"https:\\\/\\\/lospoliticosveracruz.com\\\/#organization\",\"name\":\"Los pol\u00edticos Veracruz\",\"url\":\"https:\\\/\\\/lospoliticosveracruz.com\\\/\",\"logo\":{\"@type\":\"ImageObject\",\"inLanguage\":\"es\",\"@id\":\"https:\\\/\\\/lospoliticosveracruz.com\\\/#\\\/schema\\\/logo\\\/image\\\/\",\"url\":\"https:\\\/\\\/lospoliticosveracruz.com\\\/wp-content\\\/uploads\\\/2025\\\/12\\\/Logo-Nuevo-LOS-POLITICOS-1.jpg\",\"contentUrl\":\"https:\\\/\\\/lospoliticosveracruz.com\\\/wp-content\\\/uploads\\\/2025\\\/12\\\/Logo-Nuevo-LOS-POLITICOS-1.jpg\",\"width\":260,\"height\":70,\"caption\":\"Los pol\u00edticos Veracruz\"},\"image\":{\"@id\":\"https:\\\/\\\/lospoliticosveracruz.com\\\/#\\\/schema\\\/logo\\\/image\\\/\"},\"sameAs\":[\"https:\\\/\\\/www.facebook.com\\\/people\\\/Notimemes-de-los-Polticos\\\/61565672886568\\\/\",\"https:\\\/\\\/x.com\\\/LosPoliticosVer\"]},{\"@type\":\"Person\",\"@id\":\"https:\\\/\\\/lospoliticosveracruz.com\\\/#\\\/schema\\\/person\\\/b8702bb0e538456e6efd07080bf2a4a2\",\"name\":\"Lo viste en Los Pol\u00edticos\",\"image\":{\"@type\":\"ImageObject\",\"inLanguage\":\"es\",\"@id\":\"https:\\\/\\\/secure.gravatar.com\\\/avatar\\\/3a8de04a2656d44082be478bd6c086daa447c4651605818287b9532d3d0bd435?s=96&d=mm&r=g\",\"url\":\"https:\\\/\\\/secure.gravatar.com\\\/avatar\\\/3a8de04a2656d44082be478bd6c086daa447c4651605818287b9532d3d0bd435?s=96&d=mm&r=g\",\"contentUrl\":\"https:\\\/\\\/secure.gravatar.com\\\/avatar\\\/3a8de04a2656d44082be478bd6c086daa447c4651605818287b9532d3d0bd435?s=96&d=mm&r=g\",\"caption\":\"Lo viste en Los Pol\u00edticos\"},\"url\":\"https:\\\/\\\/lospoliticosveracruz.com\\\/?author=2\"}]}<\/script>\n<!-- \/ Yoast SEO plugin. -->","yoast_head_json":{"title":"XTWITTER - Los pol\u00edticos Veracruz","robots":{"index":"index","follow":"follow","max-snippet":"max-snippet:-1","max-image-preview":"max-image-preview:large","max-video-preview":"max-video-preview:-1"},"canonical":"https:\/\/lospoliticosveracruz.com\/?p=121169","og_locale":"es_ES","og_type":"article","og_title":"XTWITTER - Los pol\u00edticos Veracruz","og_description":"Guadalupe H. Mar Mira Pol\u00edtica CIUDADAN\u00cdA DIGITAL&nbsp;\u2026&nbsp;A trav\u00e9s de las \u201cbenditas redes sociales\u201d como les llam\u00f3 en&nbsp;2018,&nbsp;el entonces presidente electo de M\u00e9xico, Andr\u00e9s Manuel L\u00f3pez Obrador, decenas de ciudadanos de la zona centro del estado de Veracruz, visibilizaron en el \u00e1mbito internacional a trav\u00e9s de \u201cX\u201d, antes Twitter, el avasallador avance de los incendios forestales [&hellip;]","og_url":"https:\/\/lospoliticosveracruz.com\/?p=121169","og_site_name":"Los pol\u00edticos Veracruz","article_publisher":"https:\/\/www.facebook.com\/people\/Notimemes-de-los-Polticos\/61565672886568\/","article_published_time":"2024-04-01T12:38:56+00:00","article_modified_time":"2024-04-01T12:39:11+00:00","og_image":[{"width":1250,"height":667,"url":"https:\/\/lospoliticosveracruz.com\/wp-content\/uploads\/2024\/03\/Lupita-Mar.jpg","type":"image\/jpeg"}],"author":"Lo viste en Los Pol\u00edticos","twitter_card":"summary_large_image","twitter_creator":"@LosPoliticosVer","twitter_site":"@LosPoliticosVer","twitter_misc":{"Escrito por":"Lo viste en Los Pol\u00edticos","Tiempo de lectura":"4 minutos"},"schema":{"@context":"https:\/\/schema.org","@graph":[{"@type":"Article","@id":"https:\/\/lospoliticosveracruz.com\/?p=121169#article","isPartOf":{"@id":"https:\/\/lospoliticosveracruz.com\/?p=121169"},"author":{"name":"Lo viste en Los Pol\u00edticos","@id":"https:\/\/lospoliticosveracruz.com\/#\/schema\/person\/b8702bb0e538456e6efd07080bf2a4a2"},"headline":"XTWITTER","datePublished":"2024-04-01T12:38:56+00:00","dateModified":"2024-04-01T12:39:11+00:00","mainEntityOfPage":{"@id":"https:\/\/lospoliticosveracruz.com\/?p=121169"},"wordCount":856,"publisher":{"@id":"https:\/\/lospoliticosveracruz.com\/#organization"},"image":{"@id":"https:\/\/lospoliticosveracruz.com\/?p=121169#primaryimage"},"thumbnailUrl":"https:\/\/lospoliticosveracruz.com\/wp-content\/uploads\/2024\/03\/Lupita-Mar.jpg","keywords":["Cuitl\u00e1huac Garc\u00eda Jim\u00e9nez","Incendios forestales","Morena","Orizaba","Veracruz"],"articleSection":["De Opini\u00f3n"],"inLanguage":"es"},{"@type":"WebPage","@id":"https:\/\/lospoliticosveracruz.com\/?p=121169","url":"https:\/\/lospoliticosveracruz.com\/?p=121169","name":"XTWITTER - Los pol\u00edticos Veracruz","isPartOf":{"@id":"https:\/\/lospoliticosveracruz.com\/#website"},"primaryImageOfPage":{"@id":"https:\/\/lospoliticosveracruz.com\/?p=121169#primaryimage"},"image":{"@id":"https:\/\/lospoliticosveracruz.com\/?p=121169#primaryimage"},"thumbnailUrl":"https:\/\/lospoliticosveracruz.com\/wp-content\/uploads\/2024\/03\/Lupita-Mar.jpg","datePublished":"2024-04-01T12:38:56+00:00","dateModified":"2024-04-01T12:39:11+00:00","breadcrumb":{"@id":"https:\/\/lospoliticosveracruz.com\/?p=121169#breadcrumb"},"inLanguage":"es","potentialAction":[{"@type":"ReadAction","target":["https:\/\/lospoliticosveracruz.com\/?p=121169"]}]},{"@type":"ImageObject","inLanguage":"es","@id":"https:\/\/lospoliticosveracruz.com\/?p=121169#primaryimage","url":"https:\/\/lospoliticosveracruz.com\/wp-content\/uploads\/2024\/03\/Lupita-Mar.jpg","contentUrl":"https:\/\/lospoliticosveracruz.com\/wp-content\/uploads\/2024\/03\/Lupita-Mar.jpg","width":1250,"height":667},{"@type":"BreadcrumbList","@id":"https:\/\/lospoliticosveracruz.com\/?p=121169#breadcrumb","itemListElement":[{"@type":"ListItem","position":1,"name":"Portada","item":"https:\/\/lospoliticosveracruz.com\/"},{"@type":"ListItem","position":2,"name":"XTWITTER"}]},{"@type":"WebSite","@id":"https:\/\/lospoliticosveracruz.com\/#website","url":"https:\/\/lospoliticosveracruz.com\/","name":"Los pol\u00edticos Veracruz","description":"","publisher":{"@id":"https:\/\/lospoliticosveracruz.com\/#organization"},"potentialAction":[{"@type":"SearchAction","target":{"@type":"EntryPoint","urlTemplate":"https:\/\/lospoliticosveracruz.com\/?s={search_term_string}"},"query-input":{"@type":"PropertyValueSpecification","valueRequired":true,"valueName":"search_term_string"}}],"inLanguage":"es"},{"@type":"Organization","@id":"https:\/\/lospoliticosveracruz.com\/#organization","name":"Los pol\u00edticos Veracruz","url":"https:\/\/lospoliticosveracruz.com\/","logo":{"@type":"ImageObject","inLanguage":"es","@id":"https:\/\/lospoliticosveracruz.com\/#\/schema\/logo\/image\/","url":"https:\/\/lospoliticosveracruz.com\/wp-content\/uploads\/2025\/12\/Logo-Nuevo-LOS-POLITICOS-1.jpg","contentUrl":"https:\/\/lospoliticosveracruz.com\/wp-content\/uploads\/2025\/12\/Logo-Nuevo-LOS-POLITICOS-1.jpg","width":260,"height":70,"caption":"Los pol\u00edticos Veracruz"},"image":{"@id":"https:\/\/lospoliticosveracruz.com\/#\/schema\/logo\/image\/"},"sameAs":["https:\/\/www.facebook.com\/people\/Notimemes-de-los-Polticos\/61565672886568\/","https:\/\/x.com\/LosPoliticosVer"]},{"@type":"Person","@id":"https:\/\/lospoliticosveracruz.com\/#\/schema\/person\/b8702bb0e538456e6efd07080bf2a4a2","name":"Lo viste en Los Pol\u00edticos","image":{"@type":"ImageObject","inLanguage":"es","@id":"https:\/\/secure.gravatar.com\/avatar\/3a8de04a2656d44082be478bd6c086daa447c4651605818287b9532d3d0bd435?s=96&d=mm&r=g","url":"https:\/\/secure.gravatar.com\/avatar\/3a8de04a2656d44082be478bd6c086daa447c4651605818287b9532d3d0bd435?s=96&d=mm&r=g","contentUrl":"https:\/\/secure.gravatar.com\/avatar\/3a8de04a2656d44082be478bd6c086daa447c4651605818287b9532d3d0bd435?s=96&d=mm&r=g","caption":"Lo viste en Los Pol\u00edticos"},"url":"https:\/\/lospoliticosveracruz.com\/?author=2"}]}},"_links":{"self":[{"href":"https:\/\/lospoliticosveracruz.com\/index.php?rest_route=\/wp\/v2\/posts\/121169","targetHints":{"allow":["GET"]}}],"collection":[{"href":"https:\/\/lospoliticosveracruz.com\/index.php?rest_route=\/wp\/v2\/posts"}],"about":[{"href":"https:\/\/lospoliticosveracruz.com\/index.php?rest_route=\/wp\/v2\/types\/post"}],"author":[{"embeddable":true,"href":"https:\/\/lospoliticosveracruz.com\/index.php?rest_route=\/wp\/v2\/users\/2"}],"replies":[{"embeddable":true,"href":"https:\/\/lospoliticosveracruz.com\/index.php?rest_route=%2Fwp%2Fv2%2Fcomments&post=121169"}],"version-history":[{"count":1,"href":"https:\/\/lospoliticosveracruz.com\/index.php?rest_route=\/wp\/v2\/posts\/121169\/revisions"}],"predecessor-version":[{"id":121170,"href":"https:\/\/lospoliticosveracruz.com\/index.php?rest_route=\/wp\/v2\/posts\/121169\/revisions\/121170"}],"wp:featuredmedia":[{"embeddable":true,"href":"https:\/\/lospoliticosveracruz.com\/index.php?rest_route=\/wp\/v2\/media\/119929"}],"wp:attachment":[{"href":"https:\/\/lospoliticosveracruz.com\/index.php?rest_route=%2Fwp%2Fv2%2Fmedia&parent=121169"}],"wp:term":[{"taxonomy":"category","embeddable":true,"href":"https:\/\/lospoliticosveracruz.com\/index.php?rest_route=%2Fwp%2Fv2%2Fcategories&post=121169"},{"taxonomy":"post_tag","embeddable":true,"href":"https:\/\/lospoliticosveracruz.com\/index.php?rest_route=%2Fwp%2Fv2%2Ftags&post=121169"}],"curies":[{"name":"wp","href":"https:\/\/api.w.org\/{rel}","templated":true}]}}