{"id":121326,"date":"2024-04-03T00:49:10","date_gmt":"2024-04-03T06:49:10","guid":{"rendered":"https:\/\/lospoliticosveracruz.com.mx\/?p=121326"},"modified":"2024-04-03T00:49:17","modified_gmt":"2024-04-03T06:49:17","slug":"las-pluris-de-dante-y-mc","status":"publish","type":"post","link":"https:\/\/lospoliticosveracruz.com\/?p=121326","title":{"rendered":"LAS \u00abPLURIS\u00bb DE DANTE Y MC"},"content":{"rendered":"\n<p><br><strong>Ricardo Chua<\/strong><br>Sale y Vale<br>EXCLUSIVA\u2026 \u00abGarganta Profunda\u00bb mencion\u00f3 qui\u00e9nes ser\u00e1n, por lo menos, las 3 primeras personas que van en la lista de Movimiento Ciudadano como candidatos a diputado local para el pr\u00f3ximo Congreso del Estado.. Y como n\u00famero uno qued\u00f3 el ex alcalde de Boca del R\u00edo, Adr\u00edan Avila Estrada, gente de Dante Delgado, empresario constructor, ex jefe de Eric Cisneros, miembro de la dirigencia nacional de MC.. Le \u00abpagan su cuota\u00bb de trabajo y financiamiento que \u00c1vila le ha dado a ese partido..<\/p>\n\n\n\n<p>En la n\u00famero dos va a Elena C\u00f3rdoba Molina, de Alto Lucero, ella es posici\u00f3n del equipo pol\u00edtico de Miguel Castillo.. Otro de los personajes que le est\u00e1n dando su \u00abcuota\u00bb de poder.. Y en tercer lugar, va el m\u00e9dico de San Andr\u00e9s Tuxtla, Alejandro Ton Linares, que con esa \u00abpluri\u00bb se la dan por ser el personaje que m\u00e1s votos tuvo en 2021 como candidato a alcalde por MC.. Votos que no fueron de Ton, ni del partido, sino de Tavo Perez Garay cuando intent\u00f3 \u00abquebrar\u00bb al PRI y a MORENA.. Pero en MC le \u00abcompraron\u00bb esa historia al m\u00e9dico..<\/p>\n\n\n\n<p>Seg\u00fan \u00abGarganta Profunda\u00bb s\u00f3lo esas tres posiciones \u00abpluris\u00bb para diputados locales son importantes.. Ya que por la votaci\u00f3n y tendencia que lleva Polo Deschamps como candidato a gobernador, a lo mejor s\u00f3lo pueden meter 2 \u00abpluris\u00bb en el pr\u00f3ximo Congreso Local.. Por eso, pusieron a Adri\u00e1n Avila en la UNO para \u00abamarrar\u00bb.. M\u00e1s vale p\u00e1jaro en mano.. La REFLEXI\u00d3N es que con esta lista en MC en Veracruz, cumplieron los compromisos pol\u00edticos aunque hayan dejado fuera a los que le llevan votos y construyen ese partido..<\/p>\n\n\n\n<p>Dice \u00abGarganta Profunda\u00bb que quiz\u00e1s por eso fue la molestia de Sof\u00eda Yunes en redes sociales, ella le ha invertido tiempo, dinero y esfuerzo.. No se lo reconocieron, ni porque aguant\u00f3 la \u00abmetralla\u00bb de MC y que ahora ni una \u00abpluri\u00bb le dan.. Lo mismo pas\u00f3 con Ivonne Trujillo, de Perote, que gan\u00f3 la diputaci\u00f3n local en 2018 y que ahora tampoco le toc\u00f3 una \u00abpluri\u00bb.. Por eso, a Sof\u00eda Yunes, la andan buscando las otras dos coaliciones, MORENA y PRIAN, saben que si se va con ellos, ser\u00eda la mejor adquisici\u00f3n pol\u00edtica de \u00faltima hora.. UN CRACK..<\/p>\n\n\n\n<p>PEPE, NAHLE Y LA FGR.. Ya es momento que los candidatos a la gubernatura de Veracruz empiecen hacer campa\u00f1a y los ciudadanos conozcan las propuestas por quienes los pueden gobernar por los pr\u00f3ximos 6 a\u00f1os.. Ayer despu\u00e9s de que en CDMX, el opositor, Jos\u00e9 Francisco Yunes Zorrilla, present\u00f3 ante la Fiscal\u00eda General de la Rep\u00fablica (FGR) una denuncia por presunto enriquecimiento il\u00edcito en contra de Roc\u00edo Nahle, por las propiedades de la candidata exhibidas en redes sociales.. Ya por estrategia, Pepe Yunes debe salir del tema y dejar todo en manos de la FGR..<\/p>\n\n\n\n<p>Este era el momento que se esperaba sobre el caso.. Que todo estuviera en manos de la instancia correspondiente y que ahora el equipo jur\u00eddico de Roc\u00edo Nahle.. Sea el que se dedique a defenderla de los se\u00f1alamientos del priista y que ambos ahora se dediquen a hacer campa\u00f1a pol\u00edtica.. Ya todo el tema de las propiedades est\u00e1 en manos de Alejandro Gertz Manero y \u00e9l ser\u00e1 el encargado de darle seguimiento y dictamen final al caso.. Situaci\u00f3n que seguramente terminar\u00e1 en el Poder Judicial de la Federaci\u00f3n y esa ser\u00e1 otra historia..<\/p>\n\n\n\n<p>Por lo pronto, ambos candidatos ahora tendr\u00e1n que recorrer Veracruz para dar a conocer sus propuestas ante la sociedad y de como van a resolver los conflictos que les dejar\u00e1 alguno de los dos el gobierno de Cuitl\u00e1huac Garc\u00eda.. Ya ser\u00e1n SUS EQUIPOS DE CAMPA\u00d1A que ver\u00e1n que estrategia seguir para continuar manteniendo \u00abvivo\u00bb el caso de la denuncia o \u00abbajarlo\u00bb de intensidad.. El que tenga m\u00e1s \u00abexperiencia\u00bb y est\u00e9 m\u00e1s \u00abcalificado\u00bb (Ja ja ja) lo va a lograr.. Y ver si logran que los dirigentes de partidos de oposici\u00f3n se meten al tema o siguen ignor\u00e1ndolo..<\/p>\n\n\n\n<p>Ya que qued\u00f3 claro.. Que a Pepe Yunes. los l\u00edderes estatales del PAN y PRI, excepto del PRD.. no lo \u00abarroparon\u00bb con ese caso.. Ni a CDMX lo acompa\u00f1aron a la denuncia.. Seguramente tuvieron algo m\u00e1s importante que hacer.. Les vali\u00f3 el tema y lo ignoraron.. Ni hicieron nada para poner a pensar al equipo de Roc\u00edo Nahle, de como defenderla de se\u00f1alamientos.. Pareciera que los 7 puntos que tiene de ventaja MORENA, no es nada.. Si en este mes, no la alcanzan.. Se les escapa y ah\u00ed se ver\u00e1n si dentro de 6 a\u00f1os se vuelven a saludar.. Ya tienen seguras sus \u00abpluris\u00bb.. AMEN<\/p>\n\n\n\n<p>LOS BAJARON DE MORENA.. Resulta que cuando Cristhian Romero, ex alcalde de Tlacotalpan y su suplente, Rodrigo R\u00e1bago, ya se sent\u00edan m\u00e1s que seguros con un \u00abhueso\u00bb dentro de MORENA a la diputaci\u00f3n local con la candidatura por Santiago Tuxtla, pues, les avisaron del comit\u00e9 estatal que siempre no.. Que su sitio ser\u00eda ocupado por la actual diputada, Liliana Castro Mu\u00f1oz, que buscar\u00e1 la reelecci\u00f3n en este proceso electoral.. Y a los otros dos personajes les dieron las gracias por estar muy \u00abembolados\u00bb.. Queda claro, que de aqu\u00ed en adelante todo lo que \u00abhuela\u00bb a Eric Cisneros dentro de MORENA.. Se quedar\u00e1 fuera.. Romero y R\u00e1bago son la muestra.. TAN.. TAN..<\/p>\n","protected":false},"excerpt":{"rendered":"<p>Ricardo ChuaSale y ValeEXCLUSIVA\u2026 \u00abGarganta Profunda\u00bb mencion\u00f3 qui\u00e9nes ser\u00e1n, por lo menos, las 3 primeras personas que van en la lista de Movimiento Ciudadano como candidatos a diputado local para el pr\u00f3ximo Congreso del Estado.. Y como n\u00famero uno qued\u00f3 el ex alcalde de Boca del R\u00edo, Adr\u00edan Avila Estrada, gente de Dante Delgado, empresario [&hellip;]<\/p>\n","protected":false},"author":2,"featured_media":119817,"comment_status":"closed","ping_status":"closed","sticky":false,"template":"","format":"standard","meta":{"tdm_status":"","tdm_grid_status":"","footnotes":""},"categories":[70],"tags":[4673,13134,22356,2327,570,3578],"class_list":{"0":"post-121326","1":"post","2":"type-post","3":"status-publish","4":"format-standard","5":"has-post-thumbnail","7":"category-de-opinion","8":"tag-elena-cordova-molina","9":"tag-ivonne-trujillo","10":"tag-miguel-castillo","11":"tag-movimiento-ciudadano","12":"tag-pepe-yunes","13":"tag-rocio-nahle"},"yoast_head":"<!-- This site is optimized with the Yoast SEO plugin v27.4 - https:\/\/yoast.com\/product\/yoast-seo-wordpress\/ -->\n<title>LAS &quot;PLURIS&quot; DE DANTE Y MC - Los pol\u00edticos Veracruz<\/title>\n<meta name=\"robots\" content=\"index, follow, max-snippet:-1, max-image-preview:large, max-video-preview:-1\" \/>\n<link rel=\"canonical\" href=\"https:\/\/lospoliticosveracruz.com\/?p=121326\" \/>\n<meta property=\"og:locale\" content=\"es_ES\" \/>\n<meta property=\"og:type\" content=\"article\" \/>\n<meta property=\"og:title\" content=\"LAS &quot;PLURIS&quot; DE DANTE Y MC - Los pol\u00edticos Veracruz\" \/>\n<meta property=\"og:description\" content=\"Ricardo ChuaSale y ValeEXCLUSIVA\u2026 \u00abGarganta Profunda\u00bb mencion\u00f3 qui\u00e9nes ser\u00e1n, por lo menos, las 3 primeras personas que van en la lista de Movimiento Ciudadano como candidatos a diputado local para el pr\u00f3ximo Congreso del Estado.. Y como n\u00famero uno qued\u00f3 el ex alcalde de Boca del R\u00edo, Adr\u00edan Avila Estrada, gente de Dante Delgado, empresario [&hellip;]\" \/>\n<meta property=\"og:url\" content=\"https:\/\/lospoliticosveracruz.com\/?p=121326\" \/>\n<meta property=\"og:site_name\" content=\"Los pol\u00edticos Veracruz\" \/>\n<meta property=\"article:publisher\" content=\"https:\/\/www.facebook.com\/people\/Notimemes-de-los-Polticos\/61565672886568\/\" \/>\n<meta property=\"article:published_time\" content=\"2024-04-03T06:49:10+00:00\" \/>\n<meta property=\"article:modified_time\" content=\"2024-04-03T06:49:17+00:00\" \/>\n<meta property=\"og:image\" content=\"https:\/\/lospoliticosveracruz.com\/wp-content\/uploads\/2024\/03\/Ricardo-Chua.jpg\" \/>\n\t<meta property=\"og:image:width\" content=\"1250\" \/>\n\t<meta property=\"og:image:height\" content=\"667\" \/>\n\t<meta property=\"og:image:type\" content=\"image\/jpeg\" \/>\n<meta name=\"author\" content=\"Lo viste en Los Pol\u00edticos\" \/>\n<meta name=\"twitter:card\" content=\"summary_large_image\" \/>\n<meta name=\"twitter:creator\" content=\"@LosPoliticosVer\" \/>\n<meta name=\"twitter:site\" content=\"@LosPoliticosVer\" \/>\n<meta name=\"twitter:label1\" content=\"Escrito por\" \/>\n\t<meta name=\"twitter:data1\" content=\"Lo viste en Los Pol\u00edticos\" \/>\n\t<meta name=\"twitter:label2\" content=\"Tiempo de lectura\" \/>\n\t<meta name=\"twitter:data2\" content=\"5 minutos\" \/>\n<script type=\"application\/ld+json\" class=\"yoast-schema-graph\">{\"@context\":\"https:\\\/\\\/schema.org\",\"@graph\":[{\"@type\":\"Article\",\"@id\":\"https:\\\/\\\/lospoliticosveracruz.com\\\/?p=121326#article\",\"isPartOf\":{\"@id\":\"https:\\\/\\\/lospoliticosveracruz.com\\\/?p=121326\"},\"author\":{\"name\":\"Lo viste en Los Pol\u00edticos\",\"@id\":\"https:\\\/\\\/lospoliticosveracruz.com\\\/#\\\/schema\\\/person\\\/b8702bb0e538456e6efd07080bf2a4a2\"},\"headline\":\"LAS \u00abPLURIS\u00bb DE DANTE Y MC\",\"datePublished\":\"2024-04-03T06:49:10+00:00\",\"dateModified\":\"2024-04-03T06:49:17+00:00\",\"mainEntityOfPage\":{\"@id\":\"https:\\\/\\\/lospoliticosveracruz.com\\\/?p=121326\"},\"wordCount\":941,\"publisher\":{\"@id\":\"https:\\\/\\\/lospoliticosveracruz.com\\\/#organization\"},\"image\":{\"@id\":\"https:\\\/\\\/lospoliticosveracruz.com\\\/?p=121326#primaryimage\"},\"thumbnailUrl\":\"https:\\\/\\\/lospoliticosveracruz.com\\\/wp-content\\\/uploads\\\/2024\\\/03\\\/Ricardo-Chua.jpg\",\"keywords\":[\"Elena C\u00f3rdova Molina\",\"Ivonne Trujillo\",\"Miguel Castillo\",\"Movimiento Ciudadano\",\"Pepe Yunes\",\"Roc\u00edo Nahle\"],\"articleSection\":[\"De Opini\u00f3n\"],\"inLanguage\":\"es\"},{\"@type\":\"WebPage\",\"@id\":\"https:\\\/\\\/lospoliticosveracruz.com\\\/?p=121326\",\"url\":\"https:\\\/\\\/lospoliticosveracruz.com\\\/?p=121326\",\"name\":\"LAS \\\"PLURIS\\\" DE DANTE Y MC - Los pol\u00edticos Veracruz\",\"isPartOf\":{\"@id\":\"https:\\\/\\\/lospoliticosveracruz.com\\\/#website\"},\"primaryImageOfPage\":{\"@id\":\"https:\\\/\\\/lospoliticosveracruz.com\\\/?p=121326#primaryimage\"},\"image\":{\"@id\":\"https:\\\/\\\/lospoliticosveracruz.com\\\/?p=121326#primaryimage\"},\"thumbnailUrl\":\"https:\\\/\\\/lospoliticosveracruz.com\\\/wp-content\\\/uploads\\\/2024\\\/03\\\/Ricardo-Chua.jpg\",\"datePublished\":\"2024-04-03T06:49:10+00:00\",\"dateModified\":\"2024-04-03T06:49:17+00:00\",\"breadcrumb\":{\"@id\":\"https:\\\/\\\/lospoliticosveracruz.com\\\/?p=121326#breadcrumb\"},\"inLanguage\":\"es\",\"potentialAction\":[{\"@type\":\"ReadAction\",\"target\":[\"https:\\\/\\\/lospoliticosveracruz.com\\\/?p=121326\"]}]},{\"@type\":\"ImageObject\",\"inLanguage\":\"es\",\"@id\":\"https:\\\/\\\/lospoliticosveracruz.com\\\/?p=121326#primaryimage\",\"url\":\"https:\\\/\\\/lospoliticosveracruz.com\\\/wp-content\\\/uploads\\\/2024\\\/03\\\/Ricardo-Chua.jpg\",\"contentUrl\":\"https:\\\/\\\/lospoliticosveracruz.com\\\/wp-content\\\/uploads\\\/2024\\\/03\\\/Ricardo-Chua.jpg\",\"width\":1250,\"height\":667},{\"@type\":\"BreadcrumbList\",\"@id\":\"https:\\\/\\\/lospoliticosveracruz.com\\\/?p=121326#breadcrumb\",\"itemListElement\":[{\"@type\":\"ListItem\",\"position\":1,\"name\":\"Portada\",\"item\":\"https:\\\/\\\/lospoliticosveracruz.com\\\/\"},{\"@type\":\"ListItem\",\"position\":2,\"name\":\"LAS \u00abPLURIS\u00bb DE DANTE Y MC\"}]},{\"@type\":\"WebSite\",\"@id\":\"https:\\\/\\\/lospoliticosveracruz.com\\\/#website\",\"url\":\"https:\\\/\\\/lospoliticosveracruz.com\\\/\",\"name\":\"Los pol\u00edticos Veracruz\",\"description\":\"\",\"publisher\":{\"@id\":\"https:\\\/\\\/lospoliticosveracruz.com\\\/#organization\"},\"potentialAction\":[{\"@type\":\"SearchAction\",\"target\":{\"@type\":\"EntryPoint\",\"urlTemplate\":\"https:\\\/\\\/lospoliticosveracruz.com\\\/?s={search_term_string}\"},\"query-input\":{\"@type\":\"PropertyValueSpecification\",\"valueRequired\":true,\"valueName\":\"search_term_string\"}}],\"inLanguage\":\"es\"},{\"@type\":\"Organization\",\"@id\":\"https:\\\/\\\/lospoliticosveracruz.com\\\/#organization\",\"name\":\"Los pol\u00edticos Veracruz\",\"url\":\"https:\\\/\\\/lospoliticosveracruz.com\\\/\",\"logo\":{\"@type\":\"ImageObject\",\"inLanguage\":\"es\",\"@id\":\"https:\\\/\\\/lospoliticosveracruz.com\\\/#\\\/schema\\\/logo\\\/image\\\/\",\"url\":\"https:\\\/\\\/lospoliticosveracruz.com\\\/wp-content\\\/uploads\\\/2025\\\/12\\\/Logo-Nuevo-LOS-POLITICOS-1.jpg\",\"contentUrl\":\"https:\\\/\\\/lospoliticosveracruz.com\\\/wp-content\\\/uploads\\\/2025\\\/12\\\/Logo-Nuevo-LOS-POLITICOS-1.jpg\",\"width\":260,\"height\":70,\"caption\":\"Los pol\u00edticos Veracruz\"},\"image\":{\"@id\":\"https:\\\/\\\/lospoliticosveracruz.com\\\/#\\\/schema\\\/logo\\\/image\\\/\"},\"sameAs\":[\"https:\\\/\\\/www.facebook.com\\\/people\\\/Notimemes-de-los-Polticos\\\/61565672886568\\\/\",\"https:\\\/\\\/x.com\\\/LosPoliticosVer\"]},{\"@type\":\"Person\",\"@id\":\"https:\\\/\\\/lospoliticosveracruz.com\\\/#\\\/schema\\\/person\\\/b8702bb0e538456e6efd07080bf2a4a2\",\"name\":\"Lo viste en Los Pol\u00edticos\",\"image\":{\"@type\":\"ImageObject\",\"inLanguage\":\"es\",\"@id\":\"https:\\\/\\\/secure.gravatar.com\\\/avatar\\\/3a8de04a2656d44082be478bd6c086daa447c4651605818287b9532d3d0bd435?s=96&d=mm&r=g\",\"url\":\"https:\\\/\\\/secure.gravatar.com\\\/avatar\\\/3a8de04a2656d44082be478bd6c086daa447c4651605818287b9532d3d0bd435?s=96&d=mm&r=g\",\"contentUrl\":\"https:\\\/\\\/secure.gravatar.com\\\/avatar\\\/3a8de04a2656d44082be478bd6c086daa447c4651605818287b9532d3d0bd435?s=96&d=mm&r=g\",\"caption\":\"Lo viste en Los Pol\u00edticos\"},\"url\":\"https:\\\/\\\/lospoliticosveracruz.com\\\/?author=2\"}]}<\/script>\n<!-- \/ Yoast SEO plugin. -->","yoast_head_json":{"title":"LAS \"PLURIS\" DE DANTE Y MC - Los pol\u00edticos Veracruz","robots":{"index":"index","follow":"follow","max-snippet":"max-snippet:-1","max-image-preview":"max-image-preview:large","max-video-preview":"max-video-preview:-1"},"canonical":"https:\/\/lospoliticosveracruz.com\/?p=121326","og_locale":"es_ES","og_type":"article","og_title":"LAS \"PLURIS\" DE DANTE Y MC - Los pol\u00edticos Veracruz","og_description":"Ricardo ChuaSale y ValeEXCLUSIVA\u2026 \u00abGarganta Profunda\u00bb mencion\u00f3 qui\u00e9nes ser\u00e1n, por lo menos, las 3 primeras personas que van en la lista de Movimiento Ciudadano como candidatos a diputado local para el pr\u00f3ximo Congreso del Estado.. Y como n\u00famero uno qued\u00f3 el ex alcalde de Boca del R\u00edo, Adr\u00edan Avila Estrada, gente de Dante Delgado, empresario [&hellip;]","og_url":"https:\/\/lospoliticosveracruz.com\/?p=121326","og_site_name":"Los pol\u00edticos Veracruz","article_publisher":"https:\/\/www.facebook.com\/people\/Notimemes-de-los-Polticos\/61565672886568\/","article_published_time":"2024-04-03T06:49:10+00:00","article_modified_time":"2024-04-03T06:49:17+00:00","og_image":[{"width":1250,"height":667,"url":"https:\/\/lospoliticosveracruz.com\/wp-content\/uploads\/2024\/03\/Ricardo-Chua.jpg","type":"image\/jpeg"}],"author":"Lo viste en Los Pol\u00edticos","twitter_card":"summary_large_image","twitter_creator":"@LosPoliticosVer","twitter_site":"@LosPoliticosVer","twitter_misc":{"Escrito por":"Lo viste en Los Pol\u00edticos","Tiempo de lectura":"5 minutos"},"schema":{"@context":"https:\/\/schema.org","@graph":[{"@type":"Article","@id":"https:\/\/lospoliticosveracruz.com\/?p=121326#article","isPartOf":{"@id":"https:\/\/lospoliticosveracruz.com\/?p=121326"},"author":{"name":"Lo viste en Los Pol\u00edticos","@id":"https:\/\/lospoliticosveracruz.com\/#\/schema\/person\/b8702bb0e538456e6efd07080bf2a4a2"},"headline":"LAS \u00abPLURIS\u00bb DE DANTE Y MC","datePublished":"2024-04-03T06:49:10+00:00","dateModified":"2024-04-03T06:49:17+00:00","mainEntityOfPage":{"@id":"https:\/\/lospoliticosveracruz.com\/?p=121326"},"wordCount":941,"publisher":{"@id":"https:\/\/lospoliticosveracruz.com\/#organization"},"image":{"@id":"https:\/\/lospoliticosveracruz.com\/?p=121326#primaryimage"},"thumbnailUrl":"https:\/\/lospoliticosveracruz.com\/wp-content\/uploads\/2024\/03\/Ricardo-Chua.jpg","keywords":["Elena C\u00f3rdova Molina","Ivonne Trujillo","Miguel Castillo","Movimiento Ciudadano","Pepe Yunes","Roc\u00edo Nahle"],"articleSection":["De Opini\u00f3n"],"inLanguage":"es"},{"@type":"WebPage","@id":"https:\/\/lospoliticosveracruz.com\/?p=121326","url":"https:\/\/lospoliticosveracruz.com\/?p=121326","name":"LAS \"PLURIS\" DE DANTE Y MC - Los pol\u00edticos Veracruz","isPartOf":{"@id":"https:\/\/lospoliticosveracruz.com\/#website"},"primaryImageOfPage":{"@id":"https:\/\/lospoliticosveracruz.com\/?p=121326#primaryimage"},"image":{"@id":"https:\/\/lospoliticosveracruz.com\/?p=121326#primaryimage"},"thumbnailUrl":"https:\/\/lospoliticosveracruz.com\/wp-content\/uploads\/2024\/03\/Ricardo-Chua.jpg","datePublished":"2024-04-03T06:49:10+00:00","dateModified":"2024-04-03T06:49:17+00:00","breadcrumb":{"@id":"https:\/\/lospoliticosveracruz.com\/?p=121326#breadcrumb"},"inLanguage":"es","potentialAction":[{"@type":"ReadAction","target":["https:\/\/lospoliticosveracruz.com\/?p=121326"]}]},{"@type":"ImageObject","inLanguage":"es","@id":"https:\/\/lospoliticosveracruz.com\/?p=121326#primaryimage","url":"https:\/\/lospoliticosveracruz.com\/wp-content\/uploads\/2024\/03\/Ricardo-Chua.jpg","contentUrl":"https:\/\/lospoliticosveracruz.com\/wp-content\/uploads\/2024\/03\/Ricardo-Chua.jpg","width":1250,"height":667},{"@type":"BreadcrumbList","@id":"https:\/\/lospoliticosveracruz.com\/?p=121326#breadcrumb","itemListElement":[{"@type":"ListItem","position":1,"name":"Portada","item":"https:\/\/lospoliticosveracruz.com\/"},{"@type":"ListItem","position":2,"name":"LAS \u00abPLURIS\u00bb DE DANTE Y MC"}]},{"@type":"WebSite","@id":"https:\/\/lospoliticosveracruz.com\/#website","url":"https:\/\/lospoliticosveracruz.com\/","name":"Los pol\u00edticos Veracruz","description":"","publisher":{"@id":"https:\/\/lospoliticosveracruz.com\/#organization"},"potentialAction":[{"@type":"SearchAction","target":{"@type":"EntryPoint","urlTemplate":"https:\/\/lospoliticosveracruz.com\/?s={search_term_string}"},"query-input":{"@type":"PropertyValueSpecification","valueRequired":true,"valueName":"search_term_string"}}],"inLanguage":"es"},{"@type":"Organization","@id":"https:\/\/lospoliticosveracruz.com\/#organization","name":"Los pol\u00edticos Veracruz","url":"https:\/\/lospoliticosveracruz.com\/","logo":{"@type":"ImageObject","inLanguage":"es","@id":"https:\/\/lospoliticosveracruz.com\/#\/schema\/logo\/image\/","url":"https:\/\/lospoliticosveracruz.com\/wp-content\/uploads\/2025\/12\/Logo-Nuevo-LOS-POLITICOS-1.jpg","contentUrl":"https:\/\/lospoliticosveracruz.com\/wp-content\/uploads\/2025\/12\/Logo-Nuevo-LOS-POLITICOS-1.jpg","width":260,"height":70,"caption":"Los pol\u00edticos Veracruz"},"image":{"@id":"https:\/\/lospoliticosveracruz.com\/#\/schema\/logo\/image\/"},"sameAs":["https:\/\/www.facebook.com\/people\/Notimemes-de-los-Polticos\/61565672886568\/","https:\/\/x.com\/LosPoliticosVer"]},{"@type":"Person","@id":"https:\/\/lospoliticosveracruz.com\/#\/schema\/person\/b8702bb0e538456e6efd07080bf2a4a2","name":"Lo viste en Los Pol\u00edticos","image":{"@type":"ImageObject","inLanguage":"es","@id":"https:\/\/secure.gravatar.com\/avatar\/3a8de04a2656d44082be478bd6c086daa447c4651605818287b9532d3d0bd435?s=96&d=mm&r=g","url":"https:\/\/secure.gravatar.com\/avatar\/3a8de04a2656d44082be478bd6c086daa447c4651605818287b9532d3d0bd435?s=96&d=mm&r=g","contentUrl":"https:\/\/secure.gravatar.com\/avatar\/3a8de04a2656d44082be478bd6c086daa447c4651605818287b9532d3d0bd435?s=96&d=mm&r=g","caption":"Lo viste en Los Pol\u00edticos"},"url":"https:\/\/lospoliticosveracruz.com\/?author=2"}]}},"_links":{"self":[{"href":"https:\/\/lospoliticosveracruz.com\/index.php?rest_route=\/wp\/v2\/posts\/121326","targetHints":{"allow":["GET"]}}],"collection":[{"href":"https:\/\/lospoliticosveracruz.com\/index.php?rest_route=\/wp\/v2\/posts"}],"about":[{"href":"https:\/\/lospoliticosveracruz.com\/index.php?rest_route=\/wp\/v2\/types\/post"}],"author":[{"embeddable":true,"href":"https:\/\/lospoliticosveracruz.com\/index.php?rest_route=\/wp\/v2\/users\/2"}],"replies":[{"embeddable":true,"href":"https:\/\/lospoliticosveracruz.com\/index.php?rest_route=%2Fwp%2Fv2%2Fcomments&post=121326"}],"version-history":[{"count":1,"href":"https:\/\/lospoliticosveracruz.com\/index.php?rest_route=\/wp\/v2\/posts\/121326\/revisions"}],"predecessor-version":[{"id":121327,"href":"https:\/\/lospoliticosveracruz.com\/index.php?rest_route=\/wp\/v2\/posts\/121326\/revisions\/121327"}],"wp:featuredmedia":[{"embeddable":true,"href":"https:\/\/lospoliticosveracruz.com\/index.php?rest_route=\/wp\/v2\/media\/119817"}],"wp:attachment":[{"href":"https:\/\/lospoliticosveracruz.com\/index.php?rest_route=%2Fwp%2Fv2%2Fmedia&parent=121326"}],"wp:term":[{"taxonomy":"category","embeddable":true,"href":"https:\/\/lospoliticosveracruz.com\/index.php?rest_route=%2Fwp%2Fv2%2Fcategories&post=121326"},{"taxonomy":"post_tag","embeddable":true,"href":"https:\/\/lospoliticosveracruz.com\/index.php?rest_route=%2Fwp%2Fv2%2Ftags&post=121326"}],"curies":[{"name":"wp","href":"https:\/\/api.w.org\/{rel}","templated":true}]}}